{"id":18770,"date":"2022-09-26T20:26:13","date_gmt":"2022-09-26T20:26:13","guid":{"rendered":"https:\/\/appsaf.apieproject.com\/news\/?p=18770"},"modified":"2022-09-26T20:26:14","modified_gmt":"2022-09-26T20:26:14","slug":"les-createurs-jacques-bam-et-muyishime-edi-patrick-sacres-ex-aequo-designers-africa-fashion-up-2022-2","status":"publish","type":"post","link":"https:\/\/appsaf.apieproject.com\/news\/fr\/2022\/09\/26\/les-createurs-jacques-bam-et-muyishime-edi-patrick-sacres-ex-aequo-designers-africa-fashion-up-2022-2\/","title":{"rendered":"Les Cr\u00e9ateurs Jacques Bam Et Muyishime Edi Patrick Sacr\u00e9s Ex-Aequo \u00ab Designers Africa Fashion Up 2022 \u00bb"},"content":{"rendered":"<p>Le vendredi 16 septembre dernier, \u00e0 l\u2019issue d\u2019un d\u00e9fil\u00e9 exceptionnel organis\u00e9 \u00e0 l\u2019H\u00f4tel Salomon de Rothschild \u00e0 Paris, le jury du programme Africa Fashion Up a d\u00e9sign\u00e9 deux gagnants ex-aequo parmi les cinq cr\u00e9ateurs finalistes : le jeune cr\u00e9ateur sud-africain Jacques Bam et le cr\u00e9ateur rwandais Muyishime Edi Patrick. Chacun a \u00e9t\u00e9 sacr\u00e9 \u00ab Designer Africa Fashion Up 2022 \u00bb. Cr\u00e9\u00e9 \u00e0 l\u2019initiative de Val\u00e9rie Ka, top model international, Africa Fashion Up est con\u00e7u \u00e0 la fois comme un programme et un d\u00e9fil\u00e9 dont le but est d\u2019accompagner la mode contemporaine africaine en pleine effervescence. Cette \u00e9dition a \u00e9t\u00e9 soutenue par Balenciaga, Binance Charity, Galeries Lafayette Paris Haussmann, Sisley et HEC Paris, partenaires, et du c\u00f4t\u00e9 des m\u00e9dias par Trace, Brut, France M\u00e9dias Monde, le magazine Brune et 35\u00b0Nord.<\/p>\n<p>\u00c0 la suite de ce grand d\u00e9fil\u00e9, les cinq laur\u00e9ats de cette \u00e9dition 2022 auront la chance de b\u00e9n\u00e9ficier d\u2019un accompagnement personnalis\u00e9 pendant quatre mois propos\u00e9 par Balenciaga et d\u2019un module de formation d\u00e9livr\u00e9 par l\u2019\u00e9cole de management HEC Paris<\/p>\n<p>Jacques Bam et Muyishime Edi Patrick ont su convaincre le jury tant par la qualit\u00e9 des pi\u00e8ces pr\u00e9sent\u00e9es que par les marqueurs forts de leur style, leur concept attentif \u00e0 la notion de durabilit\u00e9 ainsi que leurs coupes textur\u00e9es et color\u00e9es.<\/p>\n<p>Les collections des deux grands gagnants ont \u00e9t\u00e9 pr\u00e9sent\u00e9es durant le d\u00e9fil\u00e9 aux c\u00f4t\u00e9s de celles des autres laur\u00e9ats de cette \u00e9dition 2022 : Jean-C\u00e9dric Sow (Congo), Mina Binebine (Maroc) et Ibrahim Fernandez (C\u00f4te d\u2019Ivoire). Emmanuel Okoro, Designer Africa Fashion Up 2021 (Nigeria) et Clarisse Hieraix (France) ont aussi pris part au d\u00e9fil\u00e9 en tant que cr\u00e9ateurs invit\u00e9s.<\/p>\n<p>Lors de leur s\u00e9jour \u00e0 Paris, les cinq laur\u00e9ats ont particip\u00e9 \u00e0 quatre journ\u00e9es d\u2019immersion dans les coulisses de la mode \u00e0 travers une s\u00e9rie de visites. La maison de haute couture Balenciaga a ouvert ses portes \u00e0 ces talents prometteurs et ses \u00e9quipes ont ainsi eu l\u2019occasion de leur dispenser des masterclasses. Les laur\u00e9ats sont \u00e9galement partis \u00e0 la d\u00e9couverte des grandes maisons de luxe Galeries Lafayette et Sisley et ont \u00e9t\u00e9 re\u00e7us par les \u00e9quipes de direction. De plus, Binance Charity ainterview\u00e9 les laur\u00e9ats et diffus\u00e9 ces entretiens via ses comptes tr\u00e8s suivis sur les r\u00e9seaux sociaux. Enfin, les cr\u00e9ateurs ont eu l\u2019honneur d\u2019intervenir lors d\u2019une table ronde consacr\u00e9e au Luxe en Afrique, organis\u00e9e par le Master Marketing New Luxury et Art de vivre de Sciences Po Paris.<\/p>\n","protected":false},"excerpt":{"rendered":"<p>Dans la soir\u00e9e du vendredi 16 septembre 2022, les jeunes cr\u00e9ateurs sud-africain Jacques Bam et rwandais Muyishime Edi Patrick se sont vu d\u00e9cerner chacun le Prix \u00ab Designer Africa Fashion Up 2022 \u00bb, remis par Balenciaga.<\/p>\n","protected":false},"author":12963,"featured_media":18767,"comment_status":"open","ping_status":"open","sticky":false,"template":"","format":"standard","meta":{"footnotes":""},"categories":[57,63],"tags":[78,95,94],"class_list":{"0":"post-18770","1":"post","2":"type-post","3":"status-publish","4":"format-standard","5":"has-post-thumbnail","7":"category-mode","8":"category-mode-de-vie","9":"tag-apie-project-2","10":"tag-mode","11":"tag-mode-de-vie"},"yoast_head":"<!-- This site is optimized with the Yoast SEO plugin v24.4 - https:\/\/yoast.com\/wordpress\/plugins\/seo\/ -->\n<title>Les Cr\u00e9ateurs Jacques Bam Et Muyishime Edi Patrick Sacr\u00e9s Ex-Aequo \u00ab Designers Africa Fashion Up 2022 \u00bb - APIE NEWS<\/title>\n<meta name=\"robots\" content=\"index, follow, max-snippet:-1, max-image-preview:large, max-video-preview:-1\" \/>\n<link rel=\"canonical\" href=\"https:\/\/appsaf.apieproject.com\/news\/fr\/2022\/09\/26\/les-createurs-jacques-bam-et-muyishime-edi-patrick-sacres-ex-aequo-designers-africa-fashion-up-2022-2\/\" \/>\n<meta property=\"og:locale\" content=\"fr_FR\" \/>\n<meta property=\"og:type\" content=\"article\" \/>\n<meta property=\"og:title\" content=\"Les Cr\u00e9ateurs Jacques Bam Et Muyishime Edi Patrick Sacr\u00e9s Ex-Aequo \u00ab Designers Africa Fashion Up 2022 \u00bb - APIE NEWS\" \/>\n<meta property=\"og:description\" content=\"Dans la soir\u00e9e du vendredi 16 septembre 2022, les jeunes cr\u00e9ateurs sud-africain Jacques Bam et rwandais Muyishime Edi Patrick se sont vu d\u00e9cerner chacun le Prix \u00ab Designer Africa Fashion Up 2022 \u00bb, remis par Balenciaga.\" \/>\n<meta property=\"og:url\" content=\"https:\/\/appsaf.apieproject.com\/news\/fr\/2022\/09\/26\/les-createurs-jacques-bam-et-muyishime-edi-patrick-sacres-ex-aequo-designers-africa-fashion-up-2022-2\/\" \/>\n<meta property=\"og:site_name\" content=\"APIE NEWS\" \/>\n<meta property=\"article:publisher\" content=\"https:\/\/facebook.com\/apieproject\" \/>\n<meta property=\"article:published_time\" content=\"2022-09-26T20:26:13+00:00\" \/>\n<meta property=\"article:modified_time\" content=\"2022-09-26T20:26:14+00:00\" \/>\n<meta property=\"og:image\" content=\"https:\/\/appsaf.apieproject.com\/news\/wp-content\/uploads\/sites\/29\/2022\/09\/lssf-75ef70089be07fe980dd677353604bd4.jpg\" \/>\n\t<meta property=\"og:image:width\" content=\"457\" \/>\n\t<meta property=\"og:image:height\" content=\"345\" \/>\n\t<meta property=\"og:image:type\" content=\"image\/jpeg\" \/>\n<meta name=\"author\" content=\"staff\" \/>\n<meta name=\"twitter:card\" content=\"summary_large_image\" \/>\n<meta name=\"twitter:creator\" content=\"@apieproject\" \/>\n<meta name=\"twitter:site\" content=\"@apieproject\" \/>\n<meta name=\"twitter:label1\" content=\"\u00c9crit par\" \/>\n\t<meta name=\"twitter:data1\" content=\"staff\" \/>\n\t<meta name=\"twitter:label2\" content=\"Dur\u00e9e de lecture estim\u00e9e\" \/>\n\t<meta name=\"twitter:data2\" content=\"3 minutes\" \/>\n<script type=\"application\/ld+json\" class=\"yoast-schema-graph\">{\"@context\":\"https:\/\/schema.org\",\"@graph\":[{\"@type\":\"Article\",\"@id\":\"https:\/\/appsaf.apieproject.com\/news\/fr\/2022\/09\/26\/les-createurs-jacques-bam-et-muyishime-edi-patrick-sacres-ex-aequo-designers-africa-fashion-up-2022-2\/#article\",\"isPartOf\":{\"@id\":\"https:\/\/appsaf.apieproject.com\/news\/fr\/2022\/09\/26\/les-createurs-jacques-bam-et-muyishime-edi-patrick-sacres-ex-aequo-designers-africa-fashion-up-2022-2\/\"},\"author\":{\"name\":\"staff\",\"@id\":\"https:\/\/appsaf.apieproject.com\/news\/#\/schema\/person\/399517cac378948cd7b39086f9ddc2a7\"},\"headline\":\"Les Cr\u00e9ateurs Jacques Bam Et Muyishime Edi Patrick Sacr\u00e9s Ex-Aequo \u00ab Designers Africa Fashion Up 2022 \u00bb\",\"datePublished\":\"2022-09-26T20:26:13+00:00\",\"dateModified\":\"2022-09-26T20:26:14+00:00\",\"mainEntityOfPage\":{\"@id\":\"https:\/\/appsaf.apieproject.com\/news\/fr\/2022\/09\/26\/les-createurs-jacques-bam-et-muyishime-edi-patrick-sacres-ex-aequo-designers-africa-fashion-up-2022-2\/\"},\"wordCount\":453,\"commentCount\":0,\"publisher\":{\"@id\":\"https:\/\/appsaf.apieproject.com\/news\/#organization\"},\"image\":{\"@id\":\"https:\/\/appsaf.apieproject.com\/news\/fr\/2022\/09\/26\/les-createurs-jacques-bam-et-muyishime-edi-patrick-sacres-ex-aequo-designers-africa-fashion-up-2022-2\/#primaryimage\"},\"thumbnailUrl\":\"https:\/\/appsaf.apieproject.com\/news\/wp-content\/uploads\/sites\/29\/2022\/09\/lssf-75ef70089be07fe980dd677353604bd4.jpg\",\"keywords\":[\"apie project\",\"mode\",\"mode de vie\"],\"articleSection\":[\"Mode\",\"Mode de Vie\"],\"inLanguage\":\"fr-FR\",\"potentialAction\":[{\"@type\":\"CommentAction\",\"name\":\"Comment\",\"target\":[\"https:\/\/appsaf.apieproject.com\/news\/fr\/2022\/09\/26\/les-createurs-jacques-bam-et-muyishime-edi-patrick-sacres-ex-aequo-designers-africa-fashion-up-2022-2\/#respond\"]}]},{\"@type\":\"WebPage\",\"@id\":\"https:\/\/appsaf.apieproject.com\/news\/fr\/2022\/09\/26\/les-createurs-jacques-bam-et-muyishime-edi-patrick-sacres-ex-aequo-designers-africa-fashion-up-2022-2\/\",\"url\":\"https:\/\/appsaf.apieproject.com\/news\/fr\/2022\/09\/26\/les-createurs-jacques-bam-et-muyishime-edi-patrick-sacres-ex-aequo-designers-africa-fashion-up-2022-2\/\",\"name\":\"Les Cr\u00e9ateurs Jacques Bam Et Muyishime Edi Patrick Sacr\u00e9s Ex-Aequo \u00ab Designers Africa Fashion Up 2022 \u00bb - APIE NEWS\",\"isPartOf\":{\"@id\":\"https:\/\/appsaf.apieproject.com\/news\/#website\"},\"primaryImageOfPage\":{\"@id\":\"https:\/\/appsaf.apieproject.com\/news\/fr\/2022\/09\/26\/les-createurs-jacques-bam-et-muyishime-edi-patrick-sacres-ex-aequo-designers-africa-fashion-up-2022-2\/#primaryimage\"},\"image\":{\"@id\":\"https:\/\/appsaf.apieproject.com\/news\/fr\/2022\/09\/26\/les-createurs-jacques-bam-et-muyishime-edi-patrick-sacres-ex-aequo-designers-africa-fashion-up-2022-2\/#primaryimage\"},\"thumbnailUrl\":\"https:\/\/appsaf.apieproject.com\/news\/wp-content\/uploads\/sites\/29\/2022\/09\/lssf-75ef70089be07fe980dd677353604bd4.jpg\",\"datePublished\":\"2022-09-26T20:26:13+00:00\",\"dateModified\":\"2022-09-26T20:26:14+00:00\",\"breadcrumb\":{\"@id\":\"https:\/\/appsaf.apieproject.com\/news\/fr\/2022\/09\/26\/les-createurs-jacques-bam-et-muyishime-edi-patrick-sacres-ex-aequo-designers-africa-fashion-up-2022-2\/#breadcrumb\"},\"inLanguage\":\"fr-FR\",\"potentialAction\":[{\"@type\":\"ReadAction\",\"target\":[\"https:\/\/appsaf.apieproject.com\/news\/fr\/2022\/09\/26\/les-createurs-jacques-bam-et-muyishime-edi-patrick-sacres-ex-aequo-designers-africa-fashion-up-2022-2\/\"]}]},{\"@type\":\"ImageObject\",\"inLanguage\":\"fr-FR\",\"@id\":\"https:\/\/appsaf.apieproject.com\/news\/fr\/2022\/09\/26\/les-createurs-jacques-bam-et-muyishime-edi-patrick-sacres-ex-aequo-designers-africa-fashion-up-2022-2\/#primaryimage\",\"url\":\"https:\/\/appsaf.apieproject.com\/news\/wp-content\/uploads\/sites\/29\/2022\/09\/lssf-75ef70089be07fe980dd677353604bd4.jpg\",\"contentUrl\":\"https:\/\/appsaf.apieproject.com\/news\/wp-content\/uploads\/sites\/29\/2022\/09\/lssf-75ef70089be07fe980dd677353604bd4.jpg\",\"width\":457,\"height\":345},{\"@type\":\"BreadcrumbList\",\"@id\":\"https:\/\/appsaf.apieproject.com\/news\/fr\/2022\/09\/26\/les-createurs-jacques-bam-et-muyishime-edi-patrick-sacres-ex-aequo-designers-africa-fashion-up-2022-2\/#breadcrumb\",\"itemListElement\":[{\"@type\":\"ListItem\",\"position\":1,\"name\":\"Home\",\"item\":\"https:\/\/appsaf.apieproject.com\/news\/fr\/home\/\"},{\"@type\":\"ListItem\",\"position\":2,\"name\":\"Les Cr\u00e9ateurs Jacques Bam Et Muyishime Edi Patrick Sacr\u00e9s Ex-Aequo \u00ab Designers Africa Fashion Up 2022 \u00bb\"}]},{\"@type\":\"WebSite\",\"@id\":\"https:\/\/appsaf.apieproject.com\/news\/#website\",\"url\":\"https:\/\/appsaf.apieproject.com\/news\/\",\"name\":\"APIE NEWS\",\"description\":\"PANAFRICANISM NEWS PORTAL\",\"publisher\":{\"@id\":\"https:\/\/appsaf.apieproject.com\/news\/#organization\"},\"potentialAction\":[{\"@type\":\"SearchAction\",\"target\":{\"@type\":\"EntryPoint\",\"urlTemplate\":\"https:\/\/appsaf.apieproject.com\/news\/?s={search_term_string}\"},\"query-input\":{\"@type\":\"PropertyValueSpecification\",\"valueRequired\":true,\"valueName\":\"search_term_string\"}}],\"inLanguage\":\"fr-FR\"},{\"@type\":\"Organization\",\"@id\":\"https:\/\/appsaf.apieproject.com\/news\/#organization\",\"name\":\"APIE PROJECT\",\"url\":\"https:\/\/appsaf.apieproject.com\/news\/\",\"logo\":{\"@type\":\"ImageObject\",\"inLanguage\":\"fr-FR\",\"@id\":\"https:\/\/appsaf.apieproject.com\/news\/#\/schema\/logo\/image\/\",\"url\":\"https:\/\/appsaf.apieproject.com\/news\/wp-content\/uploads\/sites\/29\/2022\/07\/logo-R-TransparentBackground.png\",\"contentUrl\":\"https:\/\/appsaf.apieproject.com\/news\/wp-content\/uploads\/sites\/29\/2022\/07\/logo-R-TransparentBackground.png\",\"width\":512,\"height\":512,\"caption\":\"APIE PROJECT\"},\"image\":{\"@id\":\"https:\/\/appsaf.apieproject.com\/news\/#\/schema\/logo\/image\/\"},\"sameAs\":[\"https:\/\/facebook.com\/apieproject\",\"https:\/\/x.com\/apieproject\"]},{\"@type\":\"Person\",\"@id\":\"https:\/\/appsaf.apieproject.com\/news\/#\/schema\/person\/399517cac378948cd7b39086f9ddc2a7\",\"name\":\"staff\",\"image\":{\"@type\":\"ImageObject\",\"inLanguage\":\"fr-FR\",\"@id\":\"https:\/\/appsaf.apieproject.com\/news\/#\/schema\/person\/image\/\",\"url\":\"https:\/\/secure.gravatar.com\/avatar\/5386283c5db150efe261184bd59f072a?s=96&d=mm&r=g\",\"contentUrl\":\"https:\/\/secure.gravatar.com\/avatar\/5386283c5db150efe261184bd59f072a?s=96&d=mm&r=g\",\"caption\":\"staff\"},\"url\":\"https:\/\/appsaf.apieproject.com\/news\/fr\/author\/staff\/\"}]}<\/script>\n<!-- \/ Yoast SEO plugin. -->","yoast_head_json":{"title":"Les Cr\u00e9ateurs Jacques Bam Et Muyishime Edi Patrick Sacr\u00e9s Ex-Aequo \u00ab Designers Africa Fashion Up 2022 \u00bb - APIE NEWS","robots":{"index":"index","follow":"follow","max-snippet":"max-snippet:-1","max-image-preview":"max-image-preview:large","max-video-preview":"max-video-preview:-1"},"canonical":"https:\/\/appsaf.apieproject.com\/news\/fr\/2022\/09\/26\/les-createurs-jacques-bam-et-muyishime-edi-patrick-sacres-ex-aequo-designers-africa-fashion-up-2022-2\/","og_locale":"fr_FR","og_type":"article","og_title":"Les Cr\u00e9ateurs Jacques Bam Et Muyishime Edi Patrick Sacr\u00e9s Ex-Aequo \u00ab Designers Africa Fashion Up 2022 \u00bb - APIE NEWS","og_description":"Dans la soir\u00e9e du vendredi 16 septembre 2022, les jeunes cr\u00e9ateurs sud-africain Jacques Bam et rwandais Muyishime Edi Patrick se sont vu d\u00e9cerner chacun le Prix \u00ab Designer Africa Fashion Up 2022 \u00bb, remis par Balenciaga.","og_url":"https:\/\/appsaf.apieproject.com\/news\/fr\/2022\/09\/26\/les-createurs-jacques-bam-et-muyishime-edi-patrick-sacres-ex-aequo-designers-africa-fashion-up-2022-2\/","og_site_name":"APIE NEWS","article_publisher":"https:\/\/facebook.com\/apieproject","article_published_time":"2022-09-26T20:26:13+00:00","article_modified_time":"2022-09-26T20:26:14+00:00","og_image":[{"width":457,"height":345,"url":"https:\/\/appsaf.apieproject.com\/news\/wp-content\/uploads\/sites\/29\/2022\/09\/lssf-75ef70089be07fe980dd677353604bd4.jpg","type":"image\/jpeg"}],"author":"staff","twitter_card":"summary_large_image","twitter_creator":"@apieproject","twitter_site":"@apieproject","twitter_misc":{"\u00c9crit par":"staff","Dur\u00e9e de lecture estim\u00e9e":"3 minutes"},"schema":{"@context":"https:\/\/schema.org","@graph":[{"@type":"Article","@id":"https:\/\/appsaf.apieproject.com\/news\/fr\/2022\/09\/26\/les-createurs-jacques-bam-et-muyishime-edi-patrick-sacres-ex-aequo-designers-africa-fashion-up-2022-2\/#article","isPartOf":{"@id":"https:\/\/appsaf.apieproject.com\/news\/fr\/2022\/09\/26\/les-createurs-jacques-bam-et-muyishime-edi-patrick-sacres-ex-aequo-designers-africa-fashion-up-2022-2\/"},"author":{"name":"staff","@id":"https:\/\/appsaf.apieproject.com\/news\/#\/schema\/person\/399517cac378948cd7b39086f9ddc2a7"},"headline":"Les Cr\u00e9ateurs Jacques Bam Et Muyishime Edi Patrick Sacr\u00e9s Ex-Aequo \u00ab Designers Africa Fashion Up 2022 \u00bb","datePublished":"2022-09-26T20:26:13+00:00","dateModified":"2022-09-26T20:26:14+00:00","mainEntityOfPage":{"@id":"https:\/\/appsaf.apieproject.com\/news\/fr\/2022\/09\/26\/les-createurs-jacques-bam-et-muyishime-edi-patrick-sacres-ex-aequo-designers-africa-fashion-up-2022-2\/"},"wordCount":453,"commentCount":0,"publisher":{"@id":"https:\/\/appsaf.apieproject.com\/news\/#organization"},"image":{"@id":"https:\/\/appsaf.apieproject.com\/news\/fr\/2022\/09\/26\/les-createurs-jacques-bam-et-muyishime-edi-patrick-sacres-ex-aequo-designers-africa-fashion-up-2022-2\/#primaryimage"},"thumbnailUrl":"https:\/\/appsaf.apieproject.com\/news\/wp-content\/uploads\/sites\/29\/2022\/09\/lssf-75ef70089be07fe980dd677353604bd4.jpg","keywords":["apie project","mode","mode de vie"],"articleSection":["Mode","Mode de Vie"],"inLanguage":"fr-FR","potentialAction":[{"@type":"CommentAction","name":"Comment","target":["https:\/\/appsaf.apieproject.com\/news\/fr\/2022\/09\/26\/les-createurs-jacques-bam-et-muyishime-edi-patrick-sacres-ex-aequo-designers-africa-fashion-up-2022-2\/#respond"]}]},{"@type":"WebPage","@id":"https:\/\/appsaf.apieproject.com\/news\/fr\/2022\/09\/26\/les-createurs-jacques-bam-et-muyishime-edi-patrick-sacres-ex-aequo-designers-africa-fashion-up-2022-2\/","url":"https:\/\/appsaf.apieproject.com\/news\/fr\/2022\/09\/26\/les-createurs-jacques-bam-et-muyishime-edi-patrick-sacres-ex-aequo-designers-africa-fashion-up-2022-2\/","name":"Les Cr\u00e9ateurs Jacques Bam Et Muyishime Edi Patrick Sacr\u00e9s Ex-Aequo \u00ab Designers Africa Fashion Up 2022 \u00bb - APIE NEWS","isPartOf":{"@id":"https:\/\/appsaf.apieproject.com\/news\/#website"},"primaryImageOfPage":{"@id":"https:\/\/appsaf.apieproject.com\/news\/fr\/2022\/09\/26\/les-createurs-jacques-bam-et-muyishime-edi-patrick-sacres-ex-aequo-designers-africa-fashion-up-2022-2\/#primaryimage"},"image":{"@id":"https:\/\/appsaf.apieproject.com\/news\/fr\/2022\/09\/26\/les-createurs-jacques-bam-et-muyishime-edi-patrick-sacres-ex-aequo-designers-africa-fashion-up-2022-2\/#primaryimage"},"thumbnailUrl":"https:\/\/appsaf.apieproject.com\/news\/wp-content\/uploads\/sites\/29\/2022\/09\/lssf-75ef70089be07fe980dd677353604bd4.jpg","datePublished":"2022-09-26T20:26:13+00:00","dateModified":"2022-09-26T20:26:14+00:00","breadcrumb":{"@id":"https:\/\/appsaf.apieproject.com\/news\/fr\/2022\/09\/26\/les-createurs-jacques-bam-et-muyishime-edi-patrick-sacres-ex-aequo-designers-africa-fashion-up-2022-2\/#breadcrumb"},"inLanguage":"fr-FR","potentialAction":[{"@type":"ReadAction","target":["https:\/\/appsaf.apieproject.com\/news\/fr\/2022\/09\/26\/les-createurs-jacques-bam-et-muyishime-edi-patrick-sacres-ex-aequo-designers-africa-fashion-up-2022-2\/"]}]},{"@type":"ImageObject","inLanguage":"fr-FR","@id":"https:\/\/appsaf.apieproject.com\/news\/fr\/2022\/09\/26\/les-createurs-jacques-bam-et-muyishime-edi-patrick-sacres-ex-aequo-designers-africa-fashion-up-2022-2\/#primaryimage","url":"https:\/\/appsaf.apieproject.com\/news\/wp-content\/uploads\/sites\/29\/2022\/09\/lssf-75ef70089be07fe980dd677353604bd4.jpg","contentUrl":"https:\/\/appsaf.apieproject.com\/news\/wp-content\/uploads\/sites\/29\/2022\/09\/lssf-75ef70089be07fe980dd677353604bd4.jpg","width":457,"height":345},{"@type":"BreadcrumbList","@id":"https:\/\/appsaf.apieproject.com\/news\/fr\/2022\/09\/26\/les-createurs-jacques-bam-et-muyishime-edi-patrick-sacres-ex-aequo-designers-africa-fashion-up-2022-2\/#breadcrumb","itemListElement":[{"@type":"ListItem","position":1,"name":"Home","item":"https:\/\/appsaf.apieproject.com\/news\/fr\/home\/"},{"@type":"ListItem","position":2,"name":"Les Cr\u00e9ateurs Jacques Bam Et Muyishime Edi Patrick Sacr\u00e9s Ex-Aequo \u00ab Designers Africa Fashion Up 2022 \u00bb"}]},{"@type":"WebSite","@id":"https:\/\/appsaf.apieproject.com\/news\/#website","url":"https:\/\/appsaf.apieproject.com\/news\/","name":"APIE NEWS","description":"PANAFRICANISM NEWS PORTAL","publisher":{"@id":"https:\/\/appsaf.apieproject.com\/news\/#organization"},"potentialAction":[{"@type":"SearchAction","target":{"@type":"EntryPoint","urlTemplate":"https:\/\/appsaf.apieproject.com\/news\/?s={search_term_string}"},"query-input":{"@type":"PropertyValueSpecification","valueRequired":true,"valueName":"search_term_string"}}],"inLanguage":"fr-FR"},{"@type":"Organization","@id":"https:\/\/appsaf.apieproject.com\/news\/#organization","name":"APIE PROJECT","url":"https:\/\/appsaf.apieproject.com\/news\/","logo":{"@type":"ImageObject","inLanguage":"fr-FR","@id":"https:\/\/appsaf.apieproject.com\/news\/#\/schema\/logo\/image\/","url":"https:\/\/appsaf.apieproject.com\/news\/wp-content\/uploads\/sites\/29\/2022\/07\/logo-R-TransparentBackground.png","contentUrl":"https:\/\/appsaf.apieproject.com\/news\/wp-content\/uploads\/sites\/29\/2022\/07\/logo-R-TransparentBackground.png","width":512,"height":512,"caption":"APIE PROJECT"},"image":{"@id":"https:\/\/appsaf.apieproject.com\/news\/#\/schema\/logo\/image\/"},"sameAs":["https:\/\/facebook.com\/apieproject","https:\/\/x.com\/apieproject"]},{"@type":"Person","@id":"https:\/\/appsaf.apieproject.com\/news\/#\/schema\/person\/399517cac378948cd7b39086f9ddc2a7","name":"staff","image":{"@type":"ImageObject","inLanguage":"fr-FR","@id":"https:\/\/appsaf.apieproject.com\/news\/#\/schema\/person\/image\/","url":"https:\/\/secure.gravatar.com\/avatar\/5386283c5db150efe261184bd59f072a?s=96&d=mm&r=g","contentUrl":"https:\/\/secure.gravatar.com\/avatar\/5386283c5db150efe261184bd59f072a?s=96&d=mm&r=g","caption":"staff"},"url":"https:\/\/appsaf.apieproject.com\/news\/fr\/author\/staff\/"}]}},"_links":{"self":[{"href":"https:\/\/appsaf.apieproject.com\/news\/fr\/wp-json\/wp\/v2\/posts\/18770","targetHints":{"allow":["GET"]}}],"collection":[{"href":"https:\/\/appsaf.apieproject.com\/news\/fr\/wp-json\/wp\/v2\/posts"}],"about":[{"href":"https:\/\/appsaf.apieproject.com\/news\/fr\/wp-json\/wp\/v2\/types\/post"}],"author":[{"embeddable":true,"href":"https:\/\/appsaf.apieproject.com\/news\/fr\/wp-json\/wp\/v2\/users\/12963"}],"replies":[{"embeddable":true,"href":"https:\/\/appsaf.apieproject.com\/news\/fr\/wp-json\/wp\/v2\/comments?post=18770"}],"version-history":[{"count":1,"href":"https:\/\/appsaf.apieproject.com\/news\/fr\/wp-json\/wp\/v2\/posts\/18770\/revisions"}],"predecessor-version":[{"id":18816,"href":"https:\/\/appsaf.apieproject.com\/news\/fr\/wp-json\/wp\/v2\/posts\/18770\/revisions\/18816"}],"wp:featuredmedia":[{"embeddable":true,"href":"https:\/\/appsaf.apieproject.com\/news\/fr\/wp-json\/wp\/v2\/media\/18767"}],"wp:attachment":[{"href":"https:\/\/appsaf.apieproject.com\/news\/fr\/wp-json\/wp\/v2\/media?parent=18770"}],"wp:term":[{"taxonomy":"category","embeddable":true,"href":"https:\/\/appsaf.apieproject.com\/news\/fr\/wp-json\/wp\/v2\/categories?post=18770"},{"taxonomy":"post_tag","embeddable":true,"href":"https:\/\/appsaf.apieproject.com\/news\/fr\/wp-json\/wp\/v2\/tags?post=18770"}],"curies":[{"name":"wp","href":"https:\/\/api.w.org\/{rel}","templated":true}]}}