{"id":19305,"date":"2022-10-01T11:40:34","date_gmt":"2022-10-01T11:40:34","guid":{"rendered":"https:\/\/appsaf.apieproject.com\/news\/?p=19305"},"modified":"2022-10-01T11:40:35","modified_gmt":"2022-10-01T11:40:35","slug":"israel-pret-a-partager-sa-technologie-nucleaire-avec-le-maroc","status":"publish","type":"post","link":"https:\/\/appsaf.apieproject.com\/news\/fr\/2022\/10\/01\/israel-pret-a-partager-sa-technologie-nucleaire-avec-le-maroc\/","title":{"rendered":"Isra\u00ebl \u00ab \u202fPr\u00eat\u202f \u00bb \u00c0 Partager Sa Technologie Nucl\u00e9aire Avec Le Maroc"},"content":{"rendered":"<p>Cette d\u00e9claration a \u00e9t\u00e9 faite dans le cadre de la 66\u1d49 Conf\u00e9rence g\u00e9n\u00e9rale de l\u2019Agence internationale de l\u2019\u00e9nergie qui s\u2019est tenue \u00e0 Vienne. Moshe Edri a affirm\u00e9 que c\u2019est un autre tournant dans les relations entre Isra\u00ebl et les pays arabes comme le Maroc, les \u00c9mirats arabes unis, Bahre\u00efn qui ont accept\u00e9 de signer un trait\u00e9 de paix avec l\u2019\u00c9tat h\u00e9breu, explique un communiqu\u00e9 publi\u00e9 par l\u2019IAEC.<\/p>\n<p>En se disant \u00ab pr\u00eat \u00bb \u00e0 partager sa technologie nucl\u00e9aire, Isra\u00ebl entend renforcer davantage les diff\u00e9rents accords de coop\u00e9ration sign\u00e9s avec ces pays depuis qu\u2019ils ont d\u00e9cid\u00e9s de r\u00e9tablir leurs relations. Dans son discours, le directeur g\u00e9n\u00e9ral de la commission isra\u00e9lienne de l\u2019\u00e9nergie atomique esp\u00e8re que les accords de normalisation sign\u00e9s en 2020 avec le Maroc, les \u00c9mirats arabes unis, Bahre\u00efn \u00ab ouvriront la voie \u00e0 un dialogue direct significatif dans la r\u00e9gion, y compris dans les forums nucl\u00e9aires \u00bb, soulignant que cette nouvelle coop\u00e9ration sera plac\u00e9e sous l\u2019\u00e9gide de l\u2019AIEA.<\/p>\n","protected":false},"excerpt":{"rendered":"<p>Les autorit\u00e9s isra\u00e9liennes se disent pr\u00eates \u00e0 mettre leur technologie nucl\u00e9aire \u00e0 la disposition des pays arabes qui ont normalis\u00e9 leurs relations avec l\u2019\u00c9tat h\u00e9breu, parmi lesquels se trouve le Maroc. C\u2019est ce qu\u2019a annonc\u00e9 mercredi, le directeur g\u00e9n\u00e9ral de la Commission isra\u00e9lienne de l\u2019\u00e9nergie atomique (IAEC), Moshe Edri.<\/p>\n","protected":false},"author":12963,"featured_media":19302,"comment_status":"open","ping_status":"open","sticky":false,"template":"","format":"standard","meta":{"footnotes":""},"categories":[67,73],"tags":[81,78,77],"class_list":{"0":"post-19305","1":"post","2":"type-post","3":"status-publish","4":"format-standard","5":"has-post-thumbnail","7":"category-actualites","8":"category-technologie","9":"tag-actualites","10":"tag-apie-project-2","11":"tag-technologie"},"yoast_head":"<!-- This site is optimized with the Yoast SEO plugin v24.4 - https:\/\/yoast.com\/wordpress\/plugins\/seo\/ -->\n<title>Isra\u00ebl \u00ab \u202fPr\u00eat\u202f \u00bb \u00c0 Partager Sa Technologie Nucl\u00e9aire Avec Le Maroc - APIE NEWS<\/title>\n<meta name=\"robots\" content=\"index, follow, max-snippet:-1, max-image-preview:large, max-video-preview:-1\" \/>\n<link rel=\"canonical\" href=\"https:\/\/appsaf.apieproject.com\/news\/fr\/2022\/10\/01\/israel-pret-a-partager-sa-technologie-nucleaire-avec-le-maroc\/\" \/>\n<meta property=\"og:locale\" content=\"fr_FR\" \/>\n<meta property=\"og:type\" content=\"article\" \/>\n<meta property=\"og:title\" content=\"Isra\u00ebl \u00ab \u202fPr\u00eat\u202f \u00bb \u00c0 Partager Sa Technologie Nucl\u00e9aire Avec Le Maroc - APIE NEWS\" \/>\n<meta property=\"og:description\" content=\"Les autorit\u00e9s isra\u00e9liennes se disent pr\u00eates \u00e0 mettre leur technologie nucl\u00e9aire \u00e0 la disposition des pays arabes qui ont normalis\u00e9 leurs relations avec l\u2019\u00c9tat h\u00e9breu, parmi lesquels se trouve le Maroc. C\u2019est ce qu\u2019a annonc\u00e9 mercredi, le directeur g\u00e9n\u00e9ral de la Commission isra\u00e9lienne de l\u2019\u00e9nergie atomique (IAEC), Moshe Edri.\" \/>\n<meta property=\"og:url\" content=\"https:\/\/appsaf.apieproject.com\/news\/fr\/2022\/10\/01\/israel-pret-a-partager-sa-technologie-nucleaire-avec-le-maroc\/\" \/>\n<meta property=\"og:site_name\" content=\"APIE NEWS\" \/>\n<meta property=\"article:publisher\" content=\"https:\/\/facebook.com\/apieproject\" \/>\n<meta property=\"article:published_time\" content=\"2022-10-01T11:40:34+00:00\" \/>\n<meta property=\"article:modified_time\" content=\"2022-10-01T11:40:35+00:00\" \/>\n<meta property=\"og:image\" content=\"https:\/\/appsaf.apieproject.com\/news\/wp-content\/uploads\/sites\/29\/2022\/09\/israel-technologie-nucleaire-maroc-2d14c-7cc279f1d38d06c92227a7a13da37107.jpg\" \/>\n\t<meta property=\"og:image:width\" content=\"800\" \/>\n\t<meta property=\"og:image:height\" content=\"500\" \/>\n\t<meta property=\"og:image:type\" content=\"image\/jpeg\" \/>\n<meta name=\"author\" content=\"staff\" \/>\n<meta name=\"twitter:card\" content=\"summary_large_image\" \/>\n<meta name=\"twitter:creator\" content=\"@apieproject\" \/>\n<meta name=\"twitter:site\" content=\"@apieproject\" \/>\n<meta name=\"twitter:label1\" content=\"\u00c9crit par\" \/>\n\t<meta name=\"twitter:data1\" content=\"staff\" \/>\n\t<meta name=\"twitter:label2\" content=\"Dur\u00e9e de lecture estim\u00e9e\" \/>\n\t<meta name=\"twitter:data2\" content=\"1 minute\" \/>\n<script type=\"application\/ld+json\" class=\"yoast-schema-graph\">{\"@context\":\"https:\/\/schema.org\",\"@graph\":[{\"@type\":\"Article\",\"@id\":\"https:\/\/appsaf.apieproject.com\/news\/fr\/2022\/10\/01\/israel-pret-a-partager-sa-technologie-nucleaire-avec-le-maroc\/#article\",\"isPartOf\":{\"@id\":\"https:\/\/appsaf.apieproject.com\/news\/fr\/2022\/10\/01\/israel-pret-a-partager-sa-technologie-nucleaire-avec-le-maroc\/\"},\"author\":{\"name\":\"staff\",\"@id\":\"https:\/\/appsaf.apieproject.com\/news\/#\/schema\/person\/399517cac378948cd7b39086f9ddc2a7\"},\"headline\":\"Isra\u00ebl \u00ab \u202fPr\u00eat\u202f \u00bb \u00c0 Partager Sa Technologie Nucl\u00e9aire Avec Le Maroc\",\"datePublished\":\"2022-10-01T11:40:34+00:00\",\"dateModified\":\"2022-10-01T11:40:35+00:00\",\"mainEntityOfPage\":{\"@id\":\"https:\/\/appsaf.apieproject.com\/news\/fr\/2022\/10\/01\/israel-pret-a-partager-sa-technologie-nucleaire-avec-le-maroc\/\"},\"wordCount\":198,\"commentCount\":0,\"publisher\":{\"@id\":\"https:\/\/appsaf.apieproject.com\/news\/#organization\"},\"image\":{\"@id\":\"https:\/\/appsaf.apieproject.com\/news\/fr\/2022\/10\/01\/israel-pret-a-partager-sa-technologie-nucleaire-avec-le-maroc\/#primaryimage\"},\"thumbnailUrl\":\"https:\/\/appsaf.apieproject.com\/news\/wp-content\/uploads\/sites\/29\/2022\/09\/israel-technologie-nucleaire-maroc-2d14c-7cc279f1d38d06c92227a7a13da37107.jpg\",\"keywords\":[\"actualites\",\"apie project\",\"technologie\"],\"articleSection\":[\"Actualit\u00e9s\",\"Technologie\"],\"inLanguage\":\"fr-FR\",\"potentialAction\":[{\"@type\":\"CommentAction\",\"name\":\"Comment\",\"target\":[\"https:\/\/appsaf.apieproject.com\/news\/fr\/2022\/10\/01\/israel-pret-a-partager-sa-technologie-nucleaire-avec-le-maroc\/#respond\"]}]},{\"@type\":\"WebPage\",\"@id\":\"https:\/\/appsaf.apieproject.com\/news\/fr\/2022\/10\/01\/israel-pret-a-partager-sa-technologie-nucleaire-avec-le-maroc\/\",\"url\":\"https:\/\/appsaf.apieproject.com\/news\/fr\/2022\/10\/01\/israel-pret-a-partager-sa-technologie-nucleaire-avec-le-maroc\/\",\"name\":\"Isra\u00ebl \u00ab \u202fPr\u00eat\u202f \u00bb \u00c0 Partager Sa Technologie Nucl\u00e9aire Avec Le Maroc - APIE NEWS\",\"isPartOf\":{\"@id\":\"https:\/\/appsaf.apieproject.com\/news\/#website\"},\"primaryImageOfPage\":{\"@id\":\"https:\/\/appsaf.apieproject.com\/news\/fr\/2022\/10\/01\/israel-pret-a-partager-sa-technologie-nucleaire-avec-le-maroc\/#primaryimage\"},\"image\":{\"@id\":\"https:\/\/appsaf.apieproject.com\/news\/fr\/2022\/10\/01\/israel-pret-a-partager-sa-technologie-nucleaire-avec-le-maroc\/#primaryimage\"},\"thumbnailUrl\":\"https:\/\/appsaf.apieproject.com\/news\/wp-content\/uploads\/sites\/29\/2022\/09\/israel-technologie-nucleaire-maroc-2d14c-7cc279f1d38d06c92227a7a13da37107.jpg\",\"datePublished\":\"2022-10-01T11:40:34+00:00\",\"dateModified\":\"2022-10-01T11:40:35+00:00\",\"breadcrumb\":{\"@id\":\"https:\/\/appsaf.apieproject.com\/news\/fr\/2022\/10\/01\/israel-pret-a-partager-sa-technologie-nucleaire-avec-le-maroc\/#breadcrumb\"},\"inLanguage\":\"fr-FR\",\"potentialAction\":[{\"@type\":\"ReadAction\",\"target\":[\"https:\/\/appsaf.apieproject.com\/news\/fr\/2022\/10\/01\/israel-pret-a-partager-sa-technologie-nucleaire-avec-le-maroc\/\"]}]},{\"@type\":\"ImageObject\",\"inLanguage\":\"fr-FR\",\"@id\":\"https:\/\/appsaf.apieproject.com\/news\/fr\/2022\/10\/01\/israel-pret-a-partager-sa-technologie-nucleaire-avec-le-maroc\/#primaryimage\",\"url\":\"https:\/\/appsaf.apieproject.com\/news\/wp-content\/uploads\/sites\/29\/2022\/09\/israel-technologie-nucleaire-maroc-2d14c-7cc279f1d38d06c92227a7a13da37107.jpg\",\"contentUrl\":\"https:\/\/appsaf.apieproject.com\/news\/wp-content\/uploads\/sites\/29\/2022\/09\/israel-technologie-nucleaire-maroc-2d14c-7cc279f1d38d06c92227a7a13da37107.jpg\",\"width\":800,\"height\":500},{\"@type\":\"BreadcrumbList\",\"@id\":\"https:\/\/appsaf.apieproject.com\/news\/fr\/2022\/10\/01\/israel-pret-a-partager-sa-technologie-nucleaire-avec-le-maroc\/#breadcrumb\",\"itemListElement\":[{\"@type\":\"ListItem\",\"position\":1,\"name\":\"Home\",\"item\":\"https:\/\/appsaf.apieproject.com\/news\/fr\/home\/\"},{\"@type\":\"ListItem\",\"position\":2,\"name\":\"Isra\u00ebl \u00ab \u202fPr\u00eat\u202f \u00bb \u00c0 Partager Sa Technologie Nucl\u00e9aire Avec Le Maroc\"}]},{\"@type\":\"WebSite\",\"@id\":\"https:\/\/appsaf.apieproject.com\/news\/#website\",\"url\":\"https:\/\/appsaf.apieproject.com\/news\/\",\"name\":\"APIE NEWS\",\"description\":\"PANAFRICANISM NEWS PORTAL\",\"publisher\":{\"@id\":\"https:\/\/appsaf.apieproject.com\/news\/#organization\"},\"potentialAction\":[{\"@type\":\"SearchAction\",\"target\":{\"@type\":\"EntryPoint\",\"urlTemplate\":\"https:\/\/appsaf.apieproject.com\/news\/?s={search_term_string}\"},\"query-input\":{\"@type\":\"PropertyValueSpecification\",\"valueRequired\":true,\"valueName\":\"search_term_string\"}}],\"inLanguage\":\"fr-FR\"},{\"@type\":\"Organization\",\"@id\":\"https:\/\/appsaf.apieproject.com\/news\/#organization\",\"name\":\"APIE PROJECT\",\"url\":\"https:\/\/appsaf.apieproject.com\/news\/\",\"logo\":{\"@type\":\"ImageObject\",\"inLanguage\":\"fr-FR\",\"@id\":\"https:\/\/appsaf.apieproject.com\/news\/#\/schema\/logo\/image\/\",\"url\":\"https:\/\/appsaf.apieproject.com\/news\/wp-content\/uploads\/sites\/29\/2022\/07\/logo-R-TransparentBackground.png\",\"contentUrl\":\"https:\/\/appsaf.apieproject.com\/news\/wp-content\/uploads\/sites\/29\/2022\/07\/logo-R-TransparentBackground.png\",\"width\":512,\"height\":512,\"caption\":\"APIE PROJECT\"},\"image\":{\"@id\":\"https:\/\/appsaf.apieproject.com\/news\/#\/schema\/logo\/image\/\"},\"sameAs\":[\"https:\/\/facebook.com\/apieproject\",\"https:\/\/x.com\/apieproject\"]},{\"@type\":\"Person\",\"@id\":\"https:\/\/appsaf.apieproject.com\/news\/#\/schema\/person\/399517cac378948cd7b39086f9ddc2a7\",\"name\":\"staff\",\"image\":{\"@type\":\"ImageObject\",\"inLanguage\":\"fr-FR\",\"@id\":\"https:\/\/appsaf.apieproject.com\/news\/#\/schema\/person\/image\/\",\"url\":\"https:\/\/secure.gravatar.com\/avatar\/5386283c5db150efe261184bd59f072a?s=96&d=mm&r=g\",\"contentUrl\":\"https:\/\/secure.gravatar.com\/avatar\/5386283c5db150efe261184bd59f072a?s=96&d=mm&r=g\",\"caption\":\"staff\"},\"url\":\"https:\/\/appsaf.apieproject.com\/news\/fr\/author\/staff\/\"}]}<\/script>\n<!-- \/ Yoast SEO plugin. -->","yoast_head_json":{"title":"Isra\u00ebl \u00ab \u202fPr\u00eat\u202f \u00bb \u00c0 Partager Sa Technologie Nucl\u00e9aire Avec Le Maroc - APIE NEWS","robots":{"index":"index","follow":"follow","max-snippet":"max-snippet:-1","max-image-preview":"max-image-preview:large","max-video-preview":"max-video-preview:-1"},"canonical":"https:\/\/appsaf.apieproject.com\/news\/fr\/2022\/10\/01\/israel-pret-a-partager-sa-technologie-nucleaire-avec-le-maroc\/","og_locale":"fr_FR","og_type":"article","og_title":"Isra\u00ebl \u00ab \u202fPr\u00eat\u202f \u00bb \u00c0 Partager Sa Technologie Nucl\u00e9aire Avec Le Maroc - APIE NEWS","og_description":"Les autorit\u00e9s isra\u00e9liennes se disent pr\u00eates \u00e0 mettre leur technologie nucl\u00e9aire \u00e0 la disposition des pays arabes qui ont normalis\u00e9 leurs relations avec l\u2019\u00c9tat h\u00e9breu, parmi lesquels se trouve le Maroc. C\u2019est ce qu\u2019a annonc\u00e9 mercredi, le directeur g\u00e9n\u00e9ral de la Commission isra\u00e9lienne de l\u2019\u00e9nergie atomique (IAEC), Moshe Edri.","og_url":"https:\/\/appsaf.apieproject.com\/news\/fr\/2022\/10\/01\/israel-pret-a-partager-sa-technologie-nucleaire-avec-le-maroc\/","og_site_name":"APIE NEWS","article_publisher":"https:\/\/facebook.com\/apieproject","article_published_time":"2022-10-01T11:40:34+00:00","article_modified_time":"2022-10-01T11:40:35+00:00","og_image":[{"width":800,"height":500,"url":"https:\/\/appsaf.apieproject.com\/news\/wp-content\/uploads\/sites\/29\/2022\/09\/israel-technologie-nucleaire-maroc-2d14c-7cc279f1d38d06c92227a7a13da37107.jpg","type":"image\/jpeg"}],"author":"staff","twitter_card":"summary_large_image","twitter_creator":"@apieproject","twitter_site":"@apieproject","twitter_misc":{"\u00c9crit par":"staff","Dur\u00e9e de lecture estim\u00e9e":"1 minute"},"schema":{"@context":"https:\/\/schema.org","@graph":[{"@type":"Article","@id":"https:\/\/appsaf.apieproject.com\/news\/fr\/2022\/10\/01\/israel-pret-a-partager-sa-technologie-nucleaire-avec-le-maroc\/#article","isPartOf":{"@id":"https:\/\/appsaf.apieproject.com\/news\/fr\/2022\/10\/01\/israel-pret-a-partager-sa-technologie-nucleaire-avec-le-maroc\/"},"author":{"name":"staff","@id":"https:\/\/appsaf.apieproject.com\/news\/#\/schema\/person\/399517cac378948cd7b39086f9ddc2a7"},"headline":"Isra\u00ebl \u00ab \u202fPr\u00eat\u202f \u00bb \u00c0 Partager Sa Technologie Nucl\u00e9aire Avec Le Maroc","datePublished":"2022-10-01T11:40:34+00:00","dateModified":"2022-10-01T11:40:35+00:00","mainEntityOfPage":{"@id":"https:\/\/appsaf.apieproject.com\/news\/fr\/2022\/10\/01\/israel-pret-a-partager-sa-technologie-nucleaire-avec-le-maroc\/"},"wordCount":198,"commentCount":0,"publisher":{"@id":"https:\/\/appsaf.apieproject.com\/news\/#organization"},"image":{"@id":"https:\/\/appsaf.apieproject.com\/news\/fr\/2022\/10\/01\/israel-pret-a-partager-sa-technologie-nucleaire-avec-le-maroc\/#primaryimage"},"thumbnailUrl":"https:\/\/appsaf.apieproject.com\/news\/wp-content\/uploads\/sites\/29\/2022\/09\/israel-technologie-nucleaire-maroc-2d14c-7cc279f1d38d06c92227a7a13da37107.jpg","keywords":["actualites","apie project","technologie"],"articleSection":["Actualit\u00e9s","Technologie"],"inLanguage":"fr-FR","potentialAction":[{"@type":"CommentAction","name":"Comment","target":["https:\/\/appsaf.apieproject.com\/news\/fr\/2022\/10\/01\/israel-pret-a-partager-sa-technologie-nucleaire-avec-le-maroc\/#respond"]}]},{"@type":"WebPage","@id":"https:\/\/appsaf.apieproject.com\/news\/fr\/2022\/10\/01\/israel-pret-a-partager-sa-technologie-nucleaire-avec-le-maroc\/","url":"https:\/\/appsaf.apieproject.com\/news\/fr\/2022\/10\/01\/israel-pret-a-partager-sa-technologie-nucleaire-avec-le-maroc\/","name":"Isra\u00ebl \u00ab \u202fPr\u00eat\u202f \u00bb \u00c0 Partager Sa Technologie Nucl\u00e9aire Avec Le Maroc - APIE NEWS","isPartOf":{"@id":"https:\/\/appsaf.apieproject.com\/news\/#website"},"primaryImageOfPage":{"@id":"https:\/\/appsaf.apieproject.com\/news\/fr\/2022\/10\/01\/israel-pret-a-partager-sa-technologie-nucleaire-avec-le-maroc\/#primaryimage"},"image":{"@id":"https:\/\/appsaf.apieproject.com\/news\/fr\/2022\/10\/01\/israel-pret-a-partager-sa-technologie-nucleaire-avec-le-maroc\/#primaryimage"},"thumbnailUrl":"https:\/\/appsaf.apieproject.com\/news\/wp-content\/uploads\/sites\/29\/2022\/09\/israel-technologie-nucleaire-maroc-2d14c-7cc279f1d38d06c92227a7a13da37107.jpg","datePublished":"2022-10-01T11:40:34+00:00","dateModified":"2022-10-01T11:40:35+00:00","breadcrumb":{"@id":"https:\/\/appsaf.apieproject.com\/news\/fr\/2022\/10\/01\/israel-pret-a-partager-sa-technologie-nucleaire-avec-le-maroc\/#breadcrumb"},"inLanguage":"fr-FR","potentialAction":[{"@type":"ReadAction","target":["https:\/\/appsaf.apieproject.com\/news\/fr\/2022\/10\/01\/israel-pret-a-partager-sa-technologie-nucleaire-avec-le-maroc\/"]}]},{"@type":"ImageObject","inLanguage":"fr-FR","@id":"https:\/\/appsaf.apieproject.com\/news\/fr\/2022\/10\/01\/israel-pret-a-partager-sa-technologie-nucleaire-avec-le-maroc\/#primaryimage","url":"https:\/\/appsaf.apieproject.com\/news\/wp-content\/uploads\/sites\/29\/2022\/09\/israel-technologie-nucleaire-maroc-2d14c-7cc279f1d38d06c92227a7a13da37107.jpg","contentUrl":"https:\/\/appsaf.apieproject.com\/news\/wp-content\/uploads\/sites\/29\/2022\/09\/israel-technologie-nucleaire-maroc-2d14c-7cc279f1d38d06c92227a7a13da37107.jpg","width":800,"height":500},{"@type":"BreadcrumbList","@id":"https:\/\/appsaf.apieproject.com\/news\/fr\/2022\/10\/01\/israel-pret-a-partager-sa-technologie-nucleaire-avec-le-maroc\/#breadcrumb","itemListElement":[{"@type":"ListItem","position":1,"name":"Home","item":"https:\/\/appsaf.apieproject.com\/news\/fr\/home\/"},{"@type":"ListItem","position":2,"name":"Isra\u00ebl \u00ab \u202fPr\u00eat\u202f \u00bb \u00c0 Partager Sa Technologie Nucl\u00e9aire Avec Le Maroc"}]},{"@type":"WebSite","@id":"https:\/\/appsaf.apieproject.com\/news\/#website","url":"https:\/\/appsaf.apieproject.com\/news\/","name":"APIE NEWS","description":"PANAFRICANISM NEWS PORTAL","publisher":{"@id":"https:\/\/appsaf.apieproject.com\/news\/#organization"},"potentialAction":[{"@type":"SearchAction","target":{"@type":"EntryPoint","urlTemplate":"https:\/\/appsaf.apieproject.com\/news\/?s={search_term_string}"},"query-input":{"@type":"PropertyValueSpecification","valueRequired":true,"valueName":"search_term_string"}}],"inLanguage":"fr-FR"},{"@type":"Organization","@id":"https:\/\/appsaf.apieproject.com\/news\/#organization","name":"APIE PROJECT","url":"https:\/\/appsaf.apieproject.com\/news\/","logo":{"@type":"ImageObject","inLanguage":"fr-FR","@id":"https:\/\/appsaf.apieproject.com\/news\/#\/schema\/logo\/image\/","url":"https:\/\/appsaf.apieproject.com\/news\/wp-content\/uploads\/sites\/29\/2022\/07\/logo-R-TransparentBackground.png","contentUrl":"https:\/\/appsaf.apieproject.com\/news\/wp-content\/uploads\/sites\/29\/2022\/07\/logo-R-TransparentBackground.png","width":512,"height":512,"caption":"APIE PROJECT"},"image":{"@id":"https:\/\/appsaf.apieproject.com\/news\/#\/schema\/logo\/image\/"},"sameAs":["https:\/\/facebook.com\/apieproject","https:\/\/x.com\/apieproject"]},{"@type":"Person","@id":"https:\/\/appsaf.apieproject.com\/news\/#\/schema\/person\/399517cac378948cd7b39086f9ddc2a7","name":"staff","image":{"@type":"ImageObject","inLanguage":"fr-FR","@id":"https:\/\/appsaf.apieproject.com\/news\/#\/schema\/person\/image\/","url":"https:\/\/secure.gravatar.com\/avatar\/5386283c5db150efe261184bd59f072a?s=96&d=mm&r=g","contentUrl":"https:\/\/secure.gravatar.com\/avatar\/5386283c5db150efe261184bd59f072a?s=96&d=mm&r=g","caption":"staff"},"url":"https:\/\/appsaf.apieproject.com\/news\/fr\/author\/staff\/"}]}},"_links":{"self":[{"href":"https:\/\/appsaf.apieproject.com\/news\/fr\/wp-json\/wp\/v2\/posts\/19305","targetHints":{"allow":["GET"]}}],"collection":[{"href":"https:\/\/appsaf.apieproject.com\/news\/fr\/wp-json\/wp\/v2\/posts"}],"about":[{"href":"https:\/\/appsaf.apieproject.com\/news\/fr\/wp-json\/wp\/v2\/types\/post"}],"author":[{"embeddable":true,"href":"https:\/\/appsaf.apieproject.com\/news\/fr\/wp-json\/wp\/v2\/users\/12963"}],"replies":[{"embeddable":true,"href":"https:\/\/appsaf.apieproject.com\/news\/fr\/wp-json\/wp\/v2\/comments?post=19305"}],"version-history":[{"count":1,"href":"https:\/\/appsaf.apieproject.com\/news\/fr\/wp-json\/wp\/v2\/posts\/19305\/revisions"}],"predecessor-version":[{"id":19537,"href":"https:\/\/appsaf.apieproject.com\/news\/fr\/wp-json\/wp\/v2\/posts\/19305\/revisions\/19537"}],"wp:featuredmedia":[{"embeddable":true,"href":"https:\/\/appsaf.apieproject.com\/news\/fr\/wp-json\/wp\/v2\/media\/19302"}],"wp:attachment":[{"href":"https:\/\/appsaf.apieproject.com\/news\/fr\/wp-json\/wp\/v2\/media?parent=19305"}],"wp:term":[{"taxonomy":"category","embeddable":true,"href":"https:\/\/appsaf.apieproject.com\/news\/fr\/wp-json\/wp\/v2\/categories?post=19305"},{"taxonomy":"post_tag","embeddable":true,"href":"https:\/\/appsaf.apieproject.com\/news\/fr\/wp-json\/wp\/v2\/tags?post=19305"}],"curies":[{"name":"wp","href":"https:\/\/api.w.org\/{rel}","templated":true}]}}