{"id":19369,"date":"2022-10-01T12:40:30","date_gmt":"2022-10-01T12:40:30","guid":{"rendered":"https:\/\/appsaf.apieproject.com\/news\/?p=19369"},"modified":"2022-10-01T12:40:32","modified_gmt":"2022-10-01T12:40:32","slug":"la-marque-de-mode-casablanca-du-marocain-charaf-tajer-sengage-pour-la-securite-des-africains-dukraine","status":"publish","type":"post","link":"https:\/\/appsaf.apieproject.com\/news\/fr\/2022\/10\/01\/la-marque-de-mode-casablanca-du-marocain-charaf-tajer-sengage-pour-la-securite-des-africains-dukraine\/","title":{"rendered":"La Marque De Mode Casablanca, Du Marocain Charaf Tajer, S\u2019Engage Pour La S\u00e9curit\u00e9 Des Africains D\u2019Ukraine"},"content":{"rendered":"<p>Alors que la guerre entre l\u2019Ukraine et la Russie fait rage depuis dix sept jours et que plus de deux millions d\u2019Ukrainiens ont quitt\u00e9 leur pays pour trouver refuge en Europe, le sort des Africains r\u00e9sidant en Ukraine est sujet \u00e0 pr\u00e9occupation.<\/p>\n<p>Confront\u00e9s \u00e0 un racisme intol\u00e9rable, ceux-ci rencontrent en effet de nombreuses difficult\u00e9s \u00e0 quitter le territoire ukrainien, car la priorit\u00e9 est d\u2019abord donn\u00e9e aux Ukrainiens \u00abde souche\u00bb, comme en t\u00e9moignent de nombreuses vid\u00e9os et \u00e9crits diffus\u00e9s sur les r\u00e9seaux sociaux.<br \/>\nEmp\u00each\u00e9s de rentrer chez eux ou de se mettre \u00e0 l\u2019abri dans un pays voisin et\/ou europ\u00e9en, ceux-ci multiplient les appels \u00e0 l\u2019aide depuis le d\u00e9but du conflit.<\/p>\n<p>Cette situation intol\u00e9rable, d\u00e9nonc\u00e9e sur la Toile et dans certains m\u00e9dias, n\u2019a pas laiss\u00e9 indiff\u00e9rent Charaf Tajer, cr\u00e9ateur franco-marocain de la jeune mais d\u00e9j\u00e0 c\u00e9l\u00e8bre marque de mode Casablanca.<\/p>\n<p>Sur la page Instagram de la nouvelle star de la Fashion week, qui multiplie les collaborations avec la marque de baskets New Balance et qui a r\u00e9cemment sign\u00e9 la nouvelle collection de Bulgari, Serpenti through the eyes of\u2026, le ton est donn\u00e9 dans un post aux tons roses indiquant \u00abLove not war\u00bb (L\u2019amour pas la guerre).<\/p>\n<p>En commentaire, la marque, par la voix de son cr\u00e9ateur de 37 ans, explique ainsi que \u00abtout au long de la croissance de Casablanca, notre ambition est d&rsquo;accompagner le plus grand nombre de personnes dans le besoin, \u00e0 tous les niveaux. \u00c0 l&rsquo;\u00e9chelle mondiale, de nombreux pays et peuples ont besoin d&rsquo;une aide critique en raison des innombrables guerres et conflits inutiles\u00bb.<\/p>\n<p>Et, alors que l\u2019attention m\u00e9diatique se d\u00e9tourne de la question des Africains d\u2019Ukraine dont la terrible situation est relay\u00e9e depuis dix-sept jours sous le hashtag #AfricansofUkraine, Charaf Tajer, originaire du Maroc, prend le parti de mettre la lumi\u00e8re sur leur cause. \u00abNous d\u00e9fendons l&rsquo;amour, la compassion et l&rsquo;acceptation. Le peuple ukrainien fait face \u00e0 une bataille incroyable et, ce week-end, nous nous engageons \u00e0 faire don des b\u00e9n\u00e9fices de CasablancaParis.com pour assurer la s\u00e9curit\u00e9 des Africains quittant l&rsquo;Ukraine\u00bb.<\/p>\n<p>Une position qui n&rsquo;a pas manqu\u00e9 de faire r\u00e9agir la communaut\u00e9 de la marque sur Instagram. Salu\u00e9e par les uns, qualifi\u00e9e de \u00abposition extr\u00eamement courageuse et non sans risque dans le monde hyprocrite dans lequel nous vivons\u00bb, ou encore de \u00abprise de position forte de caract\u00e8re qui n&rsquo;est pas sans risque dans cette industrie (de la mode)\u00bb, la d\u00e9cision de Charaf Tajer a \u00e9galement fait grincer des dents ceux qui y voient une position \u00abraciste\u00bb et \u00abdiscriminante\u00bb \u00e0 l&rsquo;\u00e9gard des Ukrainiens, victimes de la guerre.<\/p>\n<p>Il n&rsquo;en demeure pas moins que le cr\u00e9ateur marocain, que les stars internationales s&rsquo;arrachent, assume son engagement, malgr\u00e9 les critiques et le silence complice des m\u00e9dias.<\/p>\n","protected":false},"excerpt":{"rendered":"<p>C\u2019est une position et un engagement \u00e0 applaudir que ceux du cr\u00e9ateur marocain Charaf Tajer, nouvelle star de la mode internationale depuis le lancement en 2018 de sa marque Casablanca, bien d\u00e9cid\u00e9 \u00e0 aider les Africains bloqu\u00e9s en Ukraine depuis le d\u00e9but de la guerre.<\/p>\n","protected":false},"author":12963,"featured_media":19366,"comment_status":"open","ping_status":"open","sticky":false,"template":"","format":"standard","meta":{"footnotes":""},"categories":[57,63],"tags":[78,95,94],"class_list":{"0":"post-19369","1":"post","2":"type-post","3":"status-publish","4":"format-standard","5":"has-post-thumbnail","7":"category-mode","8":"category-mode-de-vie","9":"tag-apie-project-2","10":"tag-mode","11":"tag-mode-de-vie"},"yoast_head":"<!-- This site is optimized with the Yoast SEO plugin v24.4 - https:\/\/yoast.com\/wordpress\/plugins\/seo\/ -->\n<title>La Marque De Mode Casablanca, Du Marocain Charaf Tajer, S\u2019Engage Pour La S\u00e9curit\u00e9 Des Africains D\u2019Ukraine - APIE NEWS<\/title>\n<meta name=\"robots\" content=\"index, follow, max-snippet:-1, max-image-preview:large, max-video-preview:-1\" \/>\n<link rel=\"canonical\" href=\"https:\/\/appsaf.apieproject.com\/news\/fr\/2022\/10\/01\/la-marque-de-mode-casablanca-du-marocain-charaf-tajer-sengage-pour-la-securite-des-africains-dukraine\/\" \/>\n<meta property=\"og:locale\" content=\"fr_FR\" \/>\n<meta property=\"og:type\" content=\"article\" \/>\n<meta property=\"og:title\" content=\"La Marque De Mode Casablanca, Du Marocain Charaf Tajer, S\u2019Engage Pour La S\u00e9curit\u00e9 Des Africains D\u2019Ukraine - APIE NEWS\" \/>\n<meta property=\"og:description\" content=\"C\u2019est une position et un engagement \u00e0 applaudir que ceux du cr\u00e9ateur marocain Charaf Tajer, nouvelle star de la mode internationale depuis le lancement en 2018 de sa marque Casablanca, bien d\u00e9cid\u00e9 \u00e0 aider les Africains bloqu\u00e9s en Ukraine depuis le d\u00e9but de la guerre.\" \/>\n<meta property=\"og:url\" content=\"https:\/\/appsaf.apieproject.com\/news\/fr\/2022\/10\/01\/la-marque-de-mode-casablanca-du-marocain-charaf-tajer-sengage-pour-la-securite-des-africains-dukraine\/\" \/>\n<meta property=\"og:site_name\" content=\"APIE NEWS\" \/>\n<meta property=\"article:publisher\" content=\"https:\/\/facebook.com\/apieproject\" \/>\n<meta property=\"article:published_time\" content=\"2022-10-01T12:40:30+00:00\" \/>\n<meta property=\"article:modified_time\" content=\"2022-10-01T12:40:32+00:00\" \/>\n<meta property=\"og:image\" content=\"https:\/\/appsaf.apieproject.com\/news\/wp-content\/uploads\/sites\/29\/2022\/09\/casablanca-charaf-tajer-h-18518bf13a269bd96ab61adfbff1cac8.jpg\" \/>\n\t<meta property=\"og:image:width\" content=\"640\" \/>\n\t<meta property=\"og:image:height\" content=\"360\" \/>\n\t<meta property=\"og:image:type\" content=\"image\/jpeg\" \/>\n<meta name=\"author\" content=\"staff\" \/>\n<meta name=\"twitter:card\" content=\"summary_large_image\" \/>\n<meta name=\"twitter:creator\" content=\"@apieproject\" \/>\n<meta name=\"twitter:site\" content=\"@apieproject\" \/>\n<meta name=\"twitter:label1\" content=\"\u00c9crit par\" \/>\n\t<meta name=\"twitter:data1\" content=\"staff\" \/>\n\t<meta name=\"twitter:label2\" content=\"Dur\u00e9e de lecture estim\u00e9e\" \/>\n\t<meta name=\"twitter:data2\" content=\"3 minutes\" \/>\n<script type=\"application\/ld+json\" class=\"yoast-schema-graph\">{\"@context\":\"https:\/\/schema.org\",\"@graph\":[{\"@type\":\"Article\",\"@id\":\"https:\/\/appsaf.apieproject.com\/news\/fr\/2022\/10\/01\/la-marque-de-mode-casablanca-du-marocain-charaf-tajer-sengage-pour-la-securite-des-africains-dukraine\/#article\",\"isPartOf\":{\"@id\":\"https:\/\/appsaf.apieproject.com\/news\/fr\/2022\/10\/01\/la-marque-de-mode-casablanca-du-marocain-charaf-tajer-sengage-pour-la-securite-des-africains-dukraine\/\"},\"author\":{\"name\":\"staff\",\"@id\":\"https:\/\/appsaf.apieproject.com\/news\/#\/schema\/person\/399517cac378948cd7b39086f9ddc2a7\"},\"headline\":\"La Marque De Mode Casablanca, Du Marocain Charaf Tajer, S\u2019Engage Pour La S\u00e9curit\u00e9 Des Africains D\u2019Ukraine\",\"datePublished\":\"2022-10-01T12:40:30+00:00\",\"dateModified\":\"2022-10-01T12:40:32+00:00\",\"mainEntityOfPage\":{\"@id\":\"https:\/\/appsaf.apieproject.com\/news\/fr\/2022\/10\/01\/la-marque-de-mode-casablanca-du-marocain-charaf-tajer-sengage-pour-la-securite-des-africains-dukraine\/\"},\"wordCount\":517,\"commentCount\":0,\"publisher\":{\"@id\":\"https:\/\/appsaf.apieproject.com\/news\/#organization\"},\"image\":{\"@id\":\"https:\/\/appsaf.apieproject.com\/news\/fr\/2022\/10\/01\/la-marque-de-mode-casablanca-du-marocain-charaf-tajer-sengage-pour-la-securite-des-africains-dukraine\/#primaryimage\"},\"thumbnailUrl\":\"https:\/\/appsaf.apieproject.com\/news\/wp-content\/uploads\/sites\/29\/2022\/09\/casablanca-charaf-tajer-h-18518bf13a269bd96ab61adfbff1cac8.jpg\",\"keywords\":[\"apie project\",\"mode\",\"mode de vie\"],\"articleSection\":[\"Mode\",\"Mode de Vie\"],\"inLanguage\":\"fr-FR\",\"potentialAction\":[{\"@type\":\"CommentAction\",\"name\":\"Comment\",\"target\":[\"https:\/\/appsaf.apieproject.com\/news\/fr\/2022\/10\/01\/la-marque-de-mode-casablanca-du-marocain-charaf-tajer-sengage-pour-la-securite-des-africains-dukraine\/#respond\"]}]},{\"@type\":\"WebPage\",\"@id\":\"https:\/\/appsaf.apieproject.com\/news\/fr\/2022\/10\/01\/la-marque-de-mode-casablanca-du-marocain-charaf-tajer-sengage-pour-la-securite-des-africains-dukraine\/\",\"url\":\"https:\/\/appsaf.apieproject.com\/news\/fr\/2022\/10\/01\/la-marque-de-mode-casablanca-du-marocain-charaf-tajer-sengage-pour-la-securite-des-africains-dukraine\/\",\"name\":\"La Marque De Mode Casablanca, Du Marocain Charaf Tajer, S\u2019Engage Pour La S\u00e9curit\u00e9 Des Africains D\u2019Ukraine - APIE NEWS\",\"isPartOf\":{\"@id\":\"https:\/\/appsaf.apieproject.com\/news\/#website\"},\"primaryImageOfPage\":{\"@id\":\"https:\/\/appsaf.apieproject.com\/news\/fr\/2022\/10\/01\/la-marque-de-mode-casablanca-du-marocain-charaf-tajer-sengage-pour-la-securite-des-africains-dukraine\/#primaryimage\"},\"image\":{\"@id\":\"https:\/\/appsaf.apieproject.com\/news\/fr\/2022\/10\/01\/la-marque-de-mode-casablanca-du-marocain-charaf-tajer-sengage-pour-la-securite-des-africains-dukraine\/#primaryimage\"},\"thumbnailUrl\":\"https:\/\/appsaf.apieproject.com\/news\/wp-content\/uploads\/sites\/29\/2022\/09\/casablanca-charaf-tajer-h-18518bf13a269bd96ab61adfbff1cac8.jpg\",\"datePublished\":\"2022-10-01T12:40:30+00:00\",\"dateModified\":\"2022-10-01T12:40:32+00:00\",\"breadcrumb\":{\"@id\":\"https:\/\/appsaf.apieproject.com\/news\/fr\/2022\/10\/01\/la-marque-de-mode-casablanca-du-marocain-charaf-tajer-sengage-pour-la-securite-des-africains-dukraine\/#breadcrumb\"},\"inLanguage\":\"fr-FR\",\"potentialAction\":[{\"@type\":\"ReadAction\",\"target\":[\"https:\/\/appsaf.apieproject.com\/news\/fr\/2022\/10\/01\/la-marque-de-mode-casablanca-du-marocain-charaf-tajer-sengage-pour-la-securite-des-africains-dukraine\/\"]}]},{\"@type\":\"ImageObject\",\"inLanguage\":\"fr-FR\",\"@id\":\"https:\/\/appsaf.apieproject.com\/news\/fr\/2022\/10\/01\/la-marque-de-mode-casablanca-du-marocain-charaf-tajer-sengage-pour-la-securite-des-africains-dukraine\/#primaryimage\",\"url\":\"https:\/\/appsaf.apieproject.com\/news\/wp-content\/uploads\/sites\/29\/2022\/09\/casablanca-charaf-tajer-h-18518bf13a269bd96ab61adfbff1cac8.jpg\",\"contentUrl\":\"https:\/\/appsaf.apieproject.com\/news\/wp-content\/uploads\/sites\/29\/2022\/09\/casablanca-charaf-tajer-h-18518bf13a269bd96ab61adfbff1cac8.jpg\",\"width\":640,\"height\":360},{\"@type\":\"BreadcrumbList\",\"@id\":\"https:\/\/appsaf.apieproject.com\/news\/fr\/2022\/10\/01\/la-marque-de-mode-casablanca-du-marocain-charaf-tajer-sengage-pour-la-securite-des-africains-dukraine\/#breadcrumb\",\"itemListElement\":[{\"@type\":\"ListItem\",\"position\":1,\"name\":\"Home\",\"item\":\"https:\/\/appsaf.apieproject.com\/news\/fr\/home\/\"},{\"@type\":\"ListItem\",\"position\":2,\"name\":\"La Marque De Mode Casablanca, Du Marocain Charaf Tajer, S\u2019Engage Pour La S\u00e9curit\u00e9 Des Africains D\u2019Ukraine\"}]},{\"@type\":\"WebSite\",\"@id\":\"https:\/\/appsaf.apieproject.com\/news\/#website\",\"url\":\"https:\/\/appsaf.apieproject.com\/news\/\",\"name\":\"APIE NEWS\",\"description\":\"PANAFRICANISM NEWS PORTAL\",\"publisher\":{\"@id\":\"https:\/\/appsaf.apieproject.com\/news\/#organization\"},\"potentialAction\":[{\"@type\":\"SearchAction\",\"target\":{\"@type\":\"EntryPoint\",\"urlTemplate\":\"https:\/\/appsaf.apieproject.com\/news\/?s={search_term_string}\"},\"query-input\":{\"@type\":\"PropertyValueSpecification\",\"valueRequired\":true,\"valueName\":\"search_term_string\"}}],\"inLanguage\":\"fr-FR\"},{\"@type\":\"Organization\",\"@id\":\"https:\/\/appsaf.apieproject.com\/news\/#organization\",\"name\":\"APIE PROJECT\",\"url\":\"https:\/\/appsaf.apieproject.com\/news\/\",\"logo\":{\"@type\":\"ImageObject\",\"inLanguage\":\"fr-FR\",\"@id\":\"https:\/\/appsaf.apieproject.com\/news\/#\/schema\/logo\/image\/\",\"url\":\"https:\/\/appsaf.apieproject.com\/news\/wp-content\/uploads\/sites\/29\/2022\/07\/logo-R-TransparentBackground.png\",\"contentUrl\":\"https:\/\/appsaf.apieproject.com\/news\/wp-content\/uploads\/sites\/29\/2022\/07\/logo-R-TransparentBackground.png\",\"width\":512,\"height\":512,\"caption\":\"APIE PROJECT\"},\"image\":{\"@id\":\"https:\/\/appsaf.apieproject.com\/news\/#\/schema\/logo\/image\/\"},\"sameAs\":[\"https:\/\/facebook.com\/apieproject\",\"https:\/\/x.com\/apieproject\"]},{\"@type\":\"Person\",\"@id\":\"https:\/\/appsaf.apieproject.com\/news\/#\/schema\/person\/399517cac378948cd7b39086f9ddc2a7\",\"name\":\"staff\",\"image\":{\"@type\":\"ImageObject\",\"inLanguage\":\"fr-FR\",\"@id\":\"https:\/\/appsaf.apieproject.com\/news\/#\/schema\/person\/image\/\",\"url\":\"https:\/\/secure.gravatar.com\/avatar\/5386283c5db150efe261184bd59f072a?s=96&d=mm&r=g\",\"contentUrl\":\"https:\/\/secure.gravatar.com\/avatar\/5386283c5db150efe261184bd59f072a?s=96&d=mm&r=g\",\"caption\":\"staff\"},\"url\":\"https:\/\/appsaf.apieproject.com\/news\/fr\/author\/staff\/\"}]}<\/script>\n<!-- \/ Yoast SEO plugin. -->","yoast_head_json":{"title":"La Marque De Mode Casablanca, Du Marocain Charaf Tajer, S\u2019Engage Pour La S\u00e9curit\u00e9 Des Africains D\u2019Ukraine - APIE NEWS","robots":{"index":"index","follow":"follow","max-snippet":"max-snippet:-1","max-image-preview":"max-image-preview:large","max-video-preview":"max-video-preview:-1"},"canonical":"https:\/\/appsaf.apieproject.com\/news\/fr\/2022\/10\/01\/la-marque-de-mode-casablanca-du-marocain-charaf-tajer-sengage-pour-la-securite-des-africains-dukraine\/","og_locale":"fr_FR","og_type":"article","og_title":"La Marque De Mode Casablanca, Du Marocain Charaf Tajer, S\u2019Engage Pour La S\u00e9curit\u00e9 Des Africains D\u2019Ukraine - APIE NEWS","og_description":"C\u2019est une position et un engagement \u00e0 applaudir que ceux du cr\u00e9ateur marocain Charaf Tajer, nouvelle star de la mode internationale depuis le lancement en 2018 de sa marque Casablanca, bien d\u00e9cid\u00e9 \u00e0 aider les Africains bloqu\u00e9s en Ukraine depuis le d\u00e9but de la guerre.","og_url":"https:\/\/appsaf.apieproject.com\/news\/fr\/2022\/10\/01\/la-marque-de-mode-casablanca-du-marocain-charaf-tajer-sengage-pour-la-securite-des-africains-dukraine\/","og_site_name":"APIE NEWS","article_publisher":"https:\/\/facebook.com\/apieproject","article_published_time":"2022-10-01T12:40:30+00:00","article_modified_time":"2022-10-01T12:40:32+00:00","og_image":[{"width":640,"height":360,"url":"https:\/\/appsaf.apieproject.com\/news\/wp-content\/uploads\/sites\/29\/2022\/09\/casablanca-charaf-tajer-h-18518bf13a269bd96ab61adfbff1cac8.jpg","type":"image\/jpeg"}],"author":"staff","twitter_card":"summary_large_image","twitter_creator":"@apieproject","twitter_site":"@apieproject","twitter_misc":{"\u00c9crit par":"staff","Dur\u00e9e de lecture estim\u00e9e":"3 minutes"},"schema":{"@context":"https:\/\/schema.org","@graph":[{"@type":"Article","@id":"https:\/\/appsaf.apieproject.com\/news\/fr\/2022\/10\/01\/la-marque-de-mode-casablanca-du-marocain-charaf-tajer-sengage-pour-la-securite-des-africains-dukraine\/#article","isPartOf":{"@id":"https:\/\/appsaf.apieproject.com\/news\/fr\/2022\/10\/01\/la-marque-de-mode-casablanca-du-marocain-charaf-tajer-sengage-pour-la-securite-des-africains-dukraine\/"},"author":{"name":"staff","@id":"https:\/\/appsaf.apieproject.com\/news\/#\/schema\/person\/399517cac378948cd7b39086f9ddc2a7"},"headline":"La Marque De Mode Casablanca, Du Marocain Charaf Tajer, S\u2019Engage Pour La S\u00e9curit\u00e9 Des Africains D\u2019Ukraine","datePublished":"2022-10-01T12:40:30+00:00","dateModified":"2022-10-01T12:40:32+00:00","mainEntityOfPage":{"@id":"https:\/\/appsaf.apieproject.com\/news\/fr\/2022\/10\/01\/la-marque-de-mode-casablanca-du-marocain-charaf-tajer-sengage-pour-la-securite-des-africains-dukraine\/"},"wordCount":517,"commentCount":0,"publisher":{"@id":"https:\/\/appsaf.apieproject.com\/news\/#organization"},"image":{"@id":"https:\/\/appsaf.apieproject.com\/news\/fr\/2022\/10\/01\/la-marque-de-mode-casablanca-du-marocain-charaf-tajer-sengage-pour-la-securite-des-africains-dukraine\/#primaryimage"},"thumbnailUrl":"https:\/\/appsaf.apieproject.com\/news\/wp-content\/uploads\/sites\/29\/2022\/09\/casablanca-charaf-tajer-h-18518bf13a269bd96ab61adfbff1cac8.jpg","keywords":["apie project","mode","mode de vie"],"articleSection":["Mode","Mode de Vie"],"inLanguage":"fr-FR","potentialAction":[{"@type":"CommentAction","name":"Comment","target":["https:\/\/appsaf.apieproject.com\/news\/fr\/2022\/10\/01\/la-marque-de-mode-casablanca-du-marocain-charaf-tajer-sengage-pour-la-securite-des-africains-dukraine\/#respond"]}]},{"@type":"WebPage","@id":"https:\/\/appsaf.apieproject.com\/news\/fr\/2022\/10\/01\/la-marque-de-mode-casablanca-du-marocain-charaf-tajer-sengage-pour-la-securite-des-africains-dukraine\/","url":"https:\/\/appsaf.apieproject.com\/news\/fr\/2022\/10\/01\/la-marque-de-mode-casablanca-du-marocain-charaf-tajer-sengage-pour-la-securite-des-africains-dukraine\/","name":"La Marque De Mode Casablanca, Du Marocain Charaf Tajer, S\u2019Engage Pour La S\u00e9curit\u00e9 Des Africains D\u2019Ukraine - APIE NEWS","isPartOf":{"@id":"https:\/\/appsaf.apieproject.com\/news\/#website"},"primaryImageOfPage":{"@id":"https:\/\/appsaf.apieproject.com\/news\/fr\/2022\/10\/01\/la-marque-de-mode-casablanca-du-marocain-charaf-tajer-sengage-pour-la-securite-des-africains-dukraine\/#primaryimage"},"image":{"@id":"https:\/\/appsaf.apieproject.com\/news\/fr\/2022\/10\/01\/la-marque-de-mode-casablanca-du-marocain-charaf-tajer-sengage-pour-la-securite-des-africains-dukraine\/#primaryimage"},"thumbnailUrl":"https:\/\/appsaf.apieproject.com\/news\/wp-content\/uploads\/sites\/29\/2022\/09\/casablanca-charaf-tajer-h-18518bf13a269bd96ab61adfbff1cac8.jpg","datePublished":"2022-10-01T12:40:30+00:00","dateModified":"2022-10-01T12:40:32+00:00","breadcrumb":{"@id":"https:\/\/appsaf.apieproject.com\/news\/fr\/2022\/10\/01\/la-marque-de-mode-casablanca-du-marocain-charaf-tajer-sengage-pour-la-securite-des-africains-dukraine\/#breadcrumb"},"inLanguage":"fr-FR","potentialAction":[{"@type":"ReadAction","target":["https:\/\/appsaf.apieproject.com\/news\/fr\/2022\/10\/01\/la-marque-de-mode-casablanca-du-marocain-charaf-tajer-sengage-pour-la-securite-des-africains-dukraine\/"]}]},{"@type":"ImageObject","inLanguage":"fr-FR","@id":"https:\/\/appsaf.apieproject.com\/news\/fr\/2022\/10\/01\/la-marque-de-mode-casablanca-du-marocain-charaf-tajer-sengage-pour-la-securite-des-africains-dukraine\/#primaryimage","url":"https:\/\/appsaf.apieproject.com\/news\/wp-content\/uploads\/sites\/29\/2022\/09\/casablanca-charaf-tajer-h-18518bf13a269bd96ab61adfbff1cac8.jpg","contentUrl":"https:\/\/appsaf.apieproject.com\/news\/wp-content\/uploads\/sites\/29\/2022\/09\/casablanca-charaf-tajer-h-18518bf13a269bd96ab61adfbff1cac8.jpg","width":640,"height":360},{"@type":"BreadcrumbList","@id":"https:\/\/appsaf.apieproject.com\/news\/fr\/2022\/10\/01\/la-marque-de-mode-casablanca-du-marocain-charaf-tajer-sengage-pour-la-securite-des-africains-dukraine\/#breadcrumb","itemListElement":[{"@type":"ListItem","position":1,"name":"Home","item":"https:\/\/appsaf.apieproject.com\/news\/fr\/home\/"},{"@type":"ListItem","position":2,"name":"La Marque De Mode Casablanca, Du Marocain Charaf Tajer, S\u2019Engage Pour La S\u00e9curit\u00e9 Des Africains D\u2019Ukraine"}]},{"@type":"WebSite","@id":"https:\/\/appsaf.apieproject.com\/news\/#website","url":"https:\/\/appsaf.apieproject.com\/news\/","name":"APIE NEWS","description":"PANAFRICANISM NEWS PORTAL","publisher":{"@id":"https:\/\/appsaf.apieproject.com\/news\/#organization"},"potentialAction":[{"@type":"SearchAction","target":{"@type":"EntryPoint","urlTemplate":"https:\/\/appsaf.apieproject.com\/news\/?s={search_term_string}"},"query-input":{"@type":"PropertyValueSpecification","valueRequired":true,"valueName":"search_term_string"}}],"inLanguage":"fr-FR"},{"@type":"Organization","@id":"https:\/\/appsaf.apieproject.com\/news\/#organization","name":"APIE PROJECT","url":"https:\/\/appsaf.apieproject.com\/news\/","logo":{"@type":"ImageObject","inLanguage":"fr-FR","@id":"https:\/\/appsaf.apieproject.com\/news\/#\/schema\/logo\/image\/","url":"https:\/\/appsaf.apieproject.com\/news\/wp-content\/uploads\/sites\/29\/2022\/07\/logo-R-TransparentBackground.png","contentUrl":"https:\/\/appsaf.apieproject.com\/news\/wp-content\/uploads\/sites\/29\/2022\/07\/logo-R-TransparentBackground.png","width":512,"height":512,"caption":"APIE PROJECT"},"image":{"@id":"https:\/\/appsaf.apieproject.com\/news\/#\/schema\/logo\/image\/"},"sameAs":["https:\/\/facebook.com\/apieproject","https:\/\/x.com\/apieproject"]},{"@type":"Person","@id":"https:\/\/appsaf.apieproject.com\/news\/#\/schema\/person\/399517cac378948cd7b39086f9ddc2a7","name":"staff","image":{"@type":"ImageObject","inLanguage":"fr-FR","@id":"https:\/\/appsaf.apieproject.com\/news\/#\/schema\/person\/image\/","url":"https:\/\/secure.gravatar.com\/avatar\/5386283c5db150efe261184bd59f072a?s=96&d=mm&r=g","contentUrl":"https:\/\/secure.gravatar.com\/avatar\/5386283c5db150efe261184bd59f072a?s=96&d=mm&r=g","caption":"staff"},"url":"https:\/\/appsaf.apieproject.com\/news\/fr\/author\/staff\/"}]}},"_links":{"self":[{"href":"https:\/\/appsaf.apieproject.com\/news\/fr\/wp-json\/wp\/v2\/posts\/19369","targetHints":{"allow":["GET"]}}],"collection":[{"href":"https:\/\/appsaf.apieproject.com\/news\/fr\/wp-json\/wp\/v2\/posts"}],"about":[{"href":"https:\/\/appsaf.apieproject.com\/news\/fr\/wp-json\/wp\/v2\/types\/post"}],"author":[{"embeddable":true,"href":"https:\/\/appsaf.apieproject.com\/news\/fr\/wp-json\/wp\/v2\/users\/12963"}],"replies":[{"embeddable":true,"href":"https:\/\/appsaf.apieproject.com\/news\/fr\/wp-json\/wp\/v2\/comments?post=19369"}],"version-history":[{"count":1,"href":"https:\/\/appsaf.apieproject.com\/news\/fr\/wp-json\/wp\/v2\/posts\/19369\/revisions"}],"predecessor-version":[{"id":19561,"href":"https:\/\/appsaf.apieproject.com\/news\/fr\/wp-json\/wp\/v2\/posts\/19369\/revisions\/19561"}],"wp:featuredmedia":[{"embeddable":true,"href":"https:\/\/appsaf.apieproject.com\/news\/fr\/wp-json\/wp\/v2\/media\/19366"}],"wp:attachment":[{"href":"https:\/\/appsaf.apieproject.com\/news\/fr\/wp-json\/wp\/v2\/media?parent=19369"}],"wp:term":[{"taxonomy":"category","embeddable":true,"href":"https:\/\/appsaf.apieproject.com\/news\/fr\/wp-json\/wp\/v2\/categories?post=19369"},{"taxonomy":"post_tag","embeddable":true,"href":"https:\/\/appsaf.apieproject.com\/news\/fr\/wp-json\/wp\/v2\/tags?post=19369"}],"curies":[{"name":"wp","href":"https:\/\/api.w.org\/{rel}","templated":true}]}}