{"id":19710,"date":"2022-10-07T22:20:59","date_gmt":"2022-10-07T22:20:59","guid":{"rendered":"https:\/\/appsaf.apieproject.com\/news\/?p=19710"},"modified":"2022-10-07T22:21:00","modified_gmt":"2022-10-07T22:21:00","slug":"les-mille-facettes-de-la-mode-africaine","status":"publish","type":"post","link":"https:\/\/appsaf.apieproject.com\/news\/fr\/2022\/10\/07\/les-mille-facettes-de-la-mode-africaine\/","title":{"rendered":"Les Mille Facettes De La Mode Africaine"},"content":{"rendered":"<p>Vaste sujet que de tenter faire un point sur les liens entre mode et Afrique, tant les facettes sont multiples. Ce continent aux cinquante-quatre pays, peupl\u00e9 par 1,4 milliard d&rsquo;habitants, est un territoire aux civilisations multiples et o\u00f9 les techniques textiles ont de riches histoires. S&rsquo;il a souvent \u00e9t\u00e9 source d&rsquo;inspiration pour la mode occidentale, il \u00e9merge aujourd&rsquo;hui sur la sc\u00e8ne internationale de plus en plus de cr\u00e9ateurs d&rsquo;origine africaine.<\/p>\n<p>Apr\u00e8s une phase anticolonialiste qui a permis de (r)\u00e9tablir le lien avec un riche pass\u00e9, place \u00e0 une phase de cr\u00e9ation o\u00f9 se dessine une forme de fusion entre le foisonnement du continent africain et un style vestimentaire relevant beaucoup des codes occidentaux. Originalit\u00e9 et raffinement des textiles, audace des couleurs, signent le plus souvent une mode exub\u00e9rante, mais aussi tr\u00e8s cr\u00e9ative.<\/p>\n<p>Depuis d\u00e9but juillet, une grande exposition au Victoria and Albert Museum (V&amp;A), \u00e0 Londres, met en avant la cr\u00e9ativit\u00e9 d&rsquo;un continent souvent mal repr\u00e9sent\u00e9. Mais ce secteur joue un r\u00f4le tr\u00e8s important en Afrique; une phrase de l&rsquo;\u00e9crivain Ishmael Reed donne une id\u00e9e de son ampleur: \u00abLa mode est aussi fondamentale \u00e0 la culture noire traditionnelle que la percussion.\u00bb<\/p>\n<p>Textiles<br \/>\nLa richesse textile en Afrique est infinie: il y a les tissages, les teintures, le raphia (\u00e0 partir de feuilles de palmier), le kent\u00e9, le batik, le bogolan malien, le kita (C\u00f4te d&rsquo;Ivoire), les tissus kuba\u2026 sans oublier les perles. Au d\u00e9but ce sont des \u00e9corces battues (une esp\u00e8ce de figuier) qui ont servi \u00e0 cr\u00e9er des tissus; puis on a utilis\u00e9 le coton, le raphia, la soie. Du c\u00f4t\u00e9 des teintures, l&rsquo;indigo est tr\u00e8s pris\u00e9 dans les tissus adire de la r\u00e9gion yoruba (Nig\u00e9ria).<\/p>\n<p>Les tissus kuba du Congo existent depuis le XVIIe si\u00e8cle. Tiss\u00e9s en raphia, leurs motifs g\u00e9om\u00e9triques sont travaill\u00e9s dans des couleurs sourdes autour du beige, du marron. Le rabal, lui, est un tissage traditionnel des Manjaques de Guin\u00e9e-Bissau aux motifs inspir\u00e9s des arbres (baobab) ou encore de la f\u00e9condit\u00e9. Le bogolan, en Afrique de l&rsquo;Ouest, est cr\u00e9\u00e9 gr\u00e2ce \u00e0 une technique \u00e0 l&rsquo;argile (\u00abmud cloth\u00bb), symbole de protection.<\/p>\n<p>Les origines du mythique et spectaculaire kent\u00e9 remonteraient quant \u00e0 elles au XIIe si\u00e8cle: la l\u00e9gende raconte que sa fabrication se serait inspir\u00e9e du travail de tissage d&rsquo;une araign\u00e9e. Des bandes de couleurs vives sont assembl\u00e9es, orchestrant des formes g\u00e9om\u00e9triques rectangulaires en un tissage \u00e9l\u00e9gant et raffin\u00e9. Les couleurs ont leur symbolique: le bleu pour la sagesse, l&rsquo;or pour la royaut\u00e9, le jaune pour la sant\u00e9, le blanc pour la puret\u00e9, le vert pour la croissance\u2026 Ces tissus portent souvent des noms inspir\u00e9s de la faune ou de la flore.<\/p>\n<p>Pour Emmanuelle Courr\u00e8ges, autrice de Swinging Africa\u2013Le continent mode, \u00abon peut aussi parler de m\u00e9tiers d&rsquo;art pour l&rsquo;Afrique, et le fait qu&rsquo;une nouvelle g\u00e9n\u00e9ration s&#8217;empare de ce patrimoine peut aller jusqu&rsquo;\u00e0 l&rsquo;excellence, avec par exemple Imane Ayissi, dont les r\u00e9alisations n&rsquo;ont rien \u00e0 envier au monde du luxe\u00bb.<\/p>\n<p>Imane Ayissi, d&rsquo;ailleurs, \u00e9voque son rapport aux textiles ainsi: \u00abLe kent\u00e9, tissu traditionnel, tiss\u00e9 \u00e0 la main originaire du Ghana, du Togo, est sans doute un des textiles africains les plus sophistiqu\u00e9s et raffin\u00e9s, et il se pr\u00eate \u00e0 beaucoup de variations. J&rsquo;aime particuli\u00e8rement l&rsquo;utiliser. Mais j&rsquo;aime tous les tissages traditionnels \u00e0 la main (comme le faso dan fani ou le ntu&rsquo;tuere, un tissu du royaume bamoun au Cameroun par exemple) qui donnent une main et des textures que l&rsquo;on ne peut pas retrouver avec des tissages industriels.\u00bb<\/p>\n<p>\u00abLes techniques d&rsquo;impressions traditionnelles au tampon (comme les adire du Nigeria) ou en tie-dye, donnent aussi une incroyable diversit\u00e9 de tissus qui peuvent \u00eatre utilis\u00e9s de fa\u00e7on tr\u00e8s moderne. \u00c0 c\u00f4t\u00e9 de cela, j&rsquo;adore les tr\u00e8s beaux tissus occidentaux, particuli\u00e8rement les soies \u00e0 la fois raides et mouvantes comme le gazar ou le radzimir\u00bb, poursuit-il.<\/p>\n<p>\u00c0 chaque appellation sa forme et son origine: la djellaba (Afrique du Nord), le boubou (avatar du mot wolof \u00abmbubb\u00bb), v\u00eatement large \u00e0 manches longues, ou le kikoi (sorte de par\u00e9o). Les habits sont le plus souvent amples, un choix induit par le climat, et une technique de construction plus libre avec un v\u00eatement drap\u00e9 ou attach\u00e9 plut\u00f4t que cousu comme en Occident.<\/p>\n<p>Le cas du wax<br \/>\nSi le wax est d\u00e9sormais associ\u00e9 \u00e0 l&rsquo;Afrique, il n&rsquo;a pourtant \u00e0 l&rsquo;origine rien d&rsquo;africain. Vers 1846, les Hollandais, qui avaient repris Java en 1816, tent\u00e8rent de reproduire les batiks indon\u00e9siens imprim\u00e9s \u00e0 la cire. Mais leurs r\u00e9alisations ne plurent pas \u00e0 Java, en raison de leurs imperfections. Ils se tourn\u00e8rent alors vers l&rsquo;Afrique. Le succ\u00e8s y fut tr\u00e8s rapide, d&rsquo;abord au Ghana puis dans tout le continent africain, qui appr\u00e9ciait ces effets de craquelures.<\/p>\n<p>La soci\u00e9t\u00e9 n\u00e9erlandaise Vlisco continue \u00e0 produire du wax: des dizaines de millions de m\u00e8tres de tissus sont vendus chaque ann\u00e9e, tr\u00e8s majoritairement en Afrique (90%). Si les tissus de Vlisco sont fabriqu\u00e9s en Hollande, la soci\u00e9t\u00e9 a \u00e9galement plusieurs marques aujourd&rsquo;hui manufactur\u00e9es en Afrique: Uniwax en C\u00f4te d&rsquo;Ivoire et GTP au Ghana. Un catalogue de 1.500 dessins se compl\u00e8te de nouveaut\u00e9s chaque ann\u00e9e.<\/p>\n<p>\u00abLe wax n&rsquo;a jamais \u00e9t\u00e9 africain, c&rsquo;est<br \/>\nun tissu qui nous a \u00e9t\u00e9 impos\u00e9<br \/>\npendant la colonisation.\u00bb<br \/>\nImane Ayissi, couturier<br \/>\nParmi les motifs: gingembre, famille, hirondelle (symbole de l&rsquo;argent qui s&rsquo;envole). Le commerce vit peu \u00e0 peu l&rsquo;\u00e9mergence des Nana Benz (\u00abna\u00bb pour \u00abm\u00e8re\u00bb et \u00abBenz\u00bb pour l&rsquo;achat de Mercedes), des commer\u00e7antes du Togo devenues tr\u00e8s riches en vendant du wax et n&rsquo;h\u00e9sitant pas \u00e0 arborer le motif \u00abmilliardaire\u00bb.<\/p>\n<p>La pol\u00e9mique s&rsquo;est parfois invit\u00e9e lorsque des cr\u00e9ateurs et cr\u00e9atrices ont utilis\u00e9 le wax \u2013Junya Watanabe en 2016 ou Stella McCartney en 2018, par exemple. Mais o\u00f9 est la r\u00e9appropriation de l&rsquo;Afrique quand il s&rsquo;agit d&rsquo;un tissu originaire de Java fabriqu\u00e9 par des Hollandais?<\/p>\n<p>Issu de l&rsquo;imp\u00e9rialisme occidental, ce tissu est paradoxalement devenu, par son port, embl\u00e9matique d&rsquo;un continent. Par r\u00e9appropriation, le wax s&rsquo;est dot\u00e9 d&rsquo;une connotation africaine, mais \u00able wax n&rsquo;a jamais \u00e9t\u00e9 africain, c&rsquo;est un tissu qui nous a \u00e9t\u00e9 impos\u00e9 pendant la colonisation\u00bb, raconte Imane Ayissi. Ce tissu a \u00e9t\u00e9 choisi par l&rsquo;artiste anglo-nig\u00e9rian Yinka Shonibare pour r\u00e9interpr\u00e9ter des tableaux de Fragonard ou encore de Gainsborough en sculptures.<\/p>\n<p>Le style occidental du v\u00eatement de l&rsquo;\u00e9poque est conserv\u00e9, mais r\u00e9alis\u00e9 en wax et l&rsquo;effet est puissamment intrigant, voire saisissant. Yinka Shonibare interroge l&rsquo;africanit\u00e9 du wax avec ses Occidentaux sans t\u00eate. Peu de cr\u00e9ateurs africains l&rsquo;utilisent, \u00e0 part quelques exceptions, comme Lisa Folawiyo avec ses robes en ankara (nom nig\u00e9rian du wax) ou Ituen Basi.<\/p>\n<p>Le fil \u00e0 la parole<br \/>\nL&rsquo;alphabet est un motif \u00e0 succ\u00e8s dans un continent o\u00f9 l&rsquo;oralit\u00e9 se transmettait par les griots, des po\u00e8tes musiciens ambulants. C&rsquo;est sans doute un missionnaire qui eut l&rsquo;id\u00e9e, au d\u00e9but du XXe si\u00e8cle, d&rsquo;int\u00e9grer des lettres (auxquelles s&rsquo;ajout\u00e8rent ensuite des chiffres) sur les tissus. Le succ\u00e8s ne s&rsquo;est jamais d\u00e9menti. Les cr\u00e9ateurs d&rsquo;aujourd&rsquo;hui, comme Gozel Green, inscrivent ainsi des jeux de mots sur leurs cr\u00e9ations, quand Imane Ayissi propose des habits portant des messages tels que \u00abSave the oceans\u00bb ou \u00abSave the forest\u00bb.<\/p>\n<p>En Afrique, le v\u00eatement a souvent la parole, que ce soit au travers de symboles traditionnels ou en servant de manifeste anticolonialiste et, \u00e0 l&rsquo;inverse, en retour de b\u00e2ton, avec les sapeurs (pour \u00absoci\u00e9t\u00e9 des ambianceurs et des personnes \u00e9l\u00e9gantes\u00bb) qui revendiquent avec ostentation le port de v\u00eatements occidentaux et de marques.<\/p>\n<p>Du wax, on passe au fancy, imprim\u00e9 sur une seule face, qui souvent s&rsquo;en inspire, mais ajoute plus de fantaisie<br \/>\net est fabriqu\u00e9 localement.<br \/>\nSur le wax le langage fleurit: devenu \u00abfus\u00e9e Apollo\u00bb, le motif \u00absceptre\u00bb finit par se transformer en \u00abtire-bouchon\u00bb. Quant \u00e0 la carte du tendre, elle s&rsquo;exprime avec humour: \u00abJe cours plus vite que ma rivale\u00bb, \u00abPomme de divorce\u00bb\u2026 Autant d&rsquo;appellations divertissantes qui signent l&rsquo;africanit\u00e9 du wax.<\/p>\n<p>Du wax on passe au fancy, imprim\u00e9 sur une seule face, qui souvent s&rsquo;en inspire mais ajoute plus de fantaisie et est fabriqu\u00e9 localement. Avec des impressions renomm\u00e9es notamment pour les effigies de personnalit\u00e9s politiques comme F\u00e9lix Houphou\u00ebt-Boigny, Nelson Mandela, Barack Obama, Jacques Chirac\u2026<\/p>\n<p>Inspiration<br \/>\nLa mode s&rsquo;est tr\u00e8s t\u00f4t int\u00e9ress\u00e9e \u00e0 la faune africaine, avec d\u00e9j\u00e0, au XIXe si\u00e8cle des mod\u00e8les \u00ab\u00e0 la girafe\u00bb. Au d\u00e9but du XXe si\u00e8cle, les arts africains, notamment \u00e0 la suite de la collection de masques d&rsquo;Andr\u00e9 Derain, ont inspir\u00e9 les artistes. Ainsi de Picasso qui, marqu\u00e9 par cette d\u00e9couverte, influencera le cubisme.<\/p>\n<p>Amateur d&rsquo;exotisme, Paul Poiret s&rsquo;int\u00e9ressa \u00e0 l&rsquo;Asie et \u00e0 l&rsquo;Afrique du Nord et cr\u00e9era, entre autres, un manteau, \u00abTanger\u00bb. Si les ann\u00e9es 1920 virent arriver La Revue n\u00e8gre et le triomphe de l&rsquo;incroyable Jos\u00e9phine Baker, c&rsquo;est beaucoup plus tard que la mode se penchera sur le style et le v\u00eatement africain en lui rendant hommage.<\/p>\n<p>La faune d&rsquo;Afrique n&rsquo;est pas en reste, et s&rsquo;esquisse le souvenir de tenues en peaux de l\u00e9opard.<br \/>\nDans la pr\u00e9face d&rsquo;\u00c9l\u00e9gances africaines, Madame Gr\u00e8s raconte: \u00abEn 1950, lorsque j&rsquo;ai consacr\u00e9 toute une collection d&rsquo;\u00e9t\u00e9 \u00e0 l&rsquo;Afrique, avec des tissus import\u00e9s de tous les pays que je venais de visiter sur ce continent, cela a \u00e9t\u00e9 un immense succ\u00e8s.\u00bb Plusieurs magnifiques et mythiques collections d&rsquo;Yves Saint Laurent s&rsquo;en sont aussi inspir\u00e9es: \u00abAfrique\u00bb en 1967, (hommage aux Bambaras), \u00abSafari\u00bb en 1968 et \u00abMaroc\u00bb en 1970. Christian Lacroix, passionn\u00e9 par l&rsquo;\u00abailleurs\u00bb, a notamment cr\u00e9\u00e9 en 1990 un manteau africain dans des tons beige et marron.<\/p>\n<p>De son d\u00e9fil\u00e9 automne-hiver en 1990-1991, il disait: \u00abOn retrouvait l&rsquo;aust\u00e9rit\u00e9 castillane, l&rsquo;allure d&rsquo;Ha\u00efl\u00e9 S\u00e9lassi\u00e9 ou des derniers rois d&rsquo;Afrique, de la Camargue au B\u00e9nin.\u00bb Un mod\u00e8le Lacroix, rebaptis\u00e9 \u00abAfrican Queen\u00bb, figurait en juillet dans une vente couture Renaissance (upcycling) \u00e0 Drouot. L&rsquo;ouvrage Africa di Missoni d&rsquo;Anna Piaggi en 1990 rendait hommage aux couleurs du continent via le style de la maison italienne.<\/p>\n<p>La faune d&rsquo;Afrique n&rsquo;est pas en reste: s&rsquo;esquisse ainsi le souvenir de tenues en peaux de l\u00e9opard. Jean-Paul Gaultier en a multipli\u00e9 les motifs. De dr\u00f4les de z\u00e8bres ont quant \u00e0 eux \u00e9gay\u00e9 des mod\u00e8les de Michel Klein, Prada, Galliano\u2026 En 2007, Givenchy r\u00e9inventa de son c\u00f4t\u00e9 la faune avec des imprim\u00e9s l\u00e9opard et des motifs t\u00eates d&rsquo;\u00e9l\u00e9phants.<\/p>\n<p>Dans nombre de collections occidentales, l&rsquo;Afrique est vue par le prisme de l&rsquo;exotisme. Si le point de d\u00e9part demeure un hommage, certains y voient une r\u00e9appropriation. Le sujet est loin d&rsquo;\u00eatre clos.<\/p>\n<p>Cr\u00e9ateurs noirs<br \/>\nL&rsquo;angle choisi par les \u00c9tats-Unis pour finalement nouer un lien avec l&rsquo;Afrique est la notion de \u00abcr\u00e9ateur noir\u00bb. Le Fashion Institute of Technology (FIT) a ainsi propos\u00e9, en 2017, l&rsquo;exposition \u00abBlack Fashion Designers\u00bb, o\u00f9 figuraient nombre de talents am\u00e9ricains et europ\u00e9ens. Incroyable designer de la sc\u00e8ne new-yorkaise, Stephen Burrows habilla Diana Ross, Barbara Streisand\u2026 Il vint \u00e9galement \u00e0 Versailles, en 1972, accompagn\u00e9 d&rsquo;une dizaine de mannequins noirs, dont la d\u00e9tonante Pat Cleveland. Il eut droit \u00e0 sa r\u00e9trospective, \u00abWhen Fashion danced\u00bb, \u00e0 New York, en 2013.<\/p>\n<p>Am\u00e9ricain d&rsquo;origine, Patrick Kelly fit sa carri\u00e8re m\u00e9t\u00e9orique (il est mort \u00e0 35 ans) \u00e0 Paris dans les ann\u00e9es 1980. Son style fantaisiste et joyeux s&rsquo;inspirait de Jos\u00e9phine Baker. Il a ainsi cr\u00e9\u00e9 une tenue ceinture de bananes, port\u00e9e de fa\u00e7on hilarante par Pat Cleveland. C&rsquo;est sous la banni\u00e8re de son nom et de son souvenir qu&rsquo;est n\u00e9e en 2020, aux \u00c9tats-Unis, la Kelly initiative, un rassemblement de designers noirs pour \u0153uvrer \u00e0 une \u00e9galit\u00e9 des chances \u00e0 l&#8217;embauche dans le secteur de la mode.<\/p>\n<p>C&rsquo;est l&rsquo;occasion, aussi, de remettre en avant l&rsquo;oeuvre de Patrick Kelly avec une exposition itin\u00e9rante aux \u00c9tats-Unis qui s&rsquo;est tenue jusqu&rsquo;en avril 2022, et de red\u00e9couvrir son travail: ses ajouts de boutons multicolores, la \u00abf\u00eate \u00e0 noeuds-n\u0153uds\u00bb&#8230;<\/p>\n<p>Collectionneur de plus de 8.000 pi\u00e8ces de \u00abblack memorabilia\u00bb, Patrick Kelly choisit en signature ironique un \u00abgolliwog\u00bb (\u00e0 l&rsquo;origine un personnage de Florence Kate Upton et un flacon de parfum de De Vigny en 1919): une t\u00eate \u00e0 la peau fonc\u00e9e, yeux blancs et l\u00e8vres \u00e9paisses, exag\u00e9r\u00e9es (son effigie figure sur sa s\u00e9pulture au P\u00e8re-Lachaise).<\/p>\n<p>Le cr\u00e9ateur racontait qu&rsquo;aux \u00c9tats-Unis, le groupe Warnaco, qui avait investi dans son label, avait refus\u00e9 cet imprim\u00e9 au motif assimil\u00e9 \u00e0 un \u00abblackface\u00bb. Pour la critique de mode Robin Givhan, \u00abaucune autre personnalit\u00e9 connue n&rsquo;a \u00e9t\u00e9 aussi li\u00e9e \u00e0 la fois \u00e0 sa race et \u00e0 sa culture\u00bb.<\/p>\n<p>Le designer Willi Smith se souvient, lui, que dans les ann\u00e9es 1970, les black designers \u00e9taient tr\u00e8s en vogue et qu&rsquo;ensuite, \u00abune fois l&rsquo;engouement pass\u00e9, les gens ont pens\u00e9 qu&rsquo;il n&rsquo;y [en] avait plus. D&rsquo;une certaine fa\u00e7on c&rsquo;est une chance. Maintenant on peut avancer en \u00e9tant ce que nous sommes: des designers.\u00bb<\/p>\n<p>Vers une cr\u00e9ation contemporaine<br \/>\n\u00c0 l&rsquo;ind\u00e9pendance du Ghana en 1957, beaucoup d&rsquo;habitants s&rsquo;habill\u00e8rent en kent\u00e9 pour faire union avec le pass\u00e9 et les traditions du pays, dans le but de forger une nouvelle nation.<\/p>\n<p>En 1960, dix-sept pays acquirent l&rsquo;ind\u00e9pendance et le choix du v\u00eatement s&rsquo;invita pour marquer la fin du colonialisme. Lanc\u00e9 par Mobutu en 1972, l&rsquo;\u00ababacost\u00bb (pour \u00ab\u00e0 bas le costume\u00bb) marqua la r\u00e9sistance par le v\u00eatement jusqu&rsquo;en 1990. Les nouveaux pr\u00e9sidents de plusieurs pays africains opt\u00e8rent pour un costume traditionnel. Si le kent\u00e9 fut remis \u00e0 l&rsquo;honneur au Ghana, il fut aussi adopt\u00e9 par le pr\u00e9sident de la Zambie Kenneth Kaunda, ou par William Tubman au Lib\u00e9ria.<\/p>\n<p>Hors politique, les cr\u00e9ateurs se sont pench\u00e9s sur leur patrimoine et l&rsquo;ont fait fusionner avec l&rsquo;Occident. Chris Seydou d\u00e9couvrit la mode dans des magazines occidentaux et choisit son pr\u00e9nom en r\u00e9f\u00e9rence \u00e0 Christian Dior. Apr\u00e8s plusieurs ann\u00e9es \u00e0 Paris chez Yves Saint Laurent ou Paco Rabanne, il installa en 1967 son magasin \u00e0 Ouagadougou et se mit \u00e0 utiliser les tissus traditionnels. \u00abPour moi c&rsquo;\u00e9tait symbolique, au d\u00e9but je ne voulais pas couper le bogolan. L&rsquo;arrangement irr\u00e9gulier des motifs, la largeur \u00e9troite posent un challenge au couturier.\u00bb Avec ses cr\u00e9ations, il devint une l\u00e9gende, le Yves Saint Laurent d&rsquo;Afrique.<\/p>\n<p>Pour le Vogue de mai 2021, la po\u00e9tesse Amanda Gorman arborait un v\u00eatement kent\u00e9 de Virgil Abloh.<br \/>\nParti en famille du Mali pour le Niger, Alphadi \u00e9tudia ensuite \u00e0 Paris \u00e0 l&rsquo;\u00e9cole Chardon Savard et passa chez Kenzo, Paco Rabanne\u2026 Il d\u00e9fila \u00e0 Paris et fut admis \u00e0 la chambre syndicale parisienne, mais c&rsquo;est au Niger qu&rsquo;il se fit remarquer avec des d\u00e9fil\u00e9s spectaculaires. Il y fut surnomm\u00e9 \u00able magicien du d\u00e9sert\u00bb. Une f\u00e9d\u00e9ration africaine des cr\u00e9ateurs s&rsquo;\u00e9tablit en 1993 et suivit le Festival international de mode africaine (FIMA) en 1998; furent ensuite lanc\u00e9es des fashion weeks \u00e0 Dakar, Lagos ou Johannesburg.<\/p>\n<p>En Europe, plusieurs cr\u00e9ateurs originaires de pays d&rsquo;Afrique ont fait ou font carri\u00e8re \u00e0 Paris. Azzedine Ala\u00efa a toujours maintenu le lien avec \u00absa\u00bb Tunisie. Xuly Bet (Malien d&rsquo;origine) a \u00e9t\u00e9 un des premiers \u00e0 r\u00e9aliser, avant que ce ne soit \u00e0 la mode, du recyclage. Karim Adduchi est le chantre des fibres du Maroc.<\/p>\n<p>Originaire d&rsquo;Afrique du Sud, Thebe Magugu, a \u00e9t\u00e9 laur\u00e9at du prix LVMH en 2019. Pour l&rsquo;automne-hiver 2021, sa collection \u00abAlchimie\u00bb \u00e9voque le souvenir de traditions de gu\u00e9risseurs avec des effets de drap\u00e9s, des d\u00e9tails de raphia, des motifs d&rsquo;os, de d\u00e9s\u2026 Pour la collection \u00abAZ Factory\u00bb, initi\u00e9e par Alber Elbaz, Thebe Magugu a imagin\u00e9 que l&rsquo;Afrique \u00e9tait \u00able lieu de naissance de la haute couture\u00bb. Un bel hommage \u00e0 son continent avec des imprim\u00e9s fauves, z\u00e8bres, serpents\u2026<\/p>\n<p>Tailleur, Ozwald Boateng \u0153uvre \u00e0 Savile Row et d\u00e9file \u00e0 Londres. S&rsquo;il magnifie le costume occidental au masculin, il a aussi une collection \u00abAfricanism\u00bb, avec des textiles originaux.<\/p>\n<p>Invit\u00e9 de la haute couture cette saison, Imane Ayissi pr\u00f4ne le fait main et ses imperfections: \u00abQuand on voit la main, \u00e7a donne de la vie.\u00bb Il r\u00e9alise une magnifique fusion entre les tissus africains et un style universel. \u00abPlus concr\u00e8tement dans mon travail, les cultures africaines sont tr\u00e8s pr\u00e9sentes dans mes inspirations, mes r\u00e9f\u00e9rences, mais aussi les savoir-faire \u00e0 travers l&rsquo;utilisation de mat\u00e9riaux et de textiles issus directement de pays africains.\u00bb<\/p>\n<p>Demain<\/p>\n<p>Premi\u00e8re marque globale africaine de pr\u00eat-\u00e0-porter, Asanti s&rsquo;est lanc\u00e9, en ce mois d&rsquo;ao\u00fbt, autour d&rsquo;un studio de cr\u00e9ation, d&rsquo;une quinzaine de jeunes cr\u00e9ateurs, d&rsquo;un site et de deux boutiques, l&rsquo;une \u00e0 Kigali et l&rsquo;autre \u00e0 Londres. La marque rwandaise se veut propre, responsable et durable, offrant des conditions de travail d\u00e9centes (protection sociale, cr\u00e8ches\u2026). Une aventure \u00e0 d\u00e9couvrir et \u00e0 suivre.<\/p>\n<p>Figure iconique, la po\u00e9tesse Amanda Gorman \u00e9tait en Prada pour l&rsquo;investiture de Joe Biden, mais pour le Vogue de mai 2021 elle arborait un v\u00eatement kent\u00e9 de Virgil Abloh. M\u00eame le Vogue US se met \u00e0 l&rsquo;heure africaine! Le plasticien El Anatsui, en r\u00e9f\u00e9rence \u00e0 Sonya Clarke, explique que \u00able tissu est \u00e0 l&rsquo;Africain ce que les monuments sont aux Occidentaux\u00bb.<\/p>\n<p>L&rsquo;\u0153uvre de l&rsquo;artiste Sonya Clarke se nourrit de v\u00eatements, d&rsquo;accessoires. Pour son portrait de la premi\u00e8re millionnaire afro-am\u00e9ricaine, Madame C.J Walker, elle utilise notamment un assemblage de peignes, accessoire qu&rsquo;elle voit comme une ic\u00f4ne de l&rsquo;assimilation.<\/p>\n<p>Pour Emmanuelle Courr\u00e8ges, l&rsquo;avenir se dessine: \u00abJe suis assez optimiste quand je vois la cr\u00e9ativit\u00e9, et pessimiste quand je vois le peu de s\u00e9rieux d&rsquo;investisseurs qui ne ma\u00eetrisent pas le secteur. Il faut du s\u00e9rieux pour pouvoir assurer les productions apr\u00e8s avoir d\u00e9fil\u00e9 \u00e0 Paris.\u00bb Si elle va jusqu&rsquo;\u00e0 imaginer que ce qui se passe avec l&rsquo;Afrique a des points communs avec l&rsquo;apport du Japon dans les ann\u00e9es 1980, manque peut-\u00eatre la personnalit\u00e9 d&rsquo;un style.<\/p>\n<p>Car si les textiles sont magnifiques, les cr\u00e9ations sont souvent dans le droit fil de la mode occidentale. La richesse va venir d&rsquo;une fusion intelligente entre deux mondes, entre des continents qui vont se red\u00e9couvrir autour de la mode et prendre \u00e0 nouveau des couleurs dans un fructueux \u00e9change.<\/p>\n","protected":false},"excerpt":{"rendered":"<p>\u00c9ternelle terre d&rsquo;inspiration pour les cr\u00e9ateurs occidentaux, le continent africain voit \u00e9merger un nombre croissant de talents qui enchantent l&rsquo;univers de la mode.<\/p>\n","protected":false},"author":12963,"featured_media":19707,"comment_status":"open","ping_status":"open","sticky":false,"template":"","format":"standard","meta":{"footnotes":""},"categories":[57,63],"tags":[78,95,94],"class_list":{"0":"post-19710","1":"post","2":"type-post","3":"status-publish","4":"format-standard","5":"has-post-thumbnail","7":"category-mode","8":"category-mode-de-vie","9":"tag-apie-project-2","10":"tag-mode","11":"tag-mode-de-vie"},"yoast_head":"<!-- This site is optimized with the Yoast SEO plugin v24.4 - https:\/\/yoast.com\/wordpress\/plugins\/seo\/ -->\n<title>Les Mille Facettes De La Mode Africaine - APIE NEWS<\/title>\n<meta name=\"robots\" content=\"index, follow, max-snippet:-1, max-image-preview:large, max-video-preview:-1\" \/>\n<link rel=\"canonical\" href=\"https:\/\/appsaf.apieproject.com\/news\/fr\/2022\/10\/07\/les-mille-facettes-de-la-mode-africaine\/\" \/>\n<meta property=\"og:locale\" content=\"fr_FR\" \/>\n<meta property=\"og:type\" content=\"article\" \/>\n<meta property=\"og:title\" content=\"Les Mille Facettes De La Mode Africaine - APIE NEWS\" \/>\n<meta property=\"og:description\" content=\"\u00c9ternelle terre d&#039;inspiration pour les cr\u00e9ateurs occidentaux, le continent africain voit \u00e9merger un nombre croissant de talents qui enchantent l&#039;univers de la mode.\" \/>\n<meta property=\"og:url\" content=\"https:\/\/appsaf.apieproject.com\/news\/fr\/2022\/10\/07\/les-mille-facettes-de-la-mode-africaine\/\" \/>\n<meta property=\"og:site_name\" content=\"APIE NEWS\" \/>\n<meta property=\"article:publisher\" content=\"https:\/\/facebook.com\/apieproject\" \/>\n<meta property=\"article:published_time\" content=\"2022-10-07T22:20:59+00:00\" \/>\n<meta property=\"article:modified_time\" content=\"2022-10-07T22:21:00+00:00\" \/>\n<meta property=\"og:image\" content=\"https:\/\/appsaf.apieproject.com\/news\/wp-content\/uploads\/sites\/29\/2022\/10\/000_par3326183-4f6424d481c9b7fc34d50c86e587d4c7.jpeg\" \/>\n\t<meta property=\"og:image:width\" content=\"1060\" \/>\n\t<meta property=\"og:image:height\" content=\"523\" \/>\n\t<meta property=\"og:image:type\" content=\"image\/jpeg\" \/>\n<meta name=\"author\" content=\"staff\" \/>\n<meta name=\"twitter:card\" content=\"summary_large_image\" \/>\n<meta name=\"twitter:creator\" content=\"@apieproject\" \/>\n<meta name=\"twitter:site\" content=\"@apieproject\" \/>\n<meta name=\"twitter:label1\" content=\"\u00c9crit par\" \/>\n\t<meta name=\"twitter:data1\" content=\"staff\" \/>\n\t<meta name=\"twitter:label2\" content=\"Dur\u00e9e de lecture estim\u00e9e\" \/>\n\t<meta name=\"twitter:data2\" content=\"15 minutes\" \/>\n<script type=\"application\/ld+json\" class=\"yoast-schema-graph\">{\"@context\":\"https:\/\/schema.org\",\"@graph\":[{\"@type\":\"Article\",\"@id\":\"https:\/\/appsaf.apieproject.com\/news\/fr\/2022\/10\/07\/les-mille-facettes-de-la-mode-africaine\/#article\",\"isPartOf\":{\"@id\":\"https:\/\/appsaf.apieproject.com\/news\/fr\/2022\/10\/07\/les-mille-facettes-de-la-mode-africaine\/\"},\"author\":{\"name\":\"staff\",\"@id\":\"https:\/\/appsaf.apieproject.com\/news\/#\/schema\/person\/399517cac378948cd7b39086f9ddc2a7\"},\"headline\":\"Les Mille Facettes De La Mode Africaine\",\"datePublished\":\"2022-10-07T22:20:59+00:00\",\"dateModified\":\"2022-10-07T22:21:00+00:00\",\"mainEntityOfPage\":{\"@id\":\"https:\/\/appsaf.apieproject.com\/news\/fr\/2022\/10\/07\/les-mille-facettes-de-la-mode-africaine\/\"},\"wordCount\":3225,\"commentCount\":0,\"publisher\":{\"@id\":\"https:\/\/appsaf.apieproject.com\/news\/#organization\"},\"image\":{\"@id\":\"https:\/\/appsaf.apieproject.com\/news\/fr\/2022\/10\/07\/les-mille-facettes-de-la-mode-africaine\/#primaryimage\"},\"thumbnailUrl\":\"https:\/\/appsaf.apieproject.com\/news\/wp-content\/uploads\/sites\/29\/2022\/10\/000_par3326183-4f6424d481c9b7fc34d50c86e587d4c7.jpeg\",\"keywords\":[\"apie project\",\"mode\",\"mode de vie\"],\"articleSection\":[\"Mode\",\"Mode de Vie\"],\"inLanguage\":\"fr-FR\",\"potentialAction\":[{\"@type\":\"CommentAction\",\"name\":\"Comment\",\"target\":[\"https:\/\/appsaf.apieproject.com\/news\/fr\/2022\/10\/07\/les-mille-facettes-de-la-mode-africaine\/#respond\"]}]},{\"@type\":\"WebPage\",\"@id\":\"https:\/\/appsaf.apieproject.com\/news\/fr\/2022\/10\/07\/les-mille-facettes-de-la-mode-africaine\/\",\"url\":\"https:\/\/appsaf.apieproject.com\/news\/fr\/2022\/10\/07\/les-mille-facettes-de-la-mode-africaine\/\",\"name\":\"Les Mille Facettes De La Mode Africaine - APIE NEWS\",\"isPartOf\":{\"@id\":\"https:\/\/appsaf.apieproject.com\/news\/#website\"},\"primaryImageOfPage\":{\"@id\":\"https:\/\/appsaf.apieproject.com\/news\/fr\/2022\/10\/07\/les-mille-facettes-de-la-mode-africaine\/#primaryimage\"},\"image\":{\"@id\":\"https:\/\/appsaf.apieproject.com\/news\/fr\/2022\/10\/07\/les-mille-facettes-de-la-mode-africaine\/#primaryimage\"},\"thumbnailUrl\":\"https:\/\/appsaf.apieproject.com\/news\/wp-content\/uploads\/sites\/29\/2022\/10\/000_par3326183-4f6424d481c9b7fc34d50c86e587d4c7.jpeg\",\"datePublished\":\"2022-10-07T22:20:59+00:00\",\"dateModified\":\"2022-10-07T22:21:00+00:00\",\"breadcrumb\":{\"@id\":\"https:\/\/appsaf.apieproject.com\/news\/fr\/2022\/10\/07\/les-mille-facettes-de-la-mode-africaine\/#breadcrumb\"},\"inLanguage\":\"fr-FR\",\"potentialAction\":[{\"@type\":\"ReadAction\",\"target\":[\"https:\/\/appsaf.apieproject.com\/news\/fr\/2022\/10\/07\/les-mille-facettes-de-la-mode-africaine\/\"]}]},{\"@type\":\"ImageObject\",\"inLanguage\":\"fr-FR\",\"@id\":\"https:\/\/appsaf.apieproject.com\/news\/fr\/2022\/10\/07\/les-mille-facettes-de-la-mode-africaine\/#primaryimage\",\"url\":\"https:\/\/appsaf.apieproject.com\/news\/wp-content\/uploads\/sites\/29\/2022\/10\/000_par3326183-4f6424d481c9b7fc34d50c86e587d4c7.jpeg\",\"contentUrl\":\"https:\/\/appsaf.apieproject.com\/news\/wp-content\/uploads\/sites\/29\/2022\/10\/000_par3326183-4f6424d481c9b7fc34d50c86e587d4c7.jpeg\",\"width\":1060,\"height\":523},{\"@type\":\"BreadcrumbList\",\"@id\":\"https:\/\/appsaf.apieproject.com\/news\/fr\/2022\/10\/07\/les-mille-facettes-de-la-mode-africaine\/#breadcrumb\",\"itemListElement\":[{\"@type\":\"ListItem\",\"position\":1,\"name\":\"Home\",\"item\":\"https:\/\/appsaf.apieproject.com\/news\/fr\/home\/\"},{\"@type\":\"ListItem\",\"position\":2,\"name\":\"Les Mille Facettes De La Mode Africaine\"}]},{\"@type\":\"WebSite\",\"@id\":\"https:\/\/appsaf.apieproject.com\/news\/#website\",\"url\":\"https:\/\/appsaf.apieproject.com\/news\/\",\"name\":\"APIE NEWS\",\"description\":\"PANAFRICANISM NEWS PORTAL\",\"publisher\":{\"@id\":\"https:\/\/appsaf.apieproject.com\/news\/#organization\"},\"potentialAction\":[{\"@type\":\"SearchAction\",\"target\":{\"@type\":\"EntryPoint\",\"urlTemplate\":\"https:\/\/appsaf.apieproject.com\/news\/?s={search_term_string}\"},\"query-input\":{\"@type\":\"PropertyValueSpecification\",\"valueRequired\":true,\"valueName\":\"search_term_string\"}}],\"inLanguage\":\"fr-FR\"},{\"@type\":\"Organization\",\"@id\":\"https:\/\/appsaf.apieproject.com\/news\/#organization\",\"name\":\"APIE PROJECT\",\"url\":\"https:\/\/appsaf.apieproject.com\/news\/\",\"logo\":{\"@type\":\"ImageObject\",\"inLanguage\":\"fr-FR\",\"@id\":\"https:\/\/appsaf.apieproject.com\/news\/#\/schema\/logo\/image\/\",\"url\":\"https:\/\/appsaf.apieproject.com\/news\/wp-content\/uploads\/sites\/29\/2022\/07\/logo-R-TransparentBackground.png\",\"contentUrl\":\"https:\/\/appsaf.apieproject.com\/news\/wp-content\/uploads\/sites\/29\/2022\/07\/logo-R-TransparentBackground.png\",\"width\":512,\"height\":512,\"caption\":\"APIE PROJECT\"},\"image\":{\"@id\":\"https:\/\/appsaf.apieproject.com\/news\/#\/schema\/logo\/image\/\"},\"sameAs\":[\"https:\/\/facebook.com\/apieproject\",\"https:\/\/x.com\/apieproject\"]},{\"@type\":\"Person\",\"@id\":\"https:\/\/appsaf.apieproject.com\/news\/#\/schema\/person\/399517cac378948cd7b39086f9ddc2a7\",\"name\":\"staff\",\"image\":{\"@type\":\"ImageObject\",\"inLanguage\":\"fr-FR\",\"@id\":\"https:\/\/appsaf.apieproject.com\/news\/#\/schema\/person\/image\/\",\"url\":\"https:\/\/secure.gravatar.com\/avatar\/5386283c5db150efe261184bd59f072a?s=96&d=mm&r=g\",\"contentUrl\":\"https:\/\/secure.gravatar.com\/avatar\/5386283c5db150efe261184bd59f072a?s=96&d=mm&r=g\",\"caption\":\"staff\"},\"url\":\"https:\/\/appsaf.apieproject.com\/news\/fr\/author\/staff\/\"}]}<\/script>\n<!-- \/ Yoast SEO plugin. -->","yoast_head_json":{"title":"Les Mille Facettes De La Mode Africaine - APIE NEWS","robots":{"index":"index","follow":"follow","max-snippet":"max-snippet:-1","max-image-preview":"max-image-preview:large","max-video-preview":"max-video-preview:-1"},"canonical":"https:\/\/appsaf.apieproject.com\/news\/fr\/2022\/10\/07\/les-mille-facettes-de-la-mode-africaine\/","og_locale":"fr_FR","og_type":"article","og_title":"Les Mille Facettes De La Mode Africaine - APIE NEWS","og_description":"\u00c9ternelle terre d'inspiration pour les cr\u00e9ateurs occidentaux, le continent africain voit \u00e9merger un nombre croissant de talents qui enchantent l'univers de la mode.","og_url":"https:\/\/appsaf.apieproject.com\/news\/fr\/2022\/10\/07\/les-mille-facettes-de-la-mode-africaine\/","og_site_name":"APIE NEWS","article_publisher":"https:\/\/facebook.com\/apieproject","article_published_time":"2022-10-07T22:20:59+00:00","article_modified_time":"2022-10-07T22:21:00+00:00","og_image":[{"width":1060,"height":523,"url":"https:\/\/appsaf.apieproject.com\/news\/wp-content\/uploads\/sites\/29\/2022\/10\/000_par3326183-4f6424d481c9b7fc34d50c86e587d4c7.jpeg","type":"image\/jpeg"}],"author":"staff","twitter_card":"summary_large_image","twitter_creator":"@apieproject","twitter_site":"@apieproject","twitter_misc":{"\u00c9crit par":"staff","Dur\u00e9e de lecture estim\u00e9e":"15 minutes"},"schema":{"@context":"https:\/\/schema.org","@graph":[{"@type":"Article","@id":"https:\/\/appsaf.apieproject.com\/news\/fr\/2022\/10\/07\/les-mille-facettes-de-la-mode-africaine\/#article","isPartOf":{"@id":"https:\/\/appsaf.apieproject.com\/news\/fr\/2022\/10\/07\/les-mille-facettes-de-la-mode-africaine\/"},"author":{"name":"staff","@id":"https:\/\/appsaf.apieproject.com\/news\/#\/schema\/person\/399517cac378948cd7b39086f9ddc2a7"},"headline":"Les Mille Facettes De La Mode Africaine","datePublished":"2022-10-07T22:20:59+00:00","dateModified":"2022-10-07T22:21:00+00:00","mainEntityOfPage":{"@id":"https:\/\/appsaf.apieproject.com\/news\/fr\/2022\/10\/07\/les-mille-facettes-de-la-mode-africaine\/"},"wordCount":3225,"commentCount":0,"publisher":{"@id":"https:\/\/appsaf.apieproject.com\/news\/#organization"},"image":{"@id":"https:\/\/appsaf.apieproject.com\/news\/fr\/2022\/10\/07\/les-mille-facettes-de-la-mode-africaine\/#primaryimage"},"thumbnailUrl":"https:\/\/appsaf.apieproject.com\/news\/wp-content\/uploads\/sites\/29\/2022\/10\/000_par3326183-4f6424d481c9b7fc34d50c86e587d4c7.jpeg","keywords":["apie project","mode","mode de vie"],"articleSection":["Mode","Mode de Vie"],"inLanguage":"fr-FR","potentialAction":[{"@type":"CommentAction","name":"Comment","target":["https:\/\/appsaf.apieproject.com\/news\/fr\/2022\/10\/07\/les-mille-facettes-de-la-mode-africaine\/#respond"]}]},{"@type":"WebPage","@id":"https:\/\/appsaf.apieproject.com\/news\/fr\/2022\/10\/07\/les-mille-facettes-de-la-mode-africaine\/","url":"https:\/\/appsaf.apieproject.com\/news\/fr\/2022\/10\/07\/les-mille-facettes-de-la-mode-africaine\/","name":"Les Mille Facettes De La Mode Africaine - APIE NEWS","isPartOf":{"@id":"https:\/\/appsaf.apieproject.com\/news\/#website"},"primaryImageOfPage":{"@id":"https:\/\/appsaf.apieproject.com\/news\/fr\/2022\/10\/07\/les-mille-facettes-de-la-mode-africaine\/#primaryimage"},"image":{"@id":"https:\/\/appsaf.apieproject.com\/news\/fr\/2022\/10\/07\/les-mille-facettes-de-la-mode-africaine\/#primaryimage"},"thumbnailUrl":"https:\/\/appsaf.apieproject.com\/news\/wp-content\/uploads\/sites\/29\/2022\/10\/000_par3326183-4f6424d481c9b7fc34d50c86e587d4c7.jpeg","datePublished":"2022-10-07T22:20:59+00:00","dateModified":"2022-10-07T22:21:00+00:00","breadcrumb":{"@id":"https:\/\/appsaf.apieproject.com\/news\/fr\/2022\/10\/07\/les-mille-facettes-de-la-mode-africaine\/#breadcrumb"},"inLanguage":"fr-FR","potentialAction":[{"@type":"ReadAction","target":["https:\/\/appsaf.apieproject.com\/news\/fr\/2022\/10\/07\/les-mille-facettes-de-la-mode-africaine\/"]}]},{"@type":"ImageObject","inLanguage":"fr-FR","@id":"https:\/\/appsaf.apieproject.com\/news\/fr\/2022\/10\/07\/les-mille-facettes-de-la-mode-africaine\/#primaryimage","url":"https:\/\/appsaf.apieproject.com\/news\/wp-content\/uploads\/sites\/29\/2022\/10\/000_par3326183-4f6424d481c9b7fc34d50c86e587d4c7.jpeg","contentUrl":"https:\/\/appsaf.apieproject.com\/news\/wp-content\/uploads\/sites\/29\/2022\/10\/000_par3326183-4f6424d481c9b7fc34d50c86e587d4c7.jpeg","width":1060,"height":523},{"@type":"BreadcrumbList","@id":"https:\/\/appsaf.apieproject.com\/news\/fr\/2022\/10\/07\/les-mille-facettes-de-la-mode-africaine\/#breadcrumb","itemListElement":[{"@type":"ListItem","position":1,"name":"Home","item":"https:\/\/appsaf.apieproject.com\/news\/fr\/home\/"},{"@type":"ListItem","position":2,"name":"Les Mille Facettes De La Mode Africaine"}]},{"@type":"WebSite","@id":"https:\/\/appsaf.apieproject.com\/news\/#website","url":"https:\/\/appsaf.apieproject.com\/news\/","name":"APIE NEWS","description":"PANAFRICANISM NEWS PORTAL","publisher":{"@id":"https:\/\/appsaf.apieproject.com\/news\/#organization"},"potentialAction":[{"@type":"SearchAction","target":{"@type":"EntryPoint","urlTemplate":"https:\/\/appsaf.apieproject.com\/news\/?s={search_term_string}"},"query-input":{"@type":"PropertyValueSpecification","valueRequired":true,"valueName":"search_term_string"}}],"inLanguage":"fr-FR"},{"@type":"Organization","@id":"https:\/\/appsaf.apieproject.com\/news\/#organization","name":"APIE PROJECT","url":"https:\/\/appsaf.apieproject.com\/news\/","logo":{"@type":"ImageObject","inLanguage":"fr-FR","@id":"https:\/\/appsaf.apieproject.com\/news\/#\/schema\/logo\/image\/","url":"https:\/\/appsaf.apieproject.com\/news\/wp-content\/uploads\/sites\/29\/2022\/07\/logo-R-TransparentBackground.png","contentUrl":"https:\/\/appsaf.apieproject.com\/news\/wp-content\/uploads\/sites\/29\/2022\/07\/logo-R-TransparentBackground.png","width":512,"height":512,"caption":"APIE PROJECT"},"image":{"@id":"https:\/\/appsaf.apieproject.com\/news\/#\/schema\/logo\/image\/"},"sameAs":["https:\/\/facebook.com\/apieproject","https:\/\/x.com\/apieproject"]},{"@type":"Person","@id":"https:\/\/appsaf.apieproject.com\/news\/#\/schema\/person\/399517cac378948cd7b39086f9ddc2a7","name":"staff","image":{"@type":"ImageObject","inLanguage":"fr-FR","@id":"https:\/\/appsaf.apieproject.com\/news\/#\/schema\/person\/image\/","url":"https:\/\/secure.gravatar.com\/avatar\/5386283c5db150efe261184bd59f072a?s=96&d=mm&r=g","contentUrl":"https:\/\/secure.gravatar.com\/avatar\/5386283c5db150efe261184bd59f072a?s=96&d=mm&r=g","caption":"staff"},"url":"https:\/\/appsaf.apieproject.com\/news\/fr\/author\/staff\/"}]}},"_links":{"self":[{"href":"https:\/\/appsaf.apieproject.com\/news\/fr\/wp-json\/wp\/v2\/posts\/19710","targetHints":{"allow":["GET"]}}],"collection":[{"href":"https:\/\/appsaf.apieproject.com\/news\/fr\/wp-json\/wp\/v2\/posts"}],"about":[{"href":"https:\/\/appsaf.apieproject.com\/news\/fr\/wp-json\/wp\/v2\/types\/post"}],"author":[{"embeddable":true,"href":"https:\/\/appsaf.apieproject.com\/news\/fr\/wp-json\/wp\/v2\/users\/12963"}],"replies":[{"embeddable":true,"href":"https:\/\/appsaf.apieproject.com\/news\/fr\/wp-json\/wp\/v2\/comments?post=19710"}],"version-history":[{"count":1,"href":"https:\/\/appsaf.apieproject.com\/news\/fr\/wp-json\/wp\/v2\/posts\/19710\/revisions"}],"predecessor-version":[{"id":19750,"href":"https:\/\/appsaf.apieproject.com\/news\/fr\/wp-json\/wp\/v2\/posts\/19710\/revisions\/19750"}],"wp:featuredmedia":[{"embeddable":true,"href":"https:\/\/appsaf.apieproject.com\/news\/fr\/wp-json\/wp\/v2\/media\/19707"}],"wp:attachment":[{"href":"https:\/\/appsaf.apieproject.com\/news\/fr\/wp-json\/wp\/v2\/media?parent=19710"}],"wp:term":[{"taxonomy":"category","embeddable":true,"href":"https:\/\/appsaf.apieproject.com\/news\/fr\/wp-json\/wp\/v2\/categories?post=19710"},{"taxonomy":"post_tag","embeddable":true,"href":"https:\/\/appsaf.apieproject.com\/news\/fr\/wp-json\/wp\/v2\/tags?post=19710"}],"curies":[{"name":"wp","href":"https:\/\/api.w.org\/{rel}","templated":true}]}}