{"id":19927,"date":"2022-10-13T08:22:01","date_gmt":"2022-10-13T08:22:01","guid":{"rendered":"https:\/\/appsaf.apieproject.com\/news\/?p=19927"},"modified":"2022-10-13T08:22:03","modified_gmt":"2022-10-13T08:22:03","slug":"14eme-edition-du-festival-international-de-la-mode-en-afrique-demandez-le-programme","status":"publish","type":"post","link":"https:\/\/appsaf.apieproject.com\/news\/fr\/2022\/10\/13\/14eme-edition-du-festival-international-de-la-mode-en-afrique-demandez-le-programme\/","title":{"rendered":"14\u00e8me \u00c9dition Du Festival International De La Mode En Afrique : Demandez Le Programme !"},"content":{"rendered":"<p>Pr\u00e9vue du 7 au 10 d\u00e9cembre \u00e0 Chellah sous le Haut patronage de SM le Roi Mohammed VI avec le soutien du minist\u00e8re de la Jeunesse, de la Culture et de la Communication en c\u00e9l\u00e9bration de \u00ab\u00a0Rabat, capitale de la culture africaine\u00a0\u00bb, cette \u00e9dition vise \u00e0 montrer le potentiel du continent africain dans les domaines de la mode et de la cr\u00e9ation et d&rsquo;en faire un hub international en la mati\u00e8re.<\/p>\n<p>Le FIMA a \u00e9t\u00e9 fond\u00e9 par Seidnaly Sidi Ahmed alias Alphadi, d\u00e9sign\u00e9 en 2015 \u00ab\u00a0artiste de la paix pour l&rsquo;Unesco\u00a0\u00bb, ambassadeur de bonne volont\u00e9 de l\u2019Unesco pour l\u2019innovation et la cr\u00e9ation africaine et membre des Cit\u00e9s et Gouvernements Locaux Unis d&rsquo;Afrique (CGLU Afrique).<\/p>\n<p>Dans une allocution, le pr\u00e9sident-fondateur du festival, Seidnaly Sidi Ahmed, a indiqu\u00e9 que cette \u00e9dition \u00ab\u00a0sera une occasion de mettre en exergue l&rsquo;identit\u00e9 culturelle du continent, ainsi que ses potentialit\u00e9s \u00e9conomiques qui seront au centre des d\u00e9bats des diff\u00e9rentes rencontres pr\u00e9vues au programme\u00a0\u00bb.<\/p>\n<p>\u00ab\u00a0Un \u00e9v\u00e8nement de la taille de &lsquo;Rabat, Capitale Africaine de la Culture&rsquo; m\u00e9rite l&rsquo;adh\u00e9sion de nous tous, artistes, hommes de lettres, acteurs culturels, d\u00e9cideurs politiques et m\u00e9dias, afin de nous inscrire dans la dynamique du th\u00e8me que nous avons choisi pour cette \u00e9dition \u00e0 savoir &lsquo;La synergie des cultures pour le d\u00e9veloppement de l\u2019Afrique'\u00a0\u00bb, a insist\u00e9 M. Sidi Ahmed.<\/p>\n<p>Selon lui, \u00ab\u00a0la pertinence de ce th\u00e8me nous interpelle \u00e0 tout point de vue, car nous sommes d\u00e9tenteurs d&rsquo;un h\u00e9ritage dont la richesse est inestimable, il nous appartient de l\u00e9guer aux g\u00e9n\u00e9rations futures ce pr\u00e9cieux tr\u00e9sor dans toute sa pl\u00e9nitude, car il est incontestablement un outil incontournable et fondamental pour un d\u00e9veloppement durable et une paix permanente\u00a0\u00bb.<\/p>\n<p>Intervenant \u00e0 cette occasion, Jean Pierre Elong Mbassi, secr\u00e9taire g\u00e9n\u00e9ral de CGLU Afrique, a indiqu\u00e9 que le choix de la ville de Rabat pour \u00eatre la toute premi\u00e8re capitale africaine de la culture comporte un message fort faisant de la ville \u00ab\u00a0le porte-flambeau de tout ce que l&rsquo;Afrique a d&rsquo;excellent dans les domaines des arts, du patrimoine, de la culture et des industries cr\u00e9atives\u00a0\u00bb.<\/p>\n<p>\u00ab\u00a0Rabat a tout pour devenir une place culturelle d&rsquo;aura mondiale, notamment par son infrastructure culturelle et par l&rsquo;engagement de ses acteurs culturels\u00a0\u00bb, a affirm\u00e9 M. Elong Mbassi, ajoutant que CGLU Afrique \u0153uvrera pour qu'\u00a0\u00bbau terme de sa c\u00e9l\u00e9bration comme capitale africaine de la culture, Rabat fasse d\u00e9sormais partie de l&rsquo;\u00e9cosyst\u00e8me culturel mondial et soit une place du march\u00e9 mondial de la culture\u00a0\u00bb.<\/p>\n<p>De son c\u00f4t\u00e9, l&rsquo;ambassadeur du Niger au Maroc, Ada Salissou, a affirm\u00e9 que le FIMA, qui vient renforcer le processus de \u00ab\u00a0Rabat, capitale africaine de la culture\u00a0\u00bb, constitue une source de fiert\u00e9 pour le continent africain puisqu&rsquo;il contribue au rayonnement mondial de la culture africaine.<\/p>\n<p>Rappelant que la premi\u00e8re \u00e9dition du festival a vu le jour en 1998 dans le d\u00e9sert du Niger pour c\u00e9l\u00e9brer le retour de la paix entre les Nig\u00e9riens apr\u00e8s des ann\u00e9es d&rsquo;un conflit fratricide, M. Salissou a fait remarquer que \u00ab\u00a0le FIMA c&rsquo;est d&rsquo;abord l&rsquo;expression de la paix entre les peuples et un espace de rencontres qui r\u00e9unit des cr\u00e9ateurs des cinq continents pour se conna\u00eetre, \u00e9changer et vivifier la culture qui est le meilleur moyen de cimenter la paix entre les peuples\u00a0\u00bb.<\/p>\n<p>Depuis sa cr\u00e9ation, le festival \u00ab\u00a0donne l&rsquo;occasion aux jeunes cr\u00e9ateurs africains qui ont de belles id\u00e9es de les exprimer et de les exposer aux yeux du monde\u00a0\u00bb, a soulign\u00e9 le diplomate nig\u00e9rien, ajoutant que \u00ab\u00a0cette 14\u00e8me \u00e9dition ne fera pas l&rsquo;exception\u00a0\u00bb.<\/p>\n<p>Lanc\u00e9 en 1998, le festival international de la mode en Afrique est un \u00e9v\u00e9nement artistique et culturel unique d&rsquo;envergure internationale qui se tient tous les deux ans.<\/p>\n<p>La programmation de cette ann\u00e9e comprend, outre les d\u00e9fil\u00e9s et les spectacles, des comp\u00e9titions pour valoriser les meilleurs stylistes d&rsquo;Afrique et de sa diaspora dans les cat\u00e9gories de la maroquinerie, des bijoux et accessoires de mode et des Tops Models.<\/p>\n<p>Sont \u00e9galement pr\u00e9vues des tables rondes ax\u00e9es, entre autres, sur les th\u00e8mes du financement de la mode et de la cr\u00e9ation, la protection de la propri\u00e9t\u00e9 intellectuelle et des appellations d&rsquo;origine des cr\u00e9ations africaines et l&rsquo;utilisation des nouvelles technologies dans la production et le marketing.<\/p>\n","protected":false},"excerpt":{"rendered":"<p>Le programme de la 14\u00e8me \u00e9dition du Festival international de la mode en Afrique (FIMA 2022), plac\u00e9e sous le th\u00e8me \u00ab\u00a0La synergie des cultures pour le d\u00e9veloppement de l&rsquo;Afrique\u00a0\u00bb, a \u00e9t\u00e9 pr\u00e9sent\u00e9 r\u00e9cemment \u00e0 Rabat.<\/p>\n","protected":false},"author":12963,"featured_media":19924,"comment_status":"open","ping_status":"open","sticky":false,"template":"","format":"standard","meta":{"footnotes":""},"categories":[57,63],"tags":[78,95,94],"class_list":{"0":"post-19927","1":"post","2":"type-post","3":"status-publish","4":"format-standard","5":"has-post-thumbnail","7":"category-mode","8":"category-mode-de-vie","9":"tag-apie-project-2","10":"tag-mode","11":"tag-mode-de-vie"},"yoast_head":"<!-- This site is optimized with the Yoast SEO plugin v24.4 - https:\/\/yoast.com\/wordpress\/plugins\/seo\/ -->\n<title>14\u00e8me \u00c9dition Du Festival International De La Mode En Afrique : Demandez Le Programme ! - APIE NEWS<\/title>\n<meta name=\"robots\" content=\"index, follow, max-snippet:-1, max-image-preview:large, max-video-preview:-1\" \/>\n<link rel=\"canonical\" href=\"https:\/\/appsaf.apieproject.com\/news\/fr\/2022\/10\/13\/14eme-edition-du-festival-international-de-la-mode-en-afrique-demandez-le-programme\/\" \/>\n<meta property=\"og:locale\" content=\"fr_FR\" \/>\n<meta property=\"og:type\" content=\"article\" \/>\n<meta property=\"og:title\" content=\"14\u00e8me \u00c9dition Du Festival International De La Mode En Afrique : Demandez Le Programme ! - APIE NEWS\" \/>\n<meta property=\"og:description\" content=\"Le programme de la 14\u00e8me \u00e9dition du Festival international de la mode en Afrique (FIMA 2022), plac\u00e9e sous le th\u00e8me &quot;La synergie des cultures pour le d\u00e9veloppement de l&#039;Afrique&quot;, a \u00e9t\u00e9 pr\u00e9sent\u00e9 r\u00e9cemment \u00e0 Rabat.\" \/>\n<meta property=\"og:url\" content=\"https:\/\/appsaf.apieproject.com\/news\/fr\/2022\/10\/13\/14eme-edition-du-festival-international-de-la-mode-en-afrique-demandez-le-programme\/\" \/>\n<meta property=\"og:site_name\" content=\"APIE NEWS\" \/>\n<meta property=\"article:publisher\" content=\"https:\/\/facebook.com\/apieproject\" \/>\n<meta property=\"article:published_time\" content=\"2022-10-13T08:22:01+00:00\" \/>\n<meta property=\"article:modified_time\" content=\"2022-10-13T08:22:03+00:00\" \/>\n<meta property=\"og:image\" content=\"https:\/\/appsaf.apieproject.com\/news\/wp-content\/uploads\/sites\/29\/2022\/10\/mode-c11fbda2071b5bc327e5f63bb4582129.jpg\" \/>\n\t<meta property=\"og:image:width\" content=\"1072\" \/>\n\t<meta property=\"og:image:height\" content=\"602\" \/>\n\t<meta property=\"og:image:type\" content=\"image\/jpeg\" \/>\n<meta name=\"author\" content=\"staff\" \/>\n<meta name=\"twitter:card\" content=\"summary_large_image\" \/>\n<meta name=\"twitter:creator\" content=\"@apieproject\" \/>\n<meta name=\"twitter:site\" content=\"@apieproject\" \/>\n<meta name=\"twitter:label1\" content=\"\u00c9crit par\" \/>\n\t<meta name=\"twitter:data1\" content=\"staff\" \/>\n\t<meta name=\"twitter:label2\" content=\"Dur\u00e9e de lecture estim\u00e9e\" \/>\n\t<meta name=\"twitter:data2\" content=\"4 minutes\" \/>\n<script type=\"application\/ld+json\" class=\"yoast-schema-graph\">{\"@context\":\"https:\/\/schema.org\",\"@graph\":[{\"@type\":\"Article\",\"@id\":\"https:\/\/appsaf.apieproject.com\/news\/fr\/2022\/10\/13\/14eme-edition-du-festival-international-de-la-mode-en-afrique-demandez-le-programme\/#article\",\"isPartOf\":{\"@id\":\"https:\/\/appsaf.apieproject.com\/news\/fr\/2022\/10\/13\/14eme-edition-du-festival-international-de-la-mode-en-afrique-demandez-le-programme\/\"},\"author\":{\"name\":\"staff\",\"@id\":\"https:\/\/appsaf.apieproject.com\/news\/#\/schema\/person\/399517cac378948cd7b39086f9ddc2a7\"},\"headline\":\"14\u00e8me \u00c9dition Du Festival International De La Mode En Afrique : Demandez Le Programme !\",\"datePublished\":\"2022-10-13T08:22:01+00:00\",\"dateModified\":\"2022-10-13T08:22:03+00:00\",\"mainEntityOfPage\":{\"@id\":\"https:\/\/appsaf.apieproject.com\/news\/fr\/2022\/10\/13\/14eme-edition-du-festival-international-de-la-mode-en-afrique-demandez-le-programme\/\"},\"wordCount\":778,\"commentCount\":0,\"publisher\":{\"@id\":\"https:\/\/appsaf.apieproject.com\/news\/#organization\"},\"image\":{\"@id\":\"https:\/\/appsaf.apieproject.com\/news\/fr\/2022\/10\/13\/14eme-edition-du-festival-international-de-la-mode-en-afrique-demandez-le-programme\/#primaryimage\"},\"thumbnailUrl\":\"https:\/\/appsaf.apieproject.com\/news\/wp-content\/uploads\/sites\/29\/2022\/10\/mode-c11fbda2071b5bc327e5f63bb4582129.jpg\",\"keywords\":[\"apie project\",\"mode\",\"mode de vie\"],\"articleSection\":[\"Mode\",\"Mode de Vie\"],\"inLanguage\":\"fr-FR\",\"potentialAction\":[{\"@type\":\"CommentAction\",\"name\":\"Comment\",\"target\":[\"https:\/\/appsaf.apieproject.com\/news\/fr\/2022\/10\/13\/14eme-edition-du-festival-international-de-la-mode-en-afrique-demandez-le-programme\/#respond\"]}]},{\"@type\":\"WebPage\",\"@id\":\"https:\/\/appsaf.apieproject.com\/news\/fr\/2022\/10\/13\/14eme-edition-du-festival-international-de-la-mode-en-afrique-demandez-le-programme\/\",\"url\":\"https:\/\/appsaf.apieproject.com\/news\/fr\/2022\/10\/13\/14eme-edition-du-festival-international-de-la-mode-en-afrique-demandez-le-programme\/\",\"name\":\"14\u00e8me \u00c9dition Du Festival International De La Mode En Afrique : Demandez Le Programme ! - APIE NEWS\",\"isPartOf\":{\"@id\":\"https:\/\/appsaf.apieproject.com\/news\/#website\"},\"primaryImageOfPage\":{\"@id\":\"https:\/\/appsaf.apieproject.com\/news\/fr\/2022\/10\/13\/14eme-edition-du-festival-international-de-la-mode-en-afrique-demandez-le-programme\/#primaryimage\"},\"image\":{\"@id\":\"https:\/\/appsaf.apieproject.com\/news\/fr\/2022\/10\/13\/14eme-edition-du-festival-international-de-la-mode-en-afrique-demandez-le-programme\/#primaryimage\"},\"thumbnailUrl\":\"https:\/\/appsaf.apieproject.com\/news\/wp-content\/uploads\/sites\/29\/2022\/10\/mode-c11fbda2071b5bc327e5f63bb4582129.jpg\",\"datePublished\":\"2022-10-13T08:22:01+00:00\",\"dateModified\":\"2022-10-13T08:22:03+00:00\",\"breadcrumb\":{\"@id\":\"https:\/\/appsaf.apieproject.com\/news\/fr\/2022\/10\/13\/14eme-edition-du-festival-international-de-la-mode-en-afrique-demandez-le-programme\/#breadcrumb\"},\"inLanguage\":\"fr-FR\",\"potentialAction\":[{\"@type\":\"ReadAction\",\"target\":[\"https:\/\/appsaf.apieproject.com\/news\/fr\/2022\/10\/13\/14eme-edition-du-festival-international-de-la-mode-en-afrique-demandez-le-programme\/\"]}]},{\"@type\":\"ImageObject\",\"inLanguage\":\"fr-FR\",\"@id\":\"https:\/\/appsaf.apieproject.com\/news\/fr\/2022\/10\/13\/14eme-edition-du-festival-international-de-la-mode-en-afrique-demandez-le-programme\/#primaryimage\",\"url\":\"https:\/\/appsaf.apieproject.com\/news\/wp-content\/uploads\/sites\/29\/2022\/10\/mode-c11fbda2071b5bc327e5f63bb4582129.jpg\",\"contentUrl\":\"https:\/\/appsaf.apieproject.com\/news\/wp-content\/uploads\/sites\/29\/2022\/10\/mode-c11fbda2071b5bc327e5f63bb4582129.jpg\",\"width\":1072,\"height\":602},{\"@type\":\"BreadcrumbList\",\"@id\":\"https:\/\/appsaf.apieproject.com\/news\/fr\/2022\/10\/13\/14eme-edition-du-festival-international-de-la-mode-en-afrique-demandez-le-programme\/#breadcrumb\",\"itemListElement\":[{\"@type\":\"ListItem\",\"position\":1,\"name\":\"Home\",\"item\":\"https:\/\/appsaf.apieproject.com\/news\/fr\/home\/\"},{\"@type\":\"ListItem\",\"position\":2,\"name\":\"14\u00e8me \u00c9dition Du Festival International De La Mode En Afrique : Demandez Le Programme !\"}]},{\"@type\":\"WebSite\",\"@id\":\"https:\/\/appsaf.apieproject.com\/news\/#website\",\"url\":\"https:\/\/appsaf.apieproject.com\/news\/\",\"name\":\"APIE NEWS\",\"description\":\"PANAFRICANISM NEWS PORTAL\",\"publisher\":{\"@id\":\"https:\/\/appsaf.apieproject.com\/news\/#organization\"},\"potentialAction\":[{\"@type\":\"SearchAction\",\"target\":{\"@type\":\"EntryPoint\",\"urlTemplate\":\"https:\/\/appsaf.apieproject.com\/news\/?s={search_term_string}\"},\"query-input\":{\"@type\":\"PropertyValueSpecification\",\"valueRequired\":true,\"valueName\":\"search_term_string\"}}],\"inLanguage\":\"fr-FR\"},{\"@type\":\"Organization\",\"@id\":\"https:\/\/appsaf.apieproject.com\/news\/#organization\",\"name\":\"APIE PROJECT\",\"url\":\"https:\/\/appsaf.apieproject.com\/news\/\",\"logo\":{\"@type\":\"ImageObject\",\"inLanguage\":\"fr-FR\",\"@id\":\"https:\/\/appsaf.apieproject.com\/news\/#\/schema\/logo\/image\/\",\"url\":\"https:\/\/appsaf.apieproject.com\/news\/wp-content\/uploads\/sites\/29\/2022\/07\/logo-R-TransparentBackground.png\",\"contentUrl\":\"https:\/\/appsaf.apieproject.com\/news\/wp-content\/uploads\/sites\/29\/2022\/07\/logo-R-TransparentBackground.png\",\"width\":512,\"height\":512,\"caption\":\"APIE PROJECT\"},\"image\":{\"@id\":\"https:\/\/appsaf.apieproject.com\/news\/#\/schema\/logo\/image\/\"},\"sameAs\":[\"https:\/\/facebook.com\/apieproject\",\"https:\/\/x.com\/apieproject\"]},{\"@type\":\"Person\",\"@id\":\"https:\/\/appsaf.apieproject.com\/news\/#\/schema\/person\/399517cac378948cd7b39086f9ddc2a7\",\"name\":\"staff\",\"image\":{\"@type\":\"ImageObject\",\"inLanguage\":\"fr-FR\",\"@id\":\"https:\/\/appsaf.apieproject.com\/news\/#\/schema\/person\/image\/\",\"url\":\"https:\/\/secure.gravatar.com\/avatar\/5386283c5db150efe261184bd59f072a?s=96&d=mm&r=g\",\"contentUrl\":\"https:\/\/secure.gravatar.com\/avatar\/5386283c5db150efe261184bd59f072a?s=96&d=mm&r=g\",\"caption\":\"staff\"},\"url\":\"https:\/\/appsaf.apieproject.com\/news\/fr\/author\/staff\/\"}]}<\/script>\n<!-- \/ Yoast SEO plugin. -->","yoast_head_json":{"title":"14\u00e8me \u00c9dition Du Festival International De La Mode En Afrique : Demandez Le Programme ! - APIE NEWS","robots":{"index":"index","follow":"follow","max-snippet":"max-snippet:-1","max-image-preview":"max-image-preview:large","max-video-preview":"max-video-preview:-1"},"canonical":"https:\/\/appsaf.apieproject.com\/news\/fr\/2022\/10\/13\/14eme-edition-du-festival-international-de-la-mode-en-afrique-demandez-le-programme\/","og_locale":"fr_FR","og_type":"article","og_title":"14\u00e8me \u00c9dition Du Festival International De La Mode En Afrique : Demandez Le Programme ! - APIE NEWS","og_description":"Le programme de la 14\u00e8me \u00e9dition du Festival international de la mode en Afrique (FIMA 2022), plac\u00e9e sous le th\u00e8me \"La synergie des cultures pour le d\u00e9veloppement de l'Afrique\", a \u00e9t\u00e9 pr\u00e9sent\u00e9 r\u00e9cemment \u00e0 Rabat.","og_url":"https:\/\/appsaf.apieproject.com\/news\/fr\/2022\/10\/13\/14eme-edition-du-festival-international-de-la-mode-en-afrique-demandez-le-programme\/","og_site_name":"APIE NEWS","article_publisher":"https:\/\/facebook.com\/apieproject","article_published_time":"2022-10-13T08:22:01+00:00","article_modified_time":"2022-10-13T08:22:03+00:00","og_image":[{"width":1072,"height":602,"url":"https:\/\/appsaf.apieproject.com\/news\/wp-content\/uploads\/sites\/29\/2022\/10\/mode-c11fbda2071b5bc327e5f63bb4582129.jpg","type":"image\/jpeg"}],"author":"staff","twitter_card":"summary_large_image","twitter_creator":"@apieproject","twitter_site":"@apieproject","twitter_misc":{"\u00c9crit par":"staff","Dur\u00e9e de lecture estim\u00e9e":"4 minutes"},"schema":{"@context":"https:\/\/schema.org","@graph":[{"@type":"Article","@id":"https:\/\/appsaf.apieproject.com\/news\/fr\/2022\/10\/13\/14eme-edition-du-festival-international-de-la-mode-en-afrique-demandez-le-programme\/#article","isPartOf":{"@id":"https:\/\/appsaf.apieproject.com\/news\/fr\/2022\/10\/13\/14eme-edition-du-festival-international-de-la-mode-en-afrique-demandez-le-programme\/"},"author":{"name":"staff","@id":"https:\/\/appsaf.apieproject.com\/news\/#\/schema\/person\/399517cac378948cd7b39086f9ddc2a7"},"headline":"14\u00e8me \u00c9dition Du Festival International De La Mode En Afrique : Demandez Le Programme !","datePublished":"2022-10-13T08:22:01+00:00","dateModified":"2022-10-13T08:22:03+00:00","mainEntityOfPage":{"@id":"https:\/\/appsaf.apieproject.com\/news\/fr\/2022\/10\/13\/14eme-edition-du-festival-international-de-la-mode-en-afrique-demandez-le-programme\/"},"wordCount":778,"commentCount":0,"publisher":{"@id":"https:\/\/appsaf.apieproject.com\/news\/#organization"},"image":{"@id":"https:\/\/appsaf.apieproject.com\/news\/fr\/2022\/10\/13\/14eme-edition-du-festival-international-de-la-mode-en-afrique-demandez-le-programme\/#primaryimage"},"thumbnailUrl":"https:\/\/appsaf.apieproject.com\/news\/wp-content\/uploads\/sites\/29\/2022\/10\/mode-c11fbda2071b5bc327e5f63bb4582129.jpg","keywords":["apie project","mode","mode de vie"],"articleSection":["Mode","Mode de Vie"],"inLanguage":"fr-FR","potentialAction":[{"@type":"CommentAction","name":"Comment","target":["https:\/\/appsaf.apieproject.com\/news\/fr\/2022\/10\/13\/14eme-edition-du-festival-international-de-la-mode-en-afrique-demandez-le-programme\/#respond"]}]},{"@type":"WebPage","@id":"https:\/\/appsaf.apieproject.com\/news\/fr\/2022\/10\/13\/14eme-edition-du-festival-international-de-la-mode-en-afrique-demandez-le-programme\/","url":"https:\/\/appsaf.apieproject.com\/news\/fr\/2022\/10\/13\/14eme-edition-du-festival-international-de-la-mode-en-afrique-demandez-le-programme\/","name":"14\u00e8me \u00c9dition Du Festival International De La Mode En Afrique : Demandez Le Programme ! - APIE NEWS","isPartOf":{"@id":"https:\/\/appsaf.apieproject.com\/news\/#website"},"primaryImageOfPage":{"@id":"https:\/\/appsaf.apieproject.com\/news\/fr\/2022\/10\/13\/14eme-edition-du-festival-international-de-la-mode-en-afrique-demandez-le-programme\/#primaryimage"},"image":{"@id":"https:\/\/appsaf.apieproject.com\/news\/fr\/2022\/10\/13\/14eme-edition-du-festival-international-de-la-mode-en-afrique-demandez-le-programme\/#primaryimage"},"thumbnailUrl":"https:\/\/appsaf.apieproject.com\/news\/wp-content\/uploads\/sites\/29\/2022\/10\/mode-c11fbda2071b5bc327e5f63bb4582129.jpg","datePublished":"2022-10-13T08:22:01+00:00","dateModified":"2022-10-13T08:22:03+00:00","breadcrumb":{"@id":"https:\/\/appsaf.apieproject.com\/news\/fr\/2022\/10\/13\/14eme-edition-du-festival-international-de-la-mode-en-afrique-demandez-le-programme\/#breadcrumb"},"inLanguage":"fr-FR","potentialAction":[{"@type":"ReadAction","target":["https:\/\/appsaf.apieproject.com\/news\/fr\/2022\/10\/13\/14eme-edition-du-festival-international-de-la-mode-en-afrique-demandez-le-programme\/"]}]},{"@type":"ImageObject","inLanguage":"fr-FR","@id":"https:\/\/appsaf.apieproject.com\/news\/fr\/2022\/10\/13\/14eme-edition-du-festival-international-de-la-mode-en-afrique-demandez-le-programme\/#primaryimage","url":"https:\/\/appsaf.apieproject.com\/news\/wp-content\/uploads\/sites\/29\/2022\/10\/mode-c11fbda2071b5bc327e5f63bb4582129.jpg","contentUrl":"https:\/\/appsaf.apieproject.com\/news\/wp-content\/uploads\/sites\/29\/2022\/10\/mode-c11fbda2071b5bc327e5f63bb4582129.jpg","width":1072,"height":602},{"@type":"BreadcrumbList","@id":"https:\/\/appsaf.apieproject.com\/news\/fr\/2022\/10\/13\/14eme-edition-du-festival-international-de-la-mode-en-afrique-demandez-le-programme\/#breadcrumb","itemListElement":[{"@type":"ListItem","position":1,"name":"Home","item":"https:\/\/appsaf.apieproject.com\/news\/fr\/home\/"},{"@type":"ListItem","position":2,"name":"14\u00e8me \u00c9dition Du Festival International De La Mode En Afrique : Demandez Le Programme !"}]},{"@type":"WebSite","@id":"https:\/\/appsaf.apieproject.com\/news\/#website","url":"https:\/\/appsaf.apieproject.com\/news\/","name":"APIE NEWS","description":"PANAFRICANISM NEWS PORTAL","publisher":{"@id":"https:\/\/appsaf.apieproject.com\/news\/#organization"},"potentialAction":[{"@type":"SearchAction","target":{"@type":"EntryPoint","urlTemplate":"https:\/\/appsaf.apieproject.com\/news\/?s={search_term_string}"},"query-input":{"@type":"PropertyValueSpecification","valueRequired":true,"valueName":"search_term_string"}}],"inLanguage":"fr-FR"},{"@type":"Organization","@id":"https:\/\/appsaf.apieproject.com\/news\/#organization","name":"APIE PROJECT","url":"https:\/\/appsaf.apieproject.com\/news\/","logo":{"@type":"ImageObject","inLanguage":"fr-FR","@id":"https:\/\/appsaf.apieproject.com\/news\/#\/schema\/logo\/image\/","url":"https:\/\/appsaf.apieproject.com\/news\/wp-content\/uploads\/sites\/29\/2022\/07\/logo-R-TransparentBackground.png","contentUrl":"https:\/\/appsaf.apieproject.com\/news\/wp-content\/uploads\/sites\/29\/2022\/07\/logo-R-TransparentBackground.png","width":512,"height":512,"caption":"APIE PROJECT"},"image":{"@id":"https:\/\/appsaf.apieproject.com\/news\/#\/schema\/logo\/image\/"},"sameAs":["https:\/\/facebook.com\/apieproject","https:\/\/x.com\/apieproject"]},{"@type":"Person","@id":"https:\/\/appsaf.apieproject.com\/news\/#\/schema\/person\/399517cac378948cd7b39086f9ddc2a7","name":"staff","image":{"@type":"ImageObject","inLanguage":"fr-FR","@id":"https:\/\/appsaf.apieproject.com\/news\/#\/schema\/person\/image\/","url":"https:\/\/secure.gravatar.com\/avatar\/5386283c5db150efe261184bd59f072a?s=96&d=mm&r=g","contentUrl":"https:\/\/secure.gravatar.com\/avatar\/5386283c5db150efe261184bd59f072a?s=96&d=mm&r=g","caption":"staff"},"url":"https:\/\/appsaf.apieproject.com\/news\/fr\/author\/staff\/"}]}},"_links":{"self":[{"href":"https:\/\/appsaf.apieproject.com\/news\/fr\/wp-json\/wp\/v2\/posts\/19927","targetHints":{"allow":["GET"]}}],"collection":[{"href":"https:\/\/appsaf.apieproject.com\/news\/fr\/wp-json\/wp\/v2\/posts"}],"about":[{"href":"https:\/\/appsaf.apieproject.com\/news\/fr\/wp-json\/wp\/v2\/types\/post"}],"author":[{"embeddable":true,"href":"https:\/\/appsaf.apieproject.com\/news\/fr\/wp-json\/wp\/v2\/users\/12963"}],"replies":[{"embeddable":true,"href":"https:\/\/appsaf.apieproject.com\/news\/fr\/wp-json\/wp\/v2\/comments?post=19927"}],"version-history":[{"count":1,"href":"https:\/\/appsaf.apieproject.com\/news\/fr\/wp-json\/wp\/v2\/posts\/19927\/revisions"}],"predecessor-version":[{"id":20089,"href":"https:\/\/appsaf.apieproject.com\/news\/fr\/wp-json\/wp\/v2\/posts\/19927\/revisions\/20089"}],"wp:featuredmedia":[{"embeddable":true,"href":"https:\/\/appsaf.apieproject.com\/news\/fr\/wp-json\/wp\/v2\/media\/19924"}],"wp:attachment":[{"href":"https:\/\/appsaf.apieproject.com\/news\/fr\/wp-json\/wp\/v2\/media?parent=19927"}],"wp:term":[{"taxonomy":"category","embeddable":true,"href":"https:\/\/appsaf.apieproject.com\/news\/fr\/wp-json\/wp\/v2\/categories?post=19927"},{"taxonomy":"post_tag","embeddable":true,"href":"https:\/\/appsaf.apieproject.com\/news\/fr\/wp-json\/wp\/v2\/tags?post=19927"}],"curies":[{"name":"wp","href":"https:\/\/api.w.org\/{rel}","templated":true}]}}