{"id":20217,"date":"2022-10-19T19:11:13","date_gmt":"2022-10-19T19:11:13","guid":{"rendered":"https:\/\/appsaf.apieproject.com\/news\/?p=20217"},"modified":"2022-10-19T19:11:15","modified_gmt":"2022-10-19T19:11:15","slug":"saden-la-sauce-konkoe-sur-la-liste-des-plats-phares-de-la-gastronomie-africaine","status":"publish","type":"post","link":"https:\/\/appsaf.apieproject.com\/news\/fr\/2022\/10\/19\/saden-la-sauce-konkoe-sur-la-liste-des-plats-phares-de-la-gastronomie-africaine\/","title":{"rendered":"SADEN. La Sauce Konko\u00e9 Sur La Liste Des Plats Phares De La Gastronomie Africaine"},"content":{"rendered":"<p>Pour Lamine Guirassy, les femmes doivent oser arracher les postes. \u00ab Je leur demande d\u2019oser. Ce n\u2019est pas parce qu\u2019on est femme, qu\u2019on est limit\u00e9. Il y a des gens qu\u2019on motive souvent, ou qu\u2019on essaye de r\u00e9veiller par des actes\u2026 Si j\u2019ai un appel \u00e0 lancer surtout sur notre corporation. Force est de reconna\u00eetre qu\u2019on a plus d\u2019hommes patrons que de femmes. \u00c0 part Aissatou B\u00e9la Diallo de Libert\u00e9 fm, est-ce qu\u2019on a aujourd\u2019hui des femmes qui se d\u00e9marquent de ce c\u00f4t\u00e9 ? Il faut surtout oser, parce que les places s\u2019arrachent. Il ne faut pas qu\u2019on soit l\u00e0 \u00e0 dire je vais avoir piti\u00e9 d\u2019elle parce que c\u2019est une femme. Ce c\u00f4t\u00e9 piti\u00e9 doit changer et qu\u2019on se dise on a cette place-l\u00e0 parce que tout simplement on la m\u00e9rite. Pour moi c\u2019est beaucoup plus important \u00bb, a-t-il enseign\u00e9.<\/p>\n<p>Quant au secr\u00e9taire g\u00e9n\u00e9ral du minist\u00e8re de la Culture, Fran\u00e7ois Bourouno, il a donn\u00e9 une bonne nouvelle par rapport \u00e0 une sp\u00e9cialit\u00e9 guin\u00e9enne. \u00ab Je vais vous partager l\u2019information qu\u2019il y a une jeune dame guin\u00e9enne, Fatoumata Binta Barry, qui a r\u00e9ussi \u00e0 inscrire le plat du Konko\u00e9 guin\u00e9en sur la liste des plats phares de la gastronomie africaine. D\u2019ailleurs le minist\u00e8re est en train de pr\u00e9parer la remise officielle du livre de l\u2019organisation mondiale du tourisme \u00e0 cette dame. Nous sommes en train d\u2019inscrire le Konko\u00e9 sur la liste indicative du patrimoine mondial. Et apr\u00e8s cette liste, nous allons travailler pour pr\u00e9senter le Konko\u00e9 comme bien candidat \u00e0 l\u2019inscription sur la liste du patrimoine de l\u2019UNESCO. Voil\u00e0, le travail est en cours \u00bb, a-t-il r\u00e9v\u00e9l\u00e9.<\/p>\n","protected":false},"excerpt":{"rendered":"<p>La 4\u00e8 \u00e9dition du SADEN s\u2019est poursuivie ce jeudi \u00e0 travers divers panels. Le panel portant le th\u00e8me \u00ab Industrie Culturelle et cr\u00e9ative : moteur de croissance \u00e9conomique. Divertissement-Tourisme-Artisanat \u00bb a regroup\u00e9 plusieurs personnes ressources.<\/p>\n","protected":false},"author":12963,"featured_media":20214,"comment_status":"open","ping_status":"open","sticky":false,"template":"","format":"standard","meta":{"footnotes":""},"categories":[55,63],"tags":[78,88,94],"class_list":{"0":"post-20217","1":"post","2":"type-post","3":"status-publish","4":"format-standard","5":"has-post-thumbnail","7":"category-divertissement","8":"category-mode-de-vie","9":"tag-apie-project-2","10":"tag-divertissement","11":"tag-mode-de-vie"},"yoast_head":"<!-- This site is optimized with the Yoast SEO plugin v24.4 - https:\/\/yoast.com\/wordpress\/plugins\/seo\/ -->\n<title>SADEN. La Sauce Konko\u00e9 Sur La Liste Des Plats Phares De La Gastronomie Africaine - APIE NEWS<\/title>\n<meta name=\"robots\" content=\"index, follow, max-snippet:-1, max-image-preview:large, max-video-preview:-1\" \/>\n<link rel=\"canonical\" href=\"https:\/\/appsaf.apieproject.com\/news\/fr\/2022\/10\/19\/saden-la-sauce-konkoe-sur-la-liste-des-plats-phares-de-la-gastronomie-africaine\/\" \/>\n<meta property=\"og:locale\" content=\"fr_FR\" \/>\n<meta property=\"og:type\" content=\"article\" \/>\n<meta property=\"og:title\" content=\"SADEN. La Sauce Konko\u00e9 Sur La Liste Des Plats Phares De La Gastronomie Africaine - APIE NEWS\" \/>\n<meta property=\"og:description\" content=\"La 4\u00e8 \u00e9dition du SADEN s\u2019est poursuivie ce jeudi \u00e0 travers divers panels. Le panel portant le th\u00e8me \u00ab Industrie Culturelle et cr\u00e9ative : moteur de croissance \u00e9conomique. Divertissement-Tourisme-Artisanat \u00bb a regroup\u00e9 plusieurs personnes ressources.\" \/>\n<meta property=\"og:url\" content=\"https:\/\/appsaf.apieproject.com\/news\/fr\/2022\/10\/19\/saden-la-sauce-konkoe-sur-la-liste-des-plats-phares-de-la-gastronomie-africaine\/\" \/>\n<meta property=\"og:site_name\" content=\"APIE NEWS\" \/>\n<meta property=\"article:publisher\" content=\"https:\/\/facebook.com\/apieproject\" \/>\n<meta property=\"article:published_time\" content=\"2022-10-19T19:11:13+00:00\" \/>\n<meta property=\"article:modified_time\" content=\"2022-10-19T19:11:15+00:00\" \/>\n<meta property=\"og:image\" content=\"https:\/\/appsaf.apieproject.com\/news\/wp-content\/uploads\/sites\/29\/2022\/10\/konkoe-696x391-93492757c23782834aaeabc5fa20be99.jpg\" \/>\n\t<meta property=\"og:image:width\" content=\"696\" \/>\n\t<meta property=\"og:image:height\" content=\"391\" \/>\n\t<meta property=\"og:image:type\" content=\"image\/jpeg\" \/>\n<meta name=\"author\" content=\"staff\" \/>\n<meta name=\"twitter:card\" content=\"summary_large_image\" \/>\n<meta name=\"twitter:creator\" content=\"@apieproject\" \/>\n<meta name=\"twitter:site\" content=\"@apieproject\" \/>\n<meta name=\"twitter:label1\" content=\"\u00c9crit par\" \/>\n\t<meta name=\"twitter:data1\" content=\"staff\" \/>\n\t<meta name=\"twitter:label2\" content=\"Dur\u00e9e de lecture estim\u00e9e\" \/>\n\t<meta name=\"twitter:data2\" content=\"2 minutes\" \/>\n<script type=\"application\/ld+json\" class=\"yoast-schema-graph\">{\"@context\":\"https:\/\/schema.org\",\"@graph\":[{\"@type\":\"Article\",\"@id\":\"https:\/\/appsaf.apieproject.com\/news\/fr\/2022\/10\/19\/saden-la-sauce-konkoe-sur-la-liste-des-plats-phares-de-la-gastronomie-africaine\/#article\",\"isPartOf\":{\"@id\":\"https:\/\/appsaf.apieproject.com\/news\/fr\/2022\/10\/19\/saden-la-sauce-konkoe-sur-la-liste-des-plats-phares-de-la-gastronomie-africaine\/\"},\"author\":{\"name\":\"staff\",\"@id\":\"https:\/\/appsaf.apieproject.com\/news\/#\/schema\/person\/399517cac378948cd7b39086f9ddc2a7\"},\"headline\":\"SADEN. La Sauce Konko\u00e9 Sur La Liste Des Plats Phares De La Gastronomie Africaine\",\"datePublished\":\"2022-10-19T19:11:13+00:00\",\"dateModified\":\"2022-10-19T19:11:15+00:00\",\"mainEntityOfPage\":{\"@id\":\"https:\/\/appsaf.apieproject.com\/news\/fr\/2022\/10\/19\/saden-la-sauce-konkoe-sur-la-liste-des-plats-phares-de-la-gastronomie-africaine\/\"},\"wordCount\":316,\"commentCount\":0,\"publisher\":{\"@id\":\"https:\/\/appsaf.apieproject.com\/news\/#organization\"},\"image\":{\"@id\":\"https:\/\/appsaf.apieproject.com\/news\/fr\/2022\/10\/19\/saden-la-sauce-konkoe-sur-la-liste-des-plats-phares-de-la-gastronomie-africaine\/#primaryimage\"},\"thumbnailUrl\":\"https:\/\/appsaf.apieproject.com\/news\/wp-content\/uploads\/sites\/29\/2022\/10\/konkoe-696x391-93492757c23782834aaeabc5fa20be99.jpg\",\"keywords\":[\"apie project\",\"divertissement\",\"mode de vie\"],\"articleSection\":[\"Divertissement\",\"Mode de Vie\"],\"inLanguage\":\"fr-FR\",\"potentialAction\":[{\"@type\":\"CommentAction\",\"name\":\"Comment\",\"target\":[\"https:\/\/appsaf.apieproject.com\/news\/fr\/2022\/10\/19\/saden-la-sauce-konkoe-sur-la-liste-des-plats-phares-de-la-gastronomie-africaine\/#respond\"]}]},{\"@type\":\"WebPage\",\"@id\":\"https:\/\/appsaf.apieproject.com\/news\/fr\/2022\/10\/19\/saden-la-sauce-konkoe-sur-la-liste-des-plats-phares-de-la-gastronomie-africaine\/\",\"url\":\"https:\/\/appsaf.apieproject.com\/news\/fr\/2022\/10\/19\/saden-la-sauce-konkoe-sur-la-liste-des-plats-phares-de-la-gastronomie-africaine\/\",\"name\":\"SADEN. La Sauce Konko\u00e9 Sur La Liste Des Plats Phares De La Gastronomie Africaine - APIE NEWS\",\"isPartOf\":{\"@id\":\"https:\/\/appsaf.apieproject.com\/news\/#website\"},\"primaryImageOfPage\":{\"@id\":\"https:\/\/appsaf.apieproject.com\/news\/fr\/2022\/10\/19\/saden-la-sauce-konkoe-sur-la-liste-des-plats-phares-de-la-gastronomie-africaine\/#primaryimage\"},\"image\":{\"@id\":\"https:\/\/appsaf.apieproject.com\/news\/fr\/2022\/10\/19\/saden-la-sauce-konkoe-sur-la-liste-des-plats-phares-de-la-gastronomie-africaine\/#primaryimage\"},\"thumbnailUrl\":\"https:\/\/appsaf.apieproject.com\/news\/wp-content\/uploads\/sites\/29\/2022\/10\/konkoe-696x391-93492757c23782834aaeabc5fa20be99.jpg\",\"datePublished\":\"2022-10-19T19:11:13+00:00\",\"dateModified\":\"2022-10-19T19:11:15+00:00\",\"breadcrumb\":{\"@id\":\"https:\/\/appsaf.apieproject.com\/news\/fr\/2022\/10\/19\/saden-la-sauce-konkoe-sur-la-liste-des-plats-phares-de-la-gastronomie-africaine\/#breadcrumb\"},\"inLanguage\":\"fr-FR\",\"potentialAction\":[{\"@type\":\"ReadAction\",\"target\":[\"https:\/\/appsaf.apieproject.com\/news\/fr\/2022\/10\/19\/saden-la-sauce-konkoe-sur-la-liste-des-plats-phares-de-la-gastronomie-africaine\/\"]}]},{\"@type\":\"ImageObject\",\"inLanguage\":\"fr-FR\",\"@id\":\"https:\/\/appsaf.apieproject.com\/news\/fr\/2022\/10\/19\/saden-la-sauce-konkoe-sur-la-liste-des-plats-phares-de-la-gastronomie-africaine\/#primaryimage\",\"url\":\"https:\/\/appsaf.apieproject.com\/news\/wp-content\/uploads\/sites\/29\/2022\/10\/konkoe-696x391-93492757c23782834aaeabc5fa20be99.jpg\",\"contentUrl\":\"https:\/\/appsaf.apieproject.com\/news\/wp-content\/uploads\/sites\/29\/2022\/10\/konkoe-696x391-93492757c23782834aaeabc5fa20be99.jpg\",\"width\":696,\"height\":391},{\"@type\":\"BreadcrumbList\",\"@id\":\"https:\/\/appsaf.apieproject.com\/news\/fr\/2022\/10\/19\/saden-la-sauce-konkoe-sur-la-liste-des-plats-phares-de-la-gastronomie-africaine\/#breadcrumb\",\"itemListElement\":[{\"@type\":\"ListItem\",\"position\":1,\"name\":\"Home\",\"item\":\"https:\/\/appsaf.apieproject.com\/news\/fr\/home\/\"},{\"@type\":\"ListItem\",\"position\":2,\"name\":\"SADEN. La Sauce Konko\u00e9 Sur La Liste Des Plats Phares De La Gastronomie Africaine\"}]},{\"@type\":\"WebSite\",\"@id\":\"https:\/\/appsaf.apieproject.com\/news\/#website\",\"url\":\"https:\/\/appsaf.apieproject.com\/news\/\",\"name\":\"APIE NEWS\",\"description\":\"PANAFRICANISM NEWS PORTAL\",\"publisher\":{\"@id\":\"https:\/\/appsaf.apieproject.com\/news\/#organization\"},\"potentialAction\":[{\"@type\":\"SearchAction\",\"target\":{\"@type\":\"EntryPoint\",\"urlTemplate\":\"https:\/\/appsaf.apieproject.com\/news\/?s={search_term_string}\"},\"query-input\":{\"@type\":\"PropertyValueSpecification\",\"valueRequired\":true,\"valueName\":\"search_term_string\"}}],\"inLanguage\":\"fr-FR\"},{\"@type\":\"Organization\",\"@id\":\"https:\/\/appsaf.apieproject.com\/news\/#organization\",\"name\":\"APIE PROJECT\",\"url\":\"https:\/\/appsaf.apieproject.com\/news\/\",\"logo\":{\"@type\":\"ImageObject\",\"inLanguage\":\"fr-FR\",\"@id\":\"https:\/\/appsaf.apieproject.com\/news\/#\/schema\/logo\/image\/\",\"url\":\"https:\/\/appsaf.apieproject.com\/news\/wp-content\/uploads\/sites\/29\/2022\/07\/logo-R-TransparentBackground.png\",\"contentUrl\":\"https:\/\/appsaf.apieproject.com\/news\/wp-content\/uploads\/sites\/29\/2022\/07\/logo-R-TransparentBackground.png\",\"width\":512,\"height\":512,\"caption\":\"APIE PROJECT\"},\"image\":{\"@id\":\"https:\/\/appsaf.apieproject.com\/news\/#\/schema\/logo\/image\/\"},\"sameAs\":[\"https:\/\/facebook.com\/apieproject\",\"https:\/\/x.com\/apieproject\"]},{\"@type\":\"Person\",\"@id\":\"https:\/\/appsaf.apieproject.com\/news\/#\/schema\/person\/399517cac378948cd7b39086f9ddc2a7\",\"name\":\"staff\",\"image\":{\"@type\":\"ImageObject\",\"inLanguage\":\"fr-FR\",\"@id\":\"https:\/\/appsaf.apieproject.com\/news\/#\/schema\/person\/image\/\",\"url\":\"https:\/\/secure.gravatar.com\/avatar\/5386283c5db150efe261184bd59f072a?s=96&d=mm&r=g\",\"contentUrl\":\"https:\/\/secure.gravatar.com\/avatar\/5386283c5db150efe261184bd59f072a?s=96&d=mm&r=g\",\"caption\":\"staff\"},\"url\":\"https:\/\/appsaf.apieproject.com\/news\/fr\/author\/staff\/\"}]}<\/script>\n<!-- \/ Yoast SEO plugin. -->","yoast_head_json":{"title":"SADEN. La Sauce Konko\u00e9 Sur La Liste Des Plats Phares De La Gastronomie Africaine - APIE NEWS","robots":{"index":"index","follow":"follow","max-snippet":"max-snippet:-1","max-image-preview":"max-image-preview:large","max-video-preview":"max-video-preview:-1"},"canonical":"https:\/\/appsaf.apieproject.com\/news\/fr\/2022\/10\/19\/saden-la-sauce-konkoe-sur-la-liste-des-plats-phares-de-la-gastronomie-africaine\/","og_locale":"fr_FR","og_type":"article","og_title":"SADEN. La Sauce Konko\u00e9 Sur La Liste Des Plats Phares De La Gastronomie Africaine - APIE NEWS","og_description":"La 4\u00e8 \u00e9dition du SADEN s\u2019est poursuivie ce jeudi \u00e0 travers divers panels. Le panel portant le th\u00e8me \u00ab Industrie Culturelle et cr\u00e9ative : moteur de croissance \u00e9conomique. Divertissement-Tourisme-Artisanat \u00bb a regroup\u00e9 plusieurs personnes ressources.","og_url":"https:\/\/appsaf.apieproject.com\/news\/fr\/2022\/10\/19\/saden-la-sauce-konkoe-sur-la-liste-des-plats-phares-de-la-gastronomie-africaine\/","og_site_name":"APIE NEWS","article_publisher":"https:\/\/facebook.com\/apieproject","article_published_time":"2022-10-19T19:11:13+00:00","article_modified_time":"2022-10-19T19:11:15+00:00","og_image":[{"width":696,"height":391,"url":"https:\/\/appsaf.apieproject.com\/news\/wp-content\/uploads\/sites\/29\/2022\/10\/konkoe-696x391-93492757c23782834aaeabc5fa20be99.jpg","type":"image\/jpeg"}],"author":"staff","twitter_card":"summary_large_image","twitter_creator":"@apieproject","twitter_site":"@apieproject","twitter_misc":{"\u00c9crit par":"staff","Dur\u00e9e de lecture estim\u00e9e":"2 minutes"},"schema":{"@context":"https:\/\/schema.org","@graph":[{"@type":"Article","@id":"https:\/\/appsaf.apieproject.com\/news\/fr\/2022\/10\/19\/saden-la-sauce-konkoe-sur-la-liste-des-plats-phares-de-la-gastronomie-africaine\/#article","isPartOf":{"@id":"https:\/\/appsaf.apieproject.com\/news\/fr\/2022\/10\/19\/saden-la-sauce-konkoe-sur-la-liste-des-plats-phares-de-la-gastronomie-africaine\/"},"author":{"name":"staff","@id":"https:\/\/appsaf.apieproject.com\/news\/#\/schema\/person\/399517cac378948cd7b39086f9ddc2a7"},"headline":"SADEN. La Sauce Konko\u00e9 Sur La Liste Des Plats Phares De La Gastronomie Africaine","datePublished":"2022-10-19T19:11:13+00:00","dateModified":"2022-10-19T19:11:15+00:00","mainEntityOfPage":{"@id":"https:\/\/appsaf.apieproject.com\/news\/fr\/2022\/10\/19\/saden-la-sauce-konkoe-sur-la-liste-des-plats-phares-de-la-gastronomie-africaine\/"},"wordCount":316,"commentCount":0,"publisher":{"@id":"https:\/\/appsaf.apieproject.com\/news\/#organization"},"image":{"@id":"https:\/\/appsaf.apieproject.com\/news\/fr\/2022\/10\/19\/saden-la-sauce-konkoe-sur-la-liste-des-plats-phares-de-la-gastronomie-africaine\/#primaryimage"},"thumbnailUrl":"https:\/\/appsaf.apieproject.com\/news\/wp-content\/uploads\/sites\/29\/2022\/10\/konkoe-696x391-93492757c23782834aaeabc5fa20be99.jpg","keywords":["apie project","divertissement","mode de vie"],"articleSection":["Divertissement","Mode de Vie"],"inLanguage":"fr-FR","potentialAction":[{"@type":"CommentAction","name":"Comment","target":["https:\/\/appsaf.apieproject.com\/news\/fr\/2022\/10\/19\/saden-la-sauce-konkoe-sur-la-liste-des-plats-phares-de-la-gastronomie-africaine\/#respond"]}]},{"@type":"WebPage","@id":"https:\/\/appsaf.apieproject.com\/news\/fr\/2022\/10\/19\/saden-la-sauce-konkoe-sur-la-liste-des-plats-phares-de-la-gastronomie-africaine\/","url":"https:\/\/appsaf.apieproject.com\/news\/fr\/2022\/10\/19\/saden-la-sauce-konkoe-sur-la-liste-des-plats-phares-de-la-gastronomie-africaine\/","name":"SADEN. La Sauce Konko\u00e9 Sur La Liste Des Plats Phares De La Gastronomie Africaine - APIE NEWS","isPartOf":{"@id":"https:\/\/appsaf.apieproject.com\/news\/#website"},"primaryImageOfPage":{"@id":"https:\/\/appsaf.apieproject.com\/news\/fr\/2022\/10\/19\/saden-la-sauce-konkoe-sur-la-liste-des-plats-phares-de-la-gastronomie-africaine\/#primaryimage"},"image":{"@id":"https:\/\/appsaf.apieproject.com\/news\/fr\/2022\/10\/19\/saden-la-sauce-konkoe-sur-la-liste-des-plats-phares-de-la-gastronomie-africaine\/#primaryimage"},"thumbnailUrl":"https:\/\/appsaf.apieproject.com\/news\/wp-content\/uploads\/sites\/29\/2022\/10\/konkoe-696x391-93492757c23782834aaeabc5fa20be99.jpg","datePublished":"2022-10-19T19:11:13+00:00","dateModified":"2022-10-19T19:11:15+00:00","breadcrumb":{"@id":"https:\/\/appsaf.apieproject.com\/news\/fr\/2022\/10\/19\/saden-la-sauce-konkoe-sur-la-liste-des-plats-phares-de-la-gastronomie-africaine\/#breadcrumb"},"inLanguage":"fr-FR","potentialAction":[{"@type":"ReadAction","target":["https:\/\/appsaf.apieproject.com\/news\/fr\/2022\/10\/19\/saden-la-sauce-konkoe-sur-la-liste-des-plats-phares-de-la-gastronomie-africaine\/"]}]},{"@type":"ImageObject","inLanguage":"fr-FR","@id":"https:\/\/appsaf.apieproject.com\/news\/fr\/2022\/10\/19\/saden-la-sauce-konkoe-sur-la-liste-des-plats-phares-de-la-gastronomie-africaine\/#primaryimage","url":"https:\/\/appsaf.apieproject.com\/news\/wp-content\/uploads\/sites\/29\/2022\/10\/konkoe-696x391-93492757c23782834aaeabc5fa20be99.jpg","contentUrl":"https:\/\/appsaf.apieproject.com\/news\/wp-content\/uploads\/sites\/29\/2022\/10\/konkoe-696x391-93492757c23782834aaeabc5fa20be99.jpg","width":696,"height":391},{"@type":"BreadcrumbList","@id":"https:\/\/appsaf.apieproject.com\/news\/fr\/2022\/10\/19\/saden-la-sauce-konkoe-sur-la-liste-des-plats-phares-de-la-gastronomie-africaine\/#breadcrumb","itemListElement":[{"@type":"ListItem","position":1,"name":"Home","item":"https:\/\/appsaf.apieproject.com\/news\/fr\/home\/"},{"@type":"ListItem","position":2,"name":"SADEN. La Sauce Konko\u00e9 Sur La Liste Des Plats Phares De La Gastronomie Africaine"}]},{"@type":"WebSite","@id":"https:\/\/appsaf.apieproject.com\/news\/#website","url":"https:\/\/appsaf.apieproject.com\/news\/","name":"APIE NEWS","description":"PANAFRICANISM NEWS PORTAL","publisher":{"@id":"https:\/\/appsaf.apieproject.com\/news\/#organization"},"potentialAction":[{"@type":"SearchAction","target":{"@type":"EntryPoint","urlTemplate":"https:\/\/appsaf.apieproject.com\/news\/?s={search_term_string}"},"query-input":{"@type":"PropertyValueSpecification","valueRequired":true,"valueName":"search_term_string"}}],"inLanguage":"fr-FR"},{"@type":"Organization","@id":"https:\/\/appsaf.apieproject.com\/news\/#organization","name":"APIE PROJECT","url":"https:\/\/appsaf.apieproject.com\/news\/","logo":{"@type":"ImageObject","inLanguage":"fr-FR","@id":"https:\/\/appsaf.apieproject.com\/news\/#\/schema\/logo\/image\/","url":"https:\/\/appsaf.apieproject.com\/news\/wp-content\/uploads\/sites\/29\/2022\/07\/logo-R-TransparentBackground.png","contentUrl":"https:\/\/appsaf.apieproject.com\/news\/wp-content\/uploads\/sites\/29\/2022\/07\/logo-R-TransparentBackground.png","width":512,"height":512,"caption":"APIE PROJECT"},"image":{"@id":"https:\/\/appsaf.apieproject.com\/news\/#\/schema\/logo\/image\/"},"sameAs":["https:\/\/facebook.com\/apieproject","https:\/\/x.com\/apieproject"]},{"@type":"Person","@id":"https:\/\/appsaf.apieproject.com\/news\/#\/schema\/person\/399517cac378948cd7b39086f9ddc2a7","name":"staff","image":{"@type":"ImageObject","inLanguage":"fr-FR","@id":"https:\/\/appsaf.apieproject.com\/news\/#\/schema\/person\/image\/","url":"https:\/\/secure.gravatar.com\/avatar\/5386283c5db150efe261184bd59f072a?s=96&d=mm&r=g","contentUrl":"https:\/\/secure.gravatar.com\/avatar\/5386283c5db150efe261184bd59f072a?s=96&d=mm&r=g","caption":"staff"},"url":"https:\/\/appsaf.apieproject.com\/news\/fr\/author\/staff\/"}]}},"_links":{"self":[{"href":"https:\/\/appsaf.apieproject.com\/news\/fr\/wp-json\/wp\/v2\/posts\/20217","targetHints":{"allow":["GET"]}}],"collection":[{"href":"https:\/\/appsaf.apieproject.com\/news\/fr\/wp-json\/wp\/v2\/posts"}],"about":[{"href":"https:\/\/appsaf.apieproject.com\/news\/fr\/wp-json\/wp\/v2\/types\/post"}],"author":[{"embeddable":true,"href":"https:\/\/appsaf.apieproject.com\/news\/fr\/wp-json\/wp\/v2\/users\/12963"}],"replies":[{"embeddable":true,"href":"https:\/\/appsaf.apieproject.com\/news\/fr\/wp-json\/wp\/v2\/comments?post=20217"}],"version-history":[{"count":1,"href":"https:\/\/appsaf.apieproject.com\/news\/fr\/wp-json\/wp\/v2\/posts\/20217\/revisions"}],"predecessor-version":[{"id":20559,"href":"https:\/\/appsaf.apieproject.com\/news\/fr\/wp-json\/wp\/v2\/posts\/20217\/revisions\/20559"}],"wp:featuredmedia":[{"embeddable":true,"href":"https:\/\/appsaf.apieproject.com\/news\/fr\/wp-json\/wp\/v2\/media\/20214"}],"wp:attachment":[{"href":"https:\/\/appsaf.apieproject.com\/news\/fr\/wp-json\/wp\/v2\/media?parent=20217"}],"wp:term":[{"taxonomy":"category","embeddable":true,"href":"https:\/\/appsaf.apieproject.com\/news\/fr\/wp-json\/wp\/v2\/categories?post=20217"},{"taxonomy":"post_tag","embeddable":true,"href":"https:\/\/appsaf.apieproject.com\/news\/fr\/wp-json\/wp\/v2\/tags?post=20217"}],"curies":[{"name":"wp","href":"https:\/\/api.w.org\/{rel}","templated":true}]}}