{"id":20430,"date":"2022-10-22T20:42:06","date_gmt":"2022-10-22T20:42:06","guid":{"rendered":"https:\/\/appsaf.apieproject.com\/news\/?p=20430"},"modified":"2022-10-22T20:42:08","modified_gmt":"2022-10-22T20:42:08","slug":"forum-du-luxe-2022-en-afrique-francophone-abidjan-abrite-la-deuxieme-edition-du-23-au-25-novembre","status":"publish","type":"post","link":"https:\/\/appsaf.apieproject.com\/news\/fr\/2022\/10\/22\/forum-du-luxe-2022-en-afrique-francophone-abidjan-abrite-la-deuxieme-edition-du-23-au-25-novembre\/","title":{"rendered":"Forum Du Luxe 2022 En Afrique Francophone : Abidjan Abrite La Deuxi\u00e8me \u00c9dition Du 23 Au 25 Novembre"},"content":{"rendered":"<p>Centr\u00e9 sur \u00ab Les enjeux du luxe en Afrique : paradigmes, passerelles et opportunit\u00e9s pour les marques globales \u00bb, le th\u00e8me de l\u2019\u00e9dition 2022 sera abord\u00e9 sous plusieurs angles, dont ceux de l\u2019innovation, de la distribution et de l\u2019\u00e9ducation. Dans la dynamique, le panel \u00ab Paradigme d\u2019un nouveau luxe : Comment construire une marque citoyenne, durable et authentique en 2023 ? \u00bb servira de plaidoyer pour la pr\u00e9servation du patrimoine, des communaut\u00e9s d\u2019artisans, des savoir-faire rares, des richesses de la plan\u00e8te dont la diversit\u00e9 de sa biodiversit\u00e9. Les pan\u00e9listes tri\u00e9s sur le volet, ambassadeurs de Maisons de luxe bien \u00e9tablies et de jeunes marques prometteuses seront invit\u00e9s, selon les promoteurs, \u00e0 \u00ab prendre la parole pour partager leurs exp\u00e9riences, leurs challenges, tout en d\u00e9cryptant les enjeux sectoriels du Luxe pour l\u2019Afrique de l\u2019Ouest, ainsi que leurs visions du d\u00e9veloppement du secteur \u00e0 l\u2019\u00e9chelle mondial \u00bb. Pour Hapsatou Doro, Directrice G\u00e9n\u00e9rale de l\u2019Agence Digital Society et Fondatrice Pr\u00e9sidente du Forum du Luxe, \u00ab l\u2019un des principaux enjeux sur le plan global est de renforcer les alliances entre acteurs du Luxe Europ\u00e9ens et Africains afin de cr\u00e9er de puissantes synergies notamment dans les domaines de la distribution et de la formation. Il faut relever qu\u2019avec une demande croissante de produits de luxe sur le continent africain, les entreprises sont \u00e0 la recherche de sp\u00e9cialistes capables de d\u00e9velopper leur savoir-faire dans ce domaine. Or, les \u00e9coles locales sont peu nombreuses, ce qui cr\u00e9e une p\u00e9nurie de professionnels comp\u00e9tents pour r\u00e9pondre aux besoins du march\u00e9 et favoriser l\u2019innovation et la cr\u00e9ation en continu. L\u2019\u00e9dition 2022 du Forum entend proposer \u00e0 ce niveau quatre formations professionnelles aux M\u00e9tiers du Luxe. A noter que lors de sa premi\u00e8re \u00e9dition en 2021, le Forum du Luxe en Afrique francophone a rassembl\u00e9 un peu plus de 300 participants et 38 intervenants dont des repr\u00e9sentants d\u2019entreprises internationales, des entrepreneurs, des leaders d\u2019initiatives et acteurs \u00e9conomiques Fran\u00e7ais, Suisses, Belges, S\u00e9n\u00e9galais, Ivoiriens, Congolais, B\u00e9ninois, et Camerounais.<\/p>\n","protected":false},"excerpt":{"rendered":"<p>Abidjan, la capitale ivoirienne abrite du 23 au 25 novembre 2022 la deuxi\u00e8me \u00e9dition du forum d\u00e9di\u00e9 au luxe en Afrique francophone. Objectif : renforcer le r\u00f4le du continent africain dans la d\u00e9finition d\u2019une nouvelle \u00e8re du luxe et consolider la structuration d\u2019un \u00e9cosyst\u00e8me d\u2019acteurs locaux et internationaux qui collaborent pour mieux servir la client\u00e8le d\u2019Afrique. Un continent qui a vu la fortune priv\u00e9e globale de ses r\u00e9sidents augmenter de 7,7 % sur un an pour s\u2019\u00e9tablir \u00e0 5 808 milliards de dollars, selon le dernier rapport annuel \u00ab Global Wealth Report \u00bb.<\/p>\n","protected":false},"author":12963,"featured_media":20427,"comment_status":"open","ping_status":"open","sticky":false,"template":"","format":"standard","meta":{"footnotes":""},"categories":[57,63],"tags":[78,95,94],"class_list":{"0":"post-20430","1":"post","2":"type-post","3":"status-publish","4":"format-standard","5":"has-post-thumbnail","7":"category-mode","8":"category-mode-de-vie","9":"tag-apie-project-2","10":"tag-mode","11":"tag-mode-de-vie"},"yoast_head":"<!-- This site is optimized with the Yoast SEO plugin v24.4 - https:\/\/yoast.com\/wordpress\/plugins\/seo\/ -->\n<title>Forum Du Luxe 2022 En Afrique Francophone : Abidjan Abrite La Deuxi\u00e8me \u00c9dition Du 23 Au 25 Novembre - APIE NEWS<\/title>\n<meta name=\"robots\" content=\"index, follow, max-snippet:-1, max-image-preview:large, max-video-preview:-1\" \/>\n<link rel=\"canonical\" href=\"https:\/\/appsaf.apieproject.com\/news\/fr\/2022\/10\/22\/forum-du-luxe-2022-en-afrique-francophone-abidjan-abrite-la-deuxieme-edition-du-23-au-25-novembre\/\" \/>\n<meta property=\"og:locale\" content=\"fr_FR\" \/>\n<meta property=\"og:type\" content=\"article\" \/>\n<meta property=\"og:title\" content=\"Forum Du Luxe 2022 En Afrique Francophone : Abidjan Abrite La Deuxi\u00e8me \u00c9dition Du 23 Au 25 Novembre - APIE NEWS\" \/>\n<meta property=\"og:description\" content=\"Abidjan, la capitale ivoirienne abrite du 23 au 25 novembre 2022 la deuxi\u00e8me \u00e9dition du forum d\u00e9di\u00e9 au luxe en Afrique francophone. Objectif : renforcer le r\u00f4le du continent africain dans la d\u00e9finition d\u2019une nouvelle \u00e8re du luxe et consolider la structuration d\u2019un \u00e9cosyst\u00e8me d\u2019acteurs locaux et internationaux qui collaborent pour mieux servir la client\u00e8le d\u2019Afrique. Un continent qui a vu la fortune priv\u00e9e globale de ses r\u00e9sidents augmenter de 7,7 % sur un an pour s\u2019\u00e9tablir \u00e0 5 808 milliards de dollars, selon le dernier rapport annuel \u00ab Global Wealth Report \u00bb.\" \/>\n<meta property=\"og:url\" content=\"https:\/\/appsaf.apieproject.com\/news\/fr\/2022\/10\/22\/forum-du-luxe-2022-en-afrique-francophone-abidjan-abrite-la-deuxieme-edition-du-23-au-25-novembre\/\" \/>\n<meta property=\"og:site_name\" content=\"APIE NEWS\" \/>\n<meta property=\"article:publisher\" content=\"https:\/\/facebook.com\/apieproject\" \/>\n<meta property=\"article:published_time\" content=\"2022-10-22T20:42:06+00:00\" \/>\n<meta property=\"article:modified_time\" content=\"2022-10-22T20:42:08+00:00\" \/>\n<meta property=\"og:image\" content=\"https:\/\/appsaf.apieproject.com\/news\/wp-content\/uploads\/sites\/29\/2022\/10\/ab-0e8d42aa56087aa344ca1c2e55127d87.jpg\" \/>\n\t<meta property=\"og:image:width\" content=\"888\" \/>\n\t<meta property=\"og:image:height\" content=\"600\" \/>\n\t<meta property=\"og:image:type\" content=\"image\/jpeg\" \/>\n<meta name=\"author\" content=\"staff\" \/>\n<meta name=\"twitter:card\" content=\"summary_large_image\" \/>\n<meta name=\"twitter:creator\" content=\"@apieproject\" \/>\n<meta name=\"twitter:site\" content=\"@apieproject\" \/>\n<meta name=\"twitter:label1\" content=\"\u00c9crit par\" \/>\n\t<meta name=\"twitter:data1\" content=\"staff\" \/>\n\t<meta name=\"twitter:label2\" content=\"Dur\u00e9e de lecture estim\u00e9e\" \/>\n\t<meta name=\"twitter:data2\" content=\"2 minutes\" \/>\n<script type=\"application\/ld+json\" class=\"yoast-schema-graph\">{\"@context\":\"https:\/\/schema.org\",\"@graph\":[{\"@type\":\"Article\",\"@id\":\"https:\/\/appsaf.apieproject.com\/news\/fr\/2022\/10\/22\/forum-du-luxe-2022-en-afrique-francophone-abidjan-abrite-la-deuxieme-edition-du-23-au-25-novembre\/#article\",\"isPartOf\":{\"@id\":\"https:\/\/appsaf.apieproject.com\/news\/fr\/2022\/10\/22\/forum-du-luxe-2022-en-afrique-francophone-abidjan-abrite-la-deuxieme-edition-du-23-au-25-novembre\/\"},\"author\":{\"name\":\"staff\",\"@id\":\"https:\/\/appsaf.apieproject.com\/news\/#\/schema\/person\/399517cac378948cd7b39086f9ddc2a7\"},\"headline\":\"Forum Du Luxe 2022 En Afrique Francophone : Abidjan Abrite La Deuxi\u00e8me \u00c9dition Du 23 Au 25 Novembre\",\"datePublished\":\"2022-10-22T20:42:06+00:00\",\"dateModified\":\"2022-10-22T20:42:08+00:00\",\"mainEntityOfPage\":{\"@id\":\"https:\/\/appsaf.apieproject.com\/news\/fr\/2022\/10\/22\/forum-du-luxe-2022-en-afrique-francophone-abidjan-abrite-la-deuxieme-edition-du-23-au-25-novembre\/\"},\"wordCount\":365,\"commentCount\":0,\"publisher\":{\"@id\":\"https:\/\/appsaf.apieproject.com\/news\/#organization\"},\"image\":{\"@id\":\"https:\/\/appsaf.apieproject.com\/news\/fr\/2022\/10\/22\/forum-du-luxe-2022-en-afrique-francophone-abidjan-abrite-la-deuxieme-edition-du-23-au-25-novembre\/#primaryimage\"},\"thumbnailUrl\":\"https:\/\/appsaf.apieproject.com\/news\/wp-content\/uploads\/sites\/29\/2022\/10\/ab-0e8d42aa56087aa344ca1c2e55127d87.jpg\",\"keywords\":[\"apie project\",\"mode\",\"mode de vie\"],\"articleSection\":[\"Mode\",\"Mode de Vie\"],\"inLanguage\":\"fr-FR\",\"potentialAction\":[{\"@type\":\"CommentAction\",\"name\":\"Comment\",\"target\":[\"https:\/\/appsaf.apieproject.com\/news\/fr\/2022\/10\/22\/forum-du-luxe-2022-en-afrique-francophone-abidjan-abrite-la-deuxieme-edition-du-23-au-25-novembre\/#respond\"]}]},{\"@type\":\"WebPage\",\"@id\":\"https:\/\/appsaf.apieproject.com\/news\/fr\/2022\/10\/22\/forum-du-luxe-2022-en-afrique-francophone-abidjan-abrite-la-deuxieme-edition-du-23-au-25-novembre\/\",\"url\":\"https:\/\/appsaf.apieproject.com\/news\/fr\/2022\/10\/22\/forum-du-luxe-2022-en-afrique-francophone-abidjan-abrite-la-deuxieme-edition-du-23-au-25-novembre\/\",\"name\":\"Forum Du Luxe 2022 En Afrique Francophone : Abidjan Abrite La Deuxi\u00e8me \u00c9dition Du 23 Au 25 Novembre - APIE NEWS\",\"isPartOf\":{\"@id\":\"https:\/\/appsaf.apieproject.com\/news\/#website\"},\"primaryImageOfPage\":{\"@id\":\"https:\/\/appsaf.apieproject.com\/news\/fr\/2022\/10\/22\/forum-du-luxe-2022-en-afrique-francophone-abidjan-abrite-la-deuxieme-edition-du-23-au-25-novembre\/#primaryimage\"},\"image\":{\"@id\":\"https:\/\/appsaf.apieproject.com\/news\/fr\/2022\/10\/22\/forum-du-luxe-2022-en-afrique-francophone-abidjan-abrite-la-deuxieme-edition-du-23-au-25-novembre\/#primaryimage\"},\"thumbnailUrl\":\"https:\/\/appsaf.apieproject.com\/news\/wp-content\/uploads\/sites\/29\/2022\/10\/ab-0e8d42aa56087aa344ca1c2e55127d87.jpg\",\"datePublished\":\"2022-10-22T20:42:06+00:00\",\"dateModified\":\"2022-10-22T20:42:08+00:00\",\"breadcrumb\":{\"@id\":\"https:\/\/appsaf.apieproject.com\/news\/fr\/2022\/10\/22\/forum-du-luxe-2022-en-afrique-francophone-abidjan-abrite-la-deuxieme-edition-du-23-au-25-novembre\/#breadcrumb\"},\"inLanguage\":\"fr-FR\",\"potentialAction\":[{\"@type\":\"ReadAction\",\"target\":[\"https:\/\/appsaf.apieproject.com\/news\/fr\/2022\/10\/22\/forum-du-luxe-2022-en-afrique-francophone-abidjan-abrite-la-deuxieme-edition-du-23-au-25-novembre\/\"]}]},{\"@type\":\"ImageObject\",\"inLanguage\":\"fr-FR\",\"@id\":\"https:\/\/appsaf.apieproject.com\/news\/fr\/2022\/10\/22\/forum-du-luxe-2022-en-afrique-francophone-abidjan-abrite-la-deuxieme-edition-du-23-au-25-novembre\/#primaryimage\",\"url\":\"https:\/\/appsaf.apieproject.com\/news\/wp-content\/uploads\/sites\/29\/2022\/10\/ab-0e8d42aa56087aa344ca1c2e55127d87.jpg\",\"contentUrl\":\"https:\/\/appsaf.apieproject.com\/news\/wp-content\/uploads\/sites\/29\/2022\/10\/ab-0e8d42aa56087aa344ca1c2e55127d87.jpg\",\"width\":888,\"height\":600},{\"@type\":\"BreadcrumbList\",\"@id\":\"https:\/\/appsaf.apieproject.com\/news\/fr\/2022\/10\/22\/forum-du-luxe-2022-en-afrique-francophone-abidjan-abrite-la-deuxieme-edition-du-23-au-25-novembre\/#breadcrumb\",\"itemListElement\":[{\"@type\":\"ListItem\",\"position\":1,\"name\":\"Home\",\"item\":\"https:\/\/appsaf.apieproject.com\/news\/fr\/home\/\"},{\"@type\":\"ListItem\",\"position\":2,\"name\":\"Forum Du Luxe 2022 En Afrique Francophone : Abidjan Abrite La Deuxi\u00e8me \u00c9dition Du 23 Au 25 Novembre\"}]},{\"@type\":\"WebSite\",\"@id\":\"https:\/\/appsaf.apieproject.com\/news\/#website\",\"url\":\"https:\/\/appsaf.apieproject.com\/news\/\",\"name\":\"APIE NEWS\",\"description\":\"PANAFRICANISM NEWS PORTAL\",\"publisher\":{\"@id\":\"https:\/\/appsaf.apieproject.com\/news\/#organization\"},\"potentialAction\":[{\"@type\":\"SearchAction\",\"target\":{\"@type\":\"EntryPoint\",\"urlTemplate\":\"https:\/\/appsaf.apieproject.com\/news\/?s={search_term_string}\"},\"query-input\":{\"@type\":\"PropertyValueSpecification\",\"valueRequired\":true,\"valueName\":\"search_term_string\"}}],\"inLanguage\":\"fr-FR\"},{\"@type\":\"Organization\",\"@id\":\"https:\/\/appsaf.apieproject.com\/news\/#organization\",\"name\":\"APIE PROJECT\",\"url\":\"https:\/\/appsaf.apieproject.com\/news\/\",\"logo\":{\"@type\":\"ImageObject\",\"inLanguage\":\"fr-FR\",\"@id\":\"https:\/\/appsaf.apieproject.com\/news\/#\/schema\/logo\/image\/\",\"url\":\"https:\/\/appsaf.apieproject.com\/news\/wp-content\/uploads\/sites\/29\/2022\/07\/logo-R-TransparentBackground.png\",\"contentUrl\":\"https:\/\/appsaf.apieproject.com\/news\/wp-content\/uploads\/sites\/29\/2022\/07\/logo-R-TransparentBackground.png\",\"width\":512,\"height\":512,\"caption\":\"APIE PROJECT\"},\"image\":{\"@id\":\"https:\/\/appsaf.apieproject.com\/news\/#\/schema\/logo\/image\/\"},\"sameAs\":[\"https:\/\/facebook.com\/apieproject\",\"https:\/\/x.com\/apieproject\"]},{\"@type\":\"Person\",\"@id\":\"https:\/\/appsaf.apieproject.com\/news\/#\/schema\/person\/399517cac378948cd7b39086f9ddc2a7\",\"name\":\"staff\",\"image\":{\"@type\":\"ImageObject\",\"inLanguage\":\"fr-FR\",\"@id\":\"https:\/\/appsaf.apieproject.com\/news\/#\/schema\/person\/image\/\",\"url\":\"https:\/\/secure.gravatar.com\/avatar\/5386283c5db150efe261184bd59f072a?s=96&d=mm&r=g\",\"contentUrl\":\"https:\/\/secure.gravatar.com\/avatar\/5386283c5db150efe261184bd59f072a?s=96&d=mm&r=g\",\"caption\":\"staff\"},\"url\":\"https:\/\/appsaf.apieproject.com\/news\/fr\/author\/staff\/\"}]}<\/script>\n<!-- \/ Yoast SEO plugin. -->","yoast_head_json":{"title":"Forum Du Luxe 2022 En Afrique Francophone : Abidjan Abrite La Deuxi\u00e8me \u00c9dition Du 23 Au 25 Novembre - APIE NEWS","robots":{"index":"index","follow":"follow","max-snippet":"max-snippet:-1","max-image-preview":"max-image-preview:large","max-video-preview":"max-video-preview:-1"},"canonical":"https:\/\/appsaf.apieproject.com\/news\/fr\/2022\/10\/22\/forum-du-luxe-2022-en-afrique-francophone-abidjan-abrite-la-deuxieme-edition-du-23-au-25-novembre\/","og_locale":"fr_FR","og_type":"article","og_title":"Forum Du Luxe 2022 En Afrique Francophone : Abidjan Abrite La Deuxi\u00e8me \u00c9dition Du 23 Au 25 Novembre - APIE NEWS","og_description":"Abidjan, la capitale ivoirienne abrite du 23 au 25 novembre 2022 la deuxi\u00e8me \u00e9dition du forum d\u00e9di\u00e9 au luxe en Afrique francophone. Objectif : renforcer le r\u00f4le du continent africain dans la d\u00e9finition d\u2019une nouvelle \u00e8re du luxe et consolider la structuration d\u2019un \u00e9cosyst\u00e8me d\u2019acteurs locaux et internationaux qui collaborent pour mieux servir la client\u00e8le d\u2019Afrique. Un continent qui a vu la fortune priv\u00e9e globale de ses r\u00e9sidents augmenter de 7,7 % sur un an pour s\u2019\u00e9tablir \u00e0 5 808 milliards de dollars, selon le dernier rapport annuel \u00ab Global Wealth Report \u00bb.","og_url":"https:\/\/appsaf.apieproject.com\/news\/fr\/2022\/10\/22\/forum-du-luxe-2022-en-afrique-francophone-abidjan-abrite-la-deuxieme-edition-du-23-au-25-novembre\/","og_site_name":"APIE NEWS","article_publisher":"https:\/\/facebook.com\/apieproject","article_published_time":"2022-10-22T20:42:06+00:00","article_modified_time":"2022-10-22T20:42:08+00:00","og_image":[{"width":888,"height":600,"url":"https:\/\/appsaf.apieproject.com\/news\/wp-content\/uploads\/sites\/29\/2022\/10\/ab-0e8d42aa56087aa344ca1c2e55127d87.jpg","type":"image\/jpeg"}],"author":"staff","twitter_card":"summary_large_image","twitter_creator":"@apieproject","twitter_site":"@apieproject","twitter_misc":{"\u00c9crit par":"staff","Dur\u00e9e de lecture estim\u00e9e":"2 minutes"},"schema":{"@context":"https:\/\/schema.org","@graph":[{"@type":"Article","@id":"https:\/\/appsaf.apieproject.com\/news\/fr\/2022\/10\/22\/forum-du-luxe-2022-en-afrique-francophone-abidjan-abrite-la-deuxieme-edition-du-23-au-25-novembre\/#article","isPartOf":{"@id":"https:\/\/appsaf.apieproject.com\/news\/fr\/2022\/10\/22\/forum-du-luxe-2022-en-afrique-francophone-abidjan-abrite-la-deuxieme-edition-du-23-au-25-novembre\/"},"author":{"name":"staff","@id":"https:\/\/appsaf.apieproject.com\/news\/#\/schema\/person\/399517cac378948cd7b39086f9ddc2a7"},"headline":"Forum Du Luxe 2022 En Afrique Francophone : Abidjan Abrite La Deuxi\u00e8me \u00c9dition Du 23 Au 25 Novembre","datePublished":"2022-10-22T20:42:06+00:00","dateModified":"2022-10-22T20:42:08+00:00","mainEntityOfPage":{"@id":"https:\/\/appsaf.apieproject.com\/news\/fr\/2022\/10\/22\/forum-du-luxe-2022-en-afrique-francophone-abidjan-abrite-la-deuxieme-edition-du-23-au-25-novembre\/"},"wordCount":365,"commentCount":0,"publisher":{"@id":"https:\/\/appsaf.apieproject.com\/news\/#organization"},"image":{"@id":"https:\/\/appsaf.apieproject.com\/news\/fr\/2022\/10\/22\/forum-du-luxe-2022-en-afrique-francophone-abidjan-abrite-la-deuxieme-edition-du-23-au-25-novembre\/#primaryimage"},"thumbnailUrl":"https:\/\/appsaf.apieproject.com\/news\/wp-content\/uploads\/sites\/29\/2022\/10\/ab-0e8d42aa56087aa344ca1c2e55127d87.jpg","keywords":["apie project","mode","mode de vie"],"articleSection":["Mode","Mode de Vie"],"inLanguage":"fr-FR","potentialAction":[{"@type":"CommentAction","name":"Comment","target":["https:\/\/appsaf.apieproject.com\/news\/fr\/2022\/10\/22\/forum-du-luxe-2022-en-afrique-francophone-abidjan-abrite-la-deuxieme-edition-du-23-au-25-novembre\/#respond"]}]},{"@type":"WebPage","@id":"https:\/\/appsaf.apieproject.com\/news\/fr\/2022\/10\/22\/forum-du-luxe-2022-en-afrique-francophone-abidjan-abrite-la-deuxieme-edition-du-23-au-25-novembre\/","url":"https:\/\/appsaf.apieproject.com\/news\/fr\/2022\/10\/22\/forum-du-luxe-2022-en-afrique-francophone-abidjan-abrite-la-deuxieme-edition-du-23-au-25-novembre\/","name":"Forum Du Luxe 2022 En Afrique Francophone : Abidjan Abrite La Deuxi\u00e8me \u00c9dition Du 23 Au 25 Novembre - APIE NEWS","isPartOf":{"@id":"https:\/\/appsaf.apieproject.com\/news\/#website"},"primaryImageOfPage":{"@id":"https:\/\/appsaf.apieproject.com\/news\/fr\/2022\/10\/22\/forum-du-luxe-2022-en-afrique-francophone-abidjan-abrite-la-deuxieme-edition-du-23-au-25-novembre\/#primaryimage"},"image":{"@id":"https:\/\/appsaf.apieproject.com\/news\/fr\/2022\/10\/22\/forum-du-luxe-2022-en-afrique-francophone-abidjan-abrite-la-deuxieme-edition-du-23-au-25-novembre\/#primaryimage"},"thumbnailUrl":"https:\/\/appsaf.apieproject.com\/news\/wp-content\/uploads\/sites\/29\/2022\/10\/ab-0e8d42aa56087aa344ca1c2e55127d87.jpg","datePublished":"2022-10-22T20:42:06+00:00","dateModified":"2022-10-22T20:42:08+00:00","breadcrumb":{"@id":"https:\/\/appsaf.apieproject.com\/news\/fr\/2022\/10\/22\/forum-du-luxe-2022-en-afrique-francophone-abidjan-abrite-la-deuxieme-edition-du-23-au-25-novembre\/#breadcrumb"},"inLanguage":"fr-FR","potentialAction":[{"@type":"ReadAction","target":["https:\/\/appsaf.apieproject.com\/news\/fr\/2022\/10\/22\/forum-du-luxe-2022-en-afrique-francophone-abidjan-abrite-la-deuxieme-edition-du-23-au-25-novembre\/"]}]},{"@type":"ImageObject","inLanguage":"fr-FR","@id":"https:\/\/appsaf.apieproject.com\/news\/fr\/2022\/10\/22\/forum-du-luxe-2022-en-afrique-francophone-abidjan-abrite-la-deuxieme-edition-du-23-au-25-novembre\/#primaryimage","url":"https:\/\/appsaf.apieproject.com\/news\/wp-content\/uploads\/sites\/29\/2022\/10\/ab-0e8d42aa56087aa344ca1c2e55127d87.jpg","contentUrl":"https:\/\/appsaf.apieproject.com\/news\/wp-content\/uploads\/sites\/29\/2022\/10\/ab-0e8d42aa56087aa344ca1c2e55127d87.jpg","width":888,"height":600},{"@type":"BreadcrumbList","@id":"https:\/\/appsaf.apieproject.com\/news\/fr\/2022\/10\/22\/forum-du-luxe-2022-en-afrique-francophone-abidjan-abrite-la-deuxieme-edition-du-23-au-25-novembre\/#breadcrumb","itemListElement":[{"@type":"ListItem","position":1,"name":"Home","item":"https:\/\/appsaf.apieproject.com\/news\/fr\/home\/"},{"@type":"ListItem","position":2,"name":"Forum Du Luxe 2022 En Afrique Francophone : Abidjan Abrite La Deuxi\u00e8me \u00c9dition Du 23 Au 25 Novembre"}]},{"@type":"WebSite","@id":"https:\/\/appsaf.apieproject.com\/news\/#website","url":"https:\/\/appsaf.apieproject.com\/news\/","name":"APIE NEWS","description":"PANAFRICANISM NEWS PORTAL","publisher":{"@id":"https:\/\/appsaf.apieproject.com\/news\/#organization"},"potentialAction":[{"@type":"SearchAction","target":{"@type":"EntryPoint","urlTemplate":"https:\/\/appsaf.apieproject.com\/news\/?s={search_term_string}"},"query-input":{"@type":"PropertyValueSpecification","valueRequired":true,"valueName":"search_term_string"}}],"inLanguage":"fr-FR"},{"@type":"Organization","@id":"https:\/\/appsaf.apieproject.com\/news\/#organization","name":"APIE PROJECT","url":"https:\/\/appsaf.apieproject.com\/news\/","logo":{"@type":"ImageObject","inLanguage":"fr-FR","@id":"https:\/\/appsaf.apieproject.com\/news\/#\/schema\/logo\/image\/","url":"https:\/\/appsaf.apieproject.com\/news\/wp-content\/uploads\/sites\/29\/2022\/07\/logo-R-TransparentBackground.png","contentUrl":"https:\/\/appsaf.apieproject.com\/news\/wp-content\/uploads\/sites\/29\/2022\/07\/logo-R-TransparentBackground.png","width":512,"height":512,"caption":"APIE PROJECT"},"image":{"@id":"https:\/\/appsaf.apieproject.com\/news\/#\/schema\/logo\/image\/"},"sameAs":["https:\/\/facebook.com\/apieproject","https:\/\/x.com\/apieproject"]},{"@type":"Person","@id":"https:\/\/appsaf.apieproject.com\/news\/#\/schema\/person\/399517cac378948cd7b39086f9ddc2a7","name":"staff","image":{"@type":"ImageObject","inLanguage":"fr-FR","@id":"https:\/\/appsaf.apieproject.com\/news\/#\/schema\/person\/image\/","url":"https:\/\/secure.gravatar.com\/avatar\/5386283c5db150efe261184bd59f072a?s=96&d=mm&r=g","contentUrl":"https:\/\/secure.gravatar.com\/avatar\/5386283c5db150efe261184bd59f072a?s=96&d=mm&r=g","caption":"staff"},"url":"https:\/\/appsaf.apieproject.com\/news\/fr\/author\/staff\/"}]}},"_links":{"self":[{"href":"https:\/\/appsaf.apieproject.com\/news\/fr\/wp-json\/wp\/v2\/posts\/20430","targetHints":{"allow":["GET"]}}],"collection":[{"href":"https:\/\/appsaf.apieproject.com\/news\/fr\/wp-json\/wp\/v2\/posts"}],"about":[{"href":"https:\/\/appsaf.apieproject.com\/news\/fr\/wp-json\/wp\/v2\/types\/post"}],"author":[{"embeddable":true,"href":"https:\/\/appsaf.apieproject.com\/news\/fr\/wp-json\/wp\/v2\/users\/12963"}],"replies":[{"embeddable":true,"href":"https:\/\/appsaf.apieproject.com\/news\/fr\/wp-json\/wp\/v2\/comments?post=20430"}],"version-history":[{"count":1,"href":"https:\/\/appsaf.apieproject.com\/news\/fr\/wp-json\/wp\/v2\/posts\/20430\/revisions"}],"predecessor-version":[{"id":20763,"href":"https:\/\/appsaf.apieproject.com\/news\/fr\/wp-json\/wp\/v2\/posts\/20430\/revisions\/20763"}],"wp:featuredmedia":[{"embeddable":true,"href":"https:\/\/appsaf.apieproject.com\/news\/fr\/wp-json\/wp\/v2\/media\/20427"}],"wp:attachment":[{"href":"https:\/\/appsaf.apieproject.com\/news\/fr\/wp-json\/wp\/v2\/media?parent=20430"}],"wp:term":[{"taxonomy":"category","embeddable":true,"href":"https:\/\/appsaf.apieproject.com\/news\/fr\/wp-json\/wp\/v2\/categories?post=20430"},{"taxonomy":"post_tag","embeddable":true,"href":"https:\/\/appsaf.apieproject.com\/news\/fr\/wp-json\/wp\/v2\/tags?post=20430"}],"curies":[{"name":"wp","href":"https:\/\/api.w.org\/{rel}","templated":true}]}}