{"id":20904,"date":"2022-10-30T22:53:26","date_gmt":"2022-10-30T22:53:26","guid":{"rendered":"https:\/\/appsaf.apieproject.com\/news\/?p=20904"},"modified":"2022-10-30T22:53:28","modified_gmt":"2022-10-30T22:53:28","slug":"lintelligence-artificielle-au-menu-de-la-2e-edition-de-la-conference-africaine-applied-machine-learning-days","status":"publish","type":"post","link":"https:\/\/appsaf.apieproject.com\/news\/fr\/2022\/10\/30\/lintelligence-artificielle-au-menu-de-la-2e-edition-de-la-conference-africaine-applied-machine-learning-days\/","title":{"rendered":"L\u2019Intelligence Artificielle Au Menu De La 2e \u00c9dition De La Conf\u00e9rence Africaine \u00ab Applied Machine Learning Days \u00bb"},"content":{"rendered":"<p>La 2e \u00e9dition de la conf\u00e9rence africaine \u00ab Applied machine learning days \u00bb pointe \u00e0 l\u2019horizon. Ce grand rendez-vous sera un cadre de partage d\u2019exp\u00e9riences entre intervenants provenant d\u2019entit\u00e9s publiques, multinationales technologiques priv\u00e9es et start-ups \u00e9mergentes \u0153uvrant dans le secteur de la technologie en Afrique.<\/p>\n<p>Co-organis\u00e9e du 3 au 4 novembre par l\u2019\u00c9cole Polytechnique f\u00e9d\u00e9rale de Lausanne en Suisse et l\u2019Universit\u00e9 Mohamed VI Polytechnique de Benguerir, cette conf\u00e9rence sera ax\u00e9e sur l\u2019intelligence artificielle. Elle proposera des workshops instructifs autour de l\u2019intelligence artificielle, ses limitations et ses potentiels en Afrique. Durant trois jours, des sujets sur \u00ab la d\u00e9tection du cancer, l\u2019optimisation de la production agricole et encore la compr\u00e9hension automatique du dialecte marocain \u00bb, seront mis en \u00e9vidence pour permettre aux participants de mieux comprendre l\u2019apport de cette tendance technologique dans la r\u00e9solution des probl\u00e8mes existentiels en Afrique.<\/p>\n<p>Cette \u00e9dition connaitra la participation de hauts responsables d\u2019Oracle, d\u2019IBM, de Microsoft, de Novartis, de start-ups montantes, de professeurs de Cambridge, ainsi que de la directrice de l\u2019IA \u00e0 la Commission europ\u00e9enne.<\/p>\n<p>Pour rappel, fond\u00e9e par l\u2019\u00c9cole Polytechnique f\u00e9d\u00e9rale de Lausanne, \u00ab Applied machine learning day \u00bb est une conf\u00e9rence suisse ax\u00e9e sur l\u2019apprentissage automatique et l\u2019intelligence artificielle. Sa premi\u00e8re \u00e9dition africaine a \u00e9t\u00e9 tenue virtuellement du 2 au 4 septembre 2021.<\/p>\n","protected":false},"excerpt":{"rendered":"<p>\u00ab Montrer comment l\u2019intelligence artificielle peut \u00eatre appliqu\u00e9e \u00e0 diff\u00e9rents domaines tels que la sant\u00e9, l\u2019environnement, l\u2019agriculture pour r\u00e9pondre \u00e0 des probl\u00e9matiques sp\u00e9cifiques au contexte africain \u00bb. Tel est le but de la deuxi\u00e8me \u00e9dition africaine de la conf\u00e9rence \u00ab Applied machine learning days \u00bb pr\u00e9vue du 3 au 4 novembre \u00e0 l\u2019Universit\u00e9 Mohamed VI polytechnique, au Maroc.<\/p>\n","protected":false},"author":12963,"featured_media":20901,"comment_status":"open","ping_status":"open","sticky":false,"template":"","format":"standard","meta":{"footnotes":""},"categories":[67,73],"tags":[81,78,77],"class_list":{"0":"post-20904","1":"post","2":"type-post","3":"status-publish","4":"format-standard","5":"has-post-thumbnail","7":"category-actualites","8":"category-technologie","9":"tag-actualites","10":"tag-apie-project-2","11":"tag-technologie"},"yoast_head":"<!-- This site is optimized with the Yoast SEO plugin v24.4 - https:\/\/yoast.com\/wordpress\/plugins\/seo\/ -->\n<title>L\u2019Intelligence Artificielle Au Menu De La 2e \u00c9dition De La Conf\u00e9rence Africaine \u00ab Applied Machine Learning Days \u00bb - APIE NEWS<\/title>\n<meta name=\"robots\" content=\"index, follow, max-snippet:-1, max-image-preview:large, max-video-preview:-1\" \/>\n<link rel=\"canonical\" href=\"https:\/\/appsaf.apieproject.com\/news\/fr\/2022\/10\/30\/lintelligence-artificielle-au-menu-de-la-2e-edition-de-la-conference-africaine-applied-machine-learning-days\/\" \/>\n<meta property=\"og:locale\" content=\"fr_FR\" \/>\n<meta property=\"og:type\" content=\"article\" \/>\n<meta property=\"og:title\" content=\"L\u2019Intelligence Artificielle Au Menu De La 2e \u00c9dition De La Conf\u00e9rence Africaine \u00ab Applied Machine Learning Days \u00bb - APIE NEWS\" \/>\n<meta property=\"og:description\" content=\"\u00ab Montrer comment l\u2019intelligence artificielle peut \u00eatre appliqu\u00e9e \u00e0 diff\u00e9rents domaines tels que la sant\u00e9, l\u2019environnement, l\u2019agriculture pour r\u00e9pondre \u00e0 des probl\u00e9matiques sp\u00e9cifiques au contexte africain \u00bb. Tel est le but de la deuxi\u00e8me \u00e9dition africaine de la conf\u00e9rence \u00ab Applied machine learning days \u00bb pr\u00e9vue du 3 au 4 novembre \u00e0 l\u2019Universit\u00e9 Mohamed VI polytechnique, au Maroc.\" \/>\n<meta property=\"og:url\" content=\"https:\/\/appsaf.apieproject.com\/news\/fr\/2022\/10\/30\/lintelligence-artificielle-au-menu-de-la-2e-edition-de-la-conference-africaine-applied-machine-learning-days\/\" \/>\n<meta property=\"og:site_name\" content=\"APIE NEWS\" \/>\n<meta property=\"article:publisher\" content=\"https:\/\/facebook.com\/apieproject\" \/>\n<meta property=\"article:published_time\" content=\"2022-10-30T22:53:26+00:00\" \/>\n<meta property=\"article:modified_time\" content=\"2022-10-30T22:53:28+00:00\" \/>\n<meta property=\"og:image\" content=\"https:\/\/appsaf.apieproject.com\/news\/wp-content\/uploads\/sites\/29\/2022\/10\/Applied-machine-learning-days-0e6f17fce96eb02dc63b5fe2ec89afef.jpeg\" \/>\n\t<meta property=\"og:image:width\" content=\"1200\" \/>\n\t<meta property=\"og:image:height\" content=\"600\" \/>\n\t<meta property=\"og:image:type\" content=\"image\/jpeg\" \/>\n<meta name=\"author\" content=\"staff\" \/>\n<meta name=\"twitter:card\" content=\"summary_large_image\" \/>\n<meta name=\"twitter:creator\" content=\"@apieproject\" \/>\n<meta name=\"twitter:site\" content=\"@apieproject\" \/>\n<meta name=\"twitter:label1\" content=\"\u00c9crit par\" \/>\n\t<meta name=\"twitter:data1\" content=\"staff\" \/>\n\t<meta name=\"twitter:label2\" content=\"Dur\u00e9e de lecture estim\u00e9e\" \/>\n\t<meta name=\"twitter:data2\" content=\"2 minutes\" \/>\n<script type=\"application\/ld+json\" class=\"yoast-schema-graph\">{\"@context\":\"https:\/\/schema.org\",\"@graph\":[{\"@type\":\"Article\",\"@id\":\"https:\/\/appsaf.apieproject.com\/news\/fr\/2022\/10\/30\/lintelligence-artificielle-au-menu-de-la-2e-edition-de-la-conference-africaine-applied-machine-learning-days\/#article\",\"isPartOf\":{\"@id\":\"https:\/\/appsaf.apieproject.com\/news\/fr\/2022\/10\/30\/lintelligence-artificielle-au-menu-de-la-2e-edition-de-la-conference-africaine-applied-machine-learning-days\/\"},\"author\":{\"name\":\"staff\",\"@id\":\"https:\/\/appsaf.apieproject.com\/news\/#\/schema\/person\/399517cac378948cd7b39086f9ddc2a7\"},\"headline\":\"L\u2019Intelligence Artificielle Au Menu De La 2e \u00c9dition De La Conf\u00e9rence Africaine \u00ab Applied Machine Learning Days \u00bb\",\"datePublished\":\"2022-10-30T22:53:26+00:00\",\"dateModified\":\"2022-10-30T22:53:28+00:00\",\"mainEntityOfPage\":{\"@id\":\"https:\/\/appsaf.apieproject.com\/news\/fr\/2022\/10\/30\/lintelligence-artificielle-au-menu-de-la-2e-edition-de-la-conference-africaine-applied-machine-learning-days\/\"},\"wordCount\":250,\"commentCount\":0,\"publisher\":{\"@id\":\"https:\/\/appsaf.apieproject.com\/news\/#organization\"},\"image\":{\"@id\":\"https:\/\/appsaf.apieproject.com\/news\/fr\/2022\/10\/30\/lintelligence-artificielle-au-menu-de-la-2e-edition-de-la-conference-africaine-applied-machine-learning-days\/#primaryimage\"},\"thumbnailUrl\":\"https:\/\/appsaf.apieproject.com\/news\/wp-content\/uploads\/sites\/29\/2022\/10\/Applied-machine-learning-days-0e6f17fce96eb02dc63b5fe2ec89afef.jpeg\",\"keywords\":[\"actualites\",\"apie project\",\"technologie\"],\"articleSection\":[\"Actualit\u00e9s\",\"Technologie\"],\"inLanguage\":\"fr-FR\",\"potentialAction\":[{\"@type\":\"CommentAction\",\"name\":\"Comment\",\"target\":[\"https:\/\/appsaf.apieproject.com\/news\/fr\/2022\/10\/30\/lintelligence-artificielle-au-menu-de-la-2e-edition-de-la-conference-africaine-applied-machine-learning-days\/#respond\"]}]},{\"@type\":\"WebPage\",\"@id\":\"https:\/\/appsaf.apieproject.com\/news\/fr\/2022\/10\/30\/lintelligence-artificielle-au-menu-de-la-2e-edition-de-la-conference-africaine-applied-machine-learning-days\/\",\"url\":\"https:\/\/appsaf.apieproject.com\/news\/fr\/2022\/10\/30\/lintelligence-artificielle-au-menu-de-la-2e-edition-de-la-conference-africaine-applied-machine-learning-days\/\",\"name\":\"L\u2019Intelligence Artificielle Au Menu De La 2e \u00c9dition De La Conf\u00e9rence Africaine \u00ab Applied Machine Learning Days \u00bb - APIE NEWS\",\"isPartOf\":{\"@id\":\"https:\/\/appsaf.apieproject.com\/news\/#website\"},\"primaryImageOfPage\":{\"@id\":\"https:\/\/appsaf.apieproject.com\/news\/fr\/2022\/10\/30\/lintelligence-artificielle-au-menu-de-la-2e-edition-de-la-conference-africaine-applied-machine-learning-days\/#primaryimage\"},\"image\":{\"@id\":\"https:\/\/appsaf.apieproject.com\/news\/fr\/2022\/10\/30\/lintelligence-artificielle-au-menu-de-la-2e-edition-de-la-conference-africaine-applied-machine-learning-days\/#primaryimage\"},\"thumbnailUrl\":\"https:\/\/appsaf.apieproject.com\/news\/wp-content\/uploads\/sites\/29\/2022\/10\/Applied-machine-learning-days-0e6f17fce96eb02dc63b5fe2ec89afef.jpeg\",\"datePublished\":\"2022-10-30T22:53:26+00:00\",\"dateModified\":\"2022-10-30T22:53:28+00:00\",\"breadcrumb\":{\"@id\":\"https:\/\/appsaf.apieproject.com\/news\/fr\/2022\/10\/30\/lintelligence-artificielle-au-menu-de-la-2e-edition-de-la-conference-africaine-applied-machine-learning-days\/#breadcrumb\"},\"inLanguage\":\"fr-FR\",\"potentialAction\":[{\"@type\":\"ReadAction\",\"target\":[\"https:\/\/appsaf.apieproject.com\/news\/fr\/2022\/10\/30\/lintelligence-artificielle-au-menu-de-la-2e-edition-de-la-conference-africaine-applied-machine-learning-days\/\"]}]},{\"@type\":\"ImageObject\",\"inLanguage\":\"fr-FR\",\"@id\":\"https:\/\/appsaf.apieproject.com\/news\/fr\/2022\/10\/30\/lintelligence-artificielle-au-menu-de-la-2e-edition-de-la-conference-africaine-applied-machine-learning-days\/#primaryimage\",\"url\":\"https:\/\/appsaf.apieproject.com\/news\/wp-content\/uploads\/sites\/29\/2022\/10\/Applied-machine-learning-days-0e6f17fce96eb02dc63b5fe2ec89afef.jpeg\",\"contentUrl\":\"https:\/\/appsaf.apieproject.com\/news\/wp-content\/uploads\/sites\/29\/2022\/10\/Applied-machine-learning-days-0e6f17fce96eb02dc63b5fe2ec89afef.jpeg\",\"width\":1200,\"height\":600},{\"@type\":\"BreadcrumbList\",\"@id\":\"https:\/\/appsaf.apieproject.com\/news\/fr\/2022\/10\/30\/lintelligence-artificielle-au-menu-de-la-2e-edition-de-la-conference-africaine-applied-machine-learning-days\/#breadcrumb\",\"itemListElement\":[{\"@type\":\"ListItem\",\"position\":1,\"name\":\"Home\",\"item\":\"https:\/\/appsaf.apieproject.com\/news\/fr\/home\/\"},{\"@type\":\"ListItem\",\"position\":2,\"name\":\"L\u2019Intelligence Artificielle Au Menu De La 2e \u00c9dition De La Conf\u00e9rence Africaine \u00ab Applied Machine Learning Days \u00bb\"}]},{\"@type\":\"WebSite\",\"@id\":\"https:\/\/appsaf.apieproject.com\/news\/#website\",\"url\":\"https:\/\/appsaf.apieproject.com\/news\/\",\"name\":\"APIE NEWS\",\"description\":\"PANAFRICANISM NEWS PORTAL\",\"publisher\":{\"@id\":\"https:\/\/appsaf.apieproject.com\/news\/#organization\"},\"potentialAction\":[{\"@type\":\"SearchAction\",\"target\":{\"@type\":\"EntryPoint\",\"urlTemplate\":\"https:\/\/appsaf.apieproject.com\/news\/?s={search_term_string}\"},\"query-input\":{\"@type\":\"PropertyValueSpecification\",\"valueRequired\":true,\"valueName\":\"search_term_string\"}}],\"inLanguage\":\"fr-FR\"},{\"@type\":\"Organization\",\"@id\":\"https:\/\/appsaf.apieproject.com\/news\/#organization\",\"name\":\"APIE PROJECT\",\"url\":\"https:\/\/appsaf.apieproject.com\/news\/\",\"logo\":{\"@type\":\"ImageObject\",\"inLanguage\":\"fr-FR\",\"@id\":\"https:\/\/appsaf.apieproject.com\/news\/#\/schema\/logo\/image\/\",\"url\":\"https:\/\/appsaf.apieproject.com\/news\/wp-content\/uploads\/sites\/29\/2022\/07\/logo-R-TransparentBackground.png\",\"contentUrl\":\"https:\/\/appsaf.apieproject.com\/news\/wp-content\/uploads\/sites\/29\/2022\/07\/logo-R-TransparentBackground.png\",\"width\":512,\"height\":512,\"caption\":\"APIE PROJECT\"},\"image\":{\"@id\":\"https:\/\/appsaf.apieproject.com\/news\/#\/schema\/logo\/image\/\"},\"sameAs\":[\"https:\/\/facebook.com\/apieproject\",\"https:\/\/x.com\/apieproject\"]},{\"@type\":\"Person\",\"@id\":\"https:\/\/appsaf.apieproject.com\/news\/#\/schema\/person\/399517cac378948cd7b39086f9ddc2a7\",\"name\":\"staff\",\"image\":{\"@type\":\"ImageObject\",\"inLanguage\":\"fr-FR\",\"@id\":\"https:\/\/appsaf.apieproject.com\/news\/#\/schema\/person\/image\/\",\"url\":\"https:\/\/secure.gravatar.com\/avatar\/5386283c5db150efe261184bd59f072a?s=96&d=mm&r=g\",\"contentUrl\":\"https:\/\/secure.gravatar.com\/avatar\/5386283c5db150efe261184bd59f072a?s=96&d=mm&r=g\",\"caption\":\"staff\"},\"url\":\"https:\/\/appsaf.apieproject.com\/news\/fr\/author\/staff\/\"}]}<\/script>\n<!-- \/ Yoast SEO plugin. -->","yoast_head_json":{"title":"L\u2019Intelligence Artificielle Au Menu De La 2e \u00c9dition De La Conf\u00e9rence Africaine \u00ab Applied Machine Learning Days \u00bb - APIE NEWS","robots":{"index":"index","follow":"follow","max-snippet":"max-snippet:-1","max-image-preview":"max-image-preview:large","max-video-preview":"max-video-preview:-1"},"canonical":"https:\/\/appsaf.apieproject.com\/news\/fr\/2022\/10\/30\/lintelligence-artificielle-au-menu-de-la-2e-edition-de-la-conference-africaine-applied-machine-learning-days\/","og_locale":"fr_FR","og_type":"article","og_title":"L\u2019Intelligence Artificielle Au Menu De La 2e \u00c9dition De La Conf\u00e9rence Africaine \u00ab Applied Machine Learning Days \u00bb - APIE NEWS","og_description":"\u00ab Montrer comment l\u2019intelligence artificielle peut \u00eatre appliqu\u00e9e \u00e0 diff\u00e9rents domaines tels que la sant\u00e9, l\u2019environnement, l\u2019agriculture pour r\u00e9pondre \u00e0 des probl\u00e9matiques sp\u00e9cifiques au contexte africain \u00bb. Tel est le but de la deuxi\u00e8me \u00e9dition africaine de la conf\u00e9rence \u00ab Applied machine learning days \u00bb pr\u00e9vue du 3 au 4 novembre \u00e0 l\u2019Universit\u00e9 Mohamed VI polytechnique, au Maroc.","og_url":"https:\/\/appsaf.apieproject.com\/news\/fr\/2022\/10\/30\/lintelligence-artificielle-au-menu-de-la-2e-edition-de-la-conference-africaine-applied-machine-learning-days\/","og_site_name":"APIE NEWS","article_publisher":"https:\/\/facebook.com\/apieproject","article_published_time":"2022-10-30T22:53:26+00:00","article_modified_time":"2022-10-30T22:53:28+00:00","og_image":[{"width":1200,"height":600,"url":"https:\/\/appsaf.apieproject.com\/news\/wp-content\/uploads\/sites\/29\/2022\/10\/Applied-machine-learning-days-0e6f17fce96eb02dc63b5fe2ec89afef.jpeg","type":"image\/jpeg"}],"author":"staff","twitter_card":"summary_large_image","twitter_creator":"@apieproject","twitter_site":"@apieproject","twitter_misc":{"\u00c9crit par":"staff","Dur\u00e9e de lecture estim\u00e9e":"2 minutes"},"schema":{"@context":"https:\/\/schema.org","@graph":[{"@type":"Article","@id":"https:\/\/appsaf.apieproject.com\/news\/fr\/2022\/10\/30\/lintelligence-artificielle-au-menu-de-la-2e-edition-de-la-conference-africaine-applied-machine-learning-days\/#article","isPartOf":{"@id":"https:\/\/appsaf.apieproject.com\/news\/fr\/2022\/10\/30\/lintelligence-artificielle-au-menu-de-la-2e-edition-de-la-conference-africaine-applied-machine-learning-days\/"},"author":{"name":"staff","@id":"https:\/\/appsaf.apieproject.com\/news\/#\/schema\/person\/399517cac378948cd7b39086f9ddc2a7"},"headline":"L\u2019Intelligence Artificielle Au Menu De La 2e \u00c9dition De La Conf\u00e9rence Africaine \u00ab Applied Machine Learning Days \u00bb","datePublished":"2022-10-30T22:53:26+00:00","dateModified":"2022-10-30T22:53:28+00:00","mainEntityOfPage":{"@id":"https:\/\/appsaf.apieproject.com\/news\/fr\/2022\/10\/30\/lintelligence-artificielle-au-menu-de-la-2e-edition-de-la-conference-africaine-applied-machine-learning-days\/"},"wordCount":250,"commentCount":0,"publisher":{"@id":"https:\/\/appsaf.apieproject.com\/news\/#organization"},"image":{"@id":"https:\/\/appsaf.apieproject.com\/news\/fr\/2022\/10\/30\/lintelligence-artificielle-au-menu-de-la-2e-edition-de-la-conference-africaine-applied-machine-learning-days\/#primaryimage"},"thumbnailUrl":"https:\/\/appsaf.apieproject.com\/news\/wp-content\/uploads\/sites\/29\/2022\/10\/Applied-machine-learning-days-0e6f17fce96eb02dc63b5fe2ec89afef.jpeg","keywords":["actualites","apie project","technologie"],"articleSection":["Actualit\u00e9s","Technologie"],"inLanguage":"fr-FR","potentialAction":[{"@type":"CommentAction","name":"Comment","target":["https:\/\/appsaf.apieproject.com\/news\/fr\/2022\/10\/30\/lintelligence-artificielle-au-menu-de-la-2e-edition-de-la-conference-africaine-applied-machine-learning-days\/#respond"]}]},{"@type":"WebPage","@id":"https:\/\/appsaf.apieproject.com\/news\/fr\/2022\/10\/30\/lintelligence-artificielle-au-menu-de-la-2e-edition-de-la-conference-africaine-applied-machine-learning-days\/","url":"https:\/\/appsaf.apieproject.com\/news\/fr\/2022\/10\/30\/lintelligence-artificielle-au-menu-de-la-2e-edition-de-la-conference-africaine-applied-machine-learning-days\/","name":"L\u2019Intelligence Artificielle Au Menu De La 2e \u00c9dition De La Conf\u00e9rence Africaine \u00ab Applied Machine Learning Days \u00bb - APIE NEWS","isPartOf":{"@id":"https:\/\/appsaf.apieproject.com\/news\/#website"},"primaryImageOfPage":{"@id":"https:\/\/appsaf.apieproject.com\/news\/fr\/2022\/10\/30\/lintelligence-artificielle-au-menu-de-la-2e-edition-de-la-conference-africaine-applied-machine-learning-days\/#primaryimage"},"image":{"@id":"https:\/\/appsaf.apieproject.com\/news\/fr\/2022\/10\/30\/lintelligence-artificielle-au-menu-de-la-2e-edition-de-la-conference-africaine-applied-machine-learning-days\/#primaryimage"},"thumbnailUrl":"https:\/\/appsaf.apieproject.com\/news\/wp-content\/uploads\/sites\/29\/2022\/10\/Applied-machine-learning-days-0e6f17fce96eb02dc63b5fe2ec89afef.jpeg","datePublished":"2022-10-30T22:53:26+00:00","dateModified":"2022-10-30T22:53:28+00:00","breadcrumb":{"@id":"https:\/\/appsaf.apieproject.com\/news\/fr\/2022\/10\/30\/lintelligence-artificielle-au-menu-de-la-2e-edition-de-la-conference-africaine-applied-machine-learning-days\/#breadcrumb"},"inLanguage":"fr-FR","potentialAction":[{"@type":"ReadAction","target":["https:\/\/appsaf.apieproject.com\/news\/fr\/2022\/10\/30\/lintelligence-artificielle-au-menu-de-la-2e-edition-de-la-conference-africaine-applied-machine-learning-days\/"]}]},{"@type":"ImageObject","inLanguage":"fr-FR","@id":"https:\/\/appsaf.apieproject.com\/news\/fr\/2022\/10\/30\/lintelligence-artificielle-au-menu-de-la-2e-edition-de-la-conference-africaine-applied-machine-learning-days\/#primaryimage","url":"https:\/\/appsaf.apieproject.com\/news\/wp-content\/uploads\/sites\/29\/2022\/10\/Applied-machine-learning-days-0e6f17fce96eb02dc63b5fe2ec89afef.jpeg","contentUrl":"https:\/\/appsaf.apieproject.com\/news\/wp-content\/uploads\/sites\/29\/2022\/10\/Applied-machine-learning-days-0e6f17fce96eb02dc63b5fe2ec89afef.jpeg","width":1200,"height":600},{"@type":"BreadcrumbList","@id":"https:\/\/appsaf.apieproject.com\/news\/fr\/2022\/10\/30\/lintelligence-artificielle-au-menu-de-la-2e-edition-de-la-conference-africaine-applied-machine-learning-days\/#breadcrumb","itemListElement":[{"@type":"ListItem","position":1,"name":"Home","item":"https:\/\/appsaf.apieproject.com\/news\/fr\/home\/"},{"@type":"ListItem","position":2,"name":"L\u2019Intelligence Artificielle Au Menu De La 2e \u00c9dition De La Conf\u00e9rence Africaine \u00ab Applied Machine Learning Days \u00bb"}]},{"@type":"WebSite","@id":"https:\/\/appsaf.apieproject.com\/news\/#website","url":"https:\/\/appsaf.apieproject.com\/news\/","name":"APIE NEWS","description":"PANAFRICANISM NEWS PORTAL","publisher":{"@id":"https:\/\/appsaf.apieproject.com\/news\/#organization"},"potentialAction":[{"@type":"SearchAction","target":{"@type":"EntryPoint","urlTemplate":"https:\/\/appsaf.apieproject.com\/news\/?s={search_term_string}"},"query-input":{"@type":"PropertyValueSpecification","valueRequired":true,"valueName":"search_term_string"}}],"inLanguage":"fr-FR"},{"@type":"Organization","@id":"https:\/\/appsaf.apieproject.com\/news\/#organization","name":"APIE PROJECT","url":"https:\/\/appsaf.apieproject.com\/news\/","logo":{"@type":"ImageObject","inLanguage":"fr-FR","@id":"https:\/\/appsaf.apieproject.com\/news\/#\/schema\/logo\/image\/","url":"https:\/\/appsaf.apieproject.com\/news\/wp-content\/uploads\/sites\/29\/2022\/07\/logo-R-TransparentBackground.png","contentUrl":"https:\/\/appsaf.apieproject.com\/news\/wp-content\/uploads\/sites\/29\/2022\/07\/logo-R-TransparentBackground.png","width":512,"height":512,"caption":"APIE PROJECT"},"image":{"@id":"https:\/\/appsaf.apieproject.com\/news\/#\/schema\/logo\/image\/"},"sameAs":["https:\/\/facebook.com\/apieproject","https:\/\/x.com\/apieproject"]},{"@type":"Person","@id":"https:\/\/appsaf.apieproject.com\/news\/#\/schema\/person\/399517cac378948cd7b39086f9ddc2a7","name":"staff","image":{"@type":"ImageObject","inLanguage":"fr-FR","@id":"https:\/\/appsaf.apieproject.com\/news\/#\/schema\/person\/image\/","url":"https:\/\/secure.gravatar.com\/avatar\/5386283c5db150efe261184bd59f072a?s=96&d=mm&r=g","contentUrl":"https:\/\/secure.gravatar.com\/avatar\/5386283c5db150efe261184bd59f072a?s=96&d=mm&r=g","caption":"staff"},"url":"https:\/\/appsaf.apieproject.com\/news\/fr\/author\/staff\/"}]}},"_links":{"self":[{"href":"https:\/\/appsaf.apieproject.com\/news\/fr\/wp-json\/wp\/v2\/posts\/20904","targetHints":{"allow":["GET"]}}],"collection":[{"href":"https:\/\/appsaf.apieproject.com\/news\/fr\/wp-json\/wp\/v2\/posts"}],"about":[{"href":"https:\/\/appsaf.apieproject.com\/news\/fr\/wp-json\/wp\/v2\/types\/post"}],"author":[{"embeddable":true,"href":"https:\/\/appsaf.apieproject.com\/news\/fr\/wp-json\/wp\/v2\/users\/12963"}],"replies":[{"embeddable":true,"href":"https:\/\/appsaf.apieproject.com\/news\/fr\/wp-json\/wp\/v2\/comments?post=20904"}],"version-history":[{"count":1,"href":"https:\/\/appsaf.apieproject.com\/news\/fr\/wp-json\/wp\/v2\/posts\/20904\/revisions"}],"predecessor-version":[{"id":21149,"href":"https:\/\/appsaf.apieproject.com\/news\/fr\/wp-json\/wp\/v2\/posts\/20904\/revisions\/21149"}],"wp:featuredmedia":[{"embeddable":true,"href":"https:\/\/appsaf.apieproject.com\/news\/fr\/wp-json\/wp\/v2\/media\/20901"}],"wp:attachment":[{"href":"https:\/\/appsaf.apieproject.com\/news\/fr\/wp-json\/wp\/v2\/media?parent=20904"}],"wp:term":[{"taxonomy":"category","embeddable":true,"href":"https:\/\/appsaf.apieproject.com\/news\/fr\/wp-json\/wp\/v2\/categories?post=20904"},{"taxonomy":"post_tag","embeddable":true,"href":"https:\/\/appsaf.apieproject.com\/news\/fr\/wp-json\/wp\/v2\/tags?post=20904"}],"curies":[{"name":"wp","href":"https:\/\/api.w.org\/{rel}","templated":true}]}}