{"id":21330,"date":"2022-11-07T09:53:15","date_gmt":"2022-11-07T09:53:15","guid":{"rendered":"https:\/\/appsaf.apieproject.com\/news\/?p=21330"},"modified":"2022-11-07T09:53:16","modified_gmt":"2022-11-07T09:53:16","slug":"la-mode-africaine-de-lombre-a-la-lumiere","status":"publish","type":"post","link":"https:\/\/appsaf.apieproject.com\/news\/fr\/2022\/11\/07\/la-mode-africaine-de-lombre-a-la-lumiere\/","title":{"rendered":"La Mode Africaine De L&rsquo;Ombre \u00c0 La Lumi\u00e8re ?"},"content":{"rendered":"<p>En ao\u00fbt, la nig\u00e9riane avait lanc\u00e9 \u2018\u2019 Restrospect\u2019\u2019, une collection en hommage \u00e0 \u2018 Maryam Babanguida, ancienne premi\u00e8re dame du Nigeria. Pour la cr\u00e9atrice, la mode africaine gagne progressivement du terrain.<\/p>\n<p>\u00ab\u00a0L&rsquo;acceptation des v\u00eatements fabriqu\u00e9s par les Africains est en train de cro\u00eetre, en Afrique et en dehors, le monde cherche l&rsquo;Afrique comme source d&rsquo;inspiration en ce moment, c&rsquo;est un tr\u00e8s bon moment pour les africains. On note une \u00e9volution progressive par rapport \u00e0 environ 12 ans quand j&rsquo;ai lanc\u00e9 mon entreprise, ce n&rsquo;\u00e9tait pas facile d&rsquo;\u00eatre cr\u00e9ateur de mode.\u00a0\u00bb; explique Ejiro Amos Tofiri, directeur de la cr\u00e9ation chez E.A.T Brand.<\/p>\n<p>Au Nigeria, par exemple, la campagne \u00a0\u00bbWear Nigeria\u00a0\u00bb, lanc\u00e9e en 2017 fait la promotion de la mode locale. Une incitation \u00e0 l\u2019acceptation de la cr\u00e9ation locale. Et les talents dans le domaine ne manquent pas.<\/p>\n<p>\u00ab\u00a0Les designers nig\u00e9rians sont tr\u00e8s cr\u00e9atifs, tr\u00e8s diff\u00e9rents de ce que j&rsquo;ai vu auparavant et il y a beaucoup de couleurs. Je pense qu&rsquo;ils y apportent leur propre culture, d&rsquo;une mani\u00e8re vraiment magnifique, et ils l&rsquo;apportent aussi au niveau international.\u00a0\u00bb, appr\u00e9cie Jess Politi admiratrice de la mode nig\u00e9riane.<\/p>\n<p>Le secteur se porte plut\u00f4t bien : l\u2019industrie de la mode au Nigeria joue sa partition dans l\u2019\u00e9conomie, avec croissance moyenne de 17 % depuis 2010.<\/p>\n","protected":false},"excerpt":{"rendered":"<p>A la Fashion Week de Lagos au Nigeria, la cr\u00e9atrice de mode Ejiro Amos Tofiri a chosi de mettre la couche f\u00e9minine sur le devant de la sc\u00e8ne. Au total, 58 cr\u00e9ateurs du continent ont particip\u00e9 \u00e0 l&rsquo;\u00e9v\u00e9nement.<\/p>\n","protected":false},"author":12963,"featured_media":21327,"comment_status":"open","ping_status":"open","sticky":false,"template":"","format":"standard","meta":{"footnotes":""},"categories":[57,63],"tags":[78,95,94],"class_list":{"0":"post-21330","1":"post","2":"type-post","3":"status-publish","4":"format-standard","5":"has-post-thumbnail","7":"category-mode","8":"category-mode-de-vie","9":"tag-apie-project-2","10":"tag-mode","11":"tag-mode-de-vie"},"yoast_head":"<!-- This site is optimized with the Yoast SEO plugin v24.4 - https:\/\/yoast.com\/wordpress\/plugins\/seo\/ -->\n<title>La Mode Africaine De L&#039;Ombre \u00c0 La Lumi\u00e8re ? - APIE NEWS<\/title>\n<meta name=\"robots\" content=\"index, follow, max-snippet:-1, max-image-preview:large, max-video-preview:-1\" \/>\n<link rel=\"canonical\" href=\"https:\/\/appsaf.apieproject.com\/news\/fr\/2022\/11\/07\/la-mode-africaine-de-lombre-a-la-lumiere\/\" \/>\n<meta property=\"og:locale\" content=\"fr_FR\" \/>\n<meta property=\"og:type\" content=\"article\" \/>\n<meta property=\"og:title\" content=\"La Mode Africaine De L&#039;Ombre \u00c0 La Lumi\u00e8re ? - APIE NEWS\" \/>\n<meta property=\"og:description\" content=\"A la Fashion Week de Lagos au Nigeria, la cr\u00e9atrice de mode Ejiro Amos Tofiri a chosi de mettre la couche f\u00e9minine sur le devant de la sc\u00e8ne. Au total, 58 cr\u00e9ateurs du continent ont particip\u00e9 \u00e0 l&#039;\u00e9v\u00e9nement.\" \/>\n<meta property=\"og:url\" content=\"https:\/\/appsaf.apieproject.com\/news\/fr\/2022\/11\/07\/la-mode-africaine-de-lombre-a-la-lumiere\/\" \/>\n<meta property=\"og:site_name\" content=\"APIE NEWS\" \/>\n<meta property=\"article:publisher\" content=\"https:\/\/facebook.com\/apieproject\" \/>\n<meta property=\"article:published_time\" content=\"2022-11-07T09:53:15+00:00\" \/>\n<meta property=\"article:modified_time\" content=\"2022-11-07T09:53:16+00:00\" \/>\n<meta property=\"og:image\" content=\"https:\/\/appsaf.apieproject.com\/news\/wp-content\/uploads\/sites\/29\/2022\/11\/sddefault-7bdb07c723c002475b0f80e56450f6ef.jpg\" \/>\n\t<meta property=\"og:image:width\" content=\"640\" \/>\n\t<meta property=\"og:image:height\" content=\"480\" \/>\n\t<meta property=\"og:image:type\" content=\"image\/jpeg\" \/>\n<meta name=\"author\" content=\"staff\" \/>\n<meta name=\"twitter:card\" content=\"summary_large_image\" \/>\n<meta name=\"twitter:creator\" content=\"@apieproject\" \/>\n<meta name=\"twitter:site\" content=\"@apieproject\" \/>\n<meta name=\"twitter:label1\" content=\"\u00c9crit par\" \/>\n\t<meta name=\"twitter:data1\" content=\"staff\" \/>\n\t<meta name=\"twitter:label2\" content=\"Dur\u00e9e de lecture estim\u00e9e\" \/>\n\t<meta name=\"twitter:data2\" content=\"1 minute\" \/>\n<script type=\"application\/ld+json\" class=\"yoast-schema-graph\">{\"@context\":\"https:\/\/schema.org\",\"@graph\":[{\"@type\":\"Article\",\"@id\":\"https:\/\/appsaf.apieproject.com\/news\/fr\/2022\/11\/07\/la-mode-africaine-de-lombre-a-la-lumiere\/#article\",\"isPartOf\":{\"@id\":\"https:\/\/appsaf.apieproject.com\/news\/fr\/2022\/11\/07\/la-mode-africaine-de-lombre-a-la-lumiere\/\"},\"author\":{\"name\":\"staff\",\"@id\":\"https:\/\/appsaf.apieproject.com\/news\/#\/schema\/person\/399517cac378948cd7b39086f9ddc2a7\"},\"headline\":\"La Mode Africaine De L&rsquo;Ombre \u00c0 La Lumi\u00e8re ?\",\"datePublished\":\"2022-11-07T09:53:15+00:00\",\"dateModified\":\"2022-11-07T09:53:16+00:00\",\"mainEntityOfPage\":{\"@id\":\"https:\/\/appsaf.apieproject.com\/news\/fr\/2022\/11\/07\/la-mode-africaine-de-lombre-a-la-lumiere\/\"},\"wordCount\":245,\"commentCount\":0,\"publisher\":{\"@id\":\"https:\/\/appsaf.apieproject.com\/news\/#organization\"},\"image\":{\"@id\":\"https:\/\/appsaf.apieproject.com\/news\/fr\/2022\/11\/07\/la-mode-africaine-de-lombre-a-la-lumiere\/#primaryimage\"},\"thumbnailUrl\":\"https:\/\/appsaf.apieproject.com\/news\/wp-content\/uploads\/sites\/29\/2022\/11\/sddefault-7bdb07c723c002475b0f80e56450f6ef.jpg\",\"keywords\":[\"apie project\",\"mode\",\"mode de vie\"],\"articleSection\":[\"Mode\",\"Mode de Vie\"],\"inLanguage\":\"fr-FR\",\"potentialAction\":[{\"@type\":\"CommentAction\",\"name\":\"Comment\",\"target\":[\"https:\/\/appsaf.apieproject.com\/news\/fr\/2022\/11\/07\/la-mode-africaine-de-lombre-a-la-lumiere\/#respond\"]}]},{\"@type\":\"WebPage\",\"@id\":\"https:\/\/appsaf.apieproject.com\/news\/fr\/2022\/11\/07\/la-mode-africaine-de-lombre-a-la-lumiere\/\",\"url\":\"https:\/\/appsaf.apieproject.com\/news\/fr\/2022\/11\/07\/la-mode-africaine-de-lombre-a-la-lumiere\/\",\"name\":\"La Mode Africaine De L'Ombre \u00c0 La Lumi\u00e8re ? - APIE NEWS\",\"isPartOf\":{\"@id\":\"https:\/\/appsaf.apieproject.com\/news\/#website\"},\"primaryImageOfPage\":{\"@id\":\"https:\/\/appsaf.apieproject.com\/news\/fr\/2022\/11\/07\/la-mode-africaine-de-lombre-a-la-lumiere\/#primaryimage\"},\"image\":{\"@id\":\"https:\/\/appsaf.apieproject.com\/news\/fr\/2022\/11\/07\/la-mode-africaine-de-lombre-a-la-lumiere\/#primaryimage\"},\"thumbnailUrl\":\"https:\/\/appsaf.apieproject.com\/news\/wp-content\/uploads\/sites\/29\/2022\/11\/sddefault-7bdb07c723c002475b0f80e56450f6ef.jpg\",\"datePublished\":\"2022-11-07T09:53:15+00:00\",\"dateModified\":\"2022-11-07T09:53:16+00:00\",\"breadcrumb\":{\"@id\":\"https:\/\/appsaf.apieproject.com\/news\/fr\/2022\/11\/07\/la-mode-africaine-de-lombre-a-la-lumiere\/#breadcrumb\"},\"inLanguage\":\"fr-FR\",\"potentialAction\":[{\"@type\":\"ReadAction\",\"target\":[\"https:\/\/appsaf.apieproject.com\/news\/fr\/2022\/11\/07\/la-mode-africaine-de-lombre-a-la-lumiere\/\"]}]},{\"@type\":\"ImageObject\",\"inLanguage\":\"fr-FR\",\"@id\":\"https:\/\/appsaf.apieproject.com\/news\/fr\/2022\/11\/07\/la-mode-africaine-de-lombre-a-la-lumiere\/#primaryimage\",\"url\":\"https:\/\/appsaf.apieproject.com\/news\/wp-content\/uploads\/sites\/29\/2022\/11\/sddefault-7bdb07c723c002475b0f80e56450f6ef.jpg\",\"contentUrl\":\"https:\/\/appsaf.apieproject.com\/news\/wp-content\/uploads\/sites\/29\/2022\/11\/sddefault-7bdb07c723c002475b0f80e56450f6ef.jpg\",\"width\":640,\"height\":480},{\"@type\":\"BreadcrumbList\",\"@id\":\"https:\/\/appsaf.apieproject.com\/news\/fr\/2022\/11\/07\/la-mode-africaine-de-lombre-a-la-lumiere\/#breadcrumb\",\"itemListElement\":[{\"@type\":\"ListItem\",\"position\":1,\"name\":\"Home\",\"item\":\"https:\/\/appsaf.apieproject.com\/news\/fr\/home\/\"},{\"@type\":\"ListItem\",\"position\":2,\"name\":\"La Mode Africaine De L&#8217;Ombre \u00c0 La Lumi\u00e8re ?\"}]},{\"@type\":\"WebSite\",\"@id\":\"https:\/\/appsaf.apieproject.com\/news\/#website\",\"url\":\"https:\/\/appsaf.apieproject.com\/news\/\",\"name\":\"APIE NEWS\",\"description\":\"PANAFRICANISM NEWS PORTAL\",\"publisher\":{\"@id\":\"https:\/\/appsaf.apieproject.com\/news\/#organization\"},\"potentialAction\":[{\"@type\":\"SearchAction\",\"target\":{\"@type\":\"EntryPoint\",\"urlTemplate\":\"https:\/\/appsaf.apieproject.com\/news\/?s={search_term_string}\"},\"query-input\":{\"@type\":\"PropertyValueSpecification\",\"valueRequired\":true,\"valueName\":\"search_term_string\"}}],\"inLanguage\":\"fr-FR\"},{\"@type\":\"Organization\",\"@id\":\"https:\/\/appsaf.apieproject.com\/news\/#organization\",\"name\":\"APIE PROJECT\",\"url\":\"https:\/\/appsaf.apieproject.com\/news\/\",\"logo\":{\"@type\":\"ImageObject\",\"inLanguage\":\"fr-FR\",\"@id\":\"https:\/\/appsaf.apieproject.com\/news\/#\/schema\/logo\/image\/\",\"url\":\"https:\/\/appsaf.apieproject.com\/news\/wp-content\/uploads\/sites\/29\/2022\/07\/logo-R-TransparentBackground.png\",\"contentUrl\":\"https:\/\/appsaf.apieproject.com\/news\/wp-content\/uploads\/sites\/29\/2022\/07\/logo-R-TransparentBackground.png\",\"width\":512,\"height\":512,\"caption\":\"APIE PROJECT\"},\"image\":{\"@id\":\"https:\/\/appsaf.apieproject.com\/news\/#\/schema\/logo\/image\/\"},\"sameAs\":[\"https:\/\/facebook.com\/apieproject\",\"https:\/\/x.com\/apieproject\"]},{\"@type\":\"Person\",\"@id\":\"https:\/\/appsaf.apieproject.com\/news\/#\/schema\/person\/399517cac378948cd7b39086f9ddc2a7\",\"name\":\"staff\",\"image\":{\"@type\":\"ImageObject\",\"inLanguage\":\"fr-FR\",\"@id\":\"https:\/\/appsaf.apieproject.com\/news\/#\/schema\/person\/image\/\",\"url\":\"https:\/\/secure.gravatar.com\/avatar\/5386283c5db150efe261184bd59f072a?s=96&d=mm&r=g\",\"contentUrl\":\"https:\/\/secure.gravatar.com\/avatar\/5386283c5db150efe261184bd59f072a?s=96&d=mm&r=g\",\"caption\":\"staff\"},\"url\":\"https:\/\/appsaf.apieproject.com\/news\/fr\/author\/staff\/\"}]}<\/script>\n<!-- \/ Yoast SEO plugin. -->","yoast_head_json":{"title":"La Mode Africaine De L'Ombre \u00c0 La Lumi\u00e8re ? - APIE NEWS","robots":{"index":"index","follow":"follow","max-snippet":"max-snippet:-1","max-image-preview":"max-image-preview:large","max-video-preview":"max-video-preview:-1"},"canonical":"https:\/\/appsaf.apieproject.com\/news\/fr\/2022\/11\/07\/la-mode-africaine-de-lombre-a-la-lumiere\/","og_locale":"fr_FR","og_type":"article","og_title":"La Mode Africaine De L'Ombre \u00c0 La Lumi\u00e8re ? - APIE NEWS","og_description":"A la Fashion Week de Lagos au Nigeria, la cr\u00e9atrice de mode Ejiro Amos Tofiri a chosi de mettre la couche f\u00e9minine sur le devant de la sc\u00e8ne. Au total, 58 cr\u00e9ateurs du continent ont particip\u00e9 \u00e0 l'\u00e9v\u00e9nement.","og_url":"https:\/\/appsaf.apieproject.com\/news\/fr\/2022\/11\/07\/la-mode-africaine-de-lombre-a-la-lumiere\/","og_site_name":"APIE NEWS","article_publisher":"https:\/\/facebook.com\/apieproject","article_published_time":"2022-11-07T09:53:15+00:00","article_modified_time":"2022-11-07T09:53:16+00:00","og_image":[{"width":640,"height":480,"url":"https:\/\/appsaf.apieproject.com\/news\/wp-content\/uploads\/sites\/29\/2022\/11\/sddefault-7bdb07c723c002475b0f80e56450f6ef.jpg","type":"image\/jpeg"}],"author":"staff","twitter_card":"summary_large_image","twitter_creator":"@apieproject","twitter_site":"@apieproject","twitter_misc":{"\u00c9crit par":"staff","Dur\u00e9e de lecture estim\u00e9e":"1 minute"},"schema":{"@context":"https:\/\/schema.org","@graph":[{"@type":"Article","@id":"https:\/\/appsaf.apieproject.com\/news\/fr\/2022\/11\/07\/la-mode-africaine-de-lombre-a-la-lumiere\/#article","isPartOf":{"@id":"https:\/\/appsaf.apieproject.com\/news\/fr\/2022\/11\/07\/la-mode-africaine-de-lombre-a-la-lumiere\/"},"author":{"name":"staff","@id":"https:\/\/appsaf.apieproject.com\/news\/#\/schema\/person\/399517cac378948cd7b39086f9ddc2a7"},"headline":"La Mode Africaine De L&rsquo;Ombre \u00c0 La Lumi\u00e8re ?","datePublished":"2022-11-07T09:53:15+00:00","dateModified":"2022-11-07T09:53:16+00:00","mainEntityOfPage":{"@id":"https:\/\/appsaf.apieproject.com\/news\/fr\/2022\/11\/07\/la-mode-africaine-de-lombre-a-la-lumiere\/"},"wordCount":245,"commentCount":0,"publisher":{"@id":"https:\/\/appsaf.apieproject.com\/news\/#organization"},"image":{"@id":"https:\/\/appsaf.apieproject.com\/news\/fr\/2022\/11\/07\/la-mode-africaine-de-lombre-a-la-lumiere\/#primaryimage"},"thumbnailUrl":"https:\/\/appsaf.apieproject.com\/news\/wp-content\/uploads\/sites\/29\/2022\/11\/sddefault-7bdb07c723c002475b0f80e56450f6ef.jpg","keywords":["apie project","mode","mode de vie"],"articleSection":["Mode","Mode de Vie"],"inLanguage":"fr-FR","potentialAction":[{"@type":"CommentAction","name":"Comment","target":["https:\/\/appsaf.apieproject.com\/news\/fr\/2022\/11\/07\/la-mode-africaine-de-lombre-a-la-lumiere\/#respond"]}]},{"@type":"WebPage","@id":"https:\/\/appsaf.apieproject.com\/news\/fr\/2022\/11\/07\/la-mode-africaine-de-lombre-a-la-lumiere\/","url":"https:\/\/appsaf.apieproject.com\/news\/fr\/2022\/11\/07\/la-mode-africaine-de-lombre-a-la-lumiere\/","name":"La Mode Africaine De L'Ombre \u00c0 La Lumi\u00e8re ? - APIE NEWS","isPartOf":{"@id":"https:\/\/appsaf.apieproject.com\/news\/#website"},"primaryImageOfPage":{"@id":"https:\/\/appsaf.apieproject.com\/news\/fr\/2022\/11\/07\/la-mode-africaine-de-lombre-a-la-lumiere\/#primaryimage"},"image":{"@id":"https:\/\/appsaf.apieproject.com\/news\/fr\/2022\/11\/07\/la-mode-africaine-de-lombre-a-la-lumiere\/#primaryimage"},"thumbnailUrl":"https:\/\/appsaf.apieproject.com\/news\/wp-content\/uploads\/sites\/29\/2022\/11\/sddefault-7bdb07c723c002475b0f80e56450f6ef.jpg","datePublished":"2022-11-07T09:53:15+00:00","dateModified":"2022-11-07T09:53:16+00:00","breadcrumb":{"@id":"https:\/\/appsaf.apieproject.com\/news\/fr\/2022\/11\/07\/la-mode-africaine-de-lombre-a-la-lumiere\/#breadcrumb"},"inLanguage":"fr-FR","potentialAction":[{"@type":"ReadAction","target":["https:\/\/appsaf.apieproject.com\/news\/fr\/2022\/11\/07\/la-mode-africaine-de-lombre-a-la-lumiere\/"]}]},{"@type":"ImageObject","inLanguage":"fr-FR","@id":"https:\/\/appsaf.apieproject.com\/news\/fr\/2022\/11\/07\/la-mode-africaine-de-lombre-a-la-lumiere\/#primaryimage","url":"https:\/\/appsaf.apieproject.com\/news\/wp-content\/uploads\/sites\/29\/2022\/11\/sddefault-7bdb07c723c002475b0f80e56450f6ef.jpg","contentUrl":"https:\/\/appsaf.apieproject.com\/news\/wp-content\/uploads\/sites\/29\/2022\/11\/sddefault-7bdb07c723c002475b0f80e56450f6ef.jpg","width":640,"height":480},{"@type":"BreadcrumbList","@id":"https:\/\/appsaf.apieproject.com\/news\/fr\/2022\/11\/07\/la-mode-africaine-de-lombre-a-la-lumiere\/#breadcrumb","itemListElement":[{"@type":"ListItem","position":1,"name":"Home","item":"https:\/\/appsaf.apieproject.com\/news\/fr\/home\/"},{"@type":"ListItem","position":2,"name":"La Mode Africaine De L&#8217;Ombre \u00c0 La Lumi\u00e8re ?"}]},{"@type":"WebSite","@id":"https:\/\/appsaf.apieproject.com\/news\/#website","url":"https:\/\/appsaf.apieproject.com\/news\/","name":"APIE NEWS","description":"PANAFRICANISM NEWS PORTAL","publisher":{"@id":"https:\/\/appsaf.apieproject.com\/news\/#organization"},"potentialAction":[{"@type":"SearchAction","target":{"@type":"EntryPoint","urlTemplate":"https:\/\/appsaf.apieproject.com\/news\/?s={search_term_string}"},"query-input":{"@type":"PropertyValueSpecification","valueRequired":true,"valueName":"search_term_string"}}],"inLanguage":"fr-FR"},{"@type":"Organization","@id":"https:\/\/appsaf.apieproject.com\/news\/#organization","name":"APIE PROJECT","url":"https:\/\/appsaf.apieproject.com\/news\/","logo":{"@type":"ImageObject","inLanguage":"fr-FR","@id":"https:\/\/appsaf.apieproject.com\/news\/#\/schema\/logo\/image\/","url":"https:\/\/appsaf.apieproject.com\/news\/wp-content\/uploads\/sites\/29\/2022\/07\/logo-R-TransparentBackground.png","contentUrl":"https:\/\/appsaf.apieproject.com\/news\/wp-content\/uploads\/sites\/29\/2022\/07\/logo-R-TransparentBackground.png","width":512,"height":512,"caption":"APIE PROJECT"},"image":{"@id":"https:\/\/appsaf.apieproject.com\/news\/#\/schema\/logo\/image\/"},"sameAs":["https:\/\/facebook.com\/apieproject","https:\/\/x.com\/apieproject"]},{"@type":"Person","@id":"https:\/\/appsaf.apieproject.com\/news\/#\/schema\/person\/399517cac378948cd7b39086f9ddc2a7","name":"staff","image":{"@type":"ImageObject","inLanguage":"fr-FR","@id":"https:\/\/appsaf.apieproject.com\/news\/#\/schema\/person\/image\/","url":"https:\/\/secure.gravatar.com\/avatar\/5386283c5db150efe261184bd59f072a?s=96&d=mm&r=g","contentUrl":"https:\/\/secure.gravatar.com\/avatar\/5386283c5db150efe261184bd59f072a?s=96&d=mm&r=g","caption":"staff"},"url":"https:\/\/appsaf.apieproject.com\/news\/fr\/author\/staff\/"}]}},"_links":{"self":[{"href":"https:\/\/appsaf.apieproject.com\/news\/fr\/wp-json\/wp\/v2\/posts\/21330","targetHints":{"allow":["GET"]}}],"collection":[{"href":"https:\/\/appsaf.apieproject.com\/news\/fr\/wp-json\/wp\/v2\/posts"}],"about":[{"href":"https:\/\/appsaf.apieproject.com\/news\/fr\/wp-json\/wp\/v2\/types\/post"}],"author":[{"embeddable":true,"href":"https:\/\/appsaf.apieproject.com\/news\/fr\/wp-json\/wp\/v2\/users\/12963"}],"replies":[{"embeddable":true,"href":"https:\/\/appsaf.apieproject.com\/news\/fr\/wp-json\/wp\/v2\/comments?post=21330"}],"version-history":[{"count":1,"href":"https:\/\/appsaf.apieproject.com\/news\/fr\/wp-json\/wp\/v2\/posts\/21330\/revisions"}],"predecessor-version":[{"id":21567,"href":"https:\/\/appsaf.apieproject.com\/news\/fr\/wp-json\/wp\/v2\/posts\/21330\/revisions\/21567"}],"wp:featuredmedia":[{"embeddable":true,"href":"https:\/\/appsaf.apieproject.com\/news\/fr\/wp-json\/wp\/v2\/media\/21327"}],"wp:attachment":[{"href":"https:\/\/appsaf.apieproject.com\/news\/fr\/wp-json\/wp\/v2\/media?parent=21330"}],"wp:term":[{"taxonomy":"category","embeddable":true,"href":"https:\/\/appsaf.apieproject.com\/news\/fr\/wp-json\/wp\/v2\/categories?post=21330"},{"taxonomy":"post_tag","embeddable":true,"href":"https:\/\/appsaf.apieproject.com\/news\/fr\/wp-json\/wp\/v2\/tags?post=21330"}],"curies":[{"name":"wp","href":"https:\/\/api.w.org\/{rel}","templated":true}]}}