{"id":21334,"date":"2022-11-07T09:54:33","date_gmt":"2022-11-07T09:54:33","guid":{"rendered":"https:\/\/appsaf.apieproject.com\/news\/?p=21334"},"modified":"2022-11-07T09:54:34","modified_gmt":"2022-11-07T09:54:34","slug":"la-montee-en-puissance-des-mannequins-sud-soudanais","status":"publish","type":"post","link":"https:\/\/appsaf.apieproject.com\/news\/fr\/2022\/11\/07\/la-montee-en-puissance-des-mannequins-sud-soudanais\/","title":{"rendered":"La Mont\u00e9e En Puissance Des Mannequins Sud-Soudanais"},"content":{"rendered":"<p>Vous pouvez partager un article en cliquant sur les ic\u00f4nes de partage en haut \u00e0 droite de celui-ci.<br \/>\nLa reproduction totale ou partielle d\u2019un article, sans l\u2019autorisation \u00e9crite et pr\u00e9alable du Monde, est strictement interdite.<br \/>\nPour plus d\u2019informations, consultez nos conditions g\u00e9n\u00e9rales de vente.<br \/>\nPour toute demande d\u2019autorisation, contactez <span \n                data-original-string=\"hicdYCSixE\/\/WwPyp2Q11A==f1a4pyYF6Ip2EQqnMsGEJxzQgioTXXVonHnwcYwB\/VfuWw=\"\n                class=\"apbct-email-encoder\"\n                title=\"This contact has been encoded by Anti-Spam by CleanTalk. Click to decode. To finish the decoding make sure that JavaScript is enabled in your browser.\">dr<span class=\"apbct-blur\">***********@le*****.<\/span>fr<\/span>.<br \/>\nEn tant qu\u2019abonn\u00e9, vous pouvez offrir jusqu\u2019\u00e0 cinq articles par mois \u00e0 l\u2019un de vos proches gr\u00e2ce \u00e0 la fonctionnalit\u00e9 \u00ab Offrir un article \u00bb.<\/p>\n<p>https:\/\/www.lemonde.fr\/afrique\/article\/2022\/11\/04\/la-montee-en-puissance-des-mannequins-sud-soudanais_6148432_3212.html<\/p>\n<p>\u00ab\u00a0Les r\u00eaves comptent\u00a0! A toute personne dans le monde\u00a0: n\u2019arr\u00eatez jamais de r\u00eaver.\u00a0\u00bb C\u2019est le message que Majda John Peter, mannequin sud-soudanaise de 17\u00a0ans, a \u00e9crit sur Instagram apr\u00e8s avoir remport\u00e9 la 39e\u00a0\u00e9dition du concours Elite Model Look of the Year, dont la finale s\u2019est d\u00e9roul\u00e9e le 31\u00a0ao\u00fbt \u00e0 Prague.<\/p>\n<p>Premi\u00e8re Sud-Soudanaise \u00e0 gagner la tr\u00e8s prestigieuse comp\u00e9tition, la native de Bentiu, une r\u00e9gion du nord du Soudan du Sud ravag\u00e9e par la guerre civile, fait ainsi une entr\u00e9e fulgurante dans le milieu de la mode avec, dans la foul\u00e9e de sa victoire, des premiers d\u00e9fil\u00e9s \u00e0 la fashion week de Paris, fin septembre, et une premi\u00e8re couverture de magazine, celle du Vogue Czechoslovakia.<\/p>\n<p>Son succ\u00e8s vient confirmer une tendance\u00a0: l\u2019attrait exerc\u00e9 ces derni\u00e8res ann\u00e9es par la beaut\u00e9 des mannequins sud-soudanaises, au sein d\u2019une industrie longtemps domin\u00e9e par des crit\u00e8res esth\u00e9tiques europ\u00e9ens. Peau noire et lisse, silhouette effil\u00e9e, cheveux afro tress\u00e9s r\u00e9v\u00e9lant l\u2019\u00e9l\u00e9gance de sa nuque\u00a0et de son port de t\u00eate\u00a0: la beaut\u00e9 de Majda John Peter est celle de beaucoup de femmes du Soudan du Sud.<\/p>\n<p>Alek Wek, top model anglaise originaire de Wau, au Soudan du Sud, avait su la faire \u00e9clater au grand jour au milieu des ann\u00e9es 1990. \u00ab\u00a0C\u00e9l\u00e8bre mannequin, elle \u00e9tait noire comme la nuit, elle \u00e9tait sur tous les podiums et dans tous les magazines et tout le monde parlait de sa beaut\u00e9\u00a0\u00bb, confiait l\u2019actrice k\u00e9nyane Lupita Nyong\u2019o en\u00a02014, pour dire combien ce succ\u00e8s l\u2019avait aid\u00e9e, adolescente, \u00e0 sortir de la \u00ab\u00a0haine de soi\u00a0\u00bb.<\/p>\n<p>\u00ab\u00a0Futures stars\u00a0\u00bb<br \/>\nDepuis, le type de beaut\u00e9 qu\u2019incarnent les Sud-Soudanaises est devenu tr\u00e8s pris\u00e9 des cr\u00e9ateurs de mode et des marques de v\u00eatements. Le nombre de mannequins sud-soudanaises ou d\u2019origine sud-soudanaise a explos\u00e9. Sur les cinquante mod\u00e8les r\u00e9pertori\u00e9s comme \u00ab\u00a0futures stars\u00a0\u00bb par le site\u00a0Models.com, six sont d\u2019origine sud-soudanaise. Simple tendance passag\u00e8re ou bien changement profond au sein d\u2019une industrie critiqu\u00e9e pour son manque de diversit\u00e9\u00a0?<\/p>\n<p>En\u00a02020, la cr\u00e9atrice Stella McCartney affirmait voir en la mannequin\u00a0Achenrin Madit \u00ab\u00a0le visage du futur de la mode\u00a0\u00bb, discernant \u00e0 travers elle \u00ab\u00a0une g\u00e9n\u00e9ration montante qui pr\u00f4ne l\u2019inclusivit\u00e9, la diversit\u00e9 et la durabilit\u00e9 dans la mode. Ce ne sont pas des tendances, mais des moyens significatifs de r\u00e9parer une industrie en panne, nous reconnectant les uns aux autres et \u00e0 la Terre m\u00e8re\u00a0\u00bb.<\/p>\n<p>Duckie Thot, Anok Yai, Ajok Madel, Akon Changkou\u2026 Autant de stars dont l\u2019image peuple les magazines, campagnes publicitaires et r\u00e9seaux sociaux depuis quelques ann\u00e9es. Sans oublier la \u00ab\u00a0bombe\u00a0\u00bb Adut Akech, 22\u00a0ans, consacr\u00e9e \u00ab\u00a0Model of the Year\u00a0\u00bb en\u00a02018 et 2019 par le British Council of Fashion. Celle qui a pass\u00e9 ses premi\u00e8res ann\u00e9es dans le camp de r\u00e9fugi\u00e9s de Kakuma, au Kenya, avant de partir pour l\u2019Australie collectionne les couvertures de prestigieux magazines de mode. Il y a un an, elle faisait l\u2019acquisition d\u2019une villa \u00e0 Los Angeles pour 2,8\u00a0millions de dollars.<\/p>\n","protected":false},"excerpt":{"rendered":"<p>Native d\u2019une r\u00e9gion du nord du pays, Majda John Peter a remport\u00e9 la 39e \u00e9dition du prestigieux concours Elite Model Look of the Year. Son succ\u00e8s confirme l\u2019engouement pour les standards de beaut\u00e9 africains.<\/p>\n","protected":false},"author":12963,"featured_media":21331,"comment_status":"open","ping_status":"open","sticky":false,"template":"","format":"standard","meta":{"footnotes":""},"categories":[57,63],"tags":[78,95,94],"class_list":{"0":"post-21334","1":"post","2":"type-post","3":"status-publish","4":"format-standard","5":"has-post-thumbnail","7":"category-mode","8":"category-mode-de-vie","9":"tag-apie-project-2","10":"tag-mode","11":"tag-mode-de-vie"},"yoast_head":"<!-- This site is optimized with the Yoast SEO plugin v24.4 - https:\/\/yoast.com\/wordpress\/plugins\/seo\/ -->\n<title>La Mont\u00e9e En Puissance Des Mannequins Sud-Soudanais - APIE NEWS<\/title>\n<meta name=\"robots\" content=\"index, follow, max-snippet:-1, max-image-preview:large, max-video-preview:-1\" \/>\n<link rel=\"canonical\" href=\"https:\/\/appsaf.apieproject.com\/news\/fr\/2022\/11\/07\/la-montee-en-puissance-des-mannequins-sud-soudanais\/\" \/>\n<meta property=\"og:locale\" content=\"fr_FR\" \/>\n<meta property=\"og:type\" content=\"article\" \/>\n<meta property=\"og:title\" content=\"La Mont\u00e9e En Puissance Des Mannequins Sud-Soudanais - APIE NEWS\" \/>\n<meta property=\"og:description\" content=\"Native d\u2019une r\u00e9gion du nord du pays, Majda John Peter a remport\u00e9 la 39e \u00e9dition du prestigieux concours Elite Model Look of the Year. Son succ\u00e8s confirme l\u2019engouement pour les standards de beaut\u00e9 africains.\" \/>\n<meta property=\"og:url\" content=\"https:\/\/appsaf.apieproject.com\/news\/fr\/2022\/11\/07\/la-montee-en-puissance-des-mannequins-sud-soudanais\/\" \/>\n<meta property=\"og:site_name\" content=\"APIE NEWS\" \/>\n<meta property=\"article:publisher\" content=\"https:\/\/facebook.com\/apieproject\" \/>\n<meta property=\"article:published_time\" content=\"2022-11-07T09:54:33+00:00\" \/>\n<meta property=\"article:modified_time\" content=\"2022-11-07T09:54:34+00:00\" \/>\n<meta property=\"og:image\" content=\"https:\/\/appsaf.apieproject.com\/news\/wp-content\/uploads\/sites\/29\/2022\/11\/1a8f793_1667480270075-2022-08-30t211633z-474593889-rc297w989kx0-rtrmadp-3-czech-elite-model-world-final-3628b3b4b8216248efcc3d734f7ab221.jpg\" \/>\n\t<meta property=\"og:image:width\" content=\"664\" \/>\n\t<meta property=\"og:image:height\" content=\"443\" \/>\n\t<meta property=\"og:image:type\" content=\"image\/jpeg\" \/>\n<meta name=\"author\" content=\"staff\" \/>\n<meta name=\"twitter:card\" content=\"summary_large_image\" \/>\n<meta name=\"twitter:creator\" content=\"@apieproject\" \/>\n<meta name=\"twitter:site\" content=\"@apieproject\" \/>\n<meta name=\"twitter:label1\" content=\"\u00c9crit par\" \/>\n\t<meta name=\"twitter:data1\" content=\"staff\" \/>\n\t<meta name=\"twitter:label2\" content=\"Dur\u00e9e de lecture estim\u00e9e\" \/>\n\t<meta name=\"twitter:data2\" content=\"3 minutes\" \/>\n<script type=\"application\/ld+json\" class=\"yoast-schema-graph\">{\"@context\":\"https:\/\/schema.org\",\"@graph\":[{\"@type\":\"Article\",\"@id\":\"https:\/\/appsaf.apieproject.com\/news\/fr\/2022\/11\/07\/la-montee-en-puissance-des-mannequins-sud-soudanais\/#article\",\"isPartOf\":{\"@id\":\"https:\/\/appsaf.apieproject.com\/news\/fr\/2022\/11\/07\/la-montee-en-puissance-des-mannequins-sud-soudanais\/\"},\"author\":{\"name\":\"staff\",\"@id\":\"https:\/\/appsaf.apieproject.com\/news\/#\/schema\/person\/399517cac378948cd7b39086f9ddc2a7\"},\"headline\":\"La Mont\u00e9e En Puissance Des Mannequins Sud-Soudanais\",\"datePublished\":\"2022-11-07T09:54:33+00:00\",\"dateModified\":\"2022-11-07T09:54:34+00:00\",\"mainEntityOfPage\":{\"@id\":\"https:\/\/appsaf.apieproject.com\/news\/fr\/2022\/11\/07\/la-montee-en-puissance-des-mannequins-sud-soudanais\/\"},\"wordCount\":639,\"commentCount\":0,\"publisher\":{\"@id\":\"https:\/\/appsaf.apieproject.com\/news\/#organization\"},\"image\":{\"@id\":\"https:\/\/appsaf.apieproject.com\/news\/fr\/2022\/11\/07\/la-montee-en-puissance-des-mannequins-sud-soudanais\/#primaryimage\"},\"thumbnailUrl\":\"https:\/\/appsaf.apieproject.com\/news\/wp-content\/uploads\/sites\/29\/2022\/11\/1a8f793_1667480270075-2022-08-30t211633z-474593889-rc297w989kx0-rtrmadp-3-czech-elite-model-world-final-3628b3b4b8216248efcc3d734f7ab221.jpg\",\"keywords\":[\"apie project\",\"mode\",\"mode de vie\"],\"articleSection\":[\"Mode\",\"Mode de Vie\"],\"inLanguage\":\"fr-FR\",\"potentialAction\":[{\"@type\":\"CommentAction\",\"name\":\"Comment\",\"target\":[\"https:\/\/appsaf.apieproject.com\/news\/fr\/2022\/11\/07\/la-montee-en-puissance-des-mannequins-sud-soudanais\/#respond\"]}]},{\"@type\":\"WebPage\",\"@id\":\"https:\/\/appsaf.apieproject.com\/news\/fr\/2022\/11\/07\/la-montee-en-puissance-des-mannequins-sud-soudanais\/\",\"url\":\"https:\/\/appsaf.apieproject.com\/news\/fr\/2022\/11\/07\/la-montee-en-puissance-des-mannequins-sud-soudanais\/\",\"name\":\"La Mont\u00e9e En Puissance Des Mannequins Sud-Soudanais - APIE NEWS\",\"isPartOf\":{\"@id\":\"https:\/\/appsaf.apieproject.com\/news\/#website\"},\"primaryImageOfPage\":{\"@id\":\"https:\/\/appsaf.apieproject.com\/news\/fr\/2022\/11\/07\/la-montee-en-puissance-des-mannequins-sud-soudanais\/#primaryimage\"},\"image\":{\"@id\":\"https:\/\/appsaf.apieproject.com\/news\/fr\/2022\/11\/07\/la-montee-en-puissance-des-mannequins-sud-soudanais\/#primaryimage\"},\"thumbnailUrl\":\"https:\/\/appsaf.apieproject.com\/news\/wp-content\/uploads\/sites\/29\/2022\/11\/1a8f793_1667480270075-2022-08-30t211633z-474593889-rc297w989kx0-rtrmadp-3-czech-elite-model-world-final-3628b3b4b8216248efcc3d734f7ab221.jpg\",\"datePublished\":\"2022-11-07T09:54:33+00:00\",\"dateModified\":\"2022-11-07T09:54:34+00:00\",\"breadcrumb\":{\"@id\":\"https:\/\/appsaf.apieproject.com\/news\/fr\/2022\/11\/07\/la-montee-en-puissance-des-mannequins-sud-soudanais\/#breadcrumb\"},\"inLanguage\":\"fr-FR\",\"potentialAction\":[{\"@type\":\"ReadAction\",\"target\":[\"https:\/\/appsaf.apieproject.com\/news\/fr\/2022\/11\/07\/la-montee-en-puissance-des-mannequins-sud-soudanais\/\"]}]},{\"@type\":\"ImageObject\",\"inLanguage\":\"fr-FR\",\"@id\":\"https:\/\/appsaf.apieproject.com\/news\/fr\/2022\/11\/07\/la-montee-en-puissance-des-mannequins-sud-soudanais\/#primaryimage\",\"url\":\"https:\/\/appsaf.apieproject.com\/news\/wp-content\/uploads\/sites\/29\/2022\/11\/1a8f793_1667480270075-2022-08-30t211633z-474593889-rc297w989kx0-rtrmadp-3-czech-elite-model-world-final-3628b3b4b8216248efcc3d734f7ab221.jpg\",\"contentUrl\":\"https:\/\/appsaf.apieproject.com\/news\/wp-content\/uploads\/sites\/29\/2022\/11\/1a8f793_1667480270075-2022-08-30t211633z-474593889-rc297w989kx0-rtrmadp-3-czech-elite-model-world-final-3628b3b4b8216248efcc3d734f7ab221.jpg\",\"width\":664,\"height\":443},{\"@type\":\"BreadcrumbList\",\"@id\":\"https:\/\/appsaf.apieproject.com\/news\/fr\/2022\/11\/07\/la-montee-en-puissance-des-mannequins-sud-soudanais\/#breadcrumb\",\"itemListElement\":[{\"@type\":\"ListItem\",\"position\":1,\"name\":\"Home\",\"item\":\"https:\/\/appsaf.apieproject.com\/news\/fr\/home\/\"},{\"@type\":\"ListItem\",\"position\":2,\"name\":\"La Mont\u00e9e En Puissance Des Mannequins Sud-Soudanais\"}]},{\"@type\":\"WebSite\",\"@id\":\"https:\/\/appsaf.apieproject.com\/news\/#website\",\"url\":\"https:\/\/appsaf.apieproject.com\/news\/\",\"name\":\"APIE NEWS\",\"description\":\"PANAFRICANISM NEWS PORTAL\",\"publisher\":{\"@id\":\"https:\/\/appsaf.apieproject.com\/news\/#organization\"},\"potentialAction\":[{\"@type\":\"SearchAction\",\"target\":{\"@type\":\"EntryPoint\",\"urlTemplate\":\"https:\/\/appsaf.apieproject.com\/news\/?s={search_term_string}\"},\"query-input\":{\"@type\":\"PropertyValueSpecification\",\"valueRequired\":true,\"valueName\":\"search_term_string\"}}],\"inLanguage\":\"fr-FR\"},{\"@type\":\"Organization\",\"@id\":\"https:\/\/appsaf.apieproject.com\/news\/#organization\",\"name\":\"APIE PROJECT\",\"url\":\"https:\/\/appsaf.apieproject.com\/news\/\",\"logo\":{\"@type\":\"ImageObject\",\"inLanguage\":\"fr-FR\",\"@id\":\"https:\/\/appsaf.apieproject.com\/news\/#\/schema\/logo\/image\/\",\"url\":\"https:\/\/appsaf.apieproject.com\/news\/wp-content\/uploads\/sites\/29\/2022\/07\/logo-R-TransparentBackground.png\",\"contentUrl\":\"https:\/\/appsaf.apieproject.com\/news\/wp-content\/uploads\/sites\/29\/2022\/07\/logo-R-TransparentBackground.png\",\"width\":512,\"height\":512,\"caption\":\"APIE PROJECT\"},\"image\":{\"@id\":\"https:\/\/appsaf.apieproject.com\/news\/#\/schema\/logo\/image\/\"},\"sameAs\":[\"https:\/\/facebook.com\/apieproject\",\"https:\/\/x.com\/apieproject\"]},{\"@type\":\"Person\",\"@id\":\"https:\/\/appsaf.apieproject.com\/news\/#\/schema\/person\/399517cac378948cd7b39086f9ddc2a7\",\"name\":\"staff\",\"image\":{\"@type\":\"ImageObject\",\"inLanguage\":\"fr-FR\",\"@id\":\"https:\/\/appsaf.apieproject.com\/news\/#\/schema\/person\/image\/\",\"url\":\"https:\/\/secure.gravatar.com\/avatar\/5386283c5db150efe261184bd59f072a?s=96&d=mm&r=g\",\"contentUrl\":\"https:\/\/secure.gravatar.com\/avatar\/5386283c5db150efe261184bd59f072a?s=96&d=mm&r=g\",\"caption\":\"staff\"},\"url\":\"https:\/\/appsaf.apieproject.com\/news\/fr\/author\/staff\/\"}]}<\/script>\n<!-- \/ Yoast SEO plugin. -->","yoast_head_json":{"title":"La Mont\u00e9e En Puissance Des Mannequins Sud-Soudanais - APIE NEWS","robots":{"index":"index","follow":"follow","max-snippet":"max-snippet:-1","max-image-preview":"max-image-preview:large","max-video-preview":"max-video-preview:-1"},"canonical":"https:\/\/appsaf.apieproject.com\/news\/fr\/2022\/11\/07\/la-montee-en-puissance-des-mannequins-sud-soudanais\/","og_locale":"fr_FR","og_type":"article","og_title":"La Mont\u00e9e En Puissance Des Mannequins Sud-Soudanais - APIE NEWS","og_description":"Native d\u2019une r\u00e9gion du nord du pays, Majda John Peter a remport\u00e9 la 39e \u00e9dition du prestigieux concours Elite Model Look of the Year. Son succ\u00e8s confirme l\u2019engouement pour les standards de beaut\u00e9 africains.","og_url":"https:\/\/appsaf.apieproject.com\/news\/fr\/2022\/11\/07\/la-montee-en-puissance-des-mannequins-sud-soudanais\/","og_site_name":"APIE NEWS","article_publisher":"https:\/\/facebook.com\/apieproject","article_published_time":"2022-11-07T09:54:33+00:00","article_modified_time":"2022-11-07T09:54:34+00:00","og_image":[{"width":664,"height":443,"url":"https:\/\/appsaf.apieproject.com\/news\/wp-content\/uploads\/sites\/29\/2022\/11\/1a8f793_1667480270075-2022-08-30t211633z-474593889-rc297w989kx0-rtrmadp-3-czech-elite-model-world-final-3628b3b4b8216248efcc3d734f7ab221.jpg","type":"image\/jpeg"}],"author":"staff","twitter_card":"summary_large_image","twitter_creator":"@apieproject","twitter_site":"@apieproject","twitter_misc":{"\u00c9crit par":"staff","Dur\u00e9e de lecture estim\u00e9e":"3 minutes"},"schema":{"@context":"https:\/\/schema.org","@graph":[{"@type":"Article","@id":"https:\/\/appsaf.apieproject.com\/news\/fr\/2022\/11\/07\/la-montee-en-puissance-des-mannequins-sud-soudanais\/#article","isPartOf":{"@id":"https:\/\/appsaf.apieproject.com\/news\/fr\/2022\/11\/07\/la-montee-en-puissance-des-mannequins-sud-soudanais\/"},"author":{"name":"staff","@id":"https:\/\/appsaf.apieproject.com\/news\/#\/schema\/person\/399517cac378948cd7b39086f9ddc2a7"},"headline":"La Mont\u00e9e En Puissance Des Mannequins Sud-Soudanais","datePublished":"2022-11-07T09:54:33+00:00","dateModified":"2022-11-07T09:54:34+00:00","mainEntityOfPage":{"@id":"https:\/\/appsaf.apieproject.com\/news\/fr\/2022\/11\/07\/la-montee-en-puissance-des-mannequins-sud-soudanais\/"},"wordCount":639,"commentCount":0,"publisher":{"@id":"https:\/\/appsaf.apieproject.com\/news\/#organization"},"image":{"@id":"https:\/\/appsaf.apieproject.com\/news\/fr\/2022\/11\/07\/la-montee-en-puissance-des-mannequins-sud-soudanais\/#primaryimage"},"thumbnailUrl":"https:\/\/appsaf.apieproject.com\/news\/wp-content\/uploads\/sites\/29\/2022\/11\/1a8f793_1667480270075-2022-08-30t211633z-474593889-rc297w989kx0-rtrmadp-3-czech-elite-model-world-final-3628b3b4b8216248efcc3d734f7ab221.jpg","keywords":["apie project","mode","mode de vie"],"articleSection":["Mode","Mode de Vie"],"inLanguage":"fr-FR","potentialAction":[{"@type":"CommentAction","name":"Comment","target":["https:\/\/appsaf.apieproject.com\/news\/fr\/2022\/11\/07\/la-montee-en-puissance-des-mannequins-sud-soudanais\/#respond"]}]},{"@type":"WebPage","@id":"https:\/\/appsaf.apieproject.com\/news\/fr\/2022\/11\/07\/la-montee-en-puissance-des-mannequins-sud-soudanais\/","url":"https:\/\/appsaf.apieproject.com\/news\/fr\/2022\/11\/07\/la-montee-en-puissance-des-mannequins-sud-soudanais\/","name":"La Mont\u00e9e En Puissance Des Mannequins Sud-Soudanais - APIE NEWS","isPartOf":{"@id":"https:\/\/appsaf.apieproject.com\/news\/#website"},"primaryImageOfPage":{"@id":"https:\/\/appsaf.apieproject.com\/news\/fr\/2022\/11\/07\/la-montee-en-puissance-des-mannequins-sud-soudanais\/#primaryimage"},"image":{"@id":"https:\/\/appsaf.apieproject.com\/news\/fr\/2022\/11\/07\/la-montee-en-puissance-des-mannequins-sud-soudanais\/#primaryimage"},"thumbnailUrl":"https:\/\/appsaf.apieproject.com\/news\/wp-content\/uploads\/sites\/29\/2022\/11\/1a8f793_1667480270075-2022-08-30t211633z-474593889-rc297w989kx0-rtrmadp-3-czech-elite-model-world-final-3628b3b4b8216248efcc3d734f7ab221.jpg","datePublished":"2022-11-07T09:54:33+00:00","dateModified":"2022-11-07T09:54:34+00:00","breadcrumb":{"@id":"https:\/\/appsaf.apieproject.com\/news\/fr\/2022\/11\/07\/la-montee-en-puissance-des-mannequins-sud-soudanais\/#breadcrumb"},"inLanguage":"fr-FR","potentialAction":[{"@type":"ReadAction","target":["https:\/\/appsaf.apieproject.com\/news\/fr\/2022\/11\/07\/la-montee-en-puissance-des-mannequins-sud-soudanais\/"]}]},{"@type":"ImageObject","inLanguage":"fr-FR","@id":"https:\/\/appsaf.apieproject.com\/news\/fr\/2022\/11\/07\/la-montee-en-puissance-des-mannequins-sud-soudanais\/#primaryimage","url":"https:\/\/appsaf.apieproject.com\/news\/wp-content\/uploads\/sites\/29\/2022\/11\/1a8f793_1667480270075-2022-08-30t211633z-474593889-rc297w989kx0-rtrmadp-3-czech-elite-model-world-final-3628b3b4b8216248efcc3d734f7ab221.jpg","contentUrl":"https:\/\/appsaf.apieproject.com\/news\/wp-content\/uploads\/sites\/29\/2022\/11\/1a8f793_1667480270075-2022-08-30t211633z-474593889-rc297w989kx0-rtrmadp-3-czech-elite-model-world-final-3628b3b4b8216248efcc3d734f7ab221.jpg","width":664,"height":443},{"@type":"BreadcrumbList","@id":"https:\/\/appsaf.apieproject.com\/news\/fr\/2022\/11\/07\/la-montee-en-puissance-des-mannequins-sud-soudanais\/#breadcrumb","itemListElement":[{"@type":"ListItem","position":1,"name":"Home","item":"https:\/\/appsaf.apieproject.com\/news\/fr\/home\/"},{"@type":"ListItem","position":2,"name":"La Mont\u00e9e En Puissance Des Mannequins Sud-Soudanais"}]},{"@type":"WebSite","@id":"https:\/\/appsaf.apieproject.com\/news\/#website","url":"https:\/\/appsaf.apieproject.com\/news\/","name":"APIE NEWS","description":"PANAFRICANISM NEWS PORTAL","publisher":{"@id":"https:\/\/appsaf.apieproject.com\/news\/#organization"},"potentialAction":[{"@type":"SearchAction","target":{"@type":"EntryPoint","urlTemplate":"https:\/\/appsaf.apieproject.com\/news\/?s={search_term_string}"},"query-input":{"@type":"PropertyValueSpecification","valueRequired":true,"valueName":"search_term_string"}}],"inLanguage":"fr-FR"},{"@type":"Organization","@id":"https:\/\/appsaf.apieproject.com\/news\/#organization","name":"APIE PROJECT","url":"https:\/\/appsaf.apieproject.com\/news\/","logo":{"@type":"ImageObject","inLanguage":"fr-FR","@id":"https:\/\/appsaf.apieproject.com\/news\/#\/schema\/logo\/image\/","url":"https:\/\/appsaf.apieproject.com\/news\/wp-content\/uploads\/sites\/29\/2022\/07\/logo-R-TransparentBackground.png","contentUrl":"https:\/\/appsaf.apieproject.com\/news\/wp-content\/uploads\/sites\/29\/2022\/07\/logo-R-TransparentBackground.png","width":512,"height":512,"caption":"APIE PROJECT"},"image":{"@id":"https:\/\/appsaf.apieproject.com\/news\/#\/schema\/logo\/image\/"},"sameAs":["https:\/\/facebook.com\/apieproject","https:\/\/x.com\/apieproject"]},{"@type":"Person","@id":"https:\/\/appsaf.apieproject.com\/news\/#\/schema\/person\/399517cac378948cd7b39086f9ddc2a7","name":"staff","image":{"@type":"ImageObject","inLanguage":"fr-FR","@id":"https:\/\/appsaf.apieproject.com\/news\/#\/schema\/person\/image\/","url":"https:\/\/secure.gravatar.com\/avatar\/5386283c5db150efe261184bd59f072a?s=96&d=mm&r=g","contentUrl":"https:\/\/secure.gravatar.com\/avatar\/5386283c5db150efe261184bd59f072a?s=96&d=mm&r=g","caption":"staff"},"url":"https:\/\/appsaf.apieproject.com\/news\/fr\/author\/staff\/"}]}},"_links":{"self":[{"href":"https:\/\/appsaf.apieproject.com\/news\/fr\/wp-json\/wp\/v2\/posts\/21334","targetHints":{"allow":["GET"]}}],"collection":[{"href":"https:\/\/appsaf.apieproject.com\/news\/fr\/wp-json\/wp\/v2\/posts"}],"about":[{"href":"https:\/\/appsaf.apieproject.com\/news\/fr\/wp-json\/wp\/v2\/types\/post"}],"author":[{"embeddable":true,"href":"https:\/\/appsaf.apieproject.com\/news\/fr\/wp-json\/wp\/v2\/users\/12963"}],"replies":[{"embeddable":true,"href":"https:\/\/appsaf.apieproject.com\/news\/fr\/wp-json\/wp\/v2\/comments?post=21334"}],"version-history":[{"count":2,"href":"https:\/\/appsaf.apieproject.com\/news\/fr\/wp-json\/wp\/v2\/posts\/21334\/revisions"}],"predecessor-version":[{"id":21569,"href":"https:\/\/appsaf.apieproject.com\/news\/fr\/wp-json\/wp\/v2\/posts\/21334\/revisions\/21569"}],"wp:featuredmedia":[{"embeddable":true,"href":"https:\/\/appsaf.apieproject.com\/news\/fr\/wp-json\/wp\/v2\/media\/21331"}],"wp:attachment":[{"href":"https:\/\/appsaf.apieproject.com\/news\/fr\/wp-json\/wp\/v2\/media?parent=21334"}],"wp:term":[{"taxonomy":"category","embeddable":true,"href":"https:\/\/appsaf.apieproject.com\/news\/fr\/wp-json\/wp\/v2\/categories?post=21334"},{"taxonomy":"post_tag","embeddable":true,"href":"https:\/\/appsaf.apieproject.com\/news\/fr\/wp-json\/wp\/v2\/tags?post=21334"}],"curies":[{"name":"wp","href":"https:\/\/api.w.org\/{rel}","templated":true}]}}