{"id":21338,"date":"2022-11-07T09:55:38","date_gmt":"2022-11-07T09:55:38","guid":{"rendered":"https:\/\/appsaf.apieproject.com\/news\/?p=21338"},"modified":"2022-11-07T09:55:39","modified_gmt":"2022-11-07T09:55:39","slug":"folie-de-mode-la-mode-pour-un-burkina-debout","status":"publish","type":"post","link":"https:\/\/appsaf.apieproject.com\/news\/fr\/2022\/11\/07\/folie-de-mode-la-mode-pour-un-burkina-debout\/","title":{"rendered":"Folie De Mode: La Mode Pour Un Burkina Debout"},"content":{"rendered":"<p>\u00ab Folie de mode \u00bb est un \u00e9v\u00e8nement culturel dont l\u2019objectif principal est de promouvoir la mode africaine dans toute sa diversit\u00e9. Initi\u00e9e par S\u00e9bastien Bazemo dit Bazem\u2019se, cette manifestation s\u2019ouvre aussi bien aux stylistes professionnels qu\u2019aux jeunes cr\u00e9ateurs.<\/p>\n<p>La soir\u00e9e de cl\u00f4ture de la 11e \u00e9dition de ce rendez-vous majeur d\u00e9di\u00e9 \u00e0 la mode, \u00e0 la cr\u00e9ation, s\u2019est d\u00e9roul\u00e9e dans la soir\u00e9e du samedi 29 octobre 2022 dans l\u2019espace a\u00e9r\u00e9 de la BCEAO \u00e0 Ouaga 2000.<\/p>\n<p>Plusieurs stylistes du Burkina et aussi d\u2019autres pays d\u2019Afrique ont marqu\u00e9 leur pr\u00e9sence \u00e0 l\u2019apoth\u00e9ose de l\u2019\u00e9v\u00e9nement culturel.<\/p>\n<p>Il s\u2019agit des cr\u00e9ateurs venus du B\u00e9nin (1L Mode, Esp\u00e9rancia), du S\u00e9negal (Mounir Moda), du Togo (SYLVANAK), de la C\u00f4te d\u2019Ivoire (Rocard Yapo), et du Burkina Faso (avec S\u00e9bastien Bazemo, Koro DK, OUM\u2019C, Be Free, Karah, C\u00e9leste Confection, MamySor, IDE MAVA).<\/p>\n<p>Dans une soir\u00e9e aux couleurs riches en musique et en danse, ces artistes ont fait voyager le public dans leur univers de la mode \u00e0 travers leurs chef-d\u2019\u0153uvres inspir\u00e9s de leur g\u00e9nie cr\u00e9ateur.<\/p>\n<p>Des collections de diff\u00e9rentes cat\u00e9gories, chaque artiste avec son style, ont \u00e9t\u00e9 expos\u00e9es au public qui s\u2019est montr\u00e9 admiratif face \u00e0 ces cr\u00e9ations.<\/p>\n<p>\u00ab Folie de mode \u00bb acte 11 a \u00e9t\u00e9 organis\u00e9 sous le th\u00e8me: \u00ab La mode pour un Burkina debout \u00bb, au regard du contexte national dans lequel se tient l\u2019\u00e9v\u00e9nement. La manifestation qui a d\u00e9j\u00e0 \u00e9t\u00e9 report\u00e9e en partie \u00e0 cause de la crise s\u00e9curitaire (la derni\u00e8re \u00e9dition remonte \u00e0 2019) intervient une fois de plus dans une situation s\u00e9curitaire qui n\u2019est pas au mieux.<\/p>\n<p>De l\u2019avis du promoteur S\u00e9bastien Bazemo, \u00ab Folie de mode \u00bb s\u2019inscrit dans la dynamique que \u00ab nous devons rester debout \u00bb.<\/p>\n<p>\u00ab L\u2019id\u00e9e est qu\u2019\u00e0 travers la mode, nous apportions un peu de r\u00e9confort , de joie et une relance de l\u2019\u00e9conomie avec l\u2019intervention de plusieurs acteurs dans l\u2019organisation du d\u00e9fil\u00e9. Voil\u00e0 pourquoi nous avons d\u00e9cid\u00e9 de maintenir cette \u00e9dition\u201d, a r\u00e9v\u00e9l\u00e9 ce styliste qui porte haut le flambeau de la mode africaine.<\/p>\n<p>Il s\u2019est par ailleurs r\u00e9joui de la tenue de cette 11\u00e8 \u00e9dition dont il se dit satisfait et a donc donn\u00e9 rendez-vous aux professionnels et admirateurs de la mode pour les prochaines \u00e9ditions.<\/p>\n","protected":false},"excerpt":{"rendered":"<p>La 11\u00e8 \u00e9dition de \u00ab Folie de mode \u00bb a connu son apoth\u00e9ose dans la soir\u00e9e du samedi 29 octobre 2022 au centre a\u00e9r\u00e9 de la BCEAO \u00e0 Ouagadougou. Une dizaine d\u2019acteurs de la mode venus du Burkina Faso et de la sous r\u00e9gion ont expos\u00e9 au public leur savoir-faire, des cr\u00e9ations de haute vol\u00e9e \u00e0 la satisfaction du promoteur de l\u2019\u00e9v\u00e9nement, S\u00e9bastien Bazemo qui s\u2019est r\u00e9joui de la tenue de la pr\u00e9sente \u00e9dition.<\/p>\n","protected":false},"author":12963,"featured_media":21335,"comment_status":"open","ping_status":"open","sticky":false,"template":"","format":"standard","meta":{"footnotes":""},"categories":[57,63],"tags":[78,95,94],"class_list":{"0":"post-21338","1":"post","2":"type-post","3":"status-publish","4":"format-standard","5":"has-post-thumbnail","7":"category-mode","8":"category-mode-de-vie","9":"tag-apie-project-2","10":"tag-mode","11":"tag-mode-de-vie"},"yoast_head":"<!-- This site is optimized with the Yoast SEO plugin v24.4 - https:\/\/yoast.com\/wordpress\/plugins\/seo\/ -->\n<title>Folie De Mode: La Mode Pour Un Burkina Debout - APIE NEWS<\/title>\n<meta name=\"robots\" content=\"index, follow, max-snippet:-1, max-image-preview:large, max-video-preview:-1\" \/>\n<link rel=\"canonical\" href=\"https:\/\/appsaf.apieproject.com\/news\/fr\/2022\/11\/07\/folie-de-mode-la-mode-pour-un-burkina-debout\/\" \/>\n<meta property=\"og:locale\" content=\"fr_FR\" \/>\n<meta property=\"og:type\" content=\"article\" \/>\n<meta property=\"og:title\" content=\"Folie De Mode: La Mode Pour Un Burkina Debout - APIE NEWS\" \/>\n<meta property=\"og:description\" content=\"La 11\u00e8 \u00e9dition de \u00ab Folie de mode \u00bb a connu son apoth\u00e9ose dans la soir\u00e9e du samedi 29 octobre 2022 au centre a\u00e9r\u00e9 de la BCEAO \u00e0 Ouagadougou. Une dizaine d\u2019acteurs de la mode venus du Burkina Faso et de la sous r\u00e9gion ont expos\u00e9 au public leur savoir-faire, des cr\u00e9ations de haute vol\u00e9e \u00e0 la satisfaction du promoteur de l\u2019\u00e9v\u00e9nement, S\u00e9bastien Bazemo qui s\u2019est r\u00e9joui de la tenue de la pr\u00e9sente \u00e9dition.\" \/>\n<meta property=\"og:url\" content=\"https:\/\/appsaf.apieproject.com\/news\/fr\/2022\/11\/07\/folie-de-mode-la-mode-pour-un-burkina-debout\/\" \/>\n<meta property=\"og:site_name\" content=\"APIE NEWS\" \/>\n<meta property=\"article:publisher\" content=\"https:\/\/facebook.com\/apieproject\" \/>\n<meta property=\"article:published_time\" content=\"2022-11-07T09:55:38+00:00\" \/>\n<meta property=\"article:modified_time\" content=\"2022-11-07T09:55:39+00:00\" \/>\n<meta property=\"og:image\" content=\"https:\/\/appsaf.apieproject.com\/news\/wp-content\/uploads\/sites\/29\/2022\/11\/Des-defiles-ont-marque-cette-manifestation-640x482-90daafbc989e40d54d018c125ab58056.jpg\" \/>\n\t<meta property=\"og:image:width\" content=\"640\" \/>\n\t<meta property=\"og:image:height\" content=\"482\" \/>\n\t<meta property=\"og:image:type\" content=\"image\/jpeg\" \/>\n<meta name=\"author\" content=\"staff\" \/>\n<meta name=\"twitter:card\" content=\"summary_large_image\" \/>\n<meta name=\"twitter:creator\" content=\"@apieproject\" \/>\n<meta name=\"twitter:site\" content=\"@apieproject\" \/>\n<meta name=\"twitter:label1\" content=\"\u00c9crit par\" \/>\n\t<meta name=\"twitter:data1\" content=\"staff\" \/>\n\t<meta name=\"twitter:label2\" content=\"Dur\u00e9e de lecture estim\u00e9e\" \/>\n\t<meta name=\"twitter:data2\" content=\"2 minutes\" \/>\n<script type=\"application\/ld+json\" class=\"yoast-schema-graph\">{\"@context\":\"https:\/\/schema.org\",\"@graph\":[{\"@type\":\"Article\",\"@id\":\"https:\/\/appsaf.apieproject.com\/news\/fr\/2022\/11\/07\/folie-de-mode-la-mode-pour-un-burkina-debout\/#article\",\"isPartOf\":{\"@id\":\"https:\/\/appsaf.apieproject.com\/news\/fr\/2022\/11\/07\/folie-de-mode-la-mode-pour-un-burkina-debout\/\"},\"author\":{\"name\":\"staff\",\"@id\":\"https:\/\/appsaf.apieproject.com\/news\/#\/schema\/person\/399517cac378948cd7b39086f9ddc2a7\"},\"headline\":\"Folie De Mode: La Mode Pour Un Burkina Debout\",\"datePublished\":\"2022-11-07T09:55:38+00:00\",\"dateModified\":\"2022-11-07T09:55:39+00:00\",\"mainEntityOfPage\":{\"@id\":\"https:\/\/appsaf.apieproject.com\/news\/fr\/2022\/11\/07\/folie-de-mode-la-mode-pour-un-burkina-debout\/\"},\"wordCount\":417,\"commentCount\":0,\"publisher\":{\"@id\":\"https:\/\/appsaf.apieproject.com\/news\/#organization\"},\"image\":{\"@id\":\"https:\/\/appsaf.apieproject.com\/news\/fr\/2022\/11\/07\/folie-de-mode-la-mode-pour-un-burkina-debout\/#primaryimage\"},\"thumbnailUrl\":\"https:\/\/appsaf.apieproject.com\/news\/wp-content\/uploads\/sites\/29\/2022\/11\/Des-defiles-ont-marque-cette-manifestation-640x482-90daafbc989e40d54d018c125ab58056.jpg\",\"keywords\":[\"apie project\",\"mode\",\"mode de vie\"],\"articleSection\":[\"Mode\",\"Mode de Vie\"],\"inLanguage\":\"fr-FR\",\"potentialAction\":[{\"@type\":\"CommentAction\",\"name\":\"Comment\",\"target\":[\"https:\/\/appsaf.apieproject.com\/news\/fr\/2022\/11\/07\/folie-de-mode-la-mode-pour-un-burkina-debout\/#respond\"]}]},{\"@type\":\"WebPage\",\"@id\":\"https:\/\/appsaf.apieproject.com\/news\/fr\/2022\/11\/07\/folie-de-mode-la-mode-pour-un-burkina-debout\/\",\"url\":\"https:\/\/appsaf.apieproject.com\/news\/fr\/2022\/11\/07\/folie-de-mode-la-mode-pour-un-burkina-debout\/\",\"name\":\"Folie De Mode: La Mode Pour Un Burkina Debout - APIE NEWS\",\"isPartOf\":{\"@id\":\"https:\/\/appsaf.apieproject.com\/news\/#website\"},\"primaryImageOfPage\":{\"@id\":\"https:\/\/appsaf.apieproject.com\/news\/fr\/2022\/11\/07\/folie-de-mode-la-mode-pour-un-burkina-debout\/#primaryimage\"},\"image\":{\"@id\":\"https:\/\/appsaf.apieproject.com\/news\/fr\/2022\/11\/07\/folie-de-mode-la-mode-pour-un-burkina-debout\/#primaryimage\"},\"thumbnailUrl\":\"https:\/\/appsaf.apieproject.com\/news\/wp-content\/uploads\/sites\/29\/2022\/11\/Des-defiles-ont-marque-cette-manifestation-640x482-90daafbc989e40d54d018c125ab58056.jpg\",\"datePublished\":\"2022-11-07T09:55:38+00:00\",\"dateModified\":\"2022-11-07T09:55:39+00:00\",\"breadcrumb\":{\"@id\":\"https:\/\/appsaf.apieproject.com\/news\/fr\/2022\/11\/07\/folie-de-mode-la-mode-pour-un-burkina-debout\/#breadcrumb\"},\"inLanguage\":\"fr-FR\",\"potentialAction\":[{\"@type\":\"ReadAction\",\"target\":[\"https:\/\/appsaf.apieproject.com\/news\/fr\/2022\/11\/07\/folie-de-mode-la-mode-pour-un-burkina-debout\/\"]}]},{\"@type\":\"ImageObject\",\"inLanguage\":\"fr-FR\",\"@id\":\"https:\/\/appsaf.apieproject.com\/news\/fr\/2022\/11\/07\/folie-de-mode-la-mode-pour-un-burkina-debout\/#primaryimage\",\"url\":\"https:\/\/appsaf.apieproject.com\/news\/wp-content\/uploads\/sites\/29\/2022\/11\/Des-defiles-ont-marque-cette-manifestation-640x482-90daafbc989e40d54d018c125ab58056.jpg\",\"contentUrl\":\"https:\/\/appsaf.apieproject.com\/news\/wp-content\/uploads\/sites\/29\/2022\/11\/Des-defiles-ont-marque-cette-manifestation-640x482-90daafbc989e40d54d018c125ab58056.jpg\",\"width\":640,\"height\":482},{\"@type\":\"BreadcrumbList\",\"@id\":\"https:\/\/appsaf.apieproject.com\/news\/fr\/2022\/11\/07\/folie-de-mode-la-mode-pour-un-burkina-debout\/#breadcrumb\",\"itemListElement\":[{\"@type\":\"ListItem\",\"position\":1,\"name\":\"Home\",\"item\":\"https:\/\/appsaf.apieproject.com\/news\/fr\/home\/\"},{\"@type\":\"ListItem\",\"position\":2,\"name\":\"Folie De Mode: La Mode Pour Un Burkina Debout\"}]},{\"@type\":\"WebSite\",\"@id\":\"https:\/\/appsaf.apieproject.com\/news\/#website\",\"url\":\"https:\/\/appsaf.apieproject.com\/news\/\",\"name\":\"APIE NEWS\",\"description\":\"PANAFRICANISM NEWS PORTAL\",\"publisher\":{\"@id\":\"https:\/\/appsaf.apieproject.com\/news\/#organization\"},\"potentialAction\":[{\"@type\":\"SearchAction\",\"target\":{\"@type\":\"EntryPoint\",\"urlTemplate\":\"https:\/\/appsaf.apieproject.com\/news\/?s={search_term_string}\"},\"query-input\":{\"@type\":\"PropertyValueSpecification\",\"valueRequired\":true,\"valueName\":\"search_term_string\"}}],\"inLanguage\":\"fr-FR\"},{\"@type\":\"Organization\",\"@id\":\"https:\/\/appsaf.apieproject.com\/news\/#organization\",\"name\":\"APIE PROJECT\",\"url\":\"https:\/\/appsaf.apieproject.com\/news\/\",\"logo\":{\"@type\":\"ImageObject\",\"inLanguage\":\"fr-FR\",\"@id\":\"https:\/\/appsaf.apieproject.com\/news\/#\/schema\/logo\/image\/\",\"url\":\"https:\/\/appsaf.apieproject.com\/news\/wp-content\/uploads\/sites\/29\/2022\/07\/logo-R-TransparentBackground.png\",\"contentUrl\":\"https:\/\/appsaf.apieproject.com\/news\/wp-content\/uploads\/sites\/29\/2022\/07\/logo-R-TransparentBackground.png\",\"width\":512,\"height\":512,\"caption\":\"APIE PROJECT\"},\"image\":{\"@id\":\"https:\/\/appsaf.apieproject.com\/news\/#\/schema\/logo\/image\/\"},\"sameAs\":[\"https:\/\/facebook.com\/apieproject\",\"https:\/\/x.com\/apieproject\"]},{\"@type\":\"Person\",\"@id\":\"https:\/\/appsaf.apieproject.com\/news\/#\/schema\/person\/399517cac378948cd7b39086f9ddc2a7\",\"name\":\"staff\",\"image\":{\"@type\":\"ImageObject\",\"inLanguage\":\"fr-FR\",\"@id\":\"https:\/\/appsaf.apieproject.com\/news\/#\/schema\/person\/image\/\",\"url\":\"https:\/\/secure.gravatar.com\/avatar\/5386283c5db150efe261184bd59f072a?s=96&d=mm&r=g\",\"contentUrl\":\"https:\/\/secure.gravatar.com\/avatar\/5386283c5db150efe261184bd59f072a?s=96&d=mm&r=g\",\"caption\":\"staff\"},\"url\":\"https:\/\/appsaf.apieproject.com\/news\/fr\/author\/staff\/\"}]}<\/script>\n<!-- \/ Yoast SEO plugin. -->","yoast_head_json":{"title":"Folie De Mode: La Mode Pour Un Burkina Debout - APIE NEWS","robots":{"index":"index","follow":"follow","max-snippet":"max-snippet:-1","max-image-preview":"max-image-preview:large","max-video-preview":"max-video-preview:-1"},"canonical":"https:\/\/appsaf.apieproject.com\/news\/fr\/2022\/11\/07\/folie-de-mode-la-mode-pour-un-burkina-debout\/","og_locale":"fr_FR","og_type":"article","og_title":"Folie De Mode: La Mode Pour Un Burkina Debout - APIE NEWS","og_description":"La 11\u00e8 \u00e9dition de \u00ab Folie de mode \u00bb a connu son apoth\u00e9ose dans la soir\u00e9e du samedi 29 octobre 2022 au centre a\u00e9r\u00e9 de la BCEAO \u00e0 Ouagadougou. Une dizaine d\u2019acteurs de la mode venus du Burkina Faso et de la sous r\u00e9gion ont expos\u00e9 au public leur savoir-faire, des cr\u00e9ations de haute vol\u00e9e \u00e0 la satisfaction du promoteur de l\u2019\u00e9v\u00e9nement, S\u00e9bastien Bazemo qui s\u2019est r\u00e9joui de la tenue de la pr\u00e9sente \u00e9dition.","og_url":"https:\/\/appsaf.apieproject.com\/news\/fr\/2022\/11\/07\/folie-de-mode-la-mode-pour-un-burkina-debout\/","og_site_name":"APIE NEWS","article_publisher":"https:\/\/facebook.com\/apieproject","article_published_time":"2022-11-07T09:55:38+00:00","article_modified_time":"2022-11-07T09:55:39+00:00","og_image":[{"width":640,"height":482,"url":"https:\/\/appsaf.apieproject.com\/news\/wp-content\/uploads\/sites\/29\/2022\/11\/Des-defiles-ont-marque-cette-manifestation-640x482-90daafbc989e40d54d018c125ab58056.jpg","type":"image\/jpeg"}],"author":"staff","twitter_card":"summary_large_image","twitter_creator":"@apieproject","twitter_site":"@apieproject","twitter_misc":{"\u00c9crit par":"staff","Dur\u00e9e de lecture estim\u00e9e":"2 minutes"},"schema":{"@context":"https:\/\/schema.org","@graph":[{"@type":"Article","@id":"https:\/\/appsaf.apieproject.com\/news\/fr\/2022\/11\/07\/folie-de-mode-la-mode-pour-un-burkina-debout\/#article","isPartOf":{"@id":"https:\/\/appsaf.apieproject.com\/news\/fr\/2022\/11\/07\/folie-de-mode-la-mode-pour-un-burkina-debout\/"},"author":{"name":"staff","@id":"https:\/\/appsaf.apieproject.com\/news\/#\/schema\/person\/399517cac378948cd7b39086f9ddc2a7"},"headline":"Folie De Mode: La Mode Pour Un Burkina Debout","datePublished":"2022-11-07T09:55:38+00:00","dateModified":"2022-11-07T09:55:39+00:00","mainEntityOfPage":{"@id":"https:\/\/appsaf.apieproject.com\/news\/fr\/2022\/11\/07\/folie-de-mode-la-mode-pour-un-burkina-debout\/"},"wordCount":417,"commentCount":0,"publisher":{"@id":"https:\/\/appsaf.apieproject.com\/news\/#organization"},"image":{"@id":"https:\/\/appsaf.apieproject.com\/news\/fr\/2022\/11\/07\/folie-de-mode-la-mode-pour-un-burkina-debout\/#primaryimage"},"thumbnailUrl":"https:\/\/appsaf.apieproject.com\/news\/wp-content\/uploads\/sites\/29\/2022\/11\/Des-defiles-ont-marque-cette-manifestation-640x482-90daafbc989e40d54d018c125ab58056.jpg","keywords":["apie project","mode","mode de vie"],"articleSection":["Mode","Mode de Vie"],"inLanguage":"fr-FR","potentialAction":[{"@type":"CommentAction","name":"Comment","target":["https:\/\/appsaf.apieproject.com\/news\/fr\/2022\/11\/07\/folie-de-mode-la-mode-pour-un-burkina-debout\/#respond"]}]},{"@type":"WebPage","@id":"https:\/\/appsaf.apieproject.com\/news\/fr\/2022\/11\/07\/folie-de-mode-la-mode-pour-un-burkina-debout\/","url":"https:\/\/appsaf.apieproject.com\/news\/fr\/2022\/11\/07\/folie-de-mode-la-mode-pour-un-burkina-debout\/","name":"Folie De Mode: La Mode Pour Un Burkina Debout - APIE NEWS","isPartOf":{"@id":"https:\/\/appsaf.apieproject.com\/news\/#website"},"primaryImageOfPage":{"@id":"https:\/\/appsaf.apieproject.com\/news\/fr\/2022\/11\/07\/folie-de-mode-la-mode-pour-un-burkina-debout\/#primaryimage"},"image":{"@id":"https:\/\/appsaf.apieproject.com\/news\/fr\/2022\/11\/07\/folie-de-mode-la-mode-pour-un-burkina-debout\/#primaryimage"},"thumbnailUrl":"https:\/\/appsaf.apieproject.com\/news\/wp-content\/uploads\/sites\/29\/2022\/11\/Des-defiles-ont-marque-cette-manifestation-640x482-90daafbc989e40d54d018c125ab58056.jpg","datePublished":"2022-11-07T09:55:38+00:00","dateModified":"2022-11-07T09:55:39+00:00","breadcrumb":{"@id":"https:\/\/appsaf.apieproject.com\/news\/fr\/2022\/11\/07\/folie-de-mode-la-mode-pour-un-burkina-debout\/#breadcrumb"},"inLanguage":"fr-FR","potentialAction":[{"@type":"ReadAction","target":["https:\/\/appsaf.apieproject.com\/news\/fr\/2022\/11\/07\/folie-de-mode-la-mode-pour-un-burkina-debout\/"]}]},{"@type":"ImageObject","inLanguage":"fr-FR","@id":"https:\/\/appsaf.apieproject.com\/news\/fr\/2022\/11\/07\/folie-de-mode-la-mode-pour-un-burkina-debout\/#primaryimage","url":"https:\/\/appsaf.apieproject.com\/news\/wp-content\/uploads\/sites\/29\/2022\/11\/Des-defiles-ont-marque-cette-manifestation-640x482-90daafbc989e40d54d018c125ab58056.jpg","contentUrl":"https:\/\/appsaf.apieproject.com\/news\/wp-content\/uploads\/sites\/29\/2022\/11\/Des-defiles-ont-marque-cette-manifestation-640x482-90daafbc989e40d54d018c125ab58056.jpg","width":640,"height":482},{"@type":"BreadcrumbList","@id":"https:\/\/appsaf.apieproject.com\/news\/fr\/2022\/11\/07\/folie-de-mode-la-mode-pour-un-burkina-debout\/#breadcrumb","itemListElement":[{"@type":"ListItem","position":1,"name":"Home","item":"https:\/\/appsaf.apieproject.com\/news\/fr\/home\/"},{"@type":"ListItem","position":2,"name":"Folie De Mode: La Mode Pour Un Burkina Debout"}]},{"@type":"WebSite","@id":"https:\/\/appsaf.apieproject.com\/news\/#website","url":"https:\/\/appsaf.apieproject.com\/news\/","name":"APIE NEWS","description":"PANAFRICANISM NEWS PORTAL","publisher":{"@id":"https:\/\/appsaf.apieproject.com\/news\/#organization"},"potentialAction":[{"@type":"SearchAction","target":{"@type":"EntryPoint","urlTemplate":"https:\/\/appsaf.apieproject.com\/news\/?s={search_term_string}"},"query-input":{"@type":"PropertyValueSpecification","valueRequired":true,"valueName":"search_term_string"}}],"inLanguage":"fr-FR"},{"@type":"Organization","@id":"https:\/\/appsaf.apieproject.com\/news\/#organization","name":"APIE PROJECT","url":"https:\/\/appsaf.apieproject.com\/news\/","logo":{"@type":"ImageObject","inLanguage":"fr-FR","@id":"https:\/\/appsaf.apieproject.com\/news\/#\/schema\/logo\/image\/","url":"https:\/\/appsaf.apieproject.com\/news\/wp-content\/uploads\/sites\/29\/2022\/07\/logo-R-TransparentBackground.png","contentUrl":"https:\/\/appsaf.apieproject.com\/news\/wp-content\/uploads\/sites\/29\/2022\/07\/logo-R-TransparentBackground.png","width":512,"height":512,"caption":"APIE PROJECT"},"image":{"@id":"https:\/\/appsaf.apieproject.com\/news\/#\/schema\/logo\/image\/"},"sameAs":["https:\/\/facebook.com\/apieproject","https:\/\/x.com\/apieproject"]},{"@type":"Person","@id":"https:\/\/appsaf.apieproject.com\/news\/#\/schema\/person\/399517cac378948cd7b39086f9ddc2a7","name":"staff","image":{"@type":"ImageObject","inLanguage":"fr-FR","@id":"https:\/\/appsaf.apieproject.com\/news\/#\/schema\/person\/image\/","url":"https:\/\/secure.gravatar.com\/avatar\/5386283c5db150efe261184bd59f072a?s=96&d=mm&r=g","contentUrl":"https:\/\/secure.gravatar.com\/avatar\/5386283c5db150efe261184bd59f072a?s=96&d=mm&r=g","caption":"staff"},"url":"https:\/\/appsaf.apieproject.com\/news\/fr\/author\/staff\/"}]}},"_links":{"self":[{"href":"https:\/\/appsaf.apieproject.com\/news\/fr\/wp-json\/wp\/v2\/posts\/21338","targetHints":{"allow":["GET"]}}],"collection":[{"href":"https:\/\/appsaf.apieproject.com\/news\/fr\/wp-json\/wp\/v2\/posts"}],"about":[{"href":"https:\/\/appsaf.apieproject.com\/news\/fr\/wp-json\/wp\/v2\/types\/post"}],"author":[{"embeddable":true,"href":"https:\/\/appsaf.apieproject.com\/news\/fr\/wp-json\/wp\/v2\/users\/12963"}],"replies":[{"embeddable":true,"href":"https:\/\/appsaf.apieproject.com\/news\/fr\/wp-json\/wp\/v2\/comments?post=21338"}],"version-history":[{"count":1,"href":"https:\/\/appsaf.apieproject.com\/news\/fr\/wp-json\/wp\/v2\/posts\/21338\/revisions"}],"predecessor-version":[{"id":21570,"href":"https:\/\/appsaf.apieproject.com\/news\/fr\/wp-json\/wp\/v2\/posts\/21338\/revisions\/21570"}],"wp:featuredmedia":[{"embeddable":true,"href":"https:\/\/appsaf.apieproject.com\/news\/fr\/wp-json\/wp\/v2\/media\/21335"}],"wp:attachment":[{"href":"https:\/\/appsaf.apieproject.com\/news\/fr\/wp-json\/wp\/v2\/media?parent=21338"}],"wp:term":[{"taxonomy":"category","embeddable":true,"href":"https:\/\/appsaf.apieproject.com\/news\/fr\/wp-json\/wp\/v2\/categories?post=21338"},{"taxonomy":"post_tag","embeddable":true,"href":"https:\/\/appsaf.apieproject.com\/news\/fr\/wp-json\/wp\/v2\/tags?post=21338"}],"curies":[{"name":"wp","href":"https:\/\/api.w.org\/{rel}","templated":true}]}}