{"id":21531,"date":"2022-11-14T05:12:37","date_gmt":"2022-11-14T05:12:37","guid":{"rendered":"https:\/\/appsaf.apieproject.com\/news\/?p=21531"},"modified":"2022-11-14T05:12:38","modified_gmt":"2022-11-14T05:12:38","slug":"fabtech-africa-expo-tunisia-2023-un-premier-salon-dedie-a-la-fabrication-technologique","status":"publish","type":"post","link":"https:\/\/appsaf.apieproject.com\/news\/fr\/2022\/11\/14\/fabtech-africa-expo-tunisia-2023-un-premier-salon-dedie-a-la-fabrication-technologique\/","title":{"rendered":"\u00abFabtech Africa Expo Tunisia 2023\u00bb : Un Premier Salon D\u00e9di\u00e9 \u00c0 La Fabrication Technologique"},"content":{"rendered":"<p>La rencontre-d\u00e9bat autour du Salon \u00abFabtech Africa\u00bb visait \u00e0 communiquer sur le tournant industriel pris par la Tunisie \u00e0 la faveur de la strat\u00e9gie industrielle et d\u2019innovation \u00e0 l\u2019horizon 2035, mais aussi \u00e0 permettre aux organisateurs de mieux saisir les aspects et les activit\u00e9s qu\u2019il faudrait mettre en avant pour r\u00e9ussir l\u2019organisation du salon et adapter ses composantes aux attentes des diff\u00e9rentes parties prenantes.<\/p>\n<p>Ouvrant le d\u00e9bat, Marwa Hamrouni, coordinatrice de la promotion de \u00abFabtech Africa\u00bb, a soulign\u00e9 que l\u2019objectif derri\u00e8re l\u2019organisation de cet \u00e9v\u00e9nement d\u2019envergure est d\u2019aider les industriels \u00e0 se mettre au diapason de la nouvelle strat\u00e9gie \u00e9labor\u00e9e par le minist\u00e8re de l\u2019Industrie et d\u2019y adh\u00e9rer de fa\u00e7on \u00e0 r\u00e9ussir ce saut technologique auquel aspire la Tunisie. Pr\u00e9sentant le salon, Salem Ben Salem, expert en communication et membre du comit\u00e9 d\u2019organisation, a pr\u00e9cis\u00e9 que cet \u00e9v\u00e9nement inspir\u00e9 du mouvement \u00abFabtech\u00bb, qui a \u00e9t\u00e9 initi\u00e9 aux Etats-Unis et au Canada dans les ann\u00e9es 80 dans l\u2019objectif de mettre le focus sur la fabrication m\u00e9canique, a \u00e9t\u00e9 adapt\u00e9 \u00e0 la r\u00e9alit\u00e9 tunisienne et africaine et est tourn\u00e9 vers la fabrication technologique. C\u2019est un salon qui se veut un lieu de rencontres et de business entre les parties prenantes, notamment les donneurs d\u2019ordre et les entreprises industrielles, afin de r\u00e9pondre aux besoins et enjeux futurs dans le domaine de l\u2019industrie. \u00abA travers ce salon, nous voulons que l\u2019offre et la demande industrielles se confrontent pour que l\u2019offre s\u2019adapte \u00e0 la demande et vice versa. C\u2019est pourquoi nous voulons que la plupart des parties prenantes soient pr\u00e9sentes\u00bb, a pr\u00e9cis\u00e9 Ben Salem.<\/p>\n<p>Un clin d\u2019\u0153il \u00e0 l\u2019Afrique<br \/>\n\u00abFabtech Africa\u00bb, comme son nom l\u2019indique, est, aussi un \u00e9v\u00e9nement de port\u00e9e africaine. C\u2019est ainsi que les organisateurs appellent de leurs v\u0153ux un salon itin\u00e9rant. Ils esp\u00e8rent qu\u2019\u00e0 partir de 2024, cet \u00e9v\u00e9nement, qui fait un clin d\u2019\u0153il \u00e0 l\u2019Afrique, se d\u00e9roulerait dans plusieurs pays africains, particuli\u00e8rement ceux qui sont en train de penser leurs nouvelles politiques industrielles en empruntant la voie de l\u2019innovation et des nouvelles technologies. \u00abNous avons constat\u00e9 des similitudes au niveau de l\u2019approche suivie par plusieurs pays africains dans l\u2019\u00e9volution de leurs politiques industrielles. Ces pays ont constat\u00e9 qu\u2019il fallait d\u00e9j\u00e0 prendre en compte ce tournant technologique dans le d\u00e9veloppement industriel de leurs pays. C\u2019est pourquoi ce constat nous conforte dans notre choix initial qui consiste \u00e0 opter pour un salon itin\u00e9rant\u00bb, a fait remarquer Ben Salem.<\/p>\n<p>Ferid Herelli, ancien directeur du Cetime, a, de son c\u00f4t\u00e9, mis l\u2019accent sur l\u2019importance de l\u2019initiative \u00abFabtech\u00bb en tant que lieu de rencontre entre les industriels. Il a indiqu\u00e9 que l\u2019id\u00e9e derri\u00e8re \u00abFabtech\u00bb est de rapprocher les parties prenantes, y compris les universit\u00e9s qui doivent \u00eatre impliqu\u00e9es dans la conception des solutions, et ce, afin de mieux appr\u00e9hender les probl\u00e8mes et trouver les bonnes r\u00e9ponses. Evoquant la conjoncture incertaine dans laquelle vit aujourd\u2019hui le monde, le membre du comit\u00e9 d\u2019organisation a expliqu\u00e9 que cette conjoncture peut \u00eatre une opportunit\u00e9 pour la Tunisie.<\/p>\n<p>Coop\u00e9ration triangulaire<br \/>\n\u00c9tant un pays au carrefour entre l\u2019Europe et l\u2019Afrique, la Tunisie peut miser, selon l\u2019ancien directeur g\u00e9n\u00e9ral du Cetime, sur une coop\u00e9ration triangulaire qui b\u00e9n\u00e9ficie \u00e0 toutes les parties, notamment les pays africains qui peuvent prendre en exemple la Tunisie pour le d\u00e9veloppement de leurs politiques industrielles. D\u2019ailleurs, des repr\u00e9sentants de plusieurs ambassades africaines en Tunisie, notamment le S\u00e9n\u00e9gal, \u00e9taient pr\u00e9sents lors de cette rencontre. Ils ont affirm\u00e9 que leurs pays, qui ont mis le cap sur les nouvelles politiques industrielles mais qui souffrent d\u2019un manque criant d\u2019ing\u00e9nieurs, sont int\u00e9ress\u00e9s par l\u2019expertise tunisienne.<\/p>\n<p>Nada Lachaal, directrice de l\u2019infrastructure qualit\u00e9 au minist\u00e8re de l\u2019Industrie et des PME a, pour sa part, soulign\u00e9 que le salon va aider \u00e0 communiquer autour de la strat\u00e9gie industrielle \u00abHorizon 2035\u00bb. Il serait, aussi selon elle, un levier pour attirer les investisseurs, mais aussi pour promouvoir l\u2019image du site Tunisie. \u00abFabtech Africa Expo\u00bb sera, \u00e9galement, un lieu de rencontre entre le monde de l\u2019universit\u00e9 et celui de l\u2019industrie.<\/p>\n<p>Il s\u2019agit, en effet, de l\u2019\u00e9v\u00e9nement opportun pour les jeunes dipl\u00f4m\u00e9s des \u00e9coles d\u2019ing\u00e9nieurs, mais, aussi, des \u00e9tudiants ing\u00e9nieurs qui, saisissant cette occasion, peuvent faire \u00e9talage de leurs comp\u00e9tences et d\u00e9velopper leurs id\u00e9es.<\/p>\n<p>Pr\u00e9sent\u00e9 comme \u00e9tant un salon \u00abquatre en un\u00bb, l\u2019\u00e9v\u00e9nement propose outre l\u2019espace d\u2019exposition, qui sera am\u00e9nag\u00e9 avec des stands personnalis\u00e9s pour les diff\u00e9rents participants, un symposium avec un programme de conf\u00e9rences portant sur des th\u00e8mes d\u2019actualit\u00e9s, tels que la nouvelle dynamique industrielle, le march\u00e9 africain, les atouts de l\u2019industrie tunisienne\u2026, une c\u00e9r\u00e9monie c\u00e9l\u00e9brant les performances industrielles des entreprises et une deuxi\u00e8me c\u00e9r\u00e9monie qui rend hommage aux b\u00e2tisseurs de l\u2019industrie tunisienne.<\/p>\n","protected":false},"excerpt":{"rendered":"<p>Une rencontre-d\u00e9bat s\u2019est tenue r\u00e9cemment, pour pr\u00e9senter le Salon Fabtech Africas qui aura lieu, pour la premi\u00e8re fois en Tunisie, du 10 au 13 mai 2023 au Palais des expositions du Kram. La rencontre, qui \u00e9tait aussi l\u2019occasion de d\u00e9battre de la strat\u00e9gie industrielle \u00abHorizon 2035\u00bb, s\u2019inscrit dans le cadre de la d\u00e9marche participative de l\u2019organisation de cet \u00e9v\u00e9nement de port\u00e9e africaine.<\/p>\n","protected":false},"author":12963,"featured_media":21528,"comment_status":"open","ping_status":"open","sticky":false,"template":"","format":"standard","meta":{"footnotes":""},"categories":[67,73],"tags":[81,78,77],"class_list":{"0":"post-21531","1":"post","2":"type-post","3":"status-publish","4":"format-standard","5":"has-post-thumbnail","7":"category-actualites","8":"category-technologie","9":"tag-actualites","10":"tag-apie-project-2","11":"tag-technologie"},"yoast_head":"<!-- This site is optimized with the Yoast SEO plugin v24.4 - https:\/\/yoast.com\/wordpress\/plugins\/seo\/ -->\n<title>\u00abFabtech Africa Expo Tunisia 2023\u00bb : Un Premier Salon D\u00e9di\u00e9 \u00c0 La Fabrication Technologique - APIE NEWS<\/title>\n<meta name=\"robots\" content=\"index, follow, max-snippet:-1, max-image-preview:large, max-video-preview:-1\" \/>\n<link rel=\"canonical\" href=\"https:\/\/appsaf.apieproject.com\/news\/fr\/2022\/11\/14\/fabtech-africa-expo-tunisia-2023-un-premier-salon-dedie-a-la-fabrication-technologique\/\" \/>\n<meta property=\"og:locale\" content=\"fr_FR\" \/>\n<meta property=\"og:type\" content=\"article\" \/>\n<meta property=\"og:title\" content=\"\u00abFabtech Africa Expo Tunisia 2023\u00bb : Un Premier Salon D\u00e9di\u00e9 \u00c0 La Fabrication Technologique - APIE NEWS\" \/>\n<meta property=\"og:description\" content=\"Une rencontre-d\u00e9bat s\u2019est tenue r\u00e9cemment, pour pr\u00e9senter le Salon Fabtech Africas qui aura lieu, pour la premi\u00e8re fois en Tunisie, du 10 au 13 mai 2023 au Palais des expositions du Kram. La rencontre, qui \u00e9tait aussi l\u2019occasion de d\u00e9battre de la strat\u00e9gie industrielle \u00abHorizon 2035\u00bb, s\u2019inscrit dans le cadre de la d\u00e9marche participative de l\u2019organisation de cet \u00e9v\u00e9nement de port\u00e9e africaine.\" \/>\n<meta property=\"og:url\" content=\"https:\/\/appsaf.apieproject.com\/news\/fr\/2022\/11\/14\/fabtech-africa-expo-tunisia-2023-un-premier-salon-dedie-a-la-fabrication-technologique\/\" \/>\n<meta property=\"og:site_name\" content=\"APIE NEWS\" \/>\n<meta property=\"article:publisher\" content=\"https:\/\/facebook.com\/apieproject\" \/>\n<meta property=\"article:published_time\" content=\"2022-11-14T05:12:37+00:00\" \/>\n<meta property=\"article:modified_time\" content=\"2022-11-14T05:12:38+00:00\" \/>\n<meta property=\"og:image\" content=\"https:\/\/appsaf.apieproject.com\/news\/wp-content\/uploads\/sites\/29\/2022\/11\/IMGBN90742fabtech-ae50ed192201b97d6900f7c64cf0b682.jpg\" \/>\n\t<meta property=\"og:image:width\" content=\"840\" \/>\n\t<meta property=\"og:image:height\" content=\"488\" \/>\n\t<meta property=\"og:image:type\" content=\"image\/jpeg\" \/>\n<meta name=\"author\" content=\"staff\" \/>\n<meta name=\"twitter:card\" content=\"summary_large_image\" \/>\n<meta name=\"twitter:creator\" content=\"@apieproject\" \/>\n<meta name=\"twitter:site\" content=\"@apieproject\" \/>\n<meta name=\"twitter:label1\" content=\"\u00c9crit par\" \/>\n\t<meta name=\"twitter:data1\" content=\"staff\" \/>\n\t<meta name=\"twitter:label2\" content=\"Dur\u00e9e de lecture estim\u00e9e\" \/>\n\t<meta name=\"twitter:data2\" content=\"4 minutes\" \/>\n<script type=\"application\/ld+json\" class=\"yoast-schema-graph\">{\"@context\":\"https:\/\/schema.org\",\"@graph\":[{\"@type\":\"Article\",\"@id\":\"https:\/\/appsaf.apieproject.com\/news\/fr\/2022\/11\/14\/fabtech-africa-expo-tunisia-2023-un-premier-salon-dedie-a-la-fabrication-technologique\/#article\",\"isPartOf\":{\"@id\":\"https:\/\/appsaf.apieproject.com\/news\/fr\/2022\/11\/14\/fabtech-africa-expo-tunisia-2023-un-premier-salon-dedie-a-la-fabrication-technologique\/\"},\"author\":{\"name\":\"staff\",\"@id\":\"https:\/\/appsaf.apieproject.com\/news\/#\/schema\/person\/399517cac378948cd7b39086f9ddc2a7\"},\"headline\":\"\u00abFabtech Africa Expo Tunisia 2023\u00bb : Un Premier Salon D\u00e9di\u00e9 \u00c0 La Fabrication Technologique\",\"datePublished\":\"2022-11-14T05:12:37+00:00\",\"dateModified\":\"2022-11-14T05:12:38+00:00\",\"mainEntityOfPage\":{\"@id\":\"https:\/\/appsaf.apieproject.com\/news\/fr\/2022\/11\/14\/fabtech-africa-expo-tunisia-2023-un-premier-salon-dedie-a-la-fabrication-technologique\/\"},\"wordCount\":888,\"commentCount\":0,\"publisher\":{\"@id\":\"https:\/\/appsaf.apieproject.com\/news\/#organization\"},\"image\":{\"@id\":\"https:\/\/appsaf.apieproject.com\/news\/fr\/2022\/11\/14\/fabtech-africa-expo-tunisia-2023-un-premier-salon-dedie-a-la-fabrication-technologique\/#primaryimage\"},\"thumbnailUrl\":\"https:\/\/appsaf.apieproject.com\/news\/wp-content\/uploads\/sites\/29\/2022\/11\/IMGBN90742fabtech-ae50ed192201b97d6900f7c64cf0b682.jpg\",\"keywords\":[\"actualites\",\"apie project\",\"technologie\"],\"articleSection\":[\"Actualit\u00e9s\",\"Technologie\"],\"inLanguage\":\"fr-FR\",\"potentialAction\":[{\"@type\":\"CommentAction\",\"name\":\"Comment\",\"target\":[\"https:\/\/appsaf.apieproject.com\/news\/fr\/2022\/11\/14\/fabtech-africa-expo-tunisia-2023-un-premier-salon-dedie-a-la-fabrication-technologique\/#respond\"]}]},{\"@type\":\"WebPage\",\"@id\":\"https:\/\/appsaf.apieproject.com\/news\/fr\/2022\/11\/14\/fabtech-africa-expo-tunisia-2023-un-premier-salon-dedie-a-la-fabrication-technologique\/\",\"url\":\"https:\/\/appsaf.apieproject.com\/news\/fr\/2022\/11\/14\/fabtech-africa-expo-tunisia-2023-un-premier-salon-dedie-a-la-fabrication-technologique\/\",\"name\":\"\u00abFabtech Africa Expo Tunisia 2023\u00bb : Un Premier Salon D\u00e9di\u00e9 \u00c0 La Fabrication Technologique - APIE NEWS\",\"isPartOf\":{\"@id\":\"https:\/\/appsaf.apieproject.com\/news\/#website\"},\"primaryImageOfPage\":{\"@id\":\"https:\/\/appsaf.apieproject.com\/news\/fr\/2022\/11\/14\/fabtech-africa-expo-tunisia-2023-un-premier-salon-dedie-a-la-fabrication-technologique\/#primaryimage\"},\"image\":{\"@id\":\"https:\/\/appsaf.apieproject.com\/news\/fr\/2022\/11\/14\/fabtech-africa-expo-tunisia-2023-un-premier-salon-dedie-a-la-fabrication-technologique\/#primaryimage\"},\"thumbnailUrl\":\"https:\/\/appsaf.apieproject.com\/news\/wp-content\/uploads\/sites\/29\/2022\/11\/IMGBN90742fabtech-ae50ed192201b97d6900f7c64cf0b682.jpg\",\"datePublished\":\"2022-11-14T05:12:37+00:00\",\"dateModified\":\"2022-11-14T05:12:38+00:00\",\"breadcrumb\":{\"@id\":\"https:\/\/appsaf.apieproject.com\/news\/fr\/2022\/11\/14\/fabtech-africa-expo-tunisia-2023-un-premier-salon-dedie-a-la-fabrication-technologique\/#breadcrumb\"},\"inLanguage\":\"fr-FR\",\"potentialAction\":[{\"@type\":\"ReadAction\",\"target\":[\"https:\/\/appsaf.apieproject.com\/news\/fr\/2022\/11\/14\/fabtech-africa-expo-tunisia-2023-un-premier-salon-dedie-a-la-fabrication-technologique\/\"]}]},{\"@type\":\"ImageObject\",\"inLanguage\":\"fr-FR\",\"@id\":\"https:\/\/appsaf.apieproject.com\/news\/fr\/2022\/11\/14\/fabtech-africa-expo-tunisia-2023-un-premier-salon-dedie-a-la-fabrication-technologique\/#primaryimage\",\"url\":\"https:\/\/appsaf.apieproject.com\/news\/wp-content\/uploads\/sites\/29\/2022\/11\/IMGBN90742fabtech-ae50ed192201b97d6900f7c64cf0b682.jpg\",\"contentUrl\":\"https:\/\/appsaf.apieproject.com\/news\/wp-content\/uploads\/sites\/29\/2022\/11\/IMGBN90742fabtech-ae50ed192201b97d6900f7c64cf0b682.jpg\",\"width\":840,\"height\":488},{\"@type\":\"BreadcrumbList\",\"@id\":\"https:\/\/appsaf.apieproject.com\/news\/fr\/2022\/11\/14\/fabtech-africa-expo-tunisia-2023-un-premier-salon-dedie-a-la-fabrication-technologique\/#breadcrumb\",\"itemListElement\":[{\"@type\":\"ListItem\",\"position\":1,\"name\":\"Home\",\"item\":\"https:\/\/appsaf.apieproject.com\/news\/fr\/home\/\"},{\"@type\":\"ListItem\",\"position\":2,\"name\":\"\u00abFabtech Africa Expo Tunisia 2023\u00bb : Un Premier Salon D\u00e9di\u00e9 \u00c0 La Fabrication Technologique\"}]},{\"@type\":\"WebSite\",\"@id\":\"https:\/\/appsaf.apieproject.com\/news\/#website\",\"url\":\"https:\/\/appsaf.apieproject.com\/news\/\",\"name\":\"APIE NEWS\",\"description\":\"PANAFRICANISM NEWS PORTAL\",\"publisher\":{\"@id\":\"https:\/\/appsaf.apieproject.com\/news\/#organization\"},\"potentialAction\":[{\"@type\":\"SearchAction\",\"target\":{\"@type\":\"EntryPoint\",\"urlTemplate\":\"https:\/\/appsaf.apieproject.com\/news\/?s={search_term_string}\"},\"query-input\":{\"@type\":\"PropertyValueSpecification\",\"valueRequired\":true,\"valueName\":\"search_term_string\"}}],\"inLanguage\":\"fr-FR\"},{\"@type\":\"Organization\",\"@id\":\"https:\/\/appsaf.apieproject.com\/news\/#organization\",\"name\":\"APIE PROJECT\",\"url\":\"https:\/\/appsaf.apieproject.com\/news\/\",\"logo\":{\"@type\":\"ImageObject\",\"inLanguage\":\"fr-FR\",\"@id\":\"https:\/\/appsaf.apieproject.com\/news\/#\/schema\/logo\/image\/\",\"url\":\"https:\/\/appsaf.apieproject.com\/news\/wp-content\/uploads\/sites\/29\/2022\/07\/logo-R-TransparentBackground.png\",\"contentUrl\":\"https:\/\/appsaf.apieproject.com\/news\/wp-content\/uploads\/sites\/29\/2022\/07\/logo-R-TransparentBackground.png\",\"width\":512,\"height\":512,\"caption\":\"APIE PROJECT\"},\"image\":{\"@id\":\"https:\/\/appsaf.apieproject.com\/news\/#\/schema\/logo\/image\/\"},\"sameAs\":[\"https:\/\/facebook.com\/apieproject\",\"https:\/\/x.com\/apieproject\"]},{\"@type\":\"Person\",\"@id\":\"https:\/\/appsaf.apieproject.com\/news\/#\/schema\/person\/399517cac378948cd7b39086f9ddc2a7\",\"name\":\"staff\",\"image\":{\"@type\":\"ImageObject\",\"inLanguage\":\"fr-FR\",\"@id\":\"https:\/\/appsaf.apieproject.com\/news\/#\/schema\/person\/image\/\",\"url\":\"https:\/\/secure.gravatar.com\/avatar\/5386283c5db150efe261184bd59f072a?s=96&d=mm&r=g\",\"contentUrl\":\"https:\/\/secure.gravatar.com\/avatar\/5386283c5db150efe261184bd59f072a?s=96&d=mm&r=g\",\"caption\":\"staff\"},\"url\":\"https:\/\/appsaf.apieproject.com\/news\/fr\/author\/staff\/\"}]}<\/script>\n<!-- \/ Yoast SEO plugin. -->","yoast_head_json":{"title":"\u00abFabtech Africa Expo Tunisia 2023\u00bb : Un Premier Salon D\u00e9di\u00e9 \u00c0 La Fabrication Technologique - APIE NEWS","robots":{"index":"index","follow":"follow","max-snippet":"max-snippet:-1","max-image-preview":"max-image-preview:large","max-video-preview":"max-video-preview:-1"},"canonical":"https:\/\/appsaf.apieproject.com\/news\/fr\/2022\/11\/14\/fabtech-africa-expo-tunisia-2023-un-premier-salon-dedie-a-la-fabrication-technologique\/","og_locale":"fr_FR","og_type":"article","og_title":"\u00abFabtech Africa Expo Tunisia 2023\u00bb : Un Premier Salon D\u00e9di\u00e9 \u00c0 La Fabrication Technologique - APIE NEWS","og_description":"Une rencontre-d\u00e9bat s\u2019est tenue r\u00e9cemment, pour pr\u00e9senter le Salon Fabtech Africas qui aura lieu, pour la premi\u00e8re fois en Tunisie, du 10 au 13 mai 2023 au Palais des expositions du Kram. La rencontre, qui \u00e9tait aussi l\u2019occasion de d\u00e9battre de la strat\u00e9gie industrielle \u00abHorizon 2035\u00bb, s\u2019inscrit dans le cadre de la d\u00e9marche participative de l\u2019organisation de cet \u00e9v\u00e9nement de port\u00e9e africaine.","og_url":"https:\/\/appsaf.apieproject.com\/news\/fr\/2022\/11\/14\/fabtech-africa-expo-tunisia-2023-un-premier-salon-dedie-a-la-fabrication-technologique\/","og_site_name":"APIE NEWS","article_publisher":"https:\/\/facebook.com\/apieproject","article_published_time":"2022-11-14T05:12:37+00:00","article_modified_time":"2022-11-14T05:12:38+00:00","og_image":[{"width":840,"height":488,"url":"https:\/\/appsaf.apieproject.com\/news\/wp-content\/uploads\/sites\/29\/2022\/11\/IMGBN90742fabtech-ae50ed192201b97d6900f7c64cf0b682.jpg","type":"image\/jpeg"}],"author":"staff","twitter_card":"summary_large_image","twitter_creator":"@apieproject","twitter_site":"@apieproject","twitter_misc":{"\u00c9crit par":"staff","Dur\u00e9e de lecture estim\u00e9e":"4 minutes"},"schema":{"@context":"https:\/\/schema.org","@graph":[{"@type":"Article","@id":"https:\/\/appsaf.apieproject.com\/news\/fr\/2022\/11\/14\/fabtech-africa-expo-tunisia-2023-un-premier-salon-dedie-a-la-fabrication-technologique\/#article","isPartOf":{"@id":"https:\/\/appsaf.apieproject.com\/news\/fr\/2022\/11\/14\/fabtech-africa-expo-tunisia-2023-un-premier-salon-dedie-a-la-fabrication-technologique\/"},"author":{"name":"staff","@id":"https:\/\/appsaf.apieproject.com\/news\/#\/schema\/person\/399517cac378948cd7b39086f9ddc2a7"},"headline":"\u00abFabtech Africa Expo Tunisia 2023\u00bb : Un Premier Salon D\u00e9di\u00e9 \u00c0 La Fabrication Technologique","datePublished":"2022-11-14T05:12:37+00:00","dateModified":"2022-11-14T05:12:38+00:00","mainEntityOfPage":{"@id":"https:\/\/appsaf.apieproject.com\/news\/fr\/2022\/11\/14\/fabtech-africa-expo-tunisia-2023-un-premier-salon-dedie-a-la-fabrication-technologique\/"},"wordCount":888,"commentCount":0,"publisher":{"@id":"https:\/\/appsaf.apieproject.com\/news\/#organization"},"image":{"@id":"https:\/\/appsaf.apieproject.com\/news\/fr\/2022\/11\/14\/fabtech-africa-expo-tunisia-2023-un-premier-salon-dedie-a-la-fabrication-technologique\/#primaryimage"},"thumbnailUrl":"https:\/\/appsaf.apieproject.com\/news\/wp-content\/uploads\/sites\/29\/2022\/11\/IMGBN90742fabtech-ae50ed192201b97d6900f7c64cf0b682.jpg","keywords":["actualites","apie project","technologie"],"articleSection":["Actualit\u00e9s","Technologie"],"inLanguage":"fr-FR","potentialAction":[{"@type":"CommentAction","name":"Comment","target":["https:\/\/appsaf.apieproject.com\/news\/fr\/2022\/11\/14\/fabtech-africa-expo-tunisia-2023-un-premier-salon-dedie-a-la-fabrication-technologique\/#respond"]}]},{"@type":"WebPage","@id":"https:\/\/appsaf.apieproject.com\/news\/fr\/2022\/11\/14\/fabtech-africa-expo-tunisia-2023-un-premier-salon-dedie-a-la-fabrication-technologique\/","url":"https:\/\/appsaf.apieproject.com\/news\/fr\/2022\/11\/14\/fabtech-africa-expo-tunisia-2023-un-premier-salon-dedie-a-la-fabrication-technologique\/","name":"\u00abFabtech Africa Expo Tunisia 2023\u00bb : Un Premier Salon D\u00e9di\u00e9 \u00c0 La Fabrication Technologique - APIE NEWS","isPartOf":{"@id":"https:\/\/appsaf.apieproject.com\/news\/#website"},"primaryImageOfPage":{"@id":"https:\/\/appsaf.apieproject.com\/news\/fr\/2022\/11\/14\/fabtech-africa-expo-tunisia-2023-un-premier-salon-dedie-a-la-fabrication-technologique\/#primaryimage"},"image":{"@id":"https:\/\/appsaf.apieproject.com\/news\/fr\/2022\/11\/14\/fabtech-africa-expo-tunisia-2023-un-premier-salon-dedie-a-la-fabrication-technologique\/#primaryimage"},"thumbnailUrl":"https:\/\/appsaf.apieproject.com\/news\/wp-content\/uploads\/sites\/29\/2022\/11\/IMGBN90742fabtech-ae50ed192201b97d6900f7c64cf0b682.jpg","datePublished":"2022-11-14T05:12:37+00:00","dateModified":"2022-11-14T05:12:38+00:00","breadcrumb":{"@id":"https:\/\/appsaf.apieproject.com\/news\/fr\/2022\/11\/14\/fabtech-africa-expo-tunisia-2023-un-premier-salon-dedie-a-la-fabrication-technologique\/#breadcrumb"},"inLanguage":"fr-FR","potentialAction":[{"@type":"ReadAction","target":["https:\/\/appsaf.apieproject.com\/news\/fr\/2022\/11\/14\/fabtech-africa-expo-tunisia-2023-un-premier-salon-dedie-a-la-fabrication-technologique\/"]}]},{"@type":"ImageObject","inLanguage":"fr-FR","@id":"https:\/\/appsaf.apieproject.com\/news\/fr\/2022\/11\/14\/fabtech-africa-expo-tunisia-2023-un-premier-salon-dedie-a-la-fabrication-technologique\/#primaryimage","url":"https:\/\/appsaf.apieproject.com\/news\/wp-content\/uploads\/sites\/29\/2022\/11\/IMGBN90742fabtech-ae50ed192201b97d6900f7c64cf0b682.jpg","contentUrl":"https:\/\/appsaf.apieproject.com\/news\/wp-content\/uploads\/sites\/29\/2022\/11\/IMGBN90742fabtech-ae50ed192201b97d6900f7c64cf0b682.jpg","width":840,"height":488},{"@type":"BreadcrumbList","@id":"https:\/\/appsaf.apieproject.com\/news\/fr\/2022\/11\/14\/fabtech-africa-expo-tunisia-2023-un-premier-salon-dedie-a-la-fabrication-technologique\/#breadcrumb","itemListElement":[{"@type":"ListItem","position":1,"name":"Home","item":"https:\/\/appsaf.apieproject.com\/news\/fr\/home\/"},{"@type":"ListItem","position":2,"name":"\u00abFabtech Africa Expo Tunisia 2023\u00bb : Un Premier Salon D\u00e9di\u00e9 \u00c0 La Fabrication Technologique"}]},{"@type":"WebSite","@id":"https:\/\/appsaf.apieproject.com\/news\/#website","url":"https:\/\/appsaf.apieproject.com\/news\/","name":"APIE NEWS","description":"PANAFRICANISM NEWS PORTAL","publisher":{"@id":"https:\/\/appsaf.apieproject.com\/news\/#organization"},"potentialAction":[{"@type":"SearchAction","target":{"@type":"EntryPoint","urlTemplate":"https:\/\/appsaf.apieproject.com\/news\/?s={search_term_string}"},"query-input":{"@type":"PropertyValueSpecification","valueRequired":true,"valueName":"search_term_string"}}],"inLanguage":"fr-FR"},{"@type":"Organization","@id":"https:\/\/appsaf.apieproject.com\/news\/#organization","name":"APIE PROJECT","url":"https:\/\/appsaf.apieproject.com\/news\/","logo":{"@type":"ImageObject","inLanguage":"fr-FR","@id":"https:\/\/appsaf.apieproject.com\/news\/#\/schema\/logo\/image\/","url":"https:\/\/appsaf.apieproject.com\/news\/wp-content\/uploads\/sites\/29\/2022\/07\/logo-R-TransparentBackground.png","contentUrl":"https:\/\/appsaf.apieproject.com\/news\/wp-content\/uploads\/sites\/29\/2022\/07\/logo-R-TransparentBackground.png","width":512,"height":512,"caption":"APIE PROJECT"},"image":{"@id":"https:\/\/appsaf.apieproject.com\/news\/#\/schema\/logo\/image\/"},"sameAs":["https:\/\/facebook.com\/apieproject","https:\/\/x.com\/apieproject"]},{"@type":"Person","@id":"https:\/\/appsaf.apieproject.com\/news\/#\/schema\/person\/399517cac378948cd7b39086f9ddc2a7","name":"staff","image":{"@type":"ImageObject","inLanguage":"fr-FR","@id":"https:\/\/appsaf.apieproject.com\/news\/#\/schema\/person\/image\/","url":"https:\/\/secure.gravatar.com\/avatar\/5386283c5db150efe261184bd59f072a?s=96&d=mm&r=g","contentUrl":"https:\/\/secure.gravatar.com\/avatar\/5386283c5db150efe261184bd59f072a?s=96&d=mm&r=g","caption":"staff"},"url":"https:\/\/appsaf.apieproject.com\/news\/fr\/author\/staff\/"}]}},"_links":{"self":[{"href":"https:\/\/appsaf.apieproject.com\/news\/fr\/wp-json\/wp\/v2\/posts\/21531","targetHints":{"allow":["GET"]}}],"collection":[{"href":"https:\/\/appsaf.apieproject.com\/news\/fr\/wp-json\/wp\/v2\/posts"}],"about":[{"href":"https:\/\/appsaf.apieproject.com\/news\/fr\/wp-json\/wp\/v2\/types\/post"}],"author":[{"embeddable":true,"href":"https:\/\/appsaf.apieproject.com\/news\/fr\/wp-json\/wp\/v2\/users\/12963"}],"replies":[{"embeddable":true,"href":"https:\/\/appsaf.apieproject.com\/news\/fr\/wp-json\/wp\/v2\/comments?post=21531"}],"version-history":[{"count":1,"href":"https:\/\/appsaf.apieproject.com\/news\/fr\/wp-json\/wp\/v2\/posts\/21531\/revisions"}],"predecessor-version":[{"id":21985,"href":"https:\/\/appsaf.apieproject.com\/news\/fr\/wp-json\/wp\/v2\/posts\/21531\/revisions\/21985"}],"wp:featuredmedia":[{"embeddable":true,"href":"https:\/\/appsaf.apieproject.com\/news\/fr\/wp-json\/wp\/v2\/media\/21528"}],"wp:attachment":[{"href":"https:\/\/appsaf.apieproject.com\/news\/fr\/wp-json\/wp\/v2\/media?parent=21531"}],"wp:term":[{"taxonomy":"category","embeddable":true,"href":"https:\/\/appsaf.apieproject.com\/news\/fr\/wp-json\/wp\/v2\/categories?post=21531"},{"taxonomy":"post_tag","embeddable":true,"href":"https:\/\/appsaf.apieproject.com\/news\/fr\/wp-json\/wp\/v2\/tags?post=21531"}],"curies":[{"name":"wp","href":"https:\/\/api.w.org\/{rel}","templated":true}]}}