{"id":21729,"date":"2022-11-14T16:32:22","date_gmt":"2022-11-14T16:32:22","guid":{"rendered":"https:\/\/appsaf.apieproject.com\/news\/?p=21729"},"modified":"2022-11-14T16:32:24","modified_gmt":"2022-11-14T16:32:24","slug":"afrique-de-louest-accord-entre-le-wascal-et-lallemagne-pour-former-dans-les-energies-et-lhydrogene-vert","status":"publish","type":"post","link":"https:\/\/appsaf.apieproject.com\/news\/fr\/2022\/11\/14\/afrique-de-louest-accord-entre-le-wascal-et-lallemagne-pour-former-dans-les-energies-et-lhydrogene-vert\/","title":{"rendered":"Afrique De L\u2019Ouest : Accord Entre Le WASCAL Et L\u2019Allemagne Pour Former Dans Les \u00c9nergies Et L&rsquo;Hydrog\u00e8ne Vert"},"content":{"rendered":"<p>Le Centre de services scientifiques d&rsquo;Afrique de l&rsquo;Ouest sur le changement climatique et l&rsquo;utilisation adapt\u00e9e des terres (WASCAL) a sign\u00e9 un protocole d&rsquo;accord avec le centre de recherche Forschungszentrum J\u00fclich GmbH et l\u2019universit\u00e9 RWTH Aachen, tous bas\u00e9s en Allemagne. L\u2019accord tripartite pr\u00e9voit entre autres de d\u00e9velopper des programmes de recherche et de formation dans le domaine de l\u2019\u00e9nergie et de la technologie de l\u2019hydrog\u00e8ne vert en Afrique de l\u2019Ouest.<\/p>\n<p>Le Dr Moumini Savadogo (photo, au centre), directeur ex\u00e9cutif de WASCAl, qui a sign\u00e9 le protocole d&rsquo;accord, a d\u00e9clar\u00e9 que \u00ab le programme, premier de son genre en Afrique, \u00e9tait con\u00e7u pour pr\u00e9parer la prochaine g\u00e9n\u00e9ration \u00e0 relever les d\u00e9fis \u00e9nerg\u00e9tiques de l&rsquo;adaptation et de la r\u00e9silience au changement climatique en Afrique de l&rsquo;Ouest \u00bb.<\/p>\n<p>La partie ouest africaine du continent conna\u00eet ces derniers temps les affres du changement climatique. Entre inondation, s\u00e9cheresse et r\u00e9duction des capacit\u00e9s agricoles, ces changements entra\u00eenent avec elles la menace de la pauvret\u00e9 et de la famine. Face \u00e0 cette situation, pour le WASCAL, l\u2019adoption de la technologie de l\u2019hydrog\u00e8ne vert est une solution incontournable au probl\u00e8me.<\/p>\n<p>\u00ab Le potentiel de l&rsquo;hydrog\u00e8ne vert est \u00e9norme. La technologie se pr\u00e9sente comme des solutions intelligentes qui pourraient am\u00e9liorer la production agricole et d\u00e9velopper des industries respectueuses de l&rsquo;environnement et fournir des emplois verts \u00bb, a ajout\u00e9 le Dr Savadogo.<\/p>\n<p>Cette initiative financ\u00e9e par le minist\u00e8re f\u00e9d\u00e9ral allemand de l&rsquo;Education et de la recherche sera pr\u00e9sent\u00e9e aux \u00e9tudiants de la sous-r\u00e9gion sous forme de bourses compl\u00e8tes dans les principales universit\u00e9s du Togo, de la C\u00f4te d&rsquo;Ivoire, du Niger et du S\u00e9n\u00e9gal. Les bourses seront accord\u00e9es pour des formations de niveau master de deux ann\u00e9es.<\/p>\n<p>L\u2019accord pr\u00e9voit \u00e9galement de promouvoir l&rsquo;\u00e9change d&rsquo;\u00e9tudiants en hydrog\u00e8ne vert, de lancer une universit\u00e9 d&rsquo;\u00e9t\u00e9 biennale et des conf\u00e9rences biennales, d&rsquo;\u00e9valuer la possibilit\u00e9 de d\u00e9cerner un double dipl\u00f4me aux futurs dipl\u00f4m\u00e9s en hydrog\u00e8ne vert, d&rsquo;organiser des activit\u00e9s de recherche conjointes, et d&rsquo;\u00e9laborer des publications et le partage des infrastructures de recherche.<\/p>\n","protected":false},"excerpt":{"rendered":"<p>Alors que les cons\u00e9quences des changements climatiques sont plus pr\u00e9sentes en Afrique de l\u2019Ouest, le WASCAL pr\u00e9sente l\u2019hydrog\u00e8ne vert comme une solution. Afin de d\u00e9velopper cette technologie dans la r\u00e9gion, le centre s\u2019est li\u00e9 \u00e0 des institutions allemandes pour former des \u00e9tudiants dans ce domaine.<\/p>\n","protected":false},"author":12963,"featured_media":21726,"comment_status":"open","ping_status":"open","sticky":false,"template":"","format":"standard","meta":{"footnotes":""},"categories":[67,73],"tags":[81,78,77],"class_list":{"0":"post-21729","1":"post","2":"type-post","3":"status-publish","4":"format-standard","5":"has-post-thumbnail","7":"category-actualites","8":"category-technologie","9":"tag-actualites","10":"tag-apie-project-2","11":"tag-technologie"},"yoast_head":"<!-- This site is optimized with the Yoast SEO plugin v24.4 - https:\/\/yoast.com\/wordpress\/plugins\/seo\/ -->\n<title>Afrique De L\u2019Ouest : Accord Entre Le WASCAL Et L\u2019Allemagne Pour Former Dans Les \u00c9nergies Et L&#039;Hydrog\u00e8ne Vert - APIE NEWS<\/title>\n<meta name=\"robots\" content=\"index, follow, max-snippet:-1, max-image-preview:large, max-video-preview:-1\" \/>\n<link rel=\"canonical\" href=\"https:\/\/appsaf.apieproject.com\/news\/fr\/2022\/11\/14\/afrique-de-louest-accord-entre-le-wascal-et-lallemagne-pour-former-dans-les-energies-et-lhydrogene-vert\/\" \/>\n<meta property=\"og:locale\" content=\"fr_FR\" \/>\n<meta property=\"og:type\" content=\"article\" \/>\n<meta property=\"og:title\" content=\"Afrique De L\u2019Ouest : Accord Entre Le WASCAL Et L\u2019Allemagne Pour Former Dans Les \u00c9nergies Et L&#039;Hydrog\u00e8ne Vert - APIE NEWS\" \/>\n<meta property=\"og:description\" content=\"Alors que les cons\u00e9quences des changements climatiques sont plus pr\u00e9sentes en Afrique de l\u2019Ouest, le WASCAL pr\u00e9sente l\u2019hydrog\u00e8ne vert comme une solution. Afin de d\u00e9velopper cette technologie dans la r\u00e9gion, le centre s\u2019est li\u00e9 \u00e0 des institutions allemandes pour former des \u00e9tudiants dans ce domaine.\" \/>\n<meta property=\"og:url\" content=\"https:\/\/appsaf.apieproject.com\/news\/fr\/2022\/11\/14\/afrique-de-louest-accord-entre-le-wascal-et-lallemagne-pour-former-dans-les-energies-et-lhydrogene-vert\/\" \/>\n<meta property=\"og:site_name\" content=\"APIE NEWS\" \/>\n<meta property=\"article:publisher\" content=\"https:\/\/facebook.com\/apieproject\" \/>\n<meta property=\"article:published_time\" content=\"2022-11-14T16:32:22+00:00\" \/>\n<meta property=\"article:modified_time\" content=\"2022-11-14T16:32:24+00:00\" \/>\n<meta property=\"og:image\" content=\"https:\/\/appsaf.apieproject.com\/news\/wp-content\/uploads\/sites\/29\/2022\/11\/0811-102741-afrique-de-l-ouest-accord-entre-le-wascal-et-l-allemagne-pour-former-dans-les-energies-et-lhydrogene-vert_M-06949061f6ffb55928b8df09dee88fd0.jpg\" \/>\n\t<meta property=\"og:image:width\" content=\"450\" \/>\n\t<meta property=\"og:image:height\" content=\"286\" \/>\n\t<meta property=\"og:image:type\" content=\"image\/jpeg\" \/>\n<meta name=\"author\" content=\"staff\" \/>\n<meta name=\"twitter:card\" content=\"summary_large_image\" \/>\n<meta name=\"twitter:creator\" content=\"@apieproject\" \/>\n<meta name=\"twitter:site\" content=\"@apieproject\" \/>\n<meta name=\"twitter:label1\" content=\"\u00c9crit par\" \/>\n\t<meta name=\"twitter:data1\" content=\"staff\" \/>\n\t<meta name=\"twitter:label2\" content=\"Dur\u00e9e de lecture estim\u00e9e\" \/>\n\t<meta name=\"twitter:data2\" content=\"2 minutes\" \/>\n<script type=\"application\/ld+json\" class=\"yoast-schema-graph\">{\"@context\":\"https:\/\/schema.org\",\"@graph\":[{\"@type\":\"Article\",\"@id\":\"https:\/\/appsaf.apieproject.com\/news\/fr\/2022\/11\/14\/afrique-de-louest-accord-entre-le-wascal-et-lallemagne-pour-former-dans-les-energies-et-lhydrogene-vert\/#article\",\"isPartOf\":{\"@id\":\"https:\/\/appsaf.apieproject.com\/news\/fr\/2022\/11\/14\/afrique-de-louest-accord-entre-le-wascal-et-lallemagne-pour-former-dans-les-energies-et-lhydrogene-vert\/\"},\"author\":{\"name\":\"staff\",\"@id\":\"https:\/\/appsaf.apieproject.com\/news\/#\/schema\/person\/399517cac378948cd7b39086f9ddc2a7\"},\"headline\":\"Afrique De L\u2019Ouest : Accord Entre Le WASCAL Et L\u2019Allemagne Pour Former Dans Les \u00c9nergies Et L&rsquo;Hydrog\u00e8ne Vert\",\"datePublished\":\"2022-11-14T16:32:22+00:00\",\"dateModified\":\"2022-11-14T16:32:24+00:00\",\"mainEntityOfPage\":{\"@id\":\"https:\/\/appsaf.apieproject.com\/news\/fr\/2022\/11\/14\/afrique-de-louest-accord-entre-le-wascal-et-lallemagne-pour-former-dans-les-energies-et-lhydrogene-vert\/\"},\"wordCount\":415,\"commentCount\":0,\"publisher\":{\"@id\":\"https:\/\/appsaf.apieproject.com\/news\/#organization\"},\"image\":{\"@id\":\"https:\/\/appsaf.apieproject.com\/news\/fr\/2022\/11\/14\/afrique-de-louest-accord-entre-le-wascal-et-lallemagne-pour-former-dans-les-energies-et-lhydrogene-vert\/#primaryimage\"},\"thumbnailUrl\":\"https:\/\/appsaf.apieproject.com\/news\/wp-content\/uploads\/sites\/29\/2022\/11\/0811-102741-afrique-de-l-ouest-accord-entre-le-wascal-et-l-allemagne-pour-former-dans-les-energies-et-lhydrogene-vert_M-06949061f6ffb55928b8df09dee88fd0.jpg\",\"keywords\":[\"actualites\",\"apie project\",\"technologie\"],\"articleSection\":[\"Actualit\u00e9s\",\"Technologie\"],\"inLanguage\":\"fr-FR\",\"potentialAction\":[{\"@type\":\"CommentAction\",\"name\":\"Comment\",\"target\":[\"https:\/\/appsaf.apieproject.com\/news\/fr\/2022\/11\/14\/afrique-de-louest-accord-entre-le-wascal-et-lallemagne-pour-former-dans-les-energies-et-lhydrogene-vert\/#respond\"]}]},{\"@type\":\"WebPage\",\"@id\":\"https:\/\/appsaf.apieproject.com\/news\/fr\/2022\/11\/14\/afrique-de-louest-accord-entre-le-wascal-et-lallemagne-pour-former-dans-les-energies-et-lhydrogene-vert\/\",\"url\":\"https:\/\/appsaf.apieproject.com\/news\/fr\/2022\/11\/14\/afrique-de-louest-accord-entre-le-wascal-et-lallemagne-pour-former-dans-les-energies-et-lhydrogene-vert\/\",\"name\":\"Afrique De L\u2019Ouest : Accord Entre Le WASCAL Et L\u2019Allemagne Pour Former Dans Les \u00c9nergies Et L'Hydrog\u00e8ne Vert - APIE NEWS\",\"isPartOf\":{\"@id\":\"https:\/\/appsaf.apieproject.com\/news\/#website\"},\"primaryImageOfPage\":{\"@id\":\"https:\/\/appsaf.apieproject.com\/news\/fr\/2022\/11\/14\/afrique-de-louest-accord-entre-le-wascal-et-lallemagne-pour-former-dans-les-energies-et-lhydrogene-vert\/#primaryimage\"},\"image\":{\"@id\":\"https:\/\/appsaf.apieproject.com\/news\/fr\/2022\/11\/14\/afrique-de-louest-accord-entre-le-wascal-et-lallemagne-pour-former-dans-les-energies-et-lhydrogene-vert\/#primaryimage\"},\"thumbnailUrl\":\"https:\/\/appsaf.apieproject.com\/news\/wp-content\/uploads\/sites\/29\/2022\/11\/0811-102741-afrique-de-l-ouest-accord-entre-le-wascal-et-l-allemagne-pour-former-dans-les-energies-et-lhydrogene-vert_M-06949061f6ffb55928b8df09dee88fd0.jpg\",\"datePublished\":\"2022-11-14T16:32:22+00:00\",\"dateModified\":\"2022-11-14T16:32:24+00:00\",\"breadcrumb\":{\"@id\":\"https:\/\/appsaf.apieproject.com\/news\/fr\/2022\/11\/14\/afrique-de-louest-accord-entre-le-wascal-et-lallemagne-pour-former-dans-les-energies-et-lhydrogene-vert\/#breadcrumb\"},\"inLanguage\":\"fr-FR\",\"potentialAction\":[{\"@type\":\"ReadAction\",\"target\":[\"https:\/\/appsaf.apieproject.com\/news\/fr\/2022\/11\/14\/afrique-de-louest-accord-entre-le-wascal-et-lallemagne-pour-former-dans-les-energies-et-lhydrogene-vert\/\"]}]},{\"@type\":\"ImageObject\",\"inLanguage\":\"fr-FR\",\"@id\":\"https:\/\/appsaf.apieproject.com\/news\/fr\/2022\/11\/14\/afrique-de-louest-accord-entre-le-wascal-et-lallemagne-pour-former-dans-les-energies-et-lhydrogene-vert\/#primaryimage\",\"url\":\"https:\/\/appsaf.apieproject.com\/news\/wp-content\/uploads\/sites\/29\/2022\/11\/0811-102741-afrique-de-l-ouest-accord-entre-le-wascal-et-l-allemagne-pour-former-dans-les-energies-et-lhydrogene-vert_M-06949061f6ffb55928b8df09dee88fd0.jpg\",\"contentUrl\":\"https:\/\/appsaf.apieproject.com\/news\/wp-content\/uploads\/sites\/29\/2022\/11\/0811-102741-afrique-de-l-ouest-accord-entre-le-wascal-et-l-allemagne-pour-former-dans-les-energies-et-lhydrogene-vert_M-06949061f6ffb55928b8df09dee88fd0.jpg\",\"width\":450,\"height\":286},{\"@type\":\"BreadcrumbList\",\"@id\":\"https:\/\/appsaf.apieproject.com\/news\/fr\/2022\/11\/14\/afrique-de-louest-accord-entre-le-wascal-et-lallemagne-pour-former-dans-les-energies-et-lhydrogene-vert\/#breadcrumb\",\"itemListElement\":[{\"@type\":\"ListItem\",\"position\":1,\"name\":\"Home\",\"item\":\"https:\/\/appsaf.apieproject.com\/news\/fr\/home\/\"},{\"@type\":\"ListItem\",\"position\":2,\"name\":\"Afrique De L\u2019Ouest : Accord Entre Le WASCAL Et L\u2019Allemagne Pour Former Dans Les \u00c9nergies Et L&#8217;Hydrog\u00e8ne Vert\"}]},{\"@type\":\"WebSite\",\"@id\":\"https:\/\/appsaf.apieproject.com\/news\/#website\",\"url\":\"https:\/\/appsaf.apieproject.com\/news\/\",\"name\":\"APIE NEWS\",\"description\":\"PANAFRICANISM NEWS PORTAL\",\"publisher\":{\"@id\":\"https:\/\/appsaf.apieproject.com\/news\/#organization\"},\"potentialAction\":[{\"@type\":\"SearchAction\",\"target\":{\"@type\":\"EntryPoint\",\"urlTemplate\":\"https:\/\/appsaf.apieproject.com\/news\/?s={search_term_string}\"},\"query-input\":{\"@type\":\"PropertyValueSpecification\",\"valueRequired\":true,\"valueName\":\"search_term_string\"}}],\"inLanguage\":\"fr-FR\"},{\"@type\":\"Organization\",\"@id\":\"https:\/\/appsaf.apieproject.com\/news\/#organization\",\"name\":\"APIE PROJECT\",\"url\":\"https:\/\/appsaf.apieproject.com\/news\/\",\"logo\":{\"@type\":\"ImageObject\",\"inLanguage\":\"fr-FR\",\"@id\":\"https:\/\/appsaf.apieproject.com\/news\/#\/schema\/logo\/image\/\",\"url\":\"https:\/\/appsaf.apieproject.com\/news\/wp-content\/uploads\/sites\/29\/2022\/07\/logo-R-TransparentBackground.png\",\"contentUrl\":\"https:\/\/appsaf.apieproject.com\/news\/wp-content\/uploads\/sites\/29\/2022\/07\/logo-R-TransparentBackground.png\",\"width\":512,\"height\":512,\"caption\":\"APIE PROJECT\"},\"image\":{\"@id\":\"https:\/\/appsaf.apieproject.com\/news\/#\/schema\/logo\/image\/\"},\"sameAs\":[\"https:\/\/facebook.com\/apieproject\",\"https:\/\/x.com\/apieproject\"]},{\"@type\":\"Person\",\"@id\":\"https:\/\/appsaf.apieproject.com\/news\/#\/schema\/person\/399517cac378948cd7b39086f9ddc2a7\",\"name\":\"staff\",\"image\":{\"@type\":\"ImageObject\",\"inLanguage\":\"fr-FR\",\"@id\":\"https:\/\/appsaf.apieproject.com\/news\/#\/schema\/person\/image\/\",\"url\":\"https:\/\/secure.gravatar.com\/avatar\/5386283c5db150efe261184bd59f072a?s=96&d=mm&r=g\",\"contentUrl\":\"https:\/\/secure.gravatar.com\/avatar\/5386283c5db150efe261184bd59f072a?s=96&d=mm&r=g\",\"caption\":\"staff\"},\"url\":\"https:\/\/appsaf.apieproject.com\/news\/fr\/author\/staff\/\"}]}<\/script>\n<!-- \/ Yoast SEO plugin. -->","yoast_head_json":{"title":"Afrique De L\u2019Ouest : Accord Entre Le WASCAL Et L\u2019Allemagne Pour Former Dans Les \u00c9nergies Et L'Hydrog\u00e8ne Vert - APIE NEWS","robots":{"index":"index","follow":"follow","max-snippet":"max-snippet:-1","max-image-preview":"max-image-preview:large","max-video-preview":"max-video-preview:-1"},"canonical":"https:\/\/appsaf.apieproject.com\/news\/fr\/2022\/11\/14\/afrique-de-louest-accord-entre-le-wascal-et-lallemagne-pour-former-dans-les-energies-et-lhydrogene-vert\/","og_locale":"fr_FR","og_type":"article","og_title":"Afrique De L\u2019Ouest : Accord Entre Le WASCAL Et L\u2019Allemagne Pour Former Dans Les \u00c9nergies Et L'Hydrog\u00e8ne Vert - APIE NEWS","og_description":"Alors que les cons\u00e9quences des changements climatiques sont plus pr\u00e9sentes en Afrique de l\u2019Ouest, le WASCAL pr\u00e9sente l\u2019hydrog\u00e8ne vert comme une solution. Afin de d\u00e9velopper cette technologie dans la r\u00e9gion, le centre s\u2019est li\u00e9 \u00e0 des institutions allemandes pour former des \u00e9tudiants dans ce domaine.","og_url":"https:\/\/appsaf.apieproject.com\/news\/fr\/2022\/11\/14\/afrique-de-louest-accord-entre-le-wascal-et-lallemagne-pour-former-dans-les-energies-et-lhydrogene-vert\/","og_site_name":"APIE NEWS","article_publisher":"https:\/\/facebook.com\/apieproject","article_published_time":"2022-11-14T16:32:22+00:00","article_modified_time":"2022-11-14T16:32:24+00:00","og_image":[{"width":450,"height":286,"url":"https:\/\/appsaf.apieproject.com\/news\/wp-content\/uploads\/sites\/29\/2022\/11\/0811-102741-afrique-de-l-ouest-accord-entre-le-wascal-et-l-allemagne-pour-former-dans-les-energies-et-lhydrogene-vert_M-06949061f6ffb55928b8df09dee88fd0.jpg","type":"image\/jpeg"}],"author":"staff","twitter_card":"summary_large_image","twitter_creator":"@apieproject","twitter_site":"@apieproject","twitter_misc":{"\u00c9crit par":"staff","Dur\u00e9e de lecture estim\u00e9e":"2 minutes"},"schema":{"@context":"https:\/\/schema.org","@graph":[{"@type":"Article","@id":"https:\/\/appsaf.apieproject.com\/news\/fr\/2022\/11\/14\/afrique-de-louest-accord-entre-le-wascal-et-lallemagne-pour-former-dans-les-energies-et-lhydrogene-vert\/#article","isPartOf":{"@id":"https:\/\/appsaf.apieproject.com\/news\/fr\/2022\/11\/14\/afrique-de-louest-accord-entre-le-wascal-et-lallemagne-pour-former-dans-les-energies-et-lhydrogene-vert\/"},"author":{"name":"staff","@id":"https:\/\/appsaf.apieproject.com\/news\/#\/schema\/person\/399517cac378948cd7b39086f9ddc2a7"},"headline":"Afrique De L\u2019Ouest : Accord Entre Le WASCAL Et L\u2019Allemagne Pour Former Dans Les \u00c9nergies Et L&rsquo;Hydrog\u00e8ne Vert","datePublished":"2022-11-14T16:32:22+00:00","dateModified":"2022-11-14T16:32:24+00:00","mainEntityOfPage":{"@id":"https:\/\/appsaf.apieproject.com\/news\/fr\/2022\/11\/14\/afrique-de-louest-accord-entre-le-wascal-et-lallemagne-pour-former-dans-les-energies-et-lhydrogene-vert\/"},"wordCount":415,"commentCount":0,"publisher":{"@id":"https:\/\/appsaf.apieproject.com\/news\/#organization"},"image":{"@id":"https:\/\/appsaf.apieproject.com\/news\/fr\/2022\/11\/14\/afrique-de-louest-accord-entre-le-wascal-et-lallemagne-pour-former-dans-les-energies-et-lhydrogene-vert\/#primaryimage"},"thumbnailUrl":"https:\/\/appsaf.apieproject.com\/news\/wp-content\/uploads\/sites\/29\/2022\/11\/0811-102741-afrique-de-l-ouest-accord-entre-le-wascal-et-l-allemagne-pour-former-dans-les-energies-et-lhydrogene-vert_M-06949061f6ffb55928b8df09dee88fd0.jpg","keywords":["actualites","apie project","technologie"],"articleSection":["Actualit\u00e9s","Technologie"],"inLanguage":"fr-FR","potentialAction":[{"@type":"CommentAction","name":"Comment","target":["https:\/\/appsaf.apieproject.com\/news\/fr\/2022\/11\/14\/afrique-de-louest-accord-entre-le-wascal-et-lallemagne-pour-former-dans-les-energies-et-lhydrogene-vert\/#respond"]}]},{"@type":"WebPage","@id":"https:\/\/appsaf.apieproject.com\/news\/fr\/2022\/11\/14\/afrique-de-louest-accord-entre-le-wascal-et-lallemagne-pour-former-dans-les-energies-et-lhydrogene-vert\/","url":"https:\/\/appsaf.apieproject.com\/news\/fr\/2022\/11\/14\/afrique-de-louest-accord-entre-le-wascal-et-lallemagne-pour-former-dans-les-energies-et-lhydrogene-vert\/","name":"Afrique De L\u2019Ouest : Accord Entre Le WASCAL Et L\u2019Allemagne Pour Former Dans Les \u00c9nergies Et L'Hydrog\u00e8ne Vert - APIE NEWS","isPartOf":{"@id":"https:\/\/appsaf.apieproject.com\/news\/#website"},"primaryImageOfPage":{"@id":"https:\/\/appsaf.apieproject.com\/news\/fr\/2022\/11\/14\/afrique-de-louest-accord-entre-le-wascal-et-lallemagne-pour-former-dans-les-energies-et-lhydrogene-vert\/#primaryimage"},"image":{"@id":"https:\/\/appsaf.apieproject.com\/news\/fr\/2022\/11\/14\/afrique-de-louest-accord-entre-le-wascal-et-lallemagne-pour-former-dans-les-energies-et-lhydrogene-vert\/#primaryimage"},"thumbnailUrl":"https:\/\/appsaf.apieproject.com\/news\/wp-content\/uploads\/sites\/29\/2022\/11\/0811-102741-afrique-de-l-ouest-accord-entre-le-wascal-et-l-allemagne-pour-former-dans-les-energies-et-lhydrogene-vert_M-06949061f6ffb55928b8df09dee88fd0.jpg","datePublished":"2022-11-14T16:32:22+00:00","dateModified":"2022-11-14T16:32:24+00:00","breadcrumb":{"@id":"https:\/\/appsaf.apieproject.com\/news\/fr\/2022\/11\/14\/afrique-de-louest-accord-entre-le-wascal-et-lallemagne-pour-former-dans-les-energies-et-lhydrogene-vert\/#breadcrumb"},"inLanguage":"fr-FR","potentialAction":[{"@type":"ReadAction","target":["https:\/\/appsaf.apieproject.com\/news\/fr\/2022\/11\/14\/afrique-de-louest-accord-entre-le-wascal-et-lallemagne-pour-former-dans-les-energies-et-lhydrogene-vert\/"]}]},{"@type":"ImageObject","inLanguage":"fr-FR","@id":"https:\/\/appsaf.apieproject.com\/news\/fr\/2022\/11\/14\/afrique-de-louest-accord-entre-le-wascal-et-lallemagne-pour-former-dans-les-energies-et-lhydrogene-vert\/#primaryimage","url":"https:\/\/appsaf.apieproject.com\/news\/wp-content\/uploads\/sites\/29\/2022\/11\/0811-102741-afrique-de-l-ouest-accord-entre-le-wascal-et-l-allemagne-pour-former-dans-les-energies-et-lhydrogene-vert_M-06949061f6ffb55928b8df09dee88fd0.jpg","contentUrl":"https:\/\/appsaf.apieproject.com\/news\/wp-content\/uploads\/sites\/29\/2022\/11\/0811-102741-afrique-de-l-ouest-accord-entre-le-wascal-et-l-allemagne-pour-former-dans-les-energies-et-lhydrogene-vert_M-06949061f6ffb55928b8df09dee88fd0.jpg","width":450,"height":286},{"@type":"BreadcrumbList","@id":"https:\/\/appsaf.apieproject.com\/news\/fr\/2022\/11\/14\/afrique-de-louest-accord-entre-le-wascal-et-lallemagne-pour-former-dans-les-energies-et-lhydrogene-vert\/#breadcrumb","itemListElement":[{"@type":"ListItem","position":1,"name":"Home","item":"https:\/\/appsaf.apieproject.com\/news\/fr\/home\/"},{"@type":"ListItem","position":2,"name":"Afrique De L\u2019Ouest : Accord Entre Le WASCAL Et L\u2019Allemagne Pour Former Dans Les \u00c9nergies Et L&#8217;Hydrog\u00e8ne Vert"}]},{"@type":"WebSite","@id":"https:\/\/appsaf.apieproject.com\/news\/#website","url":"https:\/\/appsaf.apieproject.com\/news\/","name":"APIE NEWS","description":"PANAFRICANISM NEWS PORTAL","publisher":{"@id":"https:\/\/appsaf.apieproject.com\/news\/#organization"},"potentialAction":[{"@type":"SearchAction","target":{"@type":"EntryPoint","urlTemplate":"https:\/\/appsaf.apieproject.com\/news\/?s={search_term_string}"},"query-input":{"@type":"PropertyValueSpecification","valueRequired":true,"valueName":"search_term_string"}}],"inLanguage":"fr-FR"},{"@type":"Organization","@id":"https:\/\/appsaf.apieproject.com\/news\/#organization","name":"APIE PROJECT","url":"https:\/\/appsaf.apieproject.com\/news\/","logo":{"@type":"ImageObject","inLanguage":"fr-FR","@id":"https:\/\/appsaf.apieproject.com\/news\/#\/schema\/logo\/image\/","url":"https:\/\/appsaf.apieproject.com\/news\/wp-content\/uploads\/sites\/29\/2022\/07\/logo-R-TransparentBackground.png","contentUrl":"https:\/\/appsaf.apieproject.com\/news\/wp-content\/uploads\/sites\/29\/2022\/07\/logo-R-TransparentBackground.png","width":512,"height":512,"caption":"APIE PROJECT"},"image":{"@id":"https:\/\/appsaf.apieproject.com\/news\/#\/schema\/logo\/image\/"},"sameAs":["https:\/\/facebook.com\/apieproject","https:\/\/x.com\/apieproject"]},{"@type":"Person","@id":"https:\/\/appsaf.apieproject.com\/news\/#\/schema\/person\/399517cac378948cd7b39086f9ddc2a7","name":"staff","image":{"@type":"ImageObject","inLanguage":"fr-FR","@id":"https:\/\/appsaf.apieproject.com\/news\/#\/schema\/person\/image\/","url":"https:\/\/secure.gravatar.com\/avatar\/5386283c5db150efe261184bd59f072a?s=96&d=mm&r=g","contentUrl":"https:\/\/secure.gravatar.com\/avatar\/5386283c5db150efe261184bd59f072a?s=96&d=mm&r=g","caption":"staff"},"url":"https:\/\/appsaf.apieproject.com\/news\/fr\/author\/staff\/"}]}},"_links":{"self":[{"href":"https:\/\/appsaf.apieproject.com\/news\/fr\/wp-json\/wp\/v2\/posts\/21729","targetHints":{"allow":["GET"]}}],"collection":[{"href":"https:\/\/appsaf.apieproject.com\/news\/fr\/wp-json\/wp\/v2\/posts"}],"about":[{"href":"https:\/\/appsaf.apieproject.com\/news\/fr\/wp-json\/wp\/v2\/types\/post"}],"author":[{"embeddable":true,"href":"https:\/\/appsaf.apieproject.com\/news\/fr\/wp-json\/wp\/v2\/users\/12963"}],"replies":[{"embeddable":true,"href":"https:\/\/appsaf.apieproject.com\/news\/fr\/wp-json\/wp\/v2\/comments?post=21729"}],"version-history":[{"count":1,"href":"https:\/\/appsaf.apieproject.com\/news\/fr\/wp-json\/wp\/v2\/posts\/21729\/revisions"}],"predecessor-version":[{"id":22031,"href":"https:\/\/appsaf.apieproject.com\/news\/fr\/wp-json\/wp\/v2\/posts\/21729\/revisions\/22031"}],"wp:featuredmedia":[{"embeddable":true,"href":"https:\/\/appsaf.apieproject.com\/news\/fr\/wp-json\/wp\/v2\/media\/21726"}],"wp:attachment":[{"href":"https:\/\/appsaf.apieproject.com\/news\/fr\/wp-json\/wp\/v2\/media?parent=21729"}],"wp:term":[{"taxonomy":"category","embeddable":true,"href":"https:\/\/appsaf.apieproject.com\/news\/fr\/wp-json\/wp\/v2\/categories?post=21729"},{"taxonomy":"post_tag","embeddable":true,"href":"https:\/\/appsaf.apieproject.com\/news\/fr\/wp-json\/wp\/v2\/tags?post=21729"}],"curies":[{"name":"wp","href":"https:\/\/api.w.org\/{rel}","templated":true}]}}