{"id":22171,"date":"2022-11-21T13:39:07","date_gmt":"2022-11-21T13:39:07","guid":{"rendered":"https:\/\/appsaf.apieproject.com\/news\/?p=22171"},"modified":"2022-11-21T13:39:09","modified_gmt":"2022-11-21T13:39:09","slug":"prada-sengage-pour-la-formation-mode-en-afrique","status":"publish","type":"post","link":"https:\/\/appsaf.apieproject.com\/news\/fr\/2022\/11\/21\/prada-sengage-pour-la-formation-mode-en-afrique\/","title":{"rendered":"Prada S\u2019Engage Pour La Formation Mode En Afrique"},"content":{"rendered":"<p>\u00ab\u00a0Le projet vise \u00e0 utiliser le pouvoir social et \u00e9conomique de la mode comme v\u00e9hicule pour promouvoir l\u2019\u00e9mancipation f\u00e9minine, la sant\u00e9 sexuelle et reproductive\u00a0\u00bb, explique la maison milanaise. Le programme, d\u2019une dur\u00e9e de six mois, a d\u00e9but\u00e9 en mai aupr\u00e8s de 35 jeunes femmes ghan\u00e9ennes et 15 k\u00e9nyanes \u00ab\u00a0passionn\u00e9es de mode\u00a0\u00bb.<\/p>\n<p>L\u2019objectif est de fournir \u00e0 ces jeunes femmes des connaissances et comp\u00e9tences pratiques, leur facilitant l\u2019acc\u00e8s \u00e0 des stages dans les entreprises locales. Mais aussi de promouvoir \u00ab\u00a0une compr\u00e9hension plus profonde des droits sexuels et reproductifs et de r\u00e9duire la vuln\u00e9rabilit\u00e9 aux in\u00e9galit\u00e9s entre les sexes et aux pratiques de sant\u00e9 potentiellement \u00e0 risque\u00a0\u00bb, indique la griffe dans un communiqu\u00e9.<\/p>\n<p>L&rsquo;UNFPA et le groupe italien ont nou\u00e9 ce partenariat en 2021 et d\u00e9velopp\u00e9 ce programme en collaboration avec des partenaires locaux, dont au Ghana, International Needs, et au Kenya, le gouvernement du comt\u00e9 de Kitui et son Centre textile.<\/p>\n<p>Prada n\u2019est pas la seule \u00e0 s&rsquo;engager sur ce terrain de la formation dans une d\u00e9marche inclusive. Dolce &amp; Gabbana vient d\u2019annoncer pour sa part la cr\u00e9ation de la bourse \u201cDolce&amp;Gabbana Point Scholarship\u201d en partenariat avec la Point Foundation. Cette fondation active aux Etats-Unis soutient financi\u00e8rement les \u00e9tudiants LGBTQ+. La bourse propos\u00e9e par la marque de luxe italienne porte sur le financement de quatre ans d\u2019\u00e9tudes dans la mode au sein d\u2019un coll\u00e8ge ou universit\u00e9 am\u00e9ricains accr\u00e9dit\u00e9s, d\u00e9butant \u00e0 la rentr\u00e9e 2023. Le nom du r\u00e9cipiendaire sera d\u00e9voil\u00e9 en juin.<\/p>\n","protected":false},"excerpt":{"rendered":"<p>Prada affiche son engagement social aupr\u00e8s des femmes. Le groupe italien s\u2019est associ\u00e9 au Fonds des Nations Unies pour la population (UNFPA), c\u2019est-\u00e0-dire l\u2019agence directrice de l&rsquo;ONU en charge des questions de sant\u00e9 sexuelle et reproductive, pour d\u00e9velopper le projet de formation pilote \u00ab\u00a0Fashion Expressions: The Stories She Wears\u00a0\u00bb. Il s\u2019agit selon la marque, du premier programme de formation en mode au Ghana et au Kenya.<\/p>\n","protected":false},"author":12963,"featured_media":22168,"comment_status":"open","ping_status":"open","sticky":false,"template":"","format":"standard","meta":{"footnotes":""},"categories":[57,63],"tags":[78,95,94],"class_list":{"0":"post-22171","1":"post","2":"type-post","3":"status-publish","4":"format-standard","5":"has-post-thumbnail","7":"category-mode","8":"category-mode-de-vie","9":"tag-apie-project-2","10":"tag-mode","11":"tag-mode-de-vie"},"yoast_head":"<!-- This site is optimized with the Yoast SEO plugin v24.4 - https:\/\/yoast.com\/wordpress\/plugins\/seo\/ -->\n<title>Prada S\u2019Engage Pour La Formation Mode En Afrique - APIE NEWS<\/title>\n<meta name=\"robots\" content=\"index, follow, max-snippet:-1, max-image-preview:large, max-video-preview:-1\" \/>\n<link rel=\"canonical\" href=\"https:\/\/appsaf.apieproject.com\/news\/fr\/2022\/11\/21\/prada-sengage-pour-la-formation-mode-en-afrique\/\" \/>\n<meta property=\"og:locale\" content=\"fr_FR\" \/>\n<meta property=\"og:type\" content=\"article\" \/>\n<meta property=\"og:title\" content=\"Prada S\u2019Engage Pour La Formation Mode En Afrique - APIE NEWS\" \/>\n<meta property=\"og:description\" content=\"Prada affiche son engagement social aupr\u00e8s des femmes. Le groupe italien s\u2019est associ\u00e9 au Fonds des Nations Unies pour la population (UNFPA), c\u2019est-\u00e0-dire l\u2019agence directrice de l&#039;ONU en charge des questions de sant\u00e9 sexuelle et reproductive, pour d\u00e9velopper le projet de formation pilote &quot;Fashion Expressions: The Stories She Wears&quot;. Il s\u2019agit selon la marque, du premier programme de formation en mode au Ghana et au Kenya.\" \/>\n<meta property=\"og:url\" content=\"https:\/\/appsaf.apieproject.com\/news\/fr\/2022\/11\/21\/prada-sengage-pour-la-formation-mode-en-afrique\/\" \/>\n<meta property=\"og:site_name\" content=\"APIE NEWS\" \/>\n<meta property=\"article:publisher\" content=\"https:\/\/facebook.com\/apieproject\" \/>\n<meta property=\"article:published_time\" content=\"2022-11-21T13:39:07+00:00\" \/>\n<meta property=\"article:modified_time\" content=\"2022-11-21T13:39:09+00:00\" \/>\n<meta property=\"og:image\" content=\"https:\/\/appsaf.apieproject.com\/news\/wp-content\/uploads\/sites\/29\/2022\/11\/07bc-78c77cca550e277640ef76e0adca0be5.jpeg\" \/>\n\t<meta property=\"og:image:width\" content=\"1000\" \/>\n\t<meta property=\"og:image:height\" content=\"666\" \/>\n\t<meta property=\"og:image:type\" content=\"image\/jpeg\" \/>\n<meta name=\"author\" content=\"staff\" \/>\n<meta name=\"twitter:card\" content=\"summary_large_image\" \/>\n<meta name=\"twitter:creator\" content=\"@apieproject\" \/>\n<meta name=\"twitter:site\" content=\"@apieproject\" \/>\n<meta name=\"twitter:label1\" content=\"\u00c9crit par\" \/>\n\t<meta name=\"twitter:data1\" content=\"staff\" \/>\n\t<meta name=\"twitter:label2\" content=\"Dur\u00e9e de lecture estim\u00e9e\" \/>\n\t<meta name=\"twitter:data2\" content=\"2 minutes\" \/>\n<script type=\"application\/ld+json\" class=\"yoast-schema-graph\">{\"@context\":\"https:\/\/schema.org\",\"@graph\":[{\"@type\":\"Article\",\"@id\":\"https:\/\/appsaf.apieproject.com\/news\/fr\/2022\/11\/21\/prada-sengage-pour-la-formation-mode-en-afrique\/#article\",\"isPartOf\":{\"@id\":\"https:\/\/appsaf.apieproject.com\/news\/fr\/2022\/11\/21\/prada-sengage-pour-la-formation-mode-en-afrique\/\"},\"author\":{\"name\":\"staff\",\"@id\":\"https:\/\/appsaf.apieproject.com\/news\/#\/schema\/person\/399517cac378948cd7b39086f9ddc2a7\"},\"headline\":\"Prada S\u2019Engage Pour La Formation Mode En Afrique\",\"datePublished\":\"2022-11-21T13:39:07+00:00\",\"dateModified\":\"2022-11-21T13:39:09+00:00\",\"mainEntityOfPage\":{\"@id\":\"https:\/\/appsaf.apieproject.com\/news\/fr\/2022\/11\/21\/prada-sengage-pour-la-formation-mode-en-afrique\/\"},\"wordCount\":279,\"commentCount\":0,\"publisher\":{\"@id\":\"https:\/\/appsaf.apieproject.com\/news\/#organization\"},\"image\":{\"@id\":\"https:\/\/appsaf.apieproject.com\/news\/fr\/2022\/11\/21\/prada-sengage-pour-la-formation-mode-en-afrique\/#primaryimage\"},\"thumbnailUrl\":\"https:\/\/appsaf.apieproject.com\/news\/wp-content\/uploads\/sites\/29\/2022\/11\/07bc-78c77cca550e277640ef76e0adca0be5.jpeg\",\"keywords\":[\"apie project\",\"mode\",\"mode de vie\"],\"articleSection\":[\"Mode\",\"Mode de Vie\"],\"inLanguage\":\"fr-FR\",\"potentialAction\":[{\"@type\":\"CommentAction\",\"name\":\"Comment\",\"target\":[\"https:\/\/appsaf.apieproject.com\/news\/fr\/2022\/11\/21\/prada-sengage-pour-la-formation-mode-en-afrique\/#respond\"]}]},{\"@type\":\"WebPage\",\"@id\":\"https:\/\/appsaf.apieproject.com\/news\/fr\/2022\/11\/21\/prada-sengage-pour-la-formation-mode-en-afrique\/\",\"url\":\"https:\/\/appsaf.apieproject.com\/news\/fr\/2022\/11\/21\/prada-sengage-pour-la-formation-mode-en-afrique\/\",\"name\":\"Prada S\u2019Engage Pour La Formation Mode En Afrique - APIE NEWS\",\"isPartOf\":{\"@id\":\"https:\/\/appsaf.apieproject.com\/news\/#website\"},\"primaryImageOfPage\":{\"@id\":\"https:\/\/appsaf.apieproject.com\/news\/fr\/2022\/11\/21\/prada-sengage-pour-la-formation-mode-en-afrique\/#primaryimage\"},\"image\":{\"@id\":\"https:\/\/appsaf.apieproject.com\/news\/fr\/2022\/11\/21\/prada-sengage-pour-la-formation-mode-en-afrique\/#primaryimage\"},\"thumbnailUrl\":\"https:\/\/appsaf.apieproject.com\/news\/wp-content\/uploads\/sites\/29\/2022\/11\/07bc-78c77cca550e277640ef76e0adca0be5.jpeg\",\"datePublished\":\"2022-11-21T13:39:07+00:00\",\"dateModified\":\"2022-11-21T13:39:09+00:00\",\"breadcrumb\":{\"@id\":\"https:\/\/appsaf.apieproject.com\/news\/fr\/2022\/11\/21\/prada-sengage-pour-la-formation-mode-en-afrique\/#breadcrumb\"},\"inLanguage\":\"fr-FR\",\"potentialAction\":[{\"@type\":\"ReadAction\",\"target\":[\"https:\/\/appsaf.apieproject.com\/news\/fr\/2022\/11\/21\/prada-sengage-pour-la-formation-mode-en-afrique\/\"]}]},{\"@type\":\"ImageObject\",\"inLanguage\":\"fr-FR\",\"@id\":\"https:\/\/appsaf.apieproject.com\/news\/fr\/2022\/11\/21\/prada-sengage-pour-la-formation-mode-en-afrique\/#primaryimage\",\"url\":\"https:\/\/appsaf.apieproject.com\/news\/wp-content\/uploads\/sites\/29\/2022\/11\/07bc-78c77cca550e277640ef76e0adca0be5.jpeg\",\"contentUrl\":\"https:\/\/appsaf.apieproject.com\/news\/wp-content\/uploads\/sites\/29\/2022\/11\/07bc-78c77cca550e277640ef76e0adca0be5.jpeg\",\"width\":1000,\"height\":666},{\"@type\":\"BreadcrumbList\",\"@id\":\"https:\/\/appsaf.apieproject.com\/news\/fr\/2022\/11\/21\/prada-sengage-pour-la-formation-mode-en-afrique\/#breadcrumb\",\"itemListElement\":[{\"@type\":\"ListItem\",\"position\":1,\"name\":\"Home\",\"item\":\"https:\/\/appsaf.apieproject.com\/news\/fr\/home\/\"},{\"@type\":\"ListItem\",\"position\":2,\"name\":\"Prada S\u2019Engage Pour La Formation Mode En Afrique\"}]},{\"@type\":\"WebSite\",\"@id\":\"https:\/\/appsaf.apieproject.com\/news\/#website\",\"url\":\"https:\/\/appsaf.apieproject.com\/news\/\",\"name\":\"APIE NEWS\",\"description\":\"PANAFRICANISM NEWS PORTAL\",\"publisher\":{\"@id\":\"https:\/\/appsaf.apieproject.com\/news\/#organization\"},\"potentialAction\":[{\"@type\":\"SearchAction\",\"target\":{\"@type\":\"EntryPoint\",\"urlTemplate\":\"https:\/\/appsaf.apieproject.com\/news\/?s={search_term_string}\"},\"query-input\":{\"@type\":\"PropertyValueSpecification\",\"valueRequired\":true,\"valueName\":\"search_term_string\"}}],\"inLanguage\":\"fr-FR\"},{\"@type\":\"Organization\",\"@id\":\"https:\/\/appsaf.apieproject.com\/news\/#organization\",\"name\":\"APIE PROJECT\",\"url\":\"https:\/\/appsaf.apieproject.com\/news\/\",\"logo\":{\"@type\":\"ImageObject\",\"inLanguage\":\"fr-FR\",\"@id\":\"https:\/\/appsaf.apieproject.com\/news\/#\/schema\/logo\/image\/\",\"url\":\"https:\/\/appsaf.apieproject.com\/news\/wp-content\/uploads\/sites\/29\/2022\/07\/logo-R-TransparentBackground.png\",\"contentUrl\":\"https:\/\/appsaf.apieproject.com\/news\/wp-content\/uploads\/sites\/29\/2022\/07\/logo-R-TransparentBackground.png\",\"width\":512,\"height\":512,\"caption\":\"APIE PROJECT\"},\"image\":{\"@id\":\"https:\/\/appsaf.apieproject.com\/news\/#\/schema\/logo\/image\/\"},\"sameAs\":[\"https:\/\/facebook.com\/apieproject\",\"https:\/\/x.com\/apieproject\"]},{\"@type\":\"Person\",\"@id\":\"https:\/\/appsaf.apieproject.com\/news\/#\/schema\/person\/399517cac378948cd7b39086f9ddc2a7\",\"name\":\"staff\",\"image\":{\"@type\":\"ImageObject\",\"inLanguage\":\"fr-FR\",\"@id\":\"https:\/\/appsaf.apieproject.com\/news\/#\/schema\/person\/image\/\",\"url\":\"https:\/\/secure.gravatar.com\/avatar\/5386283c5db150efe261184bd59f072a?s=96&d=mm&r=g\",\"contentUrl\":\"https:\/\/secure.gravatar.com\/avatar\/5386283c5db150efe261184bd59f072a?s=96&d=mm&r=g\",\"caption\":\"staff\"},\"url\":\"https:\/\/appsaf.apieproject.com\/news\/fr\/author\/staff\/\"}]}<\/script>\n<!-- \/ Yoast SEO plugin. -->","yoast_head_json":{"title":"Prada S\u2019Engage Pour La Formation Mode En Afrique - APIE NEWS","robots":{"index":"index","follow":"follow","max-snippet":"max-snippet:-1","max-image-preview":"max-image-preview:large","max-video-preview":"max-video-preview:-1"},"canonical":"https:\/\/appsaf.apieproject.com\/news\/fr\/2022\/11\/21\/prada-sengage-pour-la-formation-mode-en-afrique\/","og_locale":"fr_FR","og_type":"article","og_title":"Prada S\u2019Engage Pour La Formation Mode En Afrique - APIE NEWS","og_description":"Prada affiche son engagement social aupr\u00e8s des femmes. Le groupe italien s\u2019est associ\u00e9 au Fonds des Nations Unies pour la population (UNFPA), c\u2019est-\u00e0-dire l\u2019agence directrice de l'ONU en charge des questions de sant\u00e9 sexuelle et reproductive, pour d\u00e9velopper le projet de formation pilote \"Fashion Expressions: The Stories She Wears\". Il s\u2019agit selon la marque, du premier programme de formation en mode au Ghana et au Kenya.","og_url":"https:\/\/appsaf.apieproject.com\/news\/fr\/2022\/11\/21\/prada-sengage-pour-la-formation-mode-en-afrique\/","og_site_name":"APIE NEWS","article_publisher":"https:\/\/facebook.com\/apieproject","article_published_time":"2022-11-21T13:39:07+00:00","article_modified_time":"2022-11-21T13:39:09+00:00","og_image":[{"width":1000,"height":666,"url":"https:\/\/appsaf.apieproject.com\/news\/wp-content\/uploads\/sites\/29\/2022\/11\/07bc-78c77cca550e277640ef76e0adca0be5.jpeg","type":"image\/jpeg"}],"author":"staff","twitter_card":"summary_large_image","twitter_creator":"@apieproject","twitter_site":"@apieproject","twitter_misc":{"\u00c9crit par":"staff","Dur\u00e9e de lecture estim\u00e9e":"2 minutes"},"schema":{"@context":"https:\/\/schema.org","@graph":[{"@type":"Article","@id":"https:\/\/appsaf.apieproject.com\/news\/fr\/2022\/11\/21\/prada-sengage-pour-la-formation-mode-en-afrique\/#article","isPartOf":{"@id":"https:\/\/appsaf.apieproject.com\/news\/fr\/2022\/11\/21\/prada-sengage-pour-la-formation-mode-en-afrique\/"},"author":{"name":"staff","@id":"https:\/\/appsaf.apieproject.com\/news\/#\/schema\/person\/399517cac378948cd7b39086f9ddc2a7"},"headline":"Prada S\u2019Engage Pour La Formation Mode En Afrique","datePublished":"2022-11-21T13:39:07+00:00","dateModified":"2022-11-21T13:39:09+00:00","mainEntityOfPage":{"@id":"https:\/\/appsaf.apieproject.com\/news\/fr\/2022\/11\/21\/prada-sengage-pour-la-formation-mode-en-afrique\/"},"wordCount":279,"commentCount":0,"publisher":{"@id":"https:\/\/appsaf.apieproject.com\/news\/#organization"},"image":{"@id":"https:\/\/appsaf.apieproject.com\/news\/fr\/2022\/11\/21\/prada-sengage-pour-la-formation-mode-en-afrique\/#primaryimage"},"thumbnailUrl":"https:\/\/appsaf.apieproject.com\/news\/wp-content\/uploads\/sites\/29\/2022\/11\/07bc-78c77cca550e277640ef76e0adca0be5.jpeg","keywords":["apie project","mode","mode de vie"],"articleSection":["Mode","Mode de Vie"],"inLanguage":"fr-FR","potentialAction":[{"@type":"CommentAction","name":"Comment","target":["https:\/\/appsaf.apieproject.com\/news\/fr\/2022\/11\/21\/prada-sengage-pour-la-formation-mode-en-afrique\/#respond"]}]},{"@type":"WebPage","@id":"https:\/\/appsaf.apieproject.com\/news\/fr\/2022\/11\/21\/prada-sengage-pour-la-formation-mode-en-afrique\/","url":"https:\/\/appsaf.apieproject.com\/news\/fr\/2022\/11\/21\/prada-sengage-pour-la-formation-mode-en-afrique\/","name":"Prada S\u2019Engage Pour La Formation Mode En Afrique - APIE NEWS","isPartOf":{"@id":"https:\/\/appsaf.apieproject.com\/news\/#website"},"primaryImageOfPage":{"@id":"https:\/\/appsaf.apieproject.com\/news\/fr\/2022\/11\/21\/prada-sengage-pour-la-formation-mode-en-afrique\/#primaryimage"},"image":{"@id":"https:\/\/appsaf.apieproject.com\/news\/fr\/2022\/11\/21\/prada-sengage-pour-la-formation-mode-en-afrique\/#primaryimage"},"thumbnailUrl":"https:\/\/appsaf.apieproject.com\/news\/wp-content\/uploads\/sites\/29\/2022\/11\/07bc-78c77cca550e277640ef76e0adca0be5.jpeg","datePublished":"2022-11-21T13:39:07+00:00","dateModified":"2022-11-21T13:39:09+00:00","breadcrumb":{"@id":"https:\/\/appsaf.apieproject.com\/news\/fr\/2022\/11\/21\/prada-sengage-pour-la-formation-mode-en-afrique\/#breadcrumb"},"inLanguage":"fr-FR","potentialAction":[{"@type":"ReadAction","target":["https:\/\/appsaf.apieproject.com\/news\/fr\/2022\/11\/21\/prada-sengage-pour-la-formation-mode-en-afrique\/"]}]},{"@type":"ImageObject","inLanguage":"fr-FR","@id":"https:\/\/appsaf.apieproject.com\/news\/fr\/2022\/11\/21\/prada-sengage-pour-la-formation-mode-en-afrique\/#primaryimage","url":"https:\/\/appsaf.apieproject.com\/news\/wp-content\/uploads\/sites\/29\/2022\/11\/07bc-78c77cca550e277640ef76e0adca0be5.jpeg","contentUrl":"https:\/\/appsaf.apieproject.com\/news\/wp-content\/uploads\/sites\/29\/2022\/11\/07bc-78c77cca550e277640ef76e0adca0be5.jpeg","width":1000,"height":666},{"@type":"BreadcrumbList","@id":"https:\/\/appsaf.apieproject.com\/news\/fr\/2022\/11\/21\/prada-sengage-pour-la-formation-mode-en-afrique\/#breadcrumb","itemListElement":[{"@type":"ListItem","position":1,"name":"Home","item":"https:\/\/appsaf.apieproject.com\/news\/fr\/home\/"},{"@type":"ListItem","position":2,"name":"Prada S\u2019Engage Pour La Formation Mode En Afrique"}]},{"@type":"WebSite","@id":"https:\/\/appsaf.apieproject.com\/news\/#website","url":"https:\/\/appsaf.apieproject.com\/news\/","name":"APIE NEWS","description":"PANAFRICANISM NEWS PORTAL","publisher":{"@id":"https:\/\/appsaf.apieproject.com\/news\/#organization"},"potentialAction":[{"@type":"SearchAction","target":{"@type":"EntryPoint","urlTemplate":"https:\/\/appsaf.apieproject.com\/news\/?s={search_term_string}"},"query-input":{"@type":"PropertyValueSpecification","valueRequired":true,"valueName":"search_term_string"}}],"inLanguage":"fr-FR"},{"@type":"Organization","@id":"https:\/\/appsaf.apieproject.com\/news\/#organization","name":"APIE PROJECT","url":"https:\/\/appsaf.apieproject.com\/news\/","logo":{"@type":"ImageObject","inLanguage":"fr-FR","@id":"https:\/\/appsaf.apieproject.com\/news\/#\/schema\/logo\/image\/","url":"https:\/\/appsaf.apieproject.com\/news\/wp-content\/uploads\/sites\/29\/2022\/07\/logo-R-TransparentBackground.png","contentUrl":"https:\/\/appsaf.apieproject.com\/news\/wp-content\/uploads\/sites\/29\/2022\/07\/logo-R-TransparentBackground.png","width":512,"height":512,"caption":"APIE PROJECT"},"image":{"@id":"https:\/\/appsaf.apieproject.com\/news\/#\/schema\/logo\/image\/"},"sameAs":["https:\/\/facebook.com\/apieproject","https:\/\/x.com\/apieproject"]},{"@type":"Person","@id":"https:\/\/appsaf.apieproject.com\/news\/#\/schema\/person\/399517cac378948cd7b39086f9ddc2a7","name":"staff","image":{"@type":"ImageObject","inLanguage":"fr-FR","@id":"https:\/\/appsaf.apieproject.com\/news\/#\/schema\/person\/image\/","url":"https:\/\/secure.gravatar.com\/avatar\/5386283c5db150efe261184bd59f072a?s=96&d=mm&r=g","contentUrl":"https:\/\/secure.gravatar.com\/avatar\/5386283c5db150efe261184bd59f072a?s=96&d=mm&r=g","caption":"staff"},"url":"https:\/\/appsaf.apieproject.com\/news\/fr\/author\/staff\/"}]}},"_links":{"self":[{"href":"https:\/\/appsaf.apieproject.com\/news\/fr\/wp-json\/wp\/v2\/posts\/22171","targetHints":{"allow":["GET"]}}],"collection":[{"href":"https:\/\/appsaf.apieproject.com\/news\/fr\/wp-json\/wp\/v2\/posts"}],"about":[{"href":"https:\/\/appsaf.apieproject.com\/news\/fr\/wp-json\/wp\/v2\/types\/post"}],"author":[{"embeddable":true,"href":"https:\/\/appsaf.apieproject.com\/news\/fr\/wp-json\/wp\/v2\/users\/12963"}],"replies":[{"embeddable":true,"href":"https:\/\/appsaf.apieproject.com\/news\/fr\/wp-json\/wp\/v2\/comments?post=22171"}],"version-history":[{"count":1,"href":"https:\/\/appsaf.apieproject.com\/news\/fr\/wp-json\/wp\/v2\/posts\/22171\/revisions"}],"predecessor-version":[{"id":22345,"href":"https:\/\/appsaf.apieproject.com\/news\/fr\/wp-json\/wp\/v2\/posts\/22171\/revisions\/22345"}],"wp:featuredmedia":[{"embeddable":true,"href":"https:\/\/appsaf.apieproject.com\/news\/fr\/wp-json\/wp\/v2\/media\/22168"}],"wp:attachment":[{"href":"https:\/\/appsaf.apieproject.com\/news\/fr\/wp-json\/wp\/v2\/media?parent=22171"}],"wp:term":[{"taxonomy":"category","embeddable":true,"href":"https:\/\/appsaf.apieproject.com\/news\/fr\/wp-json\/wp\/v2\/categories?post=22171"},{"taxonomy":"post_tag","embeddable":true,"href":"https:\/\/appsaf.apieproject.com\/news\/fr\/wp-json\/wp\/v2\/tags?post=22171"}],"curies":[{"name":"wp","href":"https:\/\/api.w.org\/{rel}","templated":true}]}}