{"id":22764,"date":"2022-12-09T20:57:07","date_gmt":"2022-12-09T20:57:07","guid":{"rendered":"https:\/\/appsaf.apieproject.com\/news\/?p=22764"},"modified":"2022-12-09T20:57:08","modified_gmt":"2022-12-09T20:57:08","slug":"le-pr-algerien-mohamed-hichem-kara-elu-a-lacademie-africaine-des-sciences","status":"publish","type":"post","link":"https:\/\/appsaf.apieproject.com\/news\/fr\/2022\/12\/09\/le-pr-algerien-mohamed-hichem-kara-elu-a-lacademie-africaine-des-sciences\/","title":{"rendered":"Le Pr Alg\u00e9rien Mohamed Hichem Kara \u00c9lu \u00c0 L&rsquo;Acad\u00e9mie Africaine Des Sciences"},"content":{"rendered":"<p>Le Professeur Kara, membre fondateur et vice-pr\u00e9sident de l&rsquo;Acad\u00e9mie alg\u00e9rienne des sciences et des technologies, \u00ab\u00a0sera re\u00e7u et intronis\u00e9 au sein de cette institution le 8 d\u00e9cembre 2022 \u00e0 l&rsquo;occasion de sa 14e Assembl\u00e9e g\u00e9n\u00e9rale et du Forum mondial de la science qui se tiendront du 4 au 9 d\u00e9cembre 2022 \u00e0 Cape Town en Afrique du Sud\u00a0\u00bb.<\/p>\n<p>L&rsquo;Acad\u00e9mie africaine des sciences a pour objectif fondamental d&rsquo;am\u00e9liorer la qualit\u00e9 de vie sur le continent africain \u00e0 travers l&rsquo;int\u00e9gration des connaissances et des progr\u00e8s scientifiques.<\/p>\n<p>Les membres de l&rsquo;Acad\u00e9mie africaine des sciences, dont le si\u00e8ge est situ\u00e9 \u00e0 Nairobi au Kenya, \u00ab\u00a0sont \u00e9lus \u00e0 vie parmi des scientifiques africains actifs r\u00e9sidant en Afrique ou ailleurs et qui ont atteint les normes internationales les plus \u00e9lev\u00e9es et\/ou qui ont apport\u00e9 des contributions significatives au d\u00e9veloppement et \u00e0 l&rsquo;application de la science, de la technologie et de l&rsquo;innovation en Afrique\u00a0\u00bb, rappelle la m\u00eame source.<\/p>\n","protected":false},"excerpt":{"rendered":"<p>Le Professeur Mohamed Hichem Kara, biologiste oc\u00e9anographe \u00e0 l&rsquo;Universit\u00e9 d&rsquo;Annaba, a \u00e9t\u00e9 \u00e9lu membre \u00e0 l&rsquo;Acad\u00e9mie africaine des sciences, indique mardi cette institution dans un communiqu\u00e9.<\/p>\n","protected":false},"author":13112,"featured_media":22761,"comment_status":"open","ping_status":"open","sticky":false,"template":"","format":"standard","meta":{"footnotes":""},"categories":[67,73],"tags":[81,78,77],"class_list":{"0":"post-22764","1":"post","2":"type-post","3":"status-publish","4":"format-standard","5":"has-post-thumbnail","7":"category-actualites","8":"category-technologie","9":"tag-actualites","10":"tag-apie-project-2","11":"tag-technologie"},"yoast_head":"<!-- This site is optimized with the Yoast SEO plugin v24.4 - https:\/\/yoast.com\/wordpress\/plugins\/seo\/ -->\n<title>Le Pr Alg\u00e9rien Mohamed Hichem Kara \u00c9lu \u00c0 L&#039;Acad\u00e9mie Africaine Des Sciences - APIE NEWS<\/title>\n<meta name=\"robots\" content=\"index, follow, max-snippet:-1, max-image-preview:large, max-video-preview:-1\" \/>\n<link rel=\"canonical\" href=\"https:\/\/appsaf.apieproject.com\/news\/fr\/2022\/12\/09\/le-pr-algerien-mohamed-hichem-kara-elu-a-lacademie-africaine-des-sciences\/\" \/>\n<meta property=\"og:locale\" content=\"fr_FR\" \/>\n<meta property=\"og:type\" content=\"article\" \/>\n<meta property=\"og:title\" content=\"Le Pr Alg\u00e9rien Mohamed Hichem Kara \u00c9lu \u00c0 L&#039;Acad\u00e9mie Africaine Des Sciences - APIE NEWS\" \/>\n<meta property=\"og:description\" content=\"Le Professeur Mohamed Hichem Kara, biologiste oc\u00e9anographe \u00e0 l&#039;Universit\u00e9 d&#039;Annaba, a \u00e9t\u00e9 \u00e9lu membre \u00e0 l&#039;Acad\u00e9mie africaine des sciences, indique mardi cette institution dans un communiqu\u00e9.\" \/>\n<meta property=\"og:url\" content=\"https:\/\/appsaf.apieproject.com\/news\/fr\/2022\/12\/09\/le-pr-algerien-mohamed-hichem-kara-elu-a-lacademie-africaine-des-sciences\/\" \/>\n<meta property=\"og:site_name\" content=\"APIE NEWS\" \/>\n<meta property=\"article:publisher\" content=\"https:\/\/facebook.com\/apieproject\" \/>\n<meta property=\"article:published_time\" content=\"2022-12-09T20:57:07+00:00\" \/>\n<meta property=\"article:modified_time\" content=\"2022-12-09T20:57:08+00:00\" \/>\n<meta property=\"og:image\" content=\"https:\/\/appsaf.apieproject.com\/news\/wp-content\/uploads\/sites\/29\/2022\/11\/8404a8ad1b64a3030a42d6517a118c4e_M-0641bae5faea8edf5f7cc6534a30cf00.jpg\" \/>\n\t<meta property=\"og:image:width\" content=\"580\" \/>\n\t<meta property=\"og:image:height\" content=\"350\" \/>\n\t<meta property=\"og:image:type\" content=\"image\/jpeg\" \/>\n<meta name=\"author\" content=\"guyetom\" \/>\n<meta name=\"twitter:card\" content=\"summary_large_image\" \/>\n<meta name=\"twitter:creator\" content=\"@apieproject\" \/>\n<meta name=\"twitter:site\" content=\"@apieproject\" \/>\n<meta name=\"twitter:label1\" content=\"\u00c9crit par\" \/>\n\t<meta name=\"twitter:data1\" content=\"guyetom\" \/>\n\t<meta name=\"twitter:label2\" content=\"Dur\u00e9e de lecture estim\u00e9e\" \/>\n\t<meta name=\"twitter:data2\" content=\"1 minute\" \/>\n<script type=\"application\/ld+json\" class=\"yoast-schema-graph\">{\"@context\":\"https:\/\/schema.org\",\"@graph\":[{\"@type\":\"Article\",\"@id\":\"https:\/\/appsaf.apieproject.com\/news\/fr\/2022\/12\/09\/le-pr-algerien-mohamed-hichem-kara-elu-a-lacademie-africaine-des-sciences\/#article\",\"isPartOf\":{\"@id\":\"https:\/\/appsaf.apieproject.com\/news\/fr\/2022\/12\/09\/le-pr-algerien-mohamed-hichem-kara-elu-a-lacademie-africaine-des-sciences\/\"},\"author\":{\"name\":\"guyetom\",\"@id\":\"https:\/\/appsaf.apieproject.com\/news\/#\/schema\/person\/94d8f4e561b283d434da551498c8cb39\"},\"headline\":\"Le Pr Alg\u00e9rien Mohamed Hichem Kara \u00c9lu \u00c0 L&rsquo;Acad\u00e9mie Africaine Des Sciences\",\"datePublished\":\"2022-12-09T20:57:07+00:00\",\"dateModified\":\"2022-12-09T20:57:08+00:00\",\"mainEntityOfPage\":{\"@id\":\"https:\/\/appsaf.apieproject.com\/news\/fr\/2022\/12\/09\/le-pr-algerien-mohamed-hichem-kara-elu-a-lacademie-africaine-des-sciences\/\"},\"wordCount\":182,\"commentCount\":0,\"publisher\":{\"@id\":\"https:\/\/appsaf.apieproject.com\/news\/#organization\"},\"image\":{\"@id\":\"https:\/\/appsaf.apieproject.com\/news\/fr\/2022\/12\/09\/le-pr-algerien-mohamed-hichem-kara-elu-a-lacademie-africaine-des-sciences\/#primaryimage\"},\"thumbnailUrl\":\"https:\/\/appsaf.apieproject.com\/news\/wp-content\/uploads\/sites\/29\/2022\/11\/8404a8ad1b64a3030a42d6517a118c4e_M-0641bae5faea8edf5f7cc6534a30cf00.jpg\",\"keywords\":[\"actualites\",\"apie project\",\"technologie\"],\"articleSection\":[\"Actualit\u00e9s\",\"Technologie\"],\"inLanguage\":\"fr-FR\",\"potentialAction\":[{\"@type\":\"CommentAction\",\"name\":\"Comment\",\"target\":[\"https:\/\/appsaf.apieproject.com\/news\/fr\/2022\/12\/09\/le-pr-algerien-mohamed-hichem-kara-elu-a-lacademie-africaine-des-sciences\/#respond\"]}]},{\"@type\":\"WebPage\",\"@id\":\"https:\/\/appsaf.apieproject.com\/news\/fr\/2022\/12\/09\/le-pr-algerien-mohamed-hichem-kara-elu-a-lacademie-africaine-des-sciences\/\",\"url\":\"https:\/\/appsaf.apieproject.com\/news\/fr\/2022\/12\/09\/le-pr-algerien-mohamed-hichem-kara-elu-a-lacademie-africaine-des-sciences\/\",\"name\":\"Le Pr Alg\u00e9rien Mohamed Hichem Kara \u00c9lu \u00c0 L'Acad\u00e9mie Africaine Des Sciences - APIE NEWS\",\"isPartOf\":{\"@id\":\"https:\/\/appsaf.apieproject.com\/news\/#website\"},\"primaryImageOfPage\":{\"@id\":\"https:\/\/appsaf.apieproject.com\/news\/fr\/2022\/12\/09\/le-pr-algerien-mohamed-hichem-kara-elu-a-lacademie-africaine-des-sciences\/#primaryimage\"},\"image\":{\"@id\":\"https:\/\/appsaf.apieproject.com\/news\/fr\/2022\/12\/09\/le-pr-algerien-mohamed-hichem-kara-elu-a-lacademie-africaine-des-sciences\/#primaryimage\"},\"thumbnailUrl\":\"https:\/\/appsaf.apieproject.com\/news\/wp-content\/uploads\/sites\/29\/2022\/11\/8404a8ad1b64a3030a42d6517a118c4e_M-0641bae5faea8edf5f7cc6534a30cf00.jpg\",\"datePublished\":\"2022-12-09T20:57:07+00:00\",\"dateModified\":\"2022-12-09T20:57:08+00:00\",\"breadcrumb\":{\"@id\":\"https:\/\/appsaf.apieproject.com\/news\/fr\/2022\/12\/09\/le-pr-algerien-mohamed-hichem-kara-elu-a-lacademie-africaine-des-sciences\/#breadcrumb\"},\"inLanguage\":\"fr-FR\",\"potentialAction\":[{\"@type\":\"ReadAction\",\"target\":[\"https:\/\/appsaf.apieproject.com\/news\/fr\/2022\/12\/09\/le-pr-algerien-mohamed-hichem-kara-elu-a-lacademie-africaine-des-sciences\/\"]}]},{\"@type\":\"ImageObject\",\"inLanguage\":\"fr-FR\",\"@id\":\"https:\/\/appsaf.apieproject.com\/news\/fr\/2022\/12\/09\/le-pr-algerien-mohamed-hichem-kara-elu-a-lacademie-africaine-des-sciences\/#primaryimage\",\"url\":\"https:\/\/appsaf.apieproject.com\/news\/wp-content\/uploads\/sites\/29\/2022\/11\/8404a8ad1b64a3030a42d6517a118c4e_M-0641bae5faea8edf5f7cc6534a30cf00.jpg\",\"contentUrl\":\"https:\/\/appsaf.apieproject.com\/news\/wp-content\/uploads\/sites\/29\/2022\/11\/8404a8ad1b64a3030a42d6517a118c4e_M-0641bae5faea8edf5f7cc6534a30cf00.jpg\",\"width\":580,\"height\":350},{\"@type\":\"BreadcrumbList\",\"@id\":\"https:\/\/appsaf.apieproject.com\/news\/fr\/2022\/12\/09\/le-pr-algerien-mohamed-hichem-kara-elu-a-lacademie-africaine-des-sciences\/#breadcrumb\",\"itemListElement\":[{\"@type\":\"ListItem\",\"position\":1,\"name\":\"Home\",\"item\":\"https:\/\/appsaf.apieproject.com\/news\/fr\/home\/\"},{\"@type\":\"ListItem\",\"position\":2,\"name\":\"Le Pr Alg\u00e9rien Mohamed Hichem Kara \u00c9lu \u00c0 L&#8217;Acad\u00e9mie Africaine Des Sciences\"}]},{\"@type\":\"WebSite\",\"@id\":\"https:\/\/appsaf.apieproject.com\/news\/#website\",\"url\":\"https:\/\/appsaf.apieproject.com\/news\/\",\"name\":\"APIE NEWS\",\"description\":\"PANAFRICANISM NEWS PORTAL\",\"publisher\":{\"@id\":\"https:\/\/appsaf.apieproject.com\/news\/#organization\"},\"potentialAction\":[{\"@type\":\"SearchAction\",\"target\":{\"@type\":\"EntryPoint\",\"urlTemplate\":\"https:\/\/appsaf.apieproject.com\/news\/?s={search_term_string}\"},\"query-input\":{\"@type\":\"PropertyValueSpecification\",\"valueRequired\":true,\"valueName\":\"search_term_string\"}}],\"inLanguage\":\"fr-FR\"},{\"@type\":\"Organization\",\"@id\":\"https:\/\/appsaf.apieproject.com\/news\/#organization\",\"name\":\"APIE PROJECT\",\"url\":\"https:\/\/appsaf.apieproject.com\/news\/\",\"logo\":{\"@type\":\"ImageObject\",\"inLanguage\":\"fr-FR\",\"@id\":\"https:\/\/appsaf.apieproject.com\/news\/#\/schema\/logo\/image\/\",\"url\":\"https:\/\/appsaf.apieproject.com\/news\/wp-content\/uploads\/sites\/29\/2022\/07\/logo-R-TransparentBackground.png\",\"contentUrl\":\"https:\/\/appsaf.apieproject.com\/news\/wp-content\/uploads\/sites\/29\/2022\/07\/logo-R-TransparentBackground.png\",\"width\":512,\"height\":512,\"caption\":\"APIE PROJECT\"},\"image\":{\"@id\":\"https:\/\/appsaf.apieproject.com\/news\/#\/schema\/logo\/image\/\"},\"sameAs\":[\"https:\/\/facebook.com\/apieproject\",\"https:\/\/x.com\/apieproject\"]},{\"@type\":\"Person\",\"@id\":\"https:\/\/appsaf.apieproject.com\/news\/#\/schema\/person\/94d8f4e561b283d434da551498c8cb39\",\"name\":\"guyetom\",\"image\":{\"@type\":\"ImageObject\",\"inLanguage\":\"fr-FR\",\"@id\":\"https:\/\/appsaf.apieproject.com\/news\/#\/schema\/person\/image\/\",\"url\":\"https:\/\/secure.gravatar.com\/avatar\/f36d884530ee45302c1f7eadb3f86562?s=96&d=mm&r=g\",\"contentUrl\":\"https:\/\/secure.gravatar.com\/avatar\/f36d884530ee45302c1f7eadb3f86562?s=96&d=mm&r=g\",\"caption\":\"guyetom\"},\"url\":\"https:\/\/appsaf.apieproject.com\/news\/fr\/author\/guyetom\/\"}]}<\/script>\n<!-- \/ Yoast SEO plugin. -->","yoast_head_json":{"title":"Le Pr Alg\u00e9rien Mohamed Hichem Kara \u00c9lu \u00c0 L'Acad\u00e9mie Africaine Des Sciences - APIE NEWS","robots":{"index":"index","follow":"follow","max-snippet":"max-snippet:-1","max-image-preview":"max-image-preview:large","max-video-preview":"max-video-preview:-1"},"canonical":"https:\/\/appsaf.apieproject.com\/news\/fr\/2022\/12\/09\/le-pr-algerien-mohamed-hichem-kara-elu-a-lacademie-africaine-des-sciences\/","og_locale":"fr_FR","og_type":"article","og_title":"Le Pr Alg\u00e9rien Mohamed Hichem Kara \u00c9lu \u00c0 L'Acad\u00e9mie Africaine Des Sciences - APIE NEWS","og_description":"Le Professeur Mohamed Hichem Kara, biologiste oc\u00e9anographe \u00e0 l'Universit\u00e9 d'Annaba, a \u00e9t\u00e9 \u00e9lu membre \u00e0 l'Acad\u00e9mie africaine des sciences, indique mardi cette institution dans un communiqu\u00e9.","og_url":"https:\/\/appsaf.apieproject.com\/news\/fr\/2022\/12\/09\/le-pr-algerien-mohamed-hichem-kara-elu-a-lacademie-africaine-des-sciences\/","og_site_name":"APIE NEWS","article_publisher":"https:\/\/facebook.com\/apieproject","article_published_time":"2022-12-09T20:57:07+00:00","article_modified_time":"2022-12-09T20:57:08+00:00","og_image":[{"width":580,"height":350,"url":"https:\/\/appsaf.apieproject.com\/news\/wp-content\/uploads\/sites\/29\/2022\/11\/8404a8ad1b64a3030a42d6517a118c4e_M-0641bae5faea8edf5f7cc6534a30cf00.jpg","type":"image\/jpeg"}],"author":"guyetom","twitter_card":"summary_large_image","twitter_creator":"@apieproject","twitter_site":"@apieproject","twitter_misc":{"\u00c9crit par":"guyetom","Dur\u00e9e de lecture estim\u00e9e":"1 minute"},"schema":{"@context":"https:\/\/schema.org","@graph":[{"@type":"Article","@id":"https:\/\/appsaf.apieproject.com\/news\/fr\/2022\/12\/09\/le-pr-algerien-mohamed-hichem-kara-elu-a-lacademie-africaine-des-sciences\/#article","isPartOf":{"@id":"https:\/\/appsaf.apieproject.com\/news\/fr\/2022\/12\/09\/le-pr-algerien-mohamed-hichem-kara-elu-a-lacademie-africaine-des-sciences\/"},"author":{"name":"guyetom","@id":"https:\/\/appsaf.apieproject.com\/news\/#\/schema\/person\/94d8f4e561b283d434da551498c8cb39"},"headline":"Le Pr Alg\u00e9rien Mohamed Hichem Kara \u00c9lu \u00c0 L&rsquo;Acad\u00e9mie Africaine Des Sciences","datePublished":"2022-12-09T20:57:07+00:00","dateModified":"2022-12-09T20:57:08+00:00","mainEntityOfPage":{"@id":"https:\/\/appsaf.apieproject.com\/news\/fr\/2022\/12\/09\/le-pr-algerien-mohamed-hichem-kara-elu-a-lacademie-africaine-des-sciences\/"},"wordCount":182,"commentCount":0,"publisher":{"@id":"https:\/\/appsaf.apieproject.com\/news\/#organization"},"image":{"@id":"https:\/\/appsaf.apieproject.com\/news\/fr\/2022\/12\/09\/le-pr-algerien-mohamed-hichem-kara-elu-a-lacademie-africaine-des-sciences\/#primaryimage"},"thumbnailUrl":"https:\/\/appsaf.apieproject.com\/news\/wp-content\/uploads\/sites\/29\/2022\/11\/8404a8ad1b64a3030a42d6517a118c4e_M-0641bae5faea8edf5f7cc6534a30cf00.jpg","keywords":["actualites","apie project","technologie"],"articleSection":["Actualit\u00e9s","Technologie"],"inLanguage":"fr-FR","potentialAction":[{"@type":"CommentAction","name":"Comment","target":["https:\/\/appsaf.apieproject.com\/news\/fr\/2022\/12\/09\/le-pr-algerien-mohamed-hichem-kara-elu-a-lacademie-africaine-des-sciences\/#respond"]}]},{"@type":"WebPage","@id":"https:\/\/appsaf.apieproject.com\/news\/fr\/2022\/12\/09\/le-pr-algerien-mohamed-hichem-kara-elu-a-lacademie-africaine-des-sciences\/","url":"https:\/\/appsaf.apieproject.com\/news\/fr\/2022\/12\/09\/le-pr-algerien-mohamed-hichem-kara-elu-a-lacademie-africaine-des-sciences\/","name":"Le Pr Alg\u00e9rien Mohamed Hichem Kara \u00c9lu \u00c0 L'Acad\u00e9mie Africaine Des Sciences - APIE NEWS","isPartOf":{"@id":"https:\/\/appsaf.apieproject.com\/news\/#website"},"primaryImageOfPage":{"@id":"https:\/\/appsaf.apieproject.com\/news\/fr\/2022\/12\/09\/le-pr-algerien-mohamed-hichem-kara-elu-a-lacademie-africaine-des-sciences\/#primaryimage"},"image":{"@id":"https:\/\/appsaf.apieproject.com\/news\/fr\/2022\/12\/09\/le-pr-algerien-mohamed-hichem-kara-elu-a-lacademie-africaine-des-sciences\/#primaryimage"},"thumbnailUrl":"https:\/\/appsaf.apieproject.com\/news\/wp-content\/uploads\/sites\/29\/2022\/11\/8404a8ad1b64a3030a42d6517a118c4e_M-0641bae5faea8edf5f7cc6534a30cf00.jpg","datePublished":"2022-12-09T20:57:07+00:00","dateModified":"2022-12-09T20:57:08+00:00","breadcrumb":{"@id":"https:\/\/appsaf.apieproject.com\/news\/fr\/2022\/12\/09\/le-pr-algerien-mohamed-hichem-kara-elu-a-lacademie-africaine-des-sciences\/#breadcrumb"},"inLanguage":"fr-FR","potentialAction":[{"@type":"ReadAction","target":["https:\/\/appsaf.apieproject.com\/news\/fr\/2022\/12\/09\/le-pr-algerien-mohamed-hichem-kara-elu-a-lacademie-africaine-des-sciences\/"]}]},{"@type":"ImageObject","inLanguage":"fr-FR","@id":"https:\/\/appsaf.apieproject.com\/news\/fr\/2022\/12\/09\/le-pr-algerien-mohamed-hichem-kara-elu-a-lacademie-africaine-des-sciences\/#primaryimage","url":"https:\/\/appsaf.apieproject.com\/news\/wp-content\/uploads\/sites\/29\/2022\/11\/8404a8ad1b64a3030a42d6517a118c4e_M-0641bae5faea8edf5f7cc6534a30cf00.jpg","contentUrl":"https:\/\/appsaf.apieproject.com\/news\/wp-content\/uploads\/sites\/29\/2022\/11\/8404a8ad1b64a3030a42d6517a118c4e_M-0641bae5faea8edf5f7cc6534a30cf00.jpg","width":580,"height":350},{"@type":"BreadcrumbList","@id":"https:\/\/appsaf.apieproject.com\/news\/fr\/2022\/12\/09\/le-pr-algerien-mohamed-hichem-kara-elu-a-lacademie-africaine-des-sciences\/#breadcrumb","itemListElement":[{"@type":"ListItem","position":1,"name":"Home","item":"https:\/\/appsaf.apieproject.com\/news\/fr\/home\/"},{"@type":"ListItem","position":2,"name":"Le Pr Alg\u00e9rien Mohamed Hichem Kara \u00c9lu \u00c0 L&#8217;Acad\u00e9mie Africaine Des Sciences"}]},{"@type":"WebSite","@id":"https:\/\/appsaf.apieproject.com\/news\/#website","url":"https:\/\/appsaf.apieproject.com\/news\/","name":"APIE NEWS","description":"PANAFRICANISM NEWS PORTAL","publisher":{"@id":"https:\/\/appsaf.apieproject.com\/news\/#organization"},"potentialAction":[{"@type":"SearchAction","target":{"@type":"EntryPoint","urlTemplate":"https:\/\/appsaf.apieproject.com\/news\/?s={search_term_string}"},"query-input":{"@type":"PropertyValueSpecification","valueRequired":true,"valueName":"search_term_string"}}],"inLanguage":"fr-FR"},{"@type":"Organization","@id":"https:\/\/appsaf.apieproject.com\/news\/#organization","name":"APIE PROJECT","url":"https:\/\/appsaf.apieproject.com\/news\/","logo":{"@type":"ImageObject","inLanguage":"fr-FR","@id":"https:\/\/appsaf.apieproject.com\/news\/#\/schema\/logo\/image\/","url":"https:\/\/appsaf.apieproject.com\/news\/wp-content\/uploads\/sites\/29\/2022\/07\/logo-R-TransparentBackground.png","contentUrl":"https:\/\/appsaf.apieproject.com\/news\/wp-content\/uploads\/sites\/29\/2022\/07\/logo-R-TransparentBackground.png","width":512,"height":512,"caption":"APIE PROJECT"},"image":{"@id":"https:\/\/appsaf.apieproject.com\/news\/#\/schema\/logo\/image\/"},"sameAs":["https:\/\/facebook.com\/apieproject","https:\/\/x.com\/apieproject"]},{"@type":"Person","@id":"https:\/\/appsaf.apieproject.com\/news\/#\/schema\/person\/94d8f4e561b283d434da551498c8cb39","name":"guyetom","image":{"@type":"ImageObject","inLanguage":"fr-FR","@id":"https:\/\/appsaf.apieproject.com\/news\/#\/schema\/person\/image\/","url":"https:\/\/secure.gravatar.com\/avatar\/f36d884530ee45302c1f7eadb3f86562?s=96&d=mm&r=g","contentUrl":"https:\/\/secure.gravatar.com\/avatar\/f36d884530ee45302c1f7eadb3f86562?s=96&d=mm&r=g","caption":"guyetom"},"url":"https:\/\/appsaf.apieproject.com\/news\/fr\/author\/guyetom\/"}]}},"_links":{"self":[{"href":"https:\/\/appsaf.apieproject.com\/news\/fr\/wp-json\/wp\/v2\/posts\/22764","targetHints":{"allow":["GET"]}}],"collection":[{"href":"https:\/\/appsaf.apieproject.com\/news\/fr\/wp-json\/wp\/v2\/posts"}],"about":[{"href":"https:\/\/appsaf.apieproject.com\/news\/fr\/wp-json\/wp\/v2\/types\/post"}],"author":[{"embeddable":true,"href":"https:\/\/appsaf.apieproject.com\/news\/fr\/wp-json\/wp\/v2\/users\/13112"}],"replies":[{"embeddable":true,"href":"https:\/\/appsaf.apieproject.com\/news\/fr\/wp-json\/wp\/v2\/comments?post=22764"}],"version-history":[{"count":1,"href":"https:\/\/appsaf.apieproject.com\/news\/fr\/wp-json\/wp\/v2\/posts\/22764\/revisions"}],"predecessor-version":[{"id":23579,"href":"https:\/\/appsaf.apieproject.com\/news\/fr\/wp-json\/wp\/v2\/posts\/22764\/revisions\/23579"}],"wp:featuredmedia":[{"embeddable":true,"href":"https:\/\/appsaf.apieproject.com\/news\/fr\/wp-json\/wp\/v2\/media\/22761"}],"wp:attachment":[{"href":"https:\/\/appsaf.apieproject.com\/news\/fr\/wp-json\/wp\/v2\/media?parent=22764"}],"wp:term":[{"taxonomy":"category","embeddable":true,"href":"https:\/\/appsaf.apieproject.com\/news\/fr\/wp-json\/wp\/v2\/categories?post=22764"},{"taxonomy":"post_tag","embeddable":true,"href":"https:\/\/appsaf.apieproject.com\/news\/fr\/wp-json\/wp\/v2\/tags?post=22764"}],"curies":[{"name":"wp","href":"https:\/\/api.w.org\/{rel}","templated":true}]}}