{"id":22772,"date":"2022-12-09T20:59:34","date_gmt":"2022-12-09T20:59:34","guid":{"rendered":"https:\/\/appsaf.apieproject.com\/news\/?p=22772"},"modified":"2022-12-09T20:59:36","modified_gmt":"2022-12-09T20:59:36","slug":"le-president-buhari-affirme-lengagement-du-nigeria-a-retablir-la-stabilite-politique-et-la-securite-en-afrique-de-louest","status":"publish","type":"post","link":"https:\/\/appsaf.apieproject.com\/news\/fr\/2022\/12\/09\/le-president-buhari-affirme-lengagement-du-nigeria-a-retablir-la-stabilite-politique-et-la-securite-en-afrique-de-louest\/","title":{"rendered":"Le Pr\u00e9sident Buhari Affirme L\u2019Engagement Du Nigeria \u00c0 R\u00e9tablir La Stabilit\u00e9 Politique Et La S\u00e9curit\u00e9 En Afrique De L\u2019Ouest"},"content":{"rendered":"<p>Buhari a d\u00e9clar\u00e9 que le Nigeria s\u2019est engag\u00e9 \u00e0 soutenir les institutions de la CEDEAO pour garantir que les pays de la r\u00e9gion reviennent tous \u00e0 l\u2019ordre constitutionnel. \u00ab Permettez-moi de r\u00e9affirmer l\u2019engagement du Nig\u00e9ria envers les efforts de la CEDEAO, avec le soutien de nos partenaires, pour maintenir la paix, la s\u00e9curit\u00e9 et la stabilit\u00e9 politique dans la r\u00e9gion \u00bb, a d\u00e9clar\u00e9 le pr\u00e9sident du Nig\u00e9ria.<\/p>\n<p>Il a poursuivi en indiqu\u00e9 qu\u2019\u00ab\u00e0 cet \u00e9gard, le Nig\u00e9ria reste d\u00e9termin\u00e9 \u00e0 soutenir la CEDEAO pour r\u00e9tablir un r\u00e9gime d\u00e9mocratique au Mali, en Guin\u00e9e et au Burkina Faso. Nous sommes convaincus que le maintien de la d\u00e9mocratie et de l\u2019\u00e9tat de droit doit rester la norme dans cette r\u00e9gion prometteuse.<\/p>\n<p>Evoquant des \u00e9lections \u00e0 venir dans plusieurs Etats membres de l\u2019organisation, il a indiqu\u00e9 que \u00ab comme vous le savez, il y aura de multiples activit\u00e9s politiques dans certains \u00c9tats membres de la CEDEAO, dont le Nigeria, o\u00f9 des \u00e9lections g\u00e9n\u00e9rales doivent se tenir en f\u00e9vrier et mars 2022. Permettez-moi de saisir cette occasion pour r\u00e9it\u00e9rer mon engagement en faveur d\u2019\u00e9lections libres, \u00e9quitables et transparentes et de transitions en douceur. C\u2019est un h\u00e9ritage que je veux que mon administration l\u00e8gue, non seulement au Nigeria mais \u00e0 la r\u00e9gion dans son ensemble \u00bb.<\/p>\n","protected":false},"excerpt":{"rendered":"<p>Alors qu\u2019il s\u2019exprimait lors de l\u2019ouverture de la 2e session ordinaire de 2022 du parlement de la Communaut\u00e9 \u00e9conomique des \u00c9tats de l\u2019Afrique de l\u2019Ouest (CEDEAO), le pr\u00e9sident nig\u00e9rian Muhammadu Buhari, a indiqu\u00e9  que son pays s\u2019engage \u00e0 aider \u00e0 r\u00e9tablir un r\u00e9gime d\u00e9mocratique au Mali, en Guin\u00e9e et au Burkina-Faso, et \u00e0 assurer la paix et la stabilit\u00e9 politique dans la sous-r\u00e9gion ouest-africaine.<\/p>\n","protected":false},"author":13112,"featured_media":22769,"comment_status":"open","ping_status":"open","sticky":false,"template":"","format":"standard","meta":{"footnotes":""},"categories":[67,69],"tags":[81,78,82],"class_list":{"0":"post-22772","1":"post","2":"type-post","3":"status-publish","4":"format-standard","5":"has-post-thumbnail","7":"category-actualites","8":"category-politique","9":"tag-actualites","10":"tag-apie-project-2","11":"tag-politique"},"yoast_head":"<!-- This site is optimized with the Yoast SEO plugin v24.4 - https:\/\/yoast.com\/wordpress\/plugins\/seo\/ -->\n<title>Le Pr\u00e9sident Buhari Affirme L\u2019Engagement Du Nigeria \u00c0 R\u00e9tablir La Stabilit\u00e9 Politique Et La S\u00e9curit\u00e9 En Afrique De L\u2019Ouest - APIE NEWS<\/title>\n<meta name=\"robots\" content=\"index, follow, max-snippet:-1, max-image-preview:large, max-video-preview:-1\" \/>\n<link rel=\"canonical\" href=\"https:\/\/appsaf.apieproject.com\/news\/fr\/2022\/12\/09\/le-president-buhari-affirme-lengagement-du-nigeria-a-retablir-la-stabilite-politique-et-la-securite-en-afrique-de-louest\/\" \/>\n<meta property=\"og:locale\" content=\"fr_FR\" \/>\n<meta property=\"og:type\" content=\"article\" \/>\n<meta property=\"og:title\" content=\"Le Pr\u00e9sident Buhari Affirme L\u2019Engagement Du Nigeria \u00c0 R\u00e9tablir La Stabilit\u00e9 Politique Et La S\u00e9curit\u00e9 En Afrique De L\u2019Ouest - APIE NEWS\" \/>\n<meta property=\"og:description\" content=\"Alors qu\u2019il s\u2019exprimait lors de l\u2019ouverture de la 2e session ordinaire de 2022 du parlement de la Communaut\u00e9 \u00e9conomique des \u00c9tats de l\u2019Afrique de l\u2019Ouest (CEDEAO), le pr\u00e9sident nig\u00e9rian Muhammadu Buhari, a indiqu\u00e9 que son pays s\u2019engage \u00e0 aider \u00e0 r\u00e9tablir un r\u00e9gime d\u00e9mocratique au Mali, en Guin\u00e9e et au Burkina-Faso, et \u00e0 assurer la paix et la stabilit\u00e9 politique dans la sous-r\u00e9gion ouest-africaine.\" \/>\n<meta property=\"og:url\" content=\"https:\/\/appsaf.apieproject.com\/news\/fr\/2022\/12\/09\/le-president-buhari-affirme-lengagement-du-nigeria-a-retablir-la-stabilite-politique-et-la-securite-en-afrique-de-louest\/\" \/>\n<meta property=\"og:site_name\" content=\"APIE NEWS\" \/>\n<meta property=\"article:publisher\" content=\"https:\/\/facebook.com\/apieproject\" \/>\n<meta property=\"article:published_time\" content=\"2022-12-09T20:59:34+00:00\" \/>\n<meta property=\"article:modified_time\" content=\"2022-12-09T20:59:36+00:00\" \/>\n<meta property=\"og:image\" content=\"https:\/\/appsaf.apieproject.com\/news\/wp-content\/uploads\/sites\/29\/2022\/11\/Muhammadu-Buhari-1-99ba36ca5ba128506cfd856d38656956.png\" \/>\n\t<meta property=\"og:image:width\" content=\"700\" \/>\n\t<meta property=\"og:image:height\" content=\"400\" \/>\n\t<meta property=\"og:image:type\" content=\"image\/png\" \/>\n<meta name=\"author\" content=\"guyetom\" \/>\n<meta name=\"twitter:card\" content=\"summary_large_image\" \/>\n<meta name=\"twitter:creator\" content=\"@apieproject\" \/>\n<meta name=\"twitter:site\" content=\"@apieproject\" \/>\n<meta name=\"twitter:label1\" content=\"\u00c9crit par\" \/>\n\t<meta name=\"twitter:data1\" content=\"guyetom\" \/>\n\t<meta name=\"twitter:label2\" content=\"Dur\u00e9e de lecture estim\u00e9e\" \/>\n\t<meta name=\"twitter:data2\" content=\"1 minute\" \/>\n<script type=\"application\/ld+json\" class=\"yoast-schema-graph\">{\"@context\":\"https:\/\/schema.org\",\"@graph\":[{\"@type\":\"Article\",\"@id\":\"https:\/\/appsaf.apieproject.com\/news\/fr\/2022\/12\/09\/le-president-buhari-affirme-lengagement-du-nigeria-a-retablir-la-stabilite-politique-et-la-securite-en-afrique-de-louest\/#article\",\"isPartOf\":{\"@id\":\"https:\/\/appsaf.apieproject.com\/news\/fr\/2022\/12\/09\/le-president-buhari-affirme-lengagement-du-nigeria-a-retablir-la-stabilite-politique-et-la-securite-en-afrique-de-louest\/\"},\"author\":{\"name\":\"guyetom\",\"@id\":\"https:\/\/appsaf.apieproject.com\/news\/#\/schema\/person\/94d8f4e561b283d434da551498c8cb39\"},\"headline\":\"Le Pr\u00e9sident Buhari Affirme L\u2019Engagement Du Nigeria \u00c0 R\u00e9tablir La Stabilit\u00e9 Politique Et La S\u00e9curit\u00e9 En Afrique De L\u2019Ouest\",\"datePublished\":\"2022-12-09T20:59:34+00:00\",\"dateModified\":\"2022-12-09T20:59:36+00:00\",\"mainEntityOfPage\":{\"@id\":\"https:\/\/appsaf.apieproject.com\/news\/fr\/2022\/12\/09\/le-president-buhari-affirme-lengagement-du-nigeria-a-retablir-la-stabilite-politique-et-la-securite-en-afrique-de-louest\/\"},\"wordCount\":256,\"commentCount\":0,\"publisher\":{\"@id\":\"https:\/\/appsaf.apieproject.com\/news\/#organization\"},\"image\":{\"@id\":\"https:\/\/appsaf.apieproject.com\/news\/fr\/2022\/12\/09\/le-president-buhari-affirme-lengagement-du-nigeria-a-retablir-la-stabilite-politique-et-la-securite-en-afrique-de-louest\/#primaryimage\"},\"thumbnailUrl\":\"https:\/\/appsaf.apieproject.com\/news\/wp-content\/uploads\/sites\/29\/2022\/11\/Muhammadu-Buhari-1-99ba36ca5ba128506cfd856d38656956.png\",\"keywords\":[\"actualites\",\"apie project\",\"politique\"],\"articleSection\":[\"Actualit\u00e9s\",\"Politique\"],\"inLanguage\":\"fr-FR\",\"potentialAction\":[{\"@type\":\"CommentAction\",\"name\":\"Comment\",\"target\":[\"https:\/\/appsaf.apieproject.com\/news\/fr\/2022\/12\/09\/le-president-buhari-affirme-lengagement-du-nigeria-a-retablir-la-stabilite-politique-et-la-securite-en-afrique-de-louest\/#respond\"]}]},{\"@type\":\"WebPage\",\"@id\":\"https:\/\/appsaf.apieproject.com\/news\/fr\/2022\/12\/09\/le-president-buhari-affirme-lengagement-du-nigeria-a-retablir-la-stabilite-politique-et-la-securite-en-afrique-de-louest\/\",\"url\":\"https:\/\/appsaf.apieproject.com\/news\/fr\/2022\/12\/09\/le-president-buhari-affirme-lengagement-du-nigeria-a-retablir-la-stabilite-politique-et-la-securite-en-afrique-de-louest\/\",\"name\":\"Le Pr\u00e9sident Buhari Affirme L\u2019Engagement Du Nigeria \u00c0 R\u00e9tablir La Stabilit\u00e9 Politique Et La S\u00e9curit\u00e9 En Afrique De L\u2019Ouest - APIE NEWS\",\"isPartOf\":{\"@id\":\"https:\/\/appsaf.apieproject.com\/news\/#website\"},\"primaryImageOfPage\":{\"@id\":\"https:\/\/appsaf.apieproject.com\/news\/fr\/2022\/12\/09\/le-president-buhari-affirme-lengagement-du-nigeria-a-retablir-la-stabilite-politique-et-la-securite-en-afrique-de-louest\/#primaryimage\"},\"image\":{\"@id\":\"https:\/\/appsaf.apieproject.com\/news\/fr\/2022\/12\/09\/le-president-buhari-affirme-lengagement-du-nigeria-a-retablir-la-stabilite-politique-et-la-securite-en-afrique-de-louest\/#primaryimage\"},\"thumbnailUrl\":\"https:\/\/appsaf.apieproject.com\/news\/wp-content\/uploads\/sites\/29\/2022\/11\/Muhammadu-Buhari-1-99ba36ca5ba128506cfd856d38656956.png\",\"datePublished\":\"2022-12-09T20:59:34+00:00\",\"dateModified\":\"2022-12-09T20:59:36+00:00\",\"breadcrumb\":{\"@id\":\"https:\/\/appsaf.apieproject.com\/news\/fr\/2022\/12\/09\/le-president-buhari-affirme-lengagement-du-nigeria-a-retablir-la-stabilite-politique-et-la-securite-en-afrique-de-louest\/#breadcrumb\"},\"inLanguage\":\"fr-FR\",\"potentialAction\":[{\"@type\":\"ReadAction\",\"target\":[\"https:\/\/appsaf.apieproject.com\/news\/fr\/2022\/12\/09\/le-president-buhari-affirme-lengagement-du-nigeria-a-retablir-la-stabilite-politique-et-la-securite-en-afrique-de-louest\/\"]}]},{\"@type\":\"ImageObject\",\"inLanguage\":\"fr-FR\",\"@id\":\"https:\/\/appsaf.apieproject.com\/news\/fr\/2022\/12\/09\/le-president-buhari-affirme-lengagement-du-nigeria-a-retablir-la-stabilite-politique-et-la-securite-en-afrique-de-louest\/#primaryimage\",\"url\":\"https:\/\/appsaf.apieproject.com\/news\/wp-content\/uploads\/sites\/29\/2022\/11\/Muhammadu-Buhari-1-99ba36ca5ba128506cfd856d38656956.png\",\"contentUrl\":\"https:\/\/appsaf.apieproject.com\/news\/wp-content\/uploads\/sites\/29\/2022\/11\/Muhammadu-Buhari-1-99ba36ca5ba128506cfd856d38656956.png\",\"width\":700,\"height\":400},{\"@type\":\"BreadcrumbList\",\"@id\":\"https:\/\/appsaf.apieproject.com\/news\/fr\/2022\/12\/09\/le-president-buhari-affirme-lengagement-du-nigeria-a-retablir-la-stabilite-politique-et-la-securite-en-afrique-de-louest\/#breadcrumb\",\"itemListElement\":[{\"@type\":\"ListItem\",\"position\":1,\"name\":\"Home\",\"item\":\"https:\/\/appsaf.apieproject.com\/news\/fr\/home\/\"},{\"@type\":\"ListItem\",\"position\":2,\"name\":\"Le Pr\u00e9sident Buhari Affirme L\u2019Engagement Du Nigeria \u00c0 R\u00e9tablir La Stabilit\u00e9 Politique Et La S\u00e9curit\u00e9 En Afrique De L\u2019Ouest\"}]},{\"@type\":\"WebSite\",\"@id\":\"https:\/\/appsaf.apieproject.com\/news\/#website\",\"url\":\"https:\/\/appsaf.apieproject.com\/news\/\",\"name\":\"APIE NEWS\",\"description\":\"PANAFRICANISM NEWS PORTAL\",\"publisher\":{\"@id\":\"https:\/\/appsaf.apieproject.com\/news\/#organization\"},\"potentialAction\":[{\"@type\":\"SearchAction\",\"target\":{\"@type\":\"EntryPoint\",\"urlTemplate\":\"https:\/\/appsaf.apieproject.com\/news\/?s={search_term_string}\"},\"query-input\":{\"@type\":\"PropertyValueSpecification\",\"valueRequired\":true,\"valueName\":\"search_term_string\"}}],\"inLanguage\":\"fr-FR\"},{\"@type\":\"Organization\",\"@id\":\"https:\/\/appsaf.apieproject.com\/news\/#organization\",\"name\":\"APIE PROJECT\",\"url\":\"https:\/\/appsaf.apieproject.com\/news\/\",\"logo\":{\"@type\":\"ImageObject\",\"inLanguage\":\"fr-FR\",\"@id\":\"https:\/\/appsaf.apieproject.com\/news\/#\/schema\/logo\/image\/\",\"url\":\"https:\/\/appsaf.apieproject.com\/news\/wp-content\/uploads\/sites\/29\/2022\/07\/logo-R-TransparentBackground.png\",\"contentUrl\":\"https:\/\/appsaf.apieproject.com\/news\/wp-content\/uploads\/sites\/29\/2022\/07\/logo-R-TransparentBackground.png\",\"width\":512,\"height\":512,\"caption\":\"APIE PROJECT\"},\"image\":{\"@id\":\"https:\/\/appsaf.apieproject.com\/news\/#\/schema\/logo\/image\/\"},\"sameAs\":[\"https:\/\/facebook.com\/apieproject\",\"https:\/\/x.com\/apieproject\"]},{\"@type\":\"Person\",\"@id\":\"https:\/\/appsaf.apieproject.com\/news\/#\/schema\/person\/94d8f4e561b283d434da551498c8cb39\",\"name\":\"guyetom\",\"image\":{\"@type\":\"ImageObject\",\"inLanguage\":\"fr-FR\",\"@id\":\"https:\/\/appsaf.apieproject.com\/news\/#\/schema\/person\/image\/\",\"url\":\"https:\/\/secure.gravatar.com\/avatar\/f36d884530ee45302c1f7eadb3f86562?s=96&d=mm&r=g\",\"contentUrl\":\"https:\/\/secure.gravatar.com\/avatar\/f36d884530ee45302c1f7eadb3f86562?s=96&d=mm&r=g\",\"caption\":\"guyetom\"},\"url\":\"https:\/\/appsaf.apieproject.com\/news\/fr\/author\/guyetom\/\"}]}<\/script>\n<!-- \/ Yoast SEO plugin. -->","yoast_head_json":{"title":"Le Pr\u00e9sident Buhari Affirme L\u2019Engagement Du Nigeria \u00c0 R\u00e9tablir La Stabilit\u00e9 Politique Et La S\u00e9curit\u00e9 En Afrique De L\u2019Ouest - APIE NEWS","robots":{"index":"index","follow":"follow","max-snippet":"max-snippet:-1","max-image-preview":"max-image-preview:large","max-video-preview":"max-video-preview:-1"},"canonical":"https:\/\/appsaf.apieproject.com\/news\/fr\/2022\/12\/09\/le-president-buhari-affirme-lengagement-du-nigeria-a-retablir-la-stabilite-politique-et-la-securite-en-afrique-de-louest\/","og_locale":"fr_FR","og_type":"article","og_title":"Le Pr\u00e9sident Buhari Affirme L\u2019Engagement Du Nigeria \u00c0 R\u00e9tablir La Stabilit\u00e9 Politique Et La S\u00e9curit\u00e9 En Afrique De L\u2019Ouest - APIE NEWS","og_description":"Alors qu\u2019il s\u2019exprimait lors de l\u2019ouverture de la 2e session ordinaire de 2022 du parlement de la Communaut\u00e9 \u00e9conomique des \u00c9tats de l\u2019Afrique de l\u2019Ouest (CEDEAO), le pr\u00e9sident nig\u00e9rian Muhammadu Buhari, a indiqu\u00e9 que son pays s\u2019engage \u00e0 aider \u00e0 r\u00e9tablir un r\u00e9gime d\u00e9mocratique au Mali, en Guin\u00e9e et au Burkina-Faso, et \u00e0 assurer la paix et la stabilit\u00e9 politique dans la sous-r\u00e9gion ouest-africaine.","og_url":"https:\/\/appsaf.apieproject.com\/news\/fr\/2022\/12\/09\/le-president-buhari-affirme-lengagement-du-nigeria-a-retablir-la-stabilite-politique-et-la-securite-en-afrique-de-louest\/","og_site_name":"APIE NEWS","article_publisher":"https:\/\/facebook.com\/apieproject","article_published_time":"2022-12-09T20:59:34+00:00","article_modified_time":"2022-12-09T20:59:36+00:00","og_image":[{"width":700,"height":400,"url":"https:\/\/appsaf.apieproject.com\/news\/wp-content\/uploads\/sites\/29\/2022\/11\/Muhammadu-Buhari-1-99ba36ca5ba128506cfd856d38656956.png","type":"image\/png"}],"author":"guyetom","twitter_card":"summary_large_image","twitter_creator":"@apieproject","twitter_site":"@apieproject","twitter_misc":{"\u00c9crit par":"guyetom","Dur\u00e9e de lecture estim\u00e9e":"1 minute"},"schema":{"@context":"https:\/\/schema.org","@graph":[{"@type":"Article","@id":"https:\/\/appsaf.apieproject.com\/news\/fr\/2022\/12\/09\/le-president-buhari-affirme-lengagement-du-nigeria-a-retablir-la-stabilite-politique-et-la-securite-en-afrique-de-louest\/#article","isPartOf":{"@id":"https:\/\/appsaf.apieproject.com\/news\/fr\/2022\/12\/09\/le-president-buhari-affirme-lengagement-du-nigeria-a-retablir-la-stabilite-politique-et-la-securite-en-afrique-de-louest\/"},"author":{"name":"guyetom","@id":"https:\/\/appsaf.apieproject.com\/news\/#\/schema\/person\/94d8f4e561b283d434da551498c8cb39"},"headline":"Le Pr\u00e9sident Buhari Affirme L\u2019Engagement Du Nigeria \u00c0 R\u00e9tablir La Stabilit\u00e9 Politique Et La S\u00e9curit\u00e9 En Afrique De L\u2019Ouest","datePublished":"2022-12-09T20:59:34+00:00","dateModified":"2022-12-09T20:59:36+00:00","mainEntityOfPage":{"@id":"https:\/\/appsaf.apieproject.com\/news\/fr\/2022\/12\/09\/le-president-buhari-affirme-lengagement-du-nigeria-a-retablir-la-stabilite-politique-et-la-securite-en-afrique-de-louest\/"},"wordCount":256,"commentCount":0,"publisher":{"@id":"https:\/\/appsaf.apieproject.com\/news\/#organization"},"image":{"@id":"https:\/\/appsaf.apieproject.com\/news\/fr\/2022\/12\/09\/le-president-buhari-affirme-lengagement-du-nigeria-a-retablir-la-stabilite-politique-et-la-securite-en-afrique-de-louest\/#primaryimage"},"thumbnailUrl":"https:\/\/appsaf.apieproject.com\/news\/wp-content\/uploads\/sites\/29\/2022\/11\/Muhammadu-Buhari-1-99ba36ca5ba128506cfd856d38656956.png","keywords":["actualites","apie project","politique"],"articleSection":["Actualit\u00e9s","Politique"],"inLanguage":"fr-FR","potentialAction":[{"@type":"CommentAction","name":"Comment","target":["https:\/\/appsaf.apieproject.com\/news\/fr\/2022\/12\/09\/le-president-buhari-affirme-lengagement-du-nigeria-a-retablir-la-stabilite-politique-et-la-securite-en-afrique-de-louest\/#respond"]}]},{"@type":"WebPage","@id":"https:\/\/appsaf.apieproject.com\/news\/fr\/2022\/12\/09\/le-president-buhari-affirme-lengagement-du-nigeria-a-retablir-la-stabilite-politique-et-la-securite-en-afrique-de-louest\/","url":"https:\/\/appsaf.apieproject.com\/news\/fr\/2022\/12\/09\/le-president-buhari-affirme-lengagement-du-nigeria-a-retablir-la-stabilite-politique-et-la-securite-en-afrique-de-louest\/","name":"Le Pr\u00e9sident Buhari Affirme L\u2019Engagement Du Nigeria \u00c0 R\u00e9tablir La Stabilit\u00e9 Politique Et La S\u00e9curit\u00e9 En Afrique De L\u2019Ouest - APIE NEWS","isPartOf":{"@id":"https:\/\/appsaf.apieproject.com\/news\/#website"},"primaryImageOfPage":{"@id":"https:\/\/appsaf.apieproject.com\/news\/fr\/2022\/12\/09\/le-president-buhari-affirme-lengagement-du-nigeria-a-retablir-la-stabilite-politique-et-la-securite-en-afrique-de-louest\/#primaryimage"},"image":{"@id":"https:\/\/appsaf.apieproject.com\/news\/fr\/2022\/12\/09\/le-president-buhari-affirme-lengagement-du-nigeria-a-retablir-la-stabilite-politique-et-la-securite-en-afrique-de-louest\/#primaryimage"},"thumbnailUrl":"https:\/\/appsaf.apieproject.com\/news\/wp-content\/uploads\/sites\/29\/2022\/11\/Muhammadu-Buhari-1-99ba36ca5ba128506cfd856d38656956.png","datePublished":"2022-12-09T20:59:34+00:00","dateModified":"2022-12-09T20:59:36+00:00","breadcrumb":{"@id":"https:\/\/appsaf.apieproject.com\/news\/fr\/2022\/12\/09\/le-president-buhari-affirme-lengagement-du-nigeria-a-retablir-la-stabilite-politique-et-la-securite-en-afrique-de-louest\/#breadcrumb"},"inLanguage":"fr-FR","potentialAction":[{"@type":"ReadAction","target":["https:\/\/appsaf.apieproject.com\/news\/fr\/2022\/12\/09\/le-president-buhari-affirme-lengagement-du-nigeria-a-retablir-la-stabilite-politique-et-la-securite-en-afrique-de-louest\/"]}]},{"@type":"ImageObject","inLanguage":"fr-FR","@id":"https:\/\/appsaf.apieproject.com\/news\/fr\/2022\/12\/09\/le-president-buhari-affirme-lengagement-du-nigeria-a-retablir-la-stabilite-politique-et-la-securite-en-afrique-de-louest\/#primaryimage","url":"https:\/\/appsaf.apieproject.com\/news\/wp-content\/uploads\/sites\/29\/2022\/11\/Muhammadu-Buhari-1-99ba36ca5ba128506cfd856d38656956.png","contentUrl":"https:\/\/appsaf.apieproject.com\/news\/wp-content\/uploads\/sites\/29\/2022\/11\/Muhammadu-Buhari-1-99ba36ca5ba128506cfd856d38656956.png","width":700,"height":400},{"@type":"BreadcrumbList","@id":"https:\/\/appsaf.apieproject.com\/news\/fr\/2022\/12\/09\/le-president-buhari-affirme-lengagement-du-nigeria-a-retablir-la-stabilite-politique-et-la-securite-en-afrique-de-louest\/#breadcrumb","itemListElement":[{"@type":"ListItem","position":1,"name":"Home","item":"https:\/\/appsaf.apieproject.com\/news\/fr\/home\/"},{"@type":"ListItem","position":2,"name":"Le Pr\u00e9sident Buhari Affirme L\u2019Engagement Du Nigeria \u00c0 R\u00e9tablir La Stabilit\u00e9 Politique Et La S\u00e9curit\u00e9 En Afrique De L\u2019Ouest"}]},{"@type":"WebSite","@id":"https:\/\/appsaf.apieproject.com\/news\/#website","url":"https:\/\/appsaf.apieproject.com\/news\/","name":"APIE NEWS","description":"PANAFRICANISM NEWS PORTAL","publisher":{"@id":"https:\/\/appsaf.apieproject.com\/news\/#organization"},"potentialAction":[{"@type":"SearchAction","target":{"@type":"EntryPoint","urlTemplate":"https:\/\/appsaf.apieproject.com\/news\/?s={search_term_string}"},"query-input":{"@type":"PropertyValueSpecification","valueRequired":true,"valueName":"search_term_string"}}],"inLanguage":"fr-FR"},{"@type":"Organization","@id":"https:\/\/appsaf.apieproject.com\/news\/#organization","name":"APIE PROJECT","url":"https:\/\/appsaf.apieproject.com\/news\/","logo":{"@type":"ImageObject","inLanguage":"fr-FR","@id":"https:\/\/appsaf.apieproject.com\/news\/#\/schema\/logo\/image\/","url":"https:\/\/appsaf.apieproject.com\/news\/wp-content\/uploads\/sites\/29\/2022\/07\/logo-R-TransparentBackground.png","contentUrl":"https:\/\/appsaf.apieproject.com\/news\/wp-content\/uploads\/sites\/29\/2022\/07\/logo-R-TransparentBackground.png","width":512,"height":512,"caption":"APIE PROJECT"},"image":{"@id":"https:\/\/appsaf.apieproject.com\/news\/#\/schema\/logo\/image\/"},"sameAs":["https:\/\/facebook.com\/apieproject","https:\/\/x.com\/apieproject"]},{"@type":"Person","@id":"https:\/\/appsaf.apieproject.com\/news\/#\/schema\/person\/94d8f4e561b283d434da551498c8cb39","name":"guyetom","image":{"@type":"ImageObject","inLanguage":"fr-FR","@id":"https:\/\/appsaf.apieproject.com\/news\/#\/schema\/person\/image\/","url":"https:\/\/secure.gravatar.com\/avatar\/f36d884530ee45302c1f7eadb3f86562?s=96&d=mm&r=g","contentUrl":"https:\/\/secure.gravatar.com\/avatar\/f36d884530ee45302c1f7eadb3f86562?s=96&d=mm&r=g","caption":"guyetom"},"url":"https:\/\/appsaf.apieproject.com\/news\/fr\/author\/guyetom\/"}]}},"_links":{"self":[{"href":"https:\/\/appsaf.apieproject.com\/news\/fr\/wp-json\/wp\/v2\/posts\/22772","targetHints":{"allow":["GET"]}}],"collection":[{"href":"https:\/\/appsaf.apieproject.com\/news\/fr\/wp-json\/wp\/v2\/posts"}],"about":[{"href":"https:\/\/appsaf.apieproject.com\/news\/fr\/wp-json\/wp\/v2\/types\/post"}],"author":[{"embeddable":true,"href":"https:\/\/appsaf.apieproject.com\/news\/fr\/wp-json\/wp\/v2\/users\/13112"}],"replies":[{"embeddable":true,"href":"https:\/\/appsaf.apieproject.com\/news\/fr\/wp-json\/wp\/v2\/comments?post=22772"}],"version-history":[{"count":1,"href":"https:\/\/appsaf.apieproject.com\/news\/fr\/wp-json\/wp\/v2\/posts\/22772\/revisions"}],"predecessor-version":[{"id":23582,"href":"https:\/\/appsaf.apieproject.com\/news\/fr\/wp-json\/wp\/v2\/posts\/22772\/revisions\/23582"}],"wp:featuredmedia":[{"embeddable":true,"href":"https:\/\/appsaf.apieproject.com\/news\/fr\/wp-json\/wp\/v2\/media\/22769"}],"wp:attachment":[{"href":"https:\/\/appsaf.apieproject.com\/news\/fr\/wp-json\/wp\/v2\/media?parent=22772"}],"wp:term":[{"taxonomy":"category","embeddable":true,"href":"https:\/\/appsaf.apieproject.com\/news\/fr\/wp-json\/wp\/v2\/categories?post=22772"},{"taxonomy":"post_tag","embeddable":true,"href":"https:\/\/appsaf.apieproject.com\/news\/fr\/wp-json\/wp\/v2\/tags?post=22772"}],"curies":[{"name":"wp","href":"https:\/\/api.w.org\/{rel}","templated":true}]}}