{"id":22784,"date":"2022-12-09T21:09:39","date_gmt":"2022-12-09T21:09:39","guid":{"rendered":"https:\/\/appsaf.apieproject.com\/news\/?p=22784"},"modified":"2022-12-09T21:09:40","modified_gmt":"2022-12-09T21:09:40","slug":"de-retour-en-cote-divoire-charles-ble-goude-veut-rassembler-sans-exclure-de-gouverner","status":"publish","type":"post","link":"https:\/\/appsaf.apieproject.com\/news\/fr\/2022\/12\/09\/de-retour-en-cote-divoire-charles-ble-goude-veut-rassembler-sans-exclure-de-gouverner\/","title":{"rendered":"De Retour En C\u00f4te D&rsquo;Ivoire, Charles Bl\u00e9 Goud\u00e9 Veut Rassembler Sans Exclure De Gouverner"},"content":{"rendered":"<p>Plus de \u00ab\u00a0G\u00e9n\u00e9ral de la rue\u00a0\u00bb ou de \u00ab\u00a0Bl\u00e9 la machette\u00a0\u00bb comme on le surnommait autrefois, c&rsquo;est un faiseur de paix qui revient en C\u00f4te d&rsquo;Ivoire apr\u00e8s onze ann\u00e9es d&rsquo;absence. Charles Bl\u00e9 Goud\u00e9, pilier du r\u00e9gime de l&rsquo;ex-pr\u00e9sident ivoirien Laurent Gbagbo, assure vouloir retrouver sa terre natale, samedi 26 novembre, \u00ab\u00a0dans la discipline\u00a0\u00bb, la \u00ab\u00a0sobri\u00e9t\u00e9\u00a0\u00bb, anim\u00e9 par un esprit de \u00ab\u00a0rassemblement\u00a0\u00bb et de r\u00e9conciliation du pays.<\/p>\n<p>Cet ancien responsable politique qui a d\u00e9sormais 50 ans n&rsquo;a pas toujours \u00e9t\u00e9 connu pour ses penchants pacifistes. Aux c\u00f4t\u00e9s de son mentor, Laurent Gbagbo, il a \u00e9t\u00e9 d\u00e9finitivement acquitt\u00e9 en mars 2021 par la Cour p\u00e9nale internationale de La Haye apr\u00e8s avoir \u00e9t\u00e9 soup\u00e7onn\u00e9 de crimes pendant la crise post-\u00e9lectorale entre 2010 et 2011. \u00c0 l&rsquo;\u00e9poque, la victoire \u00e0 la pr\u00e9sidentielle d&rsquo;Alassane Ouattara, contest\u00e9e par Laurent Gbagbo, avait d\u00e9bouch\u00e9 sur des violences qui avaient fait 3 000 morts et conduit \u00e0 l&rsquo;arrestation du pr\u00e9sident sortant en avril 2011. Charles Bl\u00e9 Goud\u00e9, lui, avait \u00e9t\u00e9 arr\u00eat\u00e9 en 2013 au Ghana o\u00f9 il s&rsquo;\u00e9tait exil\u00e9, puis transf\u00e9r\u00e9 \u00e0 la Haye en 2014 apr\u00e8s plusieurs mois en r\u00e9sidence surveill\u00e9e \u00e0 Abidjan.<\/p>\n<p>Pas de pavillon minist\u00e9riel ou pr\u00e9sidentiel pour l&rsquo;accueillir \u00e0 la sortie de son vol commercial, \u00e0 peine une petite poign\u00e9e de personnalit\u00e9s pour le saluer, dont l&rsquo;ancienne Premi\u00e8re dame Simone Gbagbo, dans le hall ordinaire de l&rsquo;a\u00e9roport aux c\u00f4t\u00e9s des autres passagers. Pas de discours, ni de meeting pr\u00e9vu non plus. Une simple f\u00eate pour c\u00e9l\u00e9brer les retrouvailles \u00e0 Yopougon, une commune populaire d&rsquo;Abidjan o\u00f9 sa carri\u00e8re politique a commenc\u00e9.<\/p>\n<p>Des coups d&rsquo;\u00e9clat de Fesci aux Jeunes patriotes<br \/>\nN\u00e9 le 1er janvier 1972 \u00e0 Niagbrahio, dans l&rsquo;ouest du pays, Charles Bl\u00e9 Goud\u00e9 a, comme la majorit\u00e9 des responsables politiques de la nouvelle g\u00e9n\u00e9ration ivoirienne, fait ses classes au sein de la fameuse Fesci, la F\u00e9d\u00e9ration estudiantine et scolaire de C\u00f4te d&rsquo;Ivoire, \u00e0 laquelle il adh\u00e8re en 1990. Un engagement qui lui vaut d&rsquo;\u00eatre emprisonn\u00e9 \u00e0 huit reprises entre 1994 et 1999, la Fesci luttant, \u00e0 l&rsquo;\u00e9poque, aux c\u00f4t\u00e9s du Front populaire ivoirien (FPI) de Laurent Gbagbo pour la d\u00e9mocratisation d&rsquo;un pays verrouill\u00e9 par les r\u00e9gimes de F\u00e9lix Houphou\u00ebt-Boigny et d&rsquo;Henri Konan B\u00e9di\u00e9. De simple militant, il devient secr\u00e9taire g\u00e9n\u00e9ral de l&rsquo;organisation en 1998, succ\u00e9dant \u00e0 Guillaume Soro, appel\u00e9 \u00e0 devenir le leader des Forces nouvelles.<\/p>\n<p>\u00c0 l&rsquo;issue de la guerre ouverte, dite \u00ab\u00a0des machettes\u00a0\u00bb, qui \u00e9clate en 2000 au sein du syndicat, l&rsquo;amiti\u00e9 qui lie Guillaume Soro \u00e0 Charles Bl\u00e9 Goud\u00e9 vole en \u00e9clats. Les deux camarades du d\u00e9partement d&rsquo;anglais deviennent rivaux politiques. Mais ses liens avec Laurent Gbagbo, aupr\u00e8s duquel il s&rsquo;engage lors des \u00ab\u00a0ann\u00e9es de braise\u00a0\u00bb, se renforcent. \u00ab\u00a0Les relations de subordination et de patronage sont tr\u00e8s puissantes au sein de la Fesci, explique Richard Ban\u00e9gas, directeur de la revue \u00ab\u00a0Politique africaine\u00a0\u00bb, dans un article du 22 d\u00e9cembre 2010 sur France 24. Charles Bl\u00e9 Goud\u00e9 est le &lsquo;bon petit&rsquo; de Laurent Gbagbo.\u00a0\u00bb<\/p>\n<p>En 2001, il cr\u00e9e le Congr\u00e8s panafricain des jeunes et des patriotes (Cojep), mouvement de lutte contre l&rsquo;imp\u00e9rialisme et le n\u00e9ocolonialisme. Licence d&rsquo;anglais en poche \u2013 obtenue dans des conditions controvers\u00e9es \u2013, il s&rsquo;inscrit d&rsquo;abord en master de gestion et pr\u00e9vention des conflits \u00e0 Manchester, en Angleterre, avant de tout plaquer pour regagner Abidjan lors du d\u00e9but de la guerre civile en C\u00f4te d&rsquo;Ivoire en septembre 2002 et apporter son soutien au pr\u00e9sident Laurent Gbagbo. Il fonde cette m\u00eame ann\u00e9e l&rsquo;Alliance des jeunes patriotes pour le sursaut national, qui organise plusieurs manifestations, violentes pour certaines, pour obtenir le d\u00e9part des forces arm\u00e9es non ivoiriennes et \u00ab\u00a0l&rsquo;ind\u00e9pendance \u00e9conomique\u00a0\u00bb du pays. Ce mouvement, couramment appel\u00e9 Jeunes patriotes, joue un r\u00f4le important et controvers\u00e9 durant toute la dur\u00e9e de cette crise.<\/p>\n<p>\u00ab\u00a0Si vous dormez, r\u00e9veillez-vous\u00a0\u00bb<br \/>\nLe 6 novembre 2004, alors que Paris a d\u00e9truit l&rsquo;aviation militaire ivoirienne en repr\u00e9sailles \u00e0 l&rsquo;assassinat de neuf soldats fran\u00e7ais, le charismatique leader politique lance \u00e0 la t\u00e9l\u00e9vision un appel \u00e0 la population : \u00ab\u00a0Si vous \u00eates en train de manger, arr\u00eatez-vous. Si vous dormez, r\u00e9veillez-vous. L&rsquo;heure est venue de choisir entre mourir dans la honte ou dans la dignit\u00e9\u00a0\u00bb. Des dizaines de milliers de personnes r\u00e9pondent \u00e0 son ultimatum et de violents affrontements \u00e9clatent dans les rues. Les bellig\u00e9rant, furibonds, s\u2018en prennent \u00e0 des Occidentaux et \u00e0 leurs propri\u00e9t\u00e9s.<\/p>\n<p>D\u00e8s 2005, sentant le vent changer, l&rsquo;orateur cherche d\u00e9sormais \u00e0 pacifier les foules. N&rsquo;h\u00e9sitant pas \u00e0 se comparer \u00e0 Nelson Mandela ou Martin Luther King, il conc\u00e8de quelques \u00ab\u00a0d\u00e9rapages\u00a0\u00bb, pr\u00e9sente des excuses et appelle les Ivoiriens \u00e0 la concorde. Des exercices de repentances quelque peu tardifs pour la justice internationale : il est condamn\u00e9 par l&rsquo;ONU le 7 f\u00e9vrier 2006. Il n&rsquo;a plus le droit de voyager et ses avoirs sont gel\u00e9s.<\/p>\n<p>Cela ne l&#8217;emp\u00eache pas de devenir ministre de la Jeunesse, de la Formation professionnelle et de l&rsquo;Emploi sous la pr\u00e9sidence contest\u00e9e de Laurent Gbagbo, que l&rsquo;opposition ivoirienne et la communaut\u00e9 internationale ne reconnaissent pas. Mais apr\u00e8s de nouveaux affrontements en avril 2011 et l&rsquo;assaut des forces arm\u00e9es d&rsquo;Alassane Ouattara contre le palais pr\u00e9sidentiel d&rsquo;Abidjan, Charles Bl\u00e9 Goud\u00e9 s&rsquo;enfuit en exil. Sous le coup d&rsquo;un mandat d&rsquo;arr\u00eat international, il est arr\u00eat\u00e9 le 17 janvier 2013 \u00e0 Accra, d\u00e9tenu par la police ghan\u00e9enne, puis extrad\u00e9 vers la C\u00f4te d&rsquo;Ivoire le lendemain. La Cour p\u00e9nale internationale annonce avoir \u00e9mis un mandat d&rsquo;arr\u00eat \u00e0 son encontre le 21 d\u00e9cembre 2011, le poursuivant pour crimes contre l&rsquo;humanit\u00e9 commis en 2010-2011 (meurtres, viols, pers\u00e9cutions\u2026). Le 20 mars 2014, le conseil des ministres de C\u00f4te d&rsquo;Ivoire accepte de remettre Bl\u00e9 Goud\u00e9 \u00e0 la CPI. Il y est transf\u00e9r\u00e9 le 22 mars 2014, rejoignant Laurent Gbagbo et son \u00e9pouse Simone.<\/p>\n<p>Cuisine politique<br \/>\n\u00c0 la prison de Scheveningen, le d\u00e9tenu, toujours en costume ou boubou impeccable, consacre une grande partie de son temps aux visites, peaufine sa d\u00e9fense, r\u00e9dige des manuscrits, cuisine. L&rsquo;ancien chef des Patriotes concocte lui-m\u00eame ses recettes culinaires ivoiriennes et africaines gr\u00e2ce \u00e0 un accord pass\u00e9 avec la direction p\u00e9nitentiaire qui l&rsquo;approvisionne en produits alimentaires agricoles ivoiriens et africains. Il mijote son retour.<\/p>\n<p>Le 15 janvier 2019, Charles Bl\u00e9 Goud\u00e9 est acquitt\u00e9 par la Cour p\u00e9nale internationale. Mais un nouveau rebondissement judiciaire suspend sa remise en libert\u00e9, apr\u00e8s un nouvel appel d\u00e9pos\u00e9 par le procureur devant la CPI. Il est alors lib\u00e9r\u00e9 sous condition et est contraint de rester aux Pays-Bas. Il fonde la m\u00eame ann\u00e9e un parti politique, le Congr\u00e8s panafricain pour la justice et l&rsquo;\u00e9galit\u00e9 des peuples (Cojep), dont il est \u00e9lu pr\u00e9sident lors du premier congr\u00e8s du parti, en ao\u00fbt 2019, tablant sur un acquittement prochain.<\/p>\n<p>Laurent Gbagbo, prochain rival politique ?<br \/>\nPari gagn\u00e9, il est d\u00e9finitivement relax\u00e9. Mais le patron du r\u00e9cent Cojep ne peut rentrer au pays, comme Laurant Gbagbo a pu le faire en juin 2021, faute de passeport. Multipliant les excuses et les gestes d&rsquo;apaisement en direction de l&rsquo;actuel pr\u00e9sident Alassane Ouattara, il obtient finalement le pr\u00e9cieux document en mai. Mais il n&rsquo;en a pour autant fini avec la justice. Comme Laurent Gbagbo, il a \u00e9t\u00e9 condamn\u00e9 par contumace en C\u00f4te d&rsquo;Ivoire \u00e0 20 ans de prison pour des faits li\u00e9s \u00e0 la crise post-\u00e9lectorale. Sauf que Laurent Gbagbo a obtenu en ao\u00fbt une gr\u00e2ce pr\u00e9sidentielle dans cette affaire. Celle de Charles Bl\u00e9 Goud\u00e9 est toujours entre les mains d&rsquo;Alassane Ouattara.<\/p>\n<p>Pour la suite, l&rsquo;ancien d\u00e9tenu n&rsquo;a rien d\u00e9voil\u00e9 de ses intentions politiques prochaines. Va-t-il \u00e0 nouveau soutenir Laurent Gbagbo d\u00e9sireux de prendre sa revanche \u00e0 la pr\u00e9sidentielle de 2025 ? Ou prendre le large avec son \u00ab\u00a0p\u00e8re\u00a0\u00bb politique ? Ses liens se sont distendus avec l&rsquo;ancien pr\u00e9sident. Mais le quinquag\u00e9naire l&rsquo;a affirm\u00e9 dans un entretien avec RFI : \u00ab\u00a0[Je ne serai] jamais l&rsquo;adversaire politique du pr\u00e9sident Laurent Gbagbo, quelqu&rsquo;un avec qui j&rsquo;ai tout appris, quelqu&rsquo;un avec qui j&rsquo;ai partag\u00e9 la douleur de la prison.\u00a0\u00bb Dans l&rsquo;attente d&rsquo;une r\u00e9ponse, il se veut \u00ab\u00a0rassembleur\u00a0\u00bb, au-del\u00e0 des clivages politiques. Sans jamais exclure de prendre un jour les r\u00eanes du pays.<\/p>\n","protected":false},"excerpt":{"rendered":"<p>Charles Bl\u00e9 Goud\u00e9, pilier du r\u00e9gime de l&rsquo;ex-pr\u00e9sident ivoirien Laurent Gbagbo, est rentr\u00e9 samedi en C\u00f4te d\u2019Ivoire apr\u00e8s neuf ann\u00e9es pass\u00e9es dans l&rsquo;antre de la justice internationale, \u00e0 La Haye. Son retour, qu&rsquo;il souhaite \u00ab\u00a0sobre\u00a0\u00bb et \u00ab\u00a0sans triomphalisme\u00a0\u00bb ne signifie pas que le leader politique souhaite rester \u00e0 l&rsquo;\u00e9cart de la politique. Bien au contraire.<\/p>\n","protected":false},"author":13112,"featured_media":22781,"comment_status":"open","ping_status":"open","sticky":false,"template":"","format":"standard","meta":{"footnotes":""},"categories":[67,69],"tags":[81,78,82],"class_list":{"0":"post-22784","1":"post","2":"type-post","3":"status-publish","4":"format-standard","5":"has-post-thumbnail","7":"category-actualites","8":"category-politique","9":"tag-actualites","10":"tag-apie-project-2","11":"tag-politique"},"yoast_head":"<!-- This site is optimized with the Yoast SEO plugin v24.4 - https:\/\/yoast.com\/wordpress\/plugins\/seo\/ -->\n<title>De Retour En C\u00f4te D&#039;Ivoire, Charles Bl\u00e9 Goud\u00e9 Veut Rassembler Sans Exclure De Gouverner - APIE NEWS<\/title>\n<meta name=\"robots\" content=\"index, follow, max-snippet:-1, max-image-preview:large, max-video-preview:-1\" \/>\n<link rel=\"canonical\" href=\"https:\/\/appsaf.apieproject.com\/news\/fr\/2022\/12\/09\/de-retour-en-cote-divoire-charles-ble-goude-veut-rassembler-sans-exclure-de-gouverner\/\" \/>\n<meta property=\"og:locale\" content=\"fr_FR\" \/>\n<meta property=\"og:type\" content=\"article\" \/>\n<meta property=\"og:title\" content=\"De Retour En C\u00f4te D&#039;Ivoire, Charles Bl\u00e9 Goud\u00e9 Veut Rassembler Sans Exclure De Gouverner - APIE NEWS\" \/>\n<meta property=\"og:description\" content=\"Charles Bl\u00e9 Goud\u00e9, pilier du r\u00e9gime de l&#039;ex-pr\u00e9sident ivoirien Laurent Gbagbo, est rentr\u00e9 samedi en C\u00f4te d\u2019Ivoire apr\u00e8s neuf ann\u00e9es pass\u00e9es dans l&#039;antre de la justice internationale, \u00e0 La Haye. Son retour, qu&#039;il souhaite &quot;sobre&quot; et &quot;sans triomphalisme&quot; ne signifie pas que le leader politique souhaite rester \u00e0 l&#039;\u00e9cart de la politique. Bien au contraire.\" \/>\n<meta property=\"og:url\" content=\"https:\/\/appsaf.apieproject.com\/news\/fr\/2022\/12\/09\/de-retour-en-cote-divoire-charles-ble-goude-veut-rassembler-sans-exclure-de-gouverner\/\" \/>\n<meta property=\"og:site_name\" content=\"APIE NEWS\" \/>\n<meta property=\"article:publisher\" content=\"https:\/\/facebook.com\/apieproject\" \/>\n<meta property=\"article:published_time\" content=\"2022-12-09T21:09:39+00:00\" \/>\n<meta property=\"article:modified_time\" content=\"2022-12-09T21:09:40+00:00\" \/>\n<meta property=\"og:image\" content=\"https:\/\/appsaf.apieproject.com\/news\/wp-content\/uploads\/sites\/29\/2022\/11\/AP22041604547775-701433bd923b5a68486284d7d79b47d1.jpg\" \/>\n\t<meta property=\"og:image:width\" content=\"1280\" \/>\n\t<meta property=\"og:image:height\" content=\"960\" \/>\n\t<meta property=\"og:image:type\" content=\"image\/jpeg\" \/>\n<meta name=\"author\" content=\"guyetom\" \/>\n<meta name=\"twitter:card\" content=\"summary_large_image\" \/>\n<meta name=\"twitter:creator\" content=\"@apieproject\" \/>\n<meta name=\"twitter:site\" content=\"@apieproject\" \/>\n<meta name=\"twitter:label1\" content=\"\u00c9crit par\" \/>\n\t<meta name=\"twitter:data1\" content=\"guyetom\" \/>\n\t<meta name=\"twitter:label2\" content=\"Dur\u00e9e de lecture estim\u00e9e\" \/>\n\t<meta name=\"twitter:data2\" content=\"6 minutes\" \/>\n<script type=\"application\/ld+json\" class=\"yoast-schema-graph\">{\"@context\":\"https:\/\/schema.org\",\"@graph\":[{\"@type\":\"Article\",\"@id\":\"https:\/\/appsaf.apieproject.com\/news\/fr\/2022\/12\/09\/de-retour-en-cote-divoire-charles-ble-goude-veut-rassembler-sans-exclure-de-gouverner\/#article\",\"isPartOf\":{\"@id\":\"https:\/\/appsaf.apieproject.com\/news\/fr\/2022\/12\/09\/de-retour-en-cote-divoire-charles-ble-goude-veut-rassembler-sans-exclure-de-gouverner\/\"},\"author\":{\"name\":\"guyetom\",\"@id\":\"https:\/\/appsaf.apieproject.com\/news\/#\/schema\/person\/94d8f4e561b283d434da551498c8cb39\"},\"headline\":\"De Retour En C\u00f4te D&rsquo;Ivoire, Charles Bl\u00e9 Goud\u00e9 Veut Rassembler Sans Exclure De Gouverner\",\"datePublished\":\"2022-12-09T21:09:39+00:00\",\"dateModified\":\"2022-12-09T21:09:40+00:00\",\"mainEntityOfPage\":{\"@id\":\"https:\/\/appsaf.apieproject.com\/news\/fr\/2022\/12\/09\/de-retour-en-cote-divoire-charles-ble-goude-veut-rassembler-sans-exclure-de-gouverner\/\"},\"wordCount\":1456,\"commentCount\":0,\"publisher\":{\"@id\":\"https:\/\/appsaf.apieproject.com\/news\/#organization\"},\"image\":{\"@id\":\"https:\/\/appsaf.apieproject.com\/news\/fr\/2022\/12\/09\/de-retour-en-cote-divoire-charles-ble-goude-veut-rassembler-sans-exclure-de-gouverner\/#primaryimage\"},\"thumbnailUrl\":\"https:\/\/appsaf.apieproject.com\/news\/wp-content\/uploads\/sites\/29\/2022\/11\/AP22041604547775-701433bd923b5a68486284d7d79b47d1.jpg\",\"keywords\":[\"actualites\",\"apie project\",\"politique\"],\"articleSection\":[\"Actualit\u00e9s\",\"Politique\"],\"inLanguage\":\"fr-FR\",\"potentialAction\":[{\"@type\":\"CommentAction\",\"name\":\"Comment\",\"target\":[\"https:\/\/appsaf.apieproject.com\/news\/fr\/2022\/12\/09\/de-retour-en-cote-divoire-charles-ble-goude-veut-rassembler-sans-exclure-de-gouverner\/#respond\"]}]},{\"@type\":\"WebPage\",\"@id\":\"https:\/\/appsaf.apieproject.com\/news\/fr\/2022\/12\/09\/de-retour-en-cote-divoire-charles-ble-goude-veut-rassembler-sans-exclure-de-gouverner\/\",\"url\":\"https:\/\/appsaf.apieproject.com\/news\/fr\/2022\/12\/09\/de-retour-en-cote-divoire-charles-ble-goude-veut-rassembler-sans-exclure-de-gouverner\/\",\"name\":\"De Retour En C\u00f4te D'Ivoire, Charles Bl\u00e9 Goud\u00e9 Veut Rassembler Sans Exclure De Gouverner - APIE NEWS\",\"isPartOf\":{\"@id\":\"https:\/\/appsaf.apieproject.com\/news\/#website\"},\"primaryImageOfPage\":{\"@id\":\"https:\/\/appsaf.apieproject.com\/news\/fr\/2022\/12\/09\/de-retour-en-cote-divoire-charles-ble-goude-veut-rassembler-sans-exclure-de-gouverner\/#primaryimage\"},\"image\":{\"@id\":\"https:\/\/appsaf.apieproject.com\/news\/fr\/2022\/12\/09\/de-retour-en-cote-divoire-charles-ble-goude-veut-rassembler-sans-exclure-de-gouverner\/#primaryimage\"},\"thumbnailUrl\":\"https:\/\/appsaf.apieproject.com\/news\/wp-content\/uploads\/sites\/29\/2022\/11\/AP22041604547775-701433bd923b5a68486284d7d79b47d1.jpg\",\"datePublished\":\"2022-12-09T21:09:39+00:00\",\"dateModified\":\"2022-12-09T21:09:40+00:00\",\"breadcrumb\":{\"@id\":\"https:\/\/appsaf.apieproject.com\/news\/fr\/2022\/12\/09\/de-retour-en-cote-divoire-charles-ble-goude-veut-rassembler-sans-exclure-de-gouverner\/#breadcrumb\"},\"inLanguage\":\"fr-FR\",\"potentialAction\":[{\"@type\":\"ReadAction\",\"target\":[\"https:\/\/appsaf.apieproject.com\/news\/fr\/2022\/12\/09\/de-retour-en-cote-divoire-charles-ble-goude-veut-rassembler-sans-exclure-de-gouverner\/\"]}]},{\"@type\":\"ImageObject\",\"inLanguage\":\"fr-FR\",\"@id\":\"https:\/\/appsaf.apieproject.com\/news\/fr\/2022\/12\/09\/de-retour-en-cote-divoire-charles-ble-goude-veut-rassembler-sans-exclure-de-gouverner\/#primaryimage\",\"url\":\"https:\/\/appsaf.apieproject.com\/news\/wp-content\/uploads\/sites\/29\/2022\/11\/AP22041604547775-701433bd923b5a68486284d7d79b47d1.jpg\",\"contentUrl\":\"https:\/\/appsaf.apieproject.com\/news\/wp-content\/uploads\/sites\/29\/2022\/11\/AP22041604547775-701433bd923b5a68486284d7d79b47d1.jpg\",\"width\":1280,\"height\":960},{\"@type\":\"BreadcrumbList\",\"@id\":\"https:\/\/appsaf.apieproject.com\/news\/fr\/2022\/12\/09\/de-retour-en-cote-divoire-charles-ble-goude-veut-rassembler-sans-exclure-de-gouverner\/#breadcrumb\",\"itemListElement\":[{\"@type\":\"ListItem\",\"position\":1,\"name\":\"Home\",\"item\":\"https:\/\/appsaf.apieproject.com\/news\/fr\/home\/\"},{\"@type\":\"ListItem\",\"position\":2,\"name\":\"De Retour En C\u00f4te D&#8217;Ivoire, Charles Bl\u00e9 Goud\u00e9 Veut Rassembler Sans Exclure De Gouverner\"}]},{\"@type\":\"WebSite\",\"@id\":\"https:\/\/appsaf.apieproject.com\/news\/#website\",\"url\":\"https:\/\/appsaf.apieproject.com\/news\/\",\"name\":\"APIE NEWS\",\"description\":\"PANAFRICANISM NEWS PORTAL\",\"publisher\":{\"@id\":\"https:\/\/appsaf.apieproject.com\/news\/#organization\"},\"potentialAction\":[{\"@type\":\"SearchAction\",\"target\":{\"@type\":\"EntryPoint\",\"urlTemplate\":\"https:\/\/appsaf.apieproject.com\/news\/?s={search_term_string}\"},\"query-input\":{\"@type\":\"PropertyValueSpecification\",\"valueRequired\":true,\"valueName\":\"search_term_string\"}}],\"inLanguage\":\"fr-FR\"},{\"@type\":\"Organization\",\"@id\":\"https:\/\/appsaf.apieproject.com\/news\/#organization\",\"name\":\"APIE PROJECT\",\"url\":\"https:\/\/appsaf.apieproject.com\/news\/\",\"logo\":{\"@type\":\"ImageObject\",\"inLanguage\":\"fr-FR\",\"@id\":\"https:\/\/appsaf.apieproject.com\/news\/#\/schema\/logo\/image\/\",\"url\":\"https:\/\/appsaf.apieproject.com\/news\/wp-content\/uploads\/sites\/29\/2022\/07\/logo-R-TransparentBackground.png\",\"contentUrl\":\"https:\/\/appsaf.apieproject.com\/news\/wp-content\/uploads\/sites\/29\/2022\/07\/logo-R-TransparentBackground.png\",\"width\":512,\"height\":512,\"caption\":\"APIE PROJECT\"},\"image\":{\"@id\":\"https:\/\/appsaf.apieproject.com\/news\/#\/schema\/logo\/image\/\"},\"sameAs\":[\"https:\/\/facebook.com\/apieproject\",\"https:\/\/x.com\/apieproject\"]},{\"@type\":\"Person\",\"@id\":\"https:\/\/appsaf.apieproject.com\/news\/#\/schema\/person\/94d8f4e561b283d434da551498c8cb39\",\"name\":\"guyetom\",\"image\":{\"@type\":\"ImageObject\",\"inLanguage\":\"fr-FR\",\"@id\":\"https:\/\/appsaf.apieproject.com\/news\/#\/schema\/person\/image\/\",\"url\":\"https:\/\/secure.gravatar.com\/avatar\/f36d884530ee45302c1f7eadb3f86562?s=96&d=mm&r=g\",\"contentUrl\":\"https:\/\/secure.gravatar.com\/avatar\/f36d884530ee45302c1f7eadb3f86562?s=96&d=mm&r=g\",\"caption\":\"guyetom\"},\"url\":\"https:\/\/appsaf.apieproject.com\/news\/fr\/author\/guyetom\/\"}]}<\/script>\n<!-- \/ Yoast SEO plugin. -->","yoast_head_json":{"title":"De Retour En C\u00f4te D'Ivoire, Charles Bl\u00e9 Goud\u00e9 Veut Rassembler Sans Exclure De Gouverner - APIE NEWS","robots":{"index":"index","follow":"follow","max-snippet":"max-snippet:-1","max-image-preview":"max-image-preview:large","max-video-preview":"max-video-preview:-1"},"canonical":"https:\/\/appsaf.apieproject.com\/news\/fr\/2022\/12\/09\/de-retour-en-cote-divoire-charles-ble-goude-veut-rassembler-sans-exclure-de-gouverner\/","og_locale":"fr_FR","og_type":"article","og_title":"De Retour En C\u00f4te D'Ivoire, Charles Bl\u00e9 Goud\u00e9 Veut Rassembler Sans Exclure De Gouverner - APIE NEWS","og_description":"Charles Bl\u00e9 Goud\u00e9, pilier du r\u00e9gime de l'ex-pr\u00e9sident ivoirien Laurent Gbagbo, est rentr\u00e9 samedi en C\u00f4te d\u2019Ivoire apr\u00e8s neuf ann\u00e9es pass\u00e9es dans l'antre de la justice internationale, \u00e0 La Haye. Son retour, qu'il souhaite \"sobre\" et \"sans triomphalisme\" ne signifie pas que le leader politique souhaite rester \u00e0 l'\u00e9cart de la politique. Bien au contraire.","og_url":"https:\/\/appsaf.apieproject.com\/news\/fr\/2022\/12\/09\/de-retour-en-cote-divoire-charles-ble-goude-veut-rassembler-sans-exclure-de-gouverner\/","og_site_name":"APIE NEWS","article_publisher":"https:\/\/facebook.com\/apieproject","article_published_time":"2022-12-09T21:09:39+00:00","article_modified_time":"2022-12-09T21:09:40+00:00","og_image":[{"width":1280,"height":960,"url":"https:\/\/appsaf.apieproject.com\/news\/wp-content\/uploads\/sites\/29\/2022\/11\/AP22041604547775-701433bd923b5a68486284d7d79b47d1.jpg","type":"image\/jpeg"}],"author":"guyetom","twitter_card":"summary_large_image","twitter_creator":"@apieproject","twitter_site":"@apieproject","twitter_misc":{"\u00c9crit par":"guyetom","Dur\u00e9e de lecture estim\u00e9e":"6 minutes"},"schema":{"@context":"https:\/\/schema.org","@graph":[{"@type":"Article","@id":"https:\/\/appsaf.apieproject.com\/news\/fr\/2022\/12\/09\/de-retour-en-cote-divoire-charles-ble-goude-veut-rassembler-sans-exclure-de-gouverner\/#article","isPartOf":{"@id":"https:\/\/appsaf.apieproject.com\/news\/fr\/2022\/12\/09\/de-retour-en-cote-divoire-charles-ble-goude-veut-rassembler-sans-exclure-de-gouverner\/"},"author":{"name":"guyetom","@id":"https:\/\/appsaf.apieproject.com\/news\/#\/schema\/person\/94d8f4e561b283d434da551498c8cb39"},"headline":"De Retour En C\u00f4te D&rsquo;Ivoire, Charles Bl\u00e9 Goud\u00e9 Veut Rassembler Sans Exclure De Gouverner","datePublished":"2022-12-09T21:09:39+00:00","dateModified":"2022-12-09T21:09:40+00:00","mainEntityOfPage":{"@id":"https:\/\/appsaf.apieproject.com\/news\/fr\/2022\/12\/09\/de-retour-en-cote-divoire-charles-ble-goude-veut-rassembler-sans-exclure-de-gouverner\/"},"wordCount":1456,"commentCount":0,"publisher":{"@id":"https:\/\/appsaf.apieproject.com\/news\/#organization"},"image":{"@id":"https:\/\/appsaf.apieproject.com\/news\/fr\/2022\/12\/09\/de-retour-en-cote-divoire-charles-ble-goude-veut-rassembler-sans-exclure-de-gouverner\/#primaryimage"},"thumbnailUrl":"https:\/\/appsaf.apieproject.com\/news\/wp-content\/uploads\/sites\/29\/2022\/11\/AP22041604547775-701433bd923b5a68486284d7d79b47d1.jpg","keywords":["actualites","apie project","politique"],"articleSection":["Actualit\u00e9s","Politique"],"inLanguage":"fr-FR","potentialAction":[{"@type":"CommentAction","name":"Comment","target":["https:\/\/appsaf.apieproject.com\/news\/fr\/2022\/12\/09\/de-retour-en-cote-divoire-charles-ble-goude-veut-rassembler-sans-exclure-de-gouverner\/#respond"]}]},{"@type":"WebPage","@id":"https:\/\/appsaf.apieproject.com\/news\/fr\/2022\/12\/09\/de-retour-en-cote-divoire-charles-ble-goude-veut-rassembler-sans-exclure-de-gouverner\/","url":"https:\/\/appsaf.apieproject.com\/news\/fr\/2022\/12\/09\/de-retour-en-cote-divoire-charles-ble-goude-veut-rassembler-sans-exclure-de-gouverner\/","name":"De Retour En C\u00f4te D'Ivoire, Charles Bl\u00e9 Goud\u00e9 Veut Rassembler Sans Exclure De Gouverner - APIE NEWS","isPartOf":{"@id":"https:\/\/appsaf.apieproject.com\/news\/#website"},"primaryImageOfPage":{"@id":"https:\/\/appsaf.apieproject.com\/news\/fr\/2022\/12\/09\/de-retour-en-cote-divoire-charles-ble-goude-veut-rassembler-sans-exclure-de-gouverner\/#primaryimage"},"image":{"@id":"https:\/\/appsaf.apieproject.com\/news\/fr\/2022\/12\/09\/de-retour-en-cote-divoire-charles-ble-goude-veut-rassembler-sans-exclure-de-gouverner\/#primaryimage"},"thumbnailUrl":"https:\/\/appsaf.apieproject.com\/news\/wp-content\/uploads\/sites\/29\/2022\/11\/AP22041604547775-701433bd923b5a68486284d7d79b47d1.jpg","datePublished":"2022-12-09T21:09:39+00:00","dateModified":"2022-12-09T21:09:40+00:00","breadcrumb":{"@id":"https:\/\/appsaf.apieproject.com\/news\/fr\/2022\/12\/09\/de-retour-en-cote-divoire-charles-ble-goude-veut-rassembler-sans-exclure-de-gouverner\/#breadcrumb"},"inLanguage":"fr-FR","potentialAction":[{"@type":"ReadAction","target":["https:\/\/appsaf.apieproject.com\/news\/fr\/2022\/12\/09\/de-retour-en-cote-divoire-charles-ble-goude-veut-rassembler-sans-exclure-de-gouverner\/"]}]},{"@type":"ImageObject","inLanguage":"fr-FR","@id":"https:\/\/appsaf.apieproject.com\/news\/fr\/2022\/12\/09\/de-retour-en-cote-divoire-charles-ble-goude-veut-rassembler-sans-exclure-de-gouverner\/#primaryimage","url":"https:\/\/appsaf.apieproject.com\/news\/wp-content\/uploads\/sites\/29\/2022\/11\/AP22041604547775-701433bd923b5a68486284d7d79b47d1.jpg","contentUrl":"https:\/\/appsaf.apieproject.com\/news\/wp-content\/uploads\/sites\/29\/2022\/11\/AP22041604547775-701433bd923b5a68486284d7d79b47d1.jpg","width":1280,"height":960},{"@type":"BreadcrumbList","@id":"https:\/\/appsaf.apieproject.com\/news\/fr\/2022\/12\/09\/de-retour-en-cote-divoire-charles-ble-goude-veut-rassembler-sans-exclure-de-gouverner\/#breadcrumb","itemListElement":[{"@type":"ListItem","position":1,"name":"Home","item":"https:\/\/appsaf.apieproject.com\/news\/fr\/home\/"},{"@type":"ListItem","position":2,"name":"De Retour En C\u00f4te D&#8217;Ivoire, Charles Bl\u00e9 Goud\u00e9 Veut Rassembler Sans Exclure De Gouverner"}]},{"@type":"WebSite","@id":"https:\/\/appsaf.apieproject.com\/news\/#website","url":"https:\/\/appsaf.apieproject.com\/news\/","name":"APIE NEWS","description":"PANAFRICANISM NEWS PORTAL","publisher":{"@id":"https:\/\/appsaf.apieproject.com\/news\/#organization"},"potentialAction":[{"@type":"SearchAction","target":{"@type":"EntryPoint","urlTemplate":"https:\/\/appsaf.apieproject.com\/news\/?s={search_term_string}"},"query-input":{"@type":"PropertyValueSpecification","valueRequired":true,"valueName":"search_term_string"}}],"inLanguage":"fr-FR"},{"@type":"Organization","@id":"https:\/\/appsaf.apieproject.com\/news\/#organization","name":"APIE PROJECT","url":"https:\/\/appsaf.apieproject.com\/news\/","logo":{"@type":"ImageObject","inLanguage":"fr-FR","@id":"https:\/\/appsaf.apieproject.com\/news\/#\/schema\/logo\/image\/","url":"https:\/\/appsaf.apieproject.com\/news\/wp-content\/uploads\/sites\/29\/2022\/07\/logo-R-TransparentBackground.png","contentUrl":"https:\/\/appsaf.apieproject.com\/news\/wp-content\/uploads\/sites\/29\/2022\/07\/logo-R-TransparentBackground.png","width":512,"height":512,"caption":"APIE PROJECT"},"image":{"@id":"https:\/\/appsaf.apieproject.com\/news\/#\/schema\/logo\/image\/"},"sameAs":["https:\/\/facebook.com\/apieproject","https:\/\/x.com\/apieproject"]},{"@type":"Person","@id":"https:\/\/appsaf.apieproject.com\/news\/#\/schema\/person\/94d8f4e561b283d434da551498c8cb39","name":"guyetom","image":{"@type":"ImageObject","inLanguage":"fr-FR","@id":"https:\/\/appsaf.apieproject.com\/news\/#\/schema\/person\/image\/","url":"https:\/\/secure.gravatar.com\/avatar\/f36d884530ee45302c1f7eadb3f86562?s=96&d=mm&r=g","contentUrl":"https:\/\/secure.gravatar.com\/avatar\/f36d884530ee45302c1f7eadb3f86562?s=96&d=mm&r=g","caption":"guyetom"},"url":"https:\/\/appsaf.apieproject.com\/news\/fr\/author\/guyetom\/"}]}},"_links":{"self":[{"href":"https:\/\/appsaf.apieproject.com\/news\/fr\/wp-json\/wp\/v2\/posts\/22784","targetHints":{"allow":["GET"]}}],"collection":[{"href":"https:\/\/appsaf.apieproject.com\/news\/fr\/wp-json\/wp\/v2\/posts"}],"about":[{"href":"https:\/\/appsaf.apieproject.com\/news\/fr\/wp-json\/wp\/v2\/types\/post"}],"author":[{"embeddable":true,"href":"https:\/\/appsaf.apieproject.com\/news\/fr\/wp-json\/wp\/v2\/users\/13112"}],"replies":[{"embeddable":true,"href":"https:\/\/appsaf.apieproject.com\/news\/fr\/wp-json\/wp\/v2\/comments?post=22784"}],"version-history":[{"count":1,"href":"https:\/\/appsaf.apieproject.com\/news\/fr\/wp-json\/wp\/v2\/posts\/22784\/revisions"}],"predecessor-version":[{"id":23588,"href":"https:\/\/appsaf.apieproject.com\/news\/fr\/wp-json\/wp\/v2\/posts\/22784\/revisions\/23588"}],"wp:featuredmedia":[{"embeddable":true,"href":"https:\/\/appsaf.apieproject.com\/news\/fr\/wp-json\/wp\/v2\/media\/22781"}],"wp:attachment":[{"href":"https:\/\/appsaf.apieproject.com\/news\/fr\/wp-json\/wp\/v2\/media?parent=22784"}],"wp:term":[{"taxonomy":"category","embeddable":true,"href":"https:\/\/appsaf.apieproject.com\/news\/fr\/wp-json\/wp\/v2\/categories?post=22784"},{"taxonomy":"post_tag","embeddable":true,"href":"https:\/\/appsaf.apieproject.com\/news\/fr\/wp-json\/wp\/v2\/tags?post=22784"}],"curies":[{"name":"wp","href":"https:\/\/api.w.org\/{rel}","templated":true}]}}