{"id":22788,"date":"2022-12-09T21:10:37","date_gmt":"2022-12-09T21:10:37","guid":{"rendered":"https:\/\/appsaf.apieproject.com\/news\/?p=22788"},"modified":"2022-12-09T21:10:38","modified_gmt":"2022-12-09T21:10:38","slug":"observatoire-panafricain-de-laudiovisuel-et-cinema-souad-houssein-augmenter-le-potentiel-economique-des-filieres-du-cinema-africain","status":"publish","type":"post","link":"https:\/\/appsaf.apieproject.com\/news\/fr\/2022\/12\/09\/observatoire-panafricain-de-laudiovisuel-et-cinema-souad-houssein-augmenter-le-potentiel-economique-des-filieres-du-cinema-africain\/","title":{"rendered":"Observatoire Panafricain De L\u2019Audiovisuel Et Cin\u00e9ma\/ Souad Houssein : \u00ab Augmenter Le Potentiel \u00c9conomique Des Fili\u00e8res Du Cin\u00e9ma Africain \u00bb"},"content":{"rendered":"<p>Vous venez d\u2019assister \u00e0 la 27\u00e8me \u00e9dition du Festival International du Cin\u00e9ma d\u2019auteur de Rabat, organis\u00e9e du 17 au 24 novembre. Que vous inspire cet \u00e9v\u00e9nement ?<\/p>\n<p>Ce Festival m\u2019inspire du respect pour son anciennet\u00e9 et son professionnalisme. Il s\u2019agit d\u2019une manifestation ancienne, qui a tenu sa 27\u00e8me \u00e9dition. Nous devons donc dans un premier temps saluer cette belle long\u00e9vit\u00e9 du Festival International du Cin\u00e9ma d\u2019Auteur de Rabat car il n\u2019est pas ais\u00e9 de maintenir, dans la dur\u00e9e, un \u00e9v\u00e8nement de cette envergure. Malheureusement, nous l\u2019avons vu, dans de nombreux pays, des festivals naissent et disparaissent faute de moyens ou pris par d\u2019autres al\u00e9as. S\u2019agissant du positionnement du FICAR, il entend mettre en avant la production internationale port\u00e9e par un regard d\u2019auteur(e)\/r\u00e9alisateur(trice).<\/p>\n<p>Au niveau mondial c\u2019est un positionnement qui cohabite avec un cin\u00e9ma plus commercial et grand public mais au niveau des pays d\u2019Afrique francophone c\u2019est quasiment la norme car qui dit cin\u00e9ma d\u2019auteur dit cin\u00e9ma exigeant \u00e0 budget r\u00e9duit. Ce cin\u00e9ma est important car il contribue \u00e0 l\u2019\u00e9ducation de la jeunesse qui, par ailleurs, ne manque pas de films commerciaux et grand public disponibles partout, sur tous les supports possibles.<\/p>\n<p>Comme toutes les \u00e9ditions, celle-ci a pu proposer des films de talents naissants et des films de r\u00e9alisateurs reconnus. Le Maroc propose de nombreux festivals tr\u00e8s professionnels et celui-ci en fait partie et il est important de tous les encourager. Lors de cette \u00e9dition, des hommages ont \u00e9t\u00e9 rendus \u00e0 des personnalit\u00e9s du cin\u00e9ma, des projections ont eu lieu, des tables rondes et des masters classe \u00e9galement. Tout y a \u00e9t\u00e9 bien organis\u00e9. Et surtout les professionnels ont pu y faire des rencontres qui s\u2019av\u00e9reront certainement fructueuses pour leur projet \u00e0 venir.<\/p>\n<p>Cette 27\u00e8me \u00e9dition du FICAR a \u00e9t\u00e9 plac\u00e9e sous l\u2019\u00e9gide de \u00ab Rabat, Capitale de la Culture Africaine 2022 \u00bb. Comment cette c\u00e9l\u00e9bration s\u2019est-elle mat\u00e9rialis\u00e9e ?<\/p>\n<p>Tout d\u2019abord cette \u00e9dition a \u00e9t\u00e9 co-construite par le FICAR et le festival du cin\u00e9ma africain de LUXOR (Egypte). Par ailleurs, elle s\u2019est distingu\u00e9e par une forte d\u00e9l\u00e9gation de professionnels originaires de pays d\u2019Afrique et une programmation de films du patrimoine cin\u00e9matographique africain. Trois r\u00e9alisateurs de renoms ont \u00e9t\u00e9 honor\u00e9s. Il s\u2019agit de Gaston Kabor\u00e9 (Burkina Faso), Moussa Tour\u00e9 (S\u00e9n\u00e9gal), Nabil Ayouch (Maroc), \u00e9taient \u00e9galement pr\u00e9sents un repr\u00e9sentant du FESPACO, la biennale du cin\u00e9ma africain bas\u00e9e \u00e0 Ouagadougou au Burkina Faso connue de tous, ainsi que de nombreux repr\u00e9sentants de m\u00e9dias. De plus, l\u2019Afrique \u00e9tait largement repr\u00e9sent\u00e9e au sein des diff\u00e9rents jurys (Nig\u00e9ria, S\u00e9n\u00e9gal, Cameroun&#8230; etc).<\/p>\n<p>Il convient de saluer et se f\u00e9liciter qu\u2019en marge du Festival International du Cin\u00e9ma d\u2019auteur de Rabat une convention de coop\u00e9ration entre l\u2019Union des auteurs et r\u00e9alisateurs marocains (URAM) et l\u2019association des Cin\u00e9astes s\u00e9n\u00e9galais associ\u00e9s (CINEASAS) a \u00e9t\u00e9 sign\u00e9e. C\u2019est un signal fort et un tremplin dans l\u2019autonomisation, car c\u2019est un partenariat port\u00e9 par deux associations et non initi\u00e9 par des Etats. Nous devrions arriver \u00e0 ce que le cin\u00e9ma africain soit un outil de d\u00e9veloppement.<\/p>\n<p>Cette initiative, qui porte sur une mutualisation des moyens de production, promotion et formation est \u00e0 suivre car l\u2019Afrique a r\u00e9ellement besoin d\u2019autonomie en mati\u00e8re de r\u00e9alisation et de production. Cela est devenu une n\u00e9cessit\u00e9 imp\u00e9rieuse. Bien entendu, la coop\u00e9ration internationale demeure indispensable dans le secteur du 7\u00e8me Art.<\/p>\n<p>De plus une table ronde a \u00e9t\u00e9 organis\u00e9e sur l\u2019\u00e9volution de l\u2019industrie du cin\u00e9ma africain durant les vingt derni\u00e8res ann\u00e9es r\u00e9unissant diff\u00e9rentes personnalit\u00e9s et experts. Pour ma part, j\u2019y ai pr\u00e9sent\u00e9 le projet d\u2019observatoire panafricain de l\u2019audiovisuel et du cin\u00e9ma (OPAC) que je d\u00e9veloppe actuellement avec une \u00e9quipe d\u2019experts pluridisciplinaire et multiculturelle.<\/p>\n<p>Justement, quelle est la gen\u00e8se de ce projet d\u00e9nomm\u00e9 l\u2019Observatoire panafricain de l\u2019audiovisuel et du cin\u00e9ma que vous portez pour promouvoir, manager et soutenir le 7\u00e8me Art sur le continent ?<\/p>\n<p>Naturellement, c\u2019est dans le souci d\u2019augmenter le potentiel \u00e9conomique du secteur \u00e0 travers l\u2019acc\u00e8s \u00e0 l\u2019information, lequel est un pr\u00e9alable indispensable \u00e0 tout investissement soutenu. Il nous a sembl\u00e9 n\u00e9cessaire de cr\u00e9er cet \u00ab Observatoire \u00bb afin de contribuer \u00e0 faire tomber les barri\u00e8res et les blocages qui p\u00e9nalisent bien souvent cette industrie dite \u00ab co\u00fbteuse \u00bb et incertaine<\/p>\n<p>Il est \u00e9galement vrai que ni la qualit\u00e9 d\u2019une \u0153uvre, ni l\u2019exp\u00e9rience d\u2019un r\u00e9alisateur ne peuvent garantir le succ\u00e8s d\u2019une \u0153uvre cin\u00e9matographique ou d\u2019une s\u00e9rie t\u00e9l\u00e9vis\u00e9e. Mais la mutualisation des efforts sur le continent peut \u00eatre un facteur d\u2019\u00e9mulation et de compl\u00e9mentarit\u00e9 pour faire du cin\u00e9ma un pilier du d\u00e9veloppement \u00e9conomique du continent. Bien qu\u2019il faille souligner avec force que la production d\u2019images est en r\u00e9el essor en Afrique, d\u00e9sormais forte tant sur le plan quantitatif que qualitatif, elle est reconnue, recherch\u00e9e, accueillie et s\u2019internationalise, gr\u00e2ce notamment aux festivals et aux plateformes num\u00e9riques.<\/p>\n<p>Au plan international les plateformes proposent d\u00e9sormais \u00e0 port\u00e9e de clic, une diversit\u00e9 cin\u00e9matographique et audiovisuelle jamais atteinte o\u00f9 l\u2019Afrique est bien pr\u00e9sente, tandis qu\u2019au niveau national les salles renaissent un peu partout. Tout cela est tr\u00e8s encourageant, et l\u2019observatoire donnera le coup de pouce d\u00e9cisif, j\u2019en suis convaincue.<\/p>\n","protected":false},"excerpt":{"rendered":"<p>Experte des cin\u00e9mas d\u2019Afrique, Mme Souad Houssein est Fondatrice de l\u2019Observatoire panafricain de l\u2019audiovisuel et cin\u00e9ma (OPAC), un instrument panafricain de gouvernance culturelle d\u00e9di\u00e9 aux fili\u00e8res cin\u00e9matographiques et audiovisuelles, dont la mission principale est de servir de levier \u00e9conomique pour contribuer \u00e0 la croissance de leur industrie dans les 54 pays d\u2019Afrique. Explications \u00e0 travers cet entretien r\u00e9alis\u00e9 en marge de la 27\u00e8me \u00e9dition du Festival International du Cin\u00e9ma d\u2019auteur de Rabat.<\/p>\n","protected":false},"author":13112,"featured_media":22785,"comment_status":"open","ping_status":"open","sticky":false,"template":"","format":"standard","meta":{"footnotes":""},"categories":[53,55],"tags":[78,87,88],"class_list":{"0":"post-22788","1":"post","2":"type-post","3":"status-publish","4":"format-standard","5":"has-post-thumbnail","7":"category-culture-fr","8":"category-divertissement","9":"tag-apie-project-2","10":"tag-culture-2","11":"tag-divertissement"},"yoast_head":"<!-- This site is optimized with the Yoast SEO plugin v24.4 - https:\/\/yoast.com\/wordpress\/plugins\/seo\/ -->\n<title>Observatoire Panafricain De L\u2019Audiovisuel Et Cin\u00e9ma\/ Souad Houssein : \u00ab Augmenter Le Potentiel \u00c9conomique Des Fili\u00e8res Du Cin\u00e9ma Africain \u00bb - APIE NEWS<\/title>\n<meta name=\"robots\" content=\"index, follow, max-snippet:-1, max-image-preview:large, max-video-preview:-1\" \/>\n<link rel=\"canonical\" href=\"https:\/\/appsaf.apieproject.com\/news\/fr\/2022\/12\/09\/observatoire-panafricain-de-laudiovisuel-et-cinema-souad-houssein-augmenter-le-potentiel-economique-des-filieres-du-cinema-africain\/\" \/>\n<meta property=\"og:locale\" content=\"fr_FR\" \/>\n<meta property=\"og:type\" content=\"article\" \/>\n<meta property=\"og:title\" content=\"Observatoire Panafricain De L\u2019Audiovisuel Et Cin\u00e9ma\/ Souad Houssein : \u00ab Augmenter Le Potentiel \u00c9conomique Des Fili\u00e8res Du Cin\u00e9ma Africain \u00bb - APIE NEWS\" \/>\n<meta property=\"og:description\" content=\"Experte des cin\u00e9mas d\u2019Afrique, Mme Souad Houssein est Fondatrice de l\u2019Observatoire panafricain de l\u2019audiovisuel et cin\u00e9ma (OPAC), un instrument panafricain de gouvernance culturelle d\u00e9di\u00e9 aux fili\u00e8res cin\u00e9matographiques et audiovisuelles, dont la mission principale est de servir de levier \u00e9conomique pour contribuer \u00e0 la croissance de leur industrie dans les 54 pays d\u2019Afrique. Explications \u00e0 travers cet entretien r\u00e9alis\u00e9 en marge de la 27\u00e8me \u00e9dition du Festival International du Cin\u00e9ma d\u2019auteur de Rabat.\" \/>\n<meta property=\"og:url\" content=\"https:\/\/appsaf.apieproject.com\/news\/fr\/2022\/12\/09\/observatoire-panafricain-de-laudiovisuel-et-cinema-souad-houssein-augmenter-le-potentiel-economique-des-filieres-du-cinema-africain\/\" \/>\n<meta property=\"og:site_name\" content=\"APIE NEWS\" \/>\n<meta property=\"article:publisher\" content=\"https:\/\/facebook.com\/apieproject\" \/>\n<meta property=\"article:published_time\" content=\"2022-12-09T21:10:37+00:00\" \/>\n<meta property=\"article:modified_time\" content=\"2022-12-09T21:10:38+00:00\" \/>\n<meta property=\"og:image\" content=\"https:\/\/appsaf.apieproject.com\/news\/wp-content\/uploads\/sites\/29\/2022\/11\/132831-3ccb7a68d5355cc0d6a2133a7450fd5c.jpg\" \/>\n\t<meta property=\"og:image:width\" content=\"800\" \/>\n\t<meta property=\"og:image:height\" content=\"448\" \/>\n\t<meta property=\"og:image:type\" content=\"image\/jpeg\" \/>\n<meta name=\"author\" content=\"guyetom\" \/>\n<meta name=\"twitter:card\" content=\"summary_large_image\" \/>\n<meta name=\"twitter:creator\" content=\"@apieproject\" \/>\n<meta name=\"twitter:site\" content=\"@apieproject\" \/>\n<meta name=\"twitter:label1\" content=\"\u00c9crit par\" \/>\n\t<meta name=\"twitter:data1\" content=\"guyetom\" \/>\n\t<meta name=\"twitter:label2\" content=\"Dur\u00e9e de lecture estim\u00e9e\" \/>\n\t<meta name=\"twitter:data2\" content=\"4 minutes\" \/>\n<script type=\"application\/ld+json\" class=\"yoast-schema-graph\">{\"@context\":\"https:\/\/schema.org\",\"@graph\":[{\"@type\":\"Article\",\"@id\":\"https:\/\/appsaf.apieproject.com\/news\/fr\/2022\/12\/09\/observatoire-panafricain-de-laudiovisuel-et-cinema-souad-houssein-augmenter-le-potentiel-economique-des-filieres-du-cinema-africain\/#article\",\"isPartOf\":{\"@id\":\"https:\/\/appsaf.apieproject.com\/news\/fr\/2022\/12\/09\/observatoire-panafricain-de-laudiovisuel-et-cinema-souad-houssein-augmenter-le-potentiel-economique-des-filieres-du-cinema-africain\/\"},\"author\":{\"name\":\"guyetom\",\"@id\":\"https:\/\/appsaf.apieproject.com\/news\/#\/schema\/person\/94d8f4e561b283d434da551498c8cb39\"},\"headline\":\"Observatoire Panafricain De L\u2019Audiovisuel Et Cin\u00e9ma\/ Souad Houssein : \u00ab Augmenter Le Potentiel \u00c9conomique Des Fili\u00e8res Du Cin\u00e9ma Africain \u00bb\",\"datePublished\":\"2022-12-09T21:10:37+00:00\",\"dateModified\":\"2022-12-09T21:10:38+00:00\",\"mainEntityOfPage\":{\"@id\":\"https:\/\/appsaf.apieproject.com\/news\/fr\/2022\/12\/09\/observatoire-panafricain-de-laudiovisuel-et-cinema-souad-houssein-augmenter-le-potentiel-economique-des-filieres-du-cinema-africain\/\"},\"wordCount\":986,\"commentCount\":0,\"publisher\":{\"@id\":\"https:\/\/appsaf.apieproject.com\/news\/#organization\"},\"image\":{\"@id\":\"https:\/\/appsaf.apieproject.com\/news\/fr\/2022\/12\/09\/observatoire-panafricain-de-laudiovisuel-et-cinema-souad-houssein-augmenter-le-potentiel-economique-des-filieres-du-cinema-africain\/#primaryimage\"},\"thumbnailUrl\":\"https:\/\/appsaf.apieproject.com\/news\/wp-content\/uploads\/sites\/29\/2022\/11\/132831-3ccb7a68d5355cc0d6a2133a7450fd5c.jpg\",\"keywords\":[\"apie project\",\"culture\",\"divertissement\"],\"articleSection\":[\"Culture\",\"Divertissement\"],\"inLanguage\":\"fr-FR\",\"potentialAction\":[{\"@type\":\"CommentAction\",\"name\":\"Comment\",\"target\":[\"https:\/\/appsaf.apieproject.com\/news\/fr\/2022\/12\/09\/observatoire-panafricain-de-laudiovisuel-et-cinema-souad-houssein-augmenter-le-potentiel-economique-des-filieres-du-cinema-africain\/#respond\"]}]},{\"@type\":\"WebPage\",\"@id\":\"https:\/\/appsaf.apieproject.com\/news\/fr\/2022\/12\/09\/observatoire-panafricain-de-laudiovisuel-et-cinema-souad-houssein-augmenter-le-potentiel-economique-des-filieres-du-cinema-africain\/\",\"url\":\"https:\/\/appsaf.apieproject.com\/news\/fr\/2022\/12\/09\/observatoire-panafricain-de-laudiovisuel-et-cinema-souad-houssein-augmenter-le-potentiel-economique-des-filieres-du-cinema-africain\/\",\"name\":\"Observatoire Panafricain De L\u2019Audiovisuel Et Cin\u00e9ma\/ Souad Houssein : \u00ab Augmenter Le Potentiel \u00c9conomique Des Fili\u00e8res Du Cin\u00e9ma Africain \u00bb - APIE NEWS\",\"isPartOf\":{\"@id\":\"https:\/\/appsaf.apieproject.com\/news\/#website\"},\"primaryImageOfPage\":{\"@id\":\"https:\/\/appsaf.apieproject.com\/news\/fr\/2022\/12\/09\/observatoire-panafricain-de-laudiovisuel-et-cinema-souad-houssein-augmenter-le-potentiel-economique-des-filieres-du-cinema-africain\/#primaryimage\"},\"image\":{\"@id\":\"https:\/\/appsaf.apieproject.com\/news\/fr\/2022\/12\/09\/observatoire-panafricain-de-laudiovisuel-et-cinema-souad-houssein-augmenter-le-potentiel-economique-des-filieres-du-cinema-africain\/#primaryimage\"},\"thumbnailUrl\":\"https:\/\/appsaf.apieproject.com\/news\/wp-content\/uploads\/sites\/29\/2022\/11\/132831-3ccb7a68d5355cc0d6a2133a7450fd5c.jpg\",\"datePublished\":\"2022-12-09T21:10:37+00:00\",\"dateModified\":\"2022-12-09T21:10:38+00:00\",\"breadcrumb\":{\"@id\":\"https:\/\/appsaf.apieproject.com\/news\/fr\/2022\/12\/09\/observatoire-panafricain-de-laudiovisuel-et-cinema-souad-houssein-augmenter-le-potentiel-economique-des-filieres-du-cinema-africain\/#breadcrumb\"},\"inLanguage\":\"fr-FR\",\"potentialAction\":[{\"@type\":\"ReadAction\",\"target\":[\"https:\/\/appsaf.apieproject.com\/news\/fr\/2022\/12\/09\/observatoire-panafricain-de-laudiovisuel-et-cinema-souad-houssein-augmenter-le-potentiel-economique-des-filieres-du-cinema-africain\/\"]}]},{\"@type\":\"ImageObject\",\"inLanguage\":\"fr-FR\",\"@id\":\"https:\/\/appsaf.apieproject.com\/news\/fr\/2022\/12\/09\/observatoire-panafricain-de-laudiovisuel-et-cinema-souad-houssein-augmenter-le-potentiel-economique-des-filieres-du-cinema-africain\/#primaryimage\",\"url\":\"https:\/\/appsaf.apieproject.com\/news\/wp-content\/uploads\/sites\/29\/2022\/11\/132831-3ccb7a68d5355cc0d6a2133a7450fd5c.jpg\",\"contentUrl\":\"https:\/\/appsaf.apieproject.com\/news\/wp-content\/uploads\/sites\/29\/2022\/11\/132831-3ccb7a68d5355cc0d6a2133a7450fd5c.jpg\",\"width\":800,\"height\":448},{\"@type\":\"BreadcrumbList\",\"@id\":\"https:\/\/appsaf.apieproject.com\/news\/fr\/2022\/12\/09\/observatoire-panafricain-de-laudiovisuel-et-cinema-souad-houssein-augmenter-le-potentiel-economique-des-filieres-du-cinema-africain\/#breadcrumb\",\"itemListElement\":[{\"@type\":\"ListItem\",\"position\":1,\"name\":\"Home\",\"item\":\"https:\/\/appsaf.apieproject.com\/news\/fr\/home\/\"},{\"@type\":\"ListItem\",\"position\":2,\"name\":\"Observatoire Panafricain De L\u2019Audiovisuel Et Cin\u00e9ma\/ Souad Houssein : \u00ab Augmenter Le Potentiel \u00c9conomique Des Fili\u00e8res Du Cin\u00e9ma Africain \u00bb\"}]},{\"@type\":\"WebSite\",\"@id\":\"https:\/\/appsaf.apieproject.com\/news\/#website\",\"url\":\"https:\/\/appsaf.apieproject.com\/news\/\",\"name\":\"APIE NEWS\",\"description\":\"PANAFRICANISM NEWS PORTAL\",\"publisher\":{\"@id\":\"https:\/\/appsaf.apieproject.com\/news\/#organization\"},\"potentialAction\":[{\"@type\":\"SearchAction\",\"target\":{\"@type\":\"EntryPoint\",\"urlTemplate\":\"https:\/\/appsaf.apieproject.com\/news\/?s={search_term_string}\"},\"query-input\":{\"@type\":\"PropertyValueSpecification\",\"valueRequired\":true,\"valueName\":\"search_term_string\"}}],\"inLanguage\":\"fr-FR\"},{\"@type\":\"Organization\",\"@id\":\"https:\/\/appsaf.apieproject.com\/news\/#organization\",\"name\":\"APIE PROJECT\",\"url\":\"https:\/\/appsaf.apieproject.com\/news\/\",\"logo\":{\"@type\":\"ImageObject\",\"inLanguage\":\"fr-FR\",\"@id\":\"https:\/\/appsaf.apieproject.com\/news\/#\/schema\/logo\/image\/\",\"url\":\"https:\/\/appsaf.apieproject.com\/news\/wp-content\/uploads\/sites\/29\/2022\/07\/logo-R-TransparentBackground.png\",\"contentUrl\":\"https:\/\/appsaf.apieproject.com\/news\/wp-content\/uploads\/sites\/29\/2022\/07\/logo-R-TransparentBackground.png\",\"width\":512,\"height\":512,\"caption\":\"APIE PROJECT\"},\"image\":{\"@id\":\"https:\/\/appsaf.apieproject.com\/news\/#\/schema\/logo\/image\/\"},\"sameAs\":[\"https:\/\/facebook.com\/apieproject\",\"https:\/\/x.com\/apieproject\"]},{\"@type\":\"Person\",\"@id\":\"https:\/\/appsaf.apieproject.com\/news\/#\/schema\/person\/94d8f4e561b283d434da551498c8cb39\",\"name\":\"guyetom\",\"image\":{\"@type\":\"ImageObject\",\"inLanguage\":\"fr-FR\",\"@id\":\"https:\/\/appsaf.apieproject.com\/news\/#\/schema\/person\/image\/\",\"url\":\"https:\/\/secure.gravatar.com\/avatar\/f36d884530ee45302c1f7eadb3f86562?s=96&d=mm&r=g\",\"contentUrl\":\"https:\/\/secure.gravatar.com\/avatar\/f36d884530ee45302c1f7eadb3f86562?s=96&d=mm&r=g\",\"caption\":\"guyetom\"},\"url\":\"https:\/\/appsaf.apieproject.com\/news\/fr\/author\/guyetom\/\"}]}<\/script>\n<!-- \/ Yoast SEO plugin. -->","yoast_head_json":{"title":"Observatoire Panafricain De L\u2019Audiovisuel Et Cin\u00e9ma\/ Souad Houssein : \u00ab Augmenter Le Potentiel \u00c9conomique Des Fili\u00e8res Du Cin\u00e9ma Africain \u00bb - APIE NEWS","robots":{"index":"index","follow":"follow","max-snippet":"max-snippet:-1","max-image-preview":"max-image-preview:large","max-video-preview":"max-video-preview:-1"},"canonical":"https:\/\/appsaf.apieproject.com\/news\/fr\/2022\/12\/09\/observatoire-panafricain-de-laudiovisuel-et-cinema-souad-houssein-augmenter-le-potentiel-economique-des-filieres-du-cinema-africain\/","og_locale":"fr_FR","og_type":"article","og_title":"Observatoire Panafricain De L\u2019Audiovisuel Et Cin\u00e9ma\/ Souad Houssein : \u00ab Augmenter Le Potentiel \u00c9conomique Des Fili\u00e8res Du Cin\u00e9ma Africain \u00bb - APIE NEWS","og_description":"Experte des cin\u00e9mas d\u2019Afrique, Mme Souad Houssein est Fondatrice de l\u2019Observatoire panafricain de l\u2019audiovisuel et cin\u00e9ma (OPAC), un instrument panafricain de gouvernance culturelle d\u00e9di\u00e9 aux fili\u00e8res cin\u00e9matographiques et audiovisuelles, dont la mission principale est de servir de levier \u00e9conomique pour contribuer \u00e0 la croissance de leur industrie dans les 54 pays d\u2019Afrique. Explications \u00e0 travers cet entretien r\u00e9alis\u00e9 en marge de la 27\u00e8me \u00e9dition du Festival International du Cin\u00e9ma d\u2019auteur de Rabat.","og_url":"https:\/\/appsaf.apieproject.com\/news\/fr\/2022\/12\/09\/observatoire-panafricain-de-laudiovisuel-et-cinema-souad-houssein-augmenter-le-potentiel-economique-des-filieres-du-cinema-africain\/","og_site_name":"APIE NEWS","article_publisher":"https:\/\/facebook.com\/apieproject","article_published_time":"2022-12-09T21:10:37+00:00","article_modified_time":"2022-12-09T21:10:38+00:00","og_image":[{"width":800,"height":448,"url":"https:\/\/appsaf.apieproject.com\/news\/wp-content\/uploads\/sites\/29\/2022\/11\/132831-3ccb7a68d5355cc0d6a2133a7450fd5c.jpg","type":"image\/jpeg"}],"author":"guyetom","twitter_card":"summary_large_image","twitter_creator":"@apieproject","twitter_site":"@apieproject","twitter_misc":{"\u00c9crit par":"guyetom","Dur\u00e9e de lecture estim\u00e9e":"4 minutes"},"schema":{"@context":"https:\/\/schema.org","@graph":[{"@type":"Article","@id":"https:\/\/appsaf.apieproject.com\/news\/fr\/2022\/12\/09\/observatoire-panafricain-de-laudiovisuel-et-cinema-souad-houssein-augmenter-le-potentiel-economique-des-filieres-du-cinema-africain\/#article","isPartOf":{"@id":"https:\/\/appsaf.apieproject.com\/news\/fr\/2022\/12\/09\/observatoire-panafricain-de-laudiovisuel-et-cinema-souad-houssein-augmenter-le-potentiel-economique-des-filieres-du-cinema-africain\/"},"author":{"name":"guyetom","@id":"https:\/\/appsaf.apieproject.com\/news\/#\/schema\/person\/94d8f4e561b283d434da551498c8cb39"},"headline":"Observatoire Panafricain De L\u2019Audiovisuel Et Cin\u00e9ma\/ Souad Houssein : \u00ab Augmenter Le Potentiel \u00c9conomique Des Fili\u00e8res Du Cin\u00e9ma Africain \u00bb","datePublished":"2022-12-09T21:10:37+00:00","dateModified":"2022-12-09T21:10:38+00:00","mainEntityOfPage":{"@id":"https:\/\/appsaf.apieproject.com\/news\/fr\/2022\/12\/09\/observatoire-panafricain-de-laudiovisuel-et-cinema-souad-houssein-augmenter-le-potentiel-economique-des-filieres-du-cinema-africain\/"},"wordCount":986,"commentCount":0,"publisher":{"@id":"https:\/\/appsaf.apieproject.com\/news\/#organization"},"image":{"@id":"https:\/\/appsaf.apieproject.com\/news\/fr\/2022\/12\/09\/observatoire-panafricain-de-laudiovisuel-et-cinema-souad-houssein-augmenter-le-potentiel-economique-des-filieres-du-cinema-africain\/#primaryimage"},"thumbnailUrl":"https:\/\/appsaf.apieproject.com\/news\/wp-content\/uploads\/sites\/29\/2022\/11\/132831-3ccb7a68d5355cc0d6a2133a7450fd5c.jpg","keywords":["apie project","culture","divertissement"],"articleSection":["Culture","Divertissement"],"inLanguage":"fr-FR","potentialAction":[{"@type":"CommentAction","name":"Comment","target":["https:\/\/appsaf.apieproject.com\/news\/fr\/2022\/12\/09\/observatoire-panafricain-de-laudiovisuel-et-cinema-souad-houssein-augmenter-le-potentiel-economique-des-filieres-du-cinema-africain\/#respond"]}]},{"@type":"WebPage","@id":"https:\/\/appsaf.apieproject.com\/news\/fr\/2022\/12\/09\/observatoire-panafricain-de-laudiovisuel-et-cinema-souad-houssein-augmenter-le-potentiel-economique-des-filieres-du-cinema-africain\/","url":"https:\/\/appsaf.apieproject.com\/news\/fr\/2022\/12\/09\/observatoire-panafricain-de-laudiovisuel-et-cinema-souad-houssein-augmenter-le-potentiel-economique-des-filieres-du-cinema-africain\/","name":"Observatoire Panafricain De L\u2019Audiovisuel Et Cin\u00e9ma\/ Souad Houssein : \u00ab Augmenter Le Potentiel \u00c9conomique Des Fili\u00e8res Du Cin\u00e9ma Africain \u00bb - APIE NEWS","isPartOf":{"@id":"https:\/\/appsaf.apieproject.com\/news\/#website"},"primaryImageOfPage":{"@id":"https:\/\/appsaf.apieproject.com\/news\/fr\/2022\/12\/09\/observatoire-panafricain-de-laudiovisuel-et-cinema-souad-houssein-augmenter-le-potentiel-economique-des-filieres-du-cinema-africain\/#primaryimage"},"image":{"@id":"https:\/\/appsaf.apieproject.com\/news\/fr\/2022\/12\/09\/observatoire-panafricain-de-laudiovisuel-et-cinema-souad-houssein-augmenter-le-potentiel-economique-des-filieres-du-cinema-africain\/#primaryimage"},"thumbnailUrl":"https:\/\/appsaf.apieproject.com\/news\/wp-content\/uploads\/sites\/29\/2022\/11\/132831-3ccb7a68d5355cc0d6a2133a7450fd5c.jpg","datePublished":"2022-12-09T21:10:37+00:00","dateModified":"2022-12-09T21:10:38+00:00","breadcrumb":{"@id":"https:\/\/appsaf.apieproject.com\/news\/fr\/2022\/12\/09\/observatoire-panafricain-de-laudiovisuel-et-cinema-souad-houssein-augmenter-le-potentiel-economique-des-filieres-du-cinema-africain\/#breadcrumb"},"inLanguage":"fr-FR","potentialAction":[{"@type":"ReadAction","target":["https:\/\/appsaf.apieproject.com\/news\/fr\/2022\/12\/09\/observatoire-panafricain-de-laudiovisuel-et-cinema-souad-houssein-augmenter-le-potentiel-economique-des-filieres-du-cinema-africain\/"]}]},{"@type":"ImageObject","inLanguage":"fr-FR","@id":"https:\/\/appsaf.apieproject.com\/news\/fr\/2022\/12\/09\/observatoire-panafricain-de-laudiovisuel-et-cinema-souad-houssein-augmenter-le-potentiel-economique-des-filieres-du-cinema-africain\/#primaryimage","url":"https:\/\/appsaf.apieproject.com\/news\/wp-content\/uploads\/sites\/29\/2022\/11\/132831-3ccb7a68d5355cc0d6a2133a7450fd5c.jpg","contentUrl":"https:\/\/appsaf.apieproject.com\/news\/wp-content\/uploads\/sites\/29\/2022\/11\/132831-3ccb7a68d5355cc0d6a2133a7450fd5c.jpg","width":800,"height":448},{"@type":"BreadcrumbList","@id":"https:\/\/appsaf.apieproject.com\/news\/fr\/2022\/12\/09\/observatoire-panafricain-de-laudiovisuel-et-cinema-souad-houssein-augmenter-le-potentiel-economique-des-filieres-du-cinema-africain\/#breadcrumb","itemListElement":[{"@type":"ListItem","position":1,"name":"Home","item":"https:\/\/appsaf.apieproject.com\/news\/fr\/home\/"},{"@type":"ListItem","position":2,"name":"Observatoire Panafricain De L\u2019Audiovisuel Et Cin\u00e9ma\/ Souad Houssein : \u00ab Augmenter Le Potentiel \u00c9conomique Des Fili\u00e8res Du Cin\u00e9ma Africain \u00bb"}]},{"@type":"WebSite","@id":"https:\/\/appsaf.apieproject.com\/news\/#website","url":"https:\/\/appsaf.apieproject.com\/news\/","name":"APIE NEWS","description":"PANAFRICANISM NEWS PORTAL","publisher":{"@id":"https:\/\/appsaf.apieproject.com\/news\/#organization"},"potentialAction":[{"@type":"SearchAction","target":{"@type":"EntryPoint","urlTemplate":"https:\/\/appsaf.apieproject.com\/news\/?s={search_term_string}"},"query-input":{"@type":"PropertyValueSpecification","valueRequired":true,"valueName":"search_term_string"}}],"inLanguage":"fr-FR"},{"@type":"Organization","@id":"https:\/\/appsaf.apieproject.com\/news\/#organization","name":"APIE PROJECT","url":"https:\/\/appsaf.apieproject.com\/news\/","logo":{"@type":"ImageObject","inLanguage":"fr-FR","@id":"https:\/\/appsaf.apieproject.com\/news\/#\/schema\/logo\/image\/","url":"https:\/\/appsaf.apieproject.com\/news\/wp-content\/uploads\/sites\/29\/2022\/07\/logo-R-TransparentBackground.png","contentUrl":"https:\/\/appsaf.apieproject.com\/news\/wp-content\/uploads\/sites\/29\/2022\/07\/logo-R-TransparentBackground.png","width":512,"height":512,"caption":"APIE PROJECT"},"image":{"@id":"https:\/\/appsaf.apieproject.com\/news\/#\/schema\/logo\/image\/"},"sameAs":["https:\/\/facebook.com\/apieproject","https:\/\/x.com\/apieproject"]},{"@type":"Person","@id":"https:\/\/appsaf.apieproject.com\/news\/#\/schema\/person\/94d8f4e561b283d434da551498c8cb39","name":"guyetom","image":{"@type":"ImageObject","inLanguage":"fr-FR","@id":"https:\/\/appsaf.apieproject.com\/news\/#\/schema\/person\/image\/","url":"https:\/\/secure.gravatar.com\/avatar\/f36d884530ee45302c1f7eadb3f86562?s=96&d=mm&r=g","contentUrl":"https:\/\/secure.gravatar.com\/avatar\/f36d884530ee45302c1f7eadb3f86562?s=96&d=mm&r=g","caption":"guyetom"},"url":"https:\/\/appsaf.apieproject.com\/news\/fr\/author\/guyetom\/"}]}},"_links":{"self":[{"href":"https:\/\/appsaf.apieproject.com\/news\/fr\/wp-json\/wp\/v2\/posts\/22788","targetHints":{"allow":["GET"]}}],"collection":[{"href":"https:\/\/appsaf.apieproject.com\/news\/fr\/wp-json\/wp\/v2\/posts"}],"about":[{"href":"https:\/\/appsaf.apieproject.com\/news\/fr\/wp-json\/wp\/v2\/types\/post"}],"author":[{"embeddable":true,"href":"https:\/\/appsaf.apieproject.com\/news\/fr\/wp-json\/wp\/v2\/users\/13112"}],"replies":[{"embeddable":true,"href":"https:\/\/appsaf.apieproject.com\/news\/fr\/wp-json\/wp\/v2\/comments?post=22788"}],"version-history":[{"count":1,"href":"https:\/\/appsaf.apieproject.com\/news\/fr\/wp-json\/wp\/v2\/posts\/22788\/revisions"}],"predecessor-version":[{"id":23589,"href":"https:\/\/appsaf.apieproject.com\/news\/fr\/wp-json\/wp\/v2\/posts\/22788\/revisions\/23589"}],"wp:featuredmedia":[{"embeddable":true,"href":"https:\/\/appsaf.apieproject.com\/news\/fr\/wp-json\/wp\/v2\/media\/22785"}],"wp:attachment":[{"href":"https:\/\/appsaf.apieproject.com\/news\/fr\/wp-json\/wp\/v2\/media?parent=22788"}],"wp:term":[{"taxonomy":"category","embeddable":true,"href":"https:\/\/appsaf.apieproject.com\/news\/fr\/wp-json\/wp\/v2\/categories?post=22788"},{"taxonomy":"post_tag","embeddable":true,"href":"https:\/\/appsaf.apieproject.com\/news\/fr\/wp-json\/wp\/v2\/tags?post=22788"}],"curies":[{"name":"wp","href":"https:\/\/api.w.org\/{rel}","templated":true}]}}