{"id":22796,"date":"2022-12-09T21:15:39","date_gmt":"2022-12-09T21:15:39","guid":{"rendered":"https:\/\/appsaf.apieproject.com\/news\/?p=22796"},"modified":"2022-12-09T21:15:40","modified_gmt":"2022-12-09T21:15:40","slug":"14e-edition-du-prix-ivoire-de-litterature-africaine-le-laureat-honore-au-cours-dune-soiree","status":"publish","type":"post","link":"https:\/\/appsaf.apieproject.com\/news\/fr\/2022\/12\/09\/14e-edition-du-prix-ivoire-de-litterature-africaine-le-laureat-honore-au-cours-dune-soiree\/","title":{"rendered":"14e \u00c9dition Du Prix Ivoire De Litt\u00e9rature Africaine : Le Laur\u00e9at Honor\u00e9 Au Cours D&rsquo;Une Soir\u00e9e"},"content":{"rendered":"<p>Avec son \u0153uvre, \u00ab\u00a0le continent du tout et du rien\u00a0\u00bb, le togolais Sami Tchak \u00e9tait l&rsquo;heureux laur\u00e9at de cette 14e \u00e9dition du prix Ivoire de la litt\u00e9rature africaine. Ce, sur une belle palette d&rsquo;\u00e9crivains africains. Le directeur de la fondation Orange C\u00f4te d&rsquo;Ivoire, Habib Bamba a f\u00e9licit\u00e9 l&rsquo;auteur tout en relevant la particularit\u00e9 de son \u0153uvre litt\u00e9raire.<\/p>\n<p>Promotion de la culture africaine<br \/>\n\u00ab Cher Sami Tchak vous avez \u00e9t\u00e9 nomin\u00e9 laur\u00e9at 2022 de cette 14e \u00e9dition du prix Ivoire. Je vous f\u00e9licite pour une nouvelle fois pour votre \u0153uvre \u00ab\u00a0le continent du tout et du rien\u00a0\u00bb. Cette \u0153uvre avec plusieurs styles linguistiques avec des m\u00e9taphores qui ne laissent personne indiff\u00e9rent, des personnes qui sont bien plus proches de nous \u00bb a reconnu Habib Bamba qui n&rsquo;a pas manqu\u00e9 d&rsquo;inviter le public pr\u00e9sent \u00e0 d\u00e9couvrir l&rsquo;Afrique \u00e0 travers ce livre. Il a \u00e9galement rappel\u00e9 l&rsquo;engagement de sa structure dans la promotion de la culture en C\u00f4te d&rsquo;Ivoire.<\/p>\n<p>Ayant pris part \u00e0 cette c\u00e9r\u00e9monie, le repr\u00e9sentant de la ministre de la Culture et la Francophonie, Coulibaly Diakit\u00e9 par ailleurs conseiller technique, a, pour sa part, salu\u00e9 le travail qu&rsquo;abat l&rsquo;association Akwaba culture pour la promotion du livre en C\u00f4te d&rsquo;Ivoire. Des actions qui sont aussi men\u00e9es en faveur des enfants pour leur donner le go\u00fbt de la lecture par des moyens ludiques.<\/p>\n<p>\u00a0\u00bb Ces laur\u00e9ats sont des ambassadeurs de notre fraternit\u00e9 et de notre ouverture au monde\u00a0\u00bb<\/p>\n<p>Pr\u00e9sidente de l&rsquo;association, Isabelle Kassi Fofana a mis un point d&rsquo;honneur sur les laur\u00e9ats de ce concours de litt\u00e9rature. Elle estime que ce sont des symboles de la fraternit\u00e9 africaine.<\/p>\n<p>\u00ab Ces laur\u00e9ats sont des ambassadeurs de notre fraternit\u00e9 et de notre ouverture au monde. Chaque fois que sera fi\u00e8rement \u00e9voqu\u00e9 leurs noms, c\u2019est notre pays qui sera c\u00e9l\u00e9br\u00e9 avec eux et je suis convaincu tout comme les pr\u00e9c\u00e9dents laur\u00e9ats, Sami Tchak, le laur\u00e9at de cette 14e \u00e9dition offrira les belles lumi\u00e8res de ces \u00e9crits pour \u00e9clairer notre chemin \u00bb a dit Isabelle Kassi Fofana.<\/p>\n<p>Au nom de la librairie de France, Kader Keita, directeur commercial et marketing, a tenu \u00e0 f\u00e9liciter tous les \u00e9crivains en particulier africains et les \u00e9diteurs pour un choix de m\u00e9tier tr\u00e8s particulier.<\/p>\n","protected":false},"excerpt":{"rendered":"<p>Orange fondation en collaboration avec Akwaba culture et la librairie de France ont organis\u00e9 la c\u00e9r\u00e9monie de remise du prix ivoire de la litt\u00e9rature africaine de la 14e \u00e9dition, le samedi 26 novembre 2022 \u00e0 Heden Golf h\u00f4tel<\/p>\n","protected":false},"author":13112,"featured_media":22793,"comment_status":"open","ping_status":"open","sticky":false,"template":"","format":"standard","meta":{"footnotes":""},"categories":[67,53],"tags":[81,78,87],"class_list":{"0":"post-22796","1":"post","2":"type-post","3":"status-publish","4":"format-standard","5":"has-post-thumbnail","7":"category-actualites","8":"category-culture-fr","9":"tag-actualites","10":"tag-apie-project-2","11":"tag-culture-2"},"yoast_head":"<!-- This site is optimized with the Yoast SEO plugin v24.4 - https:\/\/yoast.com\/wordpress\/plugins\/seo\/ -->\n<title>14e \u00c9dition Du Prix Ivoire De Litt\u00e9rature Africaine : Le Laur\u00e9at Honor\u00e9 Au Cours D&#039;Une Soir\u00e9e - APIE NEWS<\/title>\n<meta name=\"robots\" content=\"index, follow, max-snippet:-1, max-image-preview:large, max-video-preview:-1\" \/>\n<link rel=\"canonical\" href=\"https:\/\/appsaf.apieproject.com\/news\/fr\/2022\/12\/09\/14e-edition-du-prix-ivoire-de-litterature-africaine-le-laureat-honore-au-cours-dune-soiree\/\" \/>\n<meta property=\"og:locale\" content=\"fr_FR\" \/>\n<meta property=\"og:type\" content=\"article\" \/>\n<meta property=\"og:title\" content=\"14e \u00c9dition Du Prix Ivoire De Litt\u00e9rature Africaine : Le Laur\u00e9at Honor\u00e9 Au Cours D&#039;Une Soir\u00e9e - APIE NEWS\" \/>\n<meta property=\"og:description\" content=\"Orange fondation en collaboration avec Akwaba culture et la librairie de France ont organis\u00e9 la c\u00e9r\u00e9monie de remise du prix ivoire de la litt\u00e9rature africaine de la 14e \u00e9dition, le samedi 26 novembre 2022 \u00e0 Heden Golf h\u00f4tel\" \/>\n<meta property=\"og:url\" content=\"https:\/\/appsaf.apieproject.com\/news\/fr\/2022\/12\/09\/14e-edition-du-prix-ivoire-de-litterature-africaine-le-laureat-honore-au-cours-dune-soiree\/\" \/>\n<meta property=\"og:site_name\" content=\"APIE NEWS\" \/>\n<meta property=\"article:publisher\" content=\"https:\/\/facebook.com\/apieproject\" \/>\n<meta property=\"article:published_time\" content=\"2022-12-09T21:15:39+00:00\" \/>\n<meta property=\"article:modified_time\" content=\"2022-12-09T21:15:40+00:00\" \/>\n<meta property=\"og:image\" content=\"https:\/\/appsaf.apieproject.com\/news\/wp-content\/uploads\/sites\/29\/2022\/11\/pi2-84d939a597c6c3e897ed8df676a5a104.jpg\" \/>\n\t<meta property=\"og:image:width\" content=\"801\" \/>\n\t<meta property=\"og:image:height\" content=\"427\" \/>\n\t<meta property=\"og:image:type\" content=\"image\/jpeg\" \/>\n<meta name=\"author\" content=\"guyetom\" \/>\n<meta name=\"twitter:card\" content=\"summary_large_image\" \/>\n<meta name=\"twitter:creator\" content=\"@apieproject\" \/>\n<meta name=\"twitter:site\" content=\"@apieproject\" \/>\n<meta name=\"twitter:label1\" content=\"\u00c9crit par\" \/>\n\t<meta name=\"twitter:data1\" content=\"guyetom\" \/>\n\t<meta name=\"twitter:label2\" content=\"Dur\u00e9e de lecture estim\u00e9e\" \/>\n\t<meta name=\"twitter:data2\" content=\"2 minutes\" \/>\n<script type=\"application\/ld+json\" class=\"yoast-schema-graph\">{\"@context\":\"https:\/\/schema.org\",\"@graph\":[{\"@type\":\"Article\",\"@id\":\"https:\/\/appsaf.apieproject.com\/news\/fr\/2022\/12\/09\/14e-edition-du-prix-ivoire-de-litterature-africaine-le-laureat-honore-au-cours-dune-soiree\/#article\",\"isPartOf\":{\"@id\":\"https:\/\/appsaf.apieproject.com\/news\/fr\/2022\/12\/09\/14e-edition-du-prix-ivoire-de-litterature-africaine-le-laureat-honore-au-cours-dune-soiree\/\"},\"author\":{\"name\":\"guyetom\",\"@id\":\"https:\/\/appsaf.apieproject.com\/news\/#\/schema\/person\/94d8f4e561b283d434da551498c8cb39\"},\"headline\":\"14e \u00c9dition Du Prix Ivoire De Litt\u00e9rature Africaine : Le Laur\u00e9at Honor\u00e9 Au Cours D&rsquo;Une Soir\u00e9e\",\"datePublished\":\"2022-12-09T21:15:39+00:00\",\"dateModified\":\"2022-12-09T21:15:40+00:00\",\"mainEntityOfPage\":{\"@id\":\"https:\/\/appsaf.apieproject.com\/news\/fr\/2022\/12\/09\/14e-edition-du-prix-ivoire-de-litterature-africaine-le-laureat-honore-au-cours-dune-soiree\/\"},\"wordCount\":421,\"commentCount\":0,\"publisher\":{\"@id\":\"https:\/\/appsaf.apieproject.com\/news\/#organization\"},\"image\":{\"@id\":\"https:\/\/appsaf.apieproject.com\/news\/fr\/2022\/12\/09\/14e-edition-du-prix-ivoire-de-litterature-africaine-le-laureat-honore-au-cours-dune-soiree\/#primaryimage\"},\"thumbnailUrl\":\"https:\/\/appsaf.apieproject.com\/news\/wp-content\/uploads\/sites\/29\/2022\/11\/pi2-84d939a597c6c3e897ed8df676a5a104.jpg\",\"keywords\":[\"actualites\",\"apie project\",\"culture\"],\"articleSection\":[\"Actualit\u00e9s\",\"Culture\"],\"inLanguage\":\"fr-FR\",\"potentialAction\":[{\"@type\":\"CommentAction\",\"name\":\"Comment\",\"target\":[\"https:\/\/appsaf.apieproject.com\/news\/fr\/2022\/12\/09\/14e-edition-du-prix-ivoire-de-litterature-africaine-le-laureat-honore-au-cours-dune-soiree\/#respond\"]}]},{\"@type\":\"WebPage\",\"@id\":\"https:\/\/appsaf.apieproject.com\/news\/fr\/2022\/12\/09\/14e-edition-du-prix-ivoire-de-litterature-africaine-le-laureat-honore-au-cours-dune-soiree\/\",\"url\":\"https:\/\/appsaf.apieproject.com\/news\/fr\/2022\/12\/09\/14e-edition-du-prix-ivoire-de-litterature-africaine-le-laureat-honore-au-cours-dune-soiree\/\",\"name\":\"14e \u00c9dition Du Prix Ivoire De Litt\u00e9rature Africaine : Le Laur\u00e9at Honor\u00e9 Au Cours D'Une Soir\u00e9e - APIE NEWS\",\"isPartOf\":{\"@id\":\"https:\/\/appsaf.apieproject.com\/news\/#website\"},\"primaryImageOfPage\":{\"@id\":\"https:\/\/appsaf.apieproject.com\/news\/fr\/2022\/12\/09\/14e-edition-du-prix-ivoire-de-litterature-africaine-le-laureat-honore-au-cours-dune-soiree\/#primaryimage\"},\"image\":{\"@id\":\"https:\/\/appsaf.apieproject.com\/news\/fr\/2022\/12\/09\/14e-edition-du-prix-ivoire-de-litterature-africaine-le-laureat-honore-au-cours-dune-soiree\/#primaryimage\"},\"thumbnailUrl\":\"https:\/\/appsaf.apieproject.com\/news\/wp-content\/uploads\/sites\/29\/2022\/11\/pi2-84d939a597c6c3e897ed8df676a5a104.jpg\",\"datePublished\":\"2022-12-09T21:15:39+00:00\",\"dateModified\":\"2022-12-09T21:15:40+00:00\",\"breadcrumb\":{\"@id\":\"https:\/\/appsaf.apieproject.com\/news\/fr\/2022\/12\/09\/14e-edition-du-prix-ivoire-de-litterature-africaine-le-laureat-honore-au-cours-dune-soiree\/#breadcrumb\"},\"inLanguage\":\"fr-FR\",\"potentialAction\":[{\"@type\":\"ReadAction\",\"target\":[\"https:\/\/appsaf.apieproject.com\/news\/fr\/2022\/12\/09\/14e-edition-du-prix-ivoire-de-litterature-africaine-le-laureat-honore-au-cours-dune-soiree\/\"]}]},{\"@type\":\"ImageObject\",\"inLanguage\":\"fr-FR\",\"@id\":\"https:\/\/appsaf.apieproject.com\/news\/fr\/2022\/12\/09\/14e-edition-du-prix-ivoire-de-litterature-africaine-le-laureat-honore-au-cours-dune-soiree\/#primaryimage\",\"url\":\"https:\/\/appsaf.apieproject.com\/news\/wp-content\/uploads\/sites\/29\/2022\/11\/pi2-84d939a597c6c3e897ed8df676a5a104.jpg\",\"contentUrl\":\"https:\/\/appsaf.apieproject.com\/news\/wp-content\/uploads\/sites\/29\/2022\/11\/pi2-84d939a597c6c3e897ed8df676a5a104.jpg\",\"width\":801,\"height\":427},{\"@type\":\"BreadcrumbList\",\"@id\":\"https:\/\/appsaf.apieproject.com\/news\/fr\/2022\/12\/09\/14e-edition-du-prix-ivoire-de-litterature-africaine-le-laureat-honore-au-cours-dune-soiree\/#breadcrumb\",\"itemListElement\":[{\"@type\":\"ListItem\",\"position\":1,\"name\":\"Home\",\"item\":\"https:\/\/appsaf.apieproject.com\/news\/fr\/home\/\"},{\"@type\":\"ListItem\",\"position\":2,\"name\":\"14e \u00c9dition Du Prix Ivoire De Litt\u00e9rature Africaine : Le Laur\u00e9at Honor\u00e9 Au Cours D&#8217;Une Soir\u00e9e\"}]},{\"@type\":\"WebSite\",\"@id\":\"https:\/\/appsaf.apieproject.com\/news\/#website\",\"url\":\"https:\/\/appsaf.apieproject.com\/news\/\",\"name\":\"APIE NEWS\",\"description\":\"PANAFRICANISM NEWS PORTAL\",\"publisher\":{\"@id\":\"https:\/\/appsaf.apieproject.com\/news\/#organization\"},\"potentialAction\":[{\"@type\":\"SearchAction\",\"target\":{\"@type\":\"EntryPoint\",\"urlTemplate\":\"https:\/\/appsaf.apieproject.com\/news\/?s={search_term_string}\"},\"query-input\":{\"@type\":\"PropertyValueSpecification\",\"valueRequired\":true,\"valueName\":\"search_term_string\"}}],\"inLanguage\":\"fr-FR\"},{\"@type\":\"Organization\",\"@id\":\"https:\/\/appsaf.apieproject.com\/news\/#organization\",\"name\":\"APIE PROJECT\",\"url\":\"https:\/\/appsaf.apieproject.com\/news\/\",\"logo\":{\"@type\":\"ImageObject\",\"inLanguage\":\"fr-FR\",\"@id\":\"https:\/\/appsaf.apieproject.com\/news\/#\/schema\/logo\/image\/\",\"url\":\"https:\/\/appsaf.apieproject.com\/news\/wp-content\/uploads\/sites\/29\/2022\/07\/logo-R-TransparentBackground.png\",\"contentUrl\":\"https:\/\/appsaf.apieproject.com\/news\/wp-content\/uploads\/sites\/29\/2022\/07\/logo-R-TransparentBackground.png\",\"width\":512,\"height\":512,\"caption\":\"APIE PROJECT\"},\"image\":{\"@id\":\"https:\/\/appsaf.apieproject.com\/news\/#\/schema\/logo\/image\/\"},\"sameAs\":[\"https:\/\/facebook.com\/apieproject\",\"https:\/\/x.com\/apieproject\"]},{\"@type\":\"Person\",\"@id\":\"https:\/\/appsaf.apieproject.com\/news\/#\/schema\/person\/94d8f4e561b283d434da551498c8cb39\",\"name\":\"guyetom\",\"image\":{\"@type\":\"ImageObject\",\"inLanguage\":\"fr-FR\",\"@id\":\"https:\/\/appsaf.apieproject.com\/news\/#\/schema\/person\/image\/\",\"url\":\"https:\/\/secure.gravatar.com\/avatar\/f36d884530ee45302c1f7eadb3f86562?s=96&d=mm&r=g\",\"contentUrl\":\"https:\/\/secure.gravatar.com\/avatar\/f36d884530ee45302c1f7eadb3f86562?s=96&d=mm&r=g\",\"caption\":\"guyetom\"},\"url\":\"https:\/\/appsaf.apieproject.com\/news\/fr\/author\/guyetom\/\"}]}<\/script>\n<!-- \/ Yoast SEO plugin. -->","yoast_head_json":{"title":"14e \u00c9dition Du Prix Ivoire De Litt\u00e9rature Africaine : Le Laur\u00e9at Honor\u00e9 Au Cours D'Une Soir\u00e9e - APIE NEWS","robots":{"index":"index","follow":"follow","max-snippet":"max-snippet:-1","max-image-preview":"max-image-preview:large","max-video-preview":"max-video-preview:-1"},"canonical":"https:\/\/appsaf.apieproject.com\/news\/fr\/2022\/12\/09\/14e-edition-du-prix-ivoire-de-litterature-africaine-le-laureat-honore-au-cours-dune-soiree\/","og_locale":"fr_FR","og_type":"article","og_title":"14e \u00c9dition Du Prix Ivoire De Litt\u00e9rature Africaine : Le Laur\u00e9at Honor\u00e9 Au Cours D'Une Soir\u00e9e - APIE NEWS","og_description":"Orange fondation en collaboration avec Akwaba culture et la librairie de France ont organis\u00e9 la c\u00e9r\u00e9monie de remise du prix ivoire de la litt\u00e9rature africaine de la 14e \u00e9dition, le samedi 26 novembre 2022 \u00e0 Heden Golf h\u00f4tel","og_url":"https:\/\/appsaf.apieproject.com\/news\/fr\/2022\/12\/09\/14e-edition-du-prix-ivoire-de-litterature-africaine-le-laureat-honore-au-cours-dune-soiree\/","og_site_name":"APIE NEWS","article_publisher":"https:\/\/facebook.com\/apieproject","article_published_time":"2022-12-09T21:15:39+00:00","article_modified_time":"2022-12-09T21:15:40+00:00","og_image":[{"width":801,"height":427,"url":"https:\/\/appsaf.apieproject.com\/news\/wp-content\/uploads\/sites\/29\/2022\/11\/pi2-84d939a597c6c3e897ed8df676a5a104.jpg","type":"image\/jpeg"}],"author":"guyetom","twitter_card":"summary_large_image","twitter_creator":"@apieproject","twitter_site":"@apieproject","twitter_misc":{"\u00c9crit par":"guyetom","Dur\u00e9e de lecture estim\u00e9e":"2 minutes"},"schema":{"@context":"https:\/\/schema.org","@graph":[{"@type":"Article","@id":"https:\/\/appsaf.apieproject.com\/news\/fr\/2022\/12\/09\/14e-edition-du-prix-ivoire-de-litterature-africaine-le-laureat-honore-au-cours-dune-soiree\/#article","isPartOf":{"@id":"https:\/\/appsaf.apieproject.com\/news\/fr\/2022\/12\/09\/14e-edition-du-prix-ivoire-de-litterature-africaine-le-laureat-honore-au-cours-dune-soiree\/"},"author":{"name":"guyetom","@id":"https:\/\/appsaf.apieproject.com\/news\/#\/schema\/person\/94d8f4e561b283d434da551498c8cb39"},"headline":"14e \u00c9dition Du Prix Ivoire De Litt\u00e9rature Africaine : Le Laur\u00e9at Honor\u00e9 Au Cours D&rsquo;Une Soir\u00e9e","datePublished":"2022-12-09T21:15:39+00:00","dateModified":"2022-12-09T21:15:40+00:00","mainEntityOfPage":{"@id":"https:\/\/appsaf.apieproject.com\/news\/fr\/2022\/12\/09\/14e-edition-du-prix-ivoire-de-litterature-africaine-le-laureat-honore-au-cours-dune-soiree\/"},"wordCount":421,"commentCount":0,"publisher":{"@id":"https:\/\/appsaf.apieproject.com\/news\/#organization"},"image":{"@id":"https:\/\/appsaf.apieproject.com\/news\/fr\/2022\/12\/09\/14e-edition-du-prix-ivoire-de-litterature-africaine-le-laureat-honore-au-cours-dune-soiree\/#primaryimage"},"thumbnailUrl":"https:\/\/appsaf.apieproject.com\/news\/wp-content\/uploads\/sites\/29\/2022\/11\/pi2-84d939a597c6c3e897ed8df676a5a104.jpg","keywords":["actualites","apie project","culture"],"articleSection":["Actualit\u00e9s","Culture"],"inLanguage":"fr-FR","potentialAction":[{"@type":"CommentAction","name":"Comment","target":["https:\/\/appsaf.apieproject.com\/news\/fr\/2022\/12\/09\/14e-edition-du-prix-ivoire-de-litterature-africaine-le-laureat-honore-au-cours-dune-soiree\/#respond"]}]},{"@type":"WebPage","@id":"https:\/\/appsaf.apieproject.com\/news\/fr\/2022\/12\/09\/14e-edition-du-prix-ivoire-de-litterature-africaine-le-laureat-honore-au-cours-dune-soiree\/","url":"https:\/\/appsaf.apieproject.com\/news\/fr\/2022\/12\/09\/14e-edition-du-prix-ivoire-de-litterature-africaine-le-laureat-honore-au-cours-dune-soiree\/","name":"14e \u00c9dition Du Prix Ivoire De Litt\u00e9rature Africaine : Le Laur\u00e9at Honor\u00e9 Au Cours D'Une Soir\u00e9e - APIE NEWS","isPartOf":{"@id":"https:\/\/appsaf.apieproject.com\/news\/#website"},"primaryImageOfPage":{"@id":"https:\/\/appsaf.apieproject.com\/news\/fr\/2022\/12\/09\/14e-edition-du-prix-ivoire-de-litterature-africaine-le-laureat-honore-au-cours-dune-soiree\/#primaryimage"},"image":{"@id":"https:\/\/appsaf.apieproject.com\/news\/fr\/2022\/12\/09\/14e-edition-du-prix-ivoire-de-litterature-africaine-le-laureat-honore-au-cours-dune-soiree\/#primaryimage"},"thumbnailUrl":"https:\/\/appsaf.apieproject.com\/news\/wp-content\/uploads\/sites\/29\/2022\/11\/pi2-84d939a597c6c3e897ed8df676a5a104.jpg","datePublished":"2022-12-09T21:15:39+00:00","dateModified":"2022-12-09T21:15:40+00:00","breadcrumb":{"@id":"https:\/\/appsaf.apieproject.com\/news\/fr\/2022\/12\/09\/14e-edition-du-prix-ivoire-de-litterature-africaine-le-laureat-honore-au-cours-dune-soiree\/#breadcrumb"},"inLanguage":"fr-FR","potentialAction":[{"@type":"ReadAction","target":["https:\/\/appsaf.apieproject.com\/news\/fr\/2022\/12\/09\/14e-edition-du-prix-ivoire-de-litterature-africaine-le-laureat-honore-au-cours-dune-soiree\/"]}]},{"@type":"ImageObject","inLanguage":"fr-FR","@id":"https:\/\/appsaf.apieproject.com\/news\/fr\/2022\/12\/09\/14e-edition-du-prix-ivoire-de-litterature-africaine-le-laureat-honore-au-cours-dune-soiree\/#primaryimage","url":"https:\/\/appsaf.apieproject.com\/news\/wp-content\/uploads\/sites\/29\/2022\/11\/pi2-84d939a597c6c3e897ed8df676a5a104.jpg","contentUrl":"https:\/\/appsaf.apieproject.com\/news\/wp-content\/uploads\/sites\/29\/2022\/11\/pi2-84d939a597c6c3e897ed8df676a5a104.jpg","width":801,"height":427},{"@type":"BreadcrumbList","@id":"https:\/\/appsaf.apieproject.com\/news\/fr\/2022\/12\/09\/14e-edition-du-prix-ivoire-de-litterature-africaine-le-laureat-honore-au-cours-dune-soiree\/#breadcrumb","itemListElement":[{"@type":"ListItem","position":1,"name":"Home","item":"https:\/\/appsaf.apieproject.com\/news\/fr\/home\/"},{"@type":"ListItem","position":2,"name":"14e \u00c9dition Du Prix Ivoire De Litt\u00e9rature Africaine : Le Laur\u00e9at Honor\u00e9 Au Cours D&#8217;Une Soir\u00e9e"}]},{"@type":"WebSite","@id":"https:\/\/appsaf.apieproject.com\/news\/#website","url":"https:\/\/appsaf.apieproject.com\/news\/","name":"APIE NEWS","description":"PANAFRICANISM NEWS PORTAL","publisher":{"@id":"https:\/\/appsaf.apieproject.com\/news\/#organization"},"potentialAction":[{"@type":"SearchAction","target":{"@type":"EntryPoint","urlTemplate":"https:\/\/appsaf.apieproject.com\/news\/?s={search_term_string}"},"query-input":{"@type":"PropertyValueSpecification","valueRequired":true,"valueName":"search_term_string"}}],"inLanguage":"fr-FR"},{"@type":"Organization","@id":"https:\/\/appsaf.apieproject.com\/news\/#organization","name":"APIE PROJECT","url":"https:\/\/appsaf.apieproject.com\/news\/","logo":{"@type":"ImageObject","inLanguage":"fr-FR","@id":"https:\/\/appsaf.apieproject.com\/news\/#\/schema\/logo\/image\/","url":"https:\/\/appsaf.apieproject.com\/news\/wp-content\/uploads\/sites\/29\/2022\/07\/logo-R-TransparentBackground.png","contentUrl":"https:\/\/appsaf.apieproject.com\/news\/wp-content\/uploads\/sites\/29\/2022\/07\/logo-R-TransparentBackground.png","width":512,"height":512,"caption":"APIE PROJECT"},"image":{"@id":"https:\/\/appsaf.apieproject.com\/news\/#\/schema\/logo\/image\/"},"sameAs":["https:\/\/facebook.com\/apieproject","https:\/\/x.com\/apieproject"]},{"@type":"Person","@id":"https:\/\/appsaf.apieproject.com\/news\/#\/schema\/person\/94d8f4e561b283d434da551498c8cb39","name":"guyetom","image":{"@type":"ImageObject","inLanguage":"fr-FR","@id":"https:\/\/appsaf.apieproject.com\/news\/#\/schema\/person\/image\/","url":"https:\/\/secure.gravatar.com\/avatar\/f36d884530ee45302c1f7eadb3f86562?s=96&d=mm&r=g","contentUrl":"https:\/\/secure.gravatar.com\/avatar\/f36d884530ee45302c1f7eadb3f86562?s=96&d=mm&r=g","caption":"guyetom"},"url":"https:\/\/appsaf.apieproject.com\/news\/fr\/author\/guyetom\/"}]}},"_links":{"self":[{"href":"https:\/\/appsaf.apieproject.com\/news\/fr\/wp-json\/wp\/v2\/posts\/22796","targetHints":{"allow":["GET"]}}],"collection":[{"href":"https:\/\/appsaf.apieproject.com\/news\/fr\/wp-json\/wp\/v2\/posts"}],"about":[{"href":"https:\/\/appsaf.apieproject.com\/news\/fr\/wp-json\/wp\/v2\/types\/post"}],"author":[{"embeddable":true,"href":"https:\/\/appsaf.apieproject.com\/news\/fr\/wp-json\/wp\/v2\/users\/13112"}],"replies":[{"embeddable":true,"href":"https:\/\/appsaf.apieproject.com\/news\/fr\/wp-json\/wp\/v2\/comments?post=22796"}],"version-history":[{"count":1,"href":"https:\/\/appsaf.apieproject.com\/news\/fr\/wp-json\/wp\/v2\/posts\/22796\/revisions"}],"predecessor-version":[{"id":23591,"href":"https:\/\/appsaf.apieproject.com\/news\/fr\/wp-json\/wp\/v2\/posts\/22796\/revisions\/23591"}],"wp:featuredmedia":[{"embeddable":true,"href":"https:\/\/appsaf.apieproject.com\/news\/fr\/wp-json\/wp\/v2\/media\/22793"}],"wp:attachment":[{"href":"https:\/\/appsaf.apieproject.com\/news\/fr\/wp-json\/wp\/v2\/media?parent=22796"}],"wp:term":[{"taxonomy":"category","embeddable":true,"href":"https:\/\/appsaf.apieproject.com\/news\/fr\/wp-json\/wp\/v2\/categories?post=22796"},{"taxonomy":"post_tag","embeddable":true,"href":"https:\/\/appsaf.apieproject.com\/news\/fr\/wp-json\/wp\/v2\/tags?post=22796"}],"curies":[{"name":"wp","href":"https:\/\/api.w.org\/{rel}","templated":true}]}}