{"id":22812,"date":"2022-12-10T11:39:05","date_gmt":"2022-12-10T11:39:05","guid":{"rendered":"https:\/\/appsaf.apieproject.com\/news\/?p=22812"},"modified":"2022-12-10T11:39:08","modified_gmt":"2022-12-10T11:39:08","slug":"le-gospel-de-voices-of-africa-fera-vibrer-le-temple-du-bas-jeudi","status":"publish","type":"post","link":"https:\/\/appsaf.apieproject.com\/news\/fr\/2022\/12\/10\/le-gospel-de-voices-of-africa-fera-vibrer-le-temple-du-bas-jeudi\/","title":{"rendered":"Le Gospel De Voices Of Africa Fera Vibrer Le Temple Du Bas Jeudi"},"content":{"rendered":"<p>Le groupe de gospel sud-africain et de musique traditionnelle spirituelle Voices of Africa sera le jeudi 1er d\u00e9cembre \u00e0 20 heures au temple du Bas pour mettre le feu au public neuch\u00e2telois, annonce Culture Nomade dans un communiqu\u00e9.<\/p>\n<p>Ce groupe a cappella, fond\u00e9 en 2009, vient des townships. Bas\u00e9 \u00e0 Port Elisabeth, dans la baie Nelson Mandela, il a pour mission de promouvoir la culture sud-africaine par la musique, le chant et la danse.<\/p>\n<p>Dans une atmosph\u00e8re chaleureuse, comme seul le gospel peut en cr\u00e9er, Voices of Africa chantera des chants pour louer le Seigneur, accompagn\u00e9s bien s\u00fbr de clappements de mains et de danses.<\/p>\n<p>Infos pratiques<br \/>\nVoices of Africa, groupe de gospel sud-africain, jeudi 1er d\u00e9cembre \u00e0 20h au temple du Bas, rue du Temple-Neuf 5, Neuch\u00e2tel. Entr\u00e9e libre, collecte \u00e0 la sortie.<\/p>\n","protected":false},"excerpt":{"rendered":"<p>Le gospel de Voices of Africa r\u00e9sonnera jeudi 1er d\u00e9cembre d\u00e8s 20 heures au temple du Bas de Neuch\u00e2tel. Des voix chaudes et vibrantes en provenance d\u2019Afrique du Sud qui interpr\u00e9teront un r\u00e9pertoire de chansons traditionnelles.<\/p>\n","protected":false},"author":13112,"featured_media":22809,"comment_status":"open","ping_status":"open","sticky":false,"template":"","format":"standard","meta":{"footnotes":""},"categories":[55,65],"tags":[78,88,91],"class_list":{"0":"post-22812","1":"post","2":"type-post","3":"status-publish","4":"format-standard","5":"has-post-thumbnail","7":"category-divertissement","8":"category-musique","9":"tag-apie-project-2","10":"tag-divertissement","11":"tag-musique"},"yoast_head":"<!-- This site is optimized with the Yoast SEO plugin v24.4 - https:\/\/yoast.com\/wordpress\/plugins\/seo\/ -->\n<title>Le Gospel De Voices Of Africa Fera Vibrer Le Temple Du Bas Jeudi - APIE NEWS<\/title>\n<meta name=\"robots\" content=\"index, follow, max-snippet:-1, max-image-preview:large, max-video-preview:-1\" \/>\n<link rel=\"canonical\" href=\"https:\/\/appsaf.apieproject.com\/news\/fr\/2022\/12\/10\/le-gospel-de-voices-of-africa-fera-vibrer-le-temple-du-bas-jeudi\/\" \/>\n<meta property=\"og:locale\" content=\"fr_FR\" \/>\n<meta property=\"og:type\" content=\"article\" \/>\n<meta property=\"og:title\" content=\"Le Gospel De Voices Of Africa Fera Vibrer Le Temple Du Bas Jeudi - APIE NEWS\" \/>\n<meta property=\"og:description\" content=\"Le gospel de Voices of Africa r\u00e9sonnera jeudi 1er d\u00e9cembre d\u00e8s 20 heures au temple du Bas de Neuch\u00e2tel. Des voix chaudes et vibrantes en provenance d\u2019Afrique du Sud qui interpr\u00e9teront un r\u00e9pertoire de chansons traditionnelles.\" \/>\n<meta property=\"og:url\" content=\"https:\/\/appsaf.apieproject.com\/news\/fr\/2022\/12\/10\/le-gospel-de-voices-of-africa-fera-vibrer-le-temple-du-bas-jeudi\/\" \/>\n<meta property=\"og:site_name\" content=\"APIE NEWS\" \/>\n<meta property=\"article:publisher\" content=\"https:\/\/facebook.com\/apieproject\" \/>\n<meta property=\"article:published_time\" content=\"2022-12-10T11:39:05+00:00\" \/>\n<meta property=\"article:modified_time\" content=\"2022-12-10T11:39:08+00:00\" \/>\n<meta property=\"og:image\" content=\"https:\/\/appsaf.apieproject.com\/news\/wp-content\/uploads\/sites\/29\/2022\/11\/voicesdavidgostoli-74fcaf5df298348f200228f913a02b02.jpg\" \/>\n\t<meta property=\"og:image:width\" content=\"1080\" \/>\n\t<meta property=\"og:image:height\" content=\"608\" \/>\n\t<meta property=\"og:image:type\" content=\"image\/jpeg\" \/>\n<meta name=\"author\" content=\"guyetom\" \/>\n<meta name=\"twitter:card\" content=\"summary_large_image\" \/>\n<meta name=\"twitter:creator\" content=\"@apieproject\" \/>\n<meta name=\"twitter:site\" content=\"@apieproject\" \/>\n<meta name=\"twitter:label1\" content=\"\u00c9crit par\" \/>\n\t<meta name=\"twitter:data1\" content=\"guyetom\" \/>\n\t<meta name=\"twitter:label2\" content=\"Dur\u00e9e de lecture estim\u00e9e\" \/>\n\t<meta name=\"twitter:data2\" content=\"1 minute\" \/>\n<script type=\"application\/ld+json\" class=\"yoast-schema-graph\">{\"@context\":\"https:\/\/schema.org\",\"@graph\":[{\"@type\":\"Article\",\"@id\":\"https:\/\/appsaf.apieproject.com\/news\/fr\/2022\/12\/10\/le-gospel-de-voices-of-africa-fera-vibrer-le-temple-du-bas-jeudi\/#article\",\"isPartOf\":{\"@id\":\"https:\/\/appsaf.apieproject.com\/news\/fr\/2022\/12\/10\/le-gospel-de-voices-of-africa-fera-vibrer-le-temple-du-bas-jeudi\/\"},\"author\":{\"name\":\"guyetom\",\"@id\":\"https:\/\/appsaf.apieproject.com\/news\/#\/schema\/person\/94d8f4e561b283d434da551498c8cb39\"},\"headline\":\"Le Gospel De Voices Of Africa Fera Vibrer Le Temple Du Bas Jeudi\",\"datePublished\":\"2022-12-10T11:39:05+00:00\",\"dateModified\":\"2022-12-10T11:39:08+00:00\",\"mainEntityOfPage\":{\"@id\":\"https:\/\/appsaf.apieproject.com\/news\/fr\/2022\/12\/10\/le-gospel-de-voices-of-africa-fera-vibrer-le-temple-du-bas-jeudi\/\"},\"wordCount\":149,\"commentCount\":0,\"publisher\":{\"@id\":\"https:\/\/appsaf.apieproject.com\/news\/#organization\"},\"image\":{\"@id\":\"https:\/\/appsaf.apieproject.com\/news\/fr\/2022\/12\/10\/le-gospel-de-voices-of-africa-fera-vibrer-le-temple-du-bas-jeudi\/#primaryimage\"},\"thumbnailUrl\":\"https:\/\/appsaf.apieproject.com\/news\/wp-content\/uploads\/sites\/29\/2022\/11\/voicesdavidgostoli-74fcaf5df298348f200228f913a02b02.jpg\",\"keywords\":[\"apie project\",\"divertissement\",\"musique\"],\"articleSection\":[\"Divertissement\",\"Musique\"],\"inLanguage\":\"fr-FR\",\"potentialAction\":[{\"@type\":\"CommentAction\",\"name\":\"Comment\",\"target\":[\"https:\/\/appsaf.apieproject.com\/news\/fr\/2022\/12\/10\/le-gospel-de-voices-of-africa-fera-vibrer-le-temple-du-bas-jeudi\/#respond\"]}]},{\"@type\":\"WebPage\",\"@id\":\"https:\/\/appsaf.apieproject.com\/news\/fr\/2022\/12\/10\/le-gospel-de-voices-of-africa-fera-vibrer-le-temple-du-bas-jeudi\/\",\"url\":\"https:\/\/appsaf.apieproject.com\/news\/fr\/2022\/12\/10\/le-gospel-de-voices-of-africa-fera-vibrer-le-temple-du-bas-jeudi\/\",\"name\":\"Le Gospel De Voices Of Africa Fera Vibrer Le Temple Du Bas Jeudi - APIE NEWS\",\"isPartOf\":{\"@id\":\"https:\/\/appsaf.apieproject.com\/news\/#website\"},\"primaryImageOfPage\":{\"@id\":\"https:\/\/appsaf.apieproject.com\/news\/fr\/2022\/12\/10\/le-gospel-de-voices-of-africa-fera-vibrer-le-temple-du-bas-jeudi\/#primaryimage\"},\"image\":{\"@id\":\"https:\/\/appsaf.apieproject.com\/news\/fr\/2022\/12\/10\/le-gospel-de-voices-of-africa-fera-vibrer-le-temple-du-bas-jeudi\/#primaryimage\"},\"thumbnailUrl\":\"https:\/\/appsaf.apieproject.com\/news\/wp-content\/uploads\/sites\/29\/2022\/11\/voicesdavidgostoli-74fcaf5df298348f200228f913a02b02.jpg\",\"datePublished\":\"2022-12-10T11:39:05+00:00\",\"dateModified\":\"2022-12-10T11:39:08+00:00\",\"breadcrumb\":{\"@id\":\"https:\/\/appsaf.apieproject.com\/news\/fr\/2022\/12\/10\/le-gospel-de-voices-of-africa-fera-vibrer-le-temple-du-bas-jeudi\/#breadcrumb\"},\"inLanguage\":\"fr-FR\",\"potentialAction\":[{\"@type\":\"ReadAction\",\"target\":[\"https:\/\/appsaf.apieproject.com\/news\/fr\/2022\/12\/10\/le-gospel-de-voices-of-africa-fera-vibrer-le-temple-du-bas-jeudi\/\"]}]},{\"@type\":\"ImageObject\",\"inLanguage\":\"fr-FR\",\"@id\":\"https:\/\/appsaf.apieproject.com\/news\/fr\/2022\/12\/10\/le-gospel-de-voices-of-africa-fera-vibrer-le-temple-du-bas-jeudi\/#primaryimage\",\"url\":\"https:\/\/appsaf.apieproject.com\/news\/wp-content\/uploads\/sites\/29\/2022\/11\/voicesdavidgostoli-74fcaf5df298348f200228f913a02b02.jpg\",\"contentUrl\":\"https:\/\/appsaf.apieproject.com\/news\/wp-content\/uploads\/sites\/29\/2022\/11\/voicesdavidgostoli-74fcaf5df298348f200228f913a02b02.jpg\",\"width\":1080,\"height\":608},{\"@type\":\"BreadcrumbList\",\"@id\":\"https:\/\/appsaf.apieproject.com\/news\/fr\/2022\/12\/10\/le-gospel-de-voices-of-africa-fera-vibrer-le-temple-du-bas-jeudi\/#breadcrumb\",\"itemListElement\":[{\"@type\":\"ListItem\",\"position\":1,\"name\":\"Home\",\"item\":\"https:\/\/appsaf.apieproject.com\/news\/fr\/home\/\"},{\"@type\":\"ListItem\",\"position\":2,\"name\":\"Le Gospel De Voices Of Africa Fera Vibrer Le Temple Du Bas Jeudi\"}]},{\"@type\":\"WebSite\",\"@id\":\"https:\/\/appsaf.apieproject.com\/news\/#website\",\"url\":\"https:\/\/appsaf.apieproject.com\/news\/\",\"name\":\"APIE NEWS\",\"description\":\"PANAFRICANISM NEWS PORTAL\",\"publisher\":{\"@id\":\"https:\/\/appsaf.apieproject.com\/news\/#organization\"},\"potentialAction\":[{\"@type\":\"SearchAction\",\"target\":{\"@type\":\"EntryPoint\",\"urlTemplate\":\"https:\/\/appsaf.apieproject.com\/news\/?s={search_term_string}\"},\"query-input\":{\"@type\":\"PropertyValueSpecification\",\"valueRequired\":true,\"valueName\":\"search_term_string\"}}],\"inLanguage\":\"fr-FR\"},{\"@type\":\"Organization\",\"@id\":\"https:\/\/appsaf.apieproject.com\/news\/#organization\",\"name\":\"APIE PROJECT\",\"url\":\"https:\/\/appsaf.apieproject.com\/news\/\",\"logo\":{\"@type\":\"ImageObject\",\"inLanguage\":\"fr-FR\",\"@id\":\"https:\/\/appsaf.apieproject.com\/news\/#\/schema\/logo\/image\/\",\"url\":\"https:\/\/appsaf.apieproject.com\/news\/wp-content\/uploads\/sites\/29\/2022\/07\/logo-R-TransparentBackground.png\",\"contentUrl\":\"https:\/\/appsaf.apieproject.com\/news\/wp-content\/uploads\/sites\/29\/2022\/07\/logo-R-TransparentBackground.png\",\"width\":512,\"height\":512,\"caption\":\"APIE PROJECT\"},\"image\":{\"@id\":\"https:\/\/appsaf.apieproject.com\/news\/#\/schema\/logo\/image\/\"},\"sameAs\":[\"https:\/\/facebook.com\/apieproject\",\"https:\/\/x.com\/apieproject\"]},{\"@type\":\"Person\",\"@id\":\"https:\/\/appsaf.apieproject.com\/news\/#\/schema\/person\/94d8f4e561b283d434da551498c8cb39\",\"name\":\"guyetom\",\"image\":{\"@type\":\"ImageObject\",\"inLanguage\":\"fr-FR\",\"@id\":\"https:\/\/appsaf.apieproject.com\/news\/#\/schema\/person\/image\/\",\"url\":\"https:\/\/secure.gravatar.com\/avatar\/f36d884530ee45302c1f7eadb3f86562?s=96&d=mm&r=g\",\"contentUrl\":\"https:\/\/secure.gravatar.com\/avatar\/f36d884530ee45302c1f7eadb3f86562?s=96&d=mm&r=g\",\"caption\":\"guyetom\"},\"url\":\"https:\/\/appsaf.apieproject.com\/news\/fr\/author\/guyetom\/\"}]}<\/script>\n<!-- \/ Yoast SEO plugin. -->","yoast_head_json":{"title":"Le Gospel De Voices Of Africa Fera Vibrer Le Temple Du Bas Jeudi - APIE NEWS","robots":{"index":"index","follow":"follow","max-snippet":"max-snippet:-1","max-image-preview":"max-image-preview:large","max-video-preview":"max-video-preview:-1"},"canonical":"https:\/\/appsaf.apieproject.com\/news\/fr\/2022\/12\/10\/le-gospel-de-voices-of-africa-fera-vibrer-le-temple-du-bas-jeudi\/","og_locale":"fr_FR","og_type":"article","og_title":"Le Gospel De Voices Of Africa Fera Vibrer Le Temple Du Bas Jeudi - APIE NEWS","og_description":"Le gospel de Voices of Africa r\u00e9sonnera jeudi 1er d\u00e9cembre d\u00e8s 20 heures au temple du Bas de Neuch\u00e2tel. Des voix chaudes et vibrantes en provenance d\u2019Afrique du Sud qui interpr\u00e9teront un r\u00e9pertoire de chansons traditionnelles.","og_url":"https:\/\/appsaf.apieproject.com\/news\/fr\/2022\/12\/10\/le-gospel-de-voices-of-africa-fera-vibrer-le-temple-du-bas-jeudi\/","og_site_name":"APIE NEWS","article_publisher":"https:\/\/facebook.com\/apieproject","article_published_time":"2022-12-10T11:39:05+00:00","article_modified_time":"2022-12-10T11:39:08+00:00","og_image":[{"width":1080,"height":608,"url":"https:\/\/appsaf.apieproject.com\/news\/wp-content\/uploads\/sites\/29\/2022\/11\/voicesdavidgostoli-74fcaf5df298348f200228f913a02b02.jpg","type":"image\/jpeg"}],"author":"guyetom","twitter_card":"summary_large_image","twitter_creator":"@apieproject","twitter_site":"@apieproject","twitter_misc":{"\u00c9crit par":"guyetom","Dur\u00e9e de lecture estim\u00e9e":"1 minute"},"schema":{"@context":"https:\/\/schema.org","@graph":[{"@type":"Article","@id":"https:\/\/appsaf.apieproject.com\/news\/fr\/2022\/12\/10\/le-gospel-de-voices-of-africa-fera-vibrer-le-temple-du-bas-jeudi\/#article","isPartOf":{"@id":"https:\/\/appsaf.apieproject.com\/news\/fr\/2022\/12\/10\/le-gospel-de-voices-of-africa-fera-vibrer-le-temple-du-bas-jeudi\/"},"author":{"name":"guyetom","@id":"https:\/\/appsaf.apieproject.com\/news\/#\/schema\/person\/94d8f4e561b283d434da551498c8cb39"},"headline":"Le Gospel De Voices Of Africa Fera Vibrer Le Temple Du Bas Jeudi","datePublished":"2022-12-10T11:39:05+00:00","dateModified":"2022-12-10T11:39:08+00:00","mainEntityOfPage":{"@id":"https:\/\/appsaf.apieproject.com\/news\/fr\/2022\/12\/10\/le-gospel-de-voices-of-africa-fera-vibrer-le-temple-du-bas-jeudi\/"},"wordCount":149,"commentCount":0,"publisher":{"@id":"https:\/\/appsaf.apieproject.com\/news\/#organization"},"image":{"@id":"https:\/\/appsaf.apieproject.com\/news\/fr\/2022\/12\/10\/le-gospel-de-voices-of-africa-fera-vibrer-le-temple-du-bas-jeudi\/#primaryimage"},"thumbnailUrl":"https:\/\/appsaf.apieproject.com\/news\/wp-content\/uploads\/sites\/29\/2022\/11\/voicesdavidgostoli-74fcaf5df298348f200228f913a02b02.jpg","keywords":["apie project","divertissement","musique"],"articleSection":["Divertissement","Musique"],"inLanguage":"fr-FR","potentialAction":[{"@type":"CommentAction","name":"Comment","target":["https:\/\/appsaf.apieproject.com\/news\/fr\/2022\/12\/10\/le-gospel-de-voices-of-africa-fera-vibrer-le-temple-du-bas-jeudi\/#respond"]}]},{"@type":"WebPage","@id":"https:\/\/appsaf.apieproject.com\/news\/fr\/2022\/12\/10\/le-gospel-de-voices-of-africa-fera-vibrer-le-temple-du-bas-jeudi\/","url":"https:\/\/appsaf.apieproject.com\/news\/fr\/2022\/12\/10\/le-gospel-de-voices-of-africa-fera-vibrer-le-temple-du-bas-jeudi\/","name":"Le Gospel De Voices Of Africa Fera Vibrer Le Temple Du Bas Jeudi - APIE NEWS","isPartOf":{"@id":"https:\/\/appsaf.apieproject.com\/news\/#website"},"primaryImageOfPage":{"@id":"https:\/\/appsaf.apieproject.com\/news\/fr\/2022\/12\/10\/le-gospel-de-voices-of-africa-fera-vibrer-le-temple-du-bas-jeudi\/#primaryimage"},"image":{"@id":"https:\/\/appsaf.apieproject.com\/news\/fr\/2022\/12\/10\/le-gospel-de-voices-of-africa-fera-vibrer-le-temple-du-bas-jeudi\/#primaryimage"},"thumbnailUrl":"https:\/\/appsaf.apieproject.com\/news\/wp-content\/uploads\/sites\/29\/2022\/11\/voicesdavidgostoli-74fcaf5df298348f200228f913a02b02.jpg","datePublished":"2022-12-10T11:39:05+00:00","dateModified":"2022-12-10T11:39:08+00:00","breadcrumb":{"@id":"https:\/\/appsaf.apieproject.com\/news\/fr\/2022\/12\/10\/le-gospel-de-voices-of-africa-fera-vibrer-le-temple-du-bas-jeudi\/#breadcrumb"},"inLanguage":"fr-FR","potentialAction":[{"@type":"ReadAction","target":["https:\/\/appsaf.apieproject.com\/news\/fr\/2022\/12\/10\/le-gospel-de-voices-of-africa-fera-vibrer-le-temple-du-bas-jeudi\/"]}]},{"@type":"ImageObject","inLanguage":"fr-FR","@id":"https:\/\/appsaf.apieproject.com\/news\/fr\/2022\/12\/10\/le-gospel-de-voices-of-africa-fera-vibrer-le-temple-du-bas-jeudi\/#primaryimage","url":"https:\/\/appsaf.apieproject.com\/news\/wp-content\/uploads\/sites\/29\/2022\/11\/voicesdavidgostoli-74fcaf5df298348f200228f913a02b02.jpg","contentUrl":"https:\/\/appsaf.apieproject.com\/news\/wp-content\/uploads\/sites\/29\/2022\/11\/voicesdavidgostoli-74fcaf5df298348f200228f913a02b02.jpg","width":1080,"height":608},{"@type":"BreadcrumbList","@id":"https:\/\/appsaf.apieproject.com\/news\/fr\/2022\/12\/10\/le-gospel-de-voices-of-africa-fera-vibrer-le-temple-du-bas-jeudi\/#breadcrumb","itemListElement":[{"@type":"ListItem","position":1,"name":"Home","item":"https:\/\/appsaf.apieproject.com\/news\/fr\/home\/"},{"@type":"ListItem","position":2,"name":"Le Gospel De Voices Of Africa Fera Vibrer Le Temple Du Bas Jeudi"}]},{"@type":"WebSite","@id":"https:\/\/appsaf.apieproject.com\/news\/#website","url":"https:\/\/appsaf.apieproject.com\/news\/","name":"APIE NEWS","description":"PANAFRICANISM NEWS PORTAL","publisher":{"@id":"https:\/\/appsaf.apieproject.com\/news\/#organization"},"potentialAction":[{"@type":"SearchAction","target":{"@type":"EntryPoint","urlTemplate":"https:\/\/appsaf.apieproject.com\/news\/?s={search_term_string}"},"query-input":{"@type":"PropertyValueSpecification","valueRequired":true,"valueName":"search_term_string"}}],"inLanguage":"fr-FR"},{"@type":"Organization","@id":"https:\/\/appsaf.apieproject.com\/news\/#organization","name":"APIE PROJECT","url":"https:\/\/appsaf.apieproject.com\/news\/","logo":{"@type":"ImageObject","inLanguage":"fr-FR","@id":"https:\/\/appsaf.apieproject.com\/news\/#\/schema\/logo\/image\/","url":"https:\/\/appsaf.apieproject.com\/news\/wp-content\/uploads\/sites\/29\/2022\/07\/logo-R-TransparentBackground.png","contentUrl":"https:\/\/appsaf.apieproject.com\/news\/wp-content\/uploads\/sites\/29\/2022\/07\/logo-R-TransparentBackground.png","width":512,"height":512,"caption":"APIE PROJECT"},"image":{"@id":"https:\/\/appsaf.apieproject.com\/news\/#\/schema\/logo\/image\/"},"sameAs":["https:\/\/facebook.com\/apieproject","https:\/\/x.com\/apieproject"]},{"@type":"Person","@id":"https:\/\/appsaf.apieproject.com\/news\/#\/schema\/person\/94d8f4e561b283d434da551498c8cb39","name":"guyetom","image":{"@type":"ImageObject","inLanguage":"fr-FR","@id":"https:\/\/appsaf.apieproject.com\/news\/#\/schema\/person\/image\/","url":"https:\/\/secure.gravatar.com\/avatar\/f36d884530ee45302c1f7eadb3f86562?s=96&d=mm&r=g","contentUrl":"https:\/\/secure.gravatar.com\/avatar\/f36d884530ee45302c1f7eadb3f86562?s=96&d=mm&r=g","caption":"guyetom"},"url":"https:\/\/appsaf.apieproject.com\/news\/fr\/author\/guyetom\/"}]}},"_links":{"self":[{"href":"https:\/\/appsaf.apieproject.com\/news\/fr\/wp-json\/wp\/v2\/posts\/22812","targetHints":{"allow":["GET"]}}],"collection":[{"href":"https:\/\/appsaf.apieproject.com\/news\/fr\/wp-json\/wp\/v2\/posts"}],"about":[{"href":"https:\/\/appsaf.apieproject.com\/news\/fr\/wp-json\/wp\/v2\/types\/post"}],"author":[{"embeddable":true,"href":"https:\/\/appsaf.apieproject.com\/news\/fr\/wp-json\/wp\/v2\/users\/13112"}],"replies":[{"embeddable":true,"href":"https:\/\/appsaf.apieproject.com\/news\/fr\/wp-json\/wp\/v2\/comments?post=22812"}],"version-history":[{"count":2,"href":"https:\/\/appsaf.apieproject.com\/news\/fr\/wp-json\/wp\/v2\/posts\/22812\/revisions"}],"predecessor-version":[{"id":23598,"href":"https:\/\/appsaf.apieproject.com\/news\/fr\/wp-json\/wp\/v2\/posts\/22812\/revisions\/23598"}],"wp:featuredmedia":[{"embeddable":true,"href":"https:\/\/appsaf.apieproject.com\/news\/fr\/wp-json\/wp\/v2\/media\/22809"}],"wp:attachment":[{"href":"https:\/\/appsaf.apieproject.com\/news\/fr\/wp-json\/wp\/v2\/media?parent=22812"}],"wp:term":[{"taxonomy":"category","embeddable":true,"href":"https:\/\/appsaf.apieproject.com\/news\/fr\/wp-json\/wp\/v2\/categories?post=22812"},{"taxonomy":"post_tag","embeddable":true,"href":"https:\/\/appsaf.apieproject.com\/news\/fr\/wp-json\/wp\/v2\/tags?post=22812"}],"curies":[{"name":"wp","href":"https:\/\/api.w.org\/{rel}","templated":true}]}}