{"id":22848,"date":"2022-12-10T11:59:50","date_gmt":"2022-12-10T11:59:50","guid":{"rendered":"https:\/\/appsaf.apieproject.com\/news\/?p=22848"},"modified":"2022-12-10T11:59:55","modified_gmt":"2022-12-10T11:59:55","slug":"village-artisanal-de-ouagadougou","status":"publish","type":"post","link":"https:\/\/appsaf.apieproject.com\/news\/fr\/2022\/12\/10\/village-artisanal-de-ouagadougou\/","title":{"rendered":"Village Artisanal De Ouagadougou"},"content":{"rendered":"<p>Situ\u00e9 \u00e0 c\u00f4t\u00e9 du SIAO, le Village Artisanal rassemble plus de 500 artisans parmi les meilleurs du Burkina, r\u00e9partis dans 25 m\u00e9tiers. Convivial et a\u00e9r\u00e9, le site compte pr\u00e8s de 50 ateliers install\u00e9s dans des b\u00e2timents de couleur ocre, construits en \u00e9ventail autour d\u2019une place avec son bar.<\/p>\n<p>Le Village Artisanal, v\u00e9ritable creuset de talents, est une plate-forme id\u00e9ale pour tous les artisans du pays dont il confirme la vitalit\u00e9 et la cr\u00e9ativit\u00e9.<\/p>\n<p>L\u2019administration du #VAO village Artisanal de Ouagadougou est compos\u00e9 de:<\/p>\n<p>\u2013 Direction<\/p>\n<p>Une gestionnaire , une (01) secr\u00e9taire de direction, un (01) coursier, un (01) chauffeur<\/p>\n<p>\u2013 Service commercial<\/p>\n<p>Un (01) agent commercial et cinq (05) vendeuses<\/p>\n<p>\u2013 Service comptable<\/p>\n<p>Deux (02) comptables et deux (02) caissiers.<\/p>\n<p>PRIX.<\/p>\n<p>1. Les prix de des produits sont indiqu\u00e9s dans nos magasins en Franc CFA (655,957 FCFA = 1euro : Parit\u00e9 fixe) et hors frais de livraison.<\/p>\n<p>2. Les \u00e9ventuels frais de livraison sont indiqu\u00e9s \u00e0 l\u2019Acheteur au fur et \u00e0 mesure de ses choix de produits, de leur destination et du mode de transport choisi (La Poste, le fret a\u00e9rien, le fret maritime) et lui sont factur\u00e9s \u00e0 la fin de la commande en suppl\u00e9ment du prix des produits s\u00e9lectionn\u00e9s.<\/p>\n<p>3. Les produits seront factur\u00e9s sur la base des tarifs en vigueur au moment de la validation de la commande.<\/p>\n<p>Les prix des produits sont indiqu\u00e9s dans le mag PRIX.<\/p>\n<p>COMMANDE<\/p>\n<p>Les Commandes se font :<\/p>\n<p>1. Par T\u00e9l\u00e9phone au 00226 50 37 14 83 du lundi au vendredi, de 7Heures \u00e0 12Heures 30mn et de 15Heures \u00e0 17Heures 30mn, heures locales ;<\/p>\n<p>2. Par Fax au 00226 50 37 14 59 ; Par Email au <span \n                data-original-string=\"2dbVJa4sQHU2uz6ijGGTpw==f1aJnTGsRYWcc1kSAtJ5o4tqR0UR3jFARcZ04j+PXHflZQ=\"\n                class=\"apbct-email-encoder\"\n                title=\"This contact has been encoded by Anti-Spam by CleanTalk. Click to decode. To finish the decoding make sure that JavaScript is enabled in your browser.\">vi<span class=\"apbct-blur\">***************@fa*****.<\/span>bf<\/span> ;<\/p>\n<p>3. Au Service Commercial du Village Artisanal.<\/p>\n<p>La validation de la commande se fera apr\u00e8s versement par l\u2019Acheteur d\u2019une avance \u00e9quivalent \u00e0 50% du montant total de la Commande,<\/p>\n<p>L\u2019acheteur b\u00e9n\u00e9ficie d\u2019un d\u00e9lai d\u2019annulation de Commande de Sept (07) jours \u00e0 compter de la date de validation de la commande. asins en Franc CFA (655,957 FCFA = 1euro : Parit\u00e9 fixe) et hors frais de livraison.<\/p>\n<p>Les \u00e9ventuels frais de livraison sont indiqu\u00e9s \u00e0 l\u2019acheteur au fur et \u00e0 mesure de ses choix de produits, de leur destination et du mode de transport choisi (La Poste, le fret a\u00e9rien, le fret maritime) et lui sont factur\u00e9s \u00e0 la fin de la commande en suppl\u00e9ment du prix des produits s\u00e9lectionn\u00e9s.<\/p>\n<p>Les produits seront factur\u00e9s sur la base des tarifs en vigueur au moment de la validation de la commande.<\/p>\n<p>L\u2019acheteur b\u00e9n\u00e9ficie d\u2019un d\u00e9lai d\u2019annulation de Commande de Sept (07) jours \u00e0 compter de la date de validation de la commande.<\/p>\n","protected":false},"excerpt":{"rendered":"<p>Le Village Artisanal de Ouagadougou, dernier n\u00e9 des espaces de cr\u00e9ation, de production et de vente, est venu combler ce vide en cr\u00e9ant une structure moderne qui repr\u00e9sente et commercialise de fa\u00e7on permanente l\u2019artisanat burkinab\u00e9.<\/p>\n","protected":false},"author":13112,"featured_media":22845,"comment_status":"open","ping_status":"open","sticky":false,"template":"","format":"standard","meta":{"footnotes":""},"categories":[55,75],"tags":[78,88,93],"class_list":{"0":"post-22848","1":"post","2":"type-post","3":"status-publish","4":"format-standard","5":"has-post-thumbnail","7":"category-divertissement","8":"category-voyager","9":"tag-apie-project-2","10":"tag-divertissement","11":"tag-voyager"},"yoast_head":"<!-- This site is optimized with the Yoast SEO plugin v24.4 - https:\/\/yoast.com\/wordpress\/plugins\/seo\/ -->\n<title>Village Artisanal De Ouagadougou - APIE NEWS<\/title>\n<meta name=\"robots\" content=\"index, follow, max-snippet:-1, max-image-preview:large, max-video-preview:-1\" \/>\n<link rel=\"canonical\" href=\"https:\/\/appsaf.apieproject.com\/news\/fr\/2022\/12\/10\/village-artisanal-de-ouagadougou\/\" \/>\n<meta property=\"og:locale\" content=\"fr_FR\" \/>\n<meta property=\"og:type\" content=\"article\" \/>\n<meta property=\"og:title\" content=\"Village Artisanal De Ouagadougou - APIE NEWS\" \/>\n<meta property=\"og:description\" content=\"Le Village Artisanal de Ouagadougou, dernier n\u00e9 des espaces de cr\u00e9ation, de production et de vente, est venu combler ce vide en cr\u00e9ant une structure moderne qui repr\u00e9sente et commercialise de fa\u00e7on permanente l\u2019artisanat burkinab\u00e9.\" \/>\n<meta property=\"og:url\" content=\"https:\/\/appsaf.apieproject.com\/news\/fr\/2022\/12\/10\/village-artisanal-de-ouagadougou\/\" \/>\n<meta property=\"og:site_name\" content=\"APIE NEWS\" \/>\n<meta property=\"article:publisher\" content=\"https:\/\/facebook.com\/apieproject\" \/>\n<meta property=\"article:published_time\" content=\"2022-12-10T11:59:50+00:00\" \/>\n<meta property=\"article:modified_time\" content=\"2022-12-10T11:59:55+00:00\" \/>\n<meta property=\"og:image\" content=\"https:\/\/appsaf.apieproject.com\/news\/wp-content\/uploads\/sites\/29\/2022\/11\/img_2549-54878768758d1eca1abc78c2a1d22ea8.jpg\" \/>\n\t<meta property=\"og:image:width\" content=\"500\" \/>\n\t<meta property=\"og:image:height\" content=\"332\" \/>\n\t<meta property=\"og:image:type\" content=\"image\/jpeg\" \/>\n<meta name=\"author\" content=\"guyetom\" \/>\n<meta name=\"twitter:card\" content=\"summary_large_image\" \/>\n<meta name=\"twitter:creator\" content=\"@apieproject\" \/>\n<meta name=\"twitter:site\" content=\"@apieproject\" \/>\n<meta name=\"twitter:label1\" content=\"\u00c9crit par\" \/>\n\t<meta name=\"twitter:data1\" content=\"guyetom\" \/>\n\t<meta name=\"twitter:label2\" content=\"Dur\u00e9e de lecture estim\u00e9e\" \/>\n\t<meta name=\"twitter:data2\" content=\"2 minutes\" \/>\n<script type=\"application\/ld+json\" class=\"yoast-schema-graph\">{\"@context\":\"https:\/\/schema.org\",\"@graph\":[{\"@type\":\"Article\",\"@id\":\"https:\/\/appsaf.apieproject.com\/news\/fr\/2022\/12\/10\/village-artisanal-de-ouagadougou\/#article\",\"isPartOf\":{\"@id\":\"https:\/\/appsaf.apieproject.com\/news\/fr\/2022\/12\/10\/village-artisanal-de-ouagadougou\/\"},\"author\":{\"name\":\"guyetom\",\"@id\":\"https:\/\/appsaf.apieproject.com\/news\/#\/schema\/person\/94d8f4e561b283d434da551498c8cb39\"},\"headline\":\"Village Artisanal De Ouagadougou\",\"datePublished\":\"2022-12-10T11:59:50+00:00\",\"dateModified\":\"2022-12-10T11:59:55+00:00\",\"mainEntityOfPage\":{\"@id\":\"https:\/\/appsaf.apieproject.com\/news\/fr\/2022\/12\/10\/village-artisanal-de-ouagadougou\/\"},\"wordCount\":438,\"commentCount\":0,\"publisher\":{\"@id\":\"https:\/\/appsaf.apieproject.com\/news\/#organization\"},\"image\":{\"@id\":\"https:\/\/appsaf.apieproject.com\/news\/fr\/2022\/12\/10\/village-artisanal-de-ouagadougou\/#primaryimage\"},\"thumbnailUrl\":\"https:\/\/appsaf.apieproject.com\/news\/wp-content\/uploads\/sites\/29\/2022\/11\/img_2549-54878768758d1eca1abc78c2a1d22ea8.jpg\",\"keywords\":[\"apie project\",\"divertissement\",\"voyager\"],\"articleSection\":[\"Divertissement\",\"Voyager\"],\"inLanguage\":\"fr-FR\",\"potentialAction\":[{\"@type\":\"CommentAction\",\"name\":\"Comment\",\"target\":[\"https:\/\/appsaf.apieproject.com\/news\/fr\/2022\/12\/10\/village-artisanal-de-ouagadougou\/#respond\"]}]},{\"@type\":\"WebPage\",\"@id\":\"https:\/\/appsaf.apieproject.com\/news\/fr\/2022\/12\/10\/village-artisanal-de-ouagadougou\/\",\"url\":\"https:\/\/appsaf.apieproject.com\/news\/fr\/2022\/12\/10\/village-artisanal-de-ouagadougou\/\",\"name\":\"Village Artisanal De Ouagadougou - APIE NEWS\",\"isPartOf\":{\"@id\":\"https:\/\/appsaf.apieproject.com\/news\/#website\"},\"primaryImageOfPage\":{\"@id\":\"https:\/\/appsaf.apieproject.com\/news\/fr\/2022\/12\/10\/village-artisanal-de-ouagadougou\/#primaryimage\"},\"image\":{\"@id\":\"https:\/\/appsaf.apieproject.com\/news\/fr\/2022\/12\/10\/village-artisanal-de-ouagadougou\/#primaryimage\"},\"thumbnailUrl\":\"https:\/\/appsaf.apieproject.com\/news\/wp-content\/uploads\/sites\/29\/2022\/11\/img_2549-54878768758d1eca1abc78c2a1d22ea8.jpg\",\"datePublished\":\"2022-12-10T11:59:50+00:00\",\"dateModified\":\"2022-12-10T11:59:55+00:00\",\"breadcrumb\":{\"@id\":\"https:\/\/appsaf.apieproject.com\/news\/fr\/2022\/12\/10\/village-artisanal-de-ouagadougou\/#breadcrumb\"},\"inLanguage\":\"fr-FR\",\"potentialAction\":[{\"@type\":\"ReadAction\",\"target\":[\"https:\/\/appsaf.apieproject.com\/news\/fr\/2022\/12\/10\/village-artisanal-de-ouagadougou\/\"]}]},{\"@type\":\"ImageObject\",\"inLanguage\":\"fr-FR\",\"@id\":\"https:\/\/appsaf.apieproject.com\/news\/fr\/2022\/12\/10\/village-artisanal-de-ouagadougou\/#primaryimage\",\"url\":\"https:\/\/appsaf.apieproject.com\/news\/wp-content\/uploads\/sites\/29\/2022\/11\/img_2549-54878768758d1eca1abc78c2a1d22ea8.jpg\",\"contentUrl\":\"https:\/\/appsaf.apieproject.com\/news\/wp-content\/uploads\/sites\/29\/2022\/11\/img_2549-54878768758d1eca1abc78c2a1d22ea8.jpg\",\"width\":500,\"height\":332},{\"@type\":\"BreadcrumbList\",\"@id\":\"https:\/\/appsaf.apieproject.com\/news\/fr\/2022\/12\/10\/village-artisanal-de-ouagadougou\/#breadcrumb\",\"itemListElement\":[{\"@type\":\"ListItem\",\"position\":1,\"name\":\"Home\",\"item\":\"https:\/\/appsaf.apieproject.com\/news\/fr\/home\/\"},{\"@type\":\"ListItem\",\"position\":2,\"name\":\"Village Artisanal De Ouagadougou\"}]},{\"@type\":\"WebSite\",\"@id\":\"https:\/\/appsaf.apieproject.com\/news\/#website\",\"url\":\"https:\/\/appsaf.apieproject.com\/news\/\",\"name\":\"APIE NEWS\",\"description\":\"PANAFRICANISM NEWS PORTAL\",\"publisher\":{\"@id\":\"https:\/\/appsaf.apieproject.com\/news\/#organization\"},\"potentialAction\":[{\"@type\":\"SearchAction\",\"target\":{\"@type\":\"EntryPoint\",\"urlTemplate\":\"https:\/\/appsaf.apieproject.com\/news\/?s={search_term_string}\"},\"query-input\":{\"@type\":\"PropertyValueSpecification\",\"valueRequired\":true,\"valueName\":\"search_term_string\"}}],\"inLanguage\":\"fr-FR\"},{\"@type\":\"Organization\",\"@id\":\"https:\/\/appsaf.apieproject.com\/news\/#organization\",\"name\":\"APIE PROJECT\",\"url\":\"https:\/\/appsaf.apieproject.com\/news\/\",\"logo\":{\"@type\":\"ImageObject\",\"inLanguage\":\"fr-FR\",\"@id\":\"https:\/\/appsaf.apieproject.com\/news\/#\/schema\/logo\/image\/\",\"url\":\"https:\/\/appsaf.apieproject.com\/news\/wp-content\/uploads\/sites\/29\/2022\/07\/logo-R-TransparentBackground.png\",\"contentUrl\":\"https:\/\/appsaf.apieproject.com\/news\/wp-content\/uploads\/sites\/29\/2022\/07\/logo-R-TransparentBackground.png\",\"width\":512,\"height\":512,\"caption\":\"APIE PROJECT\"},\"image\":{\"@id\":\"https:\/\/appsaf.apieproject.com\/news\/#\/schema\/logo\/image\/\"},\"sameAs\":[\"https:\/\/facebook.com\/apieproject\",\"https:\/\/x.com\/apieproject\"]},{\"@type\":\"Person\",\"@id\":\"https:\/\/appsaf.apieproject.com\/news\/#\/schema\/person\/94d8f4e561b283d434da551498c8cb39\",\"name\":\"guyetom\",\"image\":{\"@type\":\"ImageObject\",\"inLanguage\":\"fr-FR\",\"@id\":\"https:\/\/appsaf.apieproject.com\/news\/#\/schema\/person\/image\/\",\"url\":\"https:\/\/secure.gravatar.com\/avatar\/f36d884530ee45302c1f7eadb3f86562?s=96&d=mm&r=g\",\"contentUrl\":\"https:\/\/secure.gravatar.com\/avatar\/f36d884530ee45302c1f7eadb3f86562?s=96&d=mm&r=g\",\"caption\":\"guyetom\"},\"url\":\"https:\/\/appsaf.apieproject.com\/news\/fr\/author\/guyetom\/\"}]}<\/script>\n<!-- \/ Yoast SEO plugin. -->","yoast_head_json":{"title":"Village Artisanal De Ouagadougou - APIE NEWS","robots":{"index":"index","follow":"follow","max-snippet":"max-snippet:-1","max-image-preview":"max-image-preview:large","max-video-preview":"max-video-preview:-1"},"canonical":"https:\/\/appsaf.apieproject.com\/news\/fr\/2022\/12\/10\/village-artisanal-de-ouagadougou\/","og_locale":"fr_FR","og_type":"article","og_title":"Village Artisanal De Ouagadougou - APIE NEWS","og_description":"Le Village Artisanal de Ouagadougou, dernier n\u00e9 des espaces de cr\u00e9ation, de production et de vente, est venu combler ce vide en cr\u00e9ant une structure moderne qui repr\u00e9sente et commercialise de fa\u00e7on permanente l\u2019artisanat burkinab\u00e9.","og_url":"https:\/\/appsaf.apieproject.com\/news\/fr\/2022\/12\/10\/village-artisanal-de-ouagadougou\/","og_site_name":"APIE NEWS","article_publisher":"https:\/\/facebook.com\/apieproject","article_published_time":"2022-12-10T11:59:50+00:00","article_modified_time":"2022-12-10T11:59:55+00:00","og_image":[{"width":500,"height":332,"url":"https:\/\/appsaf.apieproject.com\/news\/wp-content\/uploads\/sites\/29\/2022\/11\/img_2549-54878768758d1eca1abc78c2a1d22ea8.jpg","type":"image\/jpeg"}],"author":"guyetom","twitter_card":"summary_large_image","twitter_creator":"@apieproject","twitter_site":"@apieproject","twitter_misc":{"\u00c9crit par":"guyetom","Dur\u00e9e de lecture estim\u00e9e":"2 minutes"},"schema":{"@context":"https:\/\/schema.org","@graph":[{"@type":"Article","@id":"https:\/\/appsaf.apieproject.com\/news\/fr\/2022\/12\/10\/village-artisanal-de-ouagadougou\/#article","isPartOf":{"@id":"https:\/\/appsaf.apieproject.com\/news\/fr\/2022\/12\/10\/village-artisanal-de-ouagadougou\/"},"author":{"name":"guyetom","@id":"https:\/\/appsaf.apieproject.com\/news\/#\/schema\/person\/94d8f4e561b283d434da551498c8cb39"},"headline":"Village Artisanal De Ouagadougou","datePublished":"2022-12-10T11:59:50+00:00","dateModified":"2022-12-10T11:59:55+00:00","mainEntityOfPage":{"@id":"https:\/\/appsaf.apieproject.com\/news\/fr\/2022\/12\/10\/village-artisanal-de-ouagadougou\/"},"wordCount":438,"commentCount":0,"publisher":{"@id":"https:\/\/appsaf.apieproject.com\/news\/#organization"},"image":{"@id":"https:\/\/appsaf.apieproject.com\/news\/fr\/2022\/12\/10\/village-artisanal-de-ouagadougou\/#primaryimage"},"thumbnailUrl":"https:\/\/appsaf.apieproject.com\/news\/wp-content\/uploads\/sites\/29\/2022\/11\/img_2549-54878768758d1eca1abc78c2a1d22ea8.jpg","keywords":["apie project","divertissement","voyager"],"articleSection":["Divertissement","Voyager"],"inLanguage":"fr-FR","potentialAction":[{"@type":"CommentAction","name":"Comment","target":["https:\/\/appsaf.apieproject.com\/news\/fr\/2022\/12\/10\/village-artisanal-de-ouagadougou\/#respond"]}]},{"@type":"WebPage","@id":"https:\/\/appsaf.apieproject.com\/news\/fr\/2022\/12\/10\/village-artisanal-de-ouagadougou\/","url":"https:\/\/appsaf.apieproject.com\/news\/fr\/2022\/12\/10\/village-artisanal-de-ouagadougou\/","name":"Village Artisanal De Ouagadougou - APIE NEWS","isPartOf":{"@id":"https:\/\/appsaf.apieproject.com\/news\/#website"},"primaryImageOfPage":{"@id":"https:\/\/appsaf.apieproject.com\/news\/fr\/2022\/12\/10\/village-artisanal-de-ouagadougou\/#primaryimage"},"image":{"@id":"https:\/\/appsaf.apieproject.com\/news\/fr\/2022\/12\/10\/village-artisanal-de-ouagadougou\/#primaryimage"},"thumbnailUrl":"https:\/\/appsaf.apieproject.com\/news\/wp-content\/uploads\/sites\/29\/2022\/11\/img_2549-54878768758d1eca1abc78c2a1d22ea8.jpg","datePublished":"2022-12-10T11:59:50+00:00","dateModified":"2022-12-10T11:59:55+00:00","breadcrumb":{"@id":"https:\/\/appsaf.apieproject.com\/news\/fr\/2022\/12\/10\/village-artisanal-de-ouagadougou\/#breadcrumb"},"inLanguage":"fr-FR","potentialAction":[{"@type":"ReadAction","target":["https:\/\/appsaf.apieproject.com\/news\/fr\/2022\/12\/10\/village-artisanal-de-ouagadougou\/"]}]},{"@type":"ImageObject","inLanguage":"fr-FR","@id":"https:\/\/appsaf.apieproject.com\/news\/fr\/2022\/12\/10\/village-artisanal-de-ouagadougou\/#primaryimage","url":"https:\/\/appsaf.apieproject.com\/news\/wp-content\/uploads\/sites\/29\/2022\/11\/img_2549-54878768758d1eca1abc78c2a1d22ea8.jpg","contentUrl":"https:\/\/appsaf.apieproject.com\/news\/wp-content\/uploads\/sites\/29\/2022\/11\/img_2549-54878768758d1eca1abc78c2a1d22ea8.jpg","width":500,"height":332},{"@type":"BreadcrumbList","@id":"https:\/\/appsaf.apieproject.com\/news\/fr\/2022\/12\/10\/village-artisanal-de-ouagadougou\/#breadcrumb","itemListElement":[{"@type":"ListItem","position":1,"name":"Home","item":"https:\/\/appsaf.apieproject.com\/news\/fr\/home\/"},{"@type":"ListItem","position":2,"name":"Village Artisanal De Ouagadougou"}]},{"@type":"WebSite","@id":"https:\/\/appsaf.apieproject.com\/news\/#website","url":"https:\/\/appsaf.apieproject.com\/news\/","name":"APIE NEWS","description":"PANAFRICANISM NEWS PORTAL","publisher":{"@id":"https:\/\/appsaf.apieproject.com\/news\/#organization"},"potentialAction":[{"@type":"SearchAction","target":{"@type":"EntryPoint","urlTemplate":"https:\/\/appsaf.apieproject.com\/news\/?s={search_term_string}"},"query-input":{"@type":"PropertyValueSpecification","valueRequired":true,"valueName":"search_term_string"}}],"inLanguage":"fr-FR"},{"@type":"Organization","@id":"https:\/\/appsaf.apieproject.com\/news\/#organization","name":"APIE PROJECT","url":"https:\/\/appsaf.apieproject.com\/news\/","logo":{"@type":"ImageObject","inLanguage":"fr-FR","@id":"https:\/\/appsaf.apieproject.com\/news\/#\/schema\/logo\/image\/","url":"https:\/\/appsaf.apieproject.com\/news\/wp-content\/uploads\/sites\/29\/2022\/07\/logo-R-TransparentBackground.png","contentUrl":"https:\/\/appsaf.apieproject.com\/news\/wp-content\/uploads\/sites\/29\/2022\/07\/logo-R-TransparentBackground.png","width":512,"height":512,"caption":"APIE PROJECT"},"image":{"@id":"https:\/\/appsaf.apieproject.com\/news\/#\/schema\/logo\/image\/"},"sameAs":["https:\/\/facebook.com\/apieproject","https:\/\/x.com\/apieproject"]},{"@type":"Person","@id":"https:\/\/appsaf.apieproject.com\/news\/#\/schema\/person\/94d8f4e561b283d434da551498c8cb39","name":"guyetom","image":{"@type":"ImageObject","inLanguage":"fr-FR","@id":"https:\/\/appsaf.apieproject.com\/news\/#\/schema\/person\/image\/","url":"https:\/\/secure.gravatar.com\/avatar\/f36d884530ee45302c1f7eadb3f86562?s=96&d=mm&r=g","contentUrl":"https:\/\/secure.gravatar.com\/avatar\/f36d884530ee45302c1f7eadb3f86562?s=96&d=mm&r=g","caption":"guyetom"},"url":"https:\/\/appsaf.apieproject.com\/news\/fr\/author\/guyetom\/"}]}},"_links":{"self":[{"href":"https:\/\/appsaf.apieproject.com\/news\/fr\/wp-json\/wp\/v2\/posts\/22848","targetHints":{"allow":["GET"]}}],"collection":[{"href":"https:\/\/appsaf.apieproject.com\/news\/fr\/wp-json\/wp\/v2\/posts"}],"about":[{"href":"https:\/\/appsaf.apieproject.com\/news\/fr\/wp-json\/wp\/v2\/types\/post"}],"author":[{"embeddable":true,"href":"https:\/\/appsaf.apieproject.com\/news\/fr\/wp-json\/wp\/v2\/users\/13112"}],"replies":[{"embeddable":true,"href":"https:\/\/appsaf.apieproject.com\/news\/fr\/wp-json\/wp\/v2\/comments?post=22848"}],"version-history":[{"count":1,"href":"https:\/\/appsaf.apieproject.com\/news\/fr\/wp-json\/wp\/v2\/posts\/22848\/revisions"}],"predecessor-version":[{"id":23611,"href":"https:\/\/appsaf.apieproject.com\/news\/fr\/wp-json\/wp\/v2\/posts\/22848\/revisions\/23611"}],"wp:featuredmedia":[{"embeddable":true,"href":"https:\/\/appsaf.apieproject.com\/news\/fr\/wp-json\/wp\/v2\/media\/22845"}],"wp:attachment":[{"href":"https:\/\/appsaf.apieproject.com\/news\/fr\/wp-json\/wp\/v2\/media?parent=22848"}],"wp:term":[{"taxonomy":"category","embeddable":true,"href":"https:\/\/appsaf.apieproject.com\/news\/fr\/wp-json\/wp\/v2\/categories?post=22848"},{"taxonomy":"post_tag","embeddable":true,"href":"https:\/\/appsaf.apieproject.com\/news\/fr\/wp-json\/wp\/v2\/tags?post=22848"}],"curies":[{"name":"wp","href":"https:\/\/api.w.org\/{rel}","templated":true}]}}