{"id":2362,"date":"2022-03-07T02:11:39","date_gmt":"2022-03-07T02:11:39","guid":{"rendered":"https:\/\/appsaf.apieproject.com\/news\/?p=2362"},"modified":"2022-03-07T02:11:51","modified_gmt":"2022-03-07T02:11:51","slug":"football-apres-cameroun-une-autre-equipe-africaine-change-de-selectionneur","status":"publish","type":"post","link":"https:\/\/appsaf.apieproject.com\/news\/fr\/2022\/03\/07\/football-apres-cameroun-une-autre-equipe-africaine-change-de-selectionneur\/","title":{"rendered":"Football : Apr\u00e8s Cameroun, une autre \u00e9quipe africaine change de s\u00e9lectionneur"},"content":{"rendered":"<p>Les Mourabitounes se sont s\u00e9par\u00e9s de Didier Gomes Da Rosa. Ainsi, Amir Abdou est d\u00e9sormais port\u00e9e \u00e0 la t\u00eate de l\u2019\u00e9quipe nationale de la Mauritanie. Amir Abdou, qui s\u2019est r\u00e9v\u00e9l\u00e9 en tant que s\u00e9lectionneur des Comores lors de la derni\u00e8re Coupe d\u2019Afrique des Nations, a trouv\u00e9 une \u00e9quipe avec laquelle il devra faire encore des miracles.<\/p>\n<p>Apr\u00e8s avoir quitt\u00e9 ses fonctions chez les C\u0153lacanthes, le technicien comorien de 49 ans a \u00e9t\u00e9 nomm\u00e9 \u00e0 la t\u00eate de l\u2019Equipe nationale de la Mauritanie.<\/p>\n","protected":false},"excerpt":{"rendered":"<p>D\u00e9cid\u00e9ment, la Coupe d\u2019Afrique des nations, tenue pr\u00e9c\u00e9demment au Cameroun, a servi de le\u00e7ons \u00e0 certains pays africains. Apr\u00e8s Cameroun, l\u2019\u00e9quipe nationale mauritanienne a chang\u00e9 d\u2019entra\u00eeneur.<\/p>\n","protected":false},"author":12963,"featured_media":2359,"comment_status":"open","ping_status":"open","sticky":false,"template":"","format":"standard","meta":{"footnotes":""},"categories":[67,71],"tags":[81,78,85],"class_list":{"0":"post-2362","1":"post","2":"type-post","3":"status-publish","4":"format-standard","5":"has-post-thumbnail","7":"category-actualites","8":"category-sports-fr","9":"tag-actualites","10":"tag-apie-project-2","11":"tag-sports-2"},"yoast_head":"<!-- This site is optimized with the Yoast SEO plugin v24.4 - https:\/\/yoast.com\/wordpress\/plugins\/seo\/ -->\n<title>Football : Apr\u00e8s Cameroun, une autre \u00e9quipe africaine change de s\u00e9lectionneur - APIE NEWS<\/title>\n<meta name=\"robots\" content=\"index, follow, max-snippet:-1, max-image-preview:large, max-video-preview:-1\" \/>\n<link rel=\"canonical\" href=\"https:\/\/appsaf.apieproject.com\/news\/fr\/2022\/03\/07\/football-apres-cameroun-une-autre-equipe-africaine-change-de-selectionneur\/\" \/>\n<meta property=\"og:locale\" content=\"fr_FR\" \/>\n<meta property=\"og:type\" content=\"article\" \/>\n<meta property=\"og:title\" content=\"Football : Apr\u00e8s Cameroun, une autre \u00e9quipe africaine change de s\u00e9lectionneur - APIE NEWS\" \/>\n<meta property=\"og:description\" content=\"D\u00e9cid\u00e9ment, la Coupe d\u2019Afrique des nations, tenue pr\u00e9c\u00e9demment au Cameroun, a servi de le\u00e7ons \u00e0 certains pays africains. Apr\u00e8s Cameroun, l\u2019\u00e9quipe nationale mauritanienne a chang\u00e9 d\u2019entra\u00eeneur.\" \/>\n<meta property=\"og:url\" content=\"https:\/\/appsaf.apieproject.com\/news\/fr\/2022\/03\/07\/football-apres-cameroun-une-autre-equipe-africaine-change-de-selectionneur\/\" \/>\n<meta property=\"og:site_name\" content=\"APIE NEWS\" \/>\n<meta property=\"article:publisher\" content=\"https:\/\/facebook.com\/apieproject\" \/>\n<meta property=\"article:published_time\" content=\"2022-03-07T02:11:39+00:00\" \/>\n<meta property=\"article:modified_time\" content=\"2022-03-07T02:11:51+00:00\" \/>\n<meta property=\"og:image\" content=\"https:\/\/appsaf.apieproject.com\/news\/wp-content\/uploads\/sites\/29\/2022\/03\/sp1-38ab3975146eaaec8ac4233847c31c1e.jpg\" \/>\n\t<meta property=\"og:image:width\" content=\"277\" \/>\n\t<meta property=\"og:image:height\" content=\"182\" \/>\n\t<meta property=\"og:image:type\" content=\"image\/jpeg\" \/>\n<meta name=\"author\" content=\"staff\" \/>\n<meta name=\"twitter:card\" content=\"summary_large_image\" \/>\n<meta name=\"twitter:creator\" content=\"@apieproject\" \/>\n<meta name=\"twitter:site\" content=\"@apieproject\" \/>\n<meta name=\"twitter:label1\" content=\"\u00c9crit par\" \/>\n\t<meta name=\"twitter:data1\" content=\"staff\" \/>\n<script type=\"application\/ld+json\" class=\"yoast-schema-graph\">{\"@context\":\"https:\/\/schema.org\",\"@graph\":[{\"@type\":\"Article\",\"@id\":\"https:\/\/appsaf.apieproject.com\/news\/fr\/2022\/03\/07\/football-apres-cameroun-une-autre-equipe-africaine-change-de-selectionneur\/#article\",\"isPartOf\":{\"@id\":\"https:\/\/appsaf.apieproject.com\/news\/fr\/2022\/03\/07\/football-apres-cameroun-une-autre-equipe-africaine-change-de-selectionneur\/\"},\"author\":{\"name\":\"staff\",\"@id\":\"https:\/\/appsaf.apieproject.com\/news\/#\/schema\/person\/399517cac378948cd7b39086f9ddc2a7\"},\"headline\":\"Football : Apr\u00e8s Cameroun, une autre \u00e9quipe africaine change de s\u00e9lectionneur\",\"datePublished\":\"2022-03-07T02:11:39+00:00\",\"dateModified\":\"2022-03-07T02:11:51+00:00\",\"mainEntityOfPage\":{\"@id\":\"https:\/\/appsaf.apieproject.com\/news\/fr\/2022\/03\/07\/football-apres-cameroun-une-autre-equipe-africaine-change-de-selectionneur\/\"},\"wordCount\":107,\"commentCount\":0,\"publisher\":{\"@id\":\"https:\/\/appsaf.apieproject.com\/news\/#organization\"},\"image\":{\"@id\":\"https:\/\/appsaf.apieproject.com\/news\/fr\/2022\/03\/07\/football-apres-cameroun-une-autre-equipe-africaine-change-de-selectionneur\/#primaryimage\"},\"thumbnailUrl\":\"https:\/\/appsaf.apieproject.com\/news\/wp-content\/uploads\/sites\/29\/2022\/03\/sp1-38ab3975146eaaec8ac4233847c31c1e.jpg\",\"keywords\":[\"actualites\",\"apie project\",\"sports\"],\"articleSection\":[\"Actualit\u00e9s\",\"Sports\"],\"inLanguage\":\"fr-FR\",\"potentialAction\":[{\"@type\":\"CommentAction\",\"name\":\"Comment\",\"target\":[\"https:\/\/appsaf.apieproject.com\/news\/fr\/2022\/03\/07\/football-apres-cameroun-une-autre-equipe-africaine-change-de-selectionneur\/#respond\"]}]},{\"@type\":\"WebPage\",\"@id\":\"https:\/\/appsaf.apieproject.com\/news\/fr\/2022\/03\/07\/football-apres-cameroun-une-autre-equipe-africaine-change-de-selectionneur\/\",\"url\":\"https:\/\/appsaf.apieproject.com\/news\/fr\/2022\/03\/07\/football-apres-cameroun-une-autre-equipe-africaine-change-de-selectionneur\/\",\"name\":\"Football : Apr\u00e8s Cameroun, une autre \u00e9quipe africaine change de s\u00e9lectionneur - APIE NEWS\",\"isPartOf\":{\"@id\":\"https:\/\/appsaf.apieproject.com\/news\/#website\"},\"primaryImageOfPage\":{\"@id\":\"https:\/\/appsaf.apieproject.com\/news\/fr\/2022\/03\/07\/football-apres-cameroun-une-autre-equipe-africaine-change-de-selectionneur\/#primaryimage\"},\"image\":{\"@id\":\"https:\/\/appsaf.apieproject.com\/news\/fr\/2022\/03\/07\/football-apres-cameroun-une-autre-equipe-africaine-change-de-selectionneur\/#primaryimage\"},\"thumbnailUrl\":\"https:\/\/appsaf.apieproject.com\/news\/wp-content\/uploads\/sites\/29\/2022\/03\/sp1-38ab3975146eaaec8ac4233847c31c1e.jpg\",\"datePublished\":\"2022-03-07T02:11:39+00:00\",\"dateModified\":\"2022-03-07T02:11:51+00:00\",\"breadcrumb\":{\"@id\":\"https:\/\/appsaf.apieproject.com\/news\/fr\/2022\/03\/07\/football-apres-cameroun-une-autre-equipe-africaine-change-de-selectionneur\/#breadcrumb\"},\"inLanguage\":\"fr-FR\",\"potentialAction\":[{\"@type\":\"ReadAction\",\"target\":[\"https:\/\/appsaf.apieproject.com\/news\/fr\/2022\/03\/07\/football-apres-cameroun-une-autre-equipe-africaine-change-de-selectionneur\/\"]}]},{\"@type\":\"ImageObject\",\"inLanguage\":\"fr-FR\",\"@id\":\"https:\/\/appsaf.apieproject.com\/news\/fr\/2022\/03\/07\/football-apres-cameroun-une-autre-equipe-africaine-change-de-selectionneur\/#primaryimage\",\"url\":\"https:\/\/appsaf.apieproject.com\/news\/wp-content\/uploads\/sites\/29\/2022\/03\/sp1-38ab3975146eaaec8ac4233847c31c1e.jpg\",\"contentUrl\":\"https:\/\/appsaf.apieproject.com\/news\/wp-content\/uploads\/sites\/29\/2022\/03\/sp1-38ab3975146eaaec8ac4233847c31c1e.jpg\",\"width\":277,\"height\":182},{\"@type\":\"BreadcrumbList\",\"@id\":\"https:\/\/appsaf.apieproject.com\/news\/fr\/2022\/03\/07\/football-apres-cameroun-une-autre-equipe-africaine-change-de-selectionneur\/#breadcrumb\",\"itemListElement\":[{\"@type\":\"ListItem\",\"position\":1,\"name\":\"Home\",\"item\":\"https:\/\/appsaf.apieproject.com\/news\/fr\/home\/\"},{\"@type\":\"ListItem\",\"position\":2,\"name\":\"Football : Apr\u00e8s Cameroun, une autre \u00e9quipe africaine change de s\u00e9lectionneur\"}]},{\"@type\":\"WebSite\",\"@id\":\"https:\/\/appsaf.apieproject.com\/news\/#website\",\"url\":\"https:\/\/appsaf.apieproject.com\/news\/\",\"name\":\"APIE NEWS\",\"description\":\"PANAFRICANISM NEWS PORTAL\",\"publisher\":{\"@id\":\"https:\/\/appsaf.apieproject.com\/news\/#organization\"},\"potentialAction\":[{\"@type\":\"SearchAction\",\"target\":{\"@type\":\"EntryPoint\",\"urlTemplate\":\"https:\/\/appsaf.apieproject.com\/news\/?s={search_term_string}\"},\"query-input\":{\"@type\":\"PropertyValueSpecification\",\"valueRequired\":true,\"valueName\":\"search_term_string\"}}],\"inLanguage\":\"fr-FR\"},{\"@type\":\"Organization\",\"@id\":\"https:\/\/appsaf.apieproject.com\/news\/#organization\",\"name\":\"APIE PROJECT\",\"url\":\"https:\/\/appsaf.apieproject.com\/news\/\",\"logo\":{\"@type\":\"ImageObject\",\"inLanguage\":\"fr-FR\",\"@id\":\"https:\/\/appsaf.apieproject.com\/news\/#\/schema\/logo\/image\/\",\"url\":\"https:\/\/appsaf.apieproject.com\/news\/wp-content\/uploads\/sites\/29\/2022\/07\/logo-R-TransparentBackground.png\",\"contentUrl\":\"https:\/\/appsaf.apieproject.com\/news\/wp-content\/uploads\/sites\/29\/2022\/07\/logo-R-TransparentBackground.png\",\"width\":512,\"height\":512,\"caption\":\"APIE PROJECT\"},\"image\":{\"@id\":\"https:\/\/appsaf.apieproject.com\/news\/#\/schema\/logo\/image\/\"},\"sameAs\":[\"https:\/\/facebook.com\/apieproject\",\"https:\/\/x.com\/apieproject\"]},{\"@type\":\"Person\",\"@id\":\"https:\/\/appsaf.apieproject.com\/news\/#\/schema\/person\/399517cac378948cd7b39086f9ddc2a7\",\"name\":\"staff\",\"image\":{\"@type\":\"ImageObject\",\"inLanguage\":\"fr-FR\",\"@id\":\"https:\/\/appsaf.apieproject.com\/news\/#\/schema\/person\/image\/\",\"url\":\"https:\/\/secure.gravatar.com\/avatar\/5386283c5db150efe261184bd59f072a?s=96&d=mm&r=g\",\"contentUrl\":\"https:\/\/secure.gravatar.com\/avatar\/5386283c5db150efe261184bd59f072a?s=96&d=mm&r=g\",\"caption\":\"staff\"},\"url\":\"https:\/\/appsaf.apieproject.com\/news\/fr\/author\/staff\/\"}]}<\/script>\n<!-- \/ Yoast SEO plugin. -->","yoast_head_json":{"title":"Football : Apr\u00e8s Cameroun, une autre \u00e9quipe africaine change de s\u00e9lectionneur - APIE NEWS","robots":{"index":"index","follow":"follow","max-snippet":"max-snippet:-1","max-image-preview":"max-image-preview:large","max-video-preview":"max-video-preview:-1"},"canonical":"https:\/\/appsaf.apieproject.com\/news\/fr\/2022\/03\/07\/football-apres-cameroun-une-autre-equipe-africaine-change-de-selectionneur\/","og_locale":"fr_FR","og_type":"article","og_title":"Football : Apr\u00e8s Cameroun, une autre \u00e9quipe africaine change de s\u00e9lectionneur - APIE NEWS","og_description":"D\u00e9cid\u00e9ment, la Coupe d\u2019Afrique des nations, tenue pr\u00e9c\u00e9demment au Cameroun, a servi de le\u00e7ons \u00e0 certains pays africains. Apr\u00e8s Cameroun, l\u2019\u00e9quipe nationale mauritanienne a chang\u00e9 d\u2019entra\u00eeneur.","og_url":"https:\/\/appsaf.apieproject.com\/news\/fr\/2022\/03\/07\/football-apres-cameroun-une-autre-equipe-africaine-change-de-selectionneur\/","og_site_name":"APIE NEWS","article_publisher":"https:\/\/facebook.com\/apieproject","article_published_time":"2022-03-07T02:11:39+00:00","article_modified_time":"2022-03-07T02:11:51+00:00","og_image":[{"width":277,"height":182,"url":"https:\/\/appsaf.apieproject.com\/news\/wp-content\/uploads\/sites\/29\/2022\/03\/sp1-38ab3975146eaaec8ac4233847c31c1e.jpg","type":"image\/jpeg"}],"author":"staff","twitter_card":"summary_large_image","twitter_creator":"@apieproject","twitter_site":"@apieproject","twitter_misc":{"\u00c9crit par":"staff"},"schema":{"@context":"https:\/\/schema.org","@graph":[{"@type":"Article","@id":"https:\/\/appsaf.apieproject.com\/news\/fr\/2022\/03\/07\/football-apres-cameroun-une-autre-equipe-africaine-change-de-selectionneur\/#article","isPartOf":{"@id":"https:\/\/appsaf.apieproject.com\/news\/fr\/2022\/03\/07\/football-apres-cameroun-une-autre-equipe-africaine-change-de-selectionneur\/"},"author":{"name":"staff","@id":"https:\/\/appsaf.apieproject.com\/news\/#\/schema\/person\/399517cac378948cd7b39086f9ddc2a7"},"headline":"Football : Apr\u00e8s Cameroun, une autre \u00e9quipe africaine change de s\u00e9lectionneur","datePublished":"2022-03-07T02:11:39+00:00","dateModified":"2022-03-07T02:11:51+00:00","mainEntityOfPage":{"@id":"https:\/\/appsaf.apieproject.com\/news\/fr\/2022\/03\/07\/football-apres-cameroun-une-autre-equipe-africaine-change-de-selectionneur\/"},"wordCount":107,"commentCount":0,"publisher":{"@id":"https:\/\/appsaf.apieproject.com\/news\/#organization"},"image":{"@id":"https:\/\/appsaf.apieproject.com\/news\/fr\/2022\/03\/07\/football-apres-cameroun-une-autre-equipe-africaine-change-de-selectionneur\/#primaryimage"},"thumbnailUrl":"https:\/\/appsaf.apieproject.com\/news\/wp-content\/uploads\/sites\/29\/2022\/03\/sp1-38ab3975146eaaec8ac4233847c31c1e.jpg","keywords":["actualites","apie project","sports"],"articleSection":["Actualit\u00e9s","Sports"],"inLanguage":"fr-FR","potentialAction":[{"@type":"CommentAction","name":"Comment","target":["https:\/\/appsaf.apieproject.com\/news\/fr\/2022\/03\/07\/football-apres-cameroun-une-autre-equipe-africaine-change-de-selectionneur\/#respond"]}]},{"@type":"WebPage","@id":"https:\/\/appsaf.apieproject.com\/news\/fr\/2022\/03\/07\/football-apres-cameroun-une-autre-equipe-africaine-change-de-selectionneur\/","url":"https:\/\/appsaf.apieproject.com\/news\/fr\/2022\/03\/07\/football-apres-cameroun-une-autre-equipe-africaine-change-de-selectionneur\/","name":"Football : Apr\u00e8s Cameroun, une autre \u00e9quipe africaine change de s\u00e9lectionneur - APIE NEWS","isPartOf":{"@id":"https:\/\/appsaf.apieproject.com\/news\/#website"},"primaryImageOfPage":{"@id":"https:\/\/appsaf.apieproject.com\/news\/fr\/2022\/03\/07\/football-apres-cameroun-une-autre-equipe-africaine-change-de-selectionneur\/#primaryimage"},"image":{"@id":"https:\/\/appsaf.apieproject.com\/news\/fr\/2022\/03\/07\/football-apres-cameroun-une-autre-equipe-africaine-change-de-selectionneur\/#primaryimage"},"thumbnailUrl":"https:\/\/appsaf.apieproject.com\/news\/wp-content\/uploads\/sites\/29\/2022\/03\/sp1-38ab3975146eaaec8ac4233847c31c1e.jpg","datePublished":"2022-03-07T02:11:39+00:00","dateModified":"2022-03-07T02:11:51+00:00","breadcrumb":{"@id":"https:\/\/appsaf.apieproject.com\/news\/fr\/2022\/03\/07\/football-apres-cameroun-une-autre-equipe-africaine-change-de-selectionneur\/#breadcrumb"},"inLanguage":"fr-FR","potentialAction":[{"@type":"ReadAction","target":["https:\/\/appsaf.apieproject.com\/news\/fr\/2022\/03\/07\/football-apres-cameroun-une-autre-equipe-africaine-change-de-selectionneur\/"]}]},{"@type":"ImageObject","inLanguage":"fr-FR","@id":"https:\/\/appsaf.apieproject.com\/news\/fr\/2022\/03\/07\/football-apres-cameroun-une-autre-equipe-africaine-change-de-selectionneur\/#primaryimage","url":"https:\/\/appsaf.apieproject.com\/news\/wp-content\/uploads\/sites\/29\/2022\/03\/sp1-38ab3975146eaaec8ac4233847c31c1e.jpg","contentUrl":"https:\/\/appsaf.apieproject.com\/news\/wp-content\/uploads\/sites\/29\/2022\/03\/sp1-38ab3975146eaaec8ac4233847c31c1e.jpg","width":277,"height":182},{"@type":"BreadcrumbList","@id":"https:\/\/appsaf.apieproject.com\/news\/fr\/2022\/03\/07\/football-apres-cameroun-une-autre-equipe-africaine-change-de-selectionneur\/#breadcrumb","itemListElement":[{"@type":"ListItem","position":1,"name":"Home","item":"https:\/\/appsaf.apieproject.com\/news\/fr\/home\/"},{"@type":"ListItem","position":2,"name":"Football : Apr\u00e8s Cameroun, une autre \u00e9quipe africaine change de s\u00e9lectionneur"}]},{"@type":"WebSite","@id":"https:\/\/appsaf.apieproject.com\/news\/#website","url":"https:\/\/appsaf.apieproject.com\/news\/","name":"APIE NEWS","description":"PANAFRICANISM NEWS PORTAL","publisher":{"@id":"https:\/\/appsaf.apieproject.com\/news\/#organization"},"potentialAction":[{"@type":"SearchAction","target":{"@type":"EntryPoint","urlTemplate":"https:\/\/appsaf.apieproject.com\/news\/?s={search_term_string}"},"query-input":{"@type":"PropertyValueSpecification","valueRequired":true,"valueName":"search_term_string"}}],"inLanguage":"fr-FR"},{"@type":"Organization","@id":"https:\/\/appsaf.apieproject.com\/news\/#organization","name":"APIE PROJECT","url":"https:\/\/appsaf.apieproject.com\/news\/","logo":{"@type":"ImageObject","inLanguage":"fr-FR","@id":"https:\/\/appsaf.apieproject.com\/news\/#\/schema\/logo\/image\/","url":"https:\/\/appsaf.apieproject.com\/news\/wp-content\/uploads\/sites\/29\/2022\/07\/logo-R-TransparentBackground.png","contentUrl":"https:\/\/appsaf.apieproject.com\/news\/wp-content\/uploads\/sites\/29\/2022\/07\/logo-R-TransparentBackground.png","width":512,"height":512,"caption":"APIE PROJECT"},"image":{"@id":"https:\/\/appsaf.apieproject.com\/news\/#\/schema\/logo\/image\/"},"sameAs":["https:\/\/facebook.com\/apieproject","https:\/\/x.com\/apieproject"]},{"@type":"Person","@id":"https:\/\/appsaf.apieproject.com\/news\/#\/schema\/person\/399517cac378948cd7b39086f9ddc2a7","name":"staff","image":{"@type":"ImageObject","inLanguage":"fr-FR","@id":"https:\/\/appsaf.apieproject.com\/news\/#\/schema\/person\/image\/","url":"https:\/\/secure.gravatar.com\/avatar\/5386283c5db150efe261184bd59f072a?s=96&d=mm&r=g","contentUrl":"https:\/\/secure.gravatar.com\/avatar\/5386283c5db150efe261184bd59f072a?s=96&d=mm&r=g","caption":"staff"},"url":"https:\/\/appsaf.apieproject.com\/news\/fr\/author\/staff\/"}]}},"_links":{"self":[{"href":"https:\/\/appsaf.apieproject.com\/news\/fr\/wp-json\/wp\/v2\/posts\/2362","targetHints":{"allow":["GET"]}}],"collection":[{"href":"https:\/\/appsaf.apieproject.com\/news\/fr\/wp-json\/wp\/v2\/posts"}],"about":[{"href":"https:\/\/appsaf.apieproject.com\/news\/fr\/wp-json\/wp\/v2\/types\/post"}],"author":[{"embeddable":true,"href":"https:\/\/appsaf.apieproject.com\/news\/fr\/wp-json\/wp\/v2\/users\/12963"}],"replies":[{"embeddable":true,"href":"https:\/\/appsaf.apieproject.com\/news\/fr\/wp-json\/wp\/v2\/comments?post=2362"}],"version-history":[{"count":3,"href":"https:\/\/appsaf.apieproject.com\/news\/fr\/wp-json\/wp\/v2\/posts\/2362\/revisions"}],"predecessor-version":[{"id":2557,"href":"https:\/\/appsaf.apieproject.com\/news\/fr\/wp-json\/wp\/v2\/posts\/2362\/revisions\/2557"}],"wp:featuredmedia":[{"embeddable":true,"href":"https:\/\/appsaf.apieproject.com\/news\/fr\/wp-json\/wp\/v2\/media\/2359"}],"wp:attachment":[{"href":"https:\/\/appsaf.apieproject.com\/news\/fr\/wp-json\/wp\/v2\/media?parent=2362"}],"wp:term":[{"taxonomy":"category","embeddable":true,"href":"https:\/\/appsaf.apieproject.com\/news\/fr\/wp-json\/wp\/v2\/categories?post=2362"},{"taxonomy":"post_tag","embeddable":true,"href":"https:\/\/appsaf.apieproject.com\/news\/fr\/wp-json\/wp\/v2\/tags?post=2362"}],"curies":[{"name":"wp","href":"https:\/\/api.w.org\/{rel}","templated":true}]}}