{"id":23658,"date":"2022-12-22T16:32:23","date_gmt":"2022-12-22T16:32:23","guid":{"rendered":"https:\/\/appsaf.apieproject.com\/news\/?p=23658"},"modified":"2022-12-22T16:32:25","modified_gmt":"2022-12-22T16:32:25","slug":"lafrique-du-sud-se-dote-dun-institut-en-intelligence-artificielle","status":"publish","type":"post","link":"https:\/\/appsaf.apieproject.com\/news\/fr\/2022\/12\/22\/lafrique-du-sud-se-dote-dun-institut-en-intelligence-artificielle\/","title":{"rendered":"L\u2019Afrique Du Sud Se Dote d\u2019Un Institut En Intelligence Artificielle"},"content":{"rendered":"<p>L\u2019institut sera divis\u00e9 en deux centres, l\u2019un \u00e0 Johannesburg h\u00e9berg\u00e9 par la Johannesburg Business School, et le second \u00e0 Pretoria \u00e0 l\u2019Universit\u00e9 de technologie de Tshwane.<\/p>\n<p>L\u2019Afrique du Sud, comme nombre de pays du continent, conna\u00eet une forte d\u00e9mographie mais est confront\u00e9e \u00e0 des probl\u00e8mes \u00e9conomiques et de ch\u00f4mage. La quatri\u00e8me r\u00e9volution industrielle (4RI) a le potentiel de l\u2019aider \u00e0 les surmonter mais pour cela elle doit former sa jeunesse aux nouvelles technologies.<\/p>\n<p>Le gouvernement sud-africain a mis en place la Commission pr\u00e9sidentielle sur la 4RI (PC4IR) en 2019 qui lui a pr\u00e9conis\u00e9 la cr\u00e9ation de cet institut visant \u00e0 aider le pays \u00e0 devenir un leader de la technologie num\u00e9rique sur le continent.<\/p>\n<p>Lors du lancement d\u2019AIISA, le Vice-chancelier et principal de l\u2019UJ, le professeur Tshilidzi Marwala (qui a \u00e9t\u00e9 vice-pr\u00e9sident du PC4IR), a d\u00e9clar\u00e9 :<\/p>\n<p>\u00ab En 2019, alors que mes coll\u00e8gues du PC4IR et moi-m\u00eame commencions \u00e0 \u00e9tablir les recommandations pour aider le gouvernement \u00e0 tirer parti des opportunit\u00e9s offertes par la r\u00e9volution industrielle num\u00e9rique et catapulter l\u2019Afrique du Sud dans la 4RI, il \u00e9tait \u00e9vident que la cr\u00e9ation d\u2019un institut d\u2019intelligence artificielle (IA) \u00e9tait au c\u0153ur de notre strat\u00e9gie. La recommandation de d\u00e9velopper l\u2019institut \u00e9tait centr\u00e9e sur la n\u00e9cessit\u00e9 d\u2019\u00e9tablir une base commune pour se concentrer sur l\u2019application de l\u2019IA \u00e0 la sant\u00e9, \u00e0 l\u2019agriculture, \u00e0 la finance, \u00e0 l\u2019exploitation mini\u00e8re, \u00e0 la fabrication et au gouvernement, parall\u00e8lement \u00e0 la r\u00e9glementation \u00bb.<\/p>\n<p>Pour le professeur Tinyiko Maluleke, Vice-chancelier de TUT, l\u2019Afrique du Sud ne pouvait plus permettre d\u2019\u00eatre laiss\u00e9e pour compte dans la vague de la 4RI. Il a d\u00e9clar\u00e9 :<\/p>\n<p>\u00ab TUT n\u2019avait pas d\u2019autre choix que de r\u00e9pondre \u00e0 l\u2019appel du ministre pour que nous nous joignions au minist\u00e8re et \u00e0 l\u2019UJ dans la cr\u00e9ation de l\u2019un des instituts les plus importants \u00e9tablis dans ce pays ces derni\u00e8res ann\u00e9es, \u00e0 savoir l\u2019AIISA. Cet institut cl\u00e9 deviendra le centre n\u00e9vralgique \u00e0 partir duquel nous fa\u00e7onnerons notre avenir connect\u00e9 en tant que pays. Un avenir num\u00e9rique qui attire tous les pays du monde \u00bb, a d\u00e9clar\u00e9 le professeur Maluleke.<\/p>\n<p>Selon la ministre du D\u00e9partement des communications et des technologies num\u00e9riques, Khumbudzo Ntshavhani, l\u2019institut inaugure une nouvelle \u00e8re dans les efforts de transformation num\u00e9rique de l\u2019Afrique du Sud, stimulant la croissance \u00e9conomique, luttant contre le ch\u00f4mage et cr\u00e9ant un impact social positif. Elle a d\u2019ailleurs comment\u00e9 :<\/p>\n<p>\u00ab J\u2019esp\u00e8re qu\u2019en lan\u00e7ant cet institut, avec ces deux universit\u00e9s qui accueillent la plus grande population \u00e9tudiante d\u2019Afrique du Sud d\u2019apprenants issus de milieux historiquement d\u00e9favoris\u00e9s, l\u2019effet multiplicateur aura lieu et aura un impact positif imm\u00e9diat sur ces individus et ces communaut\u00e9s \u00bb.<\/p>\n<p>L\u2019IA mati\u00e8re obligatoire \u00e0 l\u2019UJ<br \/>\nTshilidzi Marwala a annonc\u00e9 que l\u2019IA allait devenir une mati\u00e8re obligatoire pour tous les \u00e9tudiants de l\u2019UJ pour qu\u2019ils appr\u00e9hendent cette technologie et s\u2019habituent \u00e0 travailler avec elle. Il a expliqu\u00e9 :<\/p>\n<p>\u00ab L\u2019\u00e9tude de l\u2019intelligence artificielle devient un cours obligatoire dans toutes les qualifications \u00e0 l\u2019universit\u00e9 de Johannesburg afin de permettre \u00e0 ses dipl\u00f4m\u00e9s de progresser dans tous les domaines de travail \u00bb.<\/p>\n","protected":false},"excerpt":{"rendered":"<p>L\u2019Institut d\u2019intelligence artificielle AIISA, le premier d\u2019Afrique du Sud a \u00e9t\u00e9 lanc\u00e9 le 30 novembre dernier dans la cadre d\u2019un partenariat entre l\u2019Universit\u00e9 de Johannesburg (UJ), l\u2019Universit\u00e9 de technologie de Tshwane (TUT) et le D\u00e9partement des communications et des technologies num\u00e9riques, \u00e0 la Johannesburg Business School, une des facult\u00e9s de l\u2019UJ.<\/p>\n","protected":false},"author":12963,"featured_media":23655,"comment_status":"open","ping_status":"open","sticky":false,"template":"","format":"standard","meta":{"footnotes":""},"categories":[67,73],"tags":[81,78,77],"class_list":{"0":"post-23658","1":"post","2":"type-post","3":"status-publish","4":"format-standard","5":"has-post-thumbnail","7":"category-actualites","8":"category-technologie","9":"tag-actualites","10":"tag-apie-project-2","11":"tag-technologie"},"yoast_head":"<!-- This site is optimized with the Yoast SEO plugin v24.4 - https:\/\/yoast.com\/wordpress\/plugins\/seo\/ -->\n<title>L\u2019Afrique Du Sud Se Dote d\u2019Un Institut En Intelligence Artificielle - APIE NEWS<\/title>\n<meta name=\"robots\" content=\"index, follow, max-snippet:-1, max-image-preview:large, max-video-preview:-1\" \/>\n<link rel=\"canonical\" href=\"https:\/\/appsaf.apieproject.com\/news\/fr\/2022\/12\/22\/lafrique-du-sud-se-dote-dun-institut-en-intelligence-artificielle\/\" \/>\n<meta property=\"og:locale\" content=\"fr_FR\" \/>\n<meta property=\"og:type\" content=\"article\" \/>\n<meta property=\"og:title\" content=\"L\u2019Afrique Du Sud Se Dote d\u2019Un Institut En Intelligence Artificielle - APIE NEWS\" \/>\n<meta property=\"og:description\" content=\"L\u2019Institut d\u2019intelligence artificielle AIISA, le premier d\u2019Afrique du Sud a \u00e9t\u00e9 lanc\u00e9 le 30 novembre dernier dans la cadre d\u2019un partenariat entre l\u2019Universit\u00e9 de Johannesburg (UJ), l\u2019Universit\u00e9 de technologie de Tshwane (TUT) et le D\u00e9partement des communications et des technologies num\u00e9riques, \u00e0 la Johannesburg Business School, une des facult\u00e9s de l\u2019UJ.\" \/>\n<meta property=\"og:url\" content=\"https:\/\/appsaf.apieproject.com\/news\/fr\/2022\/12\/22\/lafrique-du-sud-se-dote-dun-institut-en-intelligence-artificielle\/\" \/>\n<meta property=\"og:site_name\" content=\"APIE NEWS\" \/>\n<meta property=\"article:publisher\" content=\"https:\/\/facebook.com\/apieproject\" \/>\n<meta property=\"article:published_time\" content=\"2022-12-22T16:32:23+00:00\" \/>\n<meta property=\"article:modified_time\" content=\"2022-12-22T16:32:25+00:00\" \/>\n<meta property=\"og:image\" content=\"https:\/\/appsaf.apieproject.com\/news\/wp-content\/uploads\/sites\/29\/2022\/12\/Capture-ab4911e9943710b8e874fe7e4abd7471.jpg\" \/>\n\t<meta property=\"og:image:width\" content=\"891\" \/>\n\t<meta property=\"og:image:height\" content=\"581\" \/>\n\t<meta property=\"og:image:type\" content=\"image\/jpeg\" \/>\n<meta name=\"author\" content=\"staff\" \/>\n<meta name=\"twitter:card\" content=\"summary_large_image\" \/>\n<meta name=\"twitter:creator\" content=\"@apieproject\" \/>\n<meta name=\"twitter:site\" content=\"@apieproject\" \/>\n<meta name=\"twitter:label1\" content=\"\u00c9crit par\" \/>\n\t<meta name=\"twitter:data1\" content=\"staff\" \/>\n\t<meta name=\"twitter:label2\" content=\"Dur\u00e9e de lecture estim\u00e9e\" \/>\n\t<meta name=\"twitter:data2\" content=\"3 minutes\" \/>\n<script type=\"application\/ld+json\" class=\"yoast-schema-graph\">{\"@context\":\"https:\/\/schema.org\",\"@graph\":[{\"@type\":\"Article\",\"@id\":\"https:\/\/appsaf.apieproject.com\/news\/fr\/2022\/12\/22\/lafrique-du-sud-se-dote-dun-institut-en-intelligence-artificielle\/#article\",\"isPartOf\":{\"@id\":\"https:\/\/appsaf.apieproject.com\/news\/fr\/2022\/12\/22\/lafrique-du-sud-se-dote-dun-institut-en-intelligence-artificielle\/\"},\"author\":{\"name\":\"staff\",\"@id\":\"https:\/\/appsaf.apieproject.com\/news\/#\/schema\/person\/399517cac378948cd7b39086f9ddc2a7\"},\"headline\":\"L\u2019Afrique Du Sud Se Dote d\u2019Un Institut En Intelligence Artificielle\",\"datePublished\":\"2022-12-22T16:32:23+00:00\",\"dateModified\":\"2022-12-22T16:32:25+00:00\",\"mainEntityOfPage\":{\"@id\":\"https:\/\/appsaf.apieproject.com\/news\/fr\/2022\/12\/22\/lafrique-du-sud-se-dote-dun-institut-en-intelligence-artificielle\/\"},\"wordCount\":577,\"commentCount\":0,\"publisher\":{\"@id\":\"https:\/\/appsaf.apieproject.com\/news\/#organization\"},\"image\":{\"@id\":\"https:\/\/appsaf.apieproject.com\/news\/fr\/2022\/12\/22\/lafrique-du-sud-se-dote-dun-institut-en-intelligence-artificielle\/#primaryimage\"},\"thumbnailUrl\":\"https:\/\/appsaf.apieproject.com\/news\/wp-content\/uploads\/sites\/29\/2022\/12\/Capture-ab4911e9943710b8e874fe7e4abd7471.jpg\",\"keywords\":[\"actualites\",\"apie project\",\"technologie\"],\"articleSection\":[\"Actualit\u00e9s\",\"Technologie\"],\"inLanguage\":\"fr-FR\",\"potentialAction\":[{\"@type\":\"CommentAction\",\"name\":\"Comment\",\"target\":[\"https:\/\/appsaf.apieproject.com\/news\/fr\/2022\/12\/22\/lafrique-du-sud-se-dote-dun-institut-en-intelligence-artificielle\/#respond\"]}]},{\"@type\":\"WebPage\",\"@id\":\"https:\/\/appsaf.apieproject.com\/news\/fr\/2022\/12\/22\/lafrique-du-sud-se-dote-dun-institut-en-intelligence-artificielle\/\",\"url\":\"https:\/\/appsaf.apieproject.com\/news\/fr\/2022\/12\/22\/lafrique-du-sud-se-dote-dun-institut-en-intelligence-artificielle\/\",\"name\":\"L\u2019Afrique Du Sud Se Dote d\u2019Un Institut En Intelligence Artificielle - APIE NEWS\",\"isPartOf\":{\"@id\":\"https:\/\/appsaf.apieproject.com\/news\/#website\"},\"primaryImageOfPage\":{\"@id\":\"https:\/\/appsaf.apieproject.com\/news\/fr\/2022\/12\/22\/lafrique-du-sud-se-dote-dun-institut-en-intelligence-artificielle\/#primaryimage\"},\"image\":{\"@id\":\"https:\/\/appsaf.apieproject.com\/news\/fr\/2022\/12\/22\/lafrique-du-sud-se-dote-dun-institut-en-intelligence-artificielle\/#primaryimage\"},\"thumbnailUrl\":\"https:\/\/appsaf.apieproject.com\/news\/wp-content\/uploads\/sites\/29\/2022\/12\/Capture-ab4911e9943710b8e874fe7e4abd7471.jpg\",\"datePublished\":\"2022-12-22T16:32:23+00:00\",\"dateModified\":\"2022-12-22T16:32:25+00:00\",\"breadcrumb\":{\"@id\":\"https:\/\/appsaf.apieproject.com\/news\/fr\/2022\/12\/22\/lafrique-du-sud-se-dote-dun-institut-en-intelligence-artificielle\/#breadcrumb\"},\"inLanguage\":\"fr-FR\",\"potentialAction\":[{\"@type\":\"ReadAction\",\"target\":[\"https:\/\/appsaf.apieproject.com\/news\/fr\/2022\/12\/22\/lafrique-du-sud-se-dote-dun-institut-en-intelligence-artificielle\/\"]}]},{\"@type\":\"ImageObject\",\"inLanguage\":\"fr-FR\",\"@id\":\"https:\/\/appsaf.apieproject.com\/news\/fr\/2022\/12\/22\/lafrique-du-sud-se-dote-dun-institut-en-intelligence-artificielle\/#primaryimage\",\"url\":\"https:\/\/appsaf.apieproject.com\/news\/wp-content\/uploads\/sites\/29\/2022\/12\/Capture-ab4911e9943710b8e874fe7e4abd7471.jpg\",\"contentUrl\":\"https:\/\/appsaf.apieproject.com\/news\/wp-content\/uploads\/sites\/29\/2022\/12\/Capture-ab4911e9943710b8e874fe7e4abd7471.jpg\",\"width\":891,\"height\":581},{\"@type\":\"BreadcrumbList\",\"@id\":\"https:\/\/appsaf.apieproject.com\/news\/fr\/2022\/12\/22\/lafrique-du-sud-se-dote-dun-institut-en-intelligence-artificielle\/#breadcrumb\",\"itemListElement\":[{\"@type\":\"ListItem\",\"position\":1,\"name\":\"Home\",\"item\":\"https:\/\/appsaf.apieproject.com\/news\/fr\/home\/\"},{\"@type\":\"ListItem\",\"position\":2,\"name\":\"L\u2019Afrique Du Sud Se Dote d\u2019Un Institut En Intelligence Artificielle\"}]},{\"@type\":\"WebSite\",\"@id\":\"https:\/\/appsaf.apieproject.com\/news\/#website\",\"url\":\"https:\/\/appsaf.apieproject.com\/news\/\",\"name\":\"APIE NEWS\",\"description\":\"PANAFRICANISM NEWS PORTAL\",\"publisher\":{\"@id\":\"https:\/\/appsaf.apieproject.com\/news\/#organization\"},\"potentialAction\":[{\"@type\":\"SearchAction\",\"target\":{\"@type\":\"EntryPoint\",\"urlTemplate\":\"https:\/\/appsaf.apieproject.com\/news\/?s={search_term_string}\"},\"query-input\":{\"@type\":\"PropertyValueSpecification\",\"valueRequired\":true,\"valueName\":\"search_term_string\"}}],\"inLanguage\":\"fr-FR\"},{\"@type\":\"Organization\",\"@id\":\"https:\/\/appsaf.apieproject.com\/news\/#organization\",\"name\":\"APIE PROJECT\",\"url\":\"https:\/\/appsaf.apieproject.com\/news\/\",\"logo\":{\"@type\":\"ImageObject\",\"inLanguage\":\"fr-FR\",\"@id\":\"https:\/\/appsaf.apieproject.com\/news\/#\/schema\/logo\/image\/\",\"url\":\"https:\/\/appsaf.apieproject.com\/news\/wp-content\/uploads\/sites\/29\/2022\/07\/logo-R-TransparentBackground.png\",\"contentUrl\":\"https:\/\/appsaf.apieproject.com\/news\/wp-content\/uploads\/sites\/29\/2022\/07\/logo-R-TransparentBackground.png\",\"width\":512,\"height\":512,\"caption\":\"APIE PROJECT\"},\"image\":{\"@id\":\"https:\/\/appsaf.apieproject.com\/news\/#\/schema\/logo\/image\/\"},\"sameAs\":[\"https:\/\/facebook.com\/apieproject\",\"https:\/\/x.com\/apieproject\"]},{\"@type\":\"Person\",\"@id\":\"https:\/\/appsaf.apieproject.com\/news\/#\/schema\/person\/399517cac378948cd7b39086f9ddc2a7\",\"name\":\"staff\",\"image\":{\"@type\":\"ImageObject\",\"inLanguage\":\"fr-FR\",\"@id\":\"https:\/\/appsaf.apieproject.com\/news\/#\/schema\/person\/image\/\",\"url\":\"https:\/\/secure.gravatar.com\/avatar\/5386283c5db150efe261184bd59f072a?s=96&d=mm&r=g\",\"contentUrl\":\"https:\/\/secure.gravatar.com\/avatar\/5386283c5db150efe261184bd59f072a?s=96&d=mm&r=g\",\"caption\":\"staff\"},\"url\":\"https:\/\/appsaf.apieproject.com\/news\/fr\/author\/staff\/\"}]}<\/script>\n<!-- \/ Yoast SEO plugin. -->","yoast_head_json":{"title":"L\u2019Afrique Du Sud Se Dote d\u2019Un Institut En Intelligence Artificielle - APIE NEWS","robots":{"index":"index","follow":"follow","max-snippet":"max-snippet:-1","max-image-preview":"max-image-preview:large","max-video-preview":"max-video-preview:-1"},"canonical":"https:\/\/appsaf.apieproject.com\/news\/fr\/2022\/12\/22\/lafrique-du-sud-se-dote-dun-institut-en-intelligence-artificielle\/","og_locale":"fr_FR","og_type":"article","og_title":"L\u2019Afrique Du Sud Se Dote d\u2019Un Institut En Intelligence Artificielle - APIE NEWS","og_description":"L\u2019Institut d\u2019intelligence artificielle AIISA, le premier d\u2019Afrique du Sud a \u00e9t\u00e9 lanc\u00e9 le 30 novembre dernier dans la cadre d\u2019un partenariat entre l\u2019Universit\u00e9 de Johannesburg (UJ), l\u2019Universit\u00e9 de technologie de Tshwane (TUT) et le D\u00e9partement des communications et des technologies num\u00e9riques, \u00e0 la Johannesburg Business School, une des facult\u00e9s de l\u2019UJ.","og_url":"https:\/\/appsaf.apieproject.com\/news\/fr\/2022\/12\/22\/lafrique-du-sud-se-dote-dun-institut-en-intelligence-artificielle\/","og_site_name":"APIE NEWS","article_publisher":"https:\/\/facebook.com\/apieproject","article_published_time":"2022-12-22T16:32:23+00:00","article_modified_time":"2022-12-22T16:32:25+00:00","og_image":[{"width":891,"height":581,"url":"https:\/\/appsaf.apieproject.com\/news\/wp-content\/uploads\/sites\/29\/2022\/12\/Capture-ab4911e9943710b8e874fe7e4abd7471.jpg","type":"image\/jpeg"}],"author":"staff","twitter_card":"summary_large_image","twitter_creator":"@apieproject","twitter_site":"@apieproject","twitter_misc":{"\u00c9crit par":"staff","Dur\u00e9e de lecture estim\u00e9e":"3 minutes"},"schema":{"@context":"https:\/\/schema.org","@graph":[{"@type":"Article","@id":"https:\/\/appsaf.apieproject.com\/news\/fr\/2022\/12\/22\/lafrique-du-sud-se-dote-dun-institut-en-intelligence-artificielle\/#article","isPartOf":{"@id":"https:\/\/appsaf.apieproject.com\/news\/fr\/2022\/12\/22\/lafrique-du-sud-se-dote-dun-institut-en-intelligence-artificielle\/"},"author":{"name":"staff","@id":"https:\/\/appsaf.apieproject.com\/news\/#\/schema\/person\/399517cac378948cd7b39086f9ddc2a7"},"headline":"L\u2019Afrique Du Sud Se Dote d\u2019Un Institut En Intelligence Artificielle","datePublished":"2022-12-22T16:32:23+00:00","dateModified":"2022-12-22T16:32:25+00:00","mainEntityOfPage":{"@id":"https:\/\/appsaf.apieproject.com\/news\/fr\/2022\/12\/22\/lafrique-du-sud-se-dote-dun-institut-en-intelligence-artificielle\/"},"wordCount":577,"commentCount":0,"publisher":{"@id":"https:\/\/appsaf.apieproject.com\/news\/#organization"},"image":{"@id":"https:\/\/appsaf.apieproject.com\/news\/fr\/2022\/12\/22\/lafrique-du-sud-se-dote-dun-institut-en-intelligence-artificielle\/#primaryimage"},"thumbnailUrl":"https:\/\/appsaf.apieproject.com\/news\/wp-content\/uploads\/sites\/29\/2022\/12\/Capture-ab4911e9943710b8e874fe7e4abd7471.jpg","keywords":["actualites","apie project","technologie"],"articleSection":["Actualit\u00e9s","Technologie"],"inLanguage":"fr-FR","potentialAction":[{"@type":"CommentAction","name":"Comment","target":["https:\/\/appsaf.apieproject.com\/news\/fr\/2022\/12\/22\/lafrique-du-sud-se-dote-dun-institut-en-intelligence-artificielle\/#respond"]}]},{"@type":"WebPage","@id":"https:\/\/appsaf.apieproject.com\/news\/fr\/2022\/12\/22\/lafrique-du-sud-se-dote-dun-institut-en-intelligence-artificielle\/","url":"https:\/\/appsaf.apieproject.com\/news\/fr\/2022\/12\/22\/lafrique-du-sud-se-dote-dun-institut-en-intelligence-artificielle\/","name":"L\u2019Afrique Du Sud Se Dote d\u2019Un Institut En Intelligence Artificielle - APIE NEWS","isPartOf":{"@id":"https:\/\/appsaf.apieproject.com\/news\/#website"},"primaryImageOfPage":{"@id":"https:\/\/appsaf.apieproject.com\/news\/fr\/2022\/12\/22\/lafrique-du-sud-se-dote-dun-institut-en-intelligence-artificielle\/#primaryimage"},"image":{"@id":"https:\/\/appsaf.apieproject.com\/news\/fr\/2022\/12\/22\/lafrique-du-sud-se-dote-dun-institut-en-intelligence-artificielle\/#primaryimage"},"thumbnailUrl":"https:\/\/appsaf.apieproject.com\/news\/wp-content\/uploads\/sites\/29\/2022\/12\/Capture-ab4911e9943710b8e874fe7e4abd7471.jpg","datePublished":"2022-12-22T16:32:23+00:00","dateModified":"2022-12-22T16:32:25+00:00","breadcrumb":{"@id":"https:\/\/appsaf.apieproject.com\/news\/fr\/2022\/12\/22\/lafrique-du-sud-se-dote-dun-institut-en-intelligence-artificielle\/#breadcrumb"},"inLanguage":"fr-FR","potentialAction":[{"@type":"ReadAction","target":["https:\/\/appsaf.apieproject.com\/news\/fr\/2022\/12\/22\/lafrique-du-sud-se-dote-dun-institut-en-intelligence-artificielle\/"]}]},{"@type":"ImageObject","inLanguage":"fr-FR","@id":"https:\/\/appsaf.apieproject.com\/news\/fr\/2022\/12\/22\/lafrique-du-sud-se-dote-dun-institut-en-intelligence-artificielle\/#primaryimage","url":"https:\/\/appsaf.apieproject.com\/news\/wp-content\/uploads\/sites\/29\/2022\/12\/Capture-ab4911e9943710b8e874fe7e4abd7471.jpg","contentUrl":"https:\/\/appsaf.apieproject.com\/news\/wp-content\/uploads\/sites\/29\/2022\/12\/Capture-ab4911e9943710b8e874fe7e4abd7471.jpg","width":891,"height":581},{"@type":"BreadcrumbList","@id":"https:\/\/appsaf.apieproject.com\/news\/fr\/2022\/12\/22\/lafrique-du-sud-se-dote-dun-institut-en-intelligence-artificielle\/#breadcrumb","itemListElement":[{"@type":"ListItem","position":1,"name":"Home","item":"https:\/\/appsaf.apieproject.com\/news\/fr\/home\/"},{"@type":"ListItem","position":2,"name":"L\u2019Afrique Du Sud Se Dote d\u2019Un Institut En Intelligence Artificielle"}]},{"@type":"WebSite","@id":"https:\/\/appsaf.apieproject.com\/news\/#website","url":"https:\/\/appsaf.apieproject.com\/news\/","name":"APIE NEWS","description":"PANAFRICANISM NEWS PORTAL","publisher":{"@id":"https:\/\/appsaf.apieproject.com\/news\/#organization"},"potentialAction":[{"@type":"SearchAction","target":{"@type":"EntryPoint","urlTemplate":"https:\/\/appsaf.apieproject.com\/news\/?s={search_term_string}"},"query-input":{"@type":"PropertyValueSpecification","valueRequired":true,"valueName":"search_term_string"}}],"inLanguage":"fr-FR"},{"@type":"Organization","@id":"https:\/\/appsaf.apieproject.com\/news\/#organization","name":"APIE PROJECT","url":"https:\/\/appsaf.apieproject.com\/news\/","logo":{"@type":"ImageObject","inLanguage":"fr-FR","@id":"https:\/\/appsaf.apieproject.com\/news\/#\/schema\/logo\/image\/","url":"https:\/\/appsaf.apieproject.com\/news\/wp-content\/uploads\/sites\/29\/2022\/07\/logo-R-TransparentBackground.png","contentUrl":"https:\/\/appsaf.apieproject.com\/news\/wp-content\/uploads\/sites\/29\/2022\/07\/logo-R-TransparentBackground.png","width":512,"height":512,"caption":"APIE PROJECT"},"image":{"@id":"https:\/\/appsaf.apieproject.com\/news\/#\/schema\/logo\/image\/"},"sameAs":["https:\/\/facebook.com\/apieproject","https:\/\/x.com\/apieproject"]},{"@type":"Person","@id":"https:\/\/appsaf.apieproject.com\/news\/#\/schema\/person\/399517cac378948cd7b39086f9ddc2a7","name":"staff","image":{"@type":"ImageObject","inLanguage":"fr-FR","@id":"https:\/\/appsaf.apieproject.com\/news\/#\/schema\/person\/image\/","url":"https:\/\/secure.gravatar.com\/avatar\/5386283c5db150efe261184bd59f072a?s=96&d=mm&r=g","contentUrl":"https:\/\/secure.gravatar.com\/avatar\/5386283c5db150efe261184bd59f072a?s=96&d=mm&r=g","caption":"staff"},"url":"https:\/\/appsaf.apieproject.com\/news\/fr\/author\/staff\/"}]}},"_links":{"self":[{"href":"https:\/\/appsaf.apieproject.com\/news\/fr\/wp-json\/wp\/v2\/posts\/23658","targetHints":{"allow":["GET"]}}],"collection":[{"href":"https:\/\/appsaf.apieproject.com\/news\/fr\/wp-json\/wp\/v2\/posts"}],"about":[{"href":"https:\/\/appsaf.apieproject.com\/news\/fr\/wp-json\/wp\/v2\/types\/post"}],"author":[{"embeddable":true,"href":"https:\/\/appsaf.apieproject.com\/news\/fr\/wp-json\/wp\/v2\/users\/12963"}],"replies":[{"embeddable":true,"href":"https:\/\/appsaf.apieproject.com\/news\/fr\/wp-json\/wp\/v2\/comments?post=23658"}],"version-history":[{"count":1,"href":"https:\/\/appsaf.apieproject.com\/news\/fr\/wp-json\/wp\/v2\/posts\/23658\/revisions"}],"predecessor-version":[{"id":24653,"href":"https:\/\/appsaf.apieproject.com\/news\/fr\/wp-json\/wp\/v2\/posts\/23658\/revisions\/24653"}],"wp:featuredmedia":[{"embeddable":true,"href":"https:\/\/appsaf.apieproject.com\/news\/fr\/wp-json\/wp\/v2\/media\/23655"}],"wp:attachment":[{"href":"https:\/\/appsaf.apieproject.com\/news\/fr\/wp-json\/wp\/v2\/media?parent=23658"}],"wp:term":[{"taxonomy":"category","embeddable":true,"href":"https:\/\/appsaf.apieproject.com\/news\/fr\/wp-json\/wp\/v2\/categories?post=23658"},{"taxonomy":"post_tag","embeddable":true,"href":"https:\/\/appsaf.apieproject.com\/news\/fr\/wp-json\/wp\/v2\/tags?post=23658"}],"curies":[{"name":"wp","href":"https:\/\/api.w.org\/{rel}","templated":true}]}}