{"id":25072,"date":"2023-01-29T21:14:55","date_gmt":"2023-01-29T21:14:55","guid":{"rendered":"https:\/\/appsaf.apieproject.com\/news\/?p=25072"},"modified":"2023-01-29T21:14:57","modified_gmt":"2023-01-29T21:14:57","slug":"sciences-et-technologies-la-jeune-fille-au-coeur-de-la-semaine-scientifique-du-burkina","status":"publish","type":"post","link":"https:\/\/appsaf.apieproject.com\/news\/fr\/2023\/01\/29\/sciences-et-technologies-la-jeune-fille-au-coeur-de-la-semaine-scientifique-du-burkina\/","title":{"rendered":"Sciences Et Technologies : La Jeune Fille Au C\u0153ur De La Semaine Scientifique Du Burkina"},"content":{"rendered":"<p>Fin de calvaire pour les jeunes scientifiques et chercheurs burkinab\u00e8, priv\u00e9s depuis 2019 de l\u2019\u00e9v\u00e9nement qui met en lumi\u00e8re leur savoir-faire scientifique et technologique qu\u2019est la semaine africaine des sciences. Cet \u00e9v\u00e9nement annuel qui est un programme de Next Einstein Forum se d\u00e9roule pendant une semaine pour c\u00e9l\u00e9brer la science et la technologie.<\/p>\n<p>\u00ab L\u2019objectif du programme est de promouvoir la recherche en science et technologie en Afrique et globalement d\u2019encourager certaines cat\u00e9gories de gens qui sont les moins repr\u00e9sent\u00e9s dans le secteur de la science et de la technologie comme la jeunesse, les femmes et les jeunes filles, les r\u00e9fugi\u00e9s, les gens vivant avec un handicap \u00e0 participer \u00e0 l\u2019organisation des \u00e9v\u00e9nements scientifiques coordonn\u00e9s \u00e0 travers le continent \u00bb, a r\u00e9v\u00e9l\u00e9 la repr\u00e9sentante de Next Einstein Forum, Mme S\u00e9raphine Kayitaramirwa.<\/p>\n<p>La pr\u00e9sente \u00e9dition de la semaine africaine des sciences, organis\u00e9e en \u00e9dition sp\u00e9ciale par l\u2019African Institute for Mathematical Sciences (AIMS) et l\u2019Organisation Internationale de la Francophonie se d\u00e9roule simultan\u00e9ment au Burkina Faso, au Niger et au Tchad.<\/p>\n<p>Cette troisi\u00e8me \u00e9dition met un accent particulier sur la mobilisation des jeunes filles et de la jeunesse afin de susciter des vocations dans les sciences, les technologies, l\u2019ing\u00e9nierie et les math\u00e9matiques.<\/p>\n<p>\u00ab Les sciences et les technologies jouent un r\u00f4le crucial dans le d\u00e9veloppement \u00e9conomique et social d\u2019un pays. En renfor\u00e7ant les capacit\u00e9s scientifiques et technologiques, l\u2019Afrique peut relever les d\u00e9fis \u00e9conomiques et sociaux, am\u00e9liorer la qualit\u00e9 de vie de ses citoyens et renforcer sa comp\u00e9titivit\u00e9 mondiale \u00bb.<\/p>\n<p>Selon l\u2019ambassadrice de Next Einstein Forum, Annick Laurence Koussoub\u00e9, il est important de continuer \u00e0 promouvoir et \u00e0 investir dans la recherche scientifique et technologique en Afrique.<\/p>\n<p>\u00ab L\u2019Afrique ne pourra pas se d\u00e9velopper si nous ne mettons pas la science et la technologie \u00e0 l\u2019honneur \u00bb, pr\u00e9vient-elle avant de lancer un appel aux partenaires et aux autorit\u00e9s du Burkina Faso \u00e0 accompagner la semaine Africaine des Sciences dont le but est de \u00ab susciter de l\u2019int\u00e9r\u00eat aupr\u00e8s de la jeunesse, des femmes et des filles, de pr\u00e9senter au grand public, les autorit\u00e9s ce que la science et la technologie peuvent apporter au d\u00e9veloppement d\u2019un pays et ce que des jeunes scientifiques et chercheurs font dans nos diff\u00e9rents pays \u00bb.<\/p>\n<p>\u00ab Quoiqu\u2019on dise, insiste-elle, on ne peut pas se passer de la science et la technologie, et si nous voulons d\u00e9velopper notre pays le Burkina Faso, je pense que nous devons vraiment mettre l\u2019accent sur la science et la technologie \u00bb.<\/p>\n<p>Outre la c\u00e9r\u00e9monie inaugurale, diverses activit\u00e9s vont meubler cette semaine africaine des sciences. Le public aura droit \u00e0 un atelier de robotique, un atelier de chimie, un meet and greet o\u00f9 des jeunes pourront rencontrer un professionnel de l\u2019intelligence artificielle, une projection d\u2019un film intitul\u00e9 \u2018\u2019les figures de l\u2019ombre\u2019\u2019 suivi d\u2019une causerie avec des femmes scientifiques.<\/p>\n","protected":false},"excerpt":{"rendered":"<p>Apr\u00e8s trois ans de suspension due \u00e0 la pand\u00e9mie de Covid-19 et \u00e0 l\u2019ins\u00e9curit\u00e9, la semaine africaine des sciences fait son grand retour. Ce mardi 24 janvier 2023, la 3e \u00e9dition a \u00e9t\u00e9 lanc\u00e9e \u00e0 Ouagadougou devant un public compos\u00e9 de jeunes \u00e9tudiants aspirant \u00e0 devenir des futurs Einstein.<\/p>\n","protected":false},"author":12963,"featured_media":25069,"comment_status":"open","ping_status":"open","sticky":false,"template":"","format":"standard","meta":{"footnotes":""},"categories":[67,73],"tags":[81,78,77],"class_list":{"0":"post-25072","1":"post","2":"type-post","3":"status-publish","4":"format-standard","5":"has-post-thumbnail","7":"category-actualites","8":"category-technologie","9":"tag-actualites","10":"tag-apie-project-2","11":"tag-technologie"},"yoast_head":"<!-- This site is optimized with the Yoast SEO plugin v24.4 - https:\/\/yoast.com\/wordpress\/plugins\/seo\/ -->\n<title>Sciences Et Technologies : La Jeune Fille Au C\u0153ur De La Semaine Scientifique Du Burkina - APIE NEWS<\/title>\n<meta name=\"robots\" content=\"index, follow, max-snippet:-1, max-image-preview:large, max-video-preview:-1\" \/>\n<link rel=\"canonical\" href=\"https:\/\/appsaf.apieproject.com\/news\/fr\/2023\/01\/29\/sciences-et-technologies-la-jeune-fille-au-coeur-de-la-semaine-scientifique-du-burkina\/\" \/>\n<meta property=\"og:locale\" content=\"fr_FR\" \/>\n<meta property=\"og:type\" content=\"article\" \/>\n<meta property=\"og:title\" content=\"Sciences Et Technologies : La Jeune Fille Au C\u0153ur De La Semaine Scientifique Du Burkina - APIE NEWS\" \/>\n<meta property=\"og:description\" content=\"Apr\u00e8s trois ans de suspension due \u00e0 la pand\u00e9mie de Covid-19 et \u00e0 l\u2019ins\u00e9curit\u00e9, la semaine africaine des sciences fait son grand retour. Ce mardi 24 janvier 2023, la 3e \u00e9dition a \u00e9t\u00e9 lanc\u00e9e \u00e0 Ouagadougou devant un public compos\u00e9 de jeunes \u00e9tudiants aspirant \u00e0 devenir des futurs Einstein.\" \/>\n<meta property=\"og:url\" content=\"https:\/\/appsaf.apieproject.com\/news\/fr\/2023\/01\/29\/sciences-et-technologies-la-jeune-fille-au-coeur-de-la-semaine-scientifique-du-burkina\/\" \/>\n<meta property=\"og:site_name\" content=\"APIE NEWS\" \/>\n<meta property=\"article:publisher\" content=\"https:\/\/facebook.com\/apieproject\" \/>\n<meta property=\"article:published_time\" content=\"2023-01-29T21:14:55+00:00\" \/>\n<meta property=\"article:modified_time\" content=\"2023-01-29T21:14:57+00:00\" \/>\n<meta property=\"og:image\" content=\"https:\/\/appsaf.apieproject.com\/news\/wp-content\/uploads\/sites\/29\/2023\/01\/SAF-scaled-2760bdacc49204554b0109202399484a.jpg\" \/>\n\t<meta property=\"og:image:width\" content=\"691\" \/>\n\t<meta property=\"og:image:height\" content=\"460\" \/>\n\t<meta property=\"og:image:type\" content=\"image\/jpeg\" \/>\n<meta name=\"author\" content=\"staff\" \/>\n<meta name=\"twitter:card\" content=\"summary_large_image\" \/>\n<meta name=\"twitter:creator\" content=\"@apieproject\" \/>\n<meta name=\"twitter:site\" content=\"@apieproject\" \/>\n<meta name=\"twitter:label1\" content=\"\u00c9crit par\" \/>\n\t<meta name=\"twitter:data1\" content=\"staff\" \/>\n\t<meta name=\"twitter:label2\" content=\"Dur\u00e9e de lecture estim\u00e9e\" \/>\n\t<meta name=\"twitter:data2\" content=\"2 minutes\" \/>\n<script type=\"application\/ld+json\" class=\"yoast-schema-graph\">{\"@context\":\"https:\/\/schema.org\",\"@graph\":[{\"@type\":\"Article\",\"@id\":\"https:\/\/appsaf.apieproject.com\/news\/fr\/2023\/01\/29\/sciences-et-technologies-la-jeune-fille-au-coeur-de-la-semaine-scientifique-du-burkina\/#article\",\"isPartOf\":{\"@id\":\"https:\/\/appsaf.apieproject.com\/news\/fr\/2023\/01\/29\/sciences-et-technologies-la-jeune-fille-au-coeur-de-la-semaine-scientifique-du-burkina\/\"},\"author\":{\"name\":\"staff\",\"@id\":\"https:\/\/appsaf.apieproject.com\/news\/#\/schema\/person\/399517cac378948cd7b39086f9ddc2a7\"},\"headline\":\"Sciences Et Technologies : La Jeune Fille Au C\u0153ur De La Semaine Scientifique Du Burkina\",\"datePublished\":\"2023-01-29T21:14:55+00:00\",\"dateModified\":\"2023-01-29T21:14:57+00:00\",\"mainEntityOfPage\":{\"@id\":\"https:\/\/appsaf.apieproject.com\/news\/fr\/2023\/01\/29\/sciences-et-technologies-la-jeune-fille-au-coeur-de-la-semaine-scientifique-du-burkina\/\"},\"wordCount\":527,\"commentCount\":0,\"publisher\":{\"@id\":\"https:\/\/appsaf.apieproject.com\/news\/#organization\"},\"image\":{\"@id\":\"https:\/\/appsaf.apieproject.com\/news\/fr\/2023\/01\/29\/sciences-et-technologies-la-jeune-fille-au-coeur-de-la-semaine-scientifique-du-burkina\/#primaryimage\"},\"thumbnailUrl\":\"https:\/\/appsaf.apieproject.com\/news\/wp-content\/uploads\/sites\/29\/2023\/01\/SAF-scaled-2760bdacc49204554b0109202399484a.jpg\",\"keywords\":[\"actualites\",\"apie project\",\"technologie\"],\"articleSection\":[\"Actualit\u00e9s\",\"Technologie\"],\"inLanguage\":\"fr-FR\",\"potentialAction\":[{\"@type\":\"CommentAction\",\"name\":\"Comment\",\"target\":[\"https:\/\/appsaf.apieproject.com\/news\/fr\/2023\/01\/29\/sciences-et-technologies-la-jeune-fille-au-coeur-de-la-semaine-scientifique-du-burkina\/#respond\"]}]},{\"@type\":\"WebPage\",\"@id\":\"https:\/\/appsaf.apieproject.com\/news\/fr\/2023\/01\/29\/sciences-et-technologies-la-jeune-fille-au-coeur-de-la-semaine-scientifique-du-burkina\/\",\"url\":\"https:\/\/appsaf.apieproject.com\/news\/fr\/2023\/01\/29\/sciences-et-technologies-la-jeune-fille-au-coeur-de-la-semaine-scientifique-du-burkina\/\",\"name\":\"Sciences Et Technologies : La Jeune Fille Au C\u0153ur De La Semaine Scientifique Du Burkina - APIE NEWS\",\"isPartOf\":{\"@id\":\"https:\/\/appsaf.apieproject.com\/news\/#website\"},\"primaryImageOfPage\":{\"@id\":\"https:\/\/appsaf.apieproject.com\/news\/fr\/2023\/01\/29\/sciences-et-technologies-la-jeune-fille-au-coeur-de-la-semaine-scientifique-du-burkina\/#primaryimage\"},\"image\":{\"@id\":\"https:\/\/appsaf.apieproject.com\/news\/fr\/2023\/01\/29\/sciences-et-technologies-la-jeune-fille-au-coeur-de-la-semaine-scientifique-du-burkina\/#primaryimage\"},\"thumbnailUrl\":\"https:\/\/appsaf.apieproject.com\/news\/wp-content\/uploads\/sites\/29\/2023\/01\/SAF-scaled-2760bdacc49204554b0109202399484a.jpg\",\"datePublished\":\"2023-01-29T21:14:55+00:00\",\"dateModified\":\"2023-01-29T21:14:57+00:00\",\"breadcrumb\":{\"@id\":\"https:\/\/appsaf.apieproject.com\/news\/fr\/2023\/01\/29\/sciences-et-technologies-la-jeune-fille-au-coeur-de-la-semaine-scientifique-du-burkina\/#breadcrumb\"},\"inLanguage\":\"fr-FR\",\"potentialAction\":[{\"@type\":\"ReadAction\",\"target\":[\"https:\/\/appsaf.apieproject.com\/news\/fr\/2023\/01\/29\/sciences-et-technologies-la-jeune-fille-au-coeur-de-la-semaine-scientifique-du-burkina\/\"]}]},{\"@type\":\"ImageObject\",\"inLanguage\":\"fr-FR\",\"@id\":\"https:\/\/appsaf.apieproject.com\/news\/fr\/2023\/01\/29\/sciences-et-technologies-la-jeune-fille-au-coeur-de-la-semaine-scientifique-du-burkina\/#primaryimage\",\"url\":\"https:\/\/appsaf.apieproject.com\/news\/wp-content\/uploads\/sites\/29\/2023\/01\/SAF-scaled-2760bdacc49204554b0109202399484a.jpg\",\"contentUrl\":\"https:\/\/appsaf.apieproject.com\/news\/wp-content\/uploads\/sites\/29\/2023\/01\/SAF-scaled-2760bdacc49204554b0109202399484a.jpg\",\"width\":691,\"height\":460},{\"@type\":\"BreadcrumbList\",\"@id\":\"https:\/\/appsaf.apieproject.com\/news\/fr\/2023\/01\/29\/sciences-et-technologies-la-jeune-fille-au-coeur-de-la-semaine-scientifique-du-burkina\/#breadcrumb\",\"itemListElement\":[{\"@type\":\"ListItem\",\"position\":1,\"name\":\"Home\",\"item\":\"https:\/\/appsaf.apieproject.com\/news\/fr\/home\/\"},{\"@type\":\"ListItem\",\"position\":2,\"name\":\"Sciences Et Technologies : La Jeune Fille Au C\u0153ur De La Semaine Scientifique Du Burkina\"}]},{\"@type\":\"WebSite\",\"@id\":\"https:\/\/appsaf.apieproject.com\/news\/#website\",\"url\":\"https:\/\/appsaf.apieproject.com\/news\/\",\"name\":\"APIE NEWS\",\"description\":\"PANAFRICANISM NEWS PORTAL\",\"publisher\":{\"@id\":\"https:\/\/appsaf.apieproject.com\/news\/#organization\"},\"potentialAction\":[{\"@type\":\"SearchAction\",\"target\":{\"@type\":\"EntryPoint\",\"urlTemplate\":\"https:\/\/appsaf.apieproject.com\/news\/?s={search_term_string}\"},\"query-input\":{\"@type\":\"PropertyValueSpecification\",\"valueRequired\":true,\"valueName\":\"search_term_string\"}}],\"inLanguage\":\"fr-FR\"},{\"@type\":\"Organization\",\"@id\":\"https:\/\/appsaf.apieproject.com\/news\/#organization\",\"name\":\"APIE PROJECT\",\"url\":\"https:\/\/appsaf.apieproject.com\/news\/\",\"logo\":{\"@type\":\"ImageObject\",\"inLanguage\":\"fr-FR\",\"@id\":\"https:\/\/appsaf.apieproject.com\/news\/#\/schema\/logo\/image\/\",\"url\":\"https:\/\/appsaf.apieproject.com\/news\/wp-content\/uploads\/sites\/29\/2022\/07\/logo-R-TransparentBackground.png\",\"contentUrl\":\"https:\/\/appsaf.apieproject.com\/news\/wp-content\/uploads\/sites\/29\/2022\/07\/logo-R-TransparentBackground.png\",\"width\":512,\"height\":512,\"caption\":\"APIE PROJECT\"},\"image\":{\"@id\":\"https:\/\/appsaf.apieproject.com\/news\/#\/schema\/logo\/image\/\"},\"sameAs\":[\"https:\/\/facebook.com\/apieproject\",\"https:\/\/x.com\/apieproject\"]},{\"@type\":\"Person\",\"@id\":\"https:\/\/appsaf.apieproject.com\/news\/#\/schema\/person\/399517cac378948cd7b39086f9ddc2a7\",\"name\":\"staff\",\"image\":{\"@type\":\"ImageObject\",\"inLanguage\":\"fr-FR\",\"@id\":\"https:\/\/appsaf.apieproject.com\/news\/#\/schema\/person\/image\/\",\"url\":\"https:\/\/secure.gravatar.com\/avatar\/5386283c5db150efe261184bd59f072a?s=96&d=mm&r=g\",\"contentUrl\":\"https:\/\/secure.gravatar.com\/avatar\/5386283c5db150efe261184bd59f072a?s=96&d=mm&r=g\",\"caption\":\"staff\"},\"url\":\"https:\/\/appsaf.apieproject.com\/news\/fr\/author\/staff\/\"}]}<\/script>\n<!-- \/ Yoast SEO plugin. -->","yoast_head_json":{"title":"Sciences Et Technologies : La Jeune Fille Au C\u0153ur De La Semaine Scientifique Du Burkina - APIE NEWS","robots":{"index":"index","follow":"follow","max-snippet":"max-snippet:-1","max-image-preview":"max-image-preview:large","max-video-preview":"max-video-preview:-1"},"canonical":"https:\/\/appsaf.apieproject.com\/news\/fr\/2023\/01\/29\/sciences-et-technologies-la-jeune-fille-au-coeur-de-la-semaine-scientifique-du-burkina\/","og_locale":"fr_FR","og_type":"article","og_title":"Sciences Et Technologies : La Jeune Fille Au C\u0153ur De La Semaine Scientifique Du Burkina - APIE NEWS","og_description":"Apr\u00e8s trois ans de suspension due \u00e0 la pand\u00e9mie de Covid-19 et \u00e0 l\u2019ins\u00e9curit\u00e9, la semaine africaine des sciences fait son grand retour. Ce mardi 24 janvier 2023, la 3e \u00e9dition a \u00e9t\u00e9 lanc\u00e9e \u00e0 Ouagadougou devant un public compos\u00e9 de jeunes \u00e9tudiants aspirant \u00e0 devenir des futurs Einstein.","og_url":"https:\/\/appsaf.apieproject.com\/news\/fr\/2023\/01\/29\/sciences-et-technologies-la-jeune-fille-au-coeur-de-la-semaine-scientifique-du-burkina\/","og_site_name":"APIE NEWS","article_publisher":"https:\/\/facebook.com\/apieproject","article_published_time":"2023-01-29T21:14:55+00:00","article_modified_time":"2023-01-29T21:14:57+00:00","og_image":[{"width":691,"height":460,"url":"https:\/\/appsaf.apieproject.com\/news\/wp-content\/uploads\/sites\/29\/2023\/01\/SAF-scaled-2760bdacc49204554b0109202399484a.jpg","type":"image\/jpeg"}],"author":"staff","twitter_card":"summary_large_image","twitter_creator":"@apieproject","twitter_site":"@apieproject","twitter_misc":{"\u00c9crit par":"staff","Dur\u00e9e de lecture estim\u00e9e":"2 minutes"},"schema":{"@context":"https:\/\/schema.org","@graph":[{"@type":"Article","@id":"https:\/\/appsaf.apieproject.com\/news\/fr\/2023\/01\/29\/sciences-et-technologies-la-jeune-fille-au-coeur-de-la-semaine-scientifique-du-burkina\/#article","isPartOf":{"@id":"https:\/\/appsaf.apieproject.com\/news\/fr\/2023\/01\/29\/sciences-et-technologies-la-jeune-fille-au-coeur-de-la-semaine-scientifique-du-burkina\/"},"author":{"name":"staff","@id":"https:\/\/appsaf.apieproject.com\/news\/#\/schema\/person\/399517cac378948cd7b39086f9ddc2a7"},"headline":"Sciences Et Technologies : La Jeune Fille Au C\u0153ur De La Semaine Scientifique Du Burkina","datePublished":"2023-01-29T21:14:55+00:00","dateModified":"2023-01-29T21:14:57+00:00","mainEntityOfPage":{"@id":"https:\/\/appsaf.apieproject.com\/news\/fr\/2023\/01\/29\/sciences-et-technologies-la-jeune-fille-au-coeur-de-la-semaine-scientifique-du-burkina\/"},"wordCount":527,"commentCount":0,"publisher":{"@id":"https:\/\/appsaf.apieproject.com\/news\/#organization"},"image":{"@id":"https:\/\/appsaf.apieproject.com\/news\/fr\/2023\/01\/29\/sciences-et-technologies-la-jeune-fille-au-coeur-de-la-semaine-scientifique-du-burkina\/#primaryimage"},"thumbnailUrl":"https:\/\/appsaf.apieproject.com\/news\/wp-content\/uploads\/sites\/29\/2023\/01\/SAF-scaled-2760bdacc49204554b0109202399484a.jpg","keywords":["actualites","apie project","technologie"],"articleSection":["Actualit\u00e9s","Technologie"],"inLanguage":"fr-FR","potentialAction":[{"@type":"CommentAction","name":"Comment","target":["https:\/\/appsaf.apieproject.com\/news\/fr\/2023\/01\/29\/sciences-et-technologies-la-jeune-fille-au-coeur-de-la-semaine-scientifique-du-burkina\/#respond"]}]},{"@type":"WebPage","@id":"https:\/\/appsaf.apieproject.com\/news\/fr\/2023\/01\/29\/sciences-et-technologies-la-jeune-fille-au-coeur-de-la-semaine-scientifique-du-burkina\/","url":"https:\/\/appsaf.apieproject.com\/news\/fr\/2023\/01\/29\/sciences-et-technologies-la-jeune-fille-au-coeur-de-la-semaine-scientifique-du-burkina\/","name":"Sciences Et Technologies : La Jeune Fille Au C\u0153ur De La Semaine Scientifique Du Burkina - APIE NEWS","isPartOf":{"@id":"https:\/\/appsaf.apieproject.com\/news\/#website"},"primaryImageOfPage":{"@id":"https:\/\/appsaf.apieproject.com\/news\/fr\/2023\/01\/29\/sciences-et-technologies-la-jeune-fille-au-coeur-de-la-semaine-scientifique-du-burkina\/#primaryimage"},"image":{"@id":"https:\/\/appsaf.apieproject.com\/news\/fr\/2023\/01\/29\/sciences-et-technologies-la-jeune-fille-au-coeur-de-la-semaine-scientifique-du-burkina\/#primaryimage"},"thumbnailUrl":"https:\/\/appsaf.apieproject.com\/news\/wp-content\/uploads\/sites\/29\/2023\/01\/SAF-scaled-2760bdacc49204554b0109202399484a.jpg","datePublished":"2023-01-29T21:14:55+00:00","dateModified":"2023-01-29T21:14:57+00:00","breadcrumb":{"@id":"https:\/\/appsaf.apieproject.com\/news\/fr\/2023\/01\/29\/sciences-et-technologies-la-jeune-fille-au-coeur-de-la-semaine-scientifique-du-burkina\/#breadcrumb"},"inLanguage":"fr-FR","potentialAction":[{"@type":"ReadAction","target":["https:\/\/appsaf.apieproject.com\/news\/fr\/2023\/01\/29\/sciences-et-technologies-la-jeune-fille-au-coeur-de-la-semaine-scientifique-du-burkina\/"]}]},{"@type":"ImageObject","inLanguage":"fr-FR","@id":"https:\/\/appsaf.apieproject.com\/news\/fr\/2023\/01\/29\/sciences-et-technologies-la-jeune-fille-au-coeur-de-la-semaine-scientifique-du-burkina\/#primaryimage","url":"https:\/\/appsaf.apieproject.com\/news\/wp-content\/uploads\/sites\/29\/2023\/01\/SAF-scaled-2760bdacc49204554b0109202399484a.jpg","contentUrl":"https:\/\/appsaf.apieproject.com\/news\/wp-content\/uploads\/sites\/29\/2023\/01\/SAF-scaled-2760bdacc49204554b0109202399484a.jpg","width":691,"height":460},{"@type":"BreadcrumbList","@id":"https:\/\/appsaf.apieproject.com\/news\/fr\/2023\/01\/29\/sciences-et-technologies-la-jeune-fille-au-coeur-de-la-semaine-scientifique-du-burkina\/#breadcrumb","itemListElement":[{"@type":"ListItem","position":1,"name":"Home","item":"https:\/\/appsaf.apieproject.com\/news\/fr\/home\/"},{"@type":"ListItem","position":2,"name":"Sciences Et Technologies : La Jeune Fille Au C\u0153ur De La Semaine Scientifique Du Burkina"}]},{"@type":"WebSite","@id":"https:\/\/appsaf.apieproject.com\/news\/#website","url":"https:\/\/appsaf.apieproject.com\/news\/","name":"APIE NEWS","description":"PANAFRICANISM NEWS PORTAL","publisher":{"@id":"https:\/\/appsaf.apieproject.com\/news\/#organization"},"potentialAction":[{"@type":"SearchAction","target":{"@type":"EntryPoint","urlTemplate":"https:\/\/appsaf.apieproject.com\/news\/?s={search_term_string}"},"query-input":{"@type":"PropertyValueSpecification","valueRequired":true,"valueName":"search_term_string"}}],"inLanguage":"fr-FR"},{"@type":"Organization","@id":"https:\/\/appsaf.apieproject.com\/news\/#organization","name":"APIE PROJECT","url":"https:\/\/appsaf.apieproject.com\/news\/","logo":{"@type":"ImageObject","inLanguage":"fr-FR","@id":"https:\/\/appsaf.apieproject.com\/news\/#\/schema\/logo\/image\/","url":"https:\/\/appsaf.apieproject.com\/news\/wp-content\/uploads\/sites\/29\/2022\/07\/logo-R-TransparentBackground.png","contentUrl":"https:\/\/appsaf.apieproject.com\/news\/wp-content\/uploads\/sites\/29\/2022\/07\/logo-R-TransparentBackground.png","width":512,"height":512,"caption":"APIE PROJECT"},"image":{"@id":"https:\/\/appsaf.apieproject.com\/news\/#\/schema\/logo\/image\/"},"sameAs":["https:\/\/facebook.com\/apieproject","https:\/\/x.com\/apieproject"]},{"@type":"Person","@id":"https:\/\/appsaf.apieproject.com\/news\/#\/schema\/person\/399517cac378948cd7b39086f9ddc2a7","name":"staff","image":{"@type":"ImageObject","inLanguage":"fr-FR","@id":"https:\/\/appsaf.apieproject.com\/news\/#\/schema\/person\/image\/","url":"https:\/\/secure.gravatar.com\/avatar\/5386283c5db150efe261184bd59f072a?s=96&d=mm&r=g","contentUrl":"https:\/\/secure.gravatar.com\/avatar\/5386283c5db150efe261184bd59f072a?s=96&d=mm&r=g","caption":"staff"},"url":"https:\/\/appsaf.apieproject.com\/news\/fr\/author\/staff\/"}]}},"_links":{"self":[{"href":"https:\/\/appsaf.apieproject.com\/news\/fr\/wp-json\/wp\/v2\/posts\/25072","targetHints":{"allow":["GET"]}}],"collection":[{"href":"https:\/\/appsaf.apieproject.com\/news\/fr\/wp-json\/wp\/v2\/posts"}],"about":[{"href":"https:\/\/appsaf.apieproject.com\/news\/fr\/wp-json\/wp\/v2\/types\/post"}],"author":[{"embeddable":true,"href":"https:\/\/appsaf.apieproject.com\/news\/fr\/wp-json\/wp\/v2\/users\/12963"}],"replies":[{"embeddable":true,"href":"https:\/\/appsaf.apieproject.com\/news\/fr\/wp-json\/wp\/v2\/comments?post=25072"}],"version-history":[{"count":1,"href":"https:\/\/appsaf.apieproject.com\/news\/fr\/wp-json\/wp\/v2\/posts\/25072\/revisions"}],"predecessor-version":[{"id":25229,"href":"https:\/\/appsaf.apieproject.com\/news\/fr\/wp-json\/wp\/v2\/posts\/25072\/revisions\/25229"}],"wp:featuredmedia":[{"embeddable":true,"href":"https:\/\/appsaf.apieproject.com\/news\/fr\/wp-json\/wp\/v2\/media\/25069"}],"wp:attachment":[{"href":"https:\/\/appsaf.apieproject.com\/news\/fr\/wp-json\/wp\/v2\/media?parent=25072"}],"wp:term":[{"taxonomy":"category","embeddable":true,"href":"https:\/\/appsaf.apieproject.com\/news\/fr\/wp-json\/wp\/v2\/categories?post=25072"},{"taxonomy":"post_tag","embeddable":true,"href":"https:\/\/appsaf.apieproject.com\/news\/fr\/wp-json\/wp\/v2\/tags?post=25072"}],"curies":[{"name":"wp","href":"https:\/\/api.w.org\/{rel}","templated":true}]}}