{"id":25569,"date":"2023-02-15T19:26:59","date_gmt":"2023-02-15T19:26:59","guid":{"rendered":"https:\/\/appsaf.apieproject.com\/news\/?p=25569"},"modified":"2023-02-15T19:27:02","modified_gmt":"2023-02-15T19:27:02","slug":"cameroun-assassinat-du-journaliste-martinez-zogo-un-crime-detat","status":"publish","type":"post","link":"https:\/\/appsaf.apieproject.com\/news\/fr\/2023\/02\/15\/cameroun-assassinat-du-journaliste-martinez-zogo-un-crime-detat\/","title":{"rendered":"Cameroun : Assassinat Du Journaliste Martinez Zogo, Un Crime D\u2019Etat"},"content":{"rendered":"<p>Depuis bient\u00f4t trois semaines, la sph\u00e8re politico-m\u00e9diatique camerounaise est secou\u00e9e par le crime odieux d\u2019un journaliste de radio. Plusieurs suspects ont d\u00e9j\u00e0 \u00e9t\u00e9 mis aux arr\u00eats et leur exploitation devrait aboutir \u00e0 la mise \u00e0 nue des auteurs de ce crime.<\/p>\n<p><strong>Rappel des faits<\/strong><\/p>\n<p>Le 17 janvier 2023, Martinez Zogo, 51 ans, voix populaire d\u2019Amplitude FM, une radio o\u00f9 il d\u00e9non\u00e7ait quotidiennement, dans son \u00e9mission Embouteillages, le fonctionnement mafieux des clans rivaux du r\u00e9gime, a \u00e9t\u00e9 kidnapp\u00e9 \u00e0 Yaound\u00e9. Pendant plusieurs jours, sa famille nucl\u00e9aire et les journalistes camerounais sont mont\u00e9s au cr\u00e9neau pour retrouver le journaliste. Le 22 janvier, le corps sans vie de Martinez est retrouv\u00e9 \u00e0 Ebogo 3, une localit\u00e9 situ\u00e9e \u00e0 quelques kilom\u00e8tres de la capitale Yaound\u00e9.<\/p>\n<p>Indignation totale, la sph\u00e8re m\u00e9diatique camerounaise est aux abois. L\u2019on r\u00e9clame justice et le 27 janvier, le pr\u00e9sident de la R\u00e9publique Paul Biya, instruit une enqu\u00eate mixte Police-Gendarmerie sous la supervision de la Gendarmerie pour faire la lumi\u00e8re sur cette affaire. Et le 31 janvier, les premi\u00e8res arrestations sont effectu\u00e9es.<\/p>\n<p><strong>Les services secrets impliqu\u00e9s<\/strong><\/p>\n<p>C\u2019est le Secr\u00e9tariat d\u2019Etat \u00e0 la D\u00e9fense (SED) qui est en charge de l\u2019enqu\u00eate. Le 31 janvier, plusieurs membres de la Direction G\u00e9n\u00e9rale de la Recherche Ext\u00e9rieure (DGRE), le plus grand service secret camerounais, sont interpell\u00e9s. Parmi eux, un certain Justin Danwe, le Directeur des op\u00e9rations de ce service. Ce dernier va rapidement passer aux aveux et va avouer avoir conduit le commando qui a ex\u00e9cut\u00e9 le journaliste Martinez Zogo. Maxime Eko Eko, patron de la DGRE est lui aussi convoqu\u00e9 au SED et plac\u00e9 en garde \u00e0 vue.<\/p>\n<p>Cependant, Maxime Eko nie son implication dans ce crime, mais Justin Danwe rassure qu\u2019il n\u2019aurait pas pu conduire une telle op\u00e9ration sans l\u2019aval de son patron. Le 2 f\u00e9vrier, au cours d\u2019un \u00e9ni\u00e8me interrogatoire, Justin Danwe craque et d\u00e9cide de raconter le sc\u00e9nario de l\u2019assassinat. Il raconte alors avoir suivi le journaliste pendant une semaine avant de le kidnapper. Apr\u00e8s le kidnapping, le journaliste est conduit au sous-sol de l\u2019immeuble Ekang. Un immeuble en plein centre-ville de Yaound\u00e9 et appartenant \u00e0 Jean Pierre Amougou Belinga, un puissant homme d\u2019affaire et patron de plusieurs m\u00e9dias au rang desquels la c\u00e9l\u00e8bre t\u00e9l\u00e9vision Vision 4 . Martinez Zogo, quelques jours avant sa disparition, avait d\u00e9nonc\u00e9 des march\u00e9s fictifs de plusieurs milliards de Francs CFA octroy\u00e9s \u00e0 Jean Pierre Amougou Belinga. Toujours dans son r\u00e9cit, Justin Danwe affirme que l\u2019homme d\u2019affaire \u00e9tait pr\u00e9sent lorsque le journaliste a \u00e9t\u00e9 emmen\u00e9 dans son immeuble. Et c\u2019est \u00e0 la suite de plusieurs actes de tortures atroces que Martinez a \u00e9t\u00e9 tu\u00e9.<\/p>\n<p>Le 6 f\u00e9vrier, Amougou Belinga est arr\u00eat\u00e9 et conduit au SED pour audition. Avec lui, un des journalistes vedettes de son m\u00e9dia, Bruno Bidjang, mais aussi son garde du corps, un colonel \u00e0 la retraite Etoundi Nso\u00e9 ainsi que plusieurs membres de ses entreprises. Selon les informations diffus\u00e9es par les m\u00e9dias locaux, Jean Pierre Amougou Belinga serait le commanditaire de l\u2019assassinat du journaliste. Ce 14 f\u00e9vrier, ils ont \u00e9t\u00e9 conduits devant le Tribunal Militaire, o\u00f9, devraient d\u00e9buter dans les prochains jours de nouvelles auditions. Plusieurs autres hautes personnalit\u00e9s sont cit\u00e9es dans cette affaire. Notamment, le ministre de la Justice garde des Sceaux, Laurent Esso et le ministre des Finances Louis Paul Motaze. Ces derniers seraient, avec Jean Pierre Amougou Belinga les responsables de ce crime odieux. Pour l\u2019instant, l\u2019enqu\u00eate suis son cours et devra connaitre un d\u00e9nouement tr\u00e8s bient\u00f4t.<\/p>\n","protected":false},"excerpt":{"rendered":"<p>Depuis bient\u00f4t trois semaines, la sph\u00e8re politico-m\u00e9diatique camerounaise est secou\u00e9e par le crime odieux d\u2019un journaliste de radio. Plusieurs suspects ont d\u00e9j\u00e0 \u00e9t\u00e9 mis aux arr\u00eats et leur exploitation devrait aboutir \u00e0 la mise \u00e0 nue des auteurs de ce crime. Rappel des faits Le 17 janvier 2023, Martinez Zogo, 51 ans, voix populaire d\u2019Amplitude [&hellip;]<\/p>\n","protected":false},"author":13112,"featured_media":25566,"comment_status":"open","ping_status":"open","sticky":false,"template":"","format":"standard","meta":{"footnotes":""},"categories":[67,69,59],"tags":[81,78,82],"class_list":{"0":"post-25569","1":"post","2":"type-post","3":"status-publish","4":"format-standard","5":"has-post-thumbnail","7":"category-actualites","8":"category-politique","9":"category-speciaux","10":"tag-actualites","11":"tag-apie-project-2","12":"tag-politique"},"yoast_head":"<!-- This site is optimized with the Yoast SEO plugin v24.4 - https:\/\/yoast.com\/wordpress\/plugins\/seo\/ -->\n<title>Cameroun : Assassinat Du Journaliste Martinez Zogo, Un Crime D\u2019Etat - APIE NEWS<\/title>\n<meta name=\"robots\" content=\"index, follow, max-snippet:-1, max-image-preview:large, max-video-preview:-1\" \/>\n<link rel=\"canonical\" href=\"https:\/\/appsaf.apieproject.com\/news\/fr\/2023\/02\/15\/cameroun-assassinat-du-journaliste-martinez-zogo-un-crime-detat\/\" \/>\n<meta property=\"og:locale\" content=\"fr_FR\" \/>\n<meta property=\"og:type\" content=\"article\" \/>\n<meta property=\"og:title\" content=\"Cameroun : Assassinat Du Journaliste Martinez Zogo, Un Crime D\u2019Etat - APIE NEWS\" \/>\n<meta property=\"og:description\" content=\"Depuis bient\u00f4t trois semaines, la sph\u00e8re politico-m\u00e9diatique camerounaise est secou\u00e9e par le crime odieux d\u2019un journaliste de radio. Plusieurs suspects ont d\u00e9j\u00e0 \u00e9t\u00e9 mis aux arr\u00eats et leur exploitation devrait aboutir \u00e0 la mise \u00e0 nue des auteurs de ce crime. Rappel des faits Le 17 janvier 2023, Martinez Zogo, 51 ans, voix populaire d\u2019Amplitude [&hellip;]\" \/>\n<meta property=\"og:url\" content=\"https:\/\/appsaf.apieproject.com\/news\/fr\/2023\/02\/15\/cameroun-assassinat-du-journaliste-martinez-zogo-un-crime-detat\/\" \/>\n<meta property=\"og:site_name\" content=\"APIE NEWS\" \/>\n<meta property=\"article:publisher\" content=\"https:\/\/facebook.com\/apieproject\" \/>\n<meta property=\"article:published_time\" content=\"2023-02-15T19:26:59+00:00\" \/>\n<meta property=\"article:modified_time\" content=\"2023-02-15T19:27:02+00:00\" \/>\n<meta property=\"og:image\" content=\"https:\/\/appsaf.apieproject.com\/news\/wp-content\/uploads\/sites\/29\/2023\/02\/MGLQQ2F3PZBDVBTDSKMWCC6MEU-3044cb5accc22b33f07ba935a0b19280.jpg\" \/>\n\t<meta property=\"og:image:width\" content=\"768\" \/>\n\t<meta property=\"og:image:height\" content=\"512\" \/>\n\t<meta property=\"og:image:type\" content=\"image\/jpeg\" \/>\n<meta name=\"author\" content=\"guyetom\" \/>\n<meta name=\"twitter:card\" content=\"summary_large_image\" \/>\n<meta name=\"twitter:creator\" content=\"@apieproject\" \/>\n<meta name=\"twitter:site\" content=\"@apieproject\" \/>\n<meta name=\"twitter:label1\" content=\"\u00c9crit par\" \/>\n\t<meta name=\"twitter:data1\" content=\"guyetom\" \/>\n\t<meta name=\"twitter:label2\" content=\"Dur\u00e9e de lecture estim\u00e9e\" \/>\n\t<meta name=\"twitter:data2\" content=\"3 minutes\" \/>\n<script type=\"application\/ld+json\" class=\"yoast-schema-graph\">{\"@context\":\"https:\/\/schema.org\",\"@graph\":[{\"@type\":\"Article\",\"@id\":\"https:\/\/appsaf.apieproject.com\/news\/fr\/2023\/02\/15\/cameroun-assassinat-du-journaliste-martinez-zogo-un-crime-detat\/#article\",\"isPartOf\":{\"@id\":\"https:\/\/appsaf.apieproject.com\/news\/fr\/2023\/02\/15\/cameroun-assassinat-du-journaliste-martinez-zogo-un-crime-detat\/\"},\"author\":{\"name\":\"guyetom\",\"@id\":\"https:\/\/appsaf.apieproject.com\/news\/#\/schema\/person\/94d8f4e561b283d434da551498c8cb39\"},\"headline\":\"Cameroun : Assassinat Du Journaliste Martinez Zogo, Un Crime D\u2019Etat\",\"datePublished\":\"2023-02-15T19:26:59+00:00\",\"dateModified\":\"2023-02-15T19:27:02+00:00\",\"mainEntityOfPage\":{\"@id\":\"https:\/\/appsaf.apieproject.com\/news\/fr\/2023\/02\/15\/cameroun-assassinat-du-journaliste-martinez-zogo-un-crime-detat\/\"},\"wordCount\":634,\"commentCount\":0,\"publisher\":{\"@id\":\"https:\/\/appsaf.apieproject.com\/news\/#organization\"},\"image\":{\"@id\":\"https:\/\/appsaf.apieproject.com\/news\/fr\/2023\/02\/15\/cameroun-assassinat-du-journaliste-martinez-zogo-un-crime-detat\/#primaryimage\"},\"thumbnailUrl\":\"https:\/\/appsaf.apieproject.com\/news\/wp-content\/uploads\/sites\/29\/2023\/02\/MGLQQ2F3PZBDVBTDSKMWCC6MEU-3044cb5accc22b33f07ba935a0b19280.jpg\",\"keywords\":[\"actualites\",\"apie project\",\"politique\"],\"articleSection\":[\"Actualit\u00e9s\",\"Politique\",\"Sp\u00e9ciaux\"],\"inLanguage\":\"fr-FR\",\"potentialAction\":[{\"@type\":\"CommentAction\",\"name\":\"Comment\",\"target\":[\"https:\/\/appsaf.apieproject.com\/news\/fr\/2023\/02\/15\/cameroun-assassinat-du-journaliste-martinez-zogo-un-crime-detat\/#respond\"]}]},{\"@type\":\"WebPage\",\"@id\":\"https:\/\/appsaf.apieproject.com\/news\/fr\/2023\/02\/15\/cameroun-assassinat-du-journaliste-martinez-zogo-un-crime-detat\/\",\"url\":\"https:\/\/appsaf.apieproject.com\/news\/fr\/2023\/02\/15\/cameroun-assassinat-du-journaliste-martinez-zogo-un-crime-detat\/\",\"name\":\"Cameroun : Assassinat Du Journaliste Martinez Zogo, Un Crime D\u2019Etat - APIE NEWS\",\"isPartOf\":{\"@id\":\"https:\/\/appsaf.apieproject.com\/news\/#website\"},\"primaryImageOfPage\":{\"@id\":\"https:\/\/appsaf.apieproject.com\/news\/fr\/2023\/02\/15\/cameroun-assassinat-du-journaliste-martinez-zogo-un-crime-detat\/#primaryimage\"},\"image\":{\"@id\":\"https:\/\/appsaf.apieproject.com\/news\/fr\/2023\/02\/15\/cameroun-assassinat-du-journaliste-martinez-zogo-un-crime-detat\/#primaryimage\"},\"thumbnailUrl\":\"https:\/\/appsaf.apieproject.com\/news\/wp-content\/uploads\/sites\/29\/2023\/02\/MGLQQ2F3PZBDVBTDSKMWCC6MEU-3044cb5accc22b33f07ba935a0b19280.jpg\",\"datePublished\":\"2023-02-15T19:26:59+00:00\",\"dateModified\":\"2023-02-15T19:27:02+00:00\",\"breadcrumb\":{\"@id\":\"https:\/\/appsaf.apieproject.com\/news\/fr\/2023\/02\/15\/cameroun-assassinat-du-journaliste-martinez-zogo-un-crime-detat\/#breadcrumb\"},\"inLanguage\":\"fr-FR\",\"potentialAction\":[{\"@type\":\"ReadAction\",\"target\":[\"https:\/\/appsaf.apieproject.com\/news\/fr\/2023\/02\/15\/cameroun-assassinat-du-journaliste-martinez-zogo-un-crime-detat\/\"]}]},{\"@type\":\"ImageObject\",\"inLanguage\":\"fr-FR\",\"@id\":\"https:\/\/appsaf.apieproject.com\/news\/fr\/2023\/02\/15\/cameroun-assassinat-du-journaliste-martinez-zogo-un-crime-detat\/#primaryimage\",\"url\":\"https:\/\/appsaf.apieproject.com\/news\/wp-content\/uploads\/sites\/29\/2023\/02\/MGLQQ2F3PZBDVBTDSKMWCC6MEU-3044cb5accc22b33f07ba935a0b19280.jpg\",\"contentUrl\":\"https:\/\/appsaf.apieproject.com\/news\/wp-content\/uploads\/sites\/29\/2023\/02\/MGLQQ2F3PZBDVBTDSKMWCC6MEU-3044cb5accc22b33f07ba935a0b19280.jpg\",\"width\":768,\"height\":512},{\"@type\":\"BreadcrumbList\",\"@id\":\"https:\/\/appsaf.apieproject.com\/news\/fr\/2023\/02\/15\/cameroun-assassinat-du-journaliste-martinez-zogo-un-crime-detat\/#breadcrumb\",\"itemListElement\":[{\"@type\":\"ListItem\",\"position\":1,\"name\":\"Home\",\"item\":\"https:\/\/appsaf.apieproject.com\/news\/fr\/home\/\"},{\"@type\":\"ListItem\",\"position\":2,\"name\":\"Cameroun : Assassinat Du Journaliste Martinez Zogo, Un Crime D\u2019Etat\"}]},{\"@type\":\"WebSite\",\"@id\":\"https:\/\/appsaf.apieproject.com\/news\/#website\",\"url\":\"https:\/\/appsaf.apieproject.com\/news\/\",\"name\":\"APIE NEWS\",\"description\":\"PANAFRICANISM NEWS PORTAL\",\"publisher\":{\"@id\":\"https:\/\/appsaf.apieproject.com\/news\/#organization\"},\"potentialAction\":[{\"@type\":\"SearchAction\",\"target\":{\"@type\":\"EntryPoint\",\"urlTemplate\":\"https:\/\/appsaf.apieproject.com\/news\/?s={search_term_string}\"},\"query-input\":{\"@type\":\"PropertyValueSpecification\",\"valueRequired\":true,\"valueName\":\"search_term_string\"}}],\"inLanguage\":\"fr-FR\"},{\"@type\":\"Organization\",\"@id\":\"https:\/\/appsaf.apieproject.com\/news\/#organization\",\"name\":\"APIE PROJECT\",\"url\":\"https:\/\/appsaf.apieproject.com\/news\/\",\"logo\":{\"@type\":\"ImageObject\",\"inLanguage\":\"fr-FR\",\"@id\":\"https:\/\/appsaf.apieproject.com\/news\/#\/schema\/logo\/image\/\",\"url\":\"https:\/\/appsaf.apieproject.com\/news\/wp-content\/uploads\/sites\/29\/2022\/07\/logo-R-TransparentBackground.png\",\"contentUrl\":\"https:\/\/appsaf.apieproject.com\/news\/wp-content\/uploads\/sites\/29\/2022\/07\/logo-R-TransparentBackground.png\",\"width\":512,\"height\":512,\"caption\":\"APIE PROJECT\"},\"image\":{\"@id\":\"https:\/\/appsaf.apieproject.com\/news\/#\/schema\/logo\/image\/\"},\"sameAs\":[\"https:\/\/facebook.com\/apieproject\",\"https:\/\/x.com\/apieproject\"]},{\"@type\":\"Person\",\"@id\":\"https:\/\/appsaf.apieproject.com\/news\/#\/schema\/person\/94d8f4e561b283d434da551498c8cb39\",\"name\":\"guyetom\",\"image\":{\"@type\":\"ImageObject\",\"inLanguage\":\"fr-FR\",\"@id\":\"https:\/\/appsaf.apieproject.com\/news\/#\/schema\/person\/image\/\",\"url\":\"https:\/\/secure.gravatar.com\/avatar\/f36d884530ee45302c1f7eadb3f86562?s=96&d=mm&r=g\",\"contentUrl\":\"https:\/\/secure.gravatar.com\/avatar\/f36d884530ee45302c1f7eadb3f86562?s=96&d=mm&r=g\",\"caption\":\"guyetom\"},\"url\":\"https:\/\/appsaf.apieproject.com\/news\/fr\/author\/guyetom\/\"}]}<\/script>\n<!-- \/ Yoast SEO plugin. -->","yoast_head_json":{"title":"Cameroun : Assassinat Du Journaliste Martinez Zogo, Un Crime D\u2019Etat - APIE NEWS","robots":{"index":"index","follow":"follow","max-snippet":"max-snippet:-1","max-image-preview":"max-image-preview:large","max-video-preview":"max-video-preview:-1"},"canonical":"https:\/\/appsaf.apieproject.com\/news\/fr\/2023\/02\/15\/cameroun-assassinat-du-journaliste-martinez-zogo-un-crime-detat\/","og_locale":"fr_FR","og_type":"article","og_title":"Cameroun : Assassinat Du Journaliste Martinez Zogo, Un Crime D\u2019Etat - APIE NEWS","og_description":"Depuis bient\u00f4t trois semaines, la sph\u00e8re politico-m\u00e9diatique camerounaise est secou\u00e9e par le crime odieux d\u2019un journaliste de radio. Plusieurs suspects ont d\u00e9j\u00e0 \u00e9t\u00e9 mis aux arr\u00eats et leur exploitation devrait aboutir \u00e0 la mise \u00e0 nue des auteurs de ce crime. Rappel des faits Le 17 janvier 2023, Martinez Zogo, 51 ans, voix populaire d\u2019Amplitude [&hellip;]","og_url":"https:\/\/appsaf.apieproject.com\/news\/fr\/2023\/02\/15\/cameroun-assassinat-du-journaliste-martinez-zogo-un-crime-detat\/","og_site_name":"APIE NEWS","article_publisher":"https:\/\/facebook.com\/apieproject","article_published_time":"2023-02-15T19:26:59+00:00","article_modified_time":"2023-02-15T19:27:02+00:00","og_image":[{"width":768,"height":512,"url":"https:\/\/appsaf.apieproject.com\/news\/wp-content\/uploads\/sites\/29\/2023\/02\/MGLQQ2F3PZBDVBTDSKMWCC6MEU-3044cb5accc22b33f07ba935a0b19280.jpg","type":"image\/jpeg"}],"author":"guyetom","twitter_card":"summary_large_image","twitter_creator":"@apieproject","twitter_site":"@apieproject","twitter_misc":{"\u00c9crit par":"guyetom","Dur\u00e9e de lecture estim\u00e9e":"3 minutes"},"schema":{"@context":"https:\/\/schema.org","@graph":[{"@type":"Article","@id":"https:\/\/appsaf.apieproject.com\/news\/fr\/2023\/02\/15\/cameroun-assassinat-du-journaliste-martinez-zogo-un-crime-detat\/#article","isPartOf":{"@id":"https:\/\/appsaf.apieproject.com\/news\/fr\/2023\/02\/15\/cameroun-assassinat-du-journaliste-martinez-zogo-un-crime-detat\/"},"author":{"name":"guyetom","@id":"https:\/\/appsaf.apieproject.com\/news\/#\/schema\/person\/94d8f4e561b283d434da551498c8cb39"},"headline":"Cameroun : Assassinat Du Journaliste Martinez Zogo, Un Crime D\u2019Etat","datePublished":"2023-02-15T19:26:59+00:00","dateModified":"2023-02-15T19:27:02+00:00","mainEntityOfPage":{"@id":"https:\/\/appsaf.apieproject.com\/news\/fr\/2023\/02\/15\/cameroun-assassinat-du-journaliste-martinez-zogo-un-crime-detat\/"},"wordCount":634,"commentCount":0,"publisher":{"@id":"https:\/\/appsaf.apieproject.com\/news\/#organization"},"image":{"@id":"https:\/\/appsaf.apieproject.com\/news\/fr\/2023\/02\/15\/cameroun-assassinat-du-journaliste-martinez-zogo-un-crime-detat\/#primaryimage"},"thumbnailUrl":"https:\/\/appsaf.apieproject.com\/news\/wp-content\/uploads\/sites\/29\/2023\/02\/MGLQQ2F3PZBDVBTDSKMWCC6MEU-3044cb5accc22b33f07ba935a0b19280.jpg","keywords":["actualites","apie project","politique"],"articleSection":["Actualit\u00e9s","Politique","Sp\u00e9ciaux"],"inLanguage":"fr-FR","potentialAction":[{"@type":"CommentAction","name":"Comment","target":["https:\/\/appsaf.apieproject.com\/news\/fr\/2023\/02\/15\/cameroun-assassinat-du-journaliste-martinez-zogo-un-crime-detat\/#respond"]}]},{"@type":"WebPage","@id":"https:\/\/appsaf.apieproject.com\/news\/fr\/2023\/02\/15\/cameroun-assassinat-du-journaliste-martinez-zogo-un-crime-detat\/","url":"https:\/\/appsaf.apieproject.com\/news\/fr\/2023\/02\/15\/cameroun-assassinat-du-journaliste-martinez-zogo-un-crime-detat\/","name":"Cameroun : Assassinat Du Journaliste Martinez Zogo, Un Crime D\u2019Etat - APIE NEWS","isPartOf":{"@id":"https:\/\/appsaf.apieproject.com\/news\/#website"},"primaryImageOfPage":{"@id":"https:\/\/appsaf.apieproject.com\/news\/fr\/2023\/02\/15\/cameroun-assassinat-du-journaliste-martinez-zogo-un-crime-detat\/#primaryimage"},"image":{"@id":"https:\/\/appsaf.apieproject.com\/news\/fr\/2023\/02\/15\/cameroun-assassinat-du-journaliste-martinez-zogo-un-crime-detat\/#primaryimage"},"thumbnailUrl":"https:\/\/appsaf.apieproject.com\/news\/wp-content\/uploads\/sites\/29\/2023\/02\/MGLQQ2F3PZBDVBTDSKMWCC6MEU-3044cb5accc22b33f07ba935a0b19280.jpg","datePublished":"2023-02-15T19:26:59+00:00","dateModified":"2023-02-15T19:27:02+00:00","breadcrumb":{"@id":"https:\/\/appsaf.apieproject.com\/news\/fr\/2023\/02\/15\/cameroun-assassinat-du-journaliste-martinez-zogo-un-crime-detat\/#breadcrumb"},"inLanguage":"fr-FR","potentialAction":[{"@type":"ReadAction","target":["https:\/\/appsaf.apieproject.com\/news\/fr\/2023\/02\/15\/cameroun-assassinat-du-journaliste-martinez-zogo-un-crime-detat\/"]}]},{"@type":"ImageObject","inLanguage":"fr-FR","@id":"https:\/\/appsaf.apieproject.com\/news\/fr\/2023\/02\/15\/cameroun-assassinat-du-journaliste-martinez-zogo-un-crime-detat\/#primaryimage","url":"https:\/\/appsaf.apieproject.com\/news\/wp-content\/uploads\/sites\/29\/2023\/02\/MGLQQ2F3PZBDVBTDSKMWCC6MEU-3044cb5accc22b33f07ba935a0b19280.jpg","contentUrl":"https:\/\/appsaf.apieproject.com\/news\/wp-content\/uploads\/sites\/29\/2023\/02\/MGLQQ2F3PZBDVBTDSKMWCC6MEU-3044cb5accc22b33f07ba935a0b19280.jpg","width":768,"height":512},{"@type":"BreadcrumbList","@id":"https:\/\/appsaf.apieproject.com\/news\/fr\/2023\/02\/15\/cameroun-assassinat-du-journaliste-martinez-zogo-un-crime-detat\/#breadcrumb","itemListElement":[{"@type":"ListItem","position":1,"name":"Home","item":"https:\/\/appsaf.apieproject.com\/news\/fr\/home\/"},{"@type":"ListItem","position":2,"name":"Cameroun : Assassinat Du Journaliste Martinez Zogo, Un Crime D\u2019Etat"}]},{"@type":"WebSite","@id":"https:\/\/appsaf.apieproject.com\/news\/#website","url":"https:\/\/appsaf.apieproject.com\/news\/","name":"APIE NEWS","description":"PANAFRICANISM NEWS PORTAL","publisher":{"@id":"https:\/\/appsaf.apieproject.com\/news\/#organization"},"potentialAction":[{"@type":"SearchAction","target":{"@type":"EntryPoint","urlTemplate":"https:\/\/appsaf.apieproject.com\/news\/?s={search_term_string}"},"query-input":{"@type":"PropertyValueSpecification","valueRequired":true,"valueName":"search_term_string"}}],"inLanguage":"fr-FR"},{"@type":"Organization","@id":"https:\/\/appsaf.apieproject.com\/news\/#organization","name":"APIE PROJECT","url":"https:\/\/appsaf.apieproject.com\/news\/","logo":{"@type":"ImageObject","inLanguage":"fr-FR","@id":"https:\/\/appsaf.apieproject.com\/news\/#\/schema\/logo\/image\/","url":"https:\/\/appsaf.apieproject.com\/news\/wp-content\/uploads\/sites\/29\/2022\/07\/logo-R-TransparentBackground.png","contentUrl":"https:\/\/appsaf.apieproject.com\/news\/wp-content\/uploads\/sites\/29\/2022\/07\/logo-R-TransparentBackground.png","width":512,"height":512,"caption":"APIE PROJECT"},"image":{"@id":"https:\/\/appsaf.apieproject.com\/news\/#\/schema\/logo\/image\/"},"sameAs":["https:\/\/facebook.com\/apieproject","https:\/\/x.com\/apieproject"]},{"@type":"Person","@id":"https:\/\/appsaf.apieproject.com\/news\/#\/schema\/person\/94d8f4e561b283d434da551498c8cb39","name":"guyetom","image":{"@type":"ImageObject","inLanguage":"fr-FR","@id":"https:\/\/appsaf.apieproject.com\/news\/#\/schema\/person\/image\/","url":"https:\/\/secure.gravatar.com\/avatar\/f36d884530ee45302c1f7eadb3f86562?s=96&d=mm&r=g","contentUrl":"https:\/\/secure.gravatar.com\/avatar\/f36d884530ee45302c1f7eadb3f86562?s=96&d=mm&r=g","caption":"guyetom"},"url":"https:\/\/appsaf.apieproject.com\/news\/fr\/author\/guyetom\/"}]}},"_links":{"self":[{"href":"https:\/\/appsaf.apieproject.com\/news\/fr\/wp-json\/wp\/v2\/posts\/25569","targetHints":{"allow":["GET"]}}],"collection":[{"href":"https:\/\/appsaf.apieproject.com\/news\/fr\/wp-json\/wp\/v2\/posts"}],"about":[{"href":"https:\/\/appsaf.apieproject.com\/news\/fr\/wp-json\/wp\/v2\/types\/post"}],"author":[{"embeddable":true,"href":"https:\/\/appsaf.apieproject.com\/news\/fr\/wp-json\/wp\/v2\/users\/13112"}],"replies":[{"embeddable":true,"href":"https:\/\/appsaf.apieproject.com\/news\/fr\/wp-json\/wp\/v2\/comments?post=25569"}],"version-history":[{"count":1,"href":"https:\/\/appsaf.apieproject.com\/news\/fr\/wp-json\/wp\/v2\/posts\/25569\/revisions"}],"predecessor-version":[{"id":25603,"href":"https:\/\/appsaf.apieproject.com\/news\/fr\/wp-json\/wp\/v2\/posts\/25569\/revisions\/25603"}],"wp:featuredmedia":[{"embeddable":true,"href":"https:\/\/appsaf.apieproject.com\/news\/fr\/wp-json\/wp\/v2\/media\/25566"}],"wp:attachment":[{"href":"https:\/\/appsaf.apieproject.com\/news\/fr\/wp-json\/wp\/v2\/media?parent=25569"}],"wp:term":[{"taxonomy":"category","embeddable":true,"href":"https:\/\/appsaf.apieproject.com\/news\/fr\/wp-json\/wp\/v2\/categories?post=25569"},{"taxonomy":"post_tag","embeddable":true,"href":"https:\/\/appsaf.apieproject.com\/news\/fr\/wp-json\/wp\/v2\/tags?post=25569"}],"curies":[{"name":"wp","href":"https:\/\/api.w.org\/{rel}","templated":true}]}}