{"id":26079,"date":"2023-02-25T12:16:21","date_gmt":"2023-02-25T12:16:21","guid":{"rendered":"https:\/\/appsaf.apieproject.com\/news\/?p=26079"},"modified":"2023-02-25T12:16:22","modified_gmt":"2023-02-25T12:16:22","slug":"mobile-film-festival-africa-lappel-a-candidatures-pour-la-2e-edition-lance","status":"publish","type":"post","link":"https:\/\/appsaf.apieproject.com\/news\/fr\/2023\/02\/25\/mobile-film-festival-africa-lappel-a-candidatures-pour-la-2e-edition-lance\/","title":{"rendered":"Mobile Film Festival Africa: L&rsquo;Appel \u00c0 Candidatures Pour La 2e \u00c9dition Lanc\u00e9"},"content":{"rendered":"<p>Le Mobile Film Festival Africa lance l&rsquo;appel \u00e0 candidatures pour sa deuxi\u00e8me \u00e9dition. Organis\u00e9e par le Mobile Film Festival, cette manifestation a \u00e9t\u00e9 choisie comme l&rsquo;un des \u00e9v\u00e8nements officiels du programme de \u00abRabat, Capitale africaine de la culture\u00bb. Le festival vise \u00e0 r\u00e9v\u00e9ler, \u00e0 soutenir et \u00e0 accompagner les talents de demain du cin\u00e9ma, en offrant des bourses et un accompagnement permettant aux laur\u00e9ats de tourner un court m\u00e9trage professionnel. \u00abParce que les histoires africaines doivent \u00eatre racont\u00e9es par des Africains pour un public africain. Soutenons la jeune cr\u00e9ation cin\u00e9matographique partout en Afrique\u00bb, affirme le fondateur du festival, Bruno Smadja.<\/p>\n<p>Pour sa deuxi\u00e8me \u00e9dition, le Mobile Film Festival Africa revient avec les r\u00e8gles qui ont fait son succ\u00e8s : 1 Mobile, 1 Minute, 1 Film. La seule condition, il faut vivre sur le continent africain pour participer. Le th\u00e8me est libre afin de mettre en valeur toute la cr\u00e9ativit\u00e9 et l\u2019engagement des talents africains. \u00c0 l\u2019occasion de cette deuxi\u00e8me \u00e9dition, 46.000 dollars am\u00e9ricains de bourses seront remis aux laur\u00e9ats. Neuf prix seront d\u00e9cern\u00e9s, associ\u00e9s \u00e0 des bourses qui permettent aux laur\u00e9ats de r\u00e9aliser un film avec des moyens professionnels et l\u2019aide d\u2019un producteur africain. Cette ann\u00e9e, en l\u2019honneur de Rabat, Capitale africaine de la culture, un Grand Prix Maroc sera consacr\u00e9 aux talents marocains, pour incarner toute la richesse de la cr\u00e9ation cin\u00e9matographique du Maroc.<\/p>\n","protected":false},"excerpt":{"rendered":"<p>Pour sa deuxi\u00e8me \u00e9dition, le Mobile Film Festival Africa revient avec les r\u00e8gles qui ont fait son succ\u00e8s<\/p>\n","protected":false},"author":12963,"featured_media":26076,"comment_status":"open","ping_status":"open","sticky":false,"template":"","format":"standard","meta":{"footnotes":""},"categories":[53,55],"tags":[78,87,88],"class_list":{"0":"post-26079","1":"post","2":"type-post","3":"status-publish","4":"format-standard","5":"has-post-thumbnail","7":"category-culture-fr","8":"category-divertissement","9":"tag-apie-project-2","10":"tag-culture-2","11":"tag-divertissement"},"yoast_head":"<!-- This site is optimized with the Yoast SEO plugin v24.4 - https:\/\/yoast.com\/wordpress\/plugins\/seo\/ -->\n<title>Mobile Film Festival Africa: L&#039;Appel \u00c0 Candidatures Pour La 2e \u00c9dition Lanc\u00e9 - APIE NEWS<\/title>\n<meta name=\"robots\" content=\"index, follow, max-snippet:-1, max-image-preview:large, max-video-preview:-1\" \/>\n<link rel=\"canonical\" href=\"https:\/\/appsaf.apieproject.com\/news\/fr\/2023\/02\/25\/mobile-film-festival-africa-lappel-a-candidatures-pour-la-2e-edition-lance\/\" \/>\n<meta property=\"og:locale\" content=\"fr_FR\" \/>\n<meta property=\"og:type\" content=\"article\" \/>\n<meta property=\"og:title\" content=\"Mobile Film Festival Africa: L&#039;Appel \u00c0 Candidatures Pour La 2e \u00c9dition Lanc\u00e9 - APIE NEWS\" \/>\n<meta property=\"og:description\" content=\"Pour sa deuxi\u00e8me \u00e9dition, le Mobile Film Festival Africa revient avec les r\u00e8gles qui ont fait son succ\u00e8s\" \/>\n<meta property=\"og:url\" content=\"https:\/\/appsaf.apieproject.com\/news\/fr\/2023\/02\/25\/mobile-film-festival-africa-lappel-a-candidatures-pour-la-2e-edition-lance\/\" \/>\n<meta property=\"og:site_name\" content=\"APIE NEWS\" \/>\n<meta property=\"article:publisher\" content=\"https:\/\/facebook.com\/apieproject\" \/>\n<meta property=\"article:published_time\" content=\"2023-02-25T12:16:21+00:00\" \/>\n<meta property=\"article:modified_time\" content=\"2023-02-25T12:16:22+00:00\" \/>\n<meta property=\"og:image\" content=\"https:\/\/appsaf.apieproject.com\/news\/wp-content\/uploads\/sites\/29\/2023\/02\/98B6E319-6E75-4966-A0D8-C3C95938D973-e8e477ffa7e31a697a6cfffa82f13286.jpeg\" \/>\n\t<meta property=\"og:image:width\" content=\"670\" \/>\n\t<meta property=\"og:image:height\" content=\"395\" \/>\n\t<meta property=\"og:image:type\" content=\"image\/jpeg\" \/>\n<meta name=\"author\" content=\"staff\" \/>\n<meta name=\"twitter:card\" content=\"summary_large_image\" \/>\n<meta name=\"twitter:creator\" content=\"@apieproject\" \/>\n<meta name=\"twitter:site\" content=\"@apieproject\" \/>\n<meta name=\"twitter:label1\" content=\"\u00c9crit par\" \/>\n\t<meta name=\"twitter:data1\" content=\"staff\" \/>\n\t<meta name=\"twitter:label2\" content=\"Dur\u00e9e de lecture estim\u00e9e\" \/>\n\t<meta name=\"twitter:data2\" content=\"1 minute\" \/>\n<script type=\"application\/ld+json\" class=\"yoast-schema-graph\">{\"@context\":\"https:\/\/schema.org\",\"@graph\":[{\"@type\":\"Article\",\"@id\":\"https:\/\/appsaf.apieproject.com\/news\/fr\/2023\/02\/25\/mobile-film-festival-africa-lappel-a-candidatures-pour-la-2e-edition-lance\/#article\",\"isPartOf\":{\"@id\":\"https:\/\/appsaf.apieproject.com\/news\/fr\/2023\/02\/25\/mobile-film-festival-africa-lappel-a-candidatures-pour-la-2e-edition-lance\/\"},\"author\":{\"name\":\"staff\",\"@id\":\"https:\/\/appsaf.apieproject.com\/news\/#\/schema\/person\/399517cac378948cd7b39086f9ddc2a7\"},\"headline\":\"Mobile Film Festival Africa: L&rsquo;Appel \u00c0 Candidatures Pour La 2e \u00c9dition Lanc\u00e9\",\"datePublished\":\"2023-02-25T12:16:21+00:00\",\"dateModified\":\"2023-02-25T12:16:22+00:00\",\"mainEntityOfPage\":{\"@id\":\"https:\/\/appsaf.apieproject.com\/news\/fr\/2023\/02\/25\/mobile-film-festival-africa-lappel-a-candidatures-pour-la-2e-edition-lance\/\"},\"wordCount\":260,\"commentCount\":0,\"publisher\":{\"@id\":\"https:\/\/appsaf.apieproject.com\/news\/#organization\"},\"image\":{\"@id\":\"https:\/\/appsaf.apieproject.com\/news\/fr\/2023\/02\/25\/mobile-film-festival-africa-lappel-a-candidatures-pour-la-2e-edition-lance\/#primaryimage\"},\"thumbnailUrl\":\"https:\/\/appsaf.apieproject.com\/news\/wp-content\/uploads\/sites\/29\/2023\/02\/98B6E319-6E75-4966-A0D8-C3C95938D973-e8e477ffa7e31a697a6cfffa82f13286.jpeg\",\"keywords\":[\"apie project\",\"culture\",\"divertissement\"],\"articleSection\":[\"Culture\",\"Divertissement\"],\"inLanguage\":\"fr-FR\",\"potentialAction\":[{\"@type\":\"CommentAction\",\"name\":\"Comment\",\"target\":[\"https:\/\/appsaf.apieproject.com\/news\/fr\/2023\/02\/25\/mobile-film-festival-africa-lappel-a-candidatures-pour-la-2e-edition-lance\/#respond\"]}]},{\"@type\":\"WebPage\",\"@id\":\"https:\/\/appsaf.apieproject.com\/news\/fr\/2023\/02\/25\/mobile-film-festival-africa-lappel-a-candidatures-pour-la-2e-edition-lance\/\",\"url\":\"https:\/\/appsaf.apieproject.com\/news\/fr\/2023\/02\/25\/mobile-film-festival-africa-lappel-a-candidatures-pour-la-2e-edition-lance\/\",\"name\":\"Mobile Film Festival Africa: L'Appel \u00c0 Candidatures Pour La 2e \u00c9dition Lanc\u00e9 - APIE NEWS\",\"isPartOf\":{\"@id\":\"https:\/\/appsaf.apieproject.com\/news\/#website\"},\"primaryImageOfPage\":{\"@id\":\"https:\/\/appsaf.apieproject.com\/news\/fr\/2023\/02\/25\/mobile-film-festival-africa-lappel-a-candidatures-pour-la-2e-edition-lance\/#primaryimage\"},\"image\":{\"@id\":\"https:\/\/appsaf.apieproject.com\/news\/fr\/2023\/02\/25\/mobile-film-festival-africa-lappel-a-candidatures-pour-la-2e-edition-lance\/#primaryimage\"},\"thumbnailUrl\":\"https:\/\/appsaf.apieproject.com\/news\/wp-content\/uploads\/sites\/29\/2023\/02\/98B6E319-6E75-4966-A0D8-C3C95938D973-e8e477ffa7e31a697a6cfffa82f13286.jpeg\",\"datePublished\":\"2023-02-25T12:16:21+00:00\",\"dateModified\":\"2023-02-25T12:16:22+00:00\",\"breadcrumb\":{\"@id\":\"https:\/\/appsaf.apieproject.com\/news\/fr\/2023\/02\/25\/mobile-film-festival-africa-lappel-a-candidatures-pour-la-2e-edition-lance\/#breadcrumb\"},\"inLanguage\":\"fr-FR\",\"potentialAction\":[{\"@type\":\"ReadAction\",\"target\":[\"https:\/\/appsaf.apieproject.com\/news\/fr\/2023\/02\/25\/mobile-film-festival-africa-lappel-a-candidatures-pour-la-2e-edition-lance\/\"]}]},{\"@type\":\"ImageObject\",\"inLanguage\":\"fr-FR\",\"@id\":\"https:\/\/appsaf.apieproject.com\/news\/fr\/2023\/02\/25\/mobile-film-festival-africa-lappel-a-candidatures-pour-la-2e-edition-lance\/#primaryimage\",\"url\":\"https:\/\/appsaf.apieproject.com\/news\/wp-content\/uploads\/sites\/29\/2023\/02\/98B6E319-6E75-4966-A0D8-C3C95938D973-e8e477ffa7e31a697a6cfffa82f13286.jpeg\",\"contentUrl\":\"https:\/\/appsaf.apieproject.com\/news\/wp-content\/uploads\/sites\/29\/2023\/02\/98B6E319-6E75-4966-A0D8-C3C95938D973-e8e477ffa7e31a697a6cfffa82f13286.jpeg\",\"width\":670,\"height\":395},{\"@type\":\"BreadcrumbList\",\"@id\":\"https:\/\/appsaf.apieproject.com\/news\/fr\/2023\/02\/25\/mobile-film-festival-africa-lappel-a-candidatures-pour-la-2e-edition-lance\/#breadcrumb\",\"itemListElement\":[{\"@type\":\"ListItem\",\"position\":1,\"name\":\"Home\",\"item\":\"https:\/\/appsaf.apieproject.com\/news\/fr\/home\/\"},{\"@type\":\"ListItem\",\"position\":2,\"name\":\"Mobile Film Festival Africa: L&#8217;Appel \u00c0 Candidatures Pour La 2e \u00c9dition Lanc\u00e9\"}]},{\"@type\":\"WebSite\",\"@id\":\"https:\/\/appsaf.apieproject.com\/news\/#website\",\"url\":\"https:\/\/appsaf.apieproject.com\/news\/\",\"name\":\"APIE NEWS\",\"description\":\"PANAFRICANISM NEWS PORTAL\",\"publisher\":{\"@id\":\"https:\/\/appsaf.apieproject.com\/news\/#organization\"},\"potentialAction\":[{\"@type\":\"SearchAction\",\"target\":{\"@type\":\"EntryPoint\",\"urlTemplate\":\"https:\/\/appsaf.apieproject.com\/news\/?s={search_term_string}\"},\"query-input\":{\"@type\":\"PropertyValueSpecification\",\"valueRequired\":true,\"valueName\":\"search_term_string\"}}],\"inLanguage\":\"fr-FR\"},{\"@type\":\"Organization\",\"@id\":\"https:\/\/appsaf.apieproject.com\/news\/#organization\",\"name\":\"APIE PROJECT\",\"url\":\"https:\/\/appsaf.apieproject.com\/news\/\",\"logo\":{\"@type\":\"ImageObject\",\"inLanguage\":\"fr-FR\",\"@id\":\"https:\/\/appsaf.apieproject.com\/news\/#\/schema\/logo\/image\/\",\"url\":\"https:\/\/appsaf.apieproject.com\/news\/wp-content\/uploads\/sites\/29\/2022\/07\/logo-R-TransparentBackground.png\",\"contentUrl\":\"https:\/\/appsaf.apieproject.com\/news\/wp-content\/uploads\/sites\/29\/2022\/07\/logo-R-TransparentBackground.png\",\"width\":512,\"height\":512,\"caption\":\"APIE PROJECT\"},\"image\":{\"@id\":\"https:\/\/appsaf.apieproject.com\/news\/#\/schema\/logo\/image\/\"},\"sameAs\":[\"https:\/\/facebook.com\/apieproject\",\"https:\/\/x.com\/apieproject\"]},{\"@type\":\"Person\",\"@id\":\"https:\/\/appsaf.apieproject.com\/news\/#\/schema\/person\/399517cac378948cd7b39086f9ddc2a7\",\"name\":\"staff\",\"image\":{\"@type\":\"ImageObject\",\"inLanguage\":\"fr-FR\",\"@id\":\"https:\/\/appsaf.apieproject.com\/news\/#\/schema\/person\/image\/\",\"url\":\"https:\/\/secure.gravatar.com\/avatar\/5386283c5db150efe261184bd59f072a?s=96&d=mm&r=g\",\"contentUrl\":\"https:\/\/secure.gravatar.com\/avatar\/5386283c5db150efe261184bd59f072a?s=96&d=mm&r=g\",\"caption\":\"staff\"},\"url\":\"https:\/\/appsaf.apieproject.com\/news\/fr\/author\/staff\/\"}]}<\/script>\n<!-- \/ Yoast SEO plugin. -->","yoast_head_json":{"title":"Mobile Film Festival Africa: L'Appel \u00c0 Candidatures Pour La 2e \u00c9dition Lanc\u00e9 - APIE NEWS","robots":{"index":"index","follow":"follow","max-snippet":"max-snippet:-1","max-image-preview":"max-image-preview:large","max-video-preview":"max-video-preview:-1"},"canonical":"https:\/\/appsaf.apieproject.com\/news\/fr\/2023\/02\/25\/mobile-film-festival-africa-lappel-a-candidatures-pour-la-2e-edition-lance\/","og_locale":"fr_FR","og_type":"article","og_title":"Mobile Film Festival Africa: L'Appel \u00c0 Candidatures Pour La 2e \u00c9dition Lanc\u00e9 - APIE NEWS","og_description":"Pour sa deuxi\u00e8me \u00e9dition, le Mobile Film Festival Africa revient avec les r\u00e8gles qui ont fait son succ\u00e8s","og_url":"https:\/\/appsaf.apieproject.com\/news\/fr\/2023\/02\/25\/mobile-film-festival-africa-lappel-a-candidatures-pour-la-2e-edition-lance\/","og_site_name":"APIE NEWS","article_publisher":"https:\/\/facebook.com\/apieproject","article_published_time":"2023-02-25T12:16:21+00:00","article_modified_time":"2023-02-25T12:16:22+00:00","og_image":[{"width":670,"height":395,"url":"https:\/\/appsaf.apieproject.com\/news\/wp-content\/uploads\/sites\/29\/2023\/02\/98B6E319-6E75-4966-A0D8-C3C95938D973-e8e477ffa7e31a697a6cfffa82f13286.jpeg","type":"image\/jpeg"}],"author":"staff","twitter_card":"summary_large_image","twitter_creator":"@apieproject","twitter_site":"@apieproject","twitter_misc":{"\u00c9crit par":"staff","Dur\u00e9e de lecture estim\u00e9e":"1 minute"},"schema":{"@context":"https:\/\/schema.org","@graph":[{"@type":"Article","@id":"https:\/\/appsaf.apieproject.com\/news\/fr\/2023\/02\/25\/mobile-film-festival-africa-lappel-a-candidatures-pour-la-2e-edition-lance\/#article","isPartOf":{"@id":"https:\/\/appsaf.apieproject.com\/news\/fr\/2023\/02\/25\/mobile-film-festival-africa-lappel-a-candidatures-pour-la-2e-edition-lance\/"},"author":{"name":"staff","@id":"https:\/\/appsaf.apieproject.com\/news\/#\/schema\/person\/399517cac378948cd7b39086f9ddc2a7"},"headline":"Mobile Film Festival Africa: L&rsquo;Appel \u00c0 Candidatures Pour La 2e \u00c9dition Lanc\u00e9","datePublished":"2023-02-25T12:16:21+00:00","dateModified":"2023-02-25T12:16:22+00:00","mainEntityOfPage":{"@id":"https:\/\/appsaf.apieproject.com\/news\/fr\/2023\/02\/25\/mobile-film-festival-africa-lappel-a-candidatures-pour-la-2e-edition-lance\/"},"wordCount":260,"commentCount":0,"publisher":{"@id":"https:\/\/appsaf.apieproject.com\/news\/#organization"},"image":{"@id":"https:\/\/appsaf.apieproject.com\/news\/fr\/2023\/02\/25\/mobile-film-festival-africa-lappel-a-candidatures-pour-la-2e-edition-lance\/#primaryimage"},"thumbnailUrl":"https:\/\/appsaf.apieproject.com\/news\/wp-content\/uploads\/sites\/29\/2023\/02\/98B6E319-6E75-4966-A0D8-C3C95938D973-e8e477ffa7e31a697a6cfffa82f13286.jpeg","keywords":["apie project","culture","divertissement"],"articleSection":["Culture","Divertissement"],"inLanguage":"fr-FR","potentialAction":[{"@type":"CommentAction","name":"Comment","target":["https:\/\/appsaf.apieproject.com\/news\/fr\/2023\/02\/25\/mobile-film-festival-africa-lappel-a-candidatures-pour-la-2e-edition-lance\/#respond"]}]},{"@type":"WebPage","@id":"https:\/\/appsaf.apieproject.com\/news\/fr\/2023\/02\/25\/mobile-film-festival-africa-lappel-a-candidatures-pour-la-2e-edition-lance\/","url":"https:\/\/appsaf.apieproject.com\/news\/fr\/2023\/02\/25\/mobile-film-festival-africa-lappel-a-candidatures-pour-la-2e-edition-lance\/","name":"Mobile Film Festival Africa: L'Appel \u00c0 Candidatures Pour La 2e \u00c9dition Lanc\u00e9 - APIE NEWS","isPartOf":{"@id":"https:\/\/appsaf.apieproject.com\/news\/#website"},"primaryImageOfPage":{"@id":"https:\/\/appsaf.apieproject.com\/news\/fr\/2023\/02\/25\/mobile-film-festival-africa-lappel-a-candidatures-pour-la-2e-edition-lance\/#primaryimage"},"image":{"@id":"https:\/\/appsaf.apieproject.com\/news\/fr\/2023\/02\/25\/mobile-film-festival-africa-lappel-a-candidatures-pour-la-2e-edition-lance\/#primaryimage"},"thumbnailUrl":"https:\/\/appsaf.apieproject.com\/news\/wp-content\/uploads\/sites\/29\/2023\/02\/98B6E319-6E75-4966-A0D8-C3C95938D973-e8e477ffa7e31a697a6cfffa82f13286.jpeg","datePublished":"2023-02-25T12:16:21+00:00","dateModified":"2023-02-25T12:16:22+00:00","breadcrumb":{"@id":"https:\/\/appsaf.apieproject.com\/news\/fr\/2023\/02\/25\/mobile-film-festival-africa-lappel-a-candidatures-pour-la-2e-edition-lance\/#breadcrumb"},"inLanguage":"fr-FR","potentialAction":[{"@type":"ReadAction","target":["https:\/\/appsaf.apieproject.com\/news\/fr\/2023\/02\/25\/mobile-film-festival-africa-lappel-a-candidatures-pour-la-2e-edition-lance\/"]}]},{"@type":"ImageObject","inLanguage":"fr-FR","@id":"https:\/\/appsaf.apieproject.com\/news\/fr\/2023\/02\/25\/mobile-film-festival-africa-lappel-a-candidatures-pour-la-2e-edition-lance\/#primaryimage","url":"https:\/\/appsaf.apieproject.com\/news\/wp-content\/uploads\/sites\/29\/2023\/02\/98B6E319-6E75-4966-A0D8-C3C95938D973-e8e477ffa7e31a697a6cfffa82f13286.jpeg","contentUrl":"https:\/\/appsaf.apieproject.com\/news\/wp-content\/uploads\/sites\/29\/2023\/02\/98B6E319-6E75-4966-A0D8-C3C95938D973-e8e477ffa7e31a697a6cfffa82f13286.jpeg","width":670,"height":395},{"@type":"BreadcrumbList","@id":"https:\/\/appsaf.apieproject.com\/news\/fr\/2023\/02\/25\/mobile-film-festival-africa-lappel-a-candidatures-pour-la-2e-edition-lance\/#breadcrumb","itemListElement":[{"@type":"ListItem","position":1,"name":"Home","item":"https:\/\/appsaf.apieproject.com\/news\/fr\/home\/"},{"@type":"ListItem","position":2,"name":"Mobile Film Festival Africa: L&#8217;Appel \u00c0 Candidatures Pour La 2e \u00c9dition Lanc\u00e9"}]},{"@type":"WebSite","@id":"https:\/\/appsaf.apieproject.com\/news\/#website","url":"https:\/\/appsaf.apieproject.com\/news\/","name":"APIE NEWS","description":"PANAFRICANISM NEWS PORTAL","publisher":{"@id":"https:\/\/appsaf.apieproject.com\/news\/#organization"},"potentialAction":[{"@type":"SearchAction","target":{"@type":"EntryPoint","urlTemplate":"https:\/\/appsaf.apieproject.com\/news\/?s={search_term_string}"},"query-input":{"@type":"PropertyValueSpecification","valueRequired":true,"valueName":"search_term_string"}}],"inLanguage":"fr-FR"},{"@type":"Organization","@id":"https:\/\/appsaf.apieproject.com\/news\/#organization","name":"APIE PROJECT","url":"https:\/\/appsaf.apieproject.com\/news\/","logo":{"@type":"ImageObject","inLanguage":"fr-FR","@id":"https:\/\/appsaf.apieproject.com\/news\/#\/schema\/logo\/image\/","url":"https:\/\/appsaf.apieproject.com\/news\/wp-content\/uploads\/sites\/29\/2022\/07\/logo-R-TransparentBackground.png","contentUrl":"https:\/\/appsaf.apieproject.com\/news\/wp-content\/uploads\/sites\/29\/2022\/07\/logo-R-TransparentBackground.png","width":512,"height":512,"caption":"APIE PROJECT"},"image":{"@id":"https:\/\/appsaf.apieproject.com\/news\/#\/schema\/logo\/image\/"},"sameAs":["https:\/\/facebook.com\/apieproject","https:\/\/x.com\/apieproject"]},{"@type":"Person","@id":"https:\/\/appsaf.apieproject.com\/news\/#\/schema\/person\/399517cac378948cd7b39086f9ddc2a7","name":"staff","image":{"@type":"ImageObject","inLanguage":"fr-FR","@id":"https:\/\/appsaf.apieproject.com\/news\/#\/schema\/person\/image\/","url":"https:\/\/secure.gravatar.com\/avatar\/5386283c5db150efe261184bd59f072a?s=96&d=mm&r=g","contentUrl":"https:\/\/secure.gravatar.com\/avatar\/5386283c5db150efe261184bd59f072a?s=96&d=mm&r=g","caption":"staff"},"url":"https:\/\/appsaf.apieproject.com\/news\/fr\/author\/staff\/"}]}},"_links":{"self":[{"href":"https:\/\/appsaf.apieproject.com\/news\/fr\/wp-json\/wp\/v2\/posts\/26079","targetHints":{"allow":["GET"]}}],"collection":[{"href":"https:\/\/appsaf.apieproject.com\/news\/fr\/wp-json\/wp\/v2\/posts"}],"about":[{"href":"https:\/\/appsaf.apieproject.com\/news\/fr\/wp-json\/wp\/v2\/types\/post"}],"author":[{"embeddable":true,"href":"https:\/\/appsaf.apieproject.com\/news\/fr\/wp-json\/wp\/v2\/users\/12963"}],"replies":[{"embeddable":true,"href":"https:\/\/appsaf.apieproject.com\/news\/fr\/wp-json\/wp\/v2\/comments?post=26079"}],"version-history":[{"count":1,"href":"https:\/\/appsaf.apieproject.com\/news\/fr\/wp-json\/wp\/v2\/posts\/26079\/revisions"}],"predecessor-version":[{"id":26702,"href":"https:\/\/appsaf.apieproject.com\/news\/fr\/wp-json\/wp\/v2\/posts\/26079\/revisions\/26702"}],"wp:featuredmedia":[{"embeddable":true,"href":"https:\/\/appsaf.apieproject.com\/news\/fr\/wp-json\/wp\/v2\/media\/26076"}],"wp:attachment":[{"href":"https:\/\/appsaf.apieproject.com\/news\/fr\/wp-json\/wp\/v2\/media?parent=26079"}],"wp:term":[{"taxonomy":"category","embeddable":true,"href":"https:\/\/appsaf.apieproject.com\/news\/fr\/wp-json\/wp\/v2\/categories?post=26079"},{"taxonomy":"post_tag","embeddable":true,"href":"https:\/\/appsaf.apieproject.com\/news\/fr\/wp-json\/wp\/v2\/tags?post=26079"}],"curies":[{"name":"wp","href":"https:\/\/api.w.org\/{rel}","templated":true}]}}