{"id":26083,"date":"2023-02-25T12:17:55","date_gmt":"2023-02-25T12:17:55","guid":{"rendered":"https:\/\/appsaf.apieproject.com\/news\/?p=26083"},"modified":"2023-02-25T12:17:57","modified_gmt":"2023-02-25T12:17:57","slug":"senghor-et-les-arts-au-musee-du-quai-branly-la-culture-au-coeur-de-la-politique","status":"publish","type":"post","link":"https:\/\/appsaf.apieproject.com\/news\/fr\/2023\/02\/25\/senghor-et-les-arts-au-musee-du-quai-branly-la-culture-au-coeur-de-la-politique\/","title":{"rendered":"Senghor Et Les Arts Au Mus\u00e9e Du Quai Branly : La Culture Au C\u0153ur De La Politique"},"content":{"rendered":"<p>Pour L\u00e9opold S\u00e9dar Senghor, po\u00e8te et pr\u00e9sident, d\u00e9fenseur de la francophonie, la lib\u00e9ration culturelle \u00e9tait une condition de la lib\u00e9ration politique et, une fois au pouvoir, il a accord\u00e9 aux arts une grande importance. Une exposition au mus\u00e9e du Quai Branly nous raconte sa vision de la culture, qu&rsquo;il voulait universelle.<\/p>\n<p>Arriv\u00e9 en 1928 \u00e0 Paris pour \u00e9tudier, agr\u00e9g\u00e9 de grammaire fran\u00e7aise en 1935, L\u00e9opold S\u00e9dar Senghor enseigne en lyc\u00e9e \u00e0 Tours puis \u00e0 Saint-Maur-des Foss\u00e9s (94). C&rsquo;est l&rsquo;\u00e9poque o\u00f9, avec Suzanne et Aim\u00e9 C\u00e9saire, Jane et Paulette Nardal, L\u00e9on-Gontran Damas, il construit l&rsquo;id\u00e9e de n\u00e9gritude. En 1983, il sera \u00e9lu \u00e0 l&rsquo;Acad\u00e9mie fran\u00e7aise. Pendant vingt ans, de 1960 \u00e0 1980, il est le premier pr\u00e9sident du S\u00e9n\u00e9gal ind\u00e9pendant. L&rsquo;exposition du Quai Branly nous fait d\u00e9couvrir la place primordiale qu&rsquo;a eue la culture dans sa pens\u00e9e avant l&rsquo;ind\u00e9pendance et dans sa politique, au moment de l&rsquo;effervescence des premi\u00e8res ann\u00e9es post-coloniales.<\/p>\n<p>\u00ab\u00a0Il ne s&rsquo;agit pas d&rsquo;une exposition biographique, nous avons voulu donner \u00e0 voir combien la place de la culture et des arts \u00e9tait essentielle dans le cheminement intellectuel de politique de Senghor\u00a0\u00bb, explique Sarah Ligner, conservatrice du patrimoine au mus\u00e9e du Quai Branly et co-commissaire de l&rsquo;exposition.<\/p>\n<p>Les \u00e9crivains et artistes noirs en congr\u00e8s \u00e0 Paris en 1956<br \/>\n\u0152uvres d&rsquo;art traditionnelles et contemporaines, photographies, documents \u00e9voquant diff\u00e9rents \u00e9v\u00e8nements ou po\u00e8mes illustr\u00e9s racontent cette histoire qui a commenc\u00e9 dans les ann\u00e9es 1930. Les ann\u00e9es qui pr\u00e9c\u00e8dent les ind\u00e9pendances sont une p\u00e9riode d&rsquo;intense dialogue entre les militants africains, antillais, africains-am\u00e9ricains. En octobre 1956, Senghor participe activement au premier congr\u00e8s des \u00e9crivains et artistes noirs qui se r\u00e9unit \u00e0 Paris. Art et culture sont au c\u0153ur des d\u00e9bats : \u00ab\u00a0L&rsquo;\u00e9panouissement de la culture est conditionn\u00e9 par la fin de ces hontes du 20e si\u00e8cle : le colonialisme, l&rsquo;exploitation des peuples faibles et le racisme\u00a0\u00bb, disent les congressistes. Pour Senghor, \u00ab\u00a0l&rsquo;exp\u00e9rience l&rsquo;a prouv\u00e9, la lib\u00e9ration culturelle est la condition sine qua non de la lib\u00e9ration politique\u00a0\u00bb. Des photos nous montrent tous ces intellectuels r\u00e9unis \u00e0 la Sorbonne.<\/p>\n<p>\u00ab\u00a0Les interventions de Senghor sont des interventions qui se pr\u00e9occupent de ce qu&rsquo;il appelle la condition humaine, la n\u00e9cessit\u00e9 de r\u00e9inventer un humanisme, un humanisme plus moderne, qui met l&rsquo;ensemble des contributions humaines ensemble, ce que son ami C\u00e9saire appelait le rendez-vous du donner et du recevoir. Ce moment qui permet \u00e0 l&rsquo;humanit\u00e9 de d\u00e9passer l&rsquo;ethnicit\u00e9. Senghor et ses amis \u00e9taient contre la th\u00e9orie du sang et la th\u00e9orie du sol, au profit d&rsquo;une th\u00e9orie de l&rsquo;homme\u00a0\u00bb, explique Mamadou Diouf, professeur d&rsquo;\u00e9tudes africaines et d&rsquo;histoire \u00e0 Columbia University New York et \u00e9galement co-commissaire.<\/p>\n<p>Dakar 1966<br \/>\nUn nouveau congr\u00e8s en 1959 \u00e0 Rome \u00e9met l&rsquo;id\u00e9e d&rsquo;organiser une grande manifestation culturelle sur le continent africain. C&rsquo;est le S\u00e9n\u00e9gal de Senghor, pr\u00e9sident du pays d\u00e9sormais ind\u00e9pendant, qui organise en avril 1966 le premier Festival mondial des arts n\u00e8gres \u00e0 Dakar. Artistes et spectateurs viennent du monde entier. Des photos nous montrent qu&rsquo;on y retrouve des troupes de danse, des \u00e9crivains, des musiciens : aussi bien Aim\u00e9 C\u00e9saire que l&rsquo;\u00e9crivain et cin\u00e9aste s\u00e9n\u00e9galais Sembene Ousmane, le po\u00e8te am\u00e9ricain Langston Hugues ou encore Duke Ellington qui donne alors deux concerts au Stadium de Dakar.<\/p>\n<p>Un colloque sur l&rsquo;art dans le quotidien accompagne le festival, un \u00e9v\u00e9nement f\u00e9d\u00e9rateur, souligne Sarah Frioux-Salgas, la troisi\u00e8me commissaire de l&rsquo;exposition : \u00ab\u00a0Sembene Ousmane qui \u00e9tait un opposant \u00e0 Senghor est l\u00e0. Wole Soyinka (grand \u00e9crivain nig\u00e9rian, ndlr), assez critique de la n\u00e9gritude, est l\u00e0 aussi. C&rsquo;est une p\u00e9riode de disputes et de dialogue, on r\u00e9fl\u00e9chit collectivement. On n&rsquo;est pas tous d&rsquo;accord mais on discute.\u00a0\u00bb<\/p>\n<p>Pour le festival, Senghor a fait construire \u00e0 Dakar un grand mus\u00e9e, le Mus\u00e9e dynamique, o\u00f9 est organis\u00e9e la premi\u00e8re exposition d&rsquo;art ancien en Afrique, 500 \u0153uvres venues du monde entier. Une exposition \u00ab\u00a0comme jamais il n&rsquo;y a eu sur le continent depuis, je pense\u00a0\u00bb, dit Sarah Frioux-Salgas. Elle est pr\u00e9sent\u00e9e juste apr\u00e8s \u00e0 Paris, au Grand-Palais. On peut voir au Quai Branly quelques pi\u00e8ces de ses collections qui \u00e9taient expos\u00e9es en 1966. En m\u00eame temps, au Palais de justice est imagin\u00e9e une grande exposition d&rsquo;art contemporain r\u00e9unissant 200 artistes vivants.<\/p>\n<p>L&rsquo;art, expression tout simplement humaine<\/p>\n<p>Dans les ann\u00e9es qui suivent, le Mus\u00e9e dynamique expose l&rsquo;art ou l&rsquo;arch\u00e9ologie africains mais fait aussi venir de grands artistes occidentaux, Chagall en 1971, Picasso en 1972. Ces deux artistes, dont on peut voir les affiches, ne se sont pas d\u00e9plac\u00e9s \u00e0 Dakar mais Pierre Soulages, expos\u00e9 en 1974, fait le voyage. Une de ses toiles de 1956 faisait partie de la collection personnelle de Senghor.<\/p>\n<p>\u00ab\u00a0Senghor ne parlait pas de restitution mais de circulation des \u0153uvres d&rsquo;art, et pas seulement des \u0153uvres d&rsquo;art africain\u00a0\u00bb, note Mamadou Diouf. \u00ab\u00a0Pour lui, il n&rsquo;y avait pas de raison que les Africains n&rsquo;aient pas d&rsquo;exposition de Picasso. Senghor comme Malraux avait une conception de l&rsquo;art qui le d\u00e9contextualise et le sort de son histoire pour en faire une expression tout simplement humaine, un plaisir que l&rsquo;humanit\u00e9 peut avoir, hors contexte ethnique et culturel.\u00a0\u00bb<\/p>\n<p>Il fait illustrer ses po\u00e8mes par des artistes du monde entier, Marc Chagall, Andr\u00e9 Masson, Alfred Manessier, Hans Hartung, Pierre Soulages, Zao Wou-Ki, Maria Halena Vieira da Silva. Il est dans une d\u00e9marche de dialogue des cultures. \u00ab\u00a0C&rsquo;est une r\u00e9action contre l&rsquo;assimilation, pour le respect de la diversit\u00e9\u00a0\u00bb, pour \u00ab\u00a0un nouvel humanisme qui tire les le\u00e7ons des conflits mondiaux\u00a0\u00bb, note Mamadou Diouf.<\/p>\n<p>Le premier grand th\u00e9\u00e2tre d&rsquo;Afrique<\/p>\n<p>Pour avoir une id\u00e9e de l&rsquo;importance de la culture dans la politique de Senghor, il faut savoir qu&rsquo;un quart du budget de l&rsquo;Etat s\u00e9n\u00e9galais est consacr\u00e9 \u00e0 la culture, \u00e0 la formation et \u00e0 l&rsquo;\u00e9ducation. Apr\u00e8s l&rsquo;ind\u00e9pendance, la Maison des arts, devenue Ecole des arts, m\u00eale apprentissage des techniques occidentales et d&rsquo;une esth\u00e9tique plus africaine. L&rsquo;artiste Iba Ndiaye qui y enseigne, form\u00e9 \u00e0 Montpellier et \u00e0 Paris, regarde aussi du c\u00f4t\u00e9 de la sculpture africaine qu&rsquo;il a beaucoup dessin\u00e9e. Papa Ibra Tall, privil\u00e9gie plus franchement une puissance cr\u00e9atrice lib\u00e9r\u00e9e des influences ext\u00e9rieures.<\/p>\n<p>Senghor cr\u00e9e en 1964 la Manufacture nationale de tapisserie de Thi\u00e8s, pr\u00e8s de Dakar, qui sert sa diplomatie culturelle. Et puis le Th\u00e9\u00e2tre national Daniel Sorano inaugur\u00e9 \u00e0 Dakar en 1965, 1 200 places, le premier grand th\u00e9\u00e2tre du continent. Senghor est le premier en Afrique \u00e0 cr\u00e9er une troupe nationale de th\u00e9\u00e2tre, un ballet national et un ensemble lyrique national, dont les artistes sont fonctionnaires. Des photos montrent un Macbeth jou\u00e9 \u00e0 l&rsquo;Od\u00e9on en 1969 par la troupe du th\u00e9\u00e2tre Sorano, dont le r\u00e9pertoire est tr\u00e8s vari\u00e9, de Moli\u00e8re ou Claudel \u00e0 C\u00e9saire ou Wole Soyinka.<\/p>\n<p>R\u00e9inventer l&rsquo;universel<br \/>\nLe dernier grand projet culturel de Senghor, \u00e9voqu\u00e9 dans l&rsquo;exposition par des plans, n&rsquo;a jamais \u00e9t\u00e9 r\u00e9alis\u00e9, m\u00eame si le Mus\u00e9e des civilisations noires ouvert en 2018 en est l&rsquo;h\u00e9ritier. Ce grand espace culturel aurait \u00e9t\u00e9 un v\u00e9ritable quartier abritant un grand mus\u00e9e, l&rsquo;institut des arts, l&rsquo;\u00e9cole d&rsquo;architecture. \u00ab\u00a0C&rsquo;est la traduction d&rsquo;une vision qui r\u00e9invente l&rsquo;universel\u00a0\u00bb, estime Mamadou Diouf. \u00ab\u00a0Senghor tente de dire que la seule mani\u00e8re d&rsquo;avoir un universel qui refl\u00e8te l&rsquo;ensemble des cultures humaines, c&rsquo;est d&rsquo;enlever l&rsquo;universel de sa gangue europ\u00e9enne.\u00a0\u00bb<\/p>\n<p>Senghor a aussi \u00e9t\u00e9 violemment critiqu\u00e9 au S\u00e9n\u00e9gal. Une nouvelle g\u00e9n\u00e9ration d&rsquo;artistes, dans les ann\u00e9es 1970, conteste sa politique culturelle. Ceux du groupe Agit&rsquo;Art, avec Issa Sam dit Joe Wakam, refusent d&rsquo;\u00eatre au service de l&rsquo;Etat. \u00ab\u00a0Il y a eu des moments o\u00f9 Senghor \u00e9tait un vrai dictateur mais la dictature n&rsquo; jamais emp\u00each\u00e9 la confrontation intellectuelle\u00a0\u00bb, estime Mamadou Diouf. Et, apr\u00e8s sa d\u00e9mission en 1980, \u00ab\u00a0beaucoup d&rsquo;entre nous qui ne pensaient \u00e0 lui que comme un politicien ont commenc\u00e9 \u00e0 le lire et \u00e0 le voir comme un penseur\u00a0\u00bb.<\/p>\n","protected":false},"excerpt":{"rendered":"<p>Quand Senghor \u00e9tait pr\u00e9sident du S\u00e9n\u00e9gal, plus d&rsquo;un quart du budget de l&rsquo;Etat \u00e9tait consacr\u00e9 \u00e0 l&rsquo;\u00e9ducation et \u00e0 la culture. Le mus\u00e9e du Quai Branly revient sur ses r\u00e9alisations et les replace dans le contexte intellectuel de l&rsquo;\u00e9poque.<\/p>\n","protected":false},"author":12963,"featured_media":26080,"comment_status":"open","ping_status":"open","sticky":false,"template":"","format":"standard","meta":{"footnotes":""},"categories":[53,210],"tags":[78,87,211],"class_list":{"0":"post-26083","1":"post","2":"type-post","3":"status-publish","4":"format-standard","5":"has-post-thumbnail","7":"category-culture-fr","8":"category-histoire","9":"tag-apie-project-2","10":"tag-culture-2","11":"tag-histoire"},"yoast_head":"<!-- This site is optimized with the Yoast SEO plugin v24.4 - https:\/\/yoast.com\/wordpress\/plugins\/seo\/ -->\n<title>Senghor Et Les Arts Au Mus\u00e9e Du Quai Branly : La Culture Au C\u0153ur De La Politique - APIE NEWS<\/title>\n<meta name=\"robots\" content=\"index, follow, max-snippet:-1, max-image-preview:large, max-video-preview:-1\" \/>\n<link rel=\"canonical\" href=\"https:\/\/appsaf.apieproject.com\/news\/fr\/2023\/02\/25\/senghor-et-les-arts-au-musee-du-quai-branly-la-culture-au-coeur-de-la-politique\/\" \/>\n<meta property=\"og:locale\" content=\"fr_FR\" \/>\n<meta property=\"og:type\" content=\"article\" \/>\n<meta property=\"og:title\" content=\"Senghor Et Les Arts Au Mus\u00e9e Du Quai Branly : La Culture Au C\u0153ur De La Politique - APIE NEWS\" \/>\n<meta property=\"og:description\" content=\"Quand Senghor \u00e9tait pr\u00e9sident du S\u00e9n\u00e9gal, plus d&#039;un quart du budget de l&#039;Etat \u00e9tait consacr\u00e9 \u00e0 l&#039;\u00e9ducation et \u00e0 la culture. Le mus\u00e9e du Quai Branly revient sur ses r\u00e9alisations et les replace dans le contexte intellectuel de l&#039;\u00e9poque.\" \/>\n<meta property=\"og:url\" content=\"https:\/\/appsaf.apieproject.com\/news\/fr\/2023\/02\/25\/senghor-et-les-arts-au-musee-du-quai-branly-la-culture-au-coeur-de-la-politique\/\" \/>\n<meta property=\"og:site_name\" content=\"APIE NEWS\" \/>\n<meta property=\"article:publisher\" content=\"https:\/\/facebook.com\/apieproject\" \/>\n<meta property=\"article:published_time\" content=\"2023-02-25T12:17:55+00:00\" \/>\n<meta property=\"article:modified_time\" content=\"2023-02-25T12:17:57+00:00\" \/>\n<meta property=\"og:image\" content=\"https:\/\/appsaf.apieproject.com\/news\/wp-content\/uploads\/sites\/29\/2023\/02\/Capture-202ed53257b5d19df105762e61a0c75b.jpg\" \/>\n\t<meta property=\"og:image:width\" content=\"874\" \/>\n\t<meta property=\"og:image:height\" content=\"414\" \/>\n\t<meta property=\"og:image:type\" content=\"image\/jpeg\" \/>\n<meta name=\"author\" content=\"staff\" \/>\n<meta name=\"twitter:card\" content=\"summary_large_image\" \/>\n<meta name=\"twitter:creator\" content=\"@apieproject\" \/>\n<meta name=\"twitter:site\" content=\"@apieproject\" \/>\n<meta name=\"twitter:label1\" content=\"\u00c9crit par\" \/>\n\t<meta name=\"twitter:data1\" content=\"staff\" \/>\n\t<meta name=\"twitter:label2\" content=\"Dur\u00e9e de lecture estim\u00e9e\" \/>\n\t<meta name=\"twitter:data2\" content=\"6 minutes\" \/>\n<script type=\"application\/ld+json\" class=\"yoast-schema-graph\">{\"@context\":\"https:\/\/schema.org\",\"@graph\":[{\"@type\":\"Article\",\"@id\":\"https:\/\/appsaf.apieproject.com\/news\/fr\/2023\/02\/25\/senghor-et-les-arts-au-musee-du-quai-branly-la-culture-au-coeur-de-la-politique\/#article\",\"isPartOf\":{\"@id\":\"https:\/\/appsaf.apieproject.com\/news\/fr\/2023\/02\/25\/senghor-et-les-arts-au-musee-du-quai-branly-la-culture-au-coeur-de-la-politique\/\"},\"author\":{\"name\":\"staff\",\"@id\":\"https:\/\/appsaf.apieproject.com\/news\/#\/schema\/person\/399517cac378948cd7b39086f9ddc2a7\"},\"headline\":\"Senghor Et Les Arts Au Mus\u00e9e Du Quai Branly : La Culture Au C\u0153ur De La Politique\",\"datePublished\":\"2023-02-25T12:17:55+00:00\",\"dateModified\":\"2023-02-25T12:17:57+00:00\",\"mainEntityOfPage\":{\"@id\":\"https:\/\/appsaf.apieproject.com\/news\/fr\/2023\/02\/25\/senghor-et-les-arts-au-musee-du-quai-branly-la-culture-au-coeur-de-la-politique\/\"},\"wordCount\":1444,\"commentCount\":0,\"publisher\":{\"@id\":\"https:\/\/appsaf.apieproject.com\/news\/#organization\"},\"image\":{\"@id\":\"https:\/\/appsaf.apieproject.com\/news\/fr\/2023\/02\/25\/senghor-et-les-arts-au-musee-du-quai-branly-la-culture-au-coeur-de-la-politique\/#primaryimage\"},\"thumbnailUrl\":\"https:\/\/appsaf.apieproject.com\/news\/wp-content\/uploads\/sites\/29\/2023\/02\/Capture-202ed53257b5d19df105762e61a0c75b.jpg\",\"keywords\":[\"apie project\",\"culture\",\"Histoire\"],\"articleSection\":[\"Culture\",\"Histoire\"],\"inLanguage\":\"fr-FR\",\"potentialAction\":[{\"@type\":\"CommentAction\",\"name\":\"Comment\",\"target\":[\"https:\/\/appsaf.apieproject.com\/news\/fr\/2023\/02\/25\/senghor-et-les-arts-au-musee-du-quai-branly-la-culture-au-coeur-de-la-politique\/#respond\"]}]},{\"@type\":\"WebPage\",\"@id\":\"https:\/\/appsaf.apieproject.com\/news\/fr\/2023\/02\/25\/senghor-et-les-arts-au-musee-du-quai-branly-la-culture-au-coeur-de-la-politique\/\",\"url\":\"https:\/\/appsaf.apieproject.com\/news\/fr\/2023\/02\/25\/senghor-et-les-arts-au-musee-du-quai-branly-la-culture-au-coeur-de-la-politique\/\",\"name\":\"Senghor Et Les Arts Au Mus\u00e9e Du Quai Branly : La Culture Au C\u0153ur De La Politique - APIE NEWS\",\"isPartOf\":{\"@id\":\"https:\/\/appsaf.apieproject.com\/news\/#website\"},\"primaryImageOfPage\":{\"@id\":\"https:\/\/appsaf.apieproject.com\/news\/fr\/2023\/02\/25\/senghor-et-les-arts-au-musee-du-quai-branly-la-culture-au-coeur-de-la-politique\/#primaryimage\"},\"image\":{\"@id\":\"https:\/\/appsaf.apieproject.com\/news\/fr\/2023\/02\/25\/senghor-et-les-arts-au-musee-du-quai-branly-la-culture-au-coeur-de-la-politique\/#primaryimage\"},\"thumbnailUrl\":\"https:\/\/appsaf.apieproject.com\/news\/wp-content\/uploads\/sites\/29\/2023\/02\/Capture-202ed53257b5d19df105762e61a0c75b.jpg\",\"datePublished\":\"2023-02-25T12:17:55+00:00\",\"dateModified\":\"2023-02-25T12:17:57+00:00\",\"breadcrumb\":{\"@id\":\"https:\/\/appsaf.apieproject.com\/news\/fr\/2023\/02\/25\/senghor-et-les-arts-au-musee-du-quai-branly-la-culture-au-coeur-de-la-politique\/#breadcrumb\"},\"inLanguage\":\"fr-FR\",\"potentialAction\":[{\"@type\":\"ReadAction\",\"target\":[\"https:\/\/appsaf.apieproject.com\/news\/fr\/2023\/02\/25\/senghor-et-les-arts-au-musee-du-quai-branly-la-culture-au-coeur-de-la-politique\/\"]}]},{\"@type\":\"ImageObject\",\"inLanguage\":\"fr-FR\",\"@id\":\"https:\/\/appsaf.apieproject.com\/news\/fr\/2023\/02\/25\/senghor-et-les-arts-au-musee-du-quai-branly-la-culture-au-coeur-de-la-politique\/#primaryimage\",\"url\":\"https:\/\/appsaf.apieproject.com\/news\/wp-content\/uploads\/sites\/29\/2023\/02\/Capture-202ed53257b5d19df105762e61a0c75b.jpg\",\"contentUrl\":\"https:\/\/appsaf.apieproject.com\/news\/wp-content\/uploads\/sites\/29\/2023\/02\/Capture-202ed53257b5d19df105762e61a0c75b.jpg\",\"width\":874,\"height\":414},{\"@type\":\"BreadcrumbList\",\"@id\":\"https:\/\/appsaf.apieproject.com\/news\/fr\/2023\/02\/25\/senghor-et-les-arts-au-musee-du-quai-branly-la-culture-au-coeur-de-la-politique\/#breadcrumb\",\"itemListElement\":[{\"@type\":\"ListItem\",\"position\":1,\"name\":\"Home\",\"item\":\"https:\/\/appsaf.apieproject.com\/news\/fr\/home\/\"},{\"@type\":\"ListItem\",\"position\":2,\"name\":\"Senghor Et Les Arts Au Mus\u00e9e Du Quai Branly : La Culture Au C\u0153ur De La Politique\"}]},{\"@type\":\"WebSite\",\"@id\":\"https:\/\/appsaf.apieproject.com\/news\/#website\",\"url\":\"https:\/\/appsaf.apieproject.com\/news\/\",\"name\":\"APIE NEWS\",\"description\":\"PANAFRICANISM NEWS PORTAL\",\"publisher\":{\"@id\":\"https:\/\/appsaf.apieproject.com\/news\/#organization\"},\"potentialAction\":[{\"@type\":\"SearchAction\",\"target\":{\"@type\":\"EntryPoint\",\"urlTemplate\":\"https:\/\/appsaf.apieproject.com\/news\/?s={search_term_string}\"},\"query-input\":{\"@type\":\"PropertyValueSpecification\",\"valueRequired\":true,\"valueName\":\"search_term_string\"}}],\"inLanguage\":\"fr-FR\"},{\"@type\":\"Organization\",\"@id\":\"https:\/\/appsaf.apieproject.com\/news\/#organization\",\"name\":\"APIE PROJECT\",\"url\":\"https:\/\/appsaf.apieproject.com\/news\/\",\"logo\":{\"@type\":\"ImageObject\",\"inLanguage\":\"fr-FR\",\"@id\":\"https:\/\/appsaf.apieproject.com\/news\/#\/schema\/logo\/image\/\",\"url\":\"https:\/\/appsaf.apieproject.com\/news\/wp-content\/uploads\/sites\/29\/2022\/07\/logo-R-TransparentBackground.png\",\"contentUrl\":\"https:\/\/appsaf.apieproject.com\/news\/wp-content\/uploads\/sites\/29\/2022\/07\/logo-R-TransparentBackground.png\",\"width\":512,\"height\":512,\"caption\":\"APIE PROJECT\"},\"image\":{\"@id\":\"https:\/\/appsaf.apieproject.com\/news\/#\/schema\/logo\/image\/\"},\"sameAs\":[\"https:\/\/facebook.com\/apieproject\",\"https:\/\/x.com\/apieproject\"]},{\"@type\":\"Person\",\"@id\":\"https:\/\/appsaf.apieproject.com\/news\/#\/schema\/person\/399517cac378948cd7b39086f9ddc2a7\",\"name\":\"staff\",\"image\":{\"@type\":\"ImageObject\",\"inLanguage\":\"fr-FR\",\"@id\":\"https:\/\/appsaf.apieproject.com\/news\/#\/schema\/person\/image\/\",\"url\":\"https:\/\/secure.gravatar.com\/avatar\/5386283c5db150efe261184bd59f072a?s=96&d=mm&r=g\",\"contentUrl\":\"https:\/\/secure.gravatar.com\/avatar\/5386283c5db150efe261184bd59f072a?s=96&d=mm&r=g\",\"caption\":\"staff\"},\"url\":\"https:\/\/appsaf.apieproject.com\/news\/fr\/author\/staff\/\"}]}<\/script>\n<!-- \/ Yoast SEO plugin. -->","yoast_head_json":{"title":"Senghor Et Les Arts Au Mus\u00e9e Du Quai Branly : La Culture Au C\u0153ur De La Politique - APIE NEWS","robots":{"index":"index","follow":"follow","max-snippet":"max-snippet:-1","max-image-preview":"max-image-preview:large","max-video-preview":"max-video-preview:-1"},"canonical":"https:\/\/appsaf.apieproject.com\/news\/fr\/2023\/02\/25\/senghor-et-les-arts-au-musee-du-quai-branly-la-culture-au-coeur-de-la-politique\/","og_locale":"fr_FR","og_type":"article","og_title":"Senghor Et Les Arts Au Mus\u00e9e Du Quai Branly : La Culture Au C\u0153ur De La Politique - APIE NEWS","og_description":"Quand Senghor \u00e9tait pr\u00e9sident du S\u00e9n\u00e9gal, plus d'un quart du budget de l'Etat \u00e9tait consacr\u00e9 \u00e0 l'\u00e9ducation et \u00e0 la culture. Le mus\u00e9e du Quai Branly revient sur ses r\u00e9alisations et les replace dans le contexte intellectuel de l'\u00e9poque.","og_url":"https:\/\/appsaf.apieproject.com\/news\/fr\/2023\/02\/25\/senghor-et-les-arts-au-musee-du-quai-branly-la-culture-au-coeur-de-la-politique\/","og_site_name":"APIE NEWS","article_publisher":"https:\/\/facebook.com\/apieproject","article_published_time":"2023-02-25T12:17:55+00:00","article_modified_time":"2023-02-25T12:17:57+00:00","og_image":[{"width":874,"height":414,"url":"https:\/\/appsaf.apieproject.com\/news\/wp-content\/uploads\/sites\/29\/2023\/02\/Capture-202ed53257b5d19df105762e61a0c75b.jpg","type":"image\/jpeg"}],"author":"staff","twitter_card":"summary_large_image","twitter_creator":"@apieproject","twitter_site":"@apieproject","twitter_misc":{"\u00c9crit par":"staff","Dur\u00e9e de lecture estim\u00e9e":"6 minutes"},"schema":{"@context":"https:\/\/schema.org","@graph":[{"@type":"Article","@id":"https:\/\/appsaf.apieproject.com\/news\/fr\/2023\/02\/25\/senghor-et-les-arts-au-musee-du-quai-branly-la-culture-au-coeur-de-la-politique\/#article","isPartOf":{"@id":"https:\/\/appsaf.apieproject.com\/news\/fr\/2023\/02\/25\/senghor-et-les-arts-au-musee-du-quai-branly-la-culture-au-coeur-de-la-politique\/"},"author":{"name":"staff","@id":"https:\/\/appsaf.apieproject.com\/news\/#\/schema\/person\/399517cac378948cd7b39086f9ddc2a7"},"headline":"Senghor Et Les Arts Au Mus\u00e9e Du Quai Branly : La Culture Au C\u0153ur De La Politique","datePublished":"2023-02-25T12:17:55+00:00","dateModified":"2023-02-25T12:17:57+00:00","mainEntityOfPage":{"@id":"https:\/\/appsaf.apieproject.com\/news\/fr\/2023\/02\/25\/senghor-et-les-arts-au-musee-du-quai-branly-la-culture-au-coeur-de-la-politique\/"},"wordCount":1444,"commentCount":0,"publisher":{"@id":"https:\/\/appsaf.apieproject.com\/news\/#organization"},"image":{"@id":"https:\/\/appsaf.apieproject.com\/news\/fr\/2023\/02\/25\/senghor-et-les-arts-au-musee-du-quai-branly-la-culture-au-coeur-de-la-politique\/#primaryimage"},"thumbnailUrl":"https:\/\/appsaf.apieproject.com\/news\/wp-content\/uploads\/sites\/29\/2023\/02\/Capture-202ed53257b5d19df105762e61a0c75b.jpg","keywords":["apie project","culture","Histoire"],"articleSection":["Culture","Histoire"],"inLanguage":"fr-FR","potentialAction":[{"@type":"CommentAction","name":"Comment","target":["https:\/\/appsaf.apieproject.com\/news\/fr\/2023\/02\/25\/senghor-et-les-arts-au-musee-du-quai-branly-la-culture-au-coeur-de-la-politique\/#respond"]}]},{"@type":"WebPage","@id":"https:\/\/appsaf.apieproject.com\/news\/fr\/2023\/02\/25\/senghor-et-les-arts-au-musee-du-quai-branly-la-culture-au-coeur-de-la-politique\/","url":"https:\/\/appsaf.apieproject.com\/news\/fr\/2023\/02\/25\/senghor-et-les-arts-au-musee-du-quai-branly-la-culture-au-coeur-de-la-politique\/","name":"Senghor Et Les Arts Au Mus\u00e9e Du Quai Branly : La Culture Au C\u0153ur De La Politique - APIE NEWS","isPartOf":{"@id":"https:\/\/appsaf.apieproject.com\/news\/#website"},"primaryImageOfPage":{"@id":"https:\/\/appsaf.apieproject.com\/news\/fr\/2023\/02\/25\/senghor-et-les-arts-au-musee-du-quai-branly-la-culture-au-coeur-de-la-politique\/#primaryimage"},"image":{"@id":"https:\/\/appsaf.apieproject.com\/news\/fr\/2023\/02\/25\/senghor-et-les-arts-au-musee-du-quai-branly-la-culture-au-coeur-de-la-politique\/#primaryimage"},"thumbnailUrl":"https:\/\/appsaf.apieproject.com\/news\/wp-content\/uploads\/sites\/29\/2023\/02\/Capture-202ed53257b5d19df105762e61a0c75b.jpg","datePublished":"2023-02-25T12:17:55+00:00","dateModified":"2023-02-25T12:17:57+00:00","breadcrumb":{"@id":"https:\/\/appsaf.apieproject.com\/news\/fr\/2023\/02\/25\/senghor-et-les-arts-au-musee-du-quai-branly-la-culture-au-coeur-de-la-politique\/#breadcrumb"},"inLanguage":"fr-FR","potentialAction":[{"@type":"ReadAction","target":["https:\/\/appsaf.apieproject.com\/news\/fr\/2023\/02\/25\/senghor-et-les-arts-au-musee-du-quai-branly-la-culture-au-coeur-de-la-politique\/"]}]},{"@type":"ImageObject","inLanguage":"fr-FR","@id":"https:\/\/appsaf.apieproject.com\/news\/fr\/2023\/02\/25\/senghor-et-les-arts-au-musee-du-quai-branly-la-culture-au-coeur-de-la-politique\/#primaryimage","url":"https:\/\/appsaf.apieproject.com\/news\/wp-content\/uploads\/sites\/29\/2023\/02\/Capture-202ed53257b5d19df105762e61a0c75b.jpg","contentUrl":"https:\/\/appsaf.apieproject.com\/news\/wp-content\/uploads\/sites\/29\/2023\/02\/Capture-202ed53257b5d19df105762e61a0c75b.jpg","width":874,"height":414},{"@type":"BreadcrumbList","@id":"https:\/\/appsaf.apieproject.com\/news\/fr\/2023\/02\/25\/senghor-et-les-arts-au-musee-du-quai-branly-la-culture-au-coeur-de-la-politique\/#breadcrumb","itemListElement":[{"@type":"ListItem","position":1,"name":"Home","item":"https:\/\/appsaf.apieproject.com\/news\/fr\/home\/"},{"@type":"ListItem","position":2,"name":"Senghor Et Les Arts Au Mus\u00e9e Du Quai Branly : La Culture Au C\u0153ur De La Politique"}]},{"@type":"WebSite","@id":"https:\/\/appsaf.apieproject.com\/news\/#website","url":"https:\/\/appsaf.apieproject.com\/news\/","name":"APIE NEWS","description":"PANAFRICANISM NEWS PORTAL","publisher":{"@id":"https:\/\/appsaf.apieproject.com\/news\/#organization"},"potentialAction":[{"@type":"SearchAction","target":{"@type":"EntryPoint","urlTemplate":"https:\/\/appsaf.apieproject.com\/news\/?s={search_term_string}"},"query-input":{"@type":"PropertyValueSpecification","valueRequired":true,"valueName":"search_term_string"}}],"inLanguage":"fr-FR"},{"@type":"Organization","@id":"https:\/\/appsaf.apieproject.com\/news\/#organization","name":"APIE PROJECT","url":"https:\/\/appsaf.apieproject.com\/news\/","logo":{"@type":"ImageObject","inLanguage":"fr-FR","@id":"https:\/\/appsaf.apieproject.com\/news\/#\/schema\/logo\/image\/","url":"https:\/\/appsaf.apieproject.com\/news\/wp-content\/uploads\/sites\/29\/2022\/07\/logo-R-TransparentBackground.png","contentUrl":"https:\/\/appsaf.apieproject.com\/news\/wp-content\/uploads\/sites\/29\/2022\/07\/logo-R-TransparentBackground.png","width":512,"height":512,"caption":"APIE PROJECT"},"image":{"@id":"https:\/\/appsaf.apieproject.com\/news\/#\/schema\/logo\/image\/"},"sameAs":["https:\/\/facebook.com\/apieproject","https:\/\/x.com\/apieproject"]},{"@type":"Person","@id":"https:\/\/appsaf.apieproject.com\/news\/#\/schema\/person\/399517cac378948cd7b39086f9ddc2a7","name":"staff","image":{"@type":"ImageObject","inLanguage":"fr-FR","@id":"https:\/\/appsaf.apieproject.com\/news\/#\/schema\/person\/image\/","url":"https:\/\/secure.gravatar.com\/avatar\/5386283c5db150efe261184bd59f072a?s=96&d=mm&r=g","contentUrl":"https:\/\/secure.gravatar.com\/avatar\/5386283c5db150efe261184bd59f072a?s=96&d=mm&r=g","caption":"staff"},"url":"https:\/\/appsaf.apieproject.com\/news\/fr\/author\/staff\/"}]}},"_links":{"self":[{"href":"https:\/\/appsaf.apieproject.com\/news\/fr\/wp-json\/wp\/v2\/posts\/26083","targetHints":{"allow":["GET"]}}],"collection":[{"href":"https:\/\/appsaf.apieproject.com\/news\/fr\/wp-json\/wp\/v2\/posts"}],"about":[{"href":"https:\/\/appsaf.apieproject.com\/news\/fr\/wp-json\/wp\/v2\/types\/post"}],"author":[{"embeddable":true,"href":"https:\/\/appsaf.apieproject.com\/news\/fr\/wp-json\/wp\/v2\/users\/12963"}],"replies":[{"embeddable":true,"href":"https:\/\/appsaf.apieproject.com\/news\/fr\/wp-json\/wp\/v2\/comments?post=26083"}],"version-history":[{"count":2,"href":"https:\/\/appsaf.apieproject.com\/news\/fr\/wp-json\/wp\/v2\/posts\/26083\/revisions"}],"predecessor-version":[{"id":26704,"href":"https:\/\/appsaf.apieproject.com\/news\/fr\/wp-json\/wp\/v2\/posts\/26083\/revisions\/26704"}],"wp:featuredmedia":[{"embeddable":true,"href":"https:\/\/appsaf.apieproject.com\/news\/fr\/wp-json\/wp\/v2\/media\/26080"}],"wp:attachment":[{"href":"https:\/\/appsaf.apieproject.com\/news\/fr\/wp-json\/wp\/v2\/media?parent=26083"}],"wp:term":[{"taxonomy":"category","embeddable":true,"href":"https:\/\/appsaf.apieproject.com\/news\/fr\/wp-json\/wp\/v2\/categories?post=26083"},{"taxonomy":"post_tag","embeddable":true,"href":"https:\/\/appsaf.apieproject.com\/news\/fr\/wp-json\/wp\/v2\/tags?post=26083"}],"curies":[{"name":"wp","href":"https:\/\/api.w.org\/{rel}","templated":true}]}}