{"id":26087,"date":"2023-02-25T12:19:15","date_gmt":"2023-02-25T12:19:15","guid":{"rendered":"https:\/\/appsaf.apieproject.com\/news\/?p=26087"},"modified":"2023-02-25T12:19:17","modified_gmt":"2023-02-25T12:19:17","slug":"flam-marrakech-marque-un-tournant-pour-la-litterature-africaine","status":"publish","type":"post","link":"https:\/\/appsaf.apieproject.com\/news\/fr\/2023\/02\/25\/flam-marrakech-marque-un-tournant-pour-la-litterature-africaine\/","title":{"rendered":"FLAM : Marrakech Marque Un Tournant Pour La Litt\u00e9rature Africaine"},"content":{"rendered":"<p>Organis\u00e9 par l\u2019association We Art Africa\/\/NS, cet \u00e9v\u00e9nement est, rappelons-le, une initiative conjointe de l\u2019\u00e9crivain et plasticien marocain Mahi Binebine, de la journaliste franco-s\u00e9n\u00e9galaise Fatimata Wagne Sagne, de l\u2019enseignante chercheuse Hanane Essaydi et de l\u2019activiste culturel Youn\u00e8s Ajarra\u00ef. \u00abL\u2019objectif vis\u00e9 par ces rencontres \u00e9tait de permettre aux Africains de se retrouver en terre africaine pour parler d\u2019Afrique et parler du monde \u00bb.<\/p>\n<p>Quant au succ\u00e8s rencontr\u00e9 par le FLAM, on peut facilement le mesurer \u00e0 la qualit\u00e9 de ses intervenants, mais aussi \u00e0 l\u2019enthousiasme de son public. Un public qui a eu l\u2019opportunit\u00e9 de d\u00e9couvrir les \u0153uvres et les perspectives des auteurs pr\u00e9sents. Un public qui a eu la chance d\u2019explorer l\u2019Afrique \u00e0 travers la voix de ses grands hommes. Un public ravi par la richesse des connaissances partag\u00e9es tout au long de ces quatre jours d\u00e9di\u00e9s \u00e0 la culture africaine. Parmi les moments forts du FLAM, on se souviendra de la le\u00e7on inaugurale de JMG Le Cl\u00e9zio ainsi que de son exceptionnel hommage rendu \u00e0 l\u2019Afrique et aux cultures du continent.<\/p>\n<p>On retiendra le d\u00e9bat sur la m\u00e9moire vivante de l\u2019esclavage, et comment cette m\u00e9moire continue \u00e0 fa\u00e7onner, aujourd\u2019hui encore, les imaginaires racistes. Par ailleurs, l\u2019\u00e9tonnante prise de parole du romancier soudanais Abdelaziz Baraka Saki, dont les romans sont traduits dans une dizaine de langues, nous a rappel\u00e9 que la notion de libert\u00e9 inconditionnelle ne saurait exister d\u00e8s lors que nous avons des croyances. D\u2019un autre c\u00f4t\u00e9, les th\u00e9ories post-coloniales, d\u00e9coloniales et la question de la migration ont brillamment \u00e9t\u00e9 d\u00e9cortiqu\u00e9es par Achille Mbembe, Yasmine Chami, Ali Benmakhlouf, Pascal Blanchard, Jennifer Richard et Mehdi Alioua.<\/p>\n<p>En effet, du combat pour la libert\u00e9 \u00e0 la question des \u00c9tats-Unis d\u2019Afrique, de la mondialisation de la litt\u00e9rature aux liens entre l\u2019Afrique du Nord et l\u2019Afrique subsaharienne, des figures f\u00e9minines aux nouvelles voix et nouvelles plumes, le FLAM a abord\u00e9 tellement de sujets qu\u2019il nous serait difficile de tout \u00e9voquer.En outre, entre les foules qui se sont empress\u00e9es pour assister aux tables rondes, les files d\u2019attente devant les auteurs pour obtenir les d\u00e9dicaces de leurs ouvrages, et les animations qui ont fait le bonheur des petits et grands, le FLAM peut d\u2019ores et d\u00e9j\u00e0 se targuer d\u2019avoir fait battre, \u00e0 Marrakech, le c\u0153ur de l\u2019Afrique litt\u00e9raire.<\/p>\n","protected":false},"excerpt":{"rendered":"<p>\u00abMerci \u00e0 la culture, merci au FLAM et \u00e0 ses organisateurs\u00bb, s\u2019exclament, \u00e0 l\u2019unisson, les participants de la premi\u00e8re \u00e9dition du Festival du livre de Marrakech. \u00abUn immense succ\u00e8s\u00bb, souligne Younes Ajarrai, directeur du FLAM.<\/p>\n","protected":false},"author":12963,"featured_media":26084,"comment_status":"open","ping_status":"open","sticky":false,"template":"","format":"standard","meta":{"footnotes":""},"categories":[53,55],"tags":[78,87,88],"class_list":{"0":"post-26087","1":"post","2":"type-post","3":"status-publish","4":"format-standard","5":"has-post-thumbnail","7":"category-culture-fr","8":"category-divertissement","9":"tag-apie-project-2","10":"tag-culture-2","11":"tag-divertissement"},"yoast_head":"<!-- This site is optimized with the Yoast SEO plugin v24.4 - https:\/\/yoast.com\/wordpress\/plugins\/seo\/ -->\n<title>FLAM : Marrakech Marque Un Tournant Pour La Litt\u00e9rature Africaine - APIE NEWS<\/title>\n<meta name=\"robots\" content=\"index, follow, max-snippet:-1, max-image-preview:large, max-video-preview:-1\" \/>\n<link rel=\"canonical\" href=\"https:\/\/appsaf.apieproject.com\/news\/fr\/2023\/02\/25\/flam-marrakech-marque-un-tournant-pour-la-litterature-africaine\/\" \/>\n<meta property=\"og:locale\" content=\"fr_FR\" \/>\n<meta property=\"og:type\" content=\"article\" \/>\n<meta property=\"og:title\" content=\"FLAM : Marrakech Marque Un Tournant Pour La Litt\u00e9rature Africaine - APIE NEWS\" \/>\n<meta property=\"og:description\" content=\"\u00abMerci \u00e0 la culture, merci au FLAM et \u00e0 ses organisateurs\u00bb, s\u2019exclament, \u00e0 l\u2019unisson, les participants de la premi\u00e8re \u00e9dition du Festival du livre de Marrakech. \u00abUn immense succ\u00e8s\u00bb, souligne Younes Ajarrai, directeur du FLAM.\" \/>\n<meta property=\"og:url\" content=\"https:\/\/appsaf.apieproject.com\/news\/fr\/2023\/02\/25\/flam-marrakech-marque-un-tournant-pour-la-litterature-africaine\/\" \/>\n<meta property=\"og:site_name\" content=\"APIE NEWS\" \/>\n<meta property=\"article:publisher\" content=\"https:\/\/facebook.com\/apieproject\" \/>\n<meta property=\"article:published_time\" content=\"2023-02-25T12:19:15+00:00\" \/>\n<meta property=\"article:modified_time\" content=\"2023-02-25T12:19:17+00:00\" \/>\n<meta property=\"og:image\" content=\"https:\/\/appsaf.apieproject.com\/news\/wp-content\/uploads\/sites\/29\/2023\/02\/Capture-d862fd09a5efbaa0c98bdc5dd29fe8b8.jpg\" \/>\n\t<meta property=\"og:image:width\" content=\"778\" \/>\n\t<meta property=\"og:image:height\" content=\"387\" \/>\n\t<meta property=\"og:image:type\" content=\"image\/jpeg\" \/>\n<meta name=\"author\" content=\"staff\" \/>\n<meta name=\"twitter:card\" content=\"summary_large_image\" \/>\n<meta name=\"twitter:creator\" content=\"@apieproject\" \/>\n<meta name=\"twitter:site\" content=\"@apieproject\" \/>\n<meta name=\"twitter:label1\" content=\"\u00c9crit par\" \/>\n\t<meta name=\"twitter:data1\" content=\"staff\" \/>\n\t<meta name=\"twitter:label2\" content=\"Dur\u00e9e de lecture estim\u00e9e\" \/>\n\t<meta name=\"twitter:data2\" content=\"2 minutes\" \/>\n<script type=\"application\/ld+json\" class=\"yoast-schema-graph\">{\"@context\":\"https:\/\/schema.org\",\"@graph\":[{\"@type\":\"Article\",\"@id\":\"https:\/\/appsaf.apieproject.com\/news\/fr\/2023\/02\/25\/flam-marrakech-marque-un-tournant-pour-la-litterature-africaine\/#article\",\"isPartOf\":{\"@id\":\"https:\/\/appsaf.apieproject.com\/news\/fr\/2023\/02\/25\/flam-marrakech-marque-un-tournant-pour-la-litterature-africaine\/\"},\"author\":{\"name\":\"staff\",\"@id\":\"https:\/\/appsaf.apieproject.com\/news\/#\/schema\/person\/399517cac378948cd7b39086f9ddc2a7\"},\"headline\":\"FLAM : Marrakech Marque Un Tournant Pour La Litt\u00e9rature Africaine\",\"datePublished\":\"2023-02-25T12:19:15+00:00\",\"dateModified\":\"2023-02-25T12:19:17+00:00\",\"mainEntityOfPage\":{\"@id\":\"https:\/\/appsaf.apieproject.com\/news\/fr\/2023\/02\/25\/flam-marrakech-marque-un-tournant-pour-la-litterature-africaine\/\"},\"wordCount\":428,\"commentCount\":0,\"publisher\":{\"@id\":\"https:\/\/appsaf.apieproject.com\/news\/#organization\"},\"image\":{\"@id\":\"https:\/\/appsaf.apieproject.com\/news\/fr\/2023\/02\/25\/flam-marrakech-marque-un-tournant-pour-la-litterature-africaine\/#primaryimage\"},\"thumbnailUrl\":\"https:\/\/appsaf.apieproject.com\/news\/wp-content\/uploads\/sites\/29\/2023\/02\/Capture-d862fd09a5efbaa0c98bdc5dd29fe8b8.jpg\",\"keywords\":[\"apie project\",\"culture\",\"divertissement\"],\"articleSection\":[\"Culture\",\"Divertissement\"],\"inLanguage\":\"fr-FR\",\"potentialAction\":[{\"@type\":\"CommentAction\",\"name\":\"Comment\",\"target\":[\"https:\/\/appsaf.apieproject.com\/news\/fr\/2023\/02\/25\/flam-marrakech-marque-un-tournant-pour-la-litterature-africaine\/#respond\"]}]},{\"@type\":\"WebPage\",\"@id\":\"https:\/\/appsaf.apieproject.com\/news\/fr\/2023\/02\/25\/flam-marrakech-marque-un-tournant-pour-la-litterature-africaine\/\",\"url\":\"https:\/\/appsaf.apieproject.com\/news\/fr\/2023\/02\/25\/flam-marrakech-marque-un-tournant-pour-la-litterature-africaine\/\",\"name\":\"FLAM : Marrakech Marque Un Tournant Pour La Litt\u00e9rature Africaine - APIE NEWS\",\"isPartOf\":{\"@id\":\"https:\/\/appsaf.apieproject.com\/news\/#website\"},\"primaryImageOfPage\":{\"@id\":\"https:\/\/appsaf.apieproject.com\/news\/fr\/2023\/02\/25\/flam-marrakech-marque-un-tournant-pour-la-litterature-africaine\/#primaryimage\"},\"image\":{\"@id\":\"https:\/\/appsaf.apieproject.com\/news\/fr\/2023\/02\/25\/flam-marrakech-marque-un-tournant-pour-la-litterature-africaine\/#primaryimage\"},\"thumbnailUrl\":\"https:\/\/appsaf.apieproject.com\/news\/wp-content\/uploads\/sites\/29\/2023\/02\/Capture-d862fd09a5efbaa0c98bdc5dd29fe8b8.jpg\",\"datePublished\":\"2023-02-25T12:19:15+00:00\",\"dateModified\":\"2023-02-25T12:19:17+00:00\",\"breadcrumb\":{\"@id\":\"https:\/\/appsaf.apieproject.com\/news\/fr\/2023\/02\/25\/flam-marrakech-marque-un-tournant-pour-la-litterature-africaine\/#breadcrumb\"},\"inLanguage\":\"fr-FR\",\"potentialAction\":[{\"@type\":\"ReadAction\",\"target\":[\"https:\/\/appsaf.apieproject.com\/news\/fr\/2023\/02\/25\/flam-marrakech-marque-un-tournant-pour-la-litterature-africaine\/\"]}]},{\"@type\":\"ImageObject\",\"inLanguage\":\"fr-FR\",\"@id\":\"https:\/\/appsaf.apieproject.com\/news\/fr\/2023\/02\/25\/flam-marrakech-marque-un-tournant-pour-la-litterature-africaine\/#primaryimage\",\"url\":\"https:\/\/appsaf.apieproject.com\/news\/wp-content\/uploads\/sites\/29\/2023\/02\/Capture-d862fd09a5efbaa0c98bdc5dd29fe8b8.jpg\",\"contentUrl\":\"https:\/\/appsaf.apieproject.com\/news\/wp-content\/uploads\/sites\/29\/2023\/02\/Capture-d862fd09a5efbaa0c98bdc5dd29fe8b8.jpg\",\"width\":778,\"height\":387},{\"@type\":\"BreadcrumbList\",\"@id\":\"https:\/\/appsaf.apieproject.com\/news\/fr\/2023\/02\/25\/flam-marrakech-marque-un-tournant-pour-la-litterature-africaine\/#breadcrumb\",\"itemListElement\":[{\"@type\":\"ListItem\",\"position\":1,\"name\":\"Home\",\"item\":\"https:\/\/appsaf.apieproject.com\/news\/fr\/home\/\"},{\"@type\":\"ListItem\",\"position\":2,\"name\":\"FLAM : Marrakech Marque Un Tournant Pour La Litt\u00e9rature Africaine\"}]},{\"@type\":\"WebSite\",\"@id\":\"https:\/\/appsaf.apieproject.com\/news\/#website\",\"url\":\"https:\/\/appsaf.apieproject.com\/news\/\",\"name\":\"APIE NEWS\",\"description\":\"PANAFRICANISM NEWS PORTAL\",\"publisher\":{\"@id\":\"https:\/\/appsaf.apieproject.com\/news\/#organization\"},\"potentialAction\":[{\"@type\":\"SearchAction\",\"target\":{\"@type\":\"EntryPoint\",\"urlTemplate\":\"https:\/\/appsaf.apieproject.com\/news\/?s={search_term_string}\"},\"query-input\":{\"@type\":\"PropertyValueSpecification\",\"valueRequired\":true,\"valueName\":\"search_term_string\"}}],\"inLanguage\":\"fr-FR\"},{\"@type\":\"Organization\",\"@id\":\"https:\/\/appsaf.apieproject.com\/news\/#organization\",\"name\":\"APIE PROJECT\",\"url\":\"https:\/\/appsaf.apieproject.com\/news\/\",\"logo\":{\"@type\":\"ImageObject\",\"inLanguage\":\"fr-FR\",\"@id\":\"https:\/\/appsaf.apieproject.com\/news\/#\/schema\/logo\/image\/\",\"url\":\"https:\/\/appsaf.apieproject.com\/news\/wp-content\/uploads\/sites\/29\/2022\/07\/logo-R-TransparentBackground.png\",\"contentUrl\":\"https:\/\/appsaf.apieproject.com\/news\/wp-content\/uploads\/sites\/29\/2022\/07\/logo-R-TransparentBackground.png\",\"width\":512,\"height\":512,\"caption\":\"APIE PROJECT\"},\"image\":{\"@id\":\"https:\/\/appsaf.apieproject.com\/news\/#\/schema\/logo\/image\/\"},\"sameAs\":[\"https:\/\/facebook.com\/apieproject\",\"https:\/\/x.com\/apieproject\"]},{\"@type\":\"Person\",\"@id\":\"https:\/\/appsaf.apieproject.com\/news\/#\/schema\/person\/399517cac378948cd7b39086f9ddc2a7\",\"name\":\"staff\",\"image\":{\"@type\":\"ImageObject\",\"inLanguage\":\"fr-FR\",\"@id\":\"https:\/\/appsaf.apieproject.com\/news\/#\/schema\/person\/image\/\",\"url\":\"https:\/\/secure.gravatar.com\/avatar\/5386283c5db150efe261184bd59f072a?s=96&d=mm&r=g\",\"contentUrl\":\"https:\/\/secure.gravatar.com\/avatar\/5386283c5db150efe261184bd59f072a?s=96&d=mm&r=g\",\"caption\":\"staff\"},\"url\":\"https:\/\/appsaf.apieproject.com\/news\/fr\/author\/staff\/\"}]}<\/script>\n<!-- \/ Yoast SEO plugin. -->","yoast_head_json":{"title":"FLAM : Marrakech Marque Un Tournant Pour La Litt\u00e9rature Africaine - APIE NEWS","robots":{"index":"index","follow":"follow","max-snippet":"max-snippet:-1","max-image-preview":"max-image-preview:large","max-video-preview":"max-video-preview:-1"},"canonical":"https:\/\/appsaf.apieproject.com\/news\/fr\/2023\/02\/25\/flam-marrakech-marque-un-tournant-pour-la-litterature-africaine\/","og_locale":"fr_FR","og_type":"article","og_title":"FLAM : Marrakech Marque Un Tournant Pour La Litt\u00e9rature Africaine - APIE NEWS","og_description":"\u00abMerci \u00e0 la culture, merci au FLAM et \u00e0 ses organisateurs\u00bb, s\u2019exclament, \u00e0 l\u2019unisson, les participants de la premi\u00e8re \u00e9dition du Festival du livre de Marrakech. \u00abUn immense succ\u00e8s\u00bb, souligne Younes Ajarrai, directeur du FLAM.","og_url":"https:\/\/appsaf.apieproject.com\/news\/fr\/2023\/02\/25\/flam-marrakech-marque-un-tournant-pour-la-litterature-africaine\/","og_site_name":"APIE NEWS","article_publisher":"https:\/\/facebook.com\/apieproject","article_published_time":"2023-02-25T12:19:15+00:00","article_modified_time":"2023-02-25T12:19:17+00:00","og_image":[{"width":778,"height":387,"url":"https:\/\/appsaf.apieproject.com\/news\/wp-content\/uploads\/sites\/29\/2023\/02\/Capture-d862fd09a5efbaa0c98bdc5dd29fe8b8.jpg","type":"image\/jpeg"}],"author":"staff","twitter_card":"summary_large_image","twitter_creator":"@apieproject","twitter_site":"@apieproject","twitter_misc":{"\u00c9crit par":"staff","Dur\u00e9e de lecture estim\u00e9e":"2 minutes"},"schema":{"@context":"https:\/\/schema.org","@graph":[{"@type":"Article","@id":"https:\/\/appsaf.apieproject.com\/news\/fr\/2023\/02\/25\/flam-marrakech-marque-un-tournant-pour-la-litterature-africaine\/#article","isPartOf":{"@id":"https:\/\/appsaf.apieproject.com\/news\/fr\/2023\/02\/25\/flam-marrakech-marque-un-tournant-pour-la-litterature-africaine\/"},"author":{"name":"staff","@id":"https:\/\/appsaf.apieproject.com\/news\/#\/schema\/person\/399517cac378948cd7b39086f9ddc2a7"},"headline":"FLAM : Marrakech Marque Un Tournant Pour La Litt\u00e9rature Africaine","datePublished":"2023-02-25T12:19:15+00:00","dateModified":"2023-02-25T12:19:17+00:00","mainEntityOfPage":{"@id":"https:\/\/appsaf.apieproject.com\/news\/fr\/2023\/02\/25\/flam-marrakech-marque-un-tournant-pour-la-litterature-africaine\/"},"wordCount":428,"commentCount":0,"publisher":{"@id":"https:\/\/appsaf.apieproject.com\/news\/#organization"},"image":{"@id":"https:\/\/appsaf.apieproject.com\/news\/fr\/2023\/02\/25\/flam-marrakech-marque-un-tournant-pour-la-litterature-africaine\/#primaryimage"},"thumbnailUrl":"https:\/\/appsaf.apieproject.com\/news\/wp-content\/uploads\/sites\/29\/2023\/02\/Capture-d862fd09a5efbaa0c98bdc5dd29fe8b8.jpg","keywords":["apie project","culture","divertissement"],"articleSection":["Culture","Divertissement"],"inLanguage":"fr-FR","potentialAction":[{"@type":"CommentAction","name":"Comment","target":["https:\/\/appsaf.apieproject.com\/news\/fr\/2023\/02\/25\/flam-marrakech-marque-un-tournant-pour-la-litterature-africaine\/#respond"]}]},{"@type":"WebPage","@id":"https:\/\/appsaf.apieproject.com\/news\/fr\/2023\/02\/25\/flam-marrakech-marque-un-tournant-pour-la-litterature-africaine\/","url":"https:\/\/appsaf.apieproject.com\/news\/fr\/2023\/02\/25\/flam-marrakech-marque-un-tournant-pour-la-litterature-africaine\/","name":"FLAM : Marrakech Marque Un Tournant Pour La Litt\u00e9rature Africaine - APIE NEWS","isPartOf":{"@id":"https:\/\/appsaf.apieproject.com\/news\/#website"},"primaryImageOfPage":{"@id":"https:\/\/appsaf.apieproject.com\/news\/fr\/2023\/02\/25\/flam-marrakech-marque-un-tournant-pour-la-litterature-africaine\/#primaryimage"},"image":{"@id":"https:\/\/appsaf.apieproject.com\/news\/fr\/2023\/02\/25\/flam-marrakech-marque-un-tournant-pour-la-litterature-africaine\/#primaryimage"},"thumbnailUrl":"https:\/\/appsaf.apieproject.com\/news\/wp-content\/uploads\/sites\/29\/2023\/02\/Capture-d862fd09a5efbaa0c98bdc5dd29fe8b8.jpg","datePublished":"2023-02-25T12:19:15+00:00","dateModified":"2023-02-25T12:19:17+00:00","breadcrumb":{"@id":"https:\/\/appsaf.apieproject.com\/news\/fr\/2023\/02\/25\/flam-marrakech-marque-un-tournant-pour-la-litterature-africaine\/#breadcrumb"},"inLanguage":"fr-FR","potentialAction":[{"@type":"ReadAction","target":["https:\/\/appsaf.apieproject.com\/news\/fr\/2023\/02\/25\/flam-marrakech-marque-un-tournant-pour-la-litterature-africaine\/"]}]},{"@type":"ImageObject","inLanguage":"fr-FR","@id":"https:\/\/appsaf.apieproject.com\/news\/fr\/2023\/02\/25\/flam-marrakech-marque-un-tournant-pour-la-litterature-africaine\/#primaryimage","url":"https:\/\/appsaf.apieproject.com\/news\/wp-content\/uploads\/sites\/29\/2023\/02\/Capture-d862fd09a5efbaa0c98bdc5dd29fe8b8.jpg","contentUrl":"https:\/\/appsaf.apieproject.com\/news\/wp-content\/uploads\/sites\/29\/2023\/02\/Capture-d862fd09a5efbaa0c98bdc5dd29fe8b8.jpg","width":778,"height":387},{"@type":"BreadcrumbList","@id":"https:\/\/appsaf.apieproject.com\/news\/fr\/2023\/02\/25\/flam-marrakech-marque-un-tournant-pour-la-litterature-africaine\/#breadcrumb","itemListElement":[{"@type":"ListItem","position":1,"name":"Home","item":"https:\/\/appsaf.apieproject.com\/news\/fr\/home\/"},{"@type":"ListItem","position":2,"name":"FLAM : Marrakech Marque Un Tournant Pour La Litt\u00e9rature Africaine"}]},{"@type":"WebSite","@id":"https:\/\/appsaf.apieproject.com\/news\/#website","url":"https:\/\/appsaf.apieproject.com\/news\/","name":"APIE NEWS","description":"PANAFRICANISM NEWS PORTAL","publisher":{"@id":"https:\/\/appsaf.apieproject.com\/news\/#organization"},"potentialAction":[{"@type":"SearchAction","target":{"@type":"EntryPoint","urlTemplate":"https:\/\/appsaf.apieproject.com\/news\/?s={search_term_string}"},"query-input":{"@type":"PropertyValueSpecification","valueRequired":true,"valueName":"search_term_string"}}],"inLanguage":"fr-FR"},{"@type":"Organization","@id":"https:\/\/appsaf.apieproject.com\/news\/#organization","name":"APIE PROJECT","url":"https:\/\/appsaf.apieproject.com\/news\/","logo":{"@type":"ImageObject","inLanguage":"fr-FR","@id":"https:\/\/appsaf.apieproject.com\/news\/#\/schema\/logo\/image\/","url":"https:\/\/appsaf.apieproject.com\/news\/wp-content\/uploads\/sites\/29\/2022\/07\/logo-R-TransparentBackground.png","contentUrl":"https:\/\/appsaf.apieproject.com\/news\/wp-content\/uploads\/sites\/29\/2022\/07\/logo-R-TransparentBackground.png","width":512,"height":512,"caption":"APIE PROJECT"},"image":{"@id":"https:\/\/appsaf.apieproject.com\/news\/#\/schema\/logo\/image\/"},"sameAs":["https:\/\/facebook.com\/apieproject","https:\/\/x.com\/apieproject"]},{"@type":"Person","@id":"https:\/\/appsaf.apieproject.com\/news\/#\/schema\/person\/399517cac378948cd7b39086f9ddc2a7","name":"staff","image":{"@type":"ImageObject","inLanguage":"fr-FR","@id":"https:\/\/appsaf.apieproject.com\/news\/#\/schema\/person\/image\/","url":"https:\/\/secure.gravatar.com\/avatar\/5386283c5db150efe261184bd59f072a?s=96&d=mm&r=g","contentUrl":"https:\/\/secure.gravatar.com\/avatar\/5386283c5db150efe261184bd59f072a?s=96&d=mm&r=g","caption":"staff"},"url":"https:\/\/appsaf.apieproject.com\/news\/fr\/author\/staff\/"}]}},"_links":{"self":[{"href":"https:\/\/appsaf.apieproject.com\/news\/fr\/wp-json\/wp\/v2\/posts\/26087","targetHints":{"allow":["GET"]}}],"collection":[{"href":"https:\/\/appsaf.apieproject.com\/news\/fr\/wp-json\/wp\/v2\/posts"}],"about":[{"href":"https:\/\/appsaf.apieproject.com\/news\/fr\/wp-json\/wp\/v2\/types\/post"}],"author":[{"embeddable":true,"href":"https:\/\/appsaf.apieproject.com\/news\/fr\/wp-json\/wp\/v2\/users\/12963"}],"replies":[{"embeddable":true,"href":"https:\/\/appsaf.apieproject.com\/news\/fr\/wp-json\/wp\/v2\/comments?post=26087"}],"version-history":[{"count":1,"href":"https:\/\/appsaf.apieproject.com\/news\/fr\/wp-json\/wp\/v2\/posts\/26087\/revisions"}],"predecessor-version":[{"id":26705,"href":"https:\/\/appsaf.apieproject.com\/news\/fr\/wp-json\/wp\/v2\/posts\/26087\/revisions\/26705"}],"wp:featuredmedia":[{"embeddable":true,"href":"https:\/\/appsaf.apieproject.com\/news\/fr\/wp-json\/wp\/v2\/media\/26084"}],"wp:attachment":[{"href":"https:\/\/appsaf.apieproject.com\/news\/fr\/wp-json\/wp\/v2\/media?parent=26087"}],"wp:term":[{"taxonomy":"category","embeddable":true,"href":"https:\/\/appsaf.apieproject.com\/news\/fr\/wp-json\/wp\/v2\/categories?post=26087"},{"taxonomy":"post_tag","embeddable":true,"href":"https:\/\/appsaf.apieproject.com\/news\/fr\/wp-json\/wp\/v2\/tags?post=26087"}],"curies":[{"name":"wp","href":"https:\/\/api.w.org\/{rel}","templated":true}]}}