{"id":26115,"date":"2023-02-25T12:34:54","date_gmt":"2023-02-25T12:34:54","guid":{"rendered":"https:\/\/appsaf.apieproject.com\/news\/?p=26115"},"modified":"2023-02-25T12:34:54","modified_gmt":"2023-02-25T12:34:54","slug":"la-haute-couture-marocaine-a-lhonneur-pour-la-premiere-fois-a-la-fashion-week-de-madrid","status":"publish","type":"post","link":"https:\/\/appsaf.apieproject.com\/news\/fr\/2023\/02\/25\/la-haute-couture-marocaine-a-lhonneur-pour-la-premiere-fois-a-la-fashion-week-de-madrid\/","title":{"rendered":"La Haute Couture Marocaine \u00c0 L\u2019Honneur Pour La Premi\u00e8re Fois \u00c0 La Fashion Week De Madrid"},"content":{"rendered":"<p>Un double d\u00e9fil\u00e9 des deux cr\u00e9ateurs qui cl\u00f4ture l&rsquo;un des \u00e9v\u00e9nements de mode les plus prestigieux. C&rsquo;est \u00e9galement la premi\u00e8re fois que deux cr\u00e9ateurs de mode marocains d\u00e9filent sur le podium officiel de cet \u00e9v\u00e9nement, rapporte la presse espagnole.<\/p>\n<p>Les deux cr\u00e9ateurs de mode, \u00e0 la t\u00eate de deux maisons de couture seront ainsi \u00abcharg\u00e9s de mettre la touche finale aux journ\u00e9es de d\u00e9fil\u00e9s r\u00e9serv\u00e9es aux figures de proue et aux plus repr\u00e9sentatives de la sc\u00e8ne de la mode espagnole actuelle\u00bb, souligne le site de mode FashionUnited.es.<\/p>\n<p>Outre les d\u00e9fil\u00e9s de mode, le programme de la Fashion Week Madrid pr\u00e9voit plusieurs activit\u00e9s ax\u00e9es sur la destination Maroc, ajoutent les organisateurs. Lors de la 77e \u00e9dition du MBFW Madrid, le Maroc \u00abapportera \u00e0 l\u2019espace Cibelespacio un univers plein d&rsquo;inspiration, de cr\u00e9ation, de mouvement et de lumi\u00e8re et une occasion de faire connaissance avec ce pays \u00e9blouissant et de participer \u00e0 ses activit\u00e9s, tombolas et bien plus encore\u00bb, promet-on.<\/p>\n","protected":false},"excerpt":{"rendered":"<p>Le styliste marocain Albert Oiknine et la Maison ARTC pr\u00e9senteront leurs collections \u00e0 la Fashion Week de Madrid (MBFW Madrid), ce samedi 18 f\u00e9vrier.<\/p>\n","protected":false},"author":12963,"featured_media":26112,"comment_status":"open","ping_status":"open","sticky":false,"template":"","format":"standard","meta":{"footnotes":""},"categories":[57,63],"tags":[78,95,94],"class_list":{"0":"post-26115","1":"post","2":"type-post","3":"status-publish","4":"format-standard","5":"has-post-thumbnail","7":"category-mode","8":"category-mode-de-vie","9":"tag-apie-project-2","10":"tag-mode","11":"tag-mode-de-vie"},"yoast_head":"<!-- This site is optimized with the Yoast SEO plugin v24.4 - https:\/\/yoast.com\/wordpress\/plugins\/seo\/ -->\n<title>La Haute Couture Marocaine \u00c0 L\u2019Honneur Pour La Premi\u00e8re Fois \u00c0 La Fashion Week De Madrid - APIE NEWS<\/title>\n<meta name=\"robots\" content=\"index, follow, max-snippet:-1, max-image-preview:large, max-video-preview:-1\" \/>\n<link rel=\"canonical\" href=\"https:\/\/appsaf.apieproject.com\/news\/fr\/2023\/02\/25\/la-haute-couture-marocaine-a-lhonneur-pour-la-premiere-fois-a-la-fashion-week-de-madrid\/\" \/>\n<meta property=\"og:locale\" content=\"fr_FR\" \/>\n<meta property=\"og:type\" content=\"article\" \/>\n<meta property=\"og:title\" content=\"La Haute Couture Marocaine \u00c0 L\u2019Honneur Pour La Premi\u00e8re Fois \u00c0 La Fashion Week De Madrid - APIE NEWS\" \/>\n<meta property=\"og:description\" content=\"Le styliste marocain Albert Oiknine et la Maison ARTC pr\u00e9senteront leurs collections \u00e0 la Fashion Week de Madrid (MBFW Madrid), ce samedi 18 f\u00e9vrier.\" \/>\n<meta property=\"og:url\" content=\"https:\/\/appsaf.apieproject.com\/news\/fr\/2023\/02\/25\/la-haute-couture-marocaine-a-lhonneur-pour-la-premiere-fois-a-la-fashion-week-de-madrid\/\" \/>\n<meta property=\"og:site_name\" content=\"APIE NEWS\" \/>\n<meta property=\"article:publisher\" content=\"https:\/\/facebook.com\/apieproject\" \/>\n<meta property=\"article:published_time\" content=\"2023-02-25T12:34:54+00:00\" \/>\n<meta property=\"og:image\" content=\"https:\/\/appsaf.apieproject.com\/news\/wp-content\/uploads\/sites\/29\/2023\/02\/137173_f499b14454063f673587f2eba7ed03f520230217162158_thumb_565-a1236426bd1f365a3b4fb3a65ae4b4eb.jpg\" \/>\n\t<meta property=\"og:image:width\" content=\"565\" \/>\n\t<meta property=\"og:image:height\" content=\"565\" \/>\n\t<meta property=\"og:image:type\" content=\"image\/jpeg\" \/>\n<meta name=\"author\" content=\"staff\" \/>\n<meta name=\"twitter:card\" content=\"summary_large_image\" \/>\n<meta name=\"twitter:creator\" content=\"@apieproject\" \/>\n<meta name=\"twitter:site\" content=\"@apieproject\" \/>\n<meta name=\"twitter:label1\" content=\"\u00c9crit par\" \/>\n\t<meta name=\"twitter:data1\" content=\"staff\" \/>\n\t<meta name=\"twitter:label2\" content=\"Dur\u00e9e de lecture estim\u00e9e\" \/>\n\t<meta name=\"twitter:data2\" content=\"1 minute\" \/>\n<script type=\"application\/ld+json\" class=\"yoast-schema-graph\">{\"@context\":\"https:\/\/schema.org\",\"@graph\":[{\"@type\":\"Article\",\"@id\":\"https:\/\/appsaf.apieproject.com\/news\/fr\/2023\/02\/25\/la-haute-couture-marocaine-a-lhonneur-pour-la-premiere-fois-a-la-fashion-week-de-madrid\/#article\",\"isPartOf\":{\"@id\":\"https:\/\/appsaf.apieproject.com\/news\/fr\/2023\/02\/25\/la-haute-couture-marocaine-a-lhonneur-pour-la-premiere-fois-a-la-fashion-week-de-madrid\/\"},\"author\":{\"name\":\"staff\",\"@id\":\"https:\/\/appsaf.apieproject.com\/news\/#\/schema\/person\/399517cac378948cd7b39086f9ddc2a7\"},\"headline\":\"La Haute Couture Marocaine \u00c0 L\u2019Honneur Pour La Premi\u00e8re Fois \u00c0 La Fashion Week De Madrid\",\"datePublished\":\"2023-02-25T12:34:54+00:00\",\"mainEntityOfPage\":{\"@id\":\"https:\/\/appsaf.apieproject.com\/news\/fr\/2023\/02\/25\/la-haute-couture-marocaine-a-lhonneur-pour-la-premiere-fois-a-la-fashion-week-de-madrid\/\"},\"wordCount\":201,\"commentCount\":0,\"publisher\":{\"@id\":\"https:\/\/appsaf.apieproject.com\/news\/#organization\"},\"image\":{\"@id\":\"https:\/\/appsaf.apieproject.com\/news\/fr\/2023\/02\/25\/la-haute-couture-marocaine-a-lhonneur-pour-la-premiere-fois-a-la-fashion-week-de-madrid\/#primaryimage\"},\"thumbnailUrl\":\"https:\/\/appsaf.apieproject.com\/news\/wp-content\/uploads\/sites\/29\/2023\/02\/137173_f499b14454063f673587f2eba7ed03f520230217162158_thumb_565-a1236426bd1f365a3b4fb3a65ae4b4eb.jpg\",\"keywords\":[\"apie project\",\"mode\",\"mode de vie\"],\"articleSection\":[\"Mode\",\"Mode de Vie\"],\"inLanguage\":\"fr-FR\",\"potentialAction\":[{\"@type\":\"CommentAction\",\"name\":\"Comment\",\"target\":[\"https:\/\/appsaf.apieproject.com\/news\/fr\/2023\/02\/25\/la-haute-couture-marocaine-a-lhonneur-pour-la-premiere-fois-a-la-fashion-week-de-madrid\/#respond\"]}]},{\"@type\":\"WebPage\",\"@id\":\"https:\/\/appsaf.apieproject.com\/news\/fr\/2023\/02\/25\/la-haute-couture-marocaine-a-lhonneur-pour-la-premiere-fois-a-la-fashion-week-de-madrid\/\",\"url\":\"https:\/\/appsaf.apieproject.com\/news\/fr\/2023\/02\/25\/la-haute-couture-marocaine-a-lhonneur-pour-la-premiere-fois-a-la-fashion-week-de-madrid\/\",\"name\":\"La Haute Couture Marocaine \u00c0 L\u2019Honneur Pour La Premi\u00e8re Fois \u00c0 La Fashion Week De Madrid - APIE NEWS\",\"isPartOf\":{\"@id\":\"https:\/\/appsaf.apieproject.com\/news\/#website\"},\"primaryImageOfPage\":{\"@id\":\"https:\/\/appsaf.apieproject.com\/news\/fr\/2023\/02\/25\/la-haute-couture-marocaine-a-lhonneur-pour-la-premiere-fois-a-la-fashion-week-de-madrid\/#primaryimage\"},\"image\":{\"@id\":\"https:\/\/appsaf.apieproject.com\/news\/fr\/2023\/02\/25\/la-haute-couture-marocaine-a-lhonneur-pour-la-premiere-fois-a-la-fashion-week-de-madrid\/#primaryimage\"},\"thumbnailUrl\":\"https:\/\/appsaf.apieproject.com\/news\/wp-content\/uploads\/sites\/29\/2023\/02\/137173_f499b14454063f673587f2eba7ed03f520230217162158_thumb_565-a1236426bd1f365a3b4fb3a65ae4b4eb.jpg\",\"datePublished\":\"2023-02-25T12:34:54+00:00\",\"breadcrumb\":{\"@id\":\"https:\/\/appsaf.apieproject.com\/news\/fr\/2023\/02\/25\/la-haute-couture-marocaine-a-lhonneur-pour-la-premiere-fois-a-la-fashion-week-de-madrid\/#breadcrumb\"},\"inLanguage\":\"fr-FR\",\"potentialAction\":[{\"@type\":\"ReadAction\",\"target\":[\"https:\/\/appsaf.apieproject.com\/news\/fr\/2023\/02\/25\/la-haute-couture-marocaine-a-lhonneur-pour-la-premiere-fois-a-la-fashion-week-de-madrid\/\"]}]},{\"@type\":\"ImageObject\",\"inLanguage\":\"fr-FR\",\"@id\":\"https:\/\/appsaf.apieproject.com\/news\/fr\/2023\/02\/25\/la-haute-couture-marocaine-a-lhonneur-pour-la-premiere-fois-a-la-fashion-week-de-madrid\/#primaryimage\",\"url\":\"https:\/\/appsaf.apieproject.com\/news\/wp-content\/uploads\/sites\/29\/2023\/02\/137173_f499b14454063f673587f2eba7ed03f520230217162158_thumb_565-a1236426bd1f365a3b4fb3a65ae4b4eb.jpg\",\"contentUrl\":\"https:\/\/appsaf.apieproject.com\/news\/wp-content\/uploads\/sites\/29\/2023\/02\/137173_f499b14454063f673587f2eba7ed03f520230217162158_thumb_565-a1236426bd1f365a3b4fb3a65ae4b4eb.jpg\",\"width\":565,\"height\":565},{\"@type\":\"BreadcrumbList\",\"@id\":\"https:\/\/appsaf.apieproject.com\/news\/fr\/2023\/02\/25\/la-haute-couture-marocaine-a-lhonneur-pour-la-premiere-fois-a-la-fashion-week-de-madrid\/#breadcrumb\",\"itemListElement\":[{\"@type\":\"ListItem\",\"position\":1,\"name\":\"Home\",\"item\":\"https:\/\/appsaf.apieproject.com\/news\/fr\/home\/\"},{\"@type\":\"ListItem\",\"position\":2,\"name\":\"La Haute Couture Marocaine \u00c0 L\u2019Honneur Pour La Premi\u00e8re Fois \u00c0 La Fashion Week De Madrid\"}]},{\"@type\":\"WebSite\",\"@id\":\"https:\/\/appsaf.apieproject.com\/news\/#website\",\"url\":\"https:\/\/appsaf.apieproject.com\/news\/\",\"name\":\"APIE NEWS\",\"description\":\"PANAFRICANISM NEWS PORTAL\",\"publisher\":{\"@id\":\"https:\/\/appsaf.apieproject.com\/news\/#organization\"},\"potentialAction\":[{\"@type\":\"SearchAction\",\"target\":{\"@type\":\"EntryPoint\",\"urlTemplate\":\"https:\/\/appsaf.apieproject.com\/news\/?s={search_term_string}\"},\"query-input\":{\"@type\":\"PropertyValueSpecification\",\"valueRequired\":true,\"valueName\":\"search_term_string\"}}],\"inLanguage\":\"fr-FR\"},{\"@type\":\"Organization\",\"@id\":\"https:\/\/appsaf.apieproject.com\/news\/#organization\",\"name\":\"APIE PROJECT\",\"url\":\"https:\/\/appsaf.apieproject.com\/news\/\",\"logo\":{\"@type\":\"ImageObject\",\"inLanguage\":\"fr-FR\",\"@id\":\"https:\/\/appsaf.apieproject.com\/news\/#\/schema\/logo\/image\/\",\"url\":\"https:\/\/appsaf.apieproject.com\/news\/wp-content\/uploads\/sites\/29\/2022\/07\/logo-R-TransparentBackground.png\",\"contentUrl\":\"https:\/\/appsaf.apieproject.com\/news\/wp-content\/uploads\/sites\/29\/2022\/07\/logo-R-TransparentBackground.png\",\"width\":512,\"height\":512,\"caption\":\"APIE PROJECT\"},\"image\":{\"@id\":\"https:\/\/appsaf.apieproject.com\/news\/#\/schema\/logo\/image\/\"},\"sameAs\":[\"https:\/\/facebook.com\/apieproject\",\"https:\/\/x.com\/apieproject\"]},{\"@type\":\"Person\",\"@id\":\"https:\/\/appsaf.apieproject.com\/news\/#\/schema\/person\/399517cac378948cd7b39086f9ddc2a7\",\"name\":\"staff\",\"image\":{\"@type\":\"ImageObject\",\"inLanguage\":\"fr-FR\",\"@id\":\"https:\/\/appsaf.apieproject.com\/news\/#\/schema\/person\/image\/\",\"url\":\"https:\/\/secure.gravatar.com\/avatar\/5386283c5db150efe261184bd59f072a?s=96&d=mm&r=g\",\"contentUrl\":\"https:\/\/secure.gravatar.com\/avatar\/5386283c5db150efe261184bd59f072a?s=96&d=mm&r=g\",\"caption\":\"staff\"},\"url\":\"https:\/\/appsaf.apieproject.com\/news\/fr\/author\/staff\/\"}]}<\/script>\n<!-- \/ Yoast SEO plugin. -->","yoast_head_json":{"title":"La Haute Couture Marocaine \u00c0 L\u2019Honneur Pour La Premi\u00e8re Fois \u00c0 La Fashion Week De Madrid - APIE NEWS","robots":{"index":"index","follow":"follow","max-snippet":"max-snippet:-1","max-image-preview":"max-image-preview:large","max-video-preview":"max-video-preview:-1"},"canonical":"https:\/\/appsaf.apieproject.com\/news\/fr\/2023\/02\/25\/la-haute-couture-marocaine-a-lhonneur-pour-la-premiere-fois-a-la-fashion-week-de-madrid\/","og_locale":"fr_FR","og_type":"article","og_title":"La Haute Couture Marocaine \u00c0 L\u2019Honneur Pour La Premi\u00e8re Fois \u00c0 La Fashion Week De Madrid - APIE NEWS","og_description":"Le styliste marocain Albert Oiknine et la Maison ARTC pr\u00e9senteront leurs collections \u00e0 la Fashion Week de Madrid (MBFW Madrid), ce samedi 18 f\u00e9vrier.","og_url":"https:\/\/appsaf.apieproject.com\/news\/fr\/2023\/02\/25\/la-haute-couture-marocaine-a-lhonneur-pour-la-premiere-fois-a-la-fashion-week-de-madrid\/","og_site_name":"APIE NEWS","article_publisher":"https:\/\/facebook.com\/apieproject","article_published_time":"2023-02-25T12:34:54+00:00","og_image":[{"width":565,"height":565,"url":"https:\/\/appsaf.apieproject.com\/news\/wp-content\/uploads\/sites\/29\/2023\/02\/137173_f499b14454063f673587f2eba7ed03f520230217162158_thumb_565-a1236426bd1f365a3b4fb3a65ae4b4eb.jpg","type":"image\/jpeg"}],"author":"staff","twitter_card":"summary_large_image","twitter_creator":"@apieproject","twitter_site":"@apieproject","twitter_misc":{"\u00c9crit par":"staff","Dur\u00e9e de lecture estim\u00e9e":"1 minute"},"schema":{"@context":"https:\/\/schema.org","@graph":[{"@type":"Article","@id":"https:\/\/appsaf.apieproject.com\/news\/fr\/2023\/02\/25\/la-haute-couture-marocaine-a-lhonneur-pour-la-premiere-fois-a-la-fashion-week-de-madrid\/#article","isPartOf":{"@id":"https:\/\/appsaf.apieproject.com\/news\/fr\/2023\/02\/25\/la-haute-couture-marocaine-a-lhonneur-pour-la-premiere-fois-a-la-fashion-week-de-madrid\/"},"author":{"name":"staff","@id":"https:\/\/appsaf.apieproject.com\/news\/#\/schema\/person\/399517cac378948cd7b39086f9ddc2a7"},"headline":"La Haute Couture Marocaine \u00c0 L\u2019Honneur Pour La Premi\u00e8re Fois \u00c0 La Fashion Week De Madrid","datePublished":"2023-02-25T12:34:54+00:00","mainEntityOfPage":{"@id":"https:\/\/appsaf.apieproject.com\/news\/fr\/2023\/02\/25\/la-haute-couture-marocaine-a-lhonneur-pour-la-premiere-fois-a-la-fashion-week-de-madrid\/"},"wordCount":201,"commentCount":0,"publisher":{"@id":"https:\/\/appsaf.apieproject.com\/news\/#organization"},"image":{"@id":"https:\/\/appsaf.apieproject.com\/news\/fr\/2023\/02\/25\/la-haute-couture-marocaine-a-lhonneur-pour-la-premiere-fois-a-la-fashion-week-de-madrid\/#primaryimage"},"thumbnailUrl":"https:\/\/appsaf.apieproject.com\/news\/wp-content\/uploads\/sites\/29\/2023\/02\/137173_f499b14454063f673587f2eba7ed03f520230217162158_thumb_565-a1236426bd1f365a3b4fb3a65ae4b4eb.jpg","keywords":["apie project","mode","mode de vie"],"articleSection":["Mode","Mode de Vie"],"inLanguage":"fr-FR","potentialAction":[{"@type":"CommentAction","name":"Comment","target":["https:\/\/appsaf.apieproject.com\/news\/fr\/2023\/02\/25\/la-haute-couture-marocaine-a-lhonneur-pour-la-premiere-fois-a-la-fashion-week-de-madrid\/#respond"]}]},{"@type":"WebPage","@id":"https:\/\/appsaf.apieproject.com\/news\/fr\/2023\/02\/25\/la-haute-couture-marocaine-a-lhonneur-pour-la-premiere-fois-a-la-fashion-week-de-madrid\/","url":"https:\/\/appsaf.apieproject.com\/news\/fr\/2023\/02\/25\/la-haute-couture-marocaine-a-lhonneur-pour-la-premiere-fois-a-la-fashion-week-de-madrid\/","name":"La Haute Couture Marocaine \u00c0 L\u2019Honneur Pour La Premi\u00e8re Fois \u00c0 La Fashion Week De Madrid - APIE NEWS","isPartOf":{"@id":"https:\/\/appsaf.apieproject.com\/news\/#website"},"primaryImageOfPage":{"@id":"https:\/\/appsaf.apieproject.com\/news\/fr\/2023\/02\/25\/la-haute-couture-marocaine-a-lhonneur-pour-la-premiere-fois-a-la-fashion-week-de-madrid\/#primaryimage"},"image":{"@id":"https:\/\/appsaf.apieproject.com\/news\/fr\/2023\/02\/25\/la-haute-couture-marocaine-a-lhonneur-pour-la-premiere-fois-a-la-fashion-week-de-madrid\/#primaryimage"},"thumbnailUrl":"https:\/\/appsaf.apieproject.com\/news\/wp-content\/uploads\/sites\/29\/2023\/02\/137173_f499b14454063f673587f2eba7ed03f520230217162158_thumb_565-a1236426bd1f365a3b4fb3a65ae4b4eb.jpg","datePublished":"2023-02-25T12:34:54+00:00","breadcrumb":{"@id":"https:\/\/appsaf.apieproject.com\/news\/fr\/2023\/02\/25\/la-haute-couture-marocaine-a-lhonneur-pour-la-premiere-fois-a-la-fashion-week-de-madrid\/#breadcrumb"},"inLanguage":"fr-FR","potentialAction":[{"@type":"ReadAction","target":["https:\/\/appsaf.apieproject.com\/news\/fr\/2023\/02\/25\/la-haute-couture-marocaine-a-lhonneur-pour-la-premiere-fois-a-la-fashion-week-de-madrid\/"]}]},{"@type":"ImageObject","inLanguage":"fr-FR","@id":"https:\/\/appsaf.apieproject.com\/news\/fr\/2023\/02\/25\/la-haute-couture-marocaine-a-lhonneur-pour-la-premiere-fois-a-la-fashion-week-de-madrid\/#primaryimage","url":"https:\/\/appsaf.apieproject.com\/news\/wp-content\/uploads\/sites\/29\/2023\/02\/137173_f499b14454063f673587f2eba7ed03f520230217162158_thumb_565-a1236426bd1f365a3b4fb3a65ae4b4eb.jpg","contentUrl":"https:\/\/appsaf.apieproject.com\/news\/wp-content\/uploads\/sites\/29\/2023\/02\/137173_f499b14454063f673587f2eba7ed03f520230217162158_thumb_565-a1236426bd1f365a3b4fb3a65ae4b4eb.jpg","width":565,"height":565},{"@type":"BreadcrumbList","@id":"https:\/\/appsaf.apieproject.com\/news\/fr\/2023\/02\/25\/la-haute-couture-marocaine-a-lhonneur-pour-la-premiere-fois-a-la-fashion-week-de-madrid\/#breadcrumb","itemListElement":[{"@type":"ListItem","position":1,"name":"Home","item":"https:\/\/appsaf.apieproject.com\/news\/fr\/home\/"},{"@type":"ListItem","position":2,"name":"La Haute Couture Marocaine \u00c0 L\u2019Honneur Pour La Premi\u00e8re Fois \u00c0 La Fashion Week De Madrid"}]},{"@type":"WebSite","@id":"https:\/\/appsaf.apieproject.com\/news\/#website","url":"https:\/\/appsaf.apieproject.com\/news\/","name":"APIE NEWS","description":"PANAFRICANISM NEWS PORTAL","publisher":{"@id":"https:\/\/appsaf.apieproject.com\/news\/#organization"},"potentialAction":[{"@type":"SearchAction","target":{"@type":"EntryPoint","urlTemplate":"https:\/\/appsaf.apieproject.com\/news\/?s={search_term_string}"},"query-input":{"@type":"PropertyValueSpecification","valueRequired":true,"valueName":"search_term_string"}}],"inLanguage":"fr-FR"},{"@type":"Organization","@id":"https:\/\/appsaf.apieproject.com\/news\/#organization","name":"APIE PROJECT","url":"https:\/\/appsaf.apieproject.com\/news\/","logo":{"@type":"ImageObject","inLanguage":"fr-FR","@id":"https:\/\/appsaf.apieproject.com\/news\/#\/schema\/logo\/image\/","url":"https:\/\/appsaf.apieproject.com\/news\/wp-content\/uploads\/sites\/29\/2022\/07\/logo-R-TransparentBackground.png","contentUrl":"https:\/\/appsaf.apieproject.com\/news\/wp-content\/uploads\/sites\/29\/2022\/07\/logo-R-TransparentBackground.png","width":512,"height":512,"caption":"APIE PROJECT"},"image":{"@id":"https:\/\/appsaf.apieproject.com\/news\/#\/schema\/logo\/image\/"},"sameAs":["https:\/\/facebook.com\/apieproject","https:\/\/x.com\/apieproject"]},{"@type":"Person","@id":"https:\/\/appsaf.apieproject.com\/news\/#\/schema\/person\/399517cac378948cd7b39086f9ddc2a7","name":"staff","image":{"@type":"ImageObject","inLanguage":"fr-FR","@id":"https:\/\/appsaf.apieproject.com\/news\/#\/schema\/person\/image\/","url":"https:\/\/secure.gravatar.com\/avatar\/5386283c5db150efe261184bd59f072a?s=96&d=mm&r=g","contentUrl":"https:\/\/secure.gravatar.com\/avatar\/5386283c5db150efe261184bd59f072a?s=96&d=mm&r=g","caption":"staff"},"url":"https:\/\/appsaf.apieproject.com\/news\/fr\/author\/staff\/"}]}},"_links":{"self":[{"href":"https:\/\/appsaf.apieproject.com\/news\/fr\/wp-json\/wp\/v2\/posts\/26115","targetHints":{"allow":["GET"]}}],"collection":[{"href":"https:\/\/appsaf.apieproject.com\/news\/fr\/wp-json\/wp\/v2\/posts"}],"about":[{"href":"https:\/\/appsaf.apieproject.com\/news\/fr\/wp-json\/wp\/v2\/types\/post"}],"author":[{"embeddable":true,"href":"https:\/\/appsaf.apieproject.com\/news\/fr\/wp-json\/wp\/v2\/users\/12963"}],"replies":[{"embeddable":true,"href":"https:\/\/appsaf.apieproject.com\/news\/fr\/wp-json\/wp\/v2\/comments?post=26115"}],"version-history":[{"count":1,"href":"https:\/\/appsaf.apieproject.com\/news\/fr\/wp-json\/wp\/v2\/posts\/26115\/revisions"}],"predecessor-version":[{"id":26715,"href":"https:\/\/appsaf.apieproject.com\/news\/fr\/wp-json\/wp\/v2\/posts\/26115\/revisions\/26715"}],"wp:featuredmedia":[{"embeddable":true,"href":"https:\/\/appsaf.apieproject.com\/news\/fr\/wp-json\/wp\/v2\/media\/26112"}],"wp:attachment":[{"href":"https:\/\/appsaf.apieproject.com\/news\/fr\/wp-json\/wp\/v2\/media?parent=26115"}],"wp:term":[{"taxonomy":"category","embeddable":true,"href":"https:\/\/appsaf.apieproject.com\/news\/fr\/wp-json\/wp\/v2\/categories?post=26115"},{"taxonomy":"post_tag","embeddable":true,"href":"https:\/\/appsaf.apieproject.com\/news\/fr\/wp-json\/wp\/v2\/tags?post=26115"}],"curies":[{"name":"wp","href":"https:\/\/api.w.org\/{rel}","templated":true}]}}