{"id":26307,"date":"2023-02-28T10:44:37","date_gmt":"2023-02-28T10:44:37","guid":{"rendered":"https:\/\/appsaf.apieproject.com\/news\/?p=26307"},"modified":"2023-02-28T10:44:39","modified_gmt":"2023-02-28T10:44:39","slug":"festival-du-livre-africain-de-marrakech-decoloniser-la-culture","status":"publish","type":"post","link":"https:\/\/appsaf.apieproject.com\/news\/fr\/2023\/02\/28\/festival-du-livre-africain-de-marrakech-decoloniser-la-culture\/","title":{"rendered":"Festival Du Livre Africain De Marrakech: \u00ab\u202f\u202fD\u00e9coloniser\u202f\u00bb La Culture"},"content":{"rendered":"<p>\u00abIl y a quarante-sept auteurs originaires du Maroc, du S\u00e9n\u00e9gal, du Cameroun, du Togo, du Soudan, d\u2019\u00c9gypte\u2026 Sans oublier les diasporas africaines et les \u00abafrodescendants\u00bb, c&rsquo;est-\u00e0-dire des gens qui viennent d&rsquo;Ha\u00efti, de Martinique ou de Guadeloupe. Et c&rsquo;est \u00e7a, l&rsquo;Afrique, en fait! On a voulu avoir cette repr\u00e9sentativit\u00e9 globale dans les invitations et dans la programmation\u00bb, nous explique Younes Ajarra\u00ef, organisateur de l\u2019\u00e9v\u00e9nement.<\/p>\n<p>Le Marrakech du livre<\/p>\n<p>Les rencontres litt\u00e9raires se sont d\u00e9roul\u00e9es au c\u0153ur du centre culturel Les \u00c9toiles de Jemaa el-Fna. Ce lieu, situ\u00e9 au sein de la m\u00e9dina de Marrakech, a ouvert il y a quelques mois. Il promeut tout au long de l\u2019ann\u00e9e la diversit\u00e9 et l&rsquo;interculturalit\u00e9. Depuis son inauguration, plusieurs centaines de familles et de jeunes issus de la classe populaire fr\u00e9quentent r\u00e9guli\u00e8rement cet espace de culture et d\u2019\u00e9change.<\/p>\n<p>\u00abL\u2019endroit n\u2019a pas \u00e9t\u00e9 choisi au hasard. Nous avons voulu faire une sorte de festival \u00e9litiste pour tous. Nous voulions amener vers la culture ce public qui, parfois, peut s\u2019en sentir \u00e9loign\u00e9. Et c&rsquo;est pr\u00e9cis\u00e9ment dans un tel lieu, au c\u0153ur des quartiers populaires de la m\u00e9dina, \u00e0 deux encablures de la place Jemaa el-Fna, c\u00e9l\u00e8bre pour ses conteurs, que nous pouvions le faire\u00bb, raconte Youn\u00e8s Ajarra\u00ef \u00e0 Arab\u202fNews en fran\u00e7ais.<\/p>\n<p>La litt\u00e9rature africaine \u00e0 l\u2019honneur<\/p>\n<p>\u00c0 l\u2019occasion de ce festival litt\u00e9raire, les quatre organisateurs \u2013\u202fMahi Binebine, Fatimata Wane-Sagna, Youn\u00e8s Ajarra\u00ef et Hanane Essaydi\u202f\u2013 avaient pour ambition de donner une tribune aux auteurs africains, chez eux, sur leur continent. D\u2019ailleurs, la question de la \u00abd\u00e9colonisation de la culture\u00bb a \u00e9t\u00e9 abord\u00e9e \u00e0 plusieurs reprises lors des diff\u00e9rentes tables rondes.<\/p>\n<p>\u00abAujourd&rsquo;hui, les \u00e9crivains sont conscients de cet enjeu, c&rsquo;est pour cela qu&rsquo;ils sont ravis d&rsquo;avoir une agora de ce genre pour parler sans tutelle, librement, sur leur continent. Il y a une esp\u00e8ce de tutelle qui s&rsquo;est install\u00e9e parce que l&rsquo;Afrique a \u00e9t\u00e9 colonis\u00e9e et on est forc\u00e9ment un peu dans cette esp\u00e8ce de \u201ccolonisation\u201d \u2013\u202fentre guillemets\u202f\u2013 dans sa t\u00eate. J\u2019esp\u00e8re que ces rencontres vont contribuer \u00e0 d\u00e9coloniser la culture et \u00e0 lever un peu cette \u201ctutelle\u201d\u202fqu&rsquo;exercent un certain nombre de pays, anciennement coloniaux, sur les pays africains.\u00bb<\/p>\n<p>Plumes d\u2019Afrique<\/p>\n<p>C\u2019est avec un vif engouement que les \u00e9crivains originaires du continent, tout comme le public, ont r\u00e9pondu pr\u00e9sents \u00e0 l\u2019invitation de ce premier Flam. Cette \u00e9dition rev\u00eatait une importance particuli\u00e8re\u202fpour les invit\u00e9s de prestige que sont J.M.G. Le\u202fCl\u00e9zio, Achille Mbembe, Jennifer Richard, Fawzia Zouari, V\u00e9ronique Tadjo ou encore Fouad Laroui.<\/p>\n<p>\u00abC&rsquo;est assez paradoxal, car les seuls endroits o\u00f9 des Africains rencontrent des Africains, c\u2019est Paris, New\u202fYork, Londres\u2026 Et c&rsquo;est \u00e9trange: finalement, on est voisins, on est sur le m\u00eame continent. L&rsquo;ambition de ce Flam, je la trouve extraordinaire: faire en sorte que les Africains rencontrent les Africains en Afrique. Cela va contribuer \u00e0 enlever ce monopole dont Paris dispose depuis toujours en tant qu\u2019instance de l\u00e9gitimation des \u00e9crivains\u00bb, souligne Fouad Laroui.<\/p>\n<p>Pari r\u00e9ussi pour les initiateurs de l\u2019\u00e9v\u00e9nement! Depuis son lancement, le Festival du livre africain de Marrakech n\u2019a pas d\u00e9sempli. D\u00e9sormais, les organisateurs se tournent vers le chapitre suivant: la 2e\u202f\u00e9dition. L\u2019occasion de donner \u00abun cachet plus r\u00e9flexif\u00bb \u00e0 cette ville et d\u2019en faire une cit\u00e9 \u00abde la culture et des arts\u00bb.<\/p>\n","protected":false},"excerpt":{"rendered":"<p>Entre ses murs ocre, la m\u00e9dina de Marrakech a accueilli le 1er\u202fFestival du livre africain. L\u2019\u00e9v\u00e9nement, \u00e9galement d\u00e9sign\u00e9 par l\u2019acronyme \u00abFlam\u00bb\u202f, durait quatre jours. Il a propos\u00e9 au public des tables rondes, des ateliers pour petits et grands ainsi que des petits d\u00e9jeuners litt\u00e9raires partag\u00e9s entre lyc\u00e9ens de la ville et auteurs africains.<\/p>\n","protected":false},"author":12963,"featured_media":26304,"comment_status":"open","ping_status":"open","sticky":false,"template":"","format":"standard","meta":{"footnotes":""},"categories":[53,55],"tags":[78,87,88],"class_list":{"0":"post-26307","1":"post","2":"type-post","3":"status-publish","4":"format-standard","5":"has-post-thumbnail","7":"category-culture-fr","8":"category-divertissement","9":"tag-apie-project-2","10":"tag-culture-2","11":"tag-divertissement"},"yoast_head":"<!-- This site is optimized with the Yoast SEO plugin v24.4 - https:\/\/yoast.com\/wordpress\/plugins\/seo\/ -->\n<title>Festival Du Livre Africain De Marrakech: \u00ab\u202f\u202fD\u00e9coloniser\u202f\u00bb La Culture - APIE NEWS<\/title>\n<meta name=\"robots\" content=\"index, follow, max-snippet:-1, max-image-preview:large, max-video-preview:-1\" \/>\n<link rel=\"canonical\" href=\"https:\/\/appsaf.apieproject.com\/news\/fr\/2023\/02\/28\/festival-du-livre-africain-de-marrakech-decoloniser-la-culture\/\" \/>\n<meta property=\"og:locale\" content=\"fr_FR\" \/>\n<meta property=\"og:type\" content=\"article\" \/>\n<meta property=\"og:title\" content=\"Festival Du Livre Africain De Marrakech: \u00ab\u202f\u202fD\u00e9coloniser\u202f\u00bb La Culture - APIE NEWS\" \/>\n<meta property=\"og:description\" content=\"Entre ses murs ocre, la m\u00e9dina de Marrakech a accueilli le 1er\u202fFestival du livre africain. L\u2019\u00e9v\u00e9nement, \u00e9galement d\u00e9sign\u00e9 par l\u2019acronyme \u00abFlam\u00bb\u202f, durait quatre jours. Il a propos\u00e9 au public des tables rondes, des ateliers pour petits et grands ainsi que des petits d\u00e9jeuners litt\u00e9raires partag\u00e9s entre lyc\u00e9ens de la ville et auteurs africains.\" \/>\n<meta property=\"og:url\" content=\"https:\/\/appsaf.apieproject.com\/news\/fr\/2023\/02\/28\/festival-du-livre-africain-de-marrakech-decoloniser-la-culture\/\" \/>\n<meta property=\"og:site_name\" content=\"APIE NEWS\" \/>\n<meta property=\"article:publisher\" content=\"https:\/\/facebook.com\/apieproject\" \/>\n<meta property=\"article:published_time\" content=\"2023-02-28T10:44:37+00:00\" \/>\n<meta property=\"article:modified_time\" content=\"2023-02-28T10:44:39+00:00\" \/>\n<meta property=\"og:image\" content=\"https:\/\/appsaf.apieproject.com\/news\/wp-content\/uploads\/sites\/29\/2023\/02\/flam_0-1c14cd5f20f08922cccc91c5a5f125fe.jpeg\" \/>\n\t<meta property=\"og:image:width\" content=\"670\" \/>\n\t<meta property=\"og:image:height\" content=\"395\" \/>\n\t<meta property=\"og:image:type\" content=\"image\/jpeg\" \/>\n<meta name=\"author\" content=\"staff\" \/>\n<meta name=\"twitter:card\" content=\"summary_large_image\" \/>\n<meta name=\"twitter:creator\" content=\"@apieproject\" \/>\n<meta name=\"twitter:site\" content=\"@apieproject\" \/>\n<meta name=\"twitter:label1\" content=\"\u00c9crit par\" \/>\n\t<meta name=\"twitter:data1\" content=\"staff\" \/>\n\t<meta name=\"twitter:label2\" content=\"Dur\u00e9e de lecture estim\u00e9e\" \/>\n\t<meta name=\"twitter:data2\" content=\"3 minutes\" \/>\n<script type=\"application\/ld+json\" class=\"yoast-schema-graph\">{\"@context\":\"https:\/\/schema.org\",\"@graph\":[{\"@type\":\"Article\",\"@id\":\"https:\/\/appsaf.apieproject.com\/news\/fr\/2023\/02\/28\/festival-du-livre-africain-de-marrakech-decoloniser-la-culture\/#article\",\"isPartOf\":{\"@id\":\"https:\/\/appsaf.apieproject.com\/news\/fr\/2023\/02\/28\/festival-du-livre-africain-de-marrakech-decoloniser-la-culture\/\"},\"author\":{\"name\":\"staff\",\"@id\":\"https:\/\/appsaf.apieproject.com\/news\/#\/schema\/person\/399517cac378948cd7b39086f9ddc2a7\"},\"headline\":\"Festival Du Livre Africain De Marrakech: \u00ab\u202f\u202fD\u00e9coloniser\u202f\u00bb La Culture\",\"datePublished\":\"2023-02-28T10:44:37+00:00\",\"dateModified\":\"2023-02-28T10:44:39+00:00\",\"mainEntityOfPage\":{\"@id\":\"https:\/\/appsaf.apieproject.com\/news\/fr\/2023\/02\/28\/festival-du-livre-africain-de-marrakech-decoloniser-la-culture\/\"},\"wordCount\":621,\"commentCount\":0,\"publisher\":{\"@id\":\"https:\/\/appsaf.apieproject.com\/news\/#organization\"},\"image\":{\"@id\":\"https:\/\/appsaf.apieproject.com\/news\/fr\/2023\/02\/28\/festival-du-livre-africain-de-marrakech-decoloniser-la-culture\/#primaryimage\"},\"thumbnailUrl\":\"https:\/\/appsaf.apieproject.com\/news\/wp-content\/uploads\/sites\/29\/2023\/02\/flam_0-1c14cd5f20f08922cccc91c5a5f125fe.jpeg\",\"keywords\":[\"apie project\",\"culture\",\"divertissement\"],\"articleSection\":[\"Culture\",\"Divertissement\"],\"inLanguage\":\"fr-FR\",\"potentialAction\":[{\"@type\":\"CommentAction\",\"name\":\"Comment\",\"target\":[\"https:\/\/appsaf.apieproject.com\/news\/fr\/2023\/02\/28\/festival-du-livre-africain-de-marrakech-decoloniser-la-culture\/#respond\"]}]},{\"@type\":\"WebPage\",\"@id\":\"https:\/\/appsaf.apieproject.com\/news\/fr\/2023\/02\/28\/festival-du-livre-africain-de-marrakech-decoloniser-la-culture\/\",\"url\":\"https:\/\/appsaf.apieproject.com\/news\/fr\/2023\/02\/28\/festival-du-livre-africain-de-marrakech-decoloniser-la-culture\/\",\"name\":\"Festival Du Livre Africain De Marrakech: \u00ab\u202f\u202fD\u00e9coloniser\u202f\u00bb La Culture - APIE NEWS\",\"isPartOf\":{\"@id\":\"https:\/\/appsaf.apieproject.com\/news\/#website\"},\"primaryImageOfPage\":{\"@id\":\"https:\/\/appsaf.apieproject.com\/news\/fr\/2023\/02\/28\/festival-du-livre-africain-de-marrakech-decoloniser-la-culture\/#primaryimage\"},\"image\":{\"@id\":\"https:\/\/appsaf.apieproject.com\/news\/fr\/2023\/02\/28\/festival-du-livre-africain-de-marrakech-decoloniser-la-culture\/#primaryimage\"},\"thumbnailUrl\":\"https:\/\/appsaf.apieproject.com\/news\/wp-content\/uploads\/sites\/29\/2023\/02\/flam_0-1c14cd5f20f08922cccc91c5a5f125fe.jpeg\",\"datePublished\":\"2023-02-28T10:44:37+00:00\",\"dateModified\":\"2023-02-28T10:44:39+00:00\",\"breadcrumb\":{\"@id\":\"https:\/\/appsaf.apieproject.com\/news\/fr\/2023\/02\/28\/festival-du-livre-africain-de-marrakech-decoloniser-la-culture\/#breadcrumb\"},\"inLanguage\":\"fr-FR\",\"potentialAction\":[{\"@type\":\"ReadAction\",\"target\":[\"https:\/\/appsaf.apieproject.com\/news\/fr\/2023\/02\/28\/festival-du-livre-africain-de-marrakech-decoloniser-la-culture\/\"]}]},{\"@type\":\"ImageObject\",\"inLanguage\":\"fr-FR\",\"@id\":\"https:\/\/appsaf.apieproject.com\/news\/fr\/2023\/02\/28\/festival-du-livre-africain-de-marrakech-decoloniser-la-culture\/#primaryimage\",\"url\":\"https:\/\/appsaf.apieproject.com\/news\/wp-content\/uploads\/sites\/29\/2023\/02\/flam_0-1c14cd5f20f08922cccc91c5a5f125fe.jpeg\",\"contentUrl\":\"https:\/\/appsaf.apieproject.com\/news\/wp-content\/uploads\/sites\/29\/2023\/02\/flam_0-1c14cd5f20f08922cccc91c5a5f125fe.jpeg\",\"width\":670,\"height\":395},{\"@type\":\"BreadcrumbList\",\"@id\":\"https:\/\/appsaf.apieproject.com\/news\/fr\/2023\/02\/28\/festival-du-livre-africain-de-marrakech-decoloniser-la-culture\/#breadcrumb\",\"itemListElement\":[{\"@type\":\"ListItem\",\"position\":1,\"name\":\"Home\",\"item\":\"https:\/\/appsaf.apieproject.com\/news\/fr\/home\/\"},{\"@type\":\"ListItem\",\"position\":2,\"name\":\"Festival Du Livre Africain De Marrakech: \u00ab\u202f\u202fD\u00e9coloniser\u202f\u00bb La Culture\"}]},{\"@type\":\"WebSite\",\"@id\":\"https:\/\/appsaf.apieproject.com\/news\/#website\",\"url\":\"https:\/\/appsaf.apieproject.com\/news\/\",\"name\":\"APIE NEWS\",\"description\":\"PANAFRICANISM NEWS PORTAL\",\"publisher\":{\"@id\":\"https:\/\/appsaf.apieproject.com\/news\/#organization\"},\"potentialAction\":[{\"@type\":\"SearchAction\",\"target\":{\"@type\":\"EntryPoint\",\"urlTemplate\":\"https:\/\/appsaf.apieproject.com\/news\/?s={search_term_string}\"},\"query-input\":{\"@type\":\"PropertyValueSpecification\",\"valueRequired\":true,\"valueName\":\"search_term_string\"}}],\"inLanguage\":\"fr-FR\"},{\"@type\":\"Organization\",\"@id\":\"https:\/\/appsaf.apieproject.com\/news\/#organization\",\"name\":\"APIE PROJECT\",\"url\":\"https:\/\/appsaf.apieproject.com\/news\/\",\"logo\":{\"@type\":\"ImageObject\",\"inLanguage\":\"fr-FR\",\"@id\":\"https:\/\/appsaf.apieproject.com\/news\/#\/schema\/logo\/image\/\",\"url\":\"https:\/\/appsaf.apieproject.com\/news\/wp-content\/uploads\/sites\/29\/2022\/07\/logo-R-TransparentBackground.png\",\"contentUrl\":\"https:\/\/appsaf.apieproject.com\/news\/wp-content\/uploads\/sites\/29\/2022\/07\/logo-R-TransparentBackground.png\",\"width\":512,\"height\":512,\"caption\":\"APIE PROJECT\"},\"image\":{\"@id\":\"https:\/\/appsaf.apieproject.com\/news\/#\/schema\/logo\/image\/\"},\"sameAs\":[\"https:\/\/facebook.com\/apieproject\",\"https:\/\/x.com\/apieproject\"]},{\"@type\":\"Person\",\"@id\":\"https:\/\/appsaf.apieproject.com\/news\/#\/schema\/person\/399517cac378948cd7b39086f9ddc2a7\",\"name\":\"staff\",\"image\":{\"@type\":\"ImageObject\",\"inLanguage\":\"fr-FR\",\"@id\":\"https:\/\/appsaf.apieproject.com\/news\/#\/schema\/person\/image\/\",\"url\":\"https:\/\/secure.gravatar.com\/avatar\/5386283c5db150efe261184bd59f072a?s=96&d=mm&r=g\",\"contentUrl\":\"https:\/\/secure.gravatar.com\/avatar\/5386283c5db150efe261184bd59f072a?s=96&d=mm&r=g\",\"caption\":\"staff\"},\"url\":\"https:\/\/appsaf.apieproject.com\/news\/fr\/author\/staff\/\"}]}<\/script>\n<!-- \/ Yoast SEO plugin. -->","yoast_head_json":{"title":"Festival Du Livre Africain De Marrakech: \u00ab\u202f\u202fD\u00e9coloniser\u202f\u00bb La Culture - APIE NEWS","robots":{"index":"index","follow":"follow","max-snippet":"max-snippet:-1","max-image-preview":"max-image-preview:large","max-video-preview":"max-video-preview:-1"},"canonical":"https:\/\/appsaf.apieproject.com\/news\/fr\/2023\/02\/28\/festival-du-livre-africain-de-marrakech-decoloniser-la-culture\/","og_locale":"fr_FR","og_type":"article","og_title":"Festival Du Livre Africain De Marrakech: \u00ab\u202f\u202fD\u00e9coloniser\u202f\u00bb La Culture - APIE NEWS","og_description":"Entre ses murs ocre, la m\u00e9dina de Marrakech a accueilli le 1er\u202fFestival du livre africain. L\u2019\u00e9v\u00e9nement, \u00e9galement d\u00e9sign\u00e9 par l\u2019acronyme \u00abFlam\u00bb\u202f, durait quatre jours. Il a propos\u00e9 au public des tables rondes, des ateliers pour petits et grands ainsi que des petits d\u00e9jeuners litt\u00e9raires partag\u00e9s entre lyc\u00e9ens de la ville et auteurs africains.","og_url":"https:\/\/appsaf.apieproject.com\/news\/fr\/2023\/02\/28\/festival-du-livre-africain-de-marrakech-decoloniser-la-culture\/","og_site_name":"APIE NEWS","article_publisher":"https:\/\/facebook.com\/apieproject","article_published_time":"2023-02-28T10:44:37+00:00","article_modified_time":"2023-02-28T10:44:39+00:00","og_image":[{"width":670,"height":395,"url":"https:\/\/appsaf.apieproject.com\/news\/wp-content\/uploads\/sites\/29\/2023\/02\/flam_0-1c14cd5f20f08922cccc91c5a5f125fe.jpeg","type":"image\/jpeg"}],"author":"staff","twitter_card":"summary_large_image","twitter_creator":"@apieproject","twitter_site":"@apieproject","twitter_misc":{"\u00c9crit par":"staff","Dur\u00e9e de lecture estim\u00e9e":"3 minutes"},"schema":{"@context":"https:\/\/schema.org","@graph":[{"@type":"Article","@id":"https:\/\/appsaf.apieproject.com\/news\/fr\/2023\/02\/28\/festival-du-livre-africain-de-marrakech-decoloniser-la-culture\/#article","isPartOf":{"@id":"https:\/\/appsaf.apieproject.com\/news\/fr\/2023\/02\/28\/festival-du-livre-africain-de-marrakech-decoloniser-la-culture\/"},"author":{"name":"staff","@id":"https:\/\/appsaf.apieproject.com\/news\/#\/schema\/person\/399517cac378948cd7b39086f9ddc2a7"},"headline":"Festival Du Livre Africain De Marrakech: \u00ab\u202f\u202fD\u00e9coloniser\u202f\u00bb La Culture","datePublished":"2023-02-28T10:44:37+00:00","dateModified":"2023-02-28T10:44:39+00:00","mainEntityOfPage":{"@id":"https:\/\/appsaf.apieproject.com\/news\/fr\/2023\/02\/28\/festival-du-livre-africain-de-marrakech-decoloniser-la-culture\/"},"wordCount":621,"commentCount":0,"publisher":{"@id":"https:\/\/appsaf.apieproject.com\/news\/#organization"},"image":{"@id":"https:\/\/appsaf.apieproject.com\/news\/fr\/2023\/02\/28\/festival-du-livre-africain-de-marrakech-decoloniser-la-culture\/#primaryimage"},"thumbnailUrl":"https:\/\/appsaf.apieproject.com\/news\/wp-content\/uploads\/sites\/29\/2023\/02\/flam_0-1c14cd5f20f08922cccc91c5a5f125fe.jpeg","keywords":["apie project","culture","divertissement"],"articleSection":["Culture","Divertissement"],"inLanguage":"fr-FR","potentialAction":[{"@type":"CommentAction","name":"Comment","target":["https:\/\/appsaf.apieproject.com\/news\/fr\/2023\/02\/28\/festival-du-livre-africain-de-marrakech-decoloniser-la-culture\/#respond"]}]},{"@type":"WebPage","@id":"https:\/\/appsaf.apieproject.com\/news\/fr\/2023\/02\/28\/festival-du-livre-africain-de-marrakech-decoloniser-la-culture\/","url":"https:\/\/appsaf.apieproject.com\/news\/fr\/2023\/02\/28\/festival-du-livre-africain-de-marrakech-decoloniser-la-culture\/","name":"Festival Du Livre Africain De Marrakech: \u00ab\u202f\u202fD\u00e9coloniser\u202f\u00bb La Culture - APIE NEWS","isPartOf":{"@id":"https:\/\/appsaf.apieproject.com\/news\/#website"},"primaryImageOfPage":{"@id":"https:\/\/appsaf.apieproject.com\/news\/fr\/2023\/02\/28\/festival-du-livre-africain-de-marrakech-decoloniser-la-culture\/#primaryimage"},"image":{"@id":"https:\/\/appsaf.apieproject.com\/news\/fr\/2023\/02\/28\/festival-du-livre-africain-de-marrakech-decoloniser-la-culture\/#primaryimage"},"thumbnailUrl":"https:\/\/appsaf.apieproject.com\/news\/wp-content\/uploads\/sites\/29\/2023\/02\/flam_0-1c14cd5f20f08922cccc91c5a5f125fe.jpeg","datePublished":"2023-02-28T10:44:37+00:00","dateModified":"2023-02-28T10:44:39+00:00","breadcrumb":{"@id":"https:\/\/appsaf.apieproject.com\/news\/fr\/2023\/02\/28\/festival-du-livre-africain-de-marrakech-decoloniser-la-culture\/#breadcrumb"},"inLanguage":"fr-FR","potentialAction":[{"@type":"ReadAction","target":["https:\/\/appsaf.apieproject.com\/news\/fr\/2023\/02\/28\/festival-du-livre-africain-de-marrakech-decoloniser-la-culture\/"]}]},{"@type":"ImageObject","inLanguage":"fr-FR","@id":"https:\/\/appsaf.apieproject.com\/news\/fr\/2023\/02\/28\/festival-du-livre-africain-de-marrakech-decoloniser-la-culture\/#primaryimage","url":"https:\/\/appsaf.apieproject.com\/news\/wp-content\/uploads\/sites\/29\/2023\/02\/flam_0-1c14cd5f20f08922cccc91c5a5f125fe.jpeg","contentUrl":"https:\/\/appsaf.apieproject.com\/news\/wp-content\/uploads\/sites\/29\/2023\/02\/flam_0-1c14cd5f20f08922cccc91c5a5f125fe.jpeg","width":670,"height":395},{"@type":"BreadcrumbList","@id":"https:\/\/appsaf.apieproject.com\/news\/fr\/2023\/02\/28\/festival-du-livre-africain-de-marrakech-decoloniser-la-culture\/#breadcrumb","itemListElement":[{"@type":"ListItem","position":1,"name":"Home","item":"https:\/\/appsaf.apieproject.com\/news\/fr\/home\/"},{"@type":"ListItem","position":2,"name":"Festival Du Livre Africain De Marrakech: \u00ab\u202f\u202fD\u00e9coloniser\u202f\u00bb La Culture"}]},{"@type":"WebSite","@id":"https:\/\/appsaf.apieproject.com\/news\/#website","url":"https:\/\/appsaf.apieproject.com\/news\/","name":"APIE NEWS","description":"PANAFRICANISM NEWS PORTAL","publisher":{"@id":"https:\/\/appsaf.apieproject.com\/news\/#organization"},"potentialAction":[{"@type":"SearchAction","target":{"@type":"EntryPoint","urlTemplate":"https:\/\/appsaf.apieproject.com\/news\/?s={search_term_string}"},"query-input":{"@type":"PropertyValueSpecification","valueRequired":true,"valueName":"search_term_string"}}],"inLanguage":"fr-FR"},{"@type":"Organization","@id":"https:\/\/appsaf.apieproject.com\/news\/#organization","name":"APIE PROJECT","url":"https:\/\/appsaf.apieproject.com\/news\/","logo":{"@type":"ImageObject","inLanguage":"fr-FR","@id":"https:\/\/appsaf.apieproject.com\/news\/#\/schema\/logo\/image\/","url":"https:\/\/appsaf.apieproject.com\/news\/wp-content\/uploads\/sites\/29\/2022\/07\/logo-R-TransparentBackground.png","contentUrl":"https:\/\/appsaf.apieproject.com\/news\/wp-content\/uploads\/sites\/29\/2022\/07\/logo-R-TransparentBackground.png","width":512,"height":512,"caption":"APIE PROJECT"},"image":{"@id":"https:\/\/appsaf.apieproject.com\/news\/#\/schema\/logo\/image\/"},"sameAs":["https:\/\/facebook.com\/apieproject","https:\/\/x.com\/apieproject"]},{"@type":"Person","@id":"https:\/\/appsaf.apieproject.com\/news\/#\/schema\/person\/399517cac378948cd7b39086f9ddc2a7","name":"staff","image":{"@type":"ImageObject","inLanguage":"fr-FR","@id":"https:\/\/appsaf.apieproject.com\/news\/#\/schema\/person\/image\/","url":"https:\/\/secure.gravatar.com\/avatar\/5386283c5db150efe261184bd59f072a?s=96&d=mm&r=g","contentUrl":"https:\/\/secure.gravatar.com\/avatar\/5386283c5db150efe261184bd59f072a?s=96&d=mm&r=g","caption":"staff"},"url":"https:\/\/appsaf.apieproject.com\/news\/fr\/author\/staff\/"}]}},"_links":{"self":[{"href":"https:\/\/appsaf.apieproject.com\/news\/fr\/wp-json\/wp\/v2\/posts\/26307","targetHints":{"allow":["GET"]}}],"collection":[{"href":"https:\/\/appsaf.apieproject.com\/news\/fr\/wp-json\/wp\/v2\/posts"}],"about":[{"href":"https:\/\/appsaf.apieproject.com\/news\/fr\/wp-json\/wp\/v2\/types\/post"}],"author":[{"embeddable":true,"href":"https:\/\/appsaf.apieproject.com\/news\/fr\/wp-json\/wp\/v2\/users\/12963"}],"replies":[{"embeddable":true,"href":"https:\/\/appsaf.apieproject.com\/news\/fr\/wp-json\/wp\/v2\/comments?post=26307"}],"version-history":[{"count":1,"href":"https:\/\/appsaf.apieproject.com\/news\/fr\/wp-json\/wp\/v2\/posts\/26307\/revisions"}],"predecessor-version":[{"id":26819,"href":"https:\/\/appsaf.apieproject.com\/news\/fr\/wp-json\/wp\/v2\/posts\/26307\/revisions\/26819"}],"wp:featuredmedia":[{"embeddable":true,"href":"https:\/\/appsaf.apieproject.com\/news\/fr\/wp-json\/wp\/v2\/media\/26304"}],"wp:attachment":[{"href":"https:\/\/appsaf.apieproject.com\/news\/fr\/wp-json\/wp\/v2\/media?parent=26307"}],"wp:term":[{"taxonomy":"category","embeddable":true,"href":"https:\/\/appsaf.apieproject.com\/news\/fr\/wp-json\/wp\/v2\/categories?post=26307"},{"taxonomy":"post_tag","embeddable":true,"href":"https:\/\/appsaf.apieproject.com\/news\/fr\/wp-json\/wp\/v2\/tags?post=26307"}],"curies":[{"name":"wp","href":"https:\/\/api.w.org\/{rel}","templated":true}]}}