{"id":26517,"date":"2023-02-28T15:42:16","date_gmt":"2023-02-28T15:42:16","guid":{"rendered":"https:\/\/appsaf.apieproject.com\/news\/?p=26517"},"modified":"2023-02-28T15:42:18","modified_gmt":"2023-02-28T15:42:18","slug":"exposition-a-pont-leveque-decouvrez-la-richesse-de-la-culture-africaine-aux-dominicaines-2","status":"publish","type":"post","link":"https:\/\/appsaf.apieproject.com\/news\/fr\/2023\/02\/28\/exposition-a-pont-leveque-decouvrez-la-richesse-de-la-culture-africaine-aux-dominicaines-2\/","title":{"rendered":"Exposition A Pont-l&rsquo;Ev\u00eaque : D\u00e9couvrez La Richesse De La Culture Africaine Aux Dominicaines"},"content":{"rendered":"<p>Apr\u00e8s Charles Trenet, l\u2019Afrique est \u00e0 l\u2019honneur \u00e0 Pont-l\u2019\u00c9v\u00eaque (Calvados). Lors de sa r\u00e9ouverture samedi 11 f\u00e9vrier 2023, l\u2019Espace culturel Les Dominicaines a d\u00e9voil\u00e9 sa nouvelle exposition Afrique, h\u00e9ritages et traditions, \u00e0 d\u00e9couvrir jusqu\u2019au 13 mai 2023. \u00ab Elle ouvre le bal des expositions de l\u2019ann\u00e9e, avant les prochaines au printemps, cet \u00e9t\u00e9, et \u00e0 l\u2019automne \u00bb, rappelle le maire.<\/p>\n<p>Les fonctions au-del\u00e0 de l\u2019art africain<br \/>\nL\u2019exposition pr\u00e9sente environ 80 pi\u00e8ces issues d\u2019une collection priv\u00e9e : beaucoup de masques et de statuettes, mais aussi des objets du quotidien. \u00ab Des pi\u00e8ces du 20e si\u00e8cle, montrant que la tradition a perdur\u00e9 \u00bb, souligne Pierre Carrel, adjoint \u00e0 la culture.<\/p>\n<p>Ainsi de nombreux masques sont mis en lumi\u00e8re, qu\u2019ils servent \u00e0 la fois de contenant pour l\u2019esprit des anc\u00eatres ou pour des puissances de l\u2019au-del\u00e0, comme marqueur social ou comme canon de beaut\u00e9.<\/p>\n<p>Des statuettes de diverses populations \u00e9voquent elles aussi des esprits de la nature ou encore des anc\u00eatres ou des divinit\u00e9s.<\/p>\n<p>\u00c0 l\u2019\u00e9tage, la suite de l\u2019exposition pr\u00e9sente un large \u00e9ventail d\u2019objets du quotidien. \u00ab Des tissus, des armes, des objets de pouvoir, des si\u00e8ges, instruments de musique, \u00e9l\u00e9ments de cuisine \u00bb, \u00e9num\u00e8re l\u2019\u00e9quipe des Dominicaines, pilot\u00e9e par la nouvelle responsable Julie Vasset.<\/p>\n<p>Autour de l\u2019exposition\u2026<br \/>\nPour aider les enfants \u00e0 appr\u00e9hender l\u2019exposition de mani\u00e8re ludique et participative, l\u2019\u00e9quipe des Dominicaines a par ailleurs concoct\u00e9 un espace d\u00e9di\u00e9 \u00e0 l\u2019\u00e9tage avec des jeux. \u00ab En collaboration avec l\u2019\u00c9tablissement public num\u00e9rique de la ville, nous avons aussi imagin\u00e9 une application pour que les enfants voient le masque port\u00e9 sur eux. Et la cr\u00e9ation d\u2019un puzzle en 3D autour du masque. \u00bbEn parall\u00e8le de l\u2019exposition \u00e0 d\u00e9couvrir en acc\u00e8s libre, une s\u00e9rie de temps forts seront organis\u00e9s pendant les vacances scolaires. Pour ces vacances de f\u00e9vrier, rendez-vous mercredi 145 f\u00e9vrier de 14 h 30 \u00e0 16 h pour un atelier pour enfants \u00e0 partir de 7 ans. \u00c0 la suite d\u2019une visite de l\u2019expo, les enfants vont d\u00e9couvrir ou red\u00e9couvrir le travail de l\u2019argile en reproduisant une statuette africaine pr\u00e9sente dans l\u2019expo.<\/p>\n<p>Mercredi 22 f\u00e9vrier de 10 h 30 \u00e0 12 h, atelier parents-enfants : apr\u00e8s la d\u00e9couverte de l\u2019exposition, les enfants de 4 \u00e0 6 ans accompagn\u00e9s de leurs proches d\u00e9coreront une version miniature d\u2019un b\u00e2ton de pluie et repartiront avec leur cr\u00e9ation liant art pictural et musique africaine. La Micro Folie organisera une micro-conf\u00e9rence sur les arts premiers en mars et avril, coupl\u00e9es \u00e0 des ateliers du FabLab.<\/p>\n<p>Exposition jusqu\u2019au 13 mai. Ouverture du mercredi au samedi de 14 h 30 \u00e0 18 h, vacances scolaires (zone B) du mercredi au dimanche de 14 h 30 \u00e0 18 h. Plein tarif 3,30 \u20ac, r\u00e9duit 1,60 \u20ac. Ateliers : r\u00e9servation obligatoire, 2 \u20ac par enfant. Contact : 02 31 64 89 33 ou <span \n                data-original-string=\"TNX2YJvSIG1XKaLoYAelxw==f1aeetJERoMGLnvtI8h4DVeWm1CwpxIywXnambV6OuaDCc=\"\n                class=\"apbct-email-encoder\"\n                title=\"This contact has been encoded by Anti-Spam by CleanTalk. Click to decode. To finish the decoding make sure that JavaScript is enabled in your browser.\">le<span class=\"apbct-blur\">*************@po*********.<\/span>fr<\/span><\/p>\n","protected":false},"excerpt":{"rendered":"<p>Nouvelle exposition \u00e0 Pont-l&rsquo;Ev\u00eaque : Afrique, h\u00e9ritages et traditions. \u0152uvres d&rsquo;art pour notre regard occidental, les pi\u00e8ces sont avant tout rituelles, sociales ou fonctionnelles.<\/p>\n","protected":false},"author":12963,"featured_media":26514,"comment_status":"open","ping_status":"open","sticky":false,"template":"","format":"standard","meta":{"footnotes":""},"categories":[53,55],"tags":[78,87,88],"class_list":{"0":"post-26517","1":"post","2":"type-post","3":"status-publish","4":"format-standard","5":"has-post-thumbnail","7":"category-culture-fr","8":"category-divertissement","9":"tag-apie-project-2","10":"tag-culture-2","11":"tag-divertissement"},"yoast_head":"<!-- This site is optimized with the Yoast SEO plugin v24.4 - https:\/\/yoast.com\/wordpress\/plugins\/seo\/ -->\n<title>Exposition A Pont-l&#039;Ev\u00eaque : D\u00e9couvrez La Richesse De La Culture Africaine Aux Dominicaines - APIE NEWS<\/title>\n<meta name=\"robots\" content=\"index, follow, max-snippet:-1, max-image-preview:large, max-video-preview:-1\" \/>\n<link rel=\"canonical\" href=\"https:\/\/appsaf.apieproject.com\/news\/fr\/2023\/02\/28\/exposition-a-pont-leveque-decouvrez-la-richesse-de-la-culture-africaine-aux-dominicaines-2\/\" \/>\n<meta property=\"og:locale\" content=\"fr_FR\" \/>\n<meta property=\"og:type\" content=\"article\" \/>\n<meta property=\"og:title\" content=\"Exposition A Pont-l&#039;Ev\u00eaque : D\u00e9couvrez La Richesse De La Culture Africaine Aux Dominicaines - APIE NEWS\" \/>\n<meta property=\"og:description\" content=\"Nouvelle exposition \u00e0 Pont-l&#039;Ev\u00eaque : Afrique, h\u00e9ritages et traditions. \u0152uvres d&#039;art pour notre regard occidental, les pi\u00e8ces sont avant tout rituelles, sociales ou fonctionnelles.\" \/>\n<meta property=\"og:url\" content=\"https:\/\/appsaf.apieproject.com\/news\/fr\/2023\/02\/28\/exposition-a-pont-leveque-decouvrez-la-richesse-de-la-culture-africaine-aux-dominicaines-2\/\" \/>\n<meta property=\"og:site_name\" content=\"APIE NEWS\" \/>\n<meta property=\"article:publisher\" content=\"https:\/\/facebook.com\/apieproject\" \/>\n<meta property=\"article:published_time\" content=\"2023-02-28T15:42:16+00:00\" \/>\n<meta property=\"article:modified_time\" content=\"2023-02-28T15:42:18+00:00\" \/>\n<meta property=\"og:image\" content=\"https:\/\/appsaf.apieproject.com\/news\/wp-content\/uploads\/sites\/29\/2023\/02\/080f65fdf4e36eb0f65fdf4e3bf0f6v-960x640-9f7f075c706942d1bfdb43e1487d3aeb.jpg\" \/>\n\t<meta property=\"og:image:width\" content=\"960\" \/>\n\t<meta property=\"og:image:height\" content=\"640\" \/>\n\t<meta property=\"og:image:type\" content=\"image\/jpeg\" \/>\n<meta name=\"author\" content=\"staff\" \/>\n<meta name=\"twitter:card\" content=\"summary_large_image\" \/>\n<meta name=\"twitter:creator\" content=\"@apieproject\" \/>\n<meta name=\"twitter:site\" content=\"@apieproject\" \/>\n<meta name=\"twitter:label1\" content=\"\u00c9crit par\" \/>\n\t<meta name=\"twitter:data1\" content=\"staff\" \/>\n\t<meta name=\"twitter:label2\" content=\"Dur\u00e9e de lecture estim\u00e9e\" \/>\n\t<meta name=\"twitter:data2\" content=\"2 minutes\" \/>\n<script type=\"application\/ld+json\" class=\"yoast-schema-graph\">{\"@context\":\"https:\/\/schema.org\",\"@graph\":[{\"@type\":\"Article\",\"@id\":\"https:\/\/appsaf.apieproject.com\/news\/fr\/2023\/02\/28\/exposition-a-pont-leveque-decouvrez-la-richesse-de-la-culture-africaine-aux-dominicaines-2\/#article\",\"isPartOf\":{\"@id\":\"https:\/\/appsaf.apieproject.com\/news\/fr\/2023\/02\/28\/exposition-a-pont-leveque-decouvrez-la-richesse-de-la-culture-africaine-aux-dominicaines-2\/\"},\"author\":{\"name\":\"staff\",\"@id\":\"https:\/\/appsaf.apieproject.com\/news\/#\/schema\/person\/399517cac378948cd7b39086f9ddc2a7\"},\"headline\":\"Exposition A Pont-l&rsquo;Ev\u00eaque : D\u00e9couvrez La Richesse De La Culture Africaine Aux Dominicaines\",\"datePublished\":\"2023-02-28T15:42:16+00:00\",\"dateModified\":\"2023-02-28T15:42:18+00:00\",\"mainEntityOfPage\":{\"@id\":\"https:\/\/appsaf.apieproject.com\/news\/fr\/2023\/02\/28\/exposition-a-pont-leveque-decouvrez-la-richesse-de-la-culture-africaine-aux-dominicaines-2\/\"},\"wordCount\":496,\"commentCount\":0,\"publisher\":{\"@id\":\"https:\/\/appsaf.apieproject.com\/news\/#organization\"},\"image\":{\"@id\":\"https:\/\/appsaf.apieproject.com\/news\/fr\/2023\/02\/28\/exposition-a-pont-leveque-decouvrez-la-richesse-de-la-culture-africaine-aux-dominicaines-2\/#primaryimage\"},\"thumbnailUrl\":\"https:\/\/appsaf.apieproject.com\/news\/wp-content\/uploads\/sites\/29\/2023\/02\/080f65fdf4e36eb0f65fdf4e3bf0f6v-960x640-9f7f075c706942d1bfdb43e1487d3aeb.jpg\",\"keywords\":[\"apie project\",\"culture\",\"divertissement\"],\"articleSection\":[\"Culture\",\"Divertissement\"],\"inLanguage\":\"fr-FR\",\"potentialAction\":[{\"@type\":\"CommentAction\",\"name\":\"Comment\",\"target\":[\"https:\/\/appsaf.apieproject.com\/news\/fr\/2023\/02\/28\/exposition-a-pont-leveque-decouvrez-la-richesse-de-la-culture-africaine-aux-dominicaines-2\/#respond\"]}]},{\"@type\":\"WebPage\",\"@id\":\"https:\/\/appsaf.apieproject.com\/news\/fr\/2023\/02\/28\/exposition-a-pont-leveque-decouvrez-la-richesse-de-la-culture-africaine-aux-dominicaines-2\/\",\"url\":\"https:\/\/appsaf.apieproject.com\/news\/fr\/2023\/02\/28\/exposition-a-pont-leveque-decouvrez-la-richesse-de-la-culture-africaine-aux-dominicaines-2\/\",\"name\":\"Exposition A Pont-l'Ev\u00eaque : D\u00e9couvrez La Richesse De La Culture Africaine Aux Dominicaines - APIE NEWS\",\"isPartOf\":{\"@id\":\"https:\/\/appsaf.apieproject.com\/news\/#website\"},\"primaryImageOfPage\":{\"@id\":\"https:\/\/appsaf.apieproject.com\/news\/fr\/2023\/02\/28\/exposition-a-pont-leveque-decouvrez-la-richesse-de-la-culture-africaine-aux-dominicaines-2\/#primaryimage\"},\"image\":{\"@id\":\"https:\/\/appsaf.apieproject.com\/news\/fr\/2023\/02\/28\/exposition-a-pont-leveque-decouvrez-la-richesse-de-la-culture-africaine-aux-dominicaines-2\/#primaryimage\"},\"thumbnailUrl\":\"https:\/\/appsaf.apieproject.com\/news\/wp-content\/uploads\/sites\/29\/2023\/02\/080f65fdf4e36eb0f65fdf4e3bf0f6v-960x640-9f7f075c706942d1bfdb43e1487d3aeb.jpg\",\"datePublished\":\"2023-02-28T15:42:16+00:00\",\"dateModified\":\"2023-02-28T15:42:18+00:00\",\"breadcrumb\":{\"@id\":\"https:\/\/appsaf.apieproject.com\/news\/fr\/2023\/02\/28\/exposition-a-pont-leveque-decouvrez-la-richesse-de-la-culture-africaine-aux-dominicaines-2\/#breadcrumb\"},\"inLanguage\":\"fr-FR\",\"potentialAction\":[{\"@type\":\"ReadAction\",\"target\":[\"https:\/\/appsaf.apieproject.com\/news\/fr\/2023\/02\/28\/exposition-a-pont-leveque-decouvrez-la-richesse-de-la-culture-africaine-aux-dominicaines-2\/\"]}]},{\"@type\":\"ImageObject\",\"inLanguage\":\"fr-FR\",\"@id\":\"https:\/\/appsaf.apieproject.com\/news\/fr\/2023\/02\/28\/exposition-a-pont-leveque-decouvrez-la-richesse-de-la-culture-africaine-aux-dominicaines-2\/#primaryimage\",\"url\":\"https:\/\/appsaf.apieproject.com\/news\/wp-content\/uploads\/sites\/29\/2023\/02\/080f65fdf4e36eb0f65fdf4e3bf0f6v-960x640-9f7f075c706942d1bfdb43e1487d3aeb.jpg\",\"contentUrl\":\"https:\/\/appsaf.apieproject.com\/news\/wp-content\/uploads\/sites\/29\/2023\/02\/080f65fdf4e36eb0f65fdf4e3bf0f6v-960x640-9f7f075c706942d1bfdb43e1487d3aeb.jpg\",\"width\":960,\"height\":640},{\"@type\":\"BreadcrumbList\",\"@id\":\"https:\/\/appsaf.apieproject.com\/news\/fr\/2023\/02\/28\/exposition-a-pont-leveque-decouvrez-la-richesse-de-la-culture-africaine-aux-dominicaines-2\/#breadcrumb\",\"itemListElement\":[{\"@type\":\"ListItem\",\"position\":1,\"name\":\"Home\",\"item\":\"https:\/\/appsaf.apieproject.com\/news\/fr\/home\/\"},{\"@type\":\"ListItem\",\"position\":2,\"name\":\"Exposition A Pont-l&#8217;Ev\u00eaque : D\u00e9couvrez La Richesse De La Culture Africaine Aux Dominicaines\"}]},{\"@type\":\"WebSite\",\"@id\":\"https:\/\/appsaf.apieproject.com\/news\/#website\",\"url\":\"https:\/\/appsaf.apieproject.com\/news\/\",\"name\":\"APIE NEWS\",\"description\":\"PANAFRICANISM NEWS PORTAL\",\"publisher\":{\"@id\":\"https:\/\/appsaf.apieproject.com\/news\/#organization\"},\"potentialAction\":[{\"@type\":\"SearchAction\",\"target\":{\"@type\":\"EntryPoint\",\"urlTemplate\":\"https:\/\/appsaf.apieproject.com\/news\/?s={search_term_string}\"},\"query-input\":{\"@type\":\"PropertyValueSpecification\",\"valueRequired\":true,\"valueName\":\"search_term_string\"}}],\"inLanguage\":\"fr-FR\"},{\"@type\":\"Organization\",\"@id\":\"https:\/\/appsaf.apieproject.com\/news\/#organization\",\"name\":\"APIE PROJECT\",\"url\":\"https:\/\/appsaf.apieproject.com\/news\/\",\"logo\":{\"@type\":\"ImageObject\",\"inLanguage\":\"fr-FR\",\"@id\":\"https:\/\/appsaf.apieproject.com\/news\/#\/schema\/logo\/image\/\",\"url\":\"https:\/\/appsaf.apieproject.com\/news\/wp-content\/uploads\/sites\/29\/2022\/07\/logo-R-TransparentBackground.png\",\"contentUrl\":\"https:\/\/appsaf.apieproject.com\/news\/wp-content\/uploads\/sites\/29\/2022\/07\/logo-R-TransparentBackground.png\",\"width\":512,\"height\":512,\"caption\":\"APIE PROJECT\"},\"image\":{\"@id\":\"https:\/\/appsaf.apieproject.com\/news\/#\/schema\/logo\/image\/\"},\"sameAs\":[\"https:\/\/facebook.com\/apieproject\",\"https:\/\/x.com\/apieproject\"]},{\"@type\":\"Person\",\"@id\":\"https:\/\/appsaf.apieproject.com\/news\/#\/schema\/person\/399517cac378948cd7b39086f9ddc2a7\",\"name\":\"staff\",\"image\":{\"@type\":\"ImageObject\",\"inLanguage\":\"fr-FR\",\"@id\":\"https:\/\/appsaf.apieproject.com\/news\/#\/schema\/person\/image\/\",\"url\":\"https:\/\/secure.gravatar.com\/avatar\/5386283c5db150efe261184bd59f072a?s=96&d=mm&r=g\",\"contentUrl\":\"https:\/\/secure.gravatar.com\/avatar\/5386283c5db150efe261184bd59f072a?s=96&d=mm&r=g\",\"caption\":\"staff\"},\"url\":\"https:\/\/appsaf.apieproject.com\/news\/fr\/author\/staff\/\"}]}<\/script>\n<!-- \/ Yoast SEO plugin. -->","yoast_head_json":{"title":"Exposition A Pont-l'Ev\u00eaque : D\u00e9couvrez La Richesse De La Culture Africaine Aux Dominicaines - APIE NEWS","robots":{"index":"index","follow":"follow","max-snippet":"max-snippet:-1","max-image-preview":"max-image-preview:large","max-video-preview":"max-video-preview:-1"},"canonical":"https:\/\/appsaf.apieproject.com\/news\/fr\/2023\/02\/28\/exposition-a-pont-leveque-decouvrez-la-richesse-de-la-culture-africaine-aux-dominicaines-2\/","og_locale":"fr_FR","og_type":"article","og_title":"Exposition A Pont-l'Ev\u00eaque : D\u00e9couvrez La Richesse De La Culture Africaine Aux Dominicaines - APIE NEWS","og_description":"Nouvelle exposition \u00e0 Pont-l'Ev\u00eaque : Afrique, h\u00e9ritages et traditions. \u0152uvres d'art pour notre regard occidental, les pi\u00e8ces sont avant tout rituelles, sociales ou fonctionnelles.","og_url":"https:\/\/appsaf.apieproject.com\/news\/fr\/2023\/02\/28\/exposition-a-pont-leveque-decouvrez-la-richesse-de-la-culture-africaine-aux-dominicaines-2\/","og_site_name":"APIE NEWS","article_publisher":"https:\/\/facebook.com\/apieproject","article_published_time":"2023-02-28T15:42:16+00:00","article_modified_time":"2023-02-28T15:42:18+00:00","og_image":[{"width":960,"height":640,"url":"https:\/\/appsaf.apieproject.com\/news\/wp-content\/uploads\/sites\/29\/2023\/02\/080f65fdf4e36eb0f65fdf4e3bf0f6v-960x640-9f7f075c706942d1bfdb43e1487d3aeb.jpg","type":"image\/jpeg"}],"author":"staff","twitter_card":"summary_large_image","twitter_creator":"@apieproject","twitter_site":"@apieproject","twitter_misc":{"\u00c9crit par":"staff","Dur\u00e9e de lecture estim\u00e9e":"2 minutes"},"schema":{"@context":"https:\/\/schema.org","@graph":[{"@type":"Article","@id":"https:\/\/appsaf.apieproject.com\/news\/fr\/2023\/02\/28\/exposition-a-pont-leveque-decouvrez-la-richesse-de-la-culture-africaine-aux-dominicaines-2\/#article","isPartOf":{"@id":"https:\/\/appsaf.apieproject.com\/news\/fr\/2023\/02\/28\/exposition-a-pont-leveque-decouvrez-la-richesse-de-la-culture-africaine-aux-dominicaines-2\/"},"author":{"name":"staff","@id":"https:\/\/appsaf.apieproject.com\/news\/#\/schema\/person\/399517cac378948cd7b39086f9ddc2a7"},"headline":"Exposition A Pont-l&rsquo;Ev\u00eaque : D\u00e9couvrez La Richesse De La Culture Africaine Aux Dominicaines","datePublished":"2023-02-28T15:42:16+00:00","dateModified":"2023-02-28T15:42:18+00:00","mainEntityOfPage":{"@id":"https:\/\/appsaf.apieproject.com\/news\/fr\/2023\/02\/28\/exposition-a-pont-leveque-decouvrez-la-richesse-de-la-culture-africaine-aux-dominicaines-2\/"},"wordCount":496,"commentCount":0,"publisher":{"@id":"https:\/\/appsaf.apieproject.com\/news\/#organization"},"image":{"@id":"https:\/\/appsaf.apieproject.com\/news\/fr\/2023\/02\/28\/exposition-a-pont-leveque-decouvrez-la-richesse-de-la-culture-africaine-aux-dominicaines-2\/#primaryimage"},"thumbnailUrl":"https:\/\/appsaf.apieproject.com\/news\/wp-content\/uploads\/sites\/29\/2023\/02\/080f65fdf4e36eb0f65fdf4e3bf0f6v-960x640-9f7f075c706942d1bfdb43e1487d3aeb.jpg","keywords":["apie project","culture","divertissement"],"articleSection":["Culture","Divertissement"],"inLanguage":"fr-FR","potentialAction":[{"@type":"CommentAction","name":"Comment","target":["https:\/\/appsaf.apieproject.com\/news\/fr\/2023\/02\/28\/exposition-a-pont-leveque-decouvrez-la-richesse-de-la-culture-africaine-aux-dominicaines-2\/#respond"]}]},{"@type":"WebPage","@id":"https:\/\/appsaf.apieproject.com\/news\/fr\/2023\/02\/28\/exposition-a-pont-leveque-decouvrez-la-richesse-de-la-culture-africaine-aux-dominicaines-2\/","url":"https:\/\/appsaf.apieproject.com\/news\/fr\/2023\/02\/28\/exposition-a-pont-leveque-decouvrez-la-richesse-de-la-culture-africaine-aux-dominicaines-2\/","name":"Exposition A Pont-l'Ev\u00eaque : D\u00e9couvrez La Richesse De La Culture Africaine Aux Dominicaines - APIE NEWS","isPartOf":{"@id":"https:\/\/appsaf.apieproject.com\/news\/#website"},"primaryImageOfPage":{"@id":"https:\/\/appsaf.apieproject.com\/news\/fr\/2023\/02\/28\/exposition-a-pont-leveque-decouvrez-la-richesse-de-la-culture-africaine-aux-dominicaines-2\/#primaryimage"},"image":{"@id":"https:\/\/appsaf.apieproject.com\/news\/fr\/2023\/02\/28\/exposition-a-pont-leveque-decouvrez-la-richesse-de-la-culture-africaine-aux-dominicaines-2\/#primaryimage"},"thumbnailUrl":"https:\/\/appsaf.apieproject.com\/news\/wp-content\/uploads\/sites\/29\/2023\/02\/080f65fdf4e36eb0f65fdf4e3bf0f6v-960x640-9f7f075c706942d1bfdb43e1487d3aeb.jpg","datePublished":"2023-02-28T15:42:16+00:00","dateModified":"2023-02-28T15:42:18+00:00","breadcrumb":{"@id":"https:\/\/appsaf.apieproject.com\/news\/fr\/2023\/02\/28\/exposition-a-pont-leveque-decouvrez-la-richesse-de-la-culture-africaine-aux-dominicaines-2\/#breadcrumb"},"inLanguage":"fr-FR","potentialAction":[{"@type":"ReadAction","target":["https:\/\/appsaf.apieproject.com\/news\/fr\/2023\/02\/28\/exposition-a-pont-leveque-decouvrez-la-richesse-de-la-culture-africaine-aux-dominicaines-2\/"]}]},{"@type":"ImageObject","inLanguage":"fr-FR","@id":"https:\/\/appsaf.apieproject.com\/news\/fr\/2023\/02\/28\/exposition-a-pont-leveque-decouvrez-la-richesse-de-la-culture-africaine-aux-dominicaines-2\/#primaryimage","url":"https:\/\/appsaf.apieproject.com\/news\/wp-content\/uploads\/sites\/29\/2023\/02\/080f65fdf4e36eb0f65fdf4e3bf0f6v-960x640-9f7f075c706942d1bfdb43e1487d3aeb.jpg","contentUrl":"https:\/\/appsaf.apieproject.com\/news\/wp-content\/uploads\/sites\/29\/2023\/02\/080f65fdf4e36eb0f65fdf4e3bf0f6v-960x640-9f7f075c706942d1bfdb43e1487d3aeb.jpg","width":960,"height":640},{"@type":"BreadcrumbList","@id":"https:\/\/appsaf.apieproject.com\/news\/fr\/2023\/02\/28\/exposition-a-pont-leveque-decouvrez-la-richesse-de-la-culture-africaine-aux-dominicaines-2\/#breadcrumb","itemListElement":[{"@type":"ListItem","position":1,"name":"Home","item":"https:\/\/appsaf.apieproject.com\/news\/fr\/home\/"},{"@type":"ListItem","position":2,"name":"Exposition A Pont-l&#8217;Ev\u00eaque : D\u00e9couvrez La Richesse De La Culture Africaine Aux Dominicaines"}]},{"@type":"WebSite","@id":"https:\/\/appsaf.apieproject.com\/news\/#website","url":"https:\/\/appsaf.apieproject.com\/news\/","name":"APIE NEWS","description":"PANAFRICANISM NEWS PORTAL","publisher":{"@id":"https:\/\/appsaf.apieproject.com\/news\/#organization"},"potentialAction":[{"@type":"SearchAction","target":{"@type":"EntryPoint","urlTemplate":"https:\/\/appsaf.apieproject.com\/news\/?s={search_term_string}"},"query-input":{"@type":"PropertyValueSpecification","valueRequired":true,"valueName":"search_term_string"}}],"inLanguage":"fr-FR"},{"@type":"Organization","@id":"https:\/\/appsaf.apieproject.com\/news\/#organization","name":"APIE PROJECT","url":"https:\/\/appsaf.apieproject.com\/news\/","logo":{"@type":"ImageObject","inLanguage":"fr-FR","@id":"https:\/\/appsaf.apieproject.com\/news\/#\/schema\/logo\/image\/","url":"https:\/\/appsaf.apieproject.com\/news\/wp-content\/uploads\/sites\/29\/2022\/07\/logo-R-TransparentBackground.png","contentUrl":"https:\/\/appsaf.apieproject.com\/news\/wp-content\/uploads\/sites\/29\/2022\/07\/logo-R-TransparentBackground.png","width":512,"height":512,"caption":"APIE PROJECT"},"image":{"@id":"https:\/\/appsaf.apieproject.com\/news\/#\/schema\/logo\/image\/"},"sameAs":["https:\/\/facebook.com\/apieproject","https:\/\/x.com\/apieproject"]},{"@type":"Person","@id":"https:\/\/appsaf.apieproject.com\/news\/#\/schema\/person\/399517cac378948cd7b39086f9ddc2a7","name":"staff","image":{"@type":"ImageObject","inLanguage":"fr-FR","@id":"https:\/\/appsaf.apieproject.com\/news\/#\/schema\/person\/image\/","url":"https:\/\/secure.gravatar.com\/avatar\/5386283c5db150efe261184bd59f072a?s=96&d=mm&r=g","contentUrl":"https:\/\/secure.gravatar.com\/avatar\/5386283c5db150efe261184bd59f072a?s=96&d=mm&r=g","caption":"staff"},"url":"https:\/\/appsaf.apieproject.com\/news\/fr\/author\/staff\/"}]}},"_links":{"self":[{"href":"https:\/\/appsaf.apieproject.com\/news\/fr\/wp-json\/wp\/v2\/posts\/26517","targetHints":{"allow":["GET"]}}],"collection":[{"href":"https:\/\/appsaf.apieproject.com\/news\/fr\/wp-json\/wp\/v2\/posts"}],"about":[{"href":"https:\/\/appsaf.apieproject.com\/news\/fr\/wp-json\/wp\/v2\/types\/post"}],"author":[{"embeddable":true,"href":"https:\/\/appsaf.apieproject.com\/news\/fr\/wp-json\/wp\/v2\/users\/12963"}],"replies":[{"embeddable":true,"href":"https:\/\/appsaf.apieproject.com\/news\/fr\/wp-json\/wp\/v2\/comments?post=26517"}],"version-history":[{"count":1,"href":"https:\/\/appsaf.apieproject.com\/news\/fr\/wp-json\/wp\/v2\/posts\/26517\/revisions"}],"predecessor-version":[{"id":26863,"href":"https:\/\/appsaf.apieproject.com\/news\/fr\/wp-json\/wp\/v2\/posts\/26517\/revisions\/26863"}],"wp:featuredmedia":[{"embeddable":true,"href":"https:\/\/appsaf.apieproject.com\/news\/fr\/wp-json\/wp\/v2\/media\/26514"}],"wp:attachment":[{"href":"https:\/\/appsaf.apieproject.com\/news\/fr\/wp-json\/wp\/v2\/media?parent=26517"}],"wp:term":[{"taxonomy":"category","embeddable":true,"href":"https:\/\/appsaf.apieproject.com\/news\/fr\/wp-json\/wp\/v2\/categories?post=26517"},{"taxonomy":"post_tag","embeddable":true,"href":"https:\/\/appsaf.apieproject.com\/news\/fr\/wp-json\/wp\/v2\/tags?post=26517"}],"curies":[{"name":"wp","href":"https:\/\/api.w.org\/{rel}","templated":true}]}}