{"id":26533,"date":"2023-02-28T15:53:24","date_gmt":"2023-02-28T15:53:24","guid":{"rendered":"https:\/\/appsaf.apieproject.com\/news\/?p=26533"},"modified":"2023-02-28T15:53:26","modified_gmt":"2023-02-28T15:53:26","slug":"french-montana-le-maroc-au-coeur","status":"publish","type":"post","link":"https:\/\/appsaf.apieproject.com\/news\/fr\/2023\/02\/28\/french-montana-le-maroc-au-coeur\/","title":{"rendered":"French Montana, Le Maroc Au C\u0153ur"},"content":{"rendered":"<p>11 D\u00e9cembre 2022. Times Square, New York. Plus de 10 000 Marocains dansent, lancent des \u00ab\u00a0Allez ! Allez !\u00a0\u00bb \u00e0 tue-t\u00eate, maillot sur le dos, drapeaux du pays entre les mains et fumig\u00e8nes rouges craqu\u00e9s, pour c\u00e9l\u00e9brer la victoire des Lions de l\u2019Atlas en quart de finale de la coupe du monde face au Portugal, qui leur permet de devenir la premi\u00e8re nation africaine et arabe de l&rsquo;histoire \u00e0 acc\u00e9der au dernier carr\u00e9 du tournoi.<\/p>\n<p>Au milieu de la foule, bob \u00ab\u00a0Maroc\u00a0\u00bb viss\u00e9 sur la t\u00eate, French Montana est heureux comme un enfant, et c\u00e9l\u00e8bre ce moment d\u2019histoire comme un simple fan. \u00ab\u00a0J\u2019ai fait des concerts dans les plus grandes salles du monde. Je suis pote avec Jay-Z, Beyonc\u00e9, Swizz Beats, Alicia Keys et plein de monde du milieu de la musique et des arts. Je suis all\u00e9 faire la f\u00eate dans des endroits fous, mais ce moment \u00e0 Times Square, cette communion avec les miens, \u00e7a a \u00e9t\u00e9 l\u2019un des plus beaux jours de ma vie. C\u2019\u00e9tait dingue ! Voir la fiert\u00e9 marocaine visible et partager cette joie avec des livreurs, des peintres en b\u00e2timent ou des financiers\u2026 on \u00e9tait ensembles, unis et fiers. Ce jour-l\u00e0, je me suis senti comme le Marocain le plus fier du monde !\u00a0\u00bb se souvient-il, tout sourire.<\/p>\n<p>Du Maroc aux \u00c9tats-Unis<\/p>\n<p>Mais de Casablanca \u00e0 la Grosse Pomme, le chemin a \u00e9t\u00e9 long et sem\u00e9 de gal\u00e8res qui ont construit celui qui est devenu l\u2019une des figures incontournables de la sc\u00e8ne rap mondiale. N\u00e9 \u00e0 \u00ab\u00a0Casa\u00a0\u00bb en 1984, Karim Kharbouch grandit avec l\u2019un de ses fr\u00e8res et ses parents dans la banlieue de la ville, et vit une enfance assez tranquille, m\u00eame si la situation pr\u00e9caire de la famille pr\u00e9occupe son p\u00e8re.<\/p>\n<p>Il grandit ballon au pied, lui, fou de football, et se passionne pour la musique, et le rap en particulier, en \u00e9coutant des sons d\u2019artistes am\u00e9ricains comme Tupac et Notorious B.I.G, sans oublier ceux de rappeurs fran\u00e7ais, comme IAM et NTM. \u00ab\u00a0J\u2019\u00e9coutais des sons des US qu\u2019on s\u2019\u00e9changeait avec des amis et qui \u00e9taient des CDs pirat\u00e9s. Les sons de rap fran\u00e7ais, mes cousins qui vivaient en France nous amenaient des CDs ou des mixtapes qu\u2019on mettait \u00e0 fond d\u00e8s que la famille venait en vacances au bled\u00a0\u00bb, pr\u00e9cise-t-il.<\/p>\n<p>Mais le quotidien devient de plus en plus difficile, et le chef de famille d\u00e9cide de faire partir toute la fratrie \u00e0 New York, pour donner un avenir meilleur \u00e0 ses fils. En 1997, la famille Kharbouch traverse l\u2019Atlantique, et s\u2019installe dans le Bronx. Un changement radical dans la vie du jeune Karim, qui ne parle pas un mot d\u2019anglais en arrivant au pays de l\u2019Oncle Sam. \u00ab\u00a0La transition a \u00e9t\u00e9 compliqu\u00e9e. Mais j\u2019ai une nature d\u00e9brouillarde. Donc j\u2019ai appris rapidement avec des voisins et en allant au lyc\u00e9e, m\u00eame si j\u2019ai d\u00e9cid\u00e9, 4 ans plus tard, d\u2019arr\u00eater ma scolarit\u00e9 pour me lancer dans le rap. J\u2019ai vu une opportunit\u00e9 qui se pr\u00e9sentait \u00e0 moi et mes premiers sons ont eu de super retours pour quelques gars du milieu. Je me suis lanc\u00e9 dans mon r\u00eave \u00e0 2000%, sans h\u00e9siter\u00a0\u00bb, se rappelle-t-il.<\/p>\n<p>En 2002, il se lance en faisant des battles dans le Bronx et en vendant des DVD d\u2019une s\u00e9rie urbaine qu\u2019il r\u00e9alise, Coca\u00efne City o\u00f9 il interviewe des artistes sur les actualit\u00e9s rap du moment. Il travaille aussi sur diverses mixtapes, mais un soir de 2003, alors qu\u2019il sort d\u2019un studio dans le Bronx, il est pris \u00e0 partie par deux hommes et prend une balle qui traverse sa nuque. \u00ab\u00a0J\u2019ai touch\u00e9 le fond. Cette \u00e9preuve m\u2019a donn\u00e9 encore plus de force, et \u00e7a a \u00e9t\u00e9 un signe du destin pour moi\u00a0\u00bb pr\u00e9cise-t-il. Pass\u00e9 tr\u00e8s pr\u00e8s de la fin, le rappeur marocain se remet rapidement \u00e0 \u00e9crire des textes et \u00e0 travailler sur des sons. Sa mont\u00e9e en puissance ne fait que commencer.<\/p>\n<p>Akon, DJ Khaled, Rick Ross, Diddy: French Montana travaille avec les plus grands<\/p>\n<p>Le rappeur se r\u00e9tablit rapidement et il enchaine les mixtapes qui inondent les rues de New York et de la c\u00f4te Est, dont le French revolution Volume 1 sur laquelle il invite Rick Ross. Il signe ensuite sur le label Bad Boy Records de Diddy, en 2011.<\/p>\n<p>Un an plus tard, il d\u00e9cide de rejoindre le giron d\u2019Akon, rappeur am\u00e9ricain d&rsquo;origine s\u00e9n\u00e9galaise, qui lui propose de sortir un album. \u00ab\u00a0Ma rencontre avec Akon a \u00e9t\u00e9 un moment important de ma vie. Il m\u2019a appris beaucoup, et mon conflit avec le label pr\u00e9c\u00e9dent m\u2019a emp\u00each\u00e9 de poursuivre ma collaboration avec lui. La le\u00e7on retenue dans tout cela, c\u2019est que dans un milieu de la musique o\u00f9 les \u00e9gos et les conflits sont fr\u00e9quents, pour des bonnes ou des mauvaises raisons, ma relation avec Akon a toujours \u00e9t\u00e9 au top. Quand il a su que je ne pouvais plus bosser avec lui, il m\u2019a dit que tout allait bien se passer, comme un grand fr\u00e8re qui se s\u00e9pare de son petit fr\u00e8re et qui lui dit qu\u2019il pourra toujours compter sur lui. C\u2019est un fr\u00e8re pour moi\u00a0\u00bb, souligne-t-il.<\/p>\n<p>French Montana lance son premier album en 2013, Excuse my French, o\u00f9 il y invite Nicky Minaj, The Weeknd, mais aussi DJ Khaled. Le succ\u00e8s est imm\u00e9diat, et les ventes explosent, faisant de son album le 4e plus vendu du pays. Il poursuit les collaborations et tout le monde veut l\u2019avoir sur ses propres sons.<\/p>\n<p>En 2016, il pose ses lyrics sur All the way up de Fat Joe et Remy Ma, un succ\u00e8s plan\u00e9taire. La vague French Montana d\u00e9ferle sur la plan\u00e8te rap. Mais l\u2019artiste sait que tout peut aller tr\u00e8s vite dans un sens comme dans l\u2019autre, et poursuit sa marche en avant, en rejoignant de nouveau le label Bad Boys Record de Diddy, pour lancer son second album, Jungle Rules, en 2017.<\/p>\n<p>Cet opus devient Disque de platine, et Montana, pour continuer \u00e0 trouver de l\u2019inspiration, d\u00e9cide d\u2019entrecouper ses concerts et ses collaborations par des s\u00e9jours au Maroc, o\u00f9 vit son p\u00e8re. \u00ab\u00a0Je n\u2019y avais pas \u00e9t\u00e9 durant de longues ann\u00e9es, surtout lorsque j\u2019ai d\u00e9marr\u00e9 ma carri\u00e8re, mais le lien avec ma terre natale a toujours \u00e9t\u00e9 l\u00e0, dans mon quotidien. J\u2019ai d\u00e9cid\u00e9 de m\u2019y rendre de plus en plus souvent, pour retrouver des choses simples, la famille, marcher sur la plage, manger des plats de chez moi, la vraie vie (rires)! \u00c0 chaque fois que j\u2019y vais, je reviens avec beaucoup d\u2019id\u00e9es, car ma carri\u00e8re, ce n\u2019est pas seulement pour les miens, c\u2019est aussi pour mon pays et pour la jeunesse africaine et marocaine, pour qu\u2019elle puisse se dire : &lsquo;c\u2019est possible d\u2019atteindre ses r\u00eaves !'\u00a0\u00bb, affirme-t-il.<\/p>\n<p>Il sort son troisi\u00e8me album, Montana, en 2019, mais les affaires dans lequel son nom est li\u00e9 ralentissent fortement les ventes. En 2021, il sort They got amnesia qui devient Disque d\u2019or \u00e9galement, mais French Montana, continue de faire la Une des journaux&#8230;et pas toujours pour les bonnes raisons.<\/p>\n<p>Plusieurs fusillades se produisent proches d\u2019endroit o\u00f9 il se trouve, dont la derni\u00e8re en janvier 2023, en Floride lors du tournage d\u2019un clip, faisant 10 bless\u00e9s. \u00ab\u00a0La police et la justice ont prouv\u00e9 que je n\u2019avais rien \u00e0 voir avec ces incidents, et je suis contre la violence, car cela n\u2019am\u00e8ne jamais rien de bon. Je suis juste Karim Kharbouch et je fais de la musique pour que les jeunes Marocains et Africains me voient comme un exemple, un mod\u00e8le\u00a0\u00bb, conclut-il.<\/p>\n","protected":false},"excerpt":{"rendered":"<p>Le natif de Casablanca est devenu, en 10 ans, l\u2019une des figures incontournables du rap am\u00e9ricain et mondial. French Montana fait les Unes de magazine de musique, mais aussi des tablo\u00efds pour sa relation pass\u00e9e avec Khlo\u00e9 Kardashian et quelques m\u00e9saventures \u00e0 coup d\u2019armes \u00e0 feu. Il garde toujours un \u00e9l\u00e9ment \u00e0 c\u0153ur : sa terre natale, le Maroc. Pour cet hyperactif du son, le lien avec le pays d\u2019origine guide sa vie, son c\u0153ur. Portrait.<\/p>\n","protected":false},"author":12963,"featured_media":26530,"comment_status":"open","ping_status":"open","sticky":false,"template":"","format":"standard","meta":{"footnotes":""},"categories":[55,65],"tags":[78,88,91],"class_list":{"0":"post-26533","1":"post","2":"type-post","3":"status-publish","4":"format-standard","5":"has-post-thumbnail","7":"category-divertissement","8":"category-musique","9":"tag-apie-project-2","10":"tag-divertissement","11":"tag-musique"},"yoast_head":"<!-- This site is optimized with the Yoast SEO plugin v24.4 - https:\/\/yoast.com\/wordpress\/plugins\/seo\/ -->\n<title>French Montana, Le Maroc Au C\u0153ur - APIE NEWS<\/title>\n<meta name=\"robots\" content=\"index, follow, max-snippet:-1, max-image-preview:large, max-video-preview:-1\" \/>\n<link rel=\"canonical\" href=\"https:\/\/appsaf.apieproject.com\/news\/fr\/2023\/02\/28\/french-montana-le-maroc-au-coeur\/\" \/>\n<meta property=\"og:locale\" content=\"fr_FR\" \/>\n<meta property=\"og:type\" content=\"article\" \/>\n<meta property=\"og:title\" content=\"French Montana, Le Maroc Au C\u0153ur - APIE NEWS\" \/>\n<meta property=\"og:description\" content=\"Le natif de Casablanca est devenu, en 10 ans, l\u2019une des figures incontournables du rap am\u00e9ricain et mondial. French Montana fait les Unes de magazine de musique, mais aussi des tablo\u00efds pour sa relation pass\u00e9e avec Khlo\u00e9 Kardashian et quelques m\u00e9saventures \u00e0 coup d\u2019armes \u00e0 feu. Il garde toujours un \u00e9l\u00e9ment \u00e0 c\u0153ur : sa terre natale, le Maroc. Pour cet hyperactif du son, le lien avec le pays d\u2019origine guide sa vie, son c\u0153ur. Portrait.\" \/>\n<meta property=\"og:url\" content=\"https:\/\/appsaf.apieproject.com\/news\/fr\/2023\/02\/28\/french-montana-le-maroc-au-coeur\/\" \/>\n<meta property=\"og:site_name\" content=\"APIE NEWS\" \/>\n<meta property=\"article:publisher\" content=\"https:\/\/facebook.com\/apieproject\" \/>\n<meta property=\"article:published_time\" content=\"2023-02-28T15:53:24+00:00\" \/>\n<meta property=\"article:modified_time\" content=\"2023-02-28T15:53:26+00:00\" \/>\n<meta property=\"og:image\" content=\"https:\/\/appsaf.apieproject.com\/news\/wp-content\/uploads\/sites\/29\/2023\/02\/french-montana-cf4ee8e7bb3d34936e2e3e7c44cef3fa.jpeg\" \/>\n\t<meta property=\"og:image:width\" content=\"982\" \/>\n\t<meta property=\"og:image:height\" content=\"552\" \/>\n\t<meta property=\"og:image:type\" content=\"image\/jpeg\" \/>\n<meta name=\"author\" content=\"staff\" \/>\n<meta name=\"twitter:card\" content=\"summary_large_image\" \/>\n<meta name=\"twitter:creator\" content=\"@apieproject\" \/>\n<meta name=\"twitter:site\" content=\"@apieproject\" \/>\n<meta name=\"twitter:label1\" content=\"\u00c9crit par\" \/>\n\t<meta name=\"twitter:data1\" content=\"staff\" \/>\n\t<meta name=\"twitter:label2\" content=\"Dur\u00e9e de lecture estim\u00e9e\" \/>\n\t<meta name=\"twitter:data2\" content=\"6 minutes\" \/>\n<script type=\"application\/ld+json\" class=\"yoast-schema-graph\">{\"@context\":\"https:\/\/schema.org\",\"@graph\":[{\"@type\":\"Article\",\"@id\":\"https:\/\/appsaf.apieproject.com\/news\/fr\/2023\/02\/28\/french-montana-le-maroc-au-coeur\/#article\",\"isPartOf\":{\"@id\":\"https:\/\/appsaf.apieproject.com\/news\/fr\/2023\/02\/28\/french-montana-le-maroc-au-coeur\/\"},\"author\":{\"name\":\"staff\",\"@id\":\"https:\/\/appsaf.apieproject.com\/news\/#\/schema\/person\/399517cac378948cd7b39086f9ddc2a7\"},\"headline\":\"French Montana, Le Maroc Au C\u0153ur\",\"datePublished\":\"2023-02-28T15:53:24+00:00\",\"dateModified\":\"2023-02-28T15:53:26+00:00\",\"mainEntityOfPage\":{\"@id\":\"https:\/\/appsaf.apieproject.com\/news\/fr\/2023\/02\/28\/french-montana-le-maroc-au-coeur\/\"},\"wordCount\":1340,\"commentCount\":0,\"publisher\":{\"@id\":\"https:\/\/appsaf.apieproject.com\/news\/#organization\"},\"image\":{\"@id\":\"https:\/\/appsaf.apieproject.com\/news\/fr\/2023\/02\/28\/french-montana-le-maroc-au-coeur\/#primaryimage\"},\"thumbnailUrl\":\"https:\/\/appsaf.apieproject.com\/news\/wp-content\/uploads\/sites\/29\/2023\/02\/french-montana-cf4ee8e7bb3d34936e2e3e7c44cef3fa.jpeg\",\"keywords\":[\"apie project\",\"divertissement\",\"musique\"],\"articleSection\":[\"Divertissement\",\"Musique\"],\"inLanguage\":\"fr-FR\",\"potentialAction\":[{\"@type\":\"CommentAction\",\"name\":\"Comment\",\"target\":[\"https:\/\/appsaf.apieproject.com\/news\/fr\/2023\/02\/28\/french-montana-le-maroc-au-coeur\/#respond\"]}]},{\"@type\":\"WebPage\",\"@id\":\"https:\/\/appsaf.apieproject.com\/news\/fr\/2023\/02\/28\/french-montana-le-maroc-au-coeur\/\",\"url\":\"https:\/\/appsaf.apieproject.com\/news\/fr\/2023\/02\/28\/french-montana-le-maroc-au-coeur\/\",\"name\":\"French Montana, Le Maroc Au C\u0153ur - APIE NEWS\",\"isPartOf\":{\"@id\":\"https:\/\/appsaf.apieproject.com\/news\/#website\"},\"primaryImageOfPage\":{\"@id\":\"https:\/\/appsaf.apieproject.com\/news\/fr\/2023\/02\/28\/french-montana-le-maroc-au-coeur\/#primaryimage\"},\"image\":{\"@id\":\"https:\/\/appsaf.apieproject.com\/news\/fr\/2023\/02\/28\/french-montana-le-maroc-au-coeur\/#primaryimage\"},\"thumbnailUrl\":\"https:\/\/appsaf.apieproject.com\/news\/wp-content\/uploads\/sites\/29\/2023\/02\/french-montana-cf4ee8e7bb3d34936e2e3e7c44cef3fa.jpeg\",\"datePublished\":\"2023-02-28T15:53:24+00:00\",\"dateModified\":\"2023-02-28T15:53:26+00:00\",\"breadcrumb\":{\"@id\":\"https:\/\/appsaf.apieproject.com\/news\/fr\/2023\/02\/28\/french-montana-le-maroc-au-coeur\/#breadcrumb\"},\"inLanguage\":\"fr-FR\",\"potentialAction\":[{\"@type\":\"ReadAction\",\"target\":[\"https:\/\/appsaf.apieproject.com\/news\/fr\/2023\/02\/28\/french-montana-le-maroc-au-coeur\/\"]}]},{\"@type\":\"ImageObject\",\"inLanguage\":\"fr-FR\",\"@id\":\"https:\/\/appsaf.apieproject.com\/news\/fr\/2023\/02\/28\/french-montana-le-maroc-au-coeur\/#primaryimage\",\"url\":\"https:\/\/appsaf.apieproject.com\/news\/wp-content\/uploads\/sites\/29\/2023\/02\/french-montana-cf4ee8e7bb3d34936e2e3e7c44cef3fa.jpeg\",\"contentUrl\":\"https:\/\/appsaf.apieproject.com\/news\/wp-content\/uploads\/sites\/29\/2023\/02\/french-montana-cf4ee8e7bb3d34936e2e3e7c44cef3fa.jpeg\",\"width\":982,\"height\":552},{\"@type\":\"BreadcrumbList\",\"@id\":\"https:\/\/appsaf.apieproject.com\/news\/fr\/2023\/02\/28\/french-montana-le-maroc-au-coeur\/#breadcrumb\",\"itemListElement\":[{\"@type\":\"ListItem\",\"position\":1,\"name\":\"Home\",\"item\":\"https:\/\/appsaf.apieproject.com\/news\/fr\/home\/\"},{\"@type\":\"ListItem\",\"position\":2,\"name\":\"French Montana, Le Maroc Au C\u0153ur\"}]},{\"@type\":\"WebSite\",\"@id\":\"https:\/\/appsaf.apieproject.com\/news\/#website\",\"url\":\"https:\/\/appsaf.apieproject.com\/news\/\",\"name\":\"APIE NEWS\",\"description\":\"PANAFRICANISM NEWS PORTAL\",\"publisher\":{\"@id\":\"https:\/\/appsaf.apieproject.com\/news\/#organization\"},\"potentialAction\":[{\"@type\":\"SearchAction\",\"target\":{\"@type\":\"EntryPoint\",\"urlTemplate\":\"https:\/\/appsaf.apieproject.com\/news\/?s={search_term_string}\"},\"query-input\":{\"@type\":\"PropertyValueSpecification\",\"valueRequired\":true,\"valueName\":\"search_term_string\"}}],\"inLanguage\":\"fr-FR\"},{\"@type\":\"Organization\",\"@id\":\"https:\/\/appsaf.apieproject.com\/news\/#organization\",\"name\":\"APIE PROJECT\",\"url\":\"https:\/\/appsaf.apieproject.com\/news\/\",\"logo\":{\"@type\":\"ImageObject\",\"inLanguage\":\"fr-FR\",\"@id\":\"https:\/\/appsaf.apieproject.com\/news\/#\/schema\/logo\/image\/\",\"url\":\"https:\/\/appsaf.apieproject.com\/news\/wp-content\/uploads\/sites\/29\/2022\/07\/logo-R-TransparentBackground.png\",\"contentUrl\":\"https:\/\/appsaf.apieproject.com\/news\/wp-content\/uploads\/sites\/29\/2022\/07\/logo-R-TransparentBackground.png\",\"width\":512,\"height\":512,\"caption\":\"APIE PROJECT\"},\"image\":{\"@id\":\"https:\/\/appsaf.apieproject.com\/news\/#\/schema\/logo\/image\/\"},\"sameAs\":[\"https:\/\/facebook.com\/apieproject\",\"https:\/\/x.com\/apieproject\"]},{\"@type\":\"Person\",\"@id\":\"https:\/\/appsaf.apieproject.com\/news\/#\/schema\/person\/399517cac378948cd7b39086f9ddc2a7\",\"name\":\"staff\",\"image\":{\"@type\":\"ImageObject\",\"inLanguage\":\"fr-FR\",\"@id\":\"https:\/\/appsaf.apieproject.com\/news\/#\/schema\/person\/image\/\",\"url\":\"https:\/\/secure.gravatar.com\/avatar\/5386283c5db150efe261184bd59f072a?s=96&d=mm&r=g\",\"contentUrl\":\"https:\/\/secure.gravatar.com\/avatar\/5386283c5db150efe261184bd59f072a?s=96&d=mm&r=g\",\"caption\":\"staff\"},\"url\":\"https:\/\/appsaf.apieproject.com\/news\/fr\/author\/staff\/\"}]}<\/script>\n<!-- \/ Yoast SEO plugin. -->","yoast_head_json":{"title":"French Montana, Le Maroc Au C\u0153ur - APIE NEWS","robots":{"index":"index","follow":"follow","max-snippet":"max-snippet:-1","max-image-preview":"max-image-preview:large","max-video-preview":"max-video-preview:-1"},"canonical":"https:\/\/appsaf.apieproject.com\/news\/fr\/2023\/02\/28\/french-montana-le-maroc-au-coeur\/","og_locale":"fr_FR","og_type":"article","og_title":"French Montana, Le Maroc Au C\u0153ur - APIE NEWS","og_description":"Le natif de Casablanca est devenu, en 10 ans, l\u2019une des figures incontournables du rap am\u00e9ricain et mondial. French Montana fait les Unes de magazine de musique, mais aussi des tablo\u00efds pour sa relation pass\u00e9e avec Khlo\u00e9 Kardashian et quelques m\u00e9saventures \u00e0 coup d\u2019armes \u00e0 feu. Il garde toujours un \u00e9l\u00e9ment \u00e0 c\u0153ur : sa terre natale, le Maroc. Pour cet hyperactif du son, le lien avec le pays d\u2019origine guide sa vie, son c\u0153ur. Portrait.","og_url":"https:\/\/appsaf.apieproject.com\/news\/fr\/2023\/02\/28\/french-montana-le-maroc-au-coeur\/","og_site_name":"APIE NEWS","article_publisher":"https:\/\/facebook.com\/apieproject","article_published_time":"2023-02-28T15:53:24+00:00","article_modified_time":"2023-02-28T15:53:26+00:00","og_image":[{"width":982,"height":552,"url":"https:\/\/appsaf.apieproject.com\/news\/wp-content\/uploads\/sites\/29\/2023\/02\/french-montana-cf4ee8e7bb3d34936e2e3e7c44cef3fa.jpeg","type":"image\/jpeg"}],"author":"staff","twitter_card":"summary_large_image","twitter_creator":"@apieproject","twitter_site":"@apieproject","twitter_misc":{"\u00c9crit par":"staff","Dur\u00e9e de lecture estim\u00e9e":"6 minutes"},"schema":{"@context":"https:\/\/schema.org","@graph":[{"@type":"Article","@id":"https:\/\/appsaf.apieproject.com\/news\/fr\/2023\/02\/28\/french-montana-le-maroc-au-coeur\/#article","isPartOf":{"@id":"https:\/\/appsaf.apieproject.com\/news\/fr\/2023\/02\/28\/french-montana-le-maroc-au-coeur\/"},"author":{"name":"staff","@id":"https:\/\/appsaf.apieproject.com\/news\/#\/schema\/person\/399517cac378948cd7b39086f9ddc2a7"},"headline":"French Montana, Le Maroc Au C\u0153ur","datePublished":"2023-02-28T15:53:24+00:00","dateModified":"2023-02-28T15:53:26+00:00","mainEntityOfPage":{"@id":"https:\/\/appsaf.apieproject.com\/news\/fr\/2023\/02\/28\/french-montana-le-maroc-au-coeur\/"},"wordCount":1340,"commentCount":0,"publisher":{"@id":"https:\/\/appsaf.apieproject.com\/news\/#organization"},"image":{"@id":"https:\/\/appsaf.apieproject.com\/news\/fr\/2023\/02\/28\/french-montana-le-maroc-au-coeur\/#primaryimage"},"thumbnailUrl":"https:\/\/appsaf.apieproject.com\/news\/wp-content\/uploads\/sites\/29\/2023\/02\/french-montana-cf4ee8e7bb3d34936e2e3e7c44cef3fa.jpeg","keywords":["apie project","divertissement","musique"],"articleSection":["Divertissement","Musique"],"inLanguage":"fr-FR","potentialAction":[{"@type":"CommentAction","name":"Comment","target":["https:\/\/appsaf.apieproject.com\/news\/fr\/2023\/02\/28\/french-montana-le-maroc-au-coeur\/#respond"]}]},{"@type":"WebPage","@id":"https:\/\/appsaf.apieproject.com\/news\/fr\/2023\/02\/28\/french-montana-le-maroc-au-coeur\/","url":"https:\/\/appsaf.apieproject.com\/news\/fr\/2023\/02\/28\/french-montana-le-maroc-au-coeur\/","name":"French Montana, Le Maroc Au C\u0153ur - APIE NEWS","isPartOf":{"@id":"https:\/\/appsaf.apieproject.com\/news\/#website"},"primaryImageOfPage":{"@id":"https:\/\/appsaf.apieproject.com\/news\/fr\/2023\/02\/28\/french-montana-le-maroc-au-coeur\/#primaryimage"},"image":{"@id":"https:\/\/appsaf.apieproject.com\/news\/fr\/2023\/02\/28\/french-montana-le-maroc-au-coeur\/#primaryimage"},"thumbnailUrl":"https:\/\/appsaf.apieproject.com\/news\/wp-content\/uploads\/sites\/29\/2023\/02\/french-montana-cf4ee8e7bb3d34936e2e3e7c44cef3fa.jpeg","datePublished":"2023-02-28T15:53:24+00:00","dateModified":"2023-02-28T15:53:26+00:00","breadcrumb":{"@id":"https:\/\/appsaf.apieproject.com\/news\/fr\/2023\/02\/28\/french-montana-le-maroc-au-coeur\/#breadcrumb"},"inLanguage":"fr-FR","potentialAction":[{"@type":"ReadAction","target":["https:\/\/appsaf.apieproject.com\/news\/fr\/2023\/02\/28\/french-montana-le-maroc-au-coeur\/"]}]},{"@type":"ImageObject","inLanguage":"fr-FR","@id":"https:\/\/appsaf.apieproject.com\/news\/fr\/2023\/02\/28\/french-montana-le-maroc-au-coeur\/#primaryimage","url":"https:\/\/appsaf.apieproject.com\/news\/wp-content\/uploads\/sites\/29\/2023\/02\/french-montana-cf4ee8e7bb3d34936e2e3e7c44cef3fa.jpeg","contentUrl":"https:\/\/appsaf.apieproject.com\/news\/wp-content\/uploads\/sites\/29\/2023\/02\/french-montana-cf4ee8e7bb3d34936e2e3e7c44cef3fa.jpeg","width":982,"height":552},{"@type":"BreadcrumbList","@id":"https:\/\/appsaf.apieproject.com\/news\/fr\/2023\/02\/28\/french-montana-le-maroc-au-coeur\/#breadcrumb","itemListElement":[{"@type":"ListItem","position":1,"name":"Home","item":"https:\/\/appsaf.apieproject.com\/news\/fr\/home\/"},{"@type":"ListItem","position":2,"name":"French Montana, Le Maroc Au C\u0153ur"}]},{"@type":"WebSite","@id":"https:\/\/appsaf.apieproject.com\/news\/#website","url":"https:\/\/appsaf.apieproject.com\/news\/","name":"APIE NEWS","description":"PANAFRICANISM NEWS PORTAL","publisher":{"@id":"https:\/\/appsaf.apieproject.com\/news\/#organization"},"potentialAction":[{"@type":"SearchAction","target":{"@type":"EntryPoint","urlTemplate":"https:\/\/appsaf.apieproject.com\/news\/?s={search_term_string}"},"query-input":{"@type":"PropertyValueSpecification","valueRequired":true,"valueName":"search_term_string"}}],"inLanguage":"fr-FR"},{"@type":"Organization","@id":"https:\/\/appsaf.apieproject.com\/news\/#organization","name":"APIE PROJECT","url":"https:\/\/appsaf.apieproject.com\/news\/","logo":{"@type":"ImageObject","inLanguage":"fr-FR","@id":"https:\/\/appsaf.apieproject.com\/news\/#\/schema\/logo\/image\/","url":"https:\/\/appsaf.apieproject.com\/news\/wp-content\/uploads\/sites\/29\/2022\/07\/logo-R-TransparentBackground.png","contentUrl":"https:\/\/appsaf.apieproject.com\/news\/wp-content\/uploads\/sites\/29\/2022\/07\/logo-R-TransparentBackground.png","width":512,"height":512,"caption":"APIE PROJECT"},"image":{"@id":"https:\/\/appsaf.apieproject.com\/news\/#\/schema\/logo\/image\/"},"sameAs":["https:\/\/facebook.com\/apieproject","https:\/\/x.com\/apieproject"]},{"@type":"Person","@id":"https:\/\/appsaf.apieproject.com\/news\/#\/schema\/person\/399517cac378948cd7b39086f9ddc2a7","name":"staff","image":{"@type":"ImageObject","inLanguage":"fr-FR","@id":"https:\/\/appsaf.apieproject.com\/news\/#\/schema\/person\/image\/","url":"https:\/\/secure.gravatar.com\/avatar\/5386283c5db150efe261184bd59f072a?s=96&d=mm&r=g","contentUrl":"https:\/\/secure.gravatar.com\/avatar\/5386283c5db150efe261184bd59f072a?s=96&d=mm&r=g","caption":"staff"},"url":"https:\/\/appsaf.apieproject.com\/news\/fr\/author\/staff\/"}]}},"_links":{"self":[{"href":"https:\/\/appsaf.apieproject.com\/news\/fr\/wp-json\/wp\/v2\/posts\/26533","targetHints":{"allow":["GET"]}}],"collection":[{"href":"https:\/\/appsaf.apieproject.com\/news\/fr\/wp-json\/wp\/v2\/posts"}],"about":[{"href":"https:\/\/appsaf.apieproject.com\/news\/fr\/wp-json\/wp\/v2\/types\/post"}],"author":[{"embeddable":true,"href":"https:\/\/appsaf.apieproject.com\/news\/fr\/wp-json\/wp\/v2\/users\/12963"}],"replies":[{"embeddable":true,"href":"https:\/\/appsaf.apieproject.com\/news\/fr\/wp-json\/wp\/v2\/comments?post=26533"}],"version-history":[{"count":1,"href":"https:\/\/appsaf.apieproject.com\/news\/fr\/wp-json\/wp\/v2\/posts\/26533\/revisions"}],"predecessor-version":[{"id":26869,"href":"https:\/\/appsaf.apieproject.com\/news\/fr\/wp-json\/wp\/v2\/posts\/26533\/revisions\/26869"}],"wp:featuredmedia":[{"embeddable":true,"href":"https:\/\/appsaf.apieproject.com\/news\/fr\/wp-json\/wp\/v2\/media\/26530"}],"wp:attachment":[{"href":"https:\/\/appsaf.apieproject.com\/news\/fr\/wp-json\/wp\/v2\/media?parent=26533"}],"wp:term":[{"taxonomy":"category","embeddable":true,"href":"https:\/\/appsaf.apieproject.com\/news\/fr\/wp-json\/wp\/v2\/categories?post=26533"},{"taxonomy":"post_tag","embeddable":true,"href":"https:\/\/appsaf.apieproject.com\/news\/fr\/wp-json\/wp\/v2\/tags?post=26533"}],"curies":[{"name":"wp","href":"https:\/\/api.w.org\/{rel}","templated":true}]}}