{"id":27010,"date":"2023-03-08T15:47:28","date_gmt":"2023-03-08T15:47:28","guid":{"rendered":"https:\/\/appsaf.apieproject.com\/news\/?p=27010"},"modified":"2023-03-08T15:47:29","modified_gmt":"2023-03-08T15:47:29","slug":"festival-international-des-arts-du-benin-la-culture-est-au-benin-ce-que-le-petrole-est-au-qatar","status":"publish","type":"post","link":"https:\/\/appsaf.apieproject.com\/news\/fr\/2023\/03\/08\/festival-international-des-arts-du-benin-la-culture-est-au-benin-ce-que-le-petrole-est-au-qatar\/","title":{"rendered":"Festival International Des Arts Du B\u00e9nin : \u00ab La Culture Est Au B\u00e9nin Ce Que Le P\u00e9trole Est Au Qatar \u00bb"},"content":{"rendered":"<p>En cette apr\u00e8s-midi chaude du 17 f\u00e9vrier, les danseurs traditionnels du B\u00e9nin s&rsquo;\u00e9taient par\u00e9s de leurs plus beaux atours, dans les rues fra\u00eechement pav\u00e9es de Ouidah. Pendant pr\u00e8s de deux heures, ils ont sillonn\u00e9 la ville, aux sons des tambours, sous les yeux de plusieurs centaines de curieux, venus assister \u00e0 un spectacle in\u00e9dit (sponsoris\u00e9 par la Sobebra). Sur leur passage, des bambins effray\u00e9s par les masques se cachent derri\u00e8re les murs en banco des habitations alentour. \u00ab \u00c0 travers ces danseurs, ce sont les 77 communes du B\u00e9nin qui sont repr\u00e9sent\u00e9es \u00bb, pr\u00e9cise Flavien Aidjinou, coordonnateur de l&rsquo;\u00e9v\u00e9nement, missionn\u00e9 par le FinAB.<\/p>\n<p>Ici, des guerriers, arcs en main, peinture blanche sur un corps et recouverts de peau de b\u00eate, l\u00e0 un avatar de Chucky renvoyant aux masques plus modernes adopt\u00e9s par les Afro-br\u00e9siliens (bourians), un peu plus loin les Kpodji-Gu\u00e8gu\u00e8 port\u00e9s par leurs immenses \u00e9chasses : le d\u00e9fil\u00e9 refl\u00e8te la richesse et la multiplicit\u00e9 des cultures du B\u00e9nin. M\u00eame le myst\u00e9rieux Zangbeto, (l&rsquo;esprit vaudou charg\u00e9 de veiller sur le sommeil des habitants et d&rsquo;\u00e9loigner les mauvais esprits) \u00e9tait de la partie. \u00ab Avant de sortir le Zangbeto, nous avons demand\u00e9 la permission aux esprits \u00bb, assure Eric Acakpo, qui repr\u00e9sente ce jour-l\u00e0 la communaut\u00e9 des artistes de Ouidah. \u00ab Nous sommes dans une procession culturelle et non cultuelle. Il n&rsquo;est pas question de tomber dans la folklorisation \u00bb, pr\u00e9cise-t-il n\u00e9anmoins.<\/p>\n<p>Sur la place du village, Ulrich Adjovi, le jeune et flegmatique, mais puissant promoteur du festival international des arts du B\u00e9nin, \u00e0 la man\u0153uvre d&rsquo;une semaine d&rsquo;\u00e9v\u00e9nements culturels et artistiques entre Cotonou, Ouidah et Porto-Novo, arrive accompagn\u00e9 de notables ravis de voir s&rsquo;animer la cit\u00e9 \u00ab trop \u00bb longtemps endormie.<\/p>\n<p>Depuis quelques mois, la ville a fait peau neuve. R\u00e9habilitation des art\u00e8res de la ville, du temple aux pythons et du fort colonial portugais : Ouidah, connue pour sa porte du \u00ab non-retour \u00bb d&rsquo;o\u00f9 partaient les esclaves d&rsquo;antan, souvent pr\u00e9sent\u00e9e comme la ville originelle du vaudou, est en pleine transformation. M\u00eame la Fondation Zinsou a \u00e9t\u00e9 d\u00e9localis\u00e9e de Cotonou \u00e0 Ouidah dans un esprit de d\u00e9centralisation culturelle engag\u00e9e par le gouvernement depuis plusieurs mois.<\/p>\n<p>FINAB, une vitrine culturelle au service des artistes africains<br \/>\n\u00ab Pour tous les artistes de Ouidah, cette journ\u00e9e repr\u00e9sente un grand \u00e9v\u00e9nement \u00bb, souligne Eric Acakpo. \u00ab Nous avons besoin de visibilit\u00e9 et de soutien, car beaucoup d&rsquo;artistes b\u00e9ninois sont contraints d&rsquo;exercer d&rsquo;autres m\u00e9tiers, faute de revenus. J&rsquo;esp\u00e8re que cet \u00e9v\u00e9nement va nous aider \u00bb, explique-t-il. Eric Acakpo a plus de chance, car le danseur et chor\u00e9graphe b\u00e9ninois enseigne aussi le \u00ab fa \u00bb (art divinatoire li\u00e9 au vaudou, r\u00e9pandu chez les Yorubas et les Fons) en Europe, une partie de l&rsquo;ann\u00e9e.<\/p>\n<p>Longtemps minor\u00e9es \u00e0 l&rsquo;international, les richesses culturelles du B\u00e9nin repr\u00e9sentent d\u00e9sormais un levier de croissance inscrit au c\u0153ur de la politique de d\u00e9veloppement national. Apr\u00e8s le succ\u00e8s de l&rsquo;exposition des \u0153uvres restitu\u00e9es par la France, qui a attir\u00e9 plusieurs centaines de milliers de spectateurs en quelques mois, c&rsquo;est tout le B\u00e9nin qui affirme son identit\u00e9 \u00e0 travers une profusion d&rsquo;initiatives culturelles.<\/p>\n<p>Le FinAB est le r\u00e9sultat de l&rsquo;ambition d&rsquo;un homme d&rsquo;affaires b\u00e9ninois, Ulrich Adjovi, \u00e0 la t\u00eate du groupe Empire. Le businessman a r\u00e9ussi le tour de force de r\u00e9unir quelques-uns des plus grands noms de l&rsquo;art contemporain africain (Ludovic Faidara, Barth\u00e9l\u00e9my Toguo ou encore Siriki Ky), mais aussi des photographes comme le Burkinab\u00e9, Warren Sar\u00e9, des designers comme le Nig\u00e9rien Alphadi ou des chanteurs de renomm\u00e9e internationale tels que l&rsquo;Ivoirien Kerozen ou le Guin\u00e9en N&rsquo;Faly Kouyat\u00e9.<\/p>\n<p>Sur la plage de Cotonou, un immense site accueillait les visiteurs qui avaient tout loisir de d\u00e9couvrir les sp\u00e9cialit\u00e9s culinaires nationales dans le food-market, avant d&rsquo;assister aux concerts et aux performances en plein air, propos\u00e9s dans le cadre du FinAB.<\/p>\n<p>Pendant six jours, la capitale du B\u00e9nin a vibr\u00e9 au rythme des concerts, des d\u00e9fil\u00e9s de mode et des expositions de plasticiens ou de photographes venus des quatre coins de l&rsquo;Afrique. Cette initiative priv\u00e9e, n\u00e9e du groupe Empire et plac\u00e9e sous le haut patronage du minist\u00e8re de la Culture, s&rsquo;inscrit au c\u0153ur de la politique de diversification \u00e9conomique du B\u00e9nin qui entend faire des arts et de la culture, un vecteur d&rsquo;attractivit\u00e9 touristique. Six mus\u00e9es sont actuellement en construction et deux autres sont en r\u00e9novation.<\/p>\n<p>Parall\u00e8lement, le B\u00e9nin multiplie les investissements dans les infrastructures touristiques. \u00ab Entre 2021 et 2026, nous consacrerons 670 milliards de francs CFA sur cinq ans dans les infrastructures, dont 200 milliards pour les infrastructures mus\u00e9ales \u00bb, d\u00e9clarait Jean-Michel Abimbola avec pragmatisme \u00e0 La Tribune Afrique en juin dernier.<\/p>\n<p>\u00c0 ce jour, ils ne seraient que 300.000 touristes \u00e0 visiter le B\u00e9nin chaque ann\u00e9e selon l&rsquo;aviation civile, un chiffre que le gouvernement souhaite porter \u00e0 un million \u00e0 l&rsquo;horizon 2025. D&rsquo;apr\u00e8s le ministre, ce vaste programme touristique et culturel devrait \u00e9galement permettre de cr\u00e9er \u00ab entre 350 000 et 500 000 emplois directs \u00bb. Pour accompagner cette ambitieuse politique, le B\u00e9nin s&rsquo;est dot\u00e9 d&rsquo;une Agence nationale de promotion des patrimoines et de d\u00e9veloppement du tourisme (ANPT) depuis 2016, assorti d&rsquo;un budget de 650 milliards de francs CFA.<\/p>\n<p>Lancement d&rsquo;un label musical et ouverture d&rsquo;une galerie d&rsquo;Art : le secteur priv\u00e9 se mobilise<br \/>\nLe 15 f\u00e9vrier, aux alentours de 19h30, le quartier de la Haie-Vive est en effervescence. C&rsquo;est le jour de l&rsquo;ouverture de la Galerie A qui recevait les pionniers de l&rsquo;art contemporain du continent, en pr\u00e9sence de Abdoulaye Bio Tchan\u00e9, ministre d&rsquo;\u00c9tat, charg\u00e9 du d\u00e9veloppement. \u00ab Avec cet \u00e9v\u00e9nement, nous d\u00e9montrons qu&rsquo;il est possible \u00e0 partir du B\u00e9nin, de d\u00e9velopper une sc\u00e8ne artistique internationale \u00bb, se f\u00e9licite Martine Boucher, commissaire g\u00e9n\u00e9rale de l&rsquo;exposition, ravie d&rsquo;avoir r\u00e9uni des plasticiens tels que le B\u00e9ninois Faidaro, l&rsquo;Ivoirienne Mathilde Moreau, le S\u00e9n\u00e9galais Viy\u00e9 Diba, le Malien Abdoulaye Konat\u00e9, l&rsquo;Ivoirien Siriki Ky ou encore le Camerounais Barth\u00e9l\u00e9my Toguo.<\/p>\n<p>\u00ab Nous sommes les baobabs de l&rsquo;Art contemporain et aujourd&rsquo;hui, nous transmettons notre savoir, car il est important de cr\u00e9er en Afrique, notre propre langage artistique \u00bb, explique Siriki Ky qui revient tout juste du Burkina Faso o\u00f9 il accompagnait une quinzaine de jeunes artistes. Le c\u00e9l\u00e8bre Barth\u00e9l\u00e9my Toguo s&rsquo;est r\u00e9joui de cette nouvelle galerie, ouverte par le groupe Empire, car \u00ab les lieux d&rsquo;exposition manquent encore en Afrique \u00bb.<\/p>\n<p>Au dernier jour du festival, le groupe Empire annon\u00e7a la cr\u00e9ation d&rsquo;un label musical, le \u00ab Black Music Industry \u00bb, n\u00e9 d&rsquo;un partenariat avec Universal Music Africa et dirig\u00e9 par Auguste Amoussou. Cette initiative vient soutenir des musiciens b\u00e9ninois (et plus largement africains) qui sont \u00e0 la peine. \u00ab La premi\u00e8re propri\u00e9t\u00e9 est la propri\u00e9t\u00e9 intellectuelle et elle doit \u00eatre prot\u00e9g\u00e9e \u00bb, lance Eug\u00e8ne Aballo, directeur g\u00e9n\u00e9ral de la BUBEDRA (le Bureau b\u00e9ninois du droit d&rsquo;auteur et des droits voisins), lors d&rsquo;un d\u00e9bat particuli\u00e8rement anim\u00e9 au matin du 19 f\u00e9vrier. \u00ab Nous n&rsquo;arrivons pas \u00e0 quantifier le poids \u00e9conomique de la musique dans le PIB \u00bb, a -t-il ajout\u00e9 face \u00e0 Franck Kacou, directeur g\u00e9n\u00e9ral d&rsquo;Universal Music Africa qui estime n\u00e9anmoins qu&rsquo;il \u00ab y a une prise de conscience en Afrique, pour associer la musique \u00e0 la cr\u00e9ation de richesse locale \u00bb.<\/p>\n<p>Sp\u00e9cialis\u00e9 dans l&rsquo;organisation d&rsquo;\u00e9v\u00e9nements culturels de grande envergure en Afrique, \u00e0 travers ce nouveau label, le groupe Empire entend produire des artistes du B\u00e9nin et de la sous-r\u00e9gion. \u00ab Nous sommes d\u00e9j\u00e0 le partenaire officiel de Universal au B\u00e9nin. Maintenant, nous voulons multiplier les partenariats avec des maisons de production locales. Il nous faut mutualiser nos ressources \u00bb, a d\u00e9clar\u00e9 Auguste Amoussou, non sans pr\u00e9ciser qu&rsquo;il n&rsquo;est \u00ab pas question de r\u00e9cup\u00e9rer les artistes des labels existants, mais de passer des partenariats \u00bb, dans une logique de b\u00e9n\u00e9fices partag\u00e9s. \u00ab La culture est au B\u00e9nin, ce que le p\u00e9trole est au Qatar \u00bb, a-t-il ajout\u00e9, tout en soulignant que les musiques traditionnelles ne seraient pas oubli\u00e9es&#8230;<\/p>\n<p>l<\/p>\n","protected":false},"excerpt":{"rendered":"<p>Apr\u00e8s le FESPACO au Burkina Faso et le FEMUA en C\u00f4te d&rsquo;Ivoire, avec le FinAB, le B\u00e9nin se dote \u00e0 son tour d&rsquo;un festival culturel international. L&rsquo;initiative port\u00e9e par Ulrich Adjovi, CEO du groupe Empire repr\u00e9sente en sus, une formidable vitrine de promotion de la politique culturelle nationale qui a r\u00e9uni plusieurs ministres d&rsquo;\u00c9tat aux c\u00f4t\u00e9s de personnalit\u00e9s venues des quatre coins du continent.<\/p>\n","protected":false},"author":12963,"featured_media":27007,"comment_status":"open","ping_status":"open","sticky":false,"template":"","format":"standard","meta":{"footnotes":""},"categories":[53,55],"tags":[78,87,88],"class_list":{"0":"post-27010","1":"post","2":"type-post","3":"status-publish","4":"format-standard","5":"has-post-thumbnail","7":"category-culture-fr","8":"category-divertissement","9":"tag-apie-project-2","10":"tag-culture-2","11":"tag-divertissement"},"yoast_head":"<!-- This site is optimized with the Yoast SEO plugin v24.4 - https:\/\/yoast.com\/wordpress\/plugins\/seo\/ -->\n<title>Festival International Des Arts Du B\u00e9nin : \u00ab La Culture Est Au B\u00e9nin Ce Que Le P\u00e9trole Est Au Qatar \u00bb - APIE NEWS<\/title>\n<meta name=\"robots\" content=\"index, follow, max-snippet:-1, max-image-preview:large, max-video-preview:-1\" \/>\n<link rel=\"canonical\" href=\"https:\/\/appsaf.apieproject.com\/news\/fr\/2023\/03\/08\/festival-international-des-arts-du-benin-la-culture-est-au-benin-ce-que-le-petrole-est-au-qatar\/\" \/>\n<meta property=\"og:locale\" content=\"fr_FR\" \/>\n<meta property=\"og:type\" content=\"article\" \/>\n<meta property=\"og:title\" content=\"Festival International Des Arts Du B\u00e9nin : \u00ab La Culture Est Au B\u00e9nin Ce Que Le P\u00e9trole Est Au Qatar \u00bb - APIE NEWS\" \/>\n<meta property=\"og:description\" content=\"Apr\u00e8s le FESPACO au Burkina Faso et le FEMUA en C\u00f4te d&#039;Ivoire, avec le FinAB, le B\u00e9nin se dote \u00e0 son tour d&#039;un festival culturel international. L&#039;initiative port\u00e9e par Ulrich Adjovi, CEO du groupe Empire repr\u00e9sente en sus, une formidable vitrine de promotion de la politique culturelle nationale qui a r\u00e9uni plusieurs ministres d&#039;\u00c9tat aux c\u00f4t\u00e9s de personnalit\u00e9s venues des quatre coins du continent.\" \/>\n<meta property=\"og:url\" content=\"https:\/\/appsaf.apieproject.com\/news\/fr\/2023\/03\/08\/festival-international-des-arts-du-benin-la-culture-est-au-benin-ce-que-le-petrole-est-au-qatar\/\" \/>\n<meta property=\"og:site_name\" content=\"APIE NEWS\" \/>\n<meta property=\"article:publisher\" content=\"https:\/\/facebook.com\/apieproject\" \/>\n<meta property=\"article:published_time\" content=\"2023-03-08T15:47:28+00:00\" \/>\n<meta property=\"article:modified_time\" content=\"2023-03-08T15:47:29+00:00\" \/>\n<meta property=\"og:image\" content=\"https:\/\/appsaf.apieproject.com\/news\/wp-content\/uploads\/sites\/29\/2023\/03\/Capture-e31d5806c8dd879553ccdc73040c09d0.jpg\" \/>\n\t<meta property=\"og:image:width\" content=\"609\" \/>\n\t<meta property=\"og:image:height\" content=\"312\" \/>\n\t<meta property=\"og:image:type\" content=\"image\/jpeg\" \/>\n<meta name=\"author\" content=\"staff\" \/>\n<meta name=\"twitter:card\" content=\"summary_large_image\" \/>\n<meta name=\"twitter:creator\" content=\"@apieproject\" \/>\n<meta name=\"twitter:site\" content=\"@apieproject\" \/>\n<meta name=\"twitter:label1\" content=\"\u00c9crit par\" \/>\n\t<meta name=\"twitter:data1\" content=\"staff\" \/>\n\t<meta name=\"twitter:label2\" content=\"Dur\u00e9e de lecture estim\u00e9e\" \/>\n\t<meta name=\"twitter:data2\" content=\"6 minutes\" \/>\n<script type=\"application\/ld+json\" class=\"yoast-schema-graph\">{\"@context\":\"https:\/\/schema.org\",\"@graph\":[{\"@type\":\"Article\",\"@id\":\"https:\/\/appsaf.apieproject.com\/news\/fr\/2023\/03\/08\/festival-international-des-arts-du-benin-la-culture-est-au-benin-ce-que-le-petrole-est-au-qatar\/#article\",\"isPartOf\":{\"@id\":\"https:\/\/appsaf.apieproject.com\/news\/fr\/2023\/03\/08\/festival-international-des-arts-du-benin-la-culture-est-au-benin-ce-que-le-petrole-est-au-qatar\/\"},\"author\":{\"name\":\"staff\",\"@id\":\"https:\/\/appsaf.apieproject.com\/news\/#\/schema\/person\/399517cac378948cd7b39086f9ddc2a7\"},\"headline\":\"Festival International Des Arts Du B\u00e9nin : \u00ab La Culture Est Au B\u00e9nin Ce Que Le P\u00e9trole Est Au Qatar \u00bb\",\"datePublished\":\"2023-03-08T15:47:28+00:00\",\"dateModified\":\"2023-03-08T15:47:29+00:00\",\"mainEntityOfPage\":{\"@id\":\"https:\/\/appsaf.apieproject.com\/news\/fr\/2023\/03\/08\/festival-international-des-arts-du-benin-la-culture-est-au-benin-ce-que-le-petrole-est-au-qatar\/\"},\"wordCount\":1452,\"commentCount\":0,\"publisher\":{\"@id\":\"https:\/\/appsaf.apieproject.com\/news\/#organization\"},\"image\":{\"@id\":\"https:\/\/appsaf.apieproject.com\/news\/fr\/2023\/03\/08\/festival-international-des-arts-du-benin-la-culture-est-au-benin-ce-que-le-petrole-est-au-qatar\/#primaryimage\"},\"thumbnailUrl\":\"https:\/\/appsaf.apieproject.com\/news\/wp-content\/uploads\/sites\/29\/2023\/03\/Capture-e31d5806c8dd879553ccdc73040c09d0.jpg\",\"keywords\":[\"apie project\",\"culture\",\"divertissement\"],\"articleSection\":[\"Culture\",\"Divertissement\"],\"inLanguage\":\"fr-FR\",\"potentialAction\":[{\"@type\":\"CommentAction\",\"name\":\"Comment\",\"target\":[\"https:\/\/appsaf.apieproject.com\/news\/fr\/2023\/03\/08\/festival-international-des-arts-du-benin-la-culture-est-au-benin-ce-que-le-petrole-est-au-qatar\/#respond\"]}]},{\"@type\":\"WebPage\",\"@id\":\"https:\/\/appsaf.apieproject.com\/news\/fr\/2023\/03\/08\/festival-international-des-arts-du-benin-la-culture-est-au-benin-ce-que-le-petrole-est-au-qatar\/\",\"url\":\"https:\/\/appsaf.apieproject.com\/news\/fr\/2023\/03\/08\/festival-international-des-arts-du-benin-la-culture-est-au-benin-ce-que-le-petrole-est-au-qatar\/\",\"name\":\"Festival International Des Arts Du B\u00e9nin : \u00ab La Culture Est Au B\u00e9nin Ce Que Le P\u00e9trole Est Au Qatar \u00bb - APIE NEWS\",\"isPartOf\":{\"@id\":\"https:\/\/appsaf.apieproject.com\/news\/#website\"},\"primaryImageOfPage\":{\"@id\":\"https:\/\/appsaf.apieproject.com\/news\/fr\/2023\/03\/08\/festival-international-des-arts-du-benin-la-culture-est-au-benin-ce-que-le-petrole-est-au-qatar\/#primaryimage\"},\"image\":{\"@id\":\"https:\/\/appsaf.apieproject.com\/news\/fr\/2023\/03\/08\/festival-international-des-arts-du-benin-la-culture-est-au-benin-ce-que-le-petrole-est-au-qatar\/#primaryimage\"},\"thumbnailUrl\":\"https:\/\/appsaf.apieproject.com\/news\/wp-content\/uploads\/sites\/29\/2023\/03\/Capture-e31d5806c8dd879553ccdc73040c09d0.jpg\",\"datePublished\":\"2023-03-08T15:47:28+00:00\",\"dateModified\":\"2023-03-08T15:47:29+00:00\",\"breadcrumb\":{\"@id\":\"https:\/\/appsaf.apieproject.com\/news\/fr\/2023\/03\/08\/festival-international-des-arts-du-benin-la-culture-est-au-benin-ce-que-le-petrole-est-au-qatar\/#breadcrumb\"},\"inLanguage\":\"fr-FR\",\"potentialAction\":[{\"@type\":\"ReadAction\",\"target\":[\"https:\/\/appsaf.apieproject.com\/news\/fr\/2023\/03\/08\/festival-international-des-arts-du-benin-la-culture-est-au-benin-ce-que-le-petrole-est-au-qatar\/\"]}]},{\"@type\":\"ImageObject\",\"inLanguage\":\"fr-FR\",\"@id\":\"https:\/\/appsaf.apieproject.com\/news\/fr\/2023\/03\/08\/festival-international-des-arts-du-benin-la-culture-est-au-benin-ce-que-le-petrole-est-au-qatar\/#primaryimage\",\"url\":\"https:\/\/appsaf.apieproject.com\/news\/wp-content\/uploads\/sites\/29\/2023\/03\/Capture-e31d5806c8dd879553ccdc73040c09d0.jpg\",\"contentUrl\":\"https:\/\/appsaf.apieproject.com\/news\/wp-content\/uploads\/sites\/29\/2023\/03\/Capture-e31d5806c8dd879553ccdc73040c09d0.jpg\",\"width\":609,\"height\":312},{\"@type\":\"BreadcrumbList\",\"@id\":\"https:\/\/appsaf.apieproject.com\/news\/fr\/2023\/03\/08\/festival-international-des-arts-du-benin-la-culture-est-au-benin-ce-que-le-petrole-est-au-qatar\/#breadcrumb\",\"itemListElement\":[{\"@type\":\"ListItem\",\"position\":1,\"name\":\"Home\",\"item\":\"https:\/\/appsaf.apieproject.com\/news\/fr\/home\/\"},{\"@type\":\"ListItem\",\"position\":2,\"name\":\"Festival International Des Arts Du B\u00e9nin : \u00ab La Culture Est Au B\u00e9nin Ce Que Le P\u00e9trole Est Au Qatar \u00bb\"}]},{\"@type\":\"WebSite\",\"@id\":\"https:\/\/appsaf.apieproject.com\/news\/#website\",\"url\":\"https:\/\/appsaf.apieproject.com\/news\/\",\"name\":\"APIE NEWS\",\"description\":\"PANAFRICANISM NEWS PORTAL\",\"publisher\":{\"@id\":\"https:\/\/appsaf.apieproject.com\/news\/#organization\"},\"potentialAction\":[{\"@type\":\"SearchAction\",\"target\":{\"@type\":\"EntryPoint\",\"urlTemplate\":\"https:\/\/appsaf.apieproject.com\/news\/?s={search_term_string}\"},\"query-input\":{\"@type\":\"PropertyValueSpecification\",\"valueRequired\":true,\"valueName\":\"search_term_string\"}}],\"inLanguage\":\"fr-FR\"},{\"@type\":\"Organization\",\"@id\":\"https:\/\/appsaf.apieproject.com\/news\/#organization\",\"name\":\"APIE PROJECT\",\"url\":\"https:\/\/appsaf.apieproject.com\/news\/\",\"logo\":{\"@type\":\"ImageObject\",\"inLanguage\":\"fr-FR\",\"@id\":\"https:\/\/appsaf.apieproject.com\/news\/#\/schema\/logo\/image\/\",\"url\":\"https:\/\/appsaf.apieproject.com\/news\/wp-content\/uploads\/sites\/29\/2022\/07\/logo-R-TransparentBackground.png\",\"contentUrl\":\"https:\/\/appsaf.apieproject.com\/news\/wp-content\/uploads\/sites\/29\/2022\/07\/logo-R-TransparentBackground.png\",\"width\":512,\"height\":512,\"caption\":\"APIE PROJECT\"},\"image\":{\"@id\":\"https:\/\/appsaf.apieproject.com\/news\/#\/schema\/logo\/image\/\"},\"sameAs\":[\"https:\/\/facebook.com\/apieproject\",\"https:\/\/x.com\/apieproject\"]},{\"@type\":\"Person\",\"@id\":\"https:\/\/appsaf.apieproject.com\/news\/#\/schema\/person\/399517cac378948cd7b39086f9ddc2a7\",\"name\":\"staff\",\"image\":{\"@type\":\"ImageObject\",\"inLanguage\":\"fr-FR\",\"@id\":\"https:\/\/appsaf.apieproject.com\/news\/#\/schema\/person\/image\/\",\"url\":\"https:\/\/secure.gravatar.com\/avatar\/5386283c5db150efe261184bd59f072a?s=96&d=mm&r=g\",\"contentUrl\":\"https:\/\/secure.gravatar.com\/avatar\/5386283c5db150efe261184bd59f072a?s=96&d=mm&r=g\",\"caption\":\"staff\"},\"url\":\"https:\/\/appsaf.apieproject.com\/news\/fr\/author\/staff\/\"}]}<\/script>\n<!-- \/ Yoast SEO plugin. -->","yoast_head_json":{"title":"Festival International Des Arts Du B\u00e9nin : \u00ab La Culture Est Au B\u00e9nin Ce Que Le P\u00e9trole Est Au Qatar \u00bb - APIE NEWS","robots":{"index":"index","follow":"follow","max-snippet":"max-snippet:-1","max-image-preview":"max-image-preview:large","max-video-preview":"max-video-preview:-1"},"canonical":"https:\/\/appsaf.apieproject.com\/news\/fr\/2023\/03\/08\/festival-international-des-arts-du-benin-la-culture-est-au-benin-ce-que-le-petrole-est-au-qatar\/","og_locale":"fr_FR","og_type":"article","og_title":"Festival International Des Arts Du B\u00e9nin : \u00ab La Culture Est Au B\u00e9nin Ce Que Le P\u00e9trole Est Au Qatar \u00bb - APIE NEWS","og_description":"Apr\u00e8s le FESPACO au Burkina Faso et le FEMUA en C\u00f4te d'Ivoire, avec le FinAB, le B\u00e9nin se dote \u00e0 son tour d'un festival culturel international. L'initiative port\u00e9e par Ulrich Adjovi, CEO du groupe Empire repr\u00e9sente en sus, une formidable vitrine de promotion de la politique culturelle nationale qui a r\u00e9uni plusieurs ministres d'\u00c9tat aux c\u00f4t\u00e9s de personnalit\u00e9s venues des quatre coins du continent.","og_url":"https:\/\/appsaf.apieproject.com\/news\/fr\/2023\/03\/08\/festival-international-des-arts-du-benin-la-culture-est-au-benin-ce-que-le-petrole-est-au-qatar\/","og_site_name":"APIE NEWS","article_publisher":"https:\/\/facebook.com\/apieproject","article_published_time":"2023-03-08T15:47:28+00:00","article_modified_time":"2023-03-08T15:47:29+00:00","og_image":[{"width":609,"height":312,"url":"https:\/\/appsaf.apieproject.com\/news\/wp-content\/uploads\/sites\/29\/2023\/03\/Capture-e31d5806c8dd879553ccdc73040c09d0.jpg","type":"image\/jpeg"}],"author":"staff","twitter_card":"summary_large_image","twitter_creator":"@apieproject","twitter_site":"@apieproject","twitter_misc":{"\u00c9crit par":"staff","Dur\u00e9e de lecture estim\u00e9e":"6 minutes"},"schema":{"@context":"https:\/\/schema.org","@graph":[{"@type":"Article","@id":"https:\/\/appsaf.apieproject.com\/news\/fr\/2023\/03\/08\/festival-international-des-arts-du-benin-la-culture-est-au-benin-ce-que-le-petrole-est-au-qatar\/#article","isPartOf":{"@id":"https:\/\/appsaf.apieproject.com\/news\/fr\/2023\/03\/08\/festival-international-des-arts-du-benin-la-culture-est-au-benin-ce-que-le-petrole-est-au-qatar\/"},"author":{"name":"staff","@id":"https:\/\/appsaf.apieproject.com\/news\/#\/schema\/person\/399517cac378948cd7b39086f9ddc2a7"},"headline":"Festival International Des Arts Du B\u00e9nin : \u00ab La Culture Est Au B\u00e9nin Ce Que Le P\u00e9trole Est Au Qatar \u00bb","datePublished":"2023-03-08T15:47:28+00:00","dateModified":"2023-03-08T15:47:29+00:00","mainEntityOfPage":{"@id":"https:\/\/appsaf.apieproject.com\/news\/fr\/2023\/03\/08\/festival-international-des-arts-du-benin-la-culture-est-au-benin-ce-que-le-petrole-est-au-qatar\/"},"wordCount":1452,"commentCount":0,"publisher":{"@id":"https:\/\/appsaf.apieproject.com\/news\/#organization"},"image":{"@id":"https:\/\/appsaf.apieproject.com\/news\/fr\/2023\/03\/08\/festival-international-des-arts-du-benin-la-culture-est-au-benin-ce-que-le-petrole-est-au-qatar\/#primaryimage"},"thumbnailUrl":"https:\/\/appsaf.apieproject.com\/news\/wp-content\/uploads\/sites\/29\/2023\/03\/Capture-e31d5806c8dd879553ccdc73040c09d0.jpg","keywords":["apie project","culture","divertissement"],"articleSection":["Culture","Divertissement"],"inLanguage":"fr-FR","potentialAction":[{"@type":"CommentAction","name":"Comment","target":["https:\/\/appsaf.apieproject.com\/news\/fr\/2023\/03\/08\/festival-international-des-arts-du-benin-la-culture-est-au-benin-ce-que-le-petrole-est-au-qatar\/#respond"]}]},{"@type":"WebPage","@id":"https:\/\/appsaf.apieproject.com\/news\/fr\/2023\/03\/08\/festival-international-des-arts-du-benin-la-culture-est-au-benin-ce-que-le-petrole-est-au-qatar\/","url":"https:\/\/appsaf.apieproject.com\/news\/fr\/2023\/03\/08\/festival-international-des-arts-du-benin-la-culture-est-au-benin-ce-que-le-petrole-est-au-qatar\/","name":"Festival International Des Arts Du B\u00e9nin : \u00ab La Culture Est Au B\u00e9nin Ce Que Le P\u00e9trole Est Au Qatar \u00bb - APIE NEWS","isPartOf":{"@id":"https:\/\/appsaf.apieproject.com\/news\/#website"},"primaryImageOfPage":{"@id":"https:\/\/appsaf.apieproject.com\/news\/fr\/2023\/03\/08\/festival-international-des-arts-du-benin-la-culture-est-au-benin-ce-que-le-petrole-est-au-qatar\/#primaryimage"},"image":{"@id":"https:\/\/appsaf.apieproject.com\/news\/fr\/2023\/03\/08\/festival-international-des-arts-du-benin-la-culture-est-au-benin-ce-que-le-petrole-est-au-qatar\/#primaryimage"},"thumbnailUrl":"https:\/\/appsaf.apieproject.com\/news\/wp-content\/uploads\/sites\/29\/2023\/03\/Capture-e31d5806c8dd879553ccdc73040c09d0.jpg","datePublished":"2023-03-08T15:47:28+00:00","dateModified":"2023-03-08T15:47:29+00:00","breadcrumb":{"@id":"https:\/\/appsaf.apieproject.com\/news\/fr\/2023\/03\/08\/festival-international-des-arts-du-benin-la-culture-est-au-benin-ce-que-le-petrole-est-au-qatar\/#breadcrumb"},"inLanguage":"fr-FR","potentialAction":[{"@type":"ReadAction","target":["https:\/\/appsaf.apieproject.com\/news\/fr\/2023\/03\/08\/festival-international-des-arts-du-benin-la-culture-est-au-benin-ce-que-le-petrole-est-au-qatar\/"]}]},{"@type":"ImageObject","inLanguage":"fr-FR","@id":"https:\/\/appsaf.apieproject.com\/news\/fr\/2023\/03\/08\/festival-international-des-arts-du-benin-la-culture-est-au-benin-ce-que-le-petrole-est-au-qatar\/#primaryimage","url":"https:\/\/appsaf.apieproject.com\/news\/wp-content\/uploads\/sites\/29\/2023\/03\/Capture-e31d5806c8dd879553ccdc73040c09d0.jpg","contentUrl":"https:\/\/appsaf.apieproject.com\/news\/wp-content\/uploads\/sites\/29\/2023\/03\/Capture-e31d5806c8dd879553ccdc73040c09d0.jpg","width":609,"height":312},{"@type":"BreadcrumbList","@id":"https:\/\/appsaf.apieproject.com\/news\/fr\/2023\/03\/08\/festival-international-des-arts-du-benin-la-culture-est-au-benin-ce-que-le-petrole-est-au-qatar\/#breadcrumb","itemListElement":[{"@type":"ListItem","position":1,"name":"Home","item":"https:\/\/appsaf.apieproject.com\/news\/fr\/home\/"},{"@type":"ListItem","position":2,"name":"Festival International Des Arts Du B\u00e9nin : \u00ab La Culture Est Au B\u00e9nin Ce Que Le P\u00e9trole Est Au Qatar \u00bb"}]},{"@type":"WebSite","@id":"https:\/\/appsaf.apieproject.com\/news\/#website","url":"https:\/\/appsaf.apieproject.com\/news\/","name":"APIE NEWS","description":"PANAFRICANISM NEWS PORTAL","publisher":{"@id":"https:\/\/appsaf.apieproject.com\/news\/#organization"},"potentialAction":[{"@type":"SearchAction","target":{"@type":"EntryPoint","urlTemplate":"https:\/\/appsaf.apieproject.com\/news\/?s={search_term_string}"},"query-input":{"@type":"PropertyValueSpecification","valueRequired":true,"valueName":"search_term_string"}}],"inLanguage":"fr-FR"},{"@type":"Organization","@id":"https:\/\/appsaf.apieproject.com\/news\/#organization","name":"APIE PROJECT","url":"https:\/\/appsaf.apieproject.com\/news\/","logo":{"@type":"ImageObject","inLanguage":"fr-FR","@id":"https:\/\/appsaf.apieproject.com\/news\/#\/schema\/logo\/image\/","url":"https:\/\/appsaf.apieproject.com\/news\/wp-content\/uploads\/sites\/29\/2022\/07\/logo-R-TransparentBackground.png","contentUrl":"https:\/\/appsaf.apieproject.com\/news\/wp-content\/uploads\/sites\/29\/2022\/07\/logo-R-TransparentBackground.png","width":512,"height":512,"caption":"APIE PROJECT"},"image":{"@id":"https:\/\/appsaf.apieproject.com\/news\/#\/schema\/logo\/image\/"},"sameAs":["https:\/\/facebook.com\/apieproject","https:\/\/x.com\/apieproject"]},{"@type":"Person","@id":"https:\/\/appsaf.apieproject.com\/news\/#\/schema\/person\/399517cac378948cd7b39086f9ddc2a7","name":"staff","image":{"@type":"ImageObject","inLanguage":"fr-FR","@id":"https:\/\/appsaf.apieproject.com\/news\/#\/schema\/person\/image\/","url":"https:\/\/secure.gravatar.com\/avatar\/5386283c5db150efe261184bd59f072a?s=96&d=mm&r=g","contentUrl":"https:\/\/secure.gravatar.com\/avatar\/5386283c5db150efe261184bd59f072a?s=96&d=mm&r=g","caption":"staff"},"url":"https:\/\/appsaf.apieproject.com\/news\/fr\/author\/staff\/"}]}},"_links":{"self":[{"href":"https:\/\/appsaf.apieproject.com\/news\/fr\/wp-json\/wp\/v2\/posts\/27010","targetHints":{"allow":["GET"]}}],"collection":[{"href":"https:\/\/appsaf.apieproject.com\/news\/fr\/wp-json\/wp\/v2\/posts"}],"about":[{"href":"https:\/\/appsaf.apieproject.com\/news\/fr\/wp-json\/wp\/v2\/types\/post"}],"author":[{"embeddable":true,"href":"https:\/\/appsaf.apieproject.com\/news\/fr\/wp-json\/wp\/v2\/users\/12963"}],"replies":[{"embeddable":true,"href":"https:\/\/appsaf.apieproject.com\/news\/fr\/wp-json\/wp\/v2\/comments?post=27010"}],"version-history":[{"count":2,"href":"https:\/\/appsaf.apieproject.com\/news\/fr\/wp-json\/wp\/v2\/posts\/27010\/revisions"}],"predecessor-version":[{"id":27189,"href":"https:\/\/appsaf.apieproject.com\/news\/fr\/wp-json\/wp\/v2\/posts\/27010\/revisions\/27189"}],"wp:featuredmedia":[{"embeddable":true,"href":"https:\/\/appsaf.apieproject.com\/news\/fr\/wp-json\/wp\/v2\/media\/27007"}],"wp:attachment":[{"href":"https:\/\/appsaf.apieproject.com\/news\/fr\/wp-json\/wp\/v2\/media?parent=27010"}],"wp:term":[{"taxonomy":"category","embeddable":true,"href":"https:\/\/appsaf.apieproject.com\/news\/fr\/wp-json\/wp\/v2\/categories?post=27010"},{"taxonomy":"post_tag","embeddable":true,"href":"https:\/\/appsaf.apieproject.com\/news\/fr\/wp-json\/wp\/v2\/tags?post=27010"}],"curies":[{"name":"wp","href":"https:\/\/api.w.org\/{rel}","templated":true}]}}