{"id":27800,"date":"2023-03-24T11:12:48","date_gmt":"2023-03-24T11:12:48","guid":{"rendered":"https:\/\/appsaf.apieproject.com\/news\/?p=27800"},"modified":"2023-03-24T11:12:52","modified_gmt":"2023-03-24T11:12:52","slug":"la-ligue-des-ecrivaines-africaines-une-naissance-dediee-a-lunivers-magique-des-mots","status":"publish","type":"post","link":"https:\/\/appsaf.apieproject.com\/news\/fr\/2023\/03\/24\/la-ligue-des-ecrivaines-africaines-une-naissance-dediee-a-lunivers-magique-des-mots\/","title":{"rendered":"La Ligue Des Ecrivaines Africaines\u2026 Une Naissance D\u00e9di\u00e9e A L\u2019Univers Magique Des Mots"},"content":{"rendered":"<p>Plac\u00e9 sous le th\u00e8me \u2018\u2019 Pour renforcer les voies de partenariat culturel africain\u2019\u2019, le congr\u00e8s qui co\u00efncideavec la c\u00e9l\u00e9bration de la Journ\u00e9e internationale des droits des femmes, a choisi la ville de Rabat, capitale de la culture africaine en 2022, pour signer l\u2019acte de naissance de cette structure d\u00e9di\u00e9e \u00e0 la litt\u00e9rature africaine au f\u00e9minin. Ce choix rev\u00eat une signification tout \u00e0 fait particuli\u00e8re. C\u2019est une ville riche en histoire et en patrimoine culturel, mais aussi pittoresque par son aspect de cit\u00e9 qui transcende les fronti\u00e8res et consolide le vivre ensemble \u00e0 travers la promotion de la culture du dialogue et de la paix.<\/p>\n<p>Pour nombre de participantes venues de toute l\u2019Afrique prendre part aupr\u00e8s de leurs cons\u0153urs marocaines \u00e0 la ratification du projet de la ligue, cette structure culturelle constitue l\u2019espace id\u00e9al d\u2019\u00e9change entre diff\u00e9rents pays repr\u00e9sentant des civilisations et des cultures diff\u00e9rentes. C\u2019est un large r\u00e9seau culturel sur lequel va se construire principalement l\u2019action culturelle africaine conduite par des \u00e9crivaines qui ont choisi de se prendre en main au moyen de la culture en tant que puissant moteur de rayonnement et de fortification des relations entre les peuples. \u2018\u2019La litt\u00e9rature dans ses diff\u00e9rentes formes d\u2019expressions(roman, nouvelles, po\u00e9sie, th\u00e9\u00e2tre et autres..) est pour moi un facteur incontournable du rayonnement humain. Elle nous apprend \u00e0 r\u00e9fl\u00e9chir sur nous-m\u00eames, \u00e0 nous am\u00e9liorer en d\u00e9veloppant chez nous le sens esth\u00e9tique et l\u2019esprit critique\u2019\u2019, nous dit Fatoumata Sano, membre de l\u2019association des \u00e9crivains de Guin\u00e9e. A ses cot\u00e9s Ad\u00e9la\u00efde Fassinou Allagbara, professeur des Lettres du B\u00e9nin, rench\u00e9rit :\u2018\u2019C\u2019est aussi un foyer de lumi\u00e8res qui illumine nos vie et nous incite \u00e0 mieux nousconna\u00eetre et \u00e0 mieux nous entendre. Et m\u00eame si les civilisations africaines se sont parfois combattues ou affront\u00e9es, elles se sont influenc\u00e9es mutuellement et \u00e7a a donn\u00e9, non pas une culture africaine, mais des cultures africaines qui se sont inspir\u00e9es les unes des autres\u2019\u2019.<\/p>\n<p>La naissance de la ligue \u00e9tait de tous les points de vue un agr\u00e9able \u00e9v\u00e9nement de communion qui t\u00e9moigne et r\u00e9affirme l\u2019attachement des \u00e9crivaines africaines au sein de cette structure culturelle, \u00e0 leur identit\u00e9, \u00e0 leurs valeurs et \u00e0 leurs cultures. Elle est aussi l\u2019occasion r\u00eav\u00e9e de mettre en valeur la diversit\u00e9 du patrimoine litt\u00e9raire africain dont le fondement se trouve d\u2019abord et surtout dans l\u2019histoire de l\u2019Afrique et dans son identit\u00e9 culturelle qui traduit une pr\u00e9occupation commune \u00e0 tous les peuples du continent.<br \/>\nEn r\u00e9alit\u00e9, les citoyens d\u2019Afrique en d\u00e9pit de la domination culturelle coloniale qui a entra\u00een\u00e9 durant des d\u00e9cennies une certaine n\u00e9gation de la personnalit\u00e9 culturelle africaine, d\u00e9nigr\u00e9 et falsifi\u00e9 l\u2019histoire et les valeurs du continent, ont pu trouver dans la culture africaine les forces n\u00e9cessaires \u00e0 l\u2019\u00e9panouissement et \u00e0 la r\u00e9sistance.<\/p>\n<p>La naissance de cette structure r\u00e9pond ainsi \u00e0 l\u2019urgence d\u2019\u00e9difier des passerelles culturelles Sud-Sud qui int\u00e8grent les valeurs africaines, du fait que la culture reste le moyen le plus s\u00fbr pour la promotion d\u2019une voie propre \u00e0 l\u2019Afrique en r\u00e9ponse aux d\u00e9fis de la mondialisation. \u2018\u2019C\u2019est l\u2019histoire du continent qui est en train d\u2019\u00eatre \u00e9crite par ses propres femmes\u2019\u2019, a insist\u00e9 la ministre de la Solidarit\u00e9, de l\u2019insertion sociale et de la famille, Awatif Hayar. Des femmes qui repr\u00e9sentent un \u2018\u2019porte-flambeau d\u2019une culture sans fronti\u00e8res et d\u2019un continent africain de paix, de pluralisme et de vivre-ensemble auquel nous aspirons tous\u2019\u2019, abonde dans le m\u00eame sens Badia Radi, pr\u00e9sidente de la ligue des \u00e9crivaines d\u2019Afrique, dont la mise en place a n\u00e9cessit\u00e9 des mois de pr\u00e9paration et de concertation.<\/p>\n<p>Alors que le positionnement socio-\u00e9conomico-politique du Maroc et son r\u00f4le d\u2019investisseur dans le continent africain, a \u00e9t\u00e9 salu\u00e9 de partout comme un acte de diplomatie \u00e9conomique solidaire avec l\u2019Afrique, il est indispensable aujourd\u2019hui que soit mise en place par le biais de cette ligue, \u00e9paul\u00e9e par les \u00c9tats africains, d\u2019 une machine diplomatique culturelle destin\u00e9e \u00e0 \u00e9changer et \u00e0 promouvoir des images et des contenus culturels adapt\u00e9s sur le continent, sachant que l\u2019investissement dans le culturel est l\u2019un des meilleurs moyens de barrer la voie aux tendances de radicalisation extr\u00e9miste en Afrique.<\/p>\n<p>Il y a quelques d\u00e9cennies, la diplomatie \u00e9tait au service du renforcement des relations \u00e9conomiques et politiques. Aujourd\u2019hui, c\u2019est la dimension culturelle qui prime et repr\u00e9sente l\u2019un des fondamentaux des relations diplomatiques.<\/p>\n<p>Et c\u2019est pour cela que la naissance de la ligue des \u00e9crivaines d\u2019Afrique rev\u00eat en sus de sa port\u00e9e culturelle, une dimension principalement diplomatique qui s\u2019inscrit dans la nouvelle mouture de coop\u00e9ration entre le Maroc et le continent africain.<\/p>\n","protected":false},"excerpt":{"rendered":"<p>Des femmes et un continent, une belle dualit\u00e9 que la ligue des \u00e9crivaines d\u2019Afrique a honor\u00e9e ce jeudi 9 mars lors du congr\u00e8s constitutif rassemblant \u00e0 la biblioth\u00e8que nationale de Rabat une centaine de conf\u00e9renci\u00e8res venues d\u2019une quarantaine de pays africains ainsi que des ministres, ambassadeurs, politiques et plusieurs personnalit\u00e9s du monde de l\u2019art et de la Culture.<\/p>\n","protected":false},"author":12963,"featured_media":27797,"comment_status":"open","ping_status":"open","sticky":false,"template":"","format":"standard","meta":{"footnotes":""},"categories":[67,53],"tags":[81,78,87],"class_list":{"0":"post-27800","1":"post","2":"type-post","3":"status-publish","4":"format-standard","5":"has-post-thumbnail","7":"category-actualites","8":"category-culture-fr","9":"tag-actualites","10":"tag-apie-project-2","11":"tag-culture-2"},"yoast_head":"<!-- This site is optimized with the Yoast SEO plugin v24.4 - https:\/\/yoast.com\/wordpress\/plugins\/seo\/ -->\n<title>La Ligue Des Ecrivaines Africaines\u2026 Une Naissance D\u00e9di\u00e9e A L\u2019Univers Magique Des Mots - APIE NEWS<\/title>\n<meta name=\"robots\" content=\"index, follow, max-snippet:-1, max-image-preview:large, max-video-preview:-1\" \/>\n<link rel=\"canonical\" href=\"https:\/\/appsaf.apieproject.com\/news\/fr\/2023\/03\/24\/la-ligue-des-ecrivaines-africaines-une-naissance-dediee-a-lunivers-magique-des-mots\/\" \/>\n<meta property=\"og:locale\" content=\"fr_FR\" \/>\n<meta property=\"og:type\" content=\"article\" \/>\n<meta property=\"og:title\" content=\"La Ligue Des Ecrivaines Africaines\u2026 Une Naissance D\u00e9di\u00e9e A L\u2019Univers Magique Des Mots - APIE NEWS\" \/>\n<meta property=\"og:description\" content=\"Des femmes et un continent, une belle dualit\u00e9 que la ligue des \u00e9crivaines d\u2019Afrique a honor\u00e9e ce jeudi 9 mars lors du congr\u00e8s constitutif rassemblant \u00e0 la biblioth\u00e8que nationale de Rabat une centaine de conf\u00e9renci\u00e8res venues d\u2019une quarantaine de pays africains ainsi que des ministres, ambassadeurs, politiques et plusieurs personnalit\u00e9s du monde de l\u2019art et de la Culture.\" \/>\n<meta property=\"og:url\" content=\"https:\/\/appsaf.apieproject.com\/news\/fr\/2023\/03\/24\/la-ligue-des-ecrivaines-africaines-une-naissance-dediee-a-lunivers-magique-des-mots\/\" \/>\n<meta property=\"og:site_name\" content=\"APIE NEWS\" \/>\n<meta property=\"article:publisher\" content=\"https:\/\/facebook.com\/apieproject\" \/>\n<meta property=\"article:published_time\" content=\"2023-03-24T11:12:48+00:00\" \/>\n<meta property=\"article:modified_time\" content=\"2023-03-24T11:12:52+00:00\" \/>\n<meta property=\"og:image\" content=\"https:\/\/appsaf.apieproject.com\/news\/wp-content\/uploads\/sites\/29\/2023\/03\/5DEBC8D8-A540-455D-875D-DE01D86449BF-455x394-7498ba393b0267d4b0163742895310fb.jpeg\" \/>\n\t<meta property=\"og:image:width\" content=\"455\" \/>\n\t<meta property=\"og:image:height\" content=\"394\" \/>\n\t<meta property=\"og:image:type\" content=\"image\/jpeg\" \/>\n<meta name=\"author\" content=\"staff\" \/>\n<meta name=\"twitter:card\" content=\"summary_large_image\" \/>\n<meta name=\"twitter:creator\" content=\"@apieproject\" \/>\n<meta name=\"twitter:site\" content=\"@apieproject\" \/>\n<meta name=\"twitter:label1\" content=\"\u00c9crit par\" \/>\n\t<meta name=\"twitter:data1\" content=\"staff\" \/>\n\t<meta name=\"twitter:label2\" content=\"Dur\u00e9e de lecture estim\u00e9e\" \/>\n\t<meta name=\"twitter:data2\" content=\"4 minutes\" \/>\n<script type=\"application\/ld+json\" class=\"yoast-schema-graph\">{\"@context\":\"https:\/\/schema.org\",\"@graph\":[{\"@type\":\"Article\",\"@id\":\"https:\/\/appsaf.apieproject.com\/news\/fr\/2023\/03\/24\/la-ligue-des-ecrivaines-africaines-une-naissance-dediee-a-lunivers-magique-des-mots\/#article\",\"isPartOf\":{\"@id\":\"https:\/\/appsaf.apieproject.com\/news\/fr\/2023\/03\/24\/la-ligue-des-ecrivaines-africaines-une-naissance-dediee-a-lunivers-magique-des-mots\/\"},\"author\":{\"name\":\"staff\",\"@id\":\"https:\/\/appsaf.apieproject.com\/news\/#\/schema\/person\/399517cac378948cd7b39086f9ddc2a7\"},\"headline\":\"La Ligue Des Ecrivaines Africaines\u2026 Une Naissance D\u00e9di\u00e9e A L\u2019Univers Magique Des Mots\",\"datePublished\":\"2023-03-24T11:12:48+00:00\",\"dateModified\":\"2023-03-24T11:12:52+00:00\",\"mainEntityOfPage\":{\"@id\":\"https:\/\/appsaf.apieproject.com\/news\/fr\/2023\/03\/24\/la-ligue-des-ecrivaines-africaines-une-naissance-dediee-a-lunivers-magique-des-mots\/\"},\"wordCount\":857,\"commentCount\":0,\"publisher\":{\"@id\":\"https:\/\/appsaf.apieproject.com\/news\/#organization\"},\"image\":{\"@id\":\"https:\/\/appsaf.apieproject.com\/news\/fr\/2023\/03\/24\/la-ligue-des-ecrivaines-africaines-une-naissance-dediee-a-lunivers-magique-des-mots\/#primaryimage\"},\"thumbnailUrl\":\"https:\/\/appsaf.apieproject.com\/news\/wp-content\/uploads\/sites\/29\/2023\/03\/5DEBC8D8-A540-455D-875D-DE01D86449BF-455x394-7498ba393b0267d4b0163742895310fb.jpeg\",\"keywords\":[\"actualites\",\"apie project\",\"culture\"],\"articleSection\":[\"Actualit\u00e9s\",\"Culture\"],\"inLanguage\":\"fr-FR\",\"potentialAction\":[{\"@type\":\"CommentAction\",\"name\":\"Comment\",\"target\":[\"https:\/\/appsaf.apieproject.com\/news\/fr\/2023\/03\/24\/la-ligue-des-ecrivaines-africaines-une-naissance-dediee-a-lunivers-magique-des-mots\/#respond\"]}]},{\"@type\":\"WebPage\",\"@id\":\"https:\/\/appsaf.apieproject.com\/news\/fr\/2023\/03\/24\/la-ligue-des-ecrivaines-africaines-une-naissance-dediee-a-lunivers-magique-des-mots\/\",\"url\":\"https:\/\/appsaf.apieproject.com\/news\/fr\/2023\/03\/24\/la-ligue-des-ecrivaines-africaines-une-naissance-dediee-a-lunivers-magique-des-mots\/\",\"name\":\"La Ligue Des Ecrivaines Africaines\u2026 Une Naissance D\u00e9di\u00e9e A L\u2019Univers Magique Des Mots - APIE NEWS\",\"isPartOf\":{\"@id\":\"https:\/\/appsaf.apieproject.com\/news\/#website\"},\"primaryImageOfPage\":{\"@id\":\"https:\/\/appsaf.apieproject.com\/news\/fr\/2023\/03\/24\/la-ligue-des-ecrivaines-africaines-une-naissance-dediee-a-lunivers-magique-des-mots\/#primaryimage\"},\"image\":{\"@id\":\"https:\/\/appsaf.apieproject.com\/news\/fr\/2023\/03\/24\/la-ligue-des-ecrivaines-africaines-une-naissance-dediee-a-lunivers-magique-des-mots\/#primaryimage\"},\"thumbnailUrl\":\"https:\/\/appsaf.apieproject.com\/news\/wp-content\/uploads\/sites\/29\/2023\/03\/5DEBC8D8-A540-455D-875D-DE01D86449BF-455x394-7498ba393b0267d4b0163742895310fb.jpeg\",\"datePublished\":\"2023-03-24T11:12:48+00:00\",\"dateModified\":\"2023-03-24T11:12:52+00:00\",\"breadcrumb\":{\"@id\":\"https:\/\/appsaf.apieproject.com\/news\/fr\/2023\/03\/24\/la-ligue-des-ecrivaines-africaines-une-naissance-dediee-a-lunivers-magique-des-mots\/#breadcrumb\"},\"inLanguage\":\"fr-FR\",\"potentialAction\":[{\"@type\":\"ReadAction\",\"target\":[\"https:\/\/appsaf.apieproject.com\/news\/fr\/2023\/03\/24\/la-ligue-des-ecrivaines-africaines-une-naissance-dediee-a-lunivers-magique-des-mots\/\"]}]},{\"@type\":\"ImageObject\",\"inLanguage\":\"fr-FR\",\"@id\":\"https:\/\/appsaf.apieproject.com\/news\/fr\/2023\/03\/24\/la-ligue-des-ecrivaines-africaines-une-naissance-dediee-a-lunivers-magique-des-mots\/#primaryimage\",\"url\":\"https:\/\/appsaf.apieproject.com\/news\/wp-content\/uploads\/sites\/29\/2023\/03\/5DEBC8D8-A540-455D-875D-DE01D86449BF-455x394-7498ba393b0267d4b0163742895310fb.jpeg\",\"contentUrl\":\"https:\/\/appsaf.apieproject.com\/news\/wp-content\/uploads\/sites\/29\/2023\/03\/5DEBC8D8-A540-455D-875D-DE01D86449BF-455x394-7498ba393b0267d4b0163742895310fb.jpeg\",\"width\":455,\"height\":394},{\"@type\":\"BreadcrumbList\",\"@id\":\"https:\/\/appsaf.apieproject.com\/news\/fr\/2023\/03\/24\/la-ligue-des-ecrivaines-africaines-une-naissance-dediee-a-lunivers-magique-des-mots\/#breadcrumb\",\"itemListElement\":[{\"@type\":\"ListItem\",\"position\":1,\"name\":\"Home\",\"item\":\"https:\/\/appsaf.apieproject.com\/news\/fr\/home\/\"},{\"@type\":\"ListItem\",\"position\":2,\"name\":\"La Ligue Des Ecrivaines Africaines\u2026 Une Naissance D\u00e9di\u00e9e A L\u2019Univers Magique Des Mots\"}]},{\"@type\":\"WebSite\",\"@id\":\"https:\/\/appsaf.apieproject.com\/news\/#website\",\"url\":\"https:\/\/appsaf.apieproject.com\/news\/\",\"name\":\"APIE NEWS\",\"description\":\"PANAFRICANISM NEWS PORTAL\",\"publisher\":{\"@id\":\"https:\/\/appsaf.apieproject.com\/news\/#organization\"},\"potentialAction\":[{\"@type\":\"SearchAction\",\"target\":{\"@type\":\"EntryPoint\",\"urlTemplate\":\"https:\/\/appsaf.apieproject.com\/news\/?s={search_term_string}\"},\"query-input\":{\"@type\":\"PropertyValueSpecification\",\"valueRequired\":true,\"valueName\":\"search_term_string\"}}],\"inLanguage\":\"fr-FR\"},{\"@type\":\"Organization\",\"@id\":\"https:\/\/appsaf.apieproject.com\/news\/#organization\",\"name\":\"APIE PROJECT\",\"url\":\"https:\/\/appsaf.apieproject.com\/news\/\",\"logo\":{\"@type\":\"ImageObject\",\"inLanguage\":\"fr-FR\",\"@id\":\"https:\/\/appsaf.apieproject.com\/news\/#\/schema\/logo\/image\/\",\"url\":\"https:\/\/appsaf.apieproject.com\/news\/wp-content\/uploads\/sites\/29\/2022\/07\/logo-R-TransparentBackground.png\",\"contentUrl\":\"https:\/\/appsaf.apieproject.com\/news\/wp-content\/uploads\/sites\/29\/2022\/07\/logo-R-TransparentBackground.png\",\"width\":512,\"height\":512,\"caption\":\"APIE PROJECT\"},\"image\":{\"@id\":\"https:\/\/appsaf.apieproject.com\/news\/#\/schema\/logo\/image\/\"},\"sameAs\":[\"https:\/\/facebook.com\/apieproject\",\"https:\/\/x.com\/apieproject\"]},{\"@type\":\"Person\",\"@id\":\"https:\/\/appsaf.apieproject.com\/news\/#\/schema\/person\/399517cac378948cd7b39086f9ddc2a7\",\"name\":\"staff\",\"image\":{\"@type\":\"ImageObject\",\"inLanguage\":\"fr-FR\",\"@id\":\"https:\/\/appsaf.apieproject.com\/news\/#\/schema\/person\/image\/\",\"url\":\"https:\/\/secure.gravatar.com\/avatar\/5386283c5db150efe261184bd59f072a?s=96&d=mm&r=g\",\"contentUrl\":\"https:\/\/secure.gravatar.com\/avatar\/5386283c5db150efe261184bd59f072a?s=96&d=mm&r=g\",\"caption\":\"staff\"},\"url\":\"https:\/\/appsaf.apieproject.com\/news\/fr\/author\/staff\/\"}]}<\/script>\n<!-- \/ Yoast SEO plugin. -->","yoast_head_json":{"title":"La Ligue Des Ecrivaines Africaines\u2026 Une Naissance D\u00e9di\u00e9e A L\u2019Univers Magique Des Mots - APIE NEWS","robots":{"index":"index","follow":"follow","max-snippet":"max-snippet:-1","max-image-preview":"max-image-preview:large","max-video-preview":"max-video-preview:-1"},"canonical":"https:\/\/appsaf.apieproject.com\/news\/fr\/2023\/03\/24\/la-ligue-des-ecrivaines-africaines-une-naissance-dediee-a-lunivers-magique-des-mots\/","og_locale":"fr_FR","og_type":"article","og_title":"La Ligue Des Ecrivaines Africaines\u2026 Une Naissance D\u00e9di\u00e9e A L\u2019Univers Magique Des Mots - APIE NEWS","og_description":"Des femmes et un continent, une belle dualit\u00e9 que la ligue des \u00e9crivaines d\u2019Afrique a honor\u00e9e ce jeudi 9 mars lors du congr\u00e8s constitutif rassemblant \u00e0 la biblioth\u00e8que nationale de Rabat une centaine de conf\u00e9renci\u00e8res venues d\u2019une quarantaine de pays africains ainsi que des ministres, ambassadeurs, politiques et plusieurs personnalit\u00e9s du monde de l\u2019art et de la Culture.","og_url":"https:\/\/appsaf.apieproject.com\/news\/fr\/2023\/03\/24\/la-ligue-des-ecrivaines-africaines-une-naissance-dediee-a-lunivers-magique-des-mots\/","og_site_name":"APIE NEWS","article_publisher":"https:\/\/facebook.com\/apieproject","article_published_time":"2023-03-24T11:12:48+00:00","article_modified_time":"2023-03-24T11:12:52+00:00","og_image":[{"width":455,"height":394,"url":"https:\/\/appsaf.apieproject.com\/news\/wp-content\/uploads\/sites\/29\/2023\/03\/5DEBC8D8-A540-455D-875D-DE01D86449BF-455x394-7498ba393b0267d4b0163742895310fb.jpeg","type":"image\/jpeg"}],"author":"staff","twitter_card":"summary_large_image","twitter_creator":"@apieproject","twitter_site":"@apieproject","twitter_misc":{"\u00c9crit par":"staff","Dur\u00e9e de lecture estim\u00e9e":"4 minutes"},"schema":{"@context":"https:\/\/schema.org","@graph":[{"@type":"Article","@id":"https:\/\/appsaf.apieproject.com\/news\/fr\/2023\/03\/24\/la-ligue-des-ecrivaines-africaines-une-naissance-dediee-a-lunivers-magique-des-mots\/#article","isPartOf":{"@id":"https:\/\/appsaf.apieproject.com\/news\/fr\/2023\/03\/24\/la-ligue-des-ecrivaines-africaines-une-naissance-dediee-a-lunivers-magique-des-mots\/"},"author":{"name":"staff","@id":"https:\/\/appsaf.apieproject.com\/news\/#\/schema\/person\/399517cac378948cd7b39086f9ddc2a7"},"headline":"La Ligue Des Ecrivaines Africaines\u2026 Une Naissance D\u00e9di\u00e9e A L\u2019Univers Magique Des Mots","datePublished":"2023-03-24T11:12:48+00:00","dateModified":"2023-03-24T11:12:52+00:00","mainEntityOfPage":{"@id":"https:\/\/appsaf.apieproject.com\/news\/fr\/2023\/03\/24\/la-ligue-des-ecrivaines-africaines-une-naissance-dediee-a-lunivers-magique-des-mots\/"},"wordCount":857,"commentCount":0,"publisher":{"@id":"https:\/\/appsaf.apieproject.com\/news\/#organization"},"image":{"@id":"https:\/\/appsaf.apieproject.com\/news\/fr\/2023\/03\/24\/la-ligue-des-ecrivaines-africaines-une-naissance-dediee-a-lunivers-magique-des-mots\/#primaryimage"},"thumbnailUrl":"https:\/\/appsaf.apieproject.com\/news\/wp-content\/uploads\/sites\/29\/2023\/03\/5DEBC8D8-A540-455D-875D-DE01D86449BF-455x394-7498ba393b0267d4b0163742895310fb.jpeg","keywords":["actualites","apie project","culture"],"articleSection":["Actualit\u00e9s","Culture"],"inLanguage":"fr-FR","potentialAction":[{"@type":"CommentAction","name":"Comment","target":["https:\/\/appsaf.apieproject.com\/news\/fr\/2023\/03\/24\/la-ligue-des-ecrivaines-africaines-une-naissance-dediee-a-lunivers-magique-des-mots\/#respond"]}]},{"@type":"WebPage","@id":"https:\/\/appsaf.apieproject.com\/news\/fr\/2023\/03\/24\/la-ligue-des-ecrivaines-africaines-une-naissance-dediee-a-lunivers-magique-des-mots\/","url":"https:\/\/appsaf.apieproject.com\/news\/fr\/2023\/03\/24\/la-ligue-des-ecrivaines-africaines-une-naissance-dediee-a-lunivers-magique-des-mots\/","name":"La Ligue Des Ecrivaines Africaines\u2026 Une Naissance D\u00e9di\u00e9e A L\u2019Univers Magique Des Mots - APIE NEWS","isPartOf":{"@id":"https:\/\/appsaf.apieproject.com\/news\/#website"},"primaryImageOfPage":{"@id":"https:\/\/appsaf.apieproject.com\/news\/fr\/2023\/03\/24\/la-ligue-des-ecrivaines-africaines-une-naissance-dediee-a-lunivers-magique-des-mots\/#primaryimage"},"image":{"@id":"https:\/\/appsaf.apieproject.com\/news\/fr\/2023\/03\/24\/la-ligue-des-ecrivaines-africaines-une-naissance-dediee-a-lunivers-magique-des-mots\/#primaryimage"},"thumbnailUrl":"https:\/\/appsaf.apieproject.com\/news\/wp-content\/uploads\/sites\/29\/2023\/03\/5DEBC8D8-A540-455D-875D-DE01D86449BF-455x394-7498ba393b0267d4b0163742895310fb.jpeg","datePublished":"2023-03-24T11:12:48+00:00","dateModified":"2023-03-24T11:12:52+00:00","breadcrumb":{"@id":"https:\/\/appsaf.apieproject.com\/news\/fr\/2023\/03\/24\/la-ligue-des-ecrivaines-africaines-une-naissance-dediee-a-lunivers-magique-des-mots\/#breadcrumb"},"inLanguage":"fr-FR","potentialAction":[{"@type":"ReadAction","target":["https:\/\/appsaf.apieproject.com\/news\/fr\/2023\/03\/24\/la-ligue-des-ecrivaines-africaines-une-naissance-dediee-a-lunivers-magique-des-mots\/"]}]},{"@type":"ImageObject","inLanguage":"fr-FR","@id":"https:\/\/appsaf.apieproject.com\/news\/fr\/2023\/03\/24\/la-ligue-des-ecrivaines-africaines-une-naissance-dediee-a-lunivers-magique-des-mots\/#primaryimage","url":"https:\/\/appsaf.apieproject.com\/news\/wp-content\/uploads\/sites\/29\/2023\/03\/5DEBC8D8-A540-455D-875D-DE01D86449BF-455x394-7498ba393b0267d4b0163742895310fb.jpeg","contentUrl":"https:\/\/appsaf.apieproject.com\/news\/wp-content\/uploads\/sites\/29\/2023\/03\/5DEBC8D8-A540-455D-875D-DE01D86449BF-455x394-7498ba393b0267d4b0163742895310fb.jpeg","width":455,"height":394},{"@type":"BreadcrumbList","@id":"https:\/\/appsaf.apieproject.com\/news\/fr\/2023\/03\/24\/la-ligue-des-ecrivaines-africaines-une-naissance-dediee-a-lunivers-magique-des-mots\/#breadcrumb","itemListElement":[{"@type":"ListItem","position":1,"name":"Home","item":"https:\/\/appsaf.apieproject.com\/news\/fr\/home\/"},{"@type":"ListItem","position":2,"name":"La Ligue Des Ecrivaines Africaines\u2026 Une Naissance D\u00e9di\u00e9e A L\u2019Univers Magique Des Mots"}]},{"@type":"WebSite","@id":"https:\/\/appsaf.apieproject.com\/news\/#website","url":"https:\/\/appsaf.apieproject.com\/news\/","name":"APIE NEWS","description":"PANAFRICANISM NEWS PORTAL","publisher":{"@id":"https:\/\/appsaf.apieproject.com\/news\/#organization"},"potentialAction":[{"@type":"SearchAction","target":{"@type":"EntryPoint","urlTemplate":"https:\/\/appsaf.apieproject.com\/news\/?s={search_term_string}"},"query-input":{"@type":"PropertyValueSpecification","valueRequired":true,"valueName":"search_term_string"}}],"inLanguage":"fr-FR"},{"@type":"Organization","@id":"https:\/\/appsaf.apieproject.com\/news\/#organization","name":"APIE PROJECT","url":"https:\/\/appsaf.apieproject.com\/news\/","logo":{"@type":"ImageObject","inLanguage":"fr-FR","@id":"https:\/\/appsaf.apieproject.com\/news\/#\/schema\/logo\/image\/","url":"https:\/\/appsaf.apieproject.com\/news\/wp-content\/uploads\/sites\/29\/2022\/07\/logo-R-TransparentBackground.png","contentUrl":"https:\/\/appsaf.apieproject.com\/news\/wp-content\/uploads\/sites\/29\/2022\/07\/logo-R-TransparentBackground.png","width":512,"height":512,"caption":"APIE PROJECT"},"image":{"@id":"https:\/\/appsaf.apieproject.com\/news\/#\/schema\/logo\/image\/"},"sameAs":["https:\/\/facebook.com\/apieproject","https:\/\/x.com\/apieproject"]},{"@type":"Person","@id":"https:\/\/appsaf.apieproject.com\/news\/#\/schema\/person\/399517cac378948cd7b39086f9ddc2a7","name":"staff","image":{"@type":"ImageObject","inLanguage":"fr-FR","@id":"https:\/\/appsaf.apieproject.com\/news\/#\/schema\/person\/image\/","url":"https:\/\/secure.gravatar.com\/avatar\/5386283c5db150efe261184bd59f072a?s=96&d=mm&r=g","contentUrl":"https:\/\/secure.gravatar.com\/avatar\/5386283c5db150efe261184bd59f072a?s=96&d=mm&r=g","caption":"staff"},"url":"https:\/\/appsaf.apieproject.com\/news\/fr\/author\/staff\/"}]}},"_links":{"self":[{"href":"https:\/\/appsaf.apieproject.com\/news\/fr\/wp-json\/wp\/v2\/posts\/27800","targetHints":{"allow":["GET"]}}],"collection":[{"href":"https:\/\/appsaf.apieproject.com\/news\/fr\/wp-json\/wp\/v2\/posts"}],"about":[{"href":"https:\/\/appsaf.apieproject.com\/news\/fr\/wp-json\/wp\/v2\/types\/post"}],"author":[{"embeddable":true,"href":"https:\/\/appsaf.apieproject.com\/news\/fr\/wp-json\/wp\/v2\/users\/12963"}],"replies":[{"embeddable":true,"href":"https:\/\/appsaf.apieproject.com\/news\/fr\/wp-json\/wp\/v2\/comments?post=27800"}],"version-history":[{"count":2,"href":"https:\/\/appsaf.apieproject.com\/news\/fr\/wp-json\/wp\/v2\/posts\/27800\/revisions"}],"predecessor-version":[{"id":28033,"href":"https:\/\/appsaf.apieproject.com\/news\/fr\/wp-json\/wp\/v2\/posts\/27800\/revisions\/28033"}],"wp:featuredmedia":[{"embeddable":true,"href":"https:\/\/appsaf.apieproject.com\/news\/fr\/wp-json\/wp\/v2\/media\/27797"}],"wp:attachment":[{"href":"https:\/\/appsaf.apieproject.com\/news\/fr\/wp-json\/wp\/v2\/media?parent=27800"}],"wp:term":[{"taxonomy":"category","embeddable":true,"href":"https:\/\/appsaf.apieproject.com\/news\/fr\/wp-json\/wp\/v2\/categories?post=27800"},{"taxonomy":"post_tag","embeddable":true,"href":"https:\/\/appsaf.apieproject.com\/news\/fr\/wp-json\/wp\/v2\/tags?post=27800"}],"curies":[{"name":"wp","href":"https:\/\/api.w.org\/{rel}","templated":true}]}}