{"id":28285,"date":"2023-05-07T14:00:07","date_gmt":"2023-05-07T14:00:07","guid":{"rendered":"https:\/\/appsaf.apieproject.com\/news\/?p=28285"},"modified":"2023-05-07T14:00:09","modified_gmt":"2023-05-07T14:00:09","slug":"le-gouvernement-du-burkina-faso-rejette-les-medias-francais","status":"publish","type":"post","link":"https:\/\/appsaf.apieproject.com\/news\/fr\/2023\/05\/07\/le-gouvernement-du-burkina-faso-rejette-les-medias-francais\/","title":{"rendered":"Le gouvernement du Burkina Faso rejette les m\u00e9dias fran\u00e7ais"},"content":{"rendered":"<p>Il est on ne peut plus \u00e9vident que la France n\u2019est plus la bienvenue sur le continent africain. Apr\u00e8s le Mali qui il y a tout juste un an avait interdit l\u2019\u00e9mission des m\u00e9dias France 24 et RFI sur son territoire, c\u2019est au tour des autorit\u00e9s Burkinab\u00e8 de se montrer hostiles envers la France et ses m\u00e9dias. Revenons sur les griefs retenus contre les m\u00e9dias de l\u2019hexagone.<\/p>\n<p><strong>M\u00e9dias fran\u00e7ais : ap\u00f4tres du chaos ?<\/strong><\/p>\n<p>Dans l\u2019actualit\u00e9 r\u00e9cente, Sophie Douce, journaliste et correspondante du journal Le Monde au Burkina Faso a \u00e9t\u00e9 expuls\u00e9 du territoire Burkinab\u00e8. Plus t\u00f4t, le 31 mars, c\u2019est Agn\u00e8s Faivre, correspondante \u00e0 Ouagadougou du quotidien fran\u00e7ais Lib\u00e9ration, qui avait \u00e9t\u00e9 expuls\u00e9e. Cette derni\u00e8re a vu son accr\u00e9ditation lui \u00eatre retir\u00e9e le 27 mars apr\u00e8s que son m\u00e9dia a publi\u00e9 les conclusions d\u2019une enqu\u00eate sur une pr\u00e9sum\u00e9e vid\u00e9o montrant des soldats de l\u2019arm\u00e9e du Burkina Faso torturant et tuant des enfants. Une lourde accusation d\u00e9mentie naturellement par les autorit\u00e9s du pays.<\/p>\n<p>Avant Lib\u00e9ration et Le Monde, RFI et France 24, encore eux, sont pass\u00e9s sous la trappe de la junte au pouvoir au Burkina Faso. RFI a vu ses programmes \u00eatre suspendus. Le m\u00e9dia fran\u00e7ais, \u00e0 travers les basses man\u0153uvres qu\u2019on lui connait, a, par ses informations, contribuer aux man\u0153uvres d\u00e9stabilisatrices des groupes terroristes.<\/p>\n<p>Plus tard, le 8 f\u00e9vrier 2023, France 24 recevait un avertissement du Haut Conseil de la Communication (CSC) du Burkina pour violations de la d\u00e9ontologie journalistique. En effet, \u00e0 plusieurs reprises dans leurs reportages, les journalistes de France 24 ont employ\u00e9 le terme \u00ab rebelles islamistes \u00bb. O\u00f9, le terme rebelles aurait \u00e9t\u00e9 plus appropri\u00e9. Le gouvernement a estim\u00e9 que le m\u00e9dia avait pour dessein de mettre le feu aux poudres \u00e0 la situation d\u00e9j\u00e0 d\u00e9l\u00e9t\u00e8re dans le pays. Apr\u00e8s r\u00e9cidive et r\u00e9alisation d\u2019une interview d\u2019un chef rebelle, le CSC a finalement suspendu France 24 le 27 mars dernier. Pour Jean Emmanuel Ouedraogo, ministre de la Communication et porte-parole du gouvernement, les agissements des journalistes du groupe France M\u00e9dias Monde faisaient l\u2019apologie du terrorisme. Toute chose inacceptable aux vues de la situation qui pr\u00e9vaut dans le pays.<\/p>\n<p><strong>La France n\u2019est plus la bienvenue au Burkina Faso<\/strong><\/p>\n<p>La France a mal accueilli la prise de pouvoir de la junte avec \u00e0 sa t\u00eate le capitaine Ibrahim Traor\u00e9 en septembre 2022. Toujours dans sa logique d\u2019ing\u00e9rence, la France a tent\u00e9 de d\u00e9stabiliser la junte. Mais c\u2019\u00e9tait sans compter sur les populations Burkinab\u00e8 qui ont accueilli triomphalement leur nouveau gouvernement. Ils ont d\u2019ailleurs fait des marches de soutien dans les principales villes du pays tout en agitant le drapeau de la Russie. Mais aussi en saccageant les locaux de l\u2019ambassade de France dans la capitale Ouagadougou.<\/p>\n<p>Par la suite, la junte au pouvoir s\u2019est consid\u00e9rablement rapproch\u00e9e de Moscou. Tournant le dos \u00e0 Paris. Accentuant ainsi les tensions entre les deux pays. Le gouvernement Burkinab\u00e8 a m\u00eame eu en id\u00e9e de recruter le groupe Wagner pour chasser les troupes fran\u00e7aises post\u00e9es pr\u00e8s de la capitale. Pour r\u00e9duire consid\u00e9rablement l\u2019influence fran\u00e7aise donc, Le Burkina Faso a d\u00e9cid\u00e9 de sanctionner les m\u00e9dias fran\u00e7ais, qui selon lui, sont utilis\u00e9s \u00e0 des fins de manipulation politique et g\u00e9opolitique.<\/p>\n","protected":false},"excerpt":{"rendered":"<p>Il est on ne peut plus \u00e9vident que la France n\u2019est plus la bienvenue sur le continent africain. Apr\u00e8s le Mali qui il y a tout juste un an avait interdit l\u2019\u00e9mission des m\u00e9dias France 24 et RFI sur son territoire, c\u2019est au tour des autorit\u00e9s Burkinab\u00e8 de se montrer hostiles envers la France et [&hellip;]<\/p>\n","protected":false},"author":13112,"featured_media":28282,"comment_status":"open","ping_status":"open","sticky":false,"template":"","format":"standard","meta":{"footnotes":""},"categories":[67,69],"tags":[81,78,82],"class_list":{"0":"post-28285","1":"post","2":"type-post","3":"status-publish","4":"format-standard","5":"has-post-thumbnail","7":"category-actualites","8":"category-politique","9":"tag-actualites","10":"tag-apie-project-2","11":"tag-politique"},"yoast_head":"<!-- This site is optimized with the Yoast SEO plugin v24.4 - https:\/\/yoast.com\/wordpress\/plugins\/seo\/ -->\n<title>Le gouvernement du Burkina Faso rejette les m\u00e9dias fran\u00e7ais - APIE NEWS<\/title>\n<meta name=\"robots\" content=\"index, follow, max-snippet:-1, max-image-preview:large, max-video-preview:-1\" \/>\n<link rel=\"canonical\" href=\"https:\/\/appsaf.apieproject.com\/news\/fr\/2023\/05\/07\/le-gouvernement-du-burkina-faso-rejette-les-medias-francais\/\" \/>\n<meta property=\"og:locale\" content=\"fr_FR\" \/>\n<meta property=\"og:type\" content=\"article\" \/>\n<meta property=\"og:title\" content=\"Le gouvernement du Burkina Faso rejette les m\u00e9dias fran\u00e7ais - APIE NEWS\" \/>\n<meta property=\"og:description\" content=\"Il est on ne peut plus \u00e9vident que la France n\u2019est plus la bienvenue sur le continent africain. Apr\u00e8s le Mali qui il y a tout juste un an avait interdit l\u2019\u00e9mission des m\u00e9dias France 24 et RFI sur son territoire, c\u2019est au tour des autorit\u00e9s Burkinab\u00e8 de se montrer hostiles envers la France et [&hellip;]\" \/>\n<meta property=\"og:url\" content=\"https:\/\/appsaf.apieproject.com\/news\/fr\/2023\/05\/07\/le-gouvernement-du-burkina-faso-rejette-les-medias-francais\/\" \/>\n<meta property=\"og:site_name\" content=\"APIE NEWS\" \/>\n<meta property=\"article:publisher\" content=\"https:\/\/facebook.com\/apieproject\" \/>\n<meta property=\"article:published_time\" content=\"2023-05-07T14:00:07+00:00\" \/>\n<meta property=\"article:modified_time\" content=\"2023-05-07T14:00:09+00:00\" \/>\n<meta property=\"og:image\" content=\"https:\/\/appsaf.apieproject.com\/news\/wp-content\/uploads\/sites\/29\/2023\/04\/701f30d0-d212-11ed-be2e-754a65c11505-eccb60830e1e079c76fd1e876d3b9112.jpg\" \/>\n\t<meta property=\"og:image:width\" content=\"594\" \/>\n\t<meta property=\"og:image:height\" content=\"396\" \/>\n\t<meta property=\"og:image:type\" content=\"image\/jpeg\" \/>\n<meta name=\"author\" content=\"guyetom\" \/>\n<meta name=\"twitter:card\" content=\"summary_large_image\" \/>\n<meta name=\"twitter:creator\" content=\"@apieproject\" \/>\n<meta name=\"twitter:site\" content=\"@apieproject\" \/>\n<meta name=\"twitter:label1\" content=\"\u00c9crit par\" \/>\n\t<meta name=\"twitter:data1\" content=\"guyetom\" \/>\n\t<meta name=\"twitter:label2\" content=\"Dur\u00e9e de lecture estim\u00e9e\" \/>\n\t<meta name=\"twitter:data2\" content=\"3 minutes\" \/>\n<script type=\"application\/ld+json\" class=\"yoast-schema-graph\">{\"@context\":\"https:\/\/schema.org\",\"@graph\":[{\"@type\":\"Article\",\"@id\":\"https:\/\/appsaf.apieproject.com\/news\/fr\/2023\/05\/07\/le-gouvernement-du-burkina-faso-rejette-les-medias-francais\/#article\",\"isPartOf\":{\"@id\":\"https:\/\/appsaf.apieproject.com\/news\/fr\/2023\/05\/07\/le-gouvernement-du-burkina-faso-rejette-les-medias-francais\/\"},\"author\":{\"name\":\"guyetom\",\"@id\":\"https:\/\/appsaf.apieproject.com\/news\/#\/schema\/person\/94d8f4e561b283d434da551498c8cb39\"},\"headline\":\"Le gouvernement du Burkina Faso rejette les m\u00e9dias fran\u00e7ais\",\"datePublished\":\"2023-05-07T14:00:07+00:00\",\"dateModified\":\"2023-05-07T14:00:09+00:00\",\"mainEntityOfPage\":{\"@id\":\"https:\/\/appsaf.apieproject.com\/news\/fr\/2023\/05\/07\/le-gouvernement-du-burkina-faso-rejette-les-medias-francais\/\"},\"wordCount\":597,\"commentCount\":0,\"publisher\":{\"@id\":\"https:\/\/appsaf.apieproject.com\/news\/#organization\"},\"image\":{\"@id\":\"https:\/\/appsaf.apieproject.com\/news\/fr\/2023\/05\/07\/le-gouvernement-du-burkina-faso-rejette-les-medias-francais\/#primaryimage\"},\"thumbnailUrl\":\"https:\/\/appsaf.apieproject.com\/news\/wp-content\/uploads\/sites\/29\/2023\/04\/701f30d0-d212-11ed-be2e-754a65c11505-eccb60830e1e079c76fd1e876d3b9112.jpg\",\"keywords\":[\"actualites\",\"apie project\",\"politique\"],\"articleSection\":[\"Actualit\u00e9s\",\"Politique\"],\"inLanguage\":\"fr-FR\",\"potentialAction\":[{\"@type\":\"CommentAction\",\"name\":\"Comment\",\"target\":[\"https:\/\/appsaf.apieproject.com\/news\/fr\/2023\/05\/07\/le-gouvernement-du-burkina-faso-rejette-les-medias-francais\/#respond\"]}]},{\"@type\":\"WebPage\",\"@id\":\"https:\/\/appsaf.apieproject.com\/news\/fr\/2023\/05\/07\/le-gouvernement-du-burkina-faso-rejette-les-medias-francais\/\",\"url\":\"https:\/\/appsaf.apieproject.com\/news\/fr\/2023\/05\/07\/le-gouvernement-du-burkina-faso-rejette-les-medias-francais\/\",\"name\":\"Le gouvernement du Burkina Faso rejette les m\u00e9dias fran\u00e7ais - APIE NEWS\",\"isPartOf\":{\"@id\":\"https:\/\/appsaf.apieproject.com\/news\/#website\"},\"primaryImageOfPage\":{\"@id\":\"https:\/\/appsaf.apieproject.com\/news\/fr\/2023\/05\/07\/le-gouvernement-du-burkina-faso-rejette-les-medias-francais\/#primaryimage\"},\"image\":{\"@id\":\"https:\/\/appsaf.apieproject.com\/news\/fr\/2023\/05\/07\/le-gouvernement-du-burkina-faso-rejette-les-medias-francais\/#primaryimage\"},\"thumbnailUrl\":\"https:\/\/appsaf.apieproject.com\/news\/wp-content\/uploads\/sites\/29\/2023\/04\/701f30d0-d212-11ed-be2e-754a65c11505-eccb60830e1e079c76fd1e876d3b9112.jpg\",\"datePublished\":\"2023-05-07T14:00:07+00:00\",\"dateModified\":\"2023-05-07T14:00:09+00:00\",\"breadcrumb\":{\"@id\":\"https:\/\/appsaf.apieproject.com\/news\/fr\/2023\/05\/07\/le-gouvernement-du-burkina-faso-rejette-les-medias-francais\/#breadcrumb\"},\"inLanguage\":\"fr-FR\",\"potentialAction\":[{\"@type\":\"ReadAction\",\"target\":[\"https:\/\/appsaf.apieproject.com\/news\/fr\/2023\/05\/07\/le-gouvernement-du-burkina-faso-rejette-les-medias-francais\/\"]}]},{\"@type\":\"ImageObject\",\"inLanguage\":\"fr-FR\",\"@id\":\"https:\/\/appsaf.apieproject.com\/news\/fr\/2023\/05\/07\/le-gouvernement-du-burkina-faso-rejette-les-medias-francais\/#primaryimage\",\"url\":\"https:\/\/appsaf.apieproject.com\/news\/wp-content\/uploads\/sites\/29\/2023\/04\/701f30d0-d212-11ed-be2e-754a65c11505-eccb60830e1e079c76fd1e876d3b9112.jpg\",\"contentUrl\":\"https:\/\/appsaf.apieproject.com\/news\/wp-content\/uploads\/sites\/29\/2023\/04\/701f30d0-d212-11ed-be2e-754a65c11505-eccb60830e1e079c76fd1e876d3b9112.jpg\",\"width\":594,\"height\":396},{\"@type\":\"BreadcrumbList\",\"@id\":\"https:\/\/appsaf.apieproject.com\/news\/fr\/2023\/05\/07\/le-gouvernement-du-burkina-faso-rejette-les-medias-francais\/#breadcrumb\",\"itemListElement\":[{\"@type\":\"ListItem\",\"position\":1,\"name\":\"Home\",\"item\":\"https:\/\/appsaf.apieproject.com\/news\/fr\/home\/\"},{\"@type\":\"ListItem\",\"position\":2,\"name\":\"Le gouvernement du Burkina Faso rejette les m\u00e9dias fran\u00e7ais\"}]},{\"@type\":\"WebSite\",\"@id\":\"https:\/\/appsaf.apieproject.com\/news\/#website\",\"url\":\"https:\/\/appsaf.apieproject.com\/news\/\",\"name\":\"APIE NEWS\",\"description\":\"PANAFRICANISM NEWS PORTAL\",\"publisher\":{\"@id\":\"https:\/\/appsaf.apieproject.com\/news\/#organization\"},\"potentialAction\":[{\"@type\":\"SearchAction\",\"target\":{\"@type\":\"EntryPoint\",\"urlTemplate\":\"https:\/\/appsaf.apieproject.com\/news\/?s={search_term_string}\"},\"query-input\":{\"@type\":\"PropertyValueSpecification\",\"valueRequired\":true,\"valueName\":\"search_term_string\"}}],\"inLanguage\":\"fr-FR\"},{\"@type\":\"Organization\",\"@id\":\"https:\/\/appsaf.apieproject.com\/news\/#organization\",\"name\":\"APIE PROJECT\",\"url\":\"https:\/\/appsaf.apieproject.com\/news\/\",\"logo\":{\"@type\":\"ImageObject\",\"inLanguage\":\"fr-FR\",\"@id\":\"https:\/\/appsaf.apieproject.com\/news\/#\/schema\/logo\/image\/\",\"url\":\"https:\/\/appsaf.apieproject.com\/news\/wp-content\/uploads\/sites\/29\/2022\/07\/logo-R-TransparentBackground.png\",\"contentUrl\":\"https:\/\/appsaf.apieproject.com\/news\/wp-content\/uploads\/sites\/29\/2022\/07\/logo-R-TransparentBackground.png\",\"width\":512,\"height\":512,\"caption\":\"APIE PROJECT\"},\"image\":{\"@id\":\"https:\/\/appsaf.apieproject.com\/news\/#\/schema\/logo\/image\/\"},\"sameAs\":[\"https:\/\/facebook.com\/apieproject\",\"https:\/\/x.com\/apieproject\"]},{\"@type\":\"Person\",\"@id\":\"https:\/\/appsaf.apieproject.com\/news\/#\/schema\/person\/94d8f4e561b283d434da551498c8cb39\",\"name\":\"guyetom\",\"image\":{\"@type\":\"ImageObject\",\"inLanguage\":\"fr-FR\",\"@id\":\"https:\/\/appsaf.apieproject.com\/news\/#\/schema\/person\/image\/\",\"url\":\"https:\/\/secure.gravatar.com\/avatar\/f36d884530ee45302c1f7eadb3f86562?s=96&d=mm&r=g\",\"contentUrl\":\"https:\/\/secure.gravatar.com\/avatar\/f36d884530ee45302c1f7eadb3f86562?s=96&d=mm&r=g\",\"caption\":\"guyetom\"},\"url\":\"https:\/\/appsaf.apieproject.com\/news\/fr\/author\/guyetom\/\"}]}<\/script>\n<!-- \/ Yoast SEO plugin. -->","yoast_head_json":{"title":"Le gouvernement du Burkina Faso rejette les m\u00e9dias fran\u00e7ais - APIE NEWS","robots":{"index":"index","follow":"follow","max-snippet":"max-snippet:-1","max-image-preview":"max-image-preview:large","max-video-preview":"max-video-preview:-1"},"canonical":"https:\/\/appsaf.apieproject.com\/news\/fr\/2023\/05\/07\/le-gouvernement-du-burkina-faso-rejette-les-medias-francais\/","og_locale":"fr_FR","og_type":"article","og_title":"Le gouvernement du Burkina Faso rejette les m\u00e9dias fran\u00e7ais - APIE NEWS","og_description":"Il est on ne peut plus \u00e9vident que la France n\u2019est plus la bienvenue sur le continent africain. Apr\u00e8s le Mali qui il y a tout juste un an avait interdit l\u2019\u00e9mission des m\u00e9dias France 24 et RFI sur son territoire, c\u2019est au tour des autorit\u00e9s Burkinab\u00e8 de se montrer hostiles envers la France et [&hellip;]","og_url":"https:\/\/appsaf.apieproject.com\/news\/fr\/2023\/05\/07\/le-gouvernement-du-burkina-faso-rejette-les-medias-francais\/","og_site_name":"APIE NEWS","article_publisher":"https:\/\/facebook.com\/apieproject","article_published_time":"2023-05-07T14:00:07+00:00","article_modified_time":"2023-05-07T14:00:09+00:00","og_image":[{"width":594,"height":396,"url":"https:\/\/appsaf.apieproject.com\/news\/wp-content\/uploads\/sites\/29\/2023\/04\/701f30d0-d212-11ed-be2e-754a65c11505-eccb60830e1e079c76fd1e876d3b9112.jpg","type":"image\/jpeg"}],"author":"guyetom","twitter_card":"summary_large_image","twitter_creator":"@apieproject","twitter_site":"@apieproject","twitter_misc":{"\u00c9crit par":"guyetom","Dur\u00e9e de lecture estim\u00e9e":"3 minutes"},"schema":{"@context":"https:\/\/schema.org","@graph":[{"@type":"Article","@id":"https:\/\/appsaf.apieproject.com\/news\/fr\/2023\/05\/07\/le-gouvernement-du-burkina-faso-rejette-les-medias-francais\/#article","isPartOf":{"@id":"https:\/\/appsaf.apieproject.com\/news\/fr\/2023\/05\/07\/le-gouvernement-du-burkina-faso-rejette-les-medias-francais\/"},"author":{"name":"guyetom","@id":"https:\/\/appsaf.apieproject.com\/news\/#\/schema\/person\/94d8f4e561b283d434da551498c8cb39"},"headline":"Le gouvernement du Burkina Faso rejette les m\u00e9dias fran\u00e7ais","datePublished":"2023-05-07T14:00:07+00:00","dateModified":"2023-05-07T14:00:09+00:00","mainEntityOfPage":{"@id":"https:\/\/appsaf.apieproject.com\/news\/fr\/2023\/05\/07\/le-gouvernement-du-burkina-faso-rejette-les-medias-francais\/"},"wordCount":597,"commentCount":0,"publisher":{"@id":"https:\/\/appsaf.apieproject.com\/news\/#organization"},"image":{"@id":"https:\/\/appsaf.apieproject.com\/news\/fr\/2023\/05\/07\/le-gouvernement-du-burkina-faso-rejette-les-medias-francais\/#primaryimage"},"thumbnailUrl":"https:\/\/appsaf.apieproject.com\/news\/wp-content\/uploads\/sites\/29\/2023\/04\/701f30d0-d212-11ed-be2e-754a65c11505-eccb60830e1e079c76fd1e876d3b9112.jpg","keywords":["actualites","apie project","politique"],"articleSection":["Actualit\u00e9s","Politique"],"inLanguage":"fr-FR","potentialAction":[{"@type":"CommentAction","name":"Comment","target":["https:\/\/appsaf.apieproject.com\/news\/fr\/2023\/05\/07\/le-gouvernement-du-burkina-faso-rejette-les-medias-francais\/#respond"]}]},{"@type":"WebPage","@id":"https:\/\/appsaf.apieproject.com\/news\/fr\/2023\/05\/07\/le-gouvernement-du-burkina-faso-rejette-les-medias-francais\/","url":"https:\/\/appsaf.apieproject.com\/news\/fr\/2023\/05\/07\/le-gouvernement-du-burkina-faso-rejette-les-medias-francais\/","name":"Le gouvernement du Burkina Faso rejette les m\u00e9dias fran\u00e7ais - APIE NEWS","isPartOf":{"@id":"https:\/\/appsaf.apieproject.com\/news\/#website"},"primaryImageOfPage":{"@id":"https:\/\/appsaf.apieproject.com\/news\/fr\/2023\/05\/07\/le-gouvernement-du-burkina-faso-rejette-les-medias-francais\/#primaryimage"},"image":{"@id":"https:\/\/appsaf.apieproject.com\/news\/fr\/2023\/05\/07\/le-gouvernement-du-burkina-faso-rejette-les-medias-francais\/#primaryimage"},"thumbnailUrl":"https:\/\/appsaf.apieproject.com\/news\/wp-content\/uploads\/sites\/29\/2023\/04\/701f30d0-d212-11ed-be2e-754a65c11505-eccb60830e1e079c76fd1e876d3b9112.jpg","datePublished":"2023-05-07T14:00:07+00:00","dateModified":"2023-05-07T14:00:09+00:00","breadcrumb":{"@id":"https:\/\/appsaf.apieproject.com\/news\/fr\/2023\/05\/07\/le-gouvernement-du-burkina-faso-rejette-les-medias-francais\/#breadcrumb"},"inLanguage":"fr-FR","potentialAction":[{"@type":"ReadAction","target":["https:\/\/appsaf.apieproject.com\/news\/fr\/2023\/05\/07\/le-gouvernement-du-burkina-faso-rejette-les-medias-francais\/"]}]},{"@type":"ImageObject","inLanguage":"fr-FR","@id":"https:\/\/appsaf.apieproject.com\/news\/fr\/2023\/05\/07\/le-gouvernement-du-burkina-faso-rejette-les-medias-francais\/#primaryimage","url":"https:\/\/appsaf.apieproject.com\/news\/wp-content\/uploads\/sites\/29\/2023\/04\/701f30d0-d212-11ed-be2e-754a65c11505-eccb60830e1e079c76fd1e876d3b9112.jpg","contentUrl":"https:\/\/appsaf.apieproject.com\/news\/wp-content\/uploads\/sites\/29\/2023\/04\/701f30d0-d212-11ed-be2e-754a65c11505-eccb60830e1e079c76fd1e876d3b9112.jpg","width":594,"height":396},{"@type":"BreadcrumbList","@id":"https:\/\/appsaf.apieproject.com\/news\/fr\/2023\/05\/07\/le-gouvernement-du-burkina-faso-rejette-les-medias-francais\/#breadcrumb","itemListElement":[{"@type":"ListItem","position":1,"name":"Home","item":"https:\/\/appsaf.apieproject.com\/news\/fr\/home\/"},{"@type":"ListItem","position":2,"name":"Le gouvernement du Burkina Faso rejette les m\u00e9dias fran\u00e7ais"}]},{"@type":"WebSite","@id":"https:\/\/appsaf.apieproject.com\/news\/#website","url":"https:\/\/appsaf.apieproject.com\/news\/","name":"APIE NEWS","description":"PANAFRICANISM NEWS PORTAL","publisher":{"@id":"https:\/\/appsaf.apieproject.com\/news\/#organization"},"potentialAction":[{"@type":"SearchAction","target":{"@type":"EntryPoint","urlTemplate":"https:\/\/appsaf.apieproject.com\/news\/?s={search_term_string}"},"query-input":{"@type":"PropertyValueSpecification","valueRequired":true,"valueName":"search_term_string"}}],"inLanguage":"fr-FR"},{"@type":"Organization","@id":"https:\/\/appsaf.apieproject.com\/news\/#organization","name":"APIE PROJECT","url":"https:\/\/appsaf.apieproject.com\/news\/","logo":{"@type":"ImageObject","inLanguage":"fr-FR","@id":"https:\/\/appsaf.apieproject.com\/news\/#\/schema\/logo\/image\/","url":"https:\/\/appsaf.apieproject.com\/news\/wp-content\/uploads\/sites\/29\/2022\/07\/logo-R-TransparentBackground.png","contentUrl":"https:\/\/appsaf.apieproject.com\/news\/wp-content\/uploads\/sites\/29\/2022\/07\/logo-R-TransparentBackground.png","width":512,"height":512,"caption":"APIE PROJECT"},"image":{"@id":"https:\/\/appsaf.apieproject.com\/news\/#\/schema\/logo\/image\/"},"sameAs":["https:\/\/facebook.com\/apieproject","https:\/\/x.com\/apieproject"]},{"@type":"Person","@id":"https:\/\/appsaf.apieproject.com\/news\/#\/schema\/person\/94d8f4e561b283d434da551498c8cb39","name":"guyetom","image":{"@type":"ImageObject","inLanguage":"fr-FR","@id":"https:\/\/appsaf.apieproject.com\/news\/#\/schema\/person\/image\/","url":"https:\/\/secure.gravatar.com\/avatar\/f36d884530ee45302c1f7eadb3f86562?s=96&d=mm&r=g","contentUrl":"https:\/\/secure.gravatar.com\/avatar\/f36d884530ee45302c1f7eadb3f86562?s=96&d=mm&r=g","caption":"guyetom"},"url":"https:\/\/appsaf.apieproject.com\/news\/fr\/author\/guyetom\/"}]}},"_links":{"self":[{"href":"https:\/\/appsaf.apieproject.com\/news\/fr\/wp-json\/wp\/v2\/posts\/28285","targetHints":{"allow":["GET"]}}],"collection":[{"href":"https:\/\/appsaf.apieproject.com\/news\/fr\/wp-json\/wp\/v2\/posts"}],"about":[{"href":"https:\/\/appsaf.apieproject.com\/news\/fr\/wp-json\/wp\/v2\/types\/post"}],"author":[{"embeddable":true,"href":"https:\/\/appsaf.apieproject.com\/news\/fr\/wp-json\/wp\/v2\/users\/13112"}],"replies":[{"embeddable":true,"href":"https:\/\/appsaf.apieproject.com\/news\/fr\/wp-json\/wp\/v2\/comments?post=28285"}],"version-history":[{"count":1,"href":"https:\/\/appsaf.apieproject.com\/news\/fr\/wp-json\/wp\/v2\/posts\/28285\/revisions"}],"predecessor-version":[{"id":28554,"href":"https:\/\/appsaf.apieproject.com\/news\/fr\/wp-json\/wp\/v2\/posts\/28285\/revisions\/28554"}],"wp:featuredmedia":[{"embeddable":true,"href":"https:\/\/appsaf.apieproject.com\/news\/fr\/wp-json\/wp\/v2\/media\/28282"}],"wp:attachment":[{"href":"https:\/\/appsaf.apieproject.com\/news\/fr\/wp-json\/wp\/v2\/media?parent=28285"}],"wp:term":[{"taxonomy":"category","embeddable":true,"href":"https:\/\/appsaf.apieproject.com\/news\/fr\/wp-json\/wp\/v2\/categories?post=28285"},{"taxonomy":"post_tag","embeddable":true,"href":"https:\/\/appsaf.apieproject.com\/news\/fr\/wp-json\/wp\/v2\/tags?post=28285"}],"curies":[{"name":"wp","href":"https:\/\/api.w.org\/{rel}","templated":true}]}}