{"id":28402,"date":"2023-05-08T06:38:17","date_gmt":"2023-05-08T06:38:17","guid":{"rendered":"https:\/\/appsaf.apieproject.com\/news\/?p=28402"},"modified":"2023-05-08T06:38:20","modified_gmt":"2023-05-08T06:38:20","slug":"les-musees-africains-et-europeens-veulent-renforcer-leurs-partenariats","status":"publish","type":"post","link":"https:\/\/appsaf.apieproject.com\/news\/fr\/2023\/05\/08\/les-musees-africains-et-europeens-veulent-renforcer-leurs-partenariats\/","title":{"rendered":"Les Mus\u00e9es Africains Et Europ\u00e9ens Veulent Renforcer Leurs Partenariats"},"content":{"rendered":"<p>La capitale s\u00e9n\u00e9galaise a accueilli, du 25 au 27 avril dernier, un forum international r\u00e9unissant 60 directeurs de mus\u00e9es africains et europ\u00e9ens venant de 38 pays. A l\u2019issue de la rencontre, ils ont affirm\u00e9, dans la D\u00e9claration de Dakar, leur ambition de \u00ab construire ensemble un futur commun \u00bb dans une perspective de dialogue des cultures dont L\u00e9opold S\u00e9dar Senghor, le premier pr\u00e9sident s\u00e9n\u00e9galais (1960-1980), fut un des plus grands chantres.<\/p>\n<p>\u00ab La fonction premi\u00e8re des mus\u00e9es est de lier hier, aujourd\u2019hui et demain, ici et ailleurs, et de promouvoir la compr\u00e9hension mutuelle. Nos mus\u00e9es ne doivent donc pas \u00eatre des espaces de nostalgie mais des lieux d\u2019inspiration dynamiques o\u00f9 se construit aussi le patrimoine de demain \u00bb, ont indiqu\u00e9 les directeurs des mus\u00e9es dont le S\u00e9n\u00e9galais Hamady Bocoum et le Belge Guido Gryseels qui notent que ce forum est \u00ab un premier pas sur un long et passionnant chemin pour promouvoir la compr\u00e9hension mutuelle \u00bb.<\/p>\n<p>Ils estiment que le patrimoine d\u2019Afrique, \u00ab une richesse vivante, avec un potentiel d\u00fb \u00e0 la force des images dont l\u2019interpr\u00e9tation fabrique le contemporain et l\u2019avenir de la soci\u00e9t\u00e9 \u00bb, a \u00e9t\u00e9 \u00ab longtemps enferm\u00e9 \u00bb dans une \u00ab vision ethnographique \u00bb. Pour d\u00e9construire cette image, \u00ab nous-nous engageons \u00e0 mutualiser nos efforts pour documenter, pr\u00e9server et r\u00e9interpr\u00e9ter avec les communaut\u00e9s, les collections en Afrique et en Europe et \u00e0 les mettre \u00e0 disposition du public par la num\u00e9risation, la recherche, la p\u00e9dagogie et les expositions \u00bb.<\/p>\n<p>Dans cette m\u00eame logique, les directeurs de mus\u00e9es des noir et vieux continents rappellent que \u00ab nous devons repenser nos pratiques en nous appuyant sur les savoirs et l\u2019expertise endog\u00e8nes pour mieux nous adapter aux enjeux climatiques et travailler sur des espaces respectueux de l\u2019environnement \u00bb.<\/p>\n<p>Ils s\u2019engagent d\u00e8s lors \u00e0 porter le \u00ab flambeau \u00bb, en accord avec la gouvernance culturelle mondiale dans le domaine des mus\u00e9es, parce qu\u2019ils consid\u00e8rent \u00ab que le d\u00e9veloppement d\u2019expositions itin\u00e9rantes conjointes, avec de multiples partenaires, circulant en Afrique et en Europe est un instrument de transformation des r\u00e9cits qui construisent notre vision du monde et de promotion du nouveau partenariat dans lequel nous nous engageons \u00bb.<\/p>\n","protected":false},"excerpt":{"rendered":"<p>Le forum international des mus\u00e9es organis\u00e9 \u00e0 Dakar est un \u00ab premier pas \u00bb vers la promotion de la compr\u00e9hension mutuelle entre l\u2019Afrique et l\u2019Europe.<\/p>\n","protected":false},"author":12963,"featured_media":28399,"comment_status":"open","ping_status":"open","sticky":false,"template":"","format":"standard","meta":{"footnotes":""},"categories":[67,53],"tags":[81,78,87],"class_list":{"0":"post-28402","1":"post","2":"type-post","3":"status-publish","4":"format-standard","5":"has-post-thumbnail","7":"category-actualites","8":"category-culture-fr","9":"tag-actualites","10":"tag-apie-project-2","11":"tag-culture-2"},"yoast_head":"<!-- This site is optimized with the Yoast SEO plugin v24.4 - https:\/\/yoast.com\/wordpress\/plugins\/seo\/ -->\n<title>Les Mus\u00e9es Africains Et Europ\u00e9ens Veulent Renforcer Leurs Partenariats - APIE NEWS<\/title>\n<meta name=\"robots\" content=\"index, follow, max-snippet:-1, max-image-preview:large, max-video-preview:-1\" \/>\n<link rel=\"canonical\" href=\"https:\/\/appsaf.apieproject.com\/news\/fr\/2023\/05\/08\/les-musees-africains-et-europeens-veulent-renforcer-leurs-partenariats\/\" \/>\n<meta property=\"og:locale\" content=\"fr_FR\" \/>\n<meta property=\"og:type\" content=\"article\" \/>\n<meta property=\"og:title\" content=\"Les Mus\u00e9es Africains Et Europ\u00e9ens Veulent Renforcer Leurs Partenariats - APIE NEWS\" \/>\n<meta property=\"og:description\" content=\"Le forum international des mus\u00e9es organis\u00e9 \u00e0 Dakar est un \u00ab premier pas \u00bb vers la promotion de la compr\u00e9hension mutuelle entre l\u2019Afrique et l\u2019Europe.\" \/>\n<meta property=\"og:url\" content=\"https:\/\/appsaf.apieproject.com\/news\/fr\/2023\/05\/08\/les-musees-africains-et-europeens-veulent-renforcer-leurs-partenariats\/\" \/>\n<meta property=\"og:site_name\" content=\"APIE NEWS\" \/>\n<meta property=\"article:publisher\" content=\"https:\/\/facebook.com\/apieproject\" \/>\n<meta property=\"article:published_time\" content=\"2023-05-08T06:38:17+00:00\" \/>\n<meta property=\"article:modified_time\" content=\"2023-05-08T06:38:20+00:00\" \/>\n<meta property=\"og:image\" content=\"https:\/\/appsaf.apieproject.com\/news\/wp-content\/uploads\/sites\/29\/2023\/05\/Forum-dir-musee_Dakar_280423_1-1024x640-6824f378e48fd7b28f432f36c4ad3ca6.jpg\" \/>\n\t<meta property=\"og:image:width\" content=\"1024\" \/>\n\t<meta property=\"og:image:height\" content=\"640\" \/>\n\t<meta property=\"og:image:type\" content=\"image\/jpeg\" \/>\n<meta name=\"author\" content=\"staff\" \/>\n<meta name=\"twitter:card\" content=\"summary_large_image\" \/>\n<meta name=\"twitter:creator\" content=\"@apieproject\" \/>\n<meta name=\"twitter:site\" content=\"@apieproject\" \/>\n<meta name=\"twitter:label1\" content=\"\u00c9crit par\" \/>\n\t<meta name=\"twitter:data1\" content=\"staff\" \/>\n\t<meta name=\"twitter:label2\" content=\"Dur\u00e9e de lecture estim\u00e9e\" \/>\n\t<meta name=\"twitter:data2\" content=\"2 minutes\" \/>\n<script type=\"application\/ld+json\" class=\"yoast-schema-graph\">{\"@context\":\"https:\/\/schema.org\",\"@graph\":[{\"@type\":\"Article\",\"@id\":\"https:\/\/appsaf.apieproject.com\/news\/fr\/2023\/05\/08\/les-musees-africains-et-europeens-veulent-renforcer-leurs-partenariats\/#article\",\"isPartOf\":{\"@id\":\"https:\/\/appsaf.apieproject.com\/news\/fr\/2023\/05\/08\/les-musees-africains-et-europeens-veulent-renforcer-leurs-partenariats\/\"},\"author\":{\"name\":\"staff\",\"@id\":\"https:\/\/appsaf.apieproject.com\/news\/#\/schema\/person\/399517cac378948cd7b39086f9ddc2a7\"},\"headline\":\"Les Mus\u00e9es Africains Et Europ\u00e9ens Veulent Renforcer Leurs Partenariats\",\"datePublished\":\"2023-05-08T06:38:17+00:00\",\"dateModified\":\"2023-05-08T06:38:20+00:00\",\"mainEntityOfPage\":{\"@id\":\"https:\/\/appsaf.apieproject.com\/news\/fr\/2023\/05\/08\/les-musees-africains-et-europeens-veulent-renforcer-leurs-partenariats\/\"},\"wordCount\":386,\"commentCount\":0,\"publisher\":{\"@id\":\"https:\/\/appsaf.apieproject.com\/news\/#organization\"},\"image\":{\"@id\":\"https:\/\/appsaf.apieproject.com\/news\/fr\/2023\/05\/08\/les-musees-africains-et-europeens-veulent-renforcer-leurs-partenariats\/#primaryimage\"},\"thumbnailUrl\":\"https:\/\/appsaf.apieproject.com\/news\/wp-content\/uploads\/sites\/29\/2023\/05\/Forum-dir-musee_Dakar_280423_1-1024x640-6824f378e48fd7b28f432f36c4ad3ca6.jpg\",\"keywords\":[\"actualites\",\"apie project\",\"culture\"],\"articleSection\":[\"Actualit\u00e9s\",\"Culture\"],\"inLanguage\":\"fr-FR\",\"potentialAction\":[{\"@type\":\"CommentAction\",\"name\":\"Comment\",\"target\":[\"https:\/\/appsaf.apieproject.com\/news\/fr\/2023\/05\/08\/les-musees-africains-et-europeens-veulent-renforcer-leurs-partenariats\/#respond\"]}]},{\"@type\":\"WebPage\",\"@id\":\"https:\/\/appsaf.apieproject.com\/news\/fr\/2023\/05\/08\/les-musees-africains-et-europeens-veulent-renforcer-leurs-partenariats\/\",\"url\":\"https:\/\/appsaf.apieproject.com\/news\/fr\/2023\/05\/08\/les-musees-africains-et-europeens-veulent-renforcer-leurs-partenariats\/\",\"name\":\"Les Mus\u00e9es Africains Et Europ\u00e9ens Veulent Renforcer Leurs Partenariats - APIE NEWS\",\"isPartOf\":{\"@id\":\"https:\/\/appsaf.apieproject.com\/news\/#website\"},\"primaryImageOfPage\":{\"@id\":\"https:\/\/appsaf.apieproject.com\/news\/fr\/2023\/05\/08\/les-musees-africains-et-europeens-veulent-renforcer-leurs-partenariats\/#primaryimage\"},\"image\":{\"@id\":\"https:\/\/appsaf.apieproject.com\/news\/fr\/2023\/05\/08\/les-musees-africains-et-europeens-veulent-renforcer-leurs-partenariats\/#primaryimage\"},\"thumbnailUrl\":\"https:\/\/appsaf.apieproject.com\/news\/wp-content\/uploads\/sites\/29\/2023\/05\/Forum-dir-musee_Dakar_280423_1-1024x640-6824f378e48fd7b28f432f36c4ad3ca6.jpg\",\"datePublished\":\"2023-05-08T06:38:17+00:00\",\"dateModified\":\"2023-05-08T06:38:20+00:00\",\"breadcrumb\":{\"@id\":\"https:\/\/appsaf.apieproject.com\/news\/fr\/2023\/05\/08\/les-musees-africains-et-europeens-veulent-renforcer-leurs-partenariats\/#breadcrumb\"},\"inLanguage\":\"fr-FR\",\"potentialAction\":[{\"@type\":\"ReadAction\",\"target\":[\"https:\/\/appsaf.apieproject.com\/news\/fr\/2023\/05\/08\/les-musees-africains-et-europeens-veulent-renforcer-leurs-partenariats\/\"]}]},{\"@type\":\"ImageObject\",\"inLanguage\":\"fr-FR\",\"@id\":\"https:\/\/appsaf.apieproject.com\/news\/fr\/2023\/05\/08\/les-musees-africains-et-europeens-veulent-renforcer-leurs-partenariats\/#primaryimage\",\"url\":\"https:\/\/appsaf.apieproject.com\/news\/wp-content\/uploads\/sites\/29\/2023\/05\/Forum-dir-musee_Dakar_280423_1-1024x640-6824f378e48fd7b28f432f36c4ad3ca6.jpg\",\"contentUrl\":\"https:\/\/appsaf.apieproject.com\/news\/wp-content\/uploads\/sites\/29\/2023\/05\/Forum-dir-musee_Dakar_280423_1-1024x640-6824f378e48fd7b28f432f36c4ad3ca6.jpg\",\"width\":1024,\"height\":640},{\"@type\":\"BreadcrumbList\",\"@id\":\"https:\/\/appsaf.apieproject.com\/news\/fr\/2023\/05\/08\/les-musees-africains-et-europeens-veulent-renforcer-leurs-partenariats\/#breadcrumb\",\"itemListElement\":[{\"@type\":\"ListItem\",\"position\":1,\"name\":\"Home\",\"item\":\"https:\/\/appsaf.apieproject.com\/news\/fr\/home\/\"},{\"@type\":\"ListItem\",\"position\":2,\"name\":\"Les Mus\u00e9es Africains Et Europ\u00e9ens Veulent Renforcer Leurs Partenariats\"}]},{\"@type\":\"WebSite\",\"@id\":\"https:\/\/appsaf.apieproject.com\/news\/#website\",\"url\":\"https:\/\/appsaf.apieproject.com\/news\/\",\"name\":\"APIE NEWS\",\"description\":\"PANAFRICANISM NEWS PORTAL\",\"publisher\":{\"@id\":\"https:\/\/appsaf.apieproject.com\/news\/#organization\"},\"potentialAction\":[{\"@type\":\"SearchAction\",\"target\":{\"@type\":\"EntryPoint\",\"urlTemplate\":\"https:\/\/appsaf.apieproject.com\/news\/?s={search_term_string}\"},\"query-input\":{\"@type\":\"PropertyValueSpecification\",\"valueRequired\":true,\"valueName\":\"search_term_string\"}}],\"inLanguage\":\"fr-FR\"},{\"@type\":\"Organization\",\"@id\":\"https:\/\/appsaf.apieproject.com\/news\/#organization\",\"name\":\"APIE PROJECT\",\"url\":\"https:\/\/appsaf.apieproject.com\/news\/\",\"logo\":{\"@type\":\"ImageObject\",\"inLanguage\":\"fr-FR\",\"@id\":\"https:\/\/appsaf.apieproject.com\/news\/#\/schema\/logo\/image\/\",\"url\":\"https:\/\/appsaf.apieproject.com\/news\/wp-content\/uploads\/sites\/29\/2022\/07\/logo-R-TransparentBackground.png\",\"contentUrl\":\"https:\/\/appsaf.apieproject.com\/news\/wp-content\/uploads\/sites\/29\/2022\/07\/logo-R-TransparentBackground.png\",\"width\":512,\"height\":512,\"caption\":\"APIE PROJECT\"},\"image\":{\"@id\":\"https:\/\/appsaf.apieproject.com\/news\/#\/schema\/logo\/image\/\"},\"sameAs\":[\"https:\/\/facebook.com\/apieproject\",\"https:\/\/x.com\/apieproject\"]},{\"@type\":\"Person\",\"@id\":\"https:\/\/appsaf.apieproject.com\/news\/#\/schema\/person\/399517cac378948cd7b39086f9ddc2a7\",\"name\":\"staff\",\"image\":{\"@type\":\"ImageObject\",\"inLanguage\":\"fr-FR\",\"@id\":\"https:\/\/appsaf.apieproject.com\/news\/#\/schema\/person\/image\/\",\"url\":\"https:\/\/secure.gravatar.com\/avatar\/5386283c5db150efe261184bd59f072a?s=96&d=mm&r=g\",\"contentUrl\":\"https:\/\/secure.gravatar.com\/avatar\/5386283c5db150efe261184bd59f072a?s=96&d=mm&r=g\",\"caption\":\"staff\"},\"url\":\"https:\/\/appsaf.apieproject.com\/news\/fr\/author\/staff\/\"}]}<\/script>\n<!-- \/ Yoast SEO plugin. -->","yoast_head_json":{"title":"Les Mus\u00e9es Africains Et Europ\u00e9ens Veulent Renforcer Leurs Partenariats - APIE NEWS","robots":{"index":"index","follow":"follow","max-snippet":"max-snippet:-1","max-image-preview":"max-image-preview:large","max-video-preview":"max-video-preview:-1"},"canonical":"https:\/\/appsaf.apieproject.com\/news\/fr\/2023\/05\/08\/les-musees-africains-et-europeens-veulent-renforcer-leurs-partenariats\/","og_locale":"fr_FR","og_type":"article","og_title":"Les Mus\u00e9es Africains Et Europ\u00e9ens Veulent Renforcer Leurs Partenariats - APIE NEWS","og_description":"Le forum international des mus\u00e9es organis\u00e9 \u00e0 Dakar est un \u00ab premier pas \u00bb vers la promotion de la compr\u00e9hension mutuelle entre l\u2019Afrique et l\u2019Europe.","og_url":"https:\/\/appsaf.apieproject.com\/news\/fr\/2023\/05\/08\/les-musees-africains-et-europeens-veulent-renforcer-leurs-partenariats\/","og_site_name":"APIE NEWS","article_publisher":"https:\/\/facebook.com\/apieproject","article_published_time":"2023-05-08T06:38:17+00:00","article_modified_time":"2023-05-08T06:38:20+00:00","og_image":[{"width":1024,"height":640,"url":"https:\/\/appsaf.apieproject.com\/news\/wp-content\/uploads\/sites\/29\/2023\/05\/Forum-dir-musee_Dakar_280423_1-1024x640-6824f378e48fd7b28f432f36c4ad3ca6.jpg","type":"image\/jpeg"}],"author":"staff","twitter_card":"summary_large_image","twitter_creator":"@apieproject","twitter_site":"@apieproject","twitter_misc":{"\u00c9crit par":"staff","Dur\u00e9e de lecture estim\u00e9e":"2 minutes"},"schema":{"@context":"https:\/\/schema.org","@graph":[{"@type":"Article","@id":"https:\/\/appsaf.apieproject.com\/news\/fr\/2023\/05\/08\/les-musees-africains-et-europeens-veulent-renforcer-leurs-partenariats\/#article","isPartOf":{"@id":"https:\/\/appsaf.apieproject.com\/news\/fr\/2023\/05\/08\/les-musees-africains-et-europeens-veulent-renforcer-leurs-partenariats\/"},"author":{"name":"staff","@id":"https:\/\/appsaf.apieproject.com\/news\/#\/schema\/person\/399517cac378948cd7b39086f9ddc2a7"},"headline":"Les Mus\u00e9es Africains Et Europ\u00e9ens Veulent Renforcer Leurs Partenariats","datePublished":"2023-05-08T06:38:17+00:00","dateModified":"2023-05-08T06:38:20+00:00","mainEntityOfPage":{"@id":"https:\/\/appsaf.apieproject.com\/news\/fr\/2023\/05\/08\/les-musees-africains-et-europeens-veulent-renforcer-leurs-partenariats\/"},"wordCount":386,"commentCount":0,"publisher":{"@id":"https:\/\/appsaf.apieproject.com\/news\/#organization"},"image":{"@id":"https:\/\/appsaf.apieproject.com\/news\/fr\/2023\/05\/08\/les-musees-africains-et-europeens-veulent-renforcer-leurs-partenariats\/#primaryimage"},"thumbnailUrl":"https:\/\/appsaf.apieproject.com\/news\/wp-content\/uploads\/sites\/29\/2023\/05\/Forum-dir-musee_Dakar_280423_1-1024x640-6824f378e48fd7b28f432f36c4ad3ca6.jpg","keywords":["actualites","apie project","culture"],"articleSection":["Actualit\u00e9s","Culture"],"inLanguage":"fr-FR","potentialAction":[{"@type":"CommentAction","name":"Comment","target":["https:\/\/appsaf.apieproject.com\/news\/fr\/2023\/05\/08\/les-musees-africains-et-europeens-veulent-renforcer-leurs-partenariats\/#respond"]}]},{"@type":"WebPage","@id":"https:\/\/appsaf.apieproject.com\/news\/fr\/2023\/05\/08\/les-musees-africains-et-europeens-veulent-renforcer-leurs-partenariats\/","url":"https:\/\/appsaf.apieproject.com\/news\/fr\/2023\/05\/08\/les-musees-africains-et-europeens-veulent-renforcer-leurs-partenariats\/","name":"Les Mus\u00e9es Africains Et Europ\u00e9ens Veulent Renforcer Leurs Partenariats - APIE NEWS","isPartOf":{"@id":"https:\/\/appsaf.apieproject.com\/news\/#website"},"primaryImageOfPage":{"@id":"https:\/\/appsaf.apieproject.com\/news\/fr\/2023\/05\/08\/les-musees-africains-et-europeens-veulent-renforcer-leurs-partenariats\/#primaryimage"},"image":{"@id":"https:\/\/appsaf.apieproject.com\/news\/fr\/2023\/05\/08\/les-musees-africains-et-europeens-veulent-renforcer-leurs-partenariats\/#primaryimage"},"thumbnailUrl":"https:\/\/appsaf.apieproject.com\/news\/wp-content\/uploads\/sites\/29\/2023\/05\/Forum-dir-musee_Dakar_280423_1-1024x640-6824f378e48fd7b28f432f36c4ad3ca6.jpg","datePublished":"2023-05-08T06:38:17+00:00","dateModified":"2023-05-08T06:38:20+00:00","breadcrumb":{"@id":"https:\/\/appsaf.apieproject.com\/news\/fr\/2023\/05\/08\/les-musees-africains-et-europeens-veulent-renforcer-leurs-partenariats\/#breadcrumb"},"inLanguage":"fr-FR","potentialAction":[{"@type":"ReadAction","target":["https:\/\/appsaf.apieproject.com\/news\/fr\/2023\/05\/08\/les-musees-africains-et-europeens-veulent-renforcer-leurs-partenariats\/"]}]},{"@type":"ImageObject","inLanguage":"fr-FR","@id":"https:\/\/appsaf.apieproject.com\/news\/fr\/2023\/05\/08\/les-musees-africains-et-europeens-veulent-renforcer-leurs-partenariats\/#primaryimage","url":"https:\/\/appsaf.apieproject.com\/news\/wp-content\/uploads\/sites\/29\/2023\/05\/Forum-dir-musee_Dakar_280423_1-1024x640-6824f378e48fd7b28f432f36c4ad3ca6.jpg","contentUrl":"https:\/\/appsaf.apieproject.com\/news\/wp-content\/uploads\/sites\/29\/2023\/05\/Forum-dir-musee_Dakar_280423_1-1024x640-6824f378e48fd7b28f432f36c4ad3ca6.jpg","width":1024,"height":640},{"@type":"BreadcrumbList","@id":"https:\/\/appsaf.apieproject.com\/news\/fr\/2023\/05\/08\/les-musees-africains-et-europeens-veulent-renforcer-leurs-partenariats\/#breadcrumb","itemListElement":[{"@type":"ListItem","position":1,"name":"Home","item":"https:\/\/appsaf.apieproject.com\/news\/fr\/home\/"},{"@type":"ListItem","position":2,"name":"Les Mus\u00e9es Africains Et Europ\u00e9ens Veulent Renforcer Leurs Partenariats"}]},{"@type":"WebSite","@id":"https:\/\/appsaf.apieproject.com\/news\/#website","url":"https:\/\/appsaf.apieproject.com\/news\/","name":"APIE NEWS","description":"PANAFRICANISM NEWS PORTAL","publisher":{"@id":"https:\/\/appsaf.apieproject.com\/news\/#organization"},"potentialAction":[{"@type":"SearchAction","target":{"@type":"EntryPoint","urlTemplate":"https:\/\/appsaf.apieproject.com\/news\/?s={search_term_string}"},"query-input":{"@type":"PropertyValueSpecification","valueRequired":true,"valueName":"search_term_string"}}],"inLanguage":"fr-FR"},{"@type":"Organization","@id":"https:\/\/appsaf.apieproject.com\/news\/#organization","name":"APIE PROJECT","url":"https:\/\/appsaf.apieproject.com\/news\/","logo":{"@type":"ImageObject","inLanguage":"fr-FR","@id":"https:\/\/appsaf.apieproject.com\/news\/#\/schema\/logo\/image\/","url":"https:\/\/appsaf.apieproject.com\/news\/wp-content\/uploads\/sites\/29\/2022\/07\/logo-R-TransparentBackground.png","contentUrl":"https:\/\/appsaf.apieproject.com\/news\/wp-content\/uploads\/sites\/29\/2022\/07\/logo-R-TransparentBackground.png","width":512,"height":512,"caption":"APIE PROJECT"},"image":{"@id":"https:\/\/appsaf.apieproject.com\/news\/#\/schema\/logo\/image\/"},"sameAs":["https:\/\/facebook.com\/apieproject","https:\/\/x.com\/apieproject"]},{"@type":"Person","@id":"https:\/\/appsaf.apieproject.com\/news\/#\/schema\/person\/399517cac378948cd7b39086f9ddc2a7","name":"staff","image":{"@type":"ImageObject","inLanguage":"fr-FR","@id":"https:\/\/appsaf.apieproject.com\/news\/#\/schema\/person\/image\/","url":"https:\/\/secure.gravatar.com\/avatar\/5386283c5db150efe261184bd59f072a?s=96&d=mm&r=g","contentUrl":"https:\/\/secure.gravatar.com\/avatar\/5386283c5db150efe261184bd59f072a?s=96&d=mm&r=g","caption":"staff"},"url":"https:\/\/appsaf.apieproject.com\/news\/fr\/author\/staff\/"}]}},"_links":{"self":[{"href":"https:\/\/appsaf.apieproject.com\/news\/fr\/wp-json\/wp\/v2\/posts\/28402","targetHints":{"allow":["GET"]}}],"collection":[{"href":"https:\/\/appsaf.apieproject.com\/news\/fr\/wp-json\/wp\/v2\/posts"}],"about":[{"href":"https:\/\/appsaf.apieproject.com\/news\/fr\/wp-json\/wp\/v2\/types\/post"}],"author":[{"embeddable":true,"href":"https:\/\/appsaf.apieproject.com\/news\/fr\/wp-json\/wp\/v2\/users\/12963"}],"replies":[{"embeddable":true,"href":"https:\/\/appsaf.apieproject.com\/news\/fr\/wp-json\/wp\/v2\/comments?post=28402"}],"version-history":[{"count":2,"href":"https:\/\/appsaf.apieproject.com\/news\/fr\/wp-json\/wp\/v2\/posts\/28402\/revisions"}],"predecessor-version":[{"id":28608,"href":"https:\/\/appsaf.apieproject.com\/news\/fr\/wp-json\/wp\/v2\/posts\/28402\/revisions\/28608"}],"wp:featuredmedia":[{"embeddable":true,"href":"https:\/\/appsaf.apieproject.com\/news\/fr\/wp-json\/wp\/v2\/media\/28399"}],"wp:attachment":[{"href":"https:\/\/appsaf.apieproject.com\/news\/fr\/wp-json\/wp\/v2\/media?parent=28402"}],"wp:term":[{"taxonomy":"category","embeddable":true,"href":"https:\/\/appsaf.apieproject.com\/news\/fr\/wp-json\/wp\/v2\/categories?post=28402"},{"taxonomy":"post_tag","embeddable":true,"href":"https:\/\/appsaf.apieproject.com\/news\/fr\/wp-json\/wp\/v2\/tags?post=28402"}],"curies":[{"name":"wp","href":"https:\/\/api.w.org\/{rel}","templated":true}]}}