{"id":28410,"date":"2023-05-08T07:12:11","date_gmt":"2023-05-08T07:12:11","guid":{"rendered":"https:\/\/appsaf.apieproject.com\/news\/?p=28410"},"modified":"2023-05-08T07:12:13","modified_gmt":"2023-05-08T07:12:13","slug":"burkina-lancement-de-la-20e-edition-de-la-semaine-de-la-culture","status":"publish","type":"post","link":"https:\/\/appsaf.apieproject.com\/news\/fr\/2023\/05\/08\/burkina-lancement-de-la-20e-edition-de-la-semaine-de-la-culture\/","title":{"rendered":"Burkina : Lancement De La 20e \u00c9dition De La Semaine De La Culture"},"content":{"rendered":"<p>Le capitaine Ibrahim Traor\u00e9 a donn\u00e9 trois de coups de gong, un instrument de musique traditionnelle, marquant le d\u00e9part d\u2019une semaine de comp\u00e9titions culturelles dans la ville de Sya.<\/p>\n<p>Plus de 600 000 festivaliers sont attendus, selon les organisateurs. Sont aussi attendus pour cette SNC 2023, 105 troupes et ensemble artistiques en art du spectacle, 47 sp\u00e9cialit\u00e9s en art culinaire, 27 \u0153uvres en art plastiques, 189 lutteurs et archer, et 127 manuscrits en litt\u00e9rature fran\u00e7aise.<\/p>\n<p>Pour le ministre de la Communication, de la Culture, des Arts et du Tourisme, Rimtalba Jean Emmanuel Ou\u00e9draogo, \u00ab l\u2019organisation de cette \u00e9dition de la SNC montre que notre pays reste debout dans la r\u00e9silience (\u2026), que le Burkina reste debout par sa d\u00e9termination \u00e0 combattre et \u00e0 vaincre les forces obscurantistes \u00bb.<\/p>\n<p>Et \u00ab r\u00e9unir la communaut\u00e9 culturelle dans toute sa diversit\u00e9 pour c\u00e9l\u00e9brer la biennale revient \u00e0 magnifier les id\u00e9aux et les valeurs qui permettent de renouer avec l\u2019histoire de notre pays \u00bb, a-t-il soutenu.<\/p>\n<p>La 20e \u00e9dition de la Semaine nationale de la culture est plac\u00e9e sous le th\u00e8me \u00ab Diversit\u00e9 culturelle, ferment de l\u2019unit\u00e9 nationale \u00bb.<\/p>\n","protected":false},"excerpt":{"rendered":"<p>Le pr\u00e9sident de la Transition a lanc\u00e9, samedi, \u00e0 Bobo-Dioulasso, les festivit\u00e9s de la 20e \u00e9dition de la Semaine nationale de la culture (SNC).<\/p>\n","protected":false},"author":12963,"featured_media":28407,"comment_status":"open","ping_status":"open","sticky":false,"template":"","format":"standard","meta":{"footnotes":""},"categories":[53,55],"tags":[78,87,88],"class_list":{"0":"post-28410","1":"post","2":"type-post","3":"status-publish","4":"format-standard","5":"has-post-thumbnail","7":"category-culture-fr","8":"category-divertissement","9":"tag-apie-project-2","10":"tag-culture-2","11":"tag-divertissement"},"yoast_head":"<!-- This site is optimized with the Yoast SEO plugin v24.4 - https:\/\/yoast.com\/wordpress\/plugins\/seo\/ -->\n<title>Burkina : Lancement De La 20e \u00c9dition De La Semaine De La Culture - APIE NEWS<\/title>\n<meta name=\"robots\" content=\"index, follow, max-snippet:-1, max-image-preview:large, max-video-preview:-1\" \/>\n<link rel=\"canonical\" href=\"https:\/\/appsaf.apieproject.com\/news\/fr\/2023\/05\/08\/burkina-lancement-de-la-20e-edition-de-la-semaine-de-la-culture\/\" \/>\n<meta property=\"og:locale\" content=\"fr_FR\" \/>\n<meta property=\"og:type\" content=\"article\" \/>\n<meta property=\"og:title\" content=\"Burkina : Lancement De La 20e \u00c9dition De La Semaine De La Culture - APIE NEWS\" \/>\n<meta property=\"og:description\" content=\"Le pr\u00e9sident de la Transition a lanc\u00e9, samedi, \u00e0 Bobo-Dioulasso, les festivit\u00e9s de la 20e \u00e9dition de la Semaine nationale de la culture (SNC).\" \/>\n<meta property=\"og:url\" content=\"https:\/\/appsaf.apieproject.com\/news\/fr\/2023\/05\/08\/burkina-lancement-de-la-20e-edition-de-la-semaine-de-la-culture\/\" \/>\n<meta property=\"og:site_name\" content=\"APIE NEWS\" \/>\n<meta property=\"article:publisher\" content=\"https:\/\/facebook.com\/apieproject\" \/>\n<meta property=\"article:published_time\" content=\"2023-05-08T07:12:11+00:00\" \/>\n<meta property=\"article:modified_time\" content=\"2023-05-08T07:12:13+00:00\" \/>\n<meta property=\"og:image\" content=\"https:\/\/appsaf.apieproject.com\/news\/wp-content\/uploads\/sites\/29\/2023\/05\/FB_IMG_1682807453772-1be0a9adda2e1bacce959dd08d03accd.jpg\" \/>\n\t<meta property=\"og:image:width\" content=\"960\" \/>\n\t<meta property=\"og:image:height\" content=\"749\" \/>\n\t<meta property=\"og:image:type\" content=\"image\/jpeg\" \/>\n<meta name=\"author\" content=\"staff\" \/>\n<meta name=\"twitter:card\" content=\"summary_large_image\" \/>\n<meta name=\"twitter:creator\" content=\"@apieproject\" \/>\n<meta name=\"twitter:site\" content=\"@apieproject\" \/>\n<meta name=\"twitter:label1\" content=\"\u00c9crit par\" \/>\n\t<meta name=\"twitter:data1\" content=\"staff\" \/>\n\t<meta name=\"twitter:label2\" content=\"Dur\u00e9e de lecture estim\u00e9e\" \/>\n\t<meta name=\"twitter:data2\" content=\"1 minute\" \/>\n<script type=\"application\/ld+json\" class=\"yoast-schema-graph\">{\"@context\":\"https:\/\/schema.org\",\"@graph\":[{\"@type\":\"Article\",\"@id\":\"https:\/\/appsaf.apieproject.com\/news\/fr\/2023\/05\/08\/burkina-lancement-de-la-20e-edition-de-la-semaine-de-la-culture\/#article\",\"isPartOf\":{\"@id\":\"https:\/\/appsaf.apieproject.com\/news\/fr\/2023\/05\/08\/burkina-lancement-de-la-20e-edition-de-la-semaine-de-la-culture\/\"},\"author\":{\"name\":\"staff\",\"@id\":\"https:\/\/appsaf.apieproject.com\/news\/#\/schema\/person\/399517cac378948cd7b39086f9ddc2a7\"},\"headline\":\"Burkina : Lancement De La 20e \u00c9dition De La Semaine De La Culture\",\"datePublished\":\"2023-05-08T07:12:11+00:00\",\"dateModified\":\"2023-05-08T07:12:13+00:00\",\"mainEntityOfPage\":{\"@id\":\"https:\/\/appsaf.apieproject.com\/news\/fr\/2023\/05\/08\/burkina-lancement-de-la-20e-edition-de-la-semaine-de-la-culture\/\"},\"wordCount\":198,\"commentCount\":0,\"publisher\":{\"@id\":\"https:\/\/appsaf.apieproject.com\/news\/#organization\"},\"image\":{\"@id\":\"https:\/\/appsaf.apieproject.com\/news\/fr\/2023\/05\/08\/burkina-lancement-de-la-20e-edition-de-la-semaine-de-la-culture\/#primaryimage\"},\"thumbnailUrl\":\"https:\/\/appsaf.apieproject.com\/news\/wp-content\/uploads\/sites\/29\/2023\/05\/FB_IMG_1682807453772-1be0a9adda2e1bacce959dd08d03accd.jpg\",\"keywords\":[\"apie project\",\"culture\",\"divertissement\"],\"articleSection\":[\"Culture\",\"Divertissement\"],\"inLanguage\":\"fr-FR\",\"potentialAction\":[{\"@type\":\"CommentAction\",\"name\":\"Comment\",\"target\":[\"https:\/\/appsaf.apieproject.com\/news\/fr\/2023\/05\/08\/burkina-lancement-de-la-20e-edition-de-la-semaine-de-la-culture\/#respond\"]}]},{\"@type\":\"WebPage\",\"@id\":\"https:\/\/appsaf.apieproject.com\/news\/fr\/2023\/05\/08\/burkina-lancement-de-la-20e-edition-de-la-semaine-de-la-culture\/\",\"url\":\"https:\/\/appsaf.apieproject.com\/news\/fr\/2023\/05\/08\/burkina-lancement-de-la-20e-edition-de-la-semaine-de-la-culture\/\",\"name\":\"Burkina : Lancement De La 20e \u00c9dition De La Semaine De La Culture - APIE NEWS\",\"isPartOf\":{\"@id\":\"https:\/\/appsaf.apieproject.com\/news\/#website\"},\"primaryImageOfPage\":{\"@id\":\"https:\/\/appsaf.apieproject.com\/news\/fr\/2023\/05\/08\/burkina-lancement-de-la-20e-edition-de-la-semaine-de-la-culture\/#primaryimage\"},\"image\":{\"@id\":\"https:\/\/appsaf.apieproject.com\/news\/fr\/2023\/05\/08\/burkina-lancement-de-la-20e-edition-de-la-semaine-de-la-culture\/#primaryimage\"},\"thumbnailUrl\":\"https:\/\/appsaf.apieproject.com\/news\/wp-content\/uploads\/sites\/29\/2023\/05\/FB_IMG_1682807453772-1be0a9adda2e1bacce959dd08d03accd.jpg\",\"datePublished\":\"2023-05-08T07:12:11+00:00\",\"dateModified\":\"2023-05-08T07:12:13+00:00\",\"breadcrumb\":{\"@id\":\"https:\/\/appsaf.apieproject.com\/news\/fr\/2023\/05\/08\/burkina-lancement-de-la-20e-edition-de-la-semaine-de-la-culture\/#breadcrumb\"},\"inLanguage\":\"fr-FR\",\"potentialAction\":[{\"@type\":\"ReadAction\",\"target\":[\"https:\/\/appsaf.apieproject.com\/news\/fr\/2023\/05\/08\/burkina-lancement-de-la-20e-edition-de-la-semaine-de-la-culture\/\"]}]},{\"@type\":\"ImageObject\",\"inLanguage\":\"fr-FR\",\"@id\":\"https:\/\/appsaf.apieproject.com\/news\/fr\/2023\/05\/08\/burkina-lancement-de-la-20e-edition-de-la-semaine-de-la-culture\/#primaryimage\",\"url\":\"https:\/\/appsaf.apieproject.com\/news\/wp-content\/uploads\/sites\/29\/2023\/05\/FB_IMG_1682807453772-1be0a9adda2e1bacce959dd08d03accd.jpg\",\"contentUrl\":\"https:\/\/appsaf.apieproject.com\/news\/wp-content\/uploads\/sites\/29\/2023\/05\/FB_IMG_1682807453772-1be0a9adda2e1bacce959dd08d03accd.jpg\",\"width\":960,\"height\":749},{\"@type\":\"BreadcrumbList\",\"@id\":\"https:\/\/appsaf.apieproject.com\/news\/fr\/2023\/05\/08\/burkina-lancement-de-la-20e-edition-de-la-semaine-de-la-culture\/#breadcrumb\",\"itemListElement\":[{\"@type\":\"ListItem\",\"position\":1,\"name\":\"Home\",\"item\":\"https:\/\/appsaf.apieproject.com\/news\/fr\/home\/\"},{\"@type\":\"ListItem\",\"position\":2,\"name\":\"Burkina : Lancement De La 20e \u00c9dition De La Semaine De La Culture\"}]},{\"@type\":\"WebSite\",\"@id\":\"https:\/\/appsaf.apieproject.com\/news\/#website\",\"url\":\"https:\/\/appsaf.apieproject.com\/news\/\",\"name\":\"APIE NEWS\",\"description\":\"PANAFRICANISM NEWS PORTAL\",\"publisher\":{\"@id\":\"https:\/\/appsaf.apieproject.com\/news\/#organization\"},\"potentialAction\":[{\"@type\":\"SearchAction\",\"target\":{\"@type\":\"EntryPoint\",\"urlTemplate\":\"https:\/\/appsaf.apieproject.com\/news\/?s={search_term_string}\"},\"query-input\":{\"@type\":\"PropertyValueSpecification\",\"valueRequired\":true,\"valueName\":\"search_term_string\"}}],\"inLanguage\":\"fr-FR\"},{\"@type\":\"Organization\",\"@id\":\"https:\/\/appsaf.apieproject.com\/news\/#organization\",\"name\":\"APIE PROJECT\",\"url\":\"https:\/\/appsaf.apieproject.com\/news\/\",\"logo\":{\"@type\":\"ImageObject\",\"inLanguage\":\"fr-FR\",\"@id\":\"https:\/\/appsaf.apieproject.com\/news\/#\/schema\/logo\/image\/\",\"url\":\"https:\/\/appsaf.apieproject.com\/news\/wp-content\/uploads\/sites\/29\/2022\/07\/logo-R-TransparentBackground.png\",\"contentUrl\":\"https:\/\/appsaf.apieproject.com\/news\/wp-content\/uploads\/sites\/29\/2022\/07\/logo-R-TransparentBackground.png\",\"width\":512,\"height\":512,\"caption\":\"APIE PROJECT\"},\"image\":{\"@id\":\"https:\/\/appsaf.apieproject.com\/news\/#\/schema\/logo\/image\/\"},\"sameAs\":[\"https:\/\/facebook.com\/apieproject\",\"https:\/\/x.com\/apieproject\"]},{\"@type\":\"Person\",\"@id\":\"https:\/\/appsaf.apieproject.com\/news\/#\/schema\/person\/399517cac378948cd7b39086f9ddc2a7\",\"name\":\"staff\",\"image\":{\"@type\":\"ImageObject\",\"inLanguage\":\"fr-FR\",\"@id\":\"https:\/\/appsaf.apieproject.com\/news\/#\/schema\/person\/image\/\",\"url\":\"https:\/\/secure.gravatar.com\/avatar\/5386283c5db150efe261184bd59f072a?s=96&d=mm&r=g\",\"contentUrl\":\"https:\/\/secure.gravatar.com\/avatar\/5386283c5db150efe261184bd59f072a?s=96&d=mm&r=g\",\"caption\":\"staff\"},\"url\":\"https:\/\/appsaf.apieproject.com\/news\/fr\/author\/staff\/\"}]}<\/script>\n<!-- \/ Yoast SEO plugin. -->","yoast_head_json":{"title":"Burkina : Lancement De La 20e \u00c9dition De La Semaine De La Culture - APIE NEWS","robots":{"index":"index","follow":"follow","max-snippet":"max-snippet:-1","max-image-preview":"max-image-preview:large","max-video-preview":"max-video-preview:-1"},"canonical":"https:\/\/appsaf.apieproject.com\/news\/fr\/2023\/05\/08\/burkina-lancement-de-la-20e-edition-de-la-semaine-de-la-culture\/","og_locale":"fr_FR","og_type":"article","og_title":"Burkina : Lancement De La 20e \u00c9dition De La Semaine De La Culture - APIE NEWS","og_description":"Le pr\u00e9sident de la Transition a lanc\u00e9, samedi, \u00e0 Bobo-Dioulasso, les festivit\u00e9s de la 20e \u00e9dition de la Semaine nationale de la culture (SNC).","og_url":"https:\/\/appsaf.apieproject.com\/news\/fr\/2023\/05\/08\/burkina-lancement-de-la-20e-edition-de-la-semaine-de-la-culture\/","og_site_name":"APIE NEWS","article_publisher":"https:\/\/facebook.com\/apieproject","article_published_time":"2023-05-08T07:12:11+00:00","article_modified_time":"2023-05-08T07:12:13+00:00","og_image":[{"width":960,"height":749,"url":"https:\/\/appsaf.apieproject.com\/news\/wp-content\/uploads\/sites\/29\/2023\/05\/FB_IMG_1682807453772-1be0a9adda2e1bacce959dd08d03accd.jpg","type":"image\/jpeg"}],"author":"staff","twitter_card":"summary_large_image","twitter_creator":"@apieproject","twitter_site":"@apieproject","twitter_misc":{"\u00c9crit par":"staff","Dur\u00e9e de lecture estim\u00e9e":"1 minute"},"schema":{"@context":"https:\/\/schema.org","@graph":[{"@type":"Article","@id":"https:\/\/appsaf.apieproject.com\/news\/fr\/2023\/05\/08\/burkina-lancement-de-la-20e-edition-de-la-semaine-de-la-culture\/#article","isPartOf":{"@id":"https:\/\/appsaf.apieproject.com\/news\/fr\/2023\/05\/08\/burkina-lancement-de-la-20e-edition-de-la-semaine-de-la-culture\/"},"author":{"name":"staff","@id":"https:\/\/appsaf.apieproject.com\/news\/#\/schema\/person\/399517cac378948cd7b39086f9ddc2a7"},"headline":"Burkina : Lancement De La 20e \u00c9dition De La Semaine De La Culture","datePublished":"2023-05-08T07:12:11+00:00","dateModified":"2023-05-08T07:12:13+00:00","mainEntityOfPage":{"@id":"https:\/\/appsaf.apieproject.com\/news\/fr\/2023\/05\/08\/burkina-lancement-de-la-20e-edition-de-la-semaine-de-la-culture\/"},"wordCount":198,"commentCount":0,"publisher":{"@id":"https:\/\/appsaf.apieproject.com\/news\/#organization"},"image":{"@id":"https:\/\/appsaf.apieproject.com\/news\/fr\/2023\/05\/08\/burkina-lancement-de-la-20e-edition-de-la-semaine-de-la-culture\/#primaryimage"},"thumbnailUrl":"https:\/\/appsaf.apieproject.com\/news\/wp-content\/uploads\/sites\/29\/2023\/05\/FB_IMG_1682807453772-1be0a9adda2e1bacce959dd08d03accd.jpg","keywords":["apie project","culture","divertissement"],"articleSection":["Culture","Divertissement"],"inLanguage":"fr-FR","potentialAction":[{"@type":"CommentAction","name":"Comment","target":["https:\/\/appsaf.apieproject.com\/news\/fr\/2023\/05\/08\/burkina-lancement-de-la-20e-edition-de-la-semaine-de-la-culture\/#respond"]}]},{"@type":"WebPage","@id":"https:\/\/appsaf.apieproject.com\/news\/fr\/2023\/05\/08\/burkina-lancement-de-la-20e-edition-de-la-semaine-de-la-culture\/","url":"https:\/\/appsaf.apieproject.com\/news\/fr\/2023\/05\/08\/burkina-lancement-de-la-20e-edition-de-la-semaine-de-la-culture\/","name":"Burkina : Lancement De La 20e \u00c9dition De La Semaine De La Culture - APIE NEWS","isPartOf":{"@id":"https:\/\/appsaf.apieproject.com\/news\/#website"},"primaryImageOfPage":{"@id":"https:\/\/appsaf.apieproject.com\/news\/fr\/2023\/05\/08\/burkina-lancement-de-la-20e-edition-de-la-semaine-de-la-culture\/#primaryimage"},"image":{"@id":"https:\/\/appsaf.apieproject.com\/news\/fr\/2023\/05\/08\/burkina-lancement-de-la-20e-edition-de-la-semaine-de-la-culture\/#primaryimage"},"thumbnailUrl":"https:\/\/appsaf.apieproject.com\/news\/wp-content\/uploads\/sites\/29\/2023\/05\/FB_IMG_1682807453772-1be0a9adda2e1bacce959dd08d03accd.jpg","datePublished":"2023-05-08T07:12:11+00:00","dateModified":"2023-05-08T07:12:13+00:00","breadcrumb":{"@id":"https:\/\/appsaf.apieproject.com\/news\/fr\/2023\/05\/08\/burkina-lancement-de-la-20e-edition-de-la-semaine-de-la-culture\/#breadcrumb"},"inLanguage":"fr-FR","potentialAction":[{"@type":"ReadAction","target":["https:\/\/appsaf.apieproject.com\/news\/fr\/2023\/05\/08\/burkina-lancement-de-la-20e-edition-de-la-semaine-de-la-culture\/"]}]},{"@type":"ImageObject","inLanguage":"fr-FR","@id":"https:\/\/appsaf.apieproject.com\/news\/fr\/2023\/05\/08\/burkina-lancement-de-la-20e-edition-de-la-semaine-de-la-culture\/#primaryimage","url":"https:\/\/appsaf.apieproject.com\/news\/wp-content\/uploads\/sites\/29\/2023\/05\/FB_IMG_1682807453772-1be0a9adda2e1bacce959dd08d03accd.jpg","contentUrl":"https:\/\/appsaf.apieproject.com\/news\/wp-content\/uploads\/sites\/29\/2023\/05\/FB_IMG_1682807453772-1be0a9adda2e1bacce959dd08d03accd.jpg","width":960,"height":749},{"@type":"BreadcrumbList","@id":"https:\/\/appsaf.apieproject.com\/news\/fr\/2023\/05\/08\/burkina-lancement-de-la-20e-edition-de-la-semaine-de-la-culture\/#breadcrumb","itemListElement":[{"@type":"ListItem","position":1,"name":"Home","item":"https:\/\/appsaf.apieproject.com\/news\/fr\/home\/"},{"@type":"ListItem","position":2,"name":"Burkina : Lancement De La 20e \u00c9dition De La Semaine De La Culture"}]},{"@type":"WebSite","@id":"https:\/\/appsaf.apieproject.com\/news\/#website","url":"https:\/\/appsaf.apieproject.com\/news\/","name":"APIE NEWS","description":"PANAFRICANISM NEWS PORTAL","publisher":{"@id":"https:\/\/appsaf.apieproject.com\/news\/#organization"},"potentialAction":[{"@type":"SearchAction","target":{"@type":"EntryPoint","urlTemplate":"https:\/\/appsaf.apieproject.com\/news\/?s={search_term_string}"},"query-input":{"@type":"PropertyValueSpecification","valueRequired":true,"valueName":"search_term_string"}}],"inLanguage":"fr-FR"},{"@type":"Organization","@id":"https:\/\/appsaf.apieproject.com\/news\/#organization","name":"APIE PROJECT","url":"https:\/\/appsaf.apieproject.com\/news\/","logo":{"@type":"ImageObject","inLanguage":"fr-FR","@id":"https:\/\/appsaf.apieproject.com\/news\/#\/schema\/logo\/image\/","url":"https:\/\/appsaf.apieproject.com\/news\/wp-content\/uploads\/sites\/29\/2022\/07\/logo-R-TransparentBackground.png","contentUrl":"https:\/\/appsaf.apieproject.com\/news\/wp-content\/uploads\/sites\/29\/2022\/07\/logo-R-TransparentBackground.png","width":512,"height":512,"caption":"APIE PROJECT"},"image":{"@id":"https:\/\/appsaf.apieproject.com\/news\/#\/schema\/logo\/image\/"},"sameAs":["https:\/\/facebook.com\/apieproject","https:\/\/x.com\/apieproject"]},{"@type":"Person","@id":"https:\/\/appsaf.apieproject.com\/news\/#\/schema\/person\/399517cac378948cd7b39086f9ddc2a7","name":"staff","image":{"@type":"ImageObject","inLanguage":"fr-FR","@id":"https:\/\/appsaf.apieproject.com\/news\/#\/schema\/person\/image\/","url":"https:\/\/secure.gravatar.com\/avatar\/5386283c5db150efe261184bd59f072a?s=96&d=mm&r=g","contentUrl":"https:\/\/secure.gravatar.com\/avatar\/5386283c5db150efe261184bd59f072a?s=96&d=mm&r=g","caption":"staff"},"url":"https:\/\/appsaf.apieproject.com\/news\/fr\/author\/staff\/"}]}},"_links":{"self":[{"href":"https:\/\/appsaf.apieproject.com\/news\/fr\/wp-json\/wp\/v2\/posts\/28410","targetHints":{"allow":["GET"]}}],"collection":[{"href":"https:\/\/appsaf.apieproject.com\/news\/fr\/wp-json\/wp\/v2\/posts"}],"about":[{"href":"https:\/\/appsaf.apieproject.com\/news\/fr\/wp-json\/wp\/v2\/types\/post"}],"author":[{"embeddable":true,"href":"https:\/\/appsaf.apieproject.com\/news\/fr\/wp-json\/wp\/v2\/users\/12963"}],"replies":[{"embeddable":true,"href":"https:\/\/appsaf.apieproject.com\/news\/fr\/wp-json\/wp\/v2\/comments?post=28410"}],"version-history":[{"count":1,"href":"https:\/\/appsaf.apieproject.com\/news\/fr\/wp-json\/wp\/v2\/posts\/28410\/revisions"}],"predecessor-version":[{"id":28611,"href":"https:\/\/appsaf.apieproject.com\/news\/fr\/wp-json\/wp\/v2\/posts\/28410\/revisions\/28611"}],"wp:featuredmedia":[{"embeddable":true,"href":"https:\/\/appsaf.apieproject.com\/news\/fr\/wp-json\/wp\/v2\/media\/28407"}],"wp:attachment":[{"href":"https:\/\/appsaf.apieproject.com\/news\/fr\/wp-json\/wp\/v2\/media?parent=28410"}],"wp:term":[{"taxonomy":"category","embeddable":true,"href":"https:\/\/appsaf.apieproject.com\/news\/fr\/wp-json\/wp\/v2\/categories?post=28410"},{"taxonomy":"post_tag","embeddable":true,"href":"https:\/\/appsaf.apieproject.com\/news\/fr\/wp-json\/wp\/v2\/tags?post=28410"}],"curies":[{"name":"wp","href":"https:\/\/api.w.org\/{rel}","templated":true}]}}