{"id":28418,"date":"2023-05-08T08:10:08","date_gmt":"2023-05-08T08:10:08","guid":{"rendered":"https:\/\/appsaf.apieproject.com\/news\/?p=28418"},"modified":"2023-05-08T08:10:11","modified_gmt":"2023-05-08T08:10:11","slug":"essaouira-celebre-le-printemps-en-musique","status":"publish","type":"post","link":"https:\/\/appsaf.apieproject.com\/news\/fr\/2023\/05\/08\/essaouira-celebre-le-printemps-en-musique\/","title":{"rendered":"Essaouira C\u00e9l\u00e8bre Le Printemps En Musique"},"content":{"rendered":"<p>Concoct\u00e9 par l\u2019Association Essaouira-Mogador, l\u2019Association Mogador Cultures et la commune d\u2019Essaouira, ce programme comporte une panoplie d\u2019\u00e9v\u00e9nements culturels (musique, chant, po\u00e9sie, etc\u2026), dont le coup d\u2019envoi a \u00e9t\u00e9 donn\u00e9, jeudi, avec une d\u00e9ambulation musicale de Ma\u00e2lems gnaouis (Najib Soudani et Abdessalam Banaddi) et de troupes d\u2019A\u00efssaoua, Hmadcha et d\u2019Ahwach de Smimou, outre des chanteurs et musiciens s\u00e9n\u00e9galais, qui ont pris le d\u00e9part de Bab Sbaa et Souk Jdid pour sillonner les rues de l\u2019ancienne m\u00e9dina au grand bonheur des habitants et des visiteurs nombreux de la cit\u00e9 des Aliz\u00e9s.<\/p>\n<p>Au menu de cette premi\u00e8re journ\u00e9e figurait aussi une soir\u00e9e c\u00e9l\u00e9brant l\u2019art gnaoua, meilleur ami du Jazz, deux musiques qui portent en elles une dimension spirituelle certaine. Ainsi, le ma\u00e2lem Houssam Guinea a gratifi\u00e9 les m\u00e9lomanes d\u2019une fusion exceptionnelle entre ces deux genres musicaux.<\/p>\n<p>Dans une d\u00e9claration \u00e0 M24, la cha\u00eene t\u00e9l\u00e9vis\u00e9e de l\u2019information en continu de la MAP, le pr\u00e9sident du Conseil communal d\u2019Essaouira, Tarik Ottmani, a mis en avant la richesse du programme mis en place par les organisateurs pour c\u00e9l\u00e9brer \u00e0 la fois le printemps et le patrimoine souiri, en rassemblant diff\u00e9rentes troupes repr\u00e9sentant les arts musicaux ancestraux (Gnaoua, Hmadcha, A\u00efssaoua, Ahwach, Chgouri\u2026), tout en r\u00e9servant une place de choix \u00e0 la musique africaine, notamment s\u00e9n\u00e9galaise.<\/p>\n<p>M. Ottmani, \u00e9galement pr\u00e9sident du bureau ex\u00e9cutif de l\u2019Association Essaouira-Mogador, a not\u00e9 que cet \u00e9v\u00e9nement intervient suite au report de la 20\u00e8me \u00e9dition du Festival Printemps musical des Aliz\u00e9s, pr\u00e9cisant que les organisateurs ont ainsi d\u00e9cid\u00e9 de programmer plusieurs activit\u00e9s et une dizaine de concerts aussi bien dans les espaces embl\u00e9matiques de Dar Souiri et Bayt Dakira, qu\u2019en dehors des murs en investissant les principales places publiques de la m\u00e9dina, afin de permettre au large public parmi les habitants et les visiteurs d\u2019Essaouira, de savourer ces magnifiques spectacles.<\/p>\n<p>Et d\u2019expliquer que l\u2019organisation de cet \u00e9v\u00e9nement a \u00e9galement co\u00efncid\u00e9 avec la tenue de diverses activit\u00e9s culturelles par d\u2019autres institutions et acteurs locaux, ce qui conforte davantage la dynamique et l\u2019animation que vit la cit\u00e9 des Aliz\u00e9s en cette fin de semaine.<\/p>\n<p>Samedi, et \u00e0 l\u2019occasion du mois du patrimoine, la direction provinciale de la culture d\u2019Essaouira organisera, avec le concours de l\u2019Association Essaouira Mogador, un grand concert \u00e0 Dar Souiri, avec au menu une soir\u00e9e soufie pr\u00e9sent\u00e9e par l\u2019Association des jeunes de l\u2019art authentique, du samaa et du patrimoine de la zaouia Kadiria \u00e0 Essaouira, une soir\u00e9e mystique aux airs spirituels des Hmadcha, outre un moment fort d\u2019\u00e9motion, de partage et de fusion entre les Hmadcha et les Gnaoua.<\/p>\n<p>Pour cl\u00f4turer en beaut\u00e9 ces \u00e9v\u00e8nements et concerts c\u00e9l\u00e9brant le printemps dans la cit\u00e9 des Aliz\u00e9s, l\u2019Association Essaouira-Mogador, en partenariat avec l\u2019Association Mimouna, invite les Cuivres \u00e0 se produire dimanche en pleine rue.<\/p>\n<p>A cette occasion, le quintette de Cuivres d\u2019Abdelali Lmaallem animera un concert festif et haut en couleur \u00e0 la place de l\u2019horloge au c\u0153ur de la m\u00e9dina.<\/p>\n","protected":false},"excerpt":{"rendered":"<p>La ville d&rsquo;Essaouira c\u00e9l\u00e8bre en cette fin de semaine le printemps et le patrimoine, avec \u00e0 la cl\u00e9 un programme riche en concerts, animations et activit\u00e9s culturelles, organis\u00e9es dans diff\u00e9rents espaces et places publiques au c\u0153ur de la m\u00e9dina.<\/p>\n","protected":false},"author":12963,"featured_media":28415,"comment_status":"open","ping_status":"open","sticky":false,"template":"","format":"standard","meta":{"footnotes":""},"categories":[55,65],"tags":[78,88,91],"class_list":{"0":"post-28418","1":"post","2":"type-post","3":"status-publish","4":"format-standard","5":"has-post-thumbnail","7":"category-divertissement","8":"category-musique","9":"tag-apie-project-2","10":"tag-divertissement","11":"tag-musique"},"yoast_head":"<!-- This site is optimized with the Yoast SEO plugin v24.4 - https:\/\/yoast.com\/wordpress\/plugins\/seo\/ -->\n<title>Essaouira C\u00e9l\u00e8bre Le Printemps En Musique - APIE NEWS<\/title>\n<meta name=\"robots\" content=\"index, follow, max-snippet:-1, max-image-preview:large, max-video-preview:-1\" \/>\n<link rel=\"canonical\" href=\"https:\/\/appsaf.apieproject.com\/news\/fr\/2023\/05\/08\/essaouira-celebre-le-printemps-en-musique\/\" \/>\n<meta property=\"og:locale\" content=\"fr_FR\" \/>\n<meta property=\"og:type\" content=\"article\" \/>\n<meta property=\"og:title\" content=\"Essaouira C\u00e9l\u00e8bre Le Printemps En Musique - APIE NEWS\" \/>\n<meta property=\"og:description\" content=\"La ville d&#039;Essaouira c\u00e9l\u00e8bre en cette fin de semaine le printemps et le patrimoine, avec \u00e0 la cl\u00e9 un programme riche en concerts, animations et activit\u00e9s culturelles, organis\u00e9es dans diff\u00e9rents espaces et places publiques au c\u0153ur de la m\u00e9dina.\" \/>\n<meta property=\"og:url\" content=\"https:\/\/appsaf.apieproject.com\/news\/fr\/2023\/05\/08\/essaouira-celebre-le-printemps-en-musique\/\" \/>\n<meta property=\"og:site_name\" content=\"APIE NEWS\" \/>\n<meta property=\"article:publisher\" content=\"https:\/\/facebook.com\/apieproject\" \/>\n<meta property=\"article:published_time\" content=\"2023-05-08T08:10:08+00:00\" \/>\n<meta property=\"article:modified_time\" content=\"2023-05-08T08:10:11+00:00\" \/>\n<meta property=\"og:image\" content=\"https:\/\/appsaf.apieproject.com\/news\/wp-content\/uploads\/sites\/29\/2023\/05\/Screenshot_20230503_202228_com.android.chrome_edit_302105854440880-8582f0d5c40779758fc8fb5f27d344bd.jpg\" \/>\n\t<meta property=\"og:image:width\" content=\"1080\" \/>\n\t<meta property=\"og:image:height\" content=\"661\" \/>\n\t<meta property=\"og:image:type\" content=\"image\/jpeg\" \/>\n<meta name=\"author\" content=\"staff\" \/>\n<meta name=\"twitter:card\" content=\"summary_large_image\" \/>\n<meta name=\"twitter:creator\" content=\"@apieproject\" \/>\n<meta name=\"twitter:site\" content=\"@apieproject\" \/>\n<meta name=\"twitter:label1\" content=\"\u00c9crit par\" \/>\n\t<meta name=\"twitter:data1\" content=\"staff\" \/>\n\t<meta name=\"twitter:label2\" content=\"Dur\u00e9e de lecture estim\u00e9e\" \/>\n\t<meta name=\"twitter:data2\" content=\"3 minutes\" \/>\n<script type=\"application\/ld+json\" class=\"yoast-schema-graph\">{\"@context\":\"https:\/\/schema.org\",\"@graph\":[{\"@type\":\"Article\",\"@id\":\"https:\/\/appsaf.apieproject.com\/news\/fr\/2023\/05\/08\/essaouira-celebre-le-printemps-en-musique\/#article\",\"isPartOf\":{\"@id\":\"https:\/\/appsaf.apieproject.com\/news\/fr\/2023\/05\/08\/essaouira-celebre-le-printemps-en-musique\/\"},\"author\":{\"name\":\"staff\",\"@id\":\"https:\/\/appsaf.apieproject.com\/news\/#\/schema\/person\/399517cac378948cd7b39086f9ddc2a7\"},\"headline\":\"Essaouira C\u00e9l\u00e8bre Le Printemps En Musique\",\"datePublished\":\"2023-05-08T08:10:08+00:00\",\"dateModified\":\"2023-05-08T08:10:11+00:00\",\"mainEntityOfPage\":{\"@id\":\"https:\/\/appsaf.apieproject.com\/news\/fr\/2023\/05\/08\/essaouira-celebre-le-printemps-en-musique\/\"},\"wordCount\":560,\"commentCount\":0,\"publisher\":{\"@id\":\"https:\/\/appsaf.apieproject.com\/news\/#organization\"},\"image\":{\"@id\":\"https:\/\/appsaf.apieproject.com\/news\/fr\/2023\/05\/08\/essaouira-celebre-le-printemps-en-musique\/#primaryimage\"},\"thumbnailUrl\":\"https:\/\/appsaf.apieproject.com\/news\/wp-content\/uploads\/sites\/29\/2023\/05\/Screenshot_20230503_202228_com.android.chrome_edit_302105854440880-8582f0d5c40779758fc8fb5f27d344bd.jpg\",\"keywords\":[\"apie project\",\"divertissement\",\"musique\"],\"articleSection\":[\"Divertissement\",\"Musique\"],\"inLanguage\":\"fr-FR\",\"potentialAction\":[{\"@type\":\"CommentAction\",\"name\":\"Comment\",\"target\":[\"https:\/\/appsaf.apieproject.com\/news\/fr\/2023\/05\/08\/essaouira-celebre-le-printemps-en-musique\/#respond\"]}]},{\"@type\":\"WebPage\",\"@id\":\"https:\/\/appsaf.apieproject.com\/news\/fr\/2023\/05\/08\/essaouira-celebre-le-printemps-en-musique\/\",\"url\":\"https:\/\/appsaf.apieproject.com\/news\/fr\/2023\/05\/08\/essaouira-celebre-le-printemps-en-musique\/\",\"name\":\"Essaouira C\u00e9l\u00e8bre Le Printemps En Musique - APIE NEWS\",\"isPartOf\":{\"@id\":\"https:\/\/appsaf.apieproject.com\/news\/#website\"},\"primaryImageOfPage\":{\"@id\":\"https:\/\/appsaf.apieproject.com\/news\/fr\/2023\/05\/08\/essaouira-celebre-le-printemps-en-musique\/#primaryimage\"},\"image\":{\"@id\":\"https:\/\/appsaf.apieproject.com\/news\/fr\/2023\/05\/08\/essaouira-celebre-le-printemps-en-musique\/#primaryimage\"},\"thumbnailUrl\":\"https:\/\/appsaf.apieproject.com\/news\/wp-content\/uploads\/sites\/29\/2023\/05\/Screenshot_20230503_202228_com.android.chrome_edit_302105854440880-8582f0d5c40779758fc8fb5f27d344bd.jpg\",\"datePublished\":\"2023-05-08T08:10:08+00:00\",\"dateModified\":\"2023-05-08T08:10:11+00:00\",\"breadcrumb\":{\"@id\":\"https:\/\/appsaf.apieproject.com\/news\/fr\/2023\/05\/08\/essaouira-celebre-le-printemps-en-musique\/#breadcrumb\"},\"inLanguage\":\"fr-FR\",\"potentialAction\":[{\"@type\":\"ReadAction\",\"target\":[\"https:\/\/appsaf.apieproject.com\/news\/fr\/2023\/05\/08\/essaouira-celebre-le-printemps-en-musique\/\"]}]},{\"@type\":\"ImageObject\",\"inLanguage\":\"fr-FR\",\"@id\":\"https:\/\/appsaf.apieproject.com\/news\/fr\/2023\/05\/08\/essaouira-celebre-le-printemps-en-musique\/#primaryimage\",\"url\":\"https:\/\/appsaf.apieproject.com\/news\/wp-content\/uploads\/sites\/29\/2023\/05\/Screenshot_20230503_202228_com.android.chrome_edit_302105854440880-8582f0d5c40779758fc8fb5f27d344bd.jpg\",\"contentUrl\":\"https:\/\/appsaf.apieproject.com\/news\/wp-content\/uploads\/sites\/29\/2023\/05\/Screenshot_20230503_202228_com.android.chrome_edit_302105854440880-8582f0d5c40779758fc8fb5f27d344bd.jpg\",\"width\":1080,\"height\":661},{\"@type\":\"BreadcrumbList\",\"@id\":\"https:\/\/appsaf.apieproject.com\/news\/fr\/2023\/05\/08\/essaouira-celebre-le-printemps-en-musique\/#breadcrumb\",\"itemListElement\":[{\"@type\":\"ListItem\",\"position\":1,\"name\":\"Home\",\"item\":\"https:\/\/appsaf.apieproject.com\/news\/fr\/home\/\"},{\"@type\":\"ListItem\",\"position\":2,\"name\":\"Essaouira C\u00e9l\u00e8bre Le Printemps En Musique\"}]},{\"@type\":\"WebSite\",\"@id\":\"https:\/\/appsaf.apieproject.com\/news\/#website\",\"url\":\"https:\/\/appsaf.apieproject.com\/news\/\",\"name\":\"APIE NEWS\",\"description\":\"PANAFRICANISM NEWS PORTAL\",\"publisher\":{\"@id\":\"https:\/\/appsaf.apieproject.com\/news\/#organization\"},\"potentialAction\":[{\"@type\":\"SearchAction\",\"target\":{\"@type\":\"EntryPoint\",\"urlTemplate\":\"https:\/\/appsaf.apieproject.com\/news\/?s={search_term_string}\"},\"query-input\":{\"@type\":\"PropertyValueSpecification\",\"valueRequired\":true,\"valueName\":\"search_term_string\"}}],\"inLanguage\":\"fr-FR\"},{\"@type\":\"Organization\",\"@id\":\"https:\/\/appsaf.apieproject.com\/news\/#organization\",\"name\":\"APIE PROJECT\",\"url\":\"https:\/\/appsaf.apieproject.com\/news\/\",\"logo\":{\"@type\":\"ImageObject\",\"inLanguage\":\"fr-FR\",\"@id\":\"https:\/\/appsaf.apieproject.com\/news\/#\/schema\/logo\/image\/\",\"url\":\"https:\/\/appsaf.apieproject.com\/news\/wp-content\/uploads\/sites\/29\/2022\/07\/logo-R-TransparentBackground.png\",\"contentUrl\":\"https:\/\/appsaf.apieproject.com\/news\/wp-content\/uploads\/sites\/29\/2022\/07\/logo-R-TransparentBackground.png\",\"width\":512,\"height\":512,\"caption\":\"APIE PROJECT\"},\"image\":{\"@id\":\"https:\/\/appsaf.apieproject.com\/news\/#\/schema\/logo\/image\/\"},\"sameAs\":[\"https:\/\/facebook.com\/apieproject\",\"https:\/\/x.com\/apieproject\"]},{\"@type\":\"Person\",\"@id\":\"https:\/\/appsaf.apieproject.com\/news\/#\/schema\/person\/399517cac378948cd7b39086f9ddc2a7\",\"name\":\"staff\",\"image\":{\"@type\":\"ImageObject\",\"inLanguage\":\"fr-FR\",\"@id\":\"https:\/\/appsaf.apieproject.com\/news\/#\/schema\/person\/image\/\",\"url\":\"https:\/\/secure.gravatar.com\/avatar\/5386283c5db150efe261184bd59f072a?s=96&d=mm&r=g\",\"contentUrl\":\"https:\/\/secure.gravatar.com\/avatar\/5386283c5db150efe261184bd59f072a?s=96&d=mm&r=g\",\"caption\":\"staff\"},\"url\":\"https:\/\/appsaf.apieproject.com\/news\/fr\/author\/staff\/\"}]}<\/script>\n<!-- \/ Yoast SEO plugin. -->","yoast_head_json":{"title":"Essaouira C\u00e9l\u00e8bre Le Printemps En Musique - APIE NEWS","robots":{"index":"index","follow":"follow","max-snippet":"max-snippet:-1","max-image-preview":"max-image-preview:large","max-video-preview":"max-video-preview:-1"},"canonical":"https:\/\/appsaf.apieproject.com\/news\/fr\/2023\/05\/08\/essaouira-celebre-le-printemps-en-musique\/","og_locale":"fr_FR","og_type":"article","og_title":"Essaouira C\u00e9l\u00e8bre Le Printemps En Musique - APIE NEWS","og_description":"La ville d'Essaouira c\u00e9l\u00e8bre en cette fin de semaine le printemps et le patrimoine, avec \u00e0 la cl\u00e9 un programme riche en concerts, animations et activit\u00e9s culturelles, organis\u00e9es dans diff\u00e9rents espaces et places publiques au c\u0153ur de la m\u00e9dina.","og_url":"https:\/\/appsaf.apieproject.com\/news\/fr\/2023\/05\/08\/essaouira-celebre-le-printemps-en-musique\/","og_site_name":"APIE NEWS","article_publisher":"https:\/\/facebook.com\/apieproject","article_published_time":"2023-05-08T08:10:08+00:00","article_modified_time":"2023-05-08T08:10:11+00:00","og_image":[{"width":1080,"height":661,"url":"https:\/\/appsaf.apieproject.com\/news\/wp-content\/uploads\/sites\/29\/2023\/05\/Screenshot_20230503_202228_com.android.chrome_edit_302105854440880-8582f0d5c40779758fc8fb5f27d344bd.jpg","type":"image\/jpeg"}],"author":"staff","twitter_card":"summary_large_image","twitter_creator":"@apieproject","twitter_site":"@apieproject","twitter_misc":{"\u00c9crit par":"staff","Dur\u00e9e de lecture estim\u00e9e":"3 minutes"},"schema":{"@context":"https:\/\/schema.org","@graph":[{"@type":"Article","@id":"https:\/\/appsaf.apieproject.com\/news\/fr\/2023\/05\/08\/essaouira-celebre-le-printemps-en-musique\/#article","isPartOf":{"@id":"https:\/\/appsaf.apieproject.com\/news\/fr\/2023\/05\/08\/essaouira-celebre-le-printemps-en-musique\/"},"author":{"name":"staff","@id":"https:\/\/appsaf.apieproject.com\/news\/#\/schema\/person\/399517cac378948cd7b39086f9ddc2a7"},"headline":"Essaouira C\u00e9l\u00e8bre Le Printemps En Musique","datePublished":"2023-05-08T08:10:08+00:00","dateModified":"2023-05-08T08:10:11+00:00","mainEntityOfPage":{"@id":"https:\/\/appsaf.apieproject.com\/news\/fr\/2023\/05\/08\/essaouira-celebre-le-printemps-en-musique\/"},"wordCount":560,"commentCount":0,"publisher":{"@id":"https:\/\/appsaf.apieproject.com\/news\/#organization"},"image":{"@id":"https:\/\/appsaf.apieproject.com\/news\/fr\/2023\/05\/08\/essaouira-celebre-le-printemps-en-musique\/#primaryimage"},"thumbnailUrl":"https:\/\/appsaf.apieproject.com\/news\/wp-content\/uploads\/sites\/29\/2023\/05\/Screenshot_20230503_202228_com.android.chrome_edit_302105854440880-8582f0d5c40779758fc8fb5f27d344bd.jpg","keywords":["apie project","divertissement","musique"],"articleSection":["Divertissement","Musique"],"inLanguage":"fr-FR","potentialAction":[{"@type":"CommentAction","name":"Comment","target":["https:\/\/appsaf.apieproject.com\/news\/fr\/2023\/05\/08\/essaouira-celebre-le-printemps-en-musique\/#respond"]}]},{"@type":"WebPage","@id":"https:\/\/appsaf.apieproject.com\/news\/fr\/2023\/05\/08\/essaouira-celebre-le-printemps-en-musique\/","url":"https:\/\/appsaf.apieproject.com\/news\/fr\/2023\/05\/08\/essaouira-celebre-le-printemps-en-musique\/","name":"Essaouira C\u00e9l\u00e8bre Le Printemps En Musique - APIE NEWS","isPartOf":{"@id":"https:\/\/appsaf.apieproject.com\/news\/#website"},"primaryImageOfPage":{"@id":"https:\/\/appsaf.apieproject.com\/news\/fr\/2023\/05\/08\/essaouira-celebre-le-printemps-en-musique\/#primaryimage"},"image":{"@id":"https:\/\/appsaf.apieproject.com\/news\/fr\/2023\/05\/08\/essaouira-celebre-le-printemps-en-musique\/#primaryimage"},"thumbnailUrl":"https:\/\/appsaf.apieproject.com\/news\/wp-content\/uploads\/sites\/29\/2023\/05\/Screenshot_20230503_202228_com.android.chrome_edit_302105854440880-8582f0d5c40779758fc8fb5f27d344bd.jpg","datePublished":"2023-05-08T08:10:08+00:00","dateModified":"2023-05-08T08:10:11+00:00","breadcrumb":{"@id":"https:\/\/appsaf.apieproject.com\/news\/fr\/2023\/05\/08\/essaouira-celebre-le-printemps-en-musique\/#breadcrumb"},"inLanguage":"fr-FR","potentialAction":[{"@type":"ReadAction","target":["https:\/\/appsaf.apieproject.com\/news\/fr\/2023\/05\/08\/essaouira-celebre-le-printemps-en-musique\/"]}]},{"@type":"ImageObject","inLanguage":"fr-FR","@id":"https:\/\/appsaf.apieproject.com\/news\/fr\/2023\/05\/08\/essaouira-celebre-le-printemps-en-musique\/#primaryimage","url":"https:\/\/appsaf.apieproject.com\/news\/wp-content\/uploads\/sites\/29\/2023\/05\/Screenshot_20230503_202228_com.android.chrome_edit_302105854440880-8582f0d5c40779758fc8fb5f27d344bd.jpg","contentUrl":"https:\/\/appsaf.apieproject.com\/news\/wp-content\/uploads\/sites\/29\/2023\/05\/Screenshot_20230503_202228_com.android.chrome_edit_302105854440880-8582f0d5c40779758fc8fb5f27d344bd.jpg","width":1080,"height":661},{"@type":"BreadcrumbList","@id":"https:\/\/appsaf.apieproject.com\/news\/fr\/2023\/05\/08\/essaouira-celebre-le-printemps-en-musique\/#breadcrumb","itemListElement":[{"@type":"ListItem","position":1,"name":"Home","item":"https:\/\/appsaf.apieproject.com\/news\/fr\/home\/"},{"@type":"ListItem","position":2,"name":"Essaouira C\u00e9l\u00e8bre Le Printemps En Musique"}]},{"@type":"WebSite","@id":"https:\/\/appsaf.apieproject.com\/news\/#website","url":"https:\/\/appsaf.apieproject.com\/news\/","name":"APIE NEWS","description":"PANAFRICANISM NEWS PORTAL","publisher":{"@id":"https:\/\/appsaf.apieproject.com\/news\/#organization"},"potentialAction":[{"@type":"SearchAction","target":{"@type":"EntryPoint","urlTemplate":"https:\/\/appsaf.apieproject.com\/news\/?s={search_term_string}"},"query-input":{"@type":"PropertyValueSpecification","valueRequired":true,"valueName":"search_term_string"}}],"inLanguage":"fr-FR"},{"@type":"Organization","@id":"https:\/\/appsaf.apieproject.com\/news\/#organization","name":"APIE PROJECT","url":"https:\/\/appsaf.apieproject.com\/news\/","logo":{"@type":"ImageObject","inLanguage":"fr-FR","@id":"https:\/\/appsaf.apieproject.com\/news\/#\/schema\/logo\/image\/","url":"https:\/\/appsaf.apieproject.com\/news\/wp-content\/uploads\/sites\/29\/2022\/07\/logo-R-TransparentBackground.png","contentUrl":"https:\/\/appsaf.apieproject.com\/news\/wp-content\/uploads\/sites\/29\/2022\/07\/logo-R-TransparentBackground.png","width":512,"height":512,"caption":"APIE PROJECT"},"image":{"@id":"https:\/\/appsaf.apieproject.com\/news\/#\/schema\/logo\/image\/"},"sameAs":["https:\/\/facebook.com\/apieproject","https:\/\/x.com\/apieproject"]},{"@type":"Person","@id":"https:\/\/appsaf.apieproject.com\/news\/#\/schema\/person\/399517cac378948cd7b39086f9ddc2a7","name":"staff","image":{"@type":"ImageObject","inLanguage":"fr-FR","@id":"https:\/\/appsaf.apieproject.com\/news\/#\/schema\/person\/image\/","url":"https:\/\/secure.gravatar.com\/avatar\/5386283c5db150efe261184bd59f072a?s=96&d=mm&r=g","contentUrl":"https:\/\/secure.gravatar.com\/avatar\/5386283c5db150efe261184bd59f072a?s=96&d=mm&r=g","caption":"staff"},"url":"https:\/\/appsaf.apieproject.com\/news\/fr\/author\/staff\/"}]}},"_links":{"self":[{"href":"https:\/\/appsaf.apieproject.com\/news\/fr\/wp-json\/wp\/v2\/posts\/28418","targetHints":{"allow":["GET"]}}],"collection":[{"href":"https:\/\/appsaf.apieproject.com\/news\/fr\/wp-json\/wp\/v2\/posts"}],"about":[{"href":"https:\/\/appsaf.apieproject.com\/news\/fr\/wp-json\/wp\/v2\/types\/post"}],"author":[{"embeddable":true,"href":"https:\/\/appsaf.apieproject.com\/news\/fr\/wp-json\/wp\/v2\/users\/12963"}],"replies":[{"embeddable":true,"href":"https:\/\/appsaf.apieproject.com\/news\/fr\/wp-json\/wp\/v2\/comments?post=28418"}],"version-history":[{"count":2,"href":"https:\/\/appsaf.apieproject.com\/news\/fr\/wp-json\/wp\/v2\/posts\/28418\/revisions"}],"predecessor-version":[{"id":28615,"href":"https:\/\/appsaf.apieproject.com\/news\/fr\/wp-json\/wp\/v2\/posts\/28418\/revisions\/28615"}],"wp:featuredmedia":[{"embeddable":true,"href":"https:\/\/appsaf.apieproject.com\/news\/fr\/wp-json\/wp\/v2\/media\/28415"}],"wp:attachment":[{"href":"https:\/\/appsaf.apieproject.com\/news\/fr\/wp-json\/wp\/v2\/media?parent=28418"}],"wp:term":[{"taxonomy":"category","embeddable":true,"href":"https:\/\/appsaf.apieproject.com\/news\/fr\/wp-json\/wp\/v2\/categories?post=28418"},{"taxonomy":"post_tag","embeddable":true,"href":"https:\/\/appsaf.apieproject.com\/news\/fr\/wp-json\/wp\/v2\/tags?post=28418"}],"curies":[{"name":"wp","href":"https:\/\/api.w.org\/{rel}","templated":true}]}}