{"id":28673,"date":"2023-05-09T16:27:17","date_gmt":"2023-05-09T16:27:17","guid":{"rendered":"https:\/\/appsaf.apieproject.com\/news\/?p=28673"},"modified":"2023-05-09T16:27:20","modified_gmt":"2023-05-09T16:27:20","slug":"neuchatel-le-pommier-accueille-la-14e-edition-du-festival-international-de-films-dafrique","status":"publish","type":"post","link":"https:\/\/appsaf.apieproject.com\/news\/fr\/2023\/05\/09\/neuchatel-le-pommier-accueille-la-14e-edition-du-festival-international-de-films-dafrique\/","title":{"rendered":"Neuch\u00e2tel: Le Pommier Accueille La 14e \u00c9dition Du Festival International De Films d\u2019Afrique"},"content":{"rendered":"<p>Vous \u00eates passionn\u00e9s par la culture africaine ou vous souhaitez mieux l\u2019appr\u00e9hender?<\/p>\n<p>Le festival international de films d\u2019Afrique, que se tiendra du 19 au 21 mai au Pommier, \u00e0 Neuch\u00e2tel, est fait pour vous. Inscrit dans le cadre du Printemps culturel, il a pour objectif de traiter les questions de rencontre et d\u2019\u00e9changes culturels dans un projet de protection et promotion de la diversit\u00e9. Le th\u00e8me de cette ann\u00e9e sera la \u00abcoh\u00e9sion dans la solidarit\u00e9 et la diversit\u00e9\u00bb.<\/p>\n<p>Cinq films<br \/>\nCinq films de fictions et un documentaire seront propos\u00e9s durant le festival, au prix de 15 francs l\u2019entr\u00e9e. Programme complet sur: lepommier.ch<\/p>\n<p>Cette 14e \u00e9dition rend par ailleurs hommage \u00e0 Safy Faye, pionni\u00e8re du cin\u00e9ma africain pour son immense talent de r\u00e9alisatrice et d\u2019\u00e9veilleuse des consciences.<\/p>\n<p>Festival international de films d\u2019Afrique et de la diaspora. Le Pommier, Rue du Pommier 9, Neuch\u00e2tel, du 19 au 21 mai.<\/p>\n<p>Billetterie : <span \n                data-original-string=\"h6n1qZOiL+bHTRs8QNvBrA==f1a4UUjT1GwjJHklbjT9wtHtlxJp5nTO+4hJmN2qP1VAkzlBEgR4fKNzFURtG5xSgMt\"\n                class=\"apbct-email-encoder\"\n                title=\"This contact has been encoded by Anti-Spam by CleanTalk. Click to decode. To finish the decoding make sure that JavaScript is enabled in your browser.\">ag<span class=\"apbct-blur\">***********************@bl*****.<\/span>ch<\/span> \/ 078 881 54 66<\/p>\n","protected":false},"excerpt":{"rendered":"<p>L\u2019Agence Culturelle Africaine (ACA) organisera la 14e \u00e9dition du Festival international de films d\u2019Afrique et de la diaspora du vendredi 19 mai au dimanche 21 mai.<\/p>\n","protected":false},"author":12963,"featured_media":28670,"comment_status":"open","ping_status":"open","sticky":false,"template":"","format":"standard","meta":{"footnotes":""},"categories":[53,55],"tags":[78,87,88],"class_list":{"0":"post-28673","1":"post","2":"type-post","3":"status-publish","4":"format-standard","5":"has-post-thumbnail","7":"category-culture-fr","8":"category-divertissement","9":"tag-apie-project-2","10":"tag-culture-2","11":"tag-divertissement"},"yoast_head":"<!-- This site is optimized with the Yoast SEO plugin v24.4 - https:\/\/yoast.com\/wordpress\/plugins\/seo\/ -->\n<title>Neuch\u00e2tel: Le Pommier Accueille La 14e \u00c9dition Du Festival International De Films d\u2019Afrique - APIE NEWS<\/title>\n<meta name=\"robots\" content=\"index, follow, max-snippet:-1, max-image-preview:large, max-video-preview:-1\" \/>\n<link rel=\"canonical\" href=\"https:\/\/appsaf.apieproject.com\/news\/fr\/2023\/05\/09\/neuchatel-le-pommier-accueille-la-14e-edition-du-festival-international-de-films-dafrique\/\" \/>\n<meta property=\"og:locale\" content=\"fr_FR\" \/>\n<meta property=\"og:type\" content=\"article\" \/>\n<meta property=\"og:title\" content=\"Neuch\u00e2tel: Le Pommier Accueille La 14e \u00c9dition Du Festival International De Films d\u2019Afrique - APIE NEWS\" \/>\n<meta property=\"og:description\" content=\"L\u2019Agence Culturelle Africaine (ACA) organisera la 14e \u00e9dition du Festival international de films d\u2019Afrique et de la diaspora du vendredi 19 mai au dimanche 21 mai.\" \/>\n<meta property=\"og:url\" content=\"https:\/\/appsaf.apieproject.com\/news\/fr\/2023\/05\/09\/neuchatel-le-pommier-accueille-la-14e-edition-du-festival-international-de-films-dafrique\/\" \/>\n<meta property=\"og:site_name\" content=\"APIE NEWS\" \/>\n<meta property=\"article:publisher\" content=\"https:\/\/facebook.com\/apieproject\" \/>\n<meta property=\"article:published_time\" content=\"2023-05-09T16:27:17+00:00\" \/>\n<meta property=\"article:modified_time\" content=\"2023-05-09T16:27:20+00:00\" \/>\n<meta property=\"og:image\" content=\"https:\/\/appsaf.apieproject.com\/news\/wp-content\/uploads\/sites\/29\/2023\/05\/Screenshot_20230508_180855_com.android.gallery3d_edit_663362149408673-1e6eac0d994670dd55a649ab6cca0ea3.jpg\" \/>\n\t<meta property=\"og:image:width\" content=\"1080\" \/>\n\t<meta property=\"og:image:height\" content=\"901\" \/>\n\t<meta property=\"og:image:type\" content=\"image\/jpeg\" \/>\n<meta name=\"author\" content=\"staff\" \/>\n<meta name=\"twitter:card\" content=\"summary_large_image\" \/>\n<meta name=\"twitter:creator\" content=\"@apieproject\" \/>\n<meta name=\"twitter:site\" content=\"@apieproject\" \/>\n<meta name=\"twitter:label1\" content=\"\u00c9crit par\" \/>\n\t<meta name=\"twitter:data1\" content=\"staff\" \/>\n\t<meta name=\"twitter:label2\" content=\"Dur\u00e9e de lecture estim\u00e9e\" \/>\n\t<meta name=\"twitter:data2\" content=\"1 minute\" \/>\n<script type=\"application\/ld+json\" class=\"yoast-schema-graph\">{\"@context\":\"https:\/\/schema.org\",\"@graph\":[{\"@type\":\"Article\",\"@id\":\"https:\/\/appsaf.apieproject.com\/news\/fr\/2023\/05\/09\/neuchatel-le-pommier-accueille-la-14e-edition-du-festival-international-de-films-dafrique\/#article\",\"isPartOf\":{\"@id\":\"https:\/\/appsaf.apieproject.com\/news\/fr\/2023\/05\/09\/neuchatel-le-pommier-accueille-la-14e-edition-du-festival-international-de-films-dafrique\/\"},\"author\":{\"name\":\"staff\",\"@id\":\"https:\/\/appsaf.apieproject.com\/news\/#\/schema\/person\/399517cac378948cd7b39086f9ddc2a7\"},\"headline\":\"Neuch\u00e2tel: Le Pommier Accueille La 14e \u00c9dition Du Festival International De Films d\u2019Afrique\",\"datePublished\":\"2023-05-09T16:27:17+00:00\",\"dateModified\":\"2023-05-09T16:27:20+00:00\",\"mainEntityOfPage\":{\"@id\":\"https:\/\/appsaf.apieproject.com\/news\/fr\/2023\/05\/09\/neuchatel-le-pommier-accueille-la-14e-edition-du-festival-international-de-films-dafrique\/\"},\"wordCount\":177,\"commentCount\":0,\"publisher\":{\"@id\":\"https:\/\/appsaf.apieproject.com\/news\/#organization\"},\"image\":{\"@id\":\"https:\/\/appsaf.apieproject.com\/news\/fr\/2023\/05\/09\/neuchatel-le-pommier-accueille-la-14e-edition-du-festival-international-de-films-dafrique\/#primaryimage\"},\"thumbnailUrl\":\"https:\/\/appsaf.apieproject.com\/news\/wp-content\/uploads\/sites\/29\/2023\/05\/Screenshot_20230508_180855_com.android.gallery3d_edit_663362149408673-1e6eac0d994670dd55a649ab6cca0ea3.jpg\",\"keywords\":[\"apie project\",\"culture\",\"divertissement\"],\"articleSection\":[\"Culture\",\"Divertissement\"],\"inLanguage\":\"fr-FR\",\"potentialAction\":[{\"@type\":\"CommentAction\",\"name\":\"Comment\",\"target\":[\"https:\/\/appsaf.apieproject.com\/news\/fr\/2023\/05\/09\/neuchatel-le-pommier-accueille-la-14e-edition-du-festival-international-de-films-dafrique\/#respond\"]}]},{\"@type\":\"WebPage\",\"@id\":\"https:\/\/appsaf.apieproject.com\/news\/fr\/2023\/05\/09\/neuchatel-le-pommier-accueille-la-14e-edition-du-festival-international-de-films-dafrique\/\",\"url\":\"https:\/\/appsaf.apieproject.com\/news\/fr\/2023\/05\/09\/neuchatel-le-pommier-accueille-la-14e-edition-du-festival-international-de-films-dafrique\/\",\"name\":\"Neuch\u00e2tel: Le Pommier Accueille La 14e \u00c9dition Du Festival International De Films d\u2019Afrique - APIE NEWS\",\"isPartOf\":{\"@id\":\"https:\/\/appsaf.apieproject.com\/news\/#website\"},\"primaryImageOfPage\":{\"@id\":\"https:\/\/appsaf.apieproject.com\/news\/fr\/2023\/05\/09\/neuchatel-le-pommier-accueille-la-14e-edition-du-festival-international-de-films-dafrique\/#primaryimage\"},\"image\":{\"@id\":\"https:\/\/appsaf.apieproject.com\/news\/fr\/2023\/05\/09\/neuchatel-le-pommier-accueille-la-14e-edition-du-festival-international-de-films-dafrique\/#primaryimage\"},\"thumbnailUrl\":\"https:\/\/appsaf.apieproject.com\/news\/wp-content\/uploads\/sites\/29\/2023\/05\/Screenshot_20230508_180855_com.android.gallery3d_edit_663362149408673-1e6eac0d994670dd55a649ab6cca0ea3.jpg\",\"datePublished\":\"2023-05-09T16:27:17+00:00\",\"dateModified\":\"2023-05-09T16:27:20+00:00\",\"breadcrumb\":{\"@id\":\"https:\/\/appsaf.apieproject.com\/news\/fr\/2023\/05\/09\/neuchatel-le-pommier-accueille-la-14e-edition-du-festival-international-de-films-dafrique\/#breadcrumb\"},\"inLanguage\":\"fr-FR\",\"potentialAction\":[{\"@type\":\"ReadAction\",\"target\":[\"https:\/\/appsaf.apieproject.com\/news\/fr\/2023\/05\/09\/neuchatel-le-pommier-accueille-la-14e-edition-du-festival-international-de-films-dafrique\/\"]}]},{\"@type\":\"ImageObject\",\"inLanguage\":\"fr-FR\",\"@id\":\"https:\/\/appsaf.apieproject.com\/news\/fr\/2023\/05\/09\/neuchatel-le-pommier-accueille-la-14e-edition-du-festival-international-de-films-dafrique\/#primaryimage\",\"url\":\"https:\/\/appsaf.apieproject.com\/news\/wp-content\/uploads\/sites\/29\/2023\/05\/Screenshot_20230508_180855_com.android.gallery3d_edit_663362149408673-1e6eac0d994670dd55a649ab6cca0ea3.jpg\",\"contentUrl\":\"https:\/\/appsaf.apieproject.com\/news\/wp-content\/uploads\/sites\/29\/2023\/05\/Screenshot_20230508_180855_com.android.gallery3d_edit_663362149408673-1e6eac0d994670dd55a649ab6cca0ea3.jpg\",\"width\":1080,\"height\":901},{\"@type\":\"BreadcrumbList\",\"@id\":\"https:\/\/appsaf.apieproject.com\/news\/fr\/2023\/05\/09\/neuchatel-le-pommier-accueille-la-14e-edition-du-festival-international-de-films-dafrique\/#breadcrumb\",\"itemListElement\":[{\"@type\":\"ListItem\",\"position\":1,\"name\":\"Home\",\"item\":\"https:\/\/appsaf.apieproject.com\/news\/fr\/home\/\"},{\"@type\":\"ListItem\",\"position\":2,\"name\":\"Neuch\u00e2tel: Le Pommier Accueille La 14e \u00c9dition Du Festival International De Films d\u2019Afrique\"}]},{\"@type\":\"WebSite\",\"@id\":\"https:\/\/appsaf.apieproject.com\/news\/#website\",\"url\":\"https:\/\/appsaf.apieproject.com\/news\/\",\"name\":\"APIE NEWS\",\"description\":\"PANAFRICANISM NEWS PORTAL\",\"publisher\":{\"@id\":\"https:\/\/appsaf.apieproject.com\/news\/#organization\"},\"potentialAction\":[{\"@type\":\"SearchAction\",\"target\":{\"@type\":\"EntryPoint\",\"urlTemplate\":\"https:\/\/appsaf.apieproject.com\/news\/?s={search_term_string}\"},\"query-input\":{\"@type\":\"PropertyValueSpecification\",\"valueRequired\":true,\"valueName\":\"search_term_string\"}}],\"inLanguage\":\"fr-FR\"},{\"@type\":\"Organization\",\"@id\":\"https:\/\/appsaf.apieproject.com\/news\/#organization\",\"name\":\"APIE PROJECT\",\"url\":\"https:\/\/appsaf.apieproject.com\/news\/\",\"logo\":{\"@type\":\"ImageObject\",\"inLanguage\":\"fr-FR\",\"@id\":\"https:\/\/appsaf.apieproject.com\/news\/#\/schema\/logo\/image\/\",\"url\":\"https:\/\/appsaf.apieproject.com\/news\/wp-content\/uploads\/sites\/29\/2022\/07\/logo-R-TransparentBackground.png\",\"contentUrl\":\"https:\/\/appsaf.apieproject.com\/news\/wp-content\/uploads\/sites\/29\/2022\/07\/logo-R-TransparentBackground.png\",\"width\":512,\"height\":512,\"caption\":\"APIE PROJECT\"},\"image\":{\"@id\":\"https:\/\/appsaf.apieproject.com\/news\/#\/schema\/logo\/image\/\"},\"sameAs\":[\"https:\/\/facebook.com\/apieproject\",\"https:\/\/x.com\/apieproject\"]},{\"@type\":\"Person\",\"@id\":\"https:\/\/appsaf.apieproject.com\/news\/#\/schema\/person\/399517cac378948cd7b39086f9ddc2a7\",\"name\":\"staff\",\"image\":{\"@type\":\"ImageObject\",\"inLanguage\":\"fr-FR\",\"@id\":\"https:\/\/appsaf.apieproject.com\/news\/#\/schema\/person\/image\/\",\"url\":\"https:\/\/secure.gravatar.com\/avatar\/5386283c5db150efe261184bd59f072a?s=96&d=mm&r=g\",\"contentUrl\":\"https:\/\/secure.gravatar.com\/avatar\/5386283c5db150efe261184bd59f072a?s=96&d=mm&r=g\",\"caption\":\"staff\"},\"url\":\"https:\/\/appsaf.apieproject.com\/news\/fr\/author\/staff\/\"}]}<\/script>\n<!-- \/ Yoast SEO plugin. -->","yoast_head_json":{"title":"Neuch\u00e2tel: Le Pommier Accueille La 14e \u00c9dition Du Festival International De Films d\u2019Afrique - APIE NEWS","robots":{"index":"index","follow":"follow","max-snippet":"max-snippet:-1","max-image-preview":"max-image-preview:large","max-video-preview":"max-video-preview:-1"},"canonical":"https:\/\/appsaf.apieproject.com\/news\/fr\/2023\/05\/09\/neuchatel-le-pommier-accueille-la-14e-edition-du-festival-international-de-films-dafrique\/","og_locale":"fr_FR","og_type":"article","og_title":"Neuch\u00e2tel: Le Pommier Accueille La 14e \u00c9dition Du Festival International De Films d\u2019Afrique - APIE NEWS","og_description":"L\u2019Agence Culturelle Africaine (ACA) organisera la 14e \u00e9dition du Festival international de films d\u2019Afrique et de la diaspora du vendredi 19 mai au dimanche 21 mai.","og_url":"https:\/\/appsaf.apieproject.com\/news\/fr\/2023\/05\/09\/neuchatel-le-pommier-accueille-la-14e-edition-du-festival-international-de-films-dafrique\/","og_site_name":"APIE NEWS","article_publisher":"https:\/\/facebook.com\/apieproject","article_published_time":"2023-05-09T16:27:17+00:00","article_modified_time":"2023-05-09T16:27:20+00:00","og_image":[{"width":1080,"height":901,"url":"https:\/\/appsaf.apieproject.com\/news\/wp-content\/uploads\/sites\/29\/2023\/05\/Screenshot_20230508_180855_com.android.gallery3d_edit_663362149408673-1e6eac0d994670dd55a649ab6cca0ea3.jpg","type":"image\/jpeg"}],"author":"staff","twitter_card":"summary_large_image","twitter_creator":"@apieproject","twitter_site":"@apieproject","twitter_misc":{"\u00c9crit par":"staff","Dur\u00e9e de lecture estim\u00e9e":"1 minute"},"schema":{"@context":"https:\/\/schema.org","@graph":[{"@type":"Article","@id":"https:\/\/appsaf.apieproject.com\/news\/fr\/2023\/05\/09\/neuchatel-le-pommier-accueille-la-14e-edition-du-festival-international-de-films-dafrique\/#article","isPartOf":{"@id":"https:\/\/appsaf.apieproject.com\/news\/fr\/2023\/05\/09\/neuchatel-le-pommier-accueille-la-14e-edition-du-festival-international-de-films-dafrique\/"},"author":{"name":"staff","@id":"https:\/\/appsaf.apieproject.com\/news\/#\/schema\/person\/399517cac378948cd7b39086f9ddc2a7"},"headline":"Neuch\u00e2tel: Le Pommier Accueille La 14e \u00c9dition Du Festival International De Films d\u2019Afrique","datePublished":"2023-05-09T16:27:17+00:00","dateModified":"2023-05-09T16:27:20+00:00","mainEntityOfPage":{"@id":"https:\/\/appsaf.apieproject.com\/news\/fr\/2023\/05\/09\/neuchatel-le-pommier-accueille-la-14e-edition-du-festival-international-de-films-dafrique\/"},"wordCount":177,"commentCount":0,"publisher":{"@id":"https:\/\/appsaf.apieproject.com\/news\/#organization"},"image":{"@id":"https:\/\/appsaf.apieproject.com\/news\/fr\/2023\/05\/09\/neuchatel-le-pommier-accueille-la-14e-edition-du-festival-international-de-films-dafrique\/#primaryimage"},"thumbnailUrl":"https:\/\/appsaf.apieproject.com\/news\/wp-content\/uploads\/sites\/29\/2023\/05\/Screenshot_20230508_180855_com.android.gallery3d_edit_663362149408673-1e6eac0d994670dd55a649ab6cca0ea3.jpg","keywords":["apie project","culture","divertissement"],"articleSection":["Culture","Divertissement"],"inLanguage":"fr-FR","potentialAction":[{"@type":"CommentAction","name":"Comment","target":["https:\/\/appsaf.apieproject.com\/news\/fr\/2023\/05\/09\/neuchatel-le-pommier-accueille-la-14e-edition-du-festival-international-de-films-dafrique\/#respond"]}]},{"@type":"WebPage","@id":"https:\/\/appsaf.apieproject.com\/news\/fr\/2023\/05\/09\/neuchatel-le-pommier-accueille-la-14e-edition-du-festival-international-de-films-dafrique\/","url":"https:\/\/appsaf.apieproject.com\/news\/fr\/2023\/05\/09\/neuchatel-le-pommier-accueille-la-14e-edition-du-festival-international-de-films-dafrique\/","name":"Neuch\u00e2tel: Le Pommier Accueille La 14e \u00c9dition Du Festival International De Films d\u2019Afrique - APIE NEWS","isPartOf":{"@id":"https:\/\/appsaf.apieproject.com\/news\/#website"},"primaryImageOfPage":{"@id":"https:\/\/appsaf.apieproject.com\/news\/fr\/2023\/05\/09\/neuchatel-le-pommier-accueille-la-14e-edition-du-festival-international-de-films-dafrique\/#primaryimage"},"image":{"@id":"https:\/\/appsaf.apieproject.com\/news\/fr\/2023\/05\/09\/neuchatel-le-pommier-accueille-la-14e-edition-du-festival-international-de-films-dafrique\/#primaryimage"},"thumbnailUrl":"https:\/\/appsaf.apieproject.com\/news\/wp-content\/uploads\/sites\/29\/2023\/05\/Screenshot_20230508_180855_com.android.gallery3d_edit_663362149408673-1e6eac0d994670dd55a649ab6cca0ea3.jpg","datePublished":"2023-05-09T16:27:17+00:00","dateModified":"2023-05-09T16:27:20+00:00","breadcrumb":{"@id":"https:\/\/appsaf.apieproject.com\/news\/fr\/2023\/05\/09\/neuchatel-le-pommier-accueille-la-14e-edition-du-festival-international-de-films-dafrique\/#breadcrumb"},"inLanguage":"fr-FR","potentialAction":[{"@type":"ReadAction","target":["https:\/\/appsaf.apieproject.com\/news\/fr\/2023\/05\/09\/neuchatel-le-pommier-accueille-la-14e-edition-du-festival-international-de-films-dafrique\/"]}]},{"@type":"ImageObject","inLanguage":"fr-FR","@id":"https:\/\/appsaf.apieproject.com\/news\/fr\/2023\/05\/09\/neuchatel-le-pommier-accueille-la-14e-edition-du-festival-international-de-films-dafrique\/#primaryimage","url":"https:\/\/appsaf.apieproject.com\/news\/wp-content\/uploads\/sites\/29\/2023\/05\/Screenshot_20230508_180855_com.android.gallery3d_edit_663362149408673-1e6eac0d994670dd55a649ab6cca0ea3.jpg","contentUrl":"https:\/\/appsaf.apieproject.com\/news\/wp-content\/uploads\/sites\/29\/2023\/05\/Screenshot_20230508_180855_com.android.gallery3d_edit_663362149408673-1e6eac0d994670dd55a649ab6cca0ea3.jpg","width":1080,"height":901},{"@type":"BreadcrumbList","@id":"https:\/\/appsaf.apieproject.com\/news\/fr\/2023\/05\/09\/neuchatel-le-pommier-accueille-la-14e-edition-du-festival-international-de-films-dafrique\/#breadcrumb","itemListElement":[{"@type":"ListItem","position":1,"name":"Home","item":"https:\/\/appsaf.apieproject.com\/news\/fr\/home\/"},{"@type":"ListItem","position":2,"name":"Neuch\u00e2tel: Le Pommier Accueille La 14e \u00c9dition Du Festival International De Films d\u2019Afrique"}]},{"@type":"WebSite","@id":"https:\/\/appsaf.apieproject.com\/news\/#website","url":"https:\/\/appsaf.apieproject.com\/news\/","name":"APIE NEWS","description":"PANAFRICANISM NEWS PORTAL","publisher":{"@id":"https:\/\/appsaf.apieproject.com\/news\/#organization"},"potentialAction":[{"@type":"SearchAction","target":{"@type":"EntryPoint","urlTemplate":"https:\/\/appsaf.apieproject.com\/news\/?s={search_term_string}"},"query-input":{"@type":"PropertyValueSpecification","valueRequired":true,"valueName":"search_term_string"}}],"inLanguage":"fr-FR"},{"@type":"Organization","@id":"https:\/\/appsaf.apieproject.com\/news\/#organization","name":"APIE PROJECT","url":"https:\/\/appsaf.apieproject.com\/news\/","logo":{"@type":"ImageObject","inLanguage":"fr-FR","@id":"https:\/\/appsaf.apieproject.com\/news\/#\/schema\/logo\/image\/","url":"https:\/\/appsaf.apieproject.com\/news\/wp-content\/uploads\/sites\/29\/2022\/07\/logo-R-TransparentBackground.png","contentUrl":"https:\/\/appsaf.apieproject.com\/news\/wp-content\/uploads\/sites\/29\/2022\/07\/logo-R-TransparentBackground.png","width":512,"height":512,"caption":"APIE PROJECT"},"image":{"@id":"https:\/\/appsaf.apieproject.com\/news\/#\/schema\/logo\/image\/"},"sameAs":["https:\/\/facebook.com\/apieproject","https:\/\/x.com\/apieproject"]},{"@type":"Person","@id":"https:\/\/appsaf.apieproject.com\/news\/#\/schema\/person\/399517cac378948cd7b39086f9ddc2a7","name":"staff","image":{"@type":"ImageObject","inLanguage":"fr-FR","@id":"https:\/\/appsaf.apieproject.com\/news\/#\/schema\/person\/image\/","url":"https:\/\/secure.gravatar.com\/avatar\/5386283c5db150efe261184bd59f072a?s=96&d=mm&r=g","contentUrl":"https:\/\/secure.gravatar.com\/avatar\/5386283c5db150efe261184bd59f072a?s=96&d=mm&r=g","caption":"staff"},"url":"https:\/\/appsaf.apieproject.com\/news\/fr\/author\/staff\/"}]}},"_links":{"self":[{"href":"https:\/\/appsaf.apieproject.com\/news\/fr\/wp-json\/wp\/v2\/posts\/28673","targetHints":{"allow":["GET"]}}],"collection":[{"href":"https:\/\/appsaf.apieproject.com\/news\/fr\/wp-json\/wp\/v2\/posts"}],"about":[{"href":"https:\/\/appsaf.apieproject.com\/news\/fr\/wp-json\/wp\/v2\/types\/post"}],"author":[{"embeddable":true,"href":"https:\/\/appsaf.apieproject.com\/news\/fr\/wp-json\/wp\/v2\/users\/12963"}],"replies":[{"embeddable":true,"href":"https:\/\/appsaf.apieproject.com\/news\/fr\/wp-json\/wp\/v2\/comments?post=28673"}],"version-history":[{"count":1,"href":"https:\/\/appsaf.apieproject.com\/news\/fr\/wp-json\/wp\/v2\/posts\/28673\/revisions"}],"predecessor-version":[{"id":28899,"href":"https:\/\/appsaf.apieproject.com\/news\/fr\/wp-json\/wp\/v2\/posts\/28673\/revisions\/28899"}],"wp:featuredmedia":[{"embeddable":true,"href":"https:\/\/appsaf.apieproject.com\/news\/fr\/wp-json\/wp\/v2\/media\/28670"}],"wp:attachment":[{"href":"https:\/\/appsaf.apieproject.com\/news\/fr\/wp-json\/wp\/v2\/media?parent=28673"}],"wp:term":[{"taxonomy":"category","embeddable":true,"href":"https:\/\/appsaf.apieproject.com\/news\/fr\/wp-json\/wp\/v2\/categories?post=28673"},{"taxonomy":"post_tag","embeddable":true,"href":"https:\/\/appsaf.apieproject.com\/news\/fr\/wp-json\/wp\/v2\/tags?post=28673"}],"curies":[{"name":"wp","href":"https:\/\/api.w.org\/{rel}","templated":true}]}}