{"id":28677,"date":"2023-05-09T16:54:36","date_gmt":"2023-05-09T16:54:36","guid":{"rendered":"https:\/\/appsaf.apieproject.com\/news\/?p=28677"},"modified":"2023-05-09T16:54:38","modified_gmt":"2023-05-09T16:54:38","slug":"restitution-doeuvres-dart-la-decolonisation-est-en-marche-dans-les-musees-europeens","status":"publish","type":"post","link":"https:\/\/appsaf.apieproject.com\/news\/fr\/2023\/05\/09\/restitution-doeuvres-dart-la-decolonisation-est-en-marche-dans-les-musees-europeens\/","title":{"rendered":"Restitution d\u2019\u0152uvres d\u2019Art : La D\u00e9colonisation Est En Marche Dans Les Mus\u00e9es Europ\u00e9ens"},"content":{"rendered":"<p>D\u00e9cembre\u00a02022. Un avion allemand se pose sur le tarmac d\u2019Abuja, capitale du Nigeria. A son bord, une\u00a0pr\u00e9cieuse cargaison\u00a0: vingt bronzes du B\u00e9nin pill\u00e9s lors du raid punitif men\u00e9 en\u00a01897 par les troupes britanniques, que l\u2019Allemagne s\u2019appr\u00eate alors \u00e0 rendre au Nigeria. L\u2019acte symbolique consacre la restitution, act\u00e9e en juillet\u00a02022, de 1\u00a0100\u00a0bronzes de Benin City d\u00e9tenus dans les collections germaniques.<\/p>\n<p>Un mois plus t\u00f4t, c\u2019\u00e9tait le Horniman Museum de Londres qui organisait une c\u00e9r\u00e9monie pour accompagner le transfert de propri\u00e9t\u00e9 de 72\u00a0objets au Nigeria. La m\u00eame ann\u00e9e, en f\u00e9vrier, au moment o\u00f9 le B\u00e9nin f\u00eatait en grande pompe le retour au pays de 26\u00a0objets du tr\u00e9sor d\u2019Abomey restitu\u00e9s par la France, la Belgique envoyait \u00e0 la R\u00e9publique d\u00e9mocratique du Congo l\u2019inventaire num\u00e9rique pour \u00e9tude des 85\u00a0000\u00a0objets d\u00e9tenus dans les collections f\u00e9d\u00e9rales, pr\u00e9ambule \u00e0 l\u2019adoption en juillet dernier d\u2019une loi f\u00e9d\u00e9rale de restitution.<\/p>\n<p>Un inexorable mouvement de r\u00e9paration secoue d\u00e9sormais l\u2019Europe. \u00ab Ce qui semblait mission impossible est devenu possible \u00bb, se r\u00e9jouit l\u2019historienne fran\u00e7aise B\u00e9n\u00e9dicte Savoy, qui salue la \u00ab fin du d\u00e9ni colonial \u00bb.<\/p>\n","protected":false},"excerpt":{"rendered":"<p>Depuis trois ans, nombre d\u2019institutions s\u2019organisent pour rendre les objets africains de leurs collections, mais peu de biens ont regagn\u00e9 leur territoire d\u2019origine.<\/p>\n","protected":false},"author":12963,"featured_media":28674,"comment_status":"open","ping_status":"open","sticky":false,"template":"","format":"standard","meta":{"footnotes":""},"categories":[67,53],"tags":[81,78,87],"class_list":{"0":"post-28677","1":"post","2":"type-post","3":"status-publish","4":"format-standard","5":"has-post-thumbnail","7":"category-actualites","8":"category-culture-fr","9":"tag-actualites","10":"tag-apie-project-2","11":"tag-culture-2"},"yoast_head":"<!-- This site is optimized with the Yoast SEO plugin v24.4 - https:\/\/yoast.com\/wordpress\/plugins\/seo\/ -->\n<title>Restitution d\u2019\u0152uvres d\u2019Art : La D\u00e9colonisation Est En Marche Dans Les Mus\u00e9es Europ\u00e9ens - APIE NEWS<\/title>\n<meta name=\"robots\" content=\"index, follow, max-snippet:-1, max-image-preview:large, max-video-preview:-1\" \/>\n<link rel=\"canonical\" href=\"https:\/\/appsaf.apieproject.com\/news\/fr\/2023\/05\/09\/restitution-doeuvres-dart-la-decolonisation-est-en-marche-dans-les-musees-europeens\/\" \/>\n<meta property=\"og:locale\" content=\"fr_FR\" \/>\n<meta property=\"og:type\" content=\"article\" \/>\n<meta property=\"og:title\" content=\"Restitution d\u2019\u0152uvres d\u2019Art : La D\u00e9colonisation Est En Marche Dans Les Mus\u00e9es Europ\u00e9ens - APIE NEWS\" \/>\n<meta property=\"og:description\" content=\"Depuis trois ans, nombre d\u2019institutions s\u2019organisent pour rendre les objets africains de leurs collections, mais peu de biens ont regagn\u00e9 leur territoire d\u2019origine.\" \/>\n<meta property=\"og:url\" content=\"https:\/\/appsaf.apieproject.com\/news\/fr\/2023\/05\/09\/restitution-doeuvres-dart-la-decolonisation-est-en-marche-dans-les-musees-europeens\/\" \/>\n<meta property=\"og:site_name\" content=\"APIE NEWS\" \/>\n<meta property=\"article:publisher\" content=\"https:\/\/facebook.com\/apieproject\" \/>\n<meta property=\"article:published_time\" content=\"2023-05-09T16:54:36+00:00\" \/>\n<meta property=\"article:modified_time\" content=\"2023-05-09T16:54:38+00:00\" \/>\n<meta property=\"og:image\" content=\"https:\/\/appsaf.apieproject.com\/news\/wp-content\/uploads\/sites\/29\/2023\/05\/4027839_1683030187645-sipa-01082470-000003-e2599bf475bd1e0dd5f09885001cab1c.jpg\" \/>\n\t<meta property=\"og:image:width\" content=\"800\" \/>\n\t<meta property=\"og:image:height\" content=\"533\" \/>\n\t<meta property=\"og:image:type\" content=\"image\/jpeg\" \/>\n<meta name=\"author\" content=\"staff\" \/>\n<meta name=\"twitter:card\" content=\"summary_large_image\" \/>\n<meta name=\"twitter:creator\" content=\"@apieproject\" \/>\n<meta name=\"twitter:site\" content=\"@apieproject\" \/>\n<meta name=\"twitter:label1\" content=\"\u00c9crit par\" \/>\n\t<meta name=\"twitter:data1\" content=\"staff\" \/>\n\t<meta name=\"twitter:label2\" content=\"Dur\u00e9e de lecture estim\u00e9e\" \/>\n\t<meta name=\"twitter:data2\" content=\"1 minute\" \/>\n<script type=\"application\/ld+json\" class=\"yoast-schema-graph\">{\"@context\":\"https:\/\/schema.org\",\"@graph\":[{\"@type\":\"Article\",\"@id\":\"https:\/\/appsaf.apieproject.com\/news\/fr\/2023\/05\/09\/restitution-doeuvres-dart-la-decolonisation-est-en-marche-dans-les-musees-europeens\/#article\",\"isPartOf\":{\"@id\":\"https:\/\/appsaf.apieproject.com\/news\/fr\/2023\/05\/09\/restitution-doeuvres-dart-la-decolonisation-est-en-marche-dans-les-musees-europeens\/\"},\"author\":{\"name\":\"staff\",\"@id\":\"https:\/\/appsaf.apieproject.com\/news\/#\/schema\/person\/399517cac378948cd7b39086f9ddc2a7\"},\"headline\":\"Restitution d\u2019\u0152uvres d\u2019Art : La D\u00e9colonisation Est En Marche Dans Les Mus\u00e9es Europ\u00e9ens\",\"datePublished\":\"2023-05-09T16:54:36+00:00\",\"dateModified\":\"2023-05-09T16:54:38+00:00\",\"mainEntityOfPage\":{\"@id\":\"https:\/\/appsaf.apieproject.com\/news\/fr\/2023\/05\/09\/restitution-doeuvres-dart-la-decolonisation-est-en-marche-dans-les-musees-europeens\/\"},\"wordCount\":230,\"commentCount\":0,\"publisher\":{\"@id\":\"https:\/\/appsaf.apieproject.com\/news\/#organization\"},\"image\":{\"@id\":\"https:\/\/appsaf.apieproject.com\/news\/fr\/2023\/05\/09\/restitution-doeuvres-dart-la-decolonisation-est-en-marche-dans-les-musees-europeens\/#primaryimage\"},\"thumbnailUrl\":\"https:\/\/appsaf.apieproject.com\/news\/wp-content\/uploads\/sites\/29\/2023\/05\/4027839_1683030187645-sipa-01082470-000003-e2599bf475bd1e0dd5f09885001cab1c.jpg\",\"keywords\":[\"actualites\",\"apie project\",\"culture\"],\"articleSection\":[\"Actualit\u00e9s\",\"Culture\"],\"inLanguage\":\"fr-FR\",\"potentialAction\":[{\"@type\":\"CommentAction\",\"name\":\"Comment\",\"target\":[\"https:\/\/appsaf.apieproject.com\/news\/fr\/2023\/05\/09\/restitution-doeuvres-dart-la-decolonisation-est-en-marche-dans-les-musees-europeens\/#respond\"]}]},{\"@type\":\"WebPage\",\"@id\":\"https:\/\/appsaf.apieproject.com\/news\/fr\/2023\/05\/09\/restitution-doeuvres-dart-la-decolonisation-est-en-marche-dans-les-musees-europeens\/\",\"url\":\"https:\/\/appsaf.apieproject.com\/news\/fr\/2023\/05\/09\/restitution-doeuvres-dart-la-decolonisation-est-en-marche-dans-les-musees-europeens\/\",\"name\":\"Restitution d\u2019\u0152uvres d\u2019Art : La D\u00e9colonisation Est En Marche Dans Les Mus\u00e9es Europ\u00e9ens - APIE NEWS\",\"isPartOf\":{\"@id\":\"https:\/\/appsaf.apieproject.com\/news\/#website\"},\"primaryImageOfPage\":{\"@id\":\"https:\/\/appsaf.apieproject.com\/news\/fr\/2023\/05\/09\/restitution-doeuvres-dart-la-decolonisation-est-en-marche-dans-les-musees-europeens\/#primaryimage\"},\"image\":{\"@id\":\"https:\/\/appsaf.apieproject.com\/news\/fr\/2023\/05\/09\/restitution-doeuvres-dart-la-decolonisation-est-en-marche-dans-les-musees-europeens\/#primaryimage\"},\"thumbnailUrl\":\"https:\/\/appsaf.apieproject.com\/news\/wp-content\/uploads\/sites\/29\/2023\/05\/4027839_1683030187645-sipa-01082470-000003-e2599bf475bd1e0dd5f09885001cab1c.jpg\",\"datePublished\":\"2023-05-09T16:54:36+00:00\",\"dateModified\":\"2023-05-09T16:54:38+00:00\",\"breadcrumb\":{\"@id\":\"https:\/\/appsaf.apieproject.com\/news\/fr\/2023\/05\/09\/restitution-doeuvres-dart-la-decolonisation-est-en-marche-dans-les-musees-europeens\/#breadcrumb\"},\"inLanguage\":\"fr-FR\",\"potentialAction\":[{\"@type\":\"ReadAction\",\"target\":[\"https:\/\/appsaf.apieproject.com\/news\/fr\/2023\/05\/09\/restitution-doeuvres-dart-la-decolonisation-est-en-marche-dans-les-musees-europeens\/\"]}]},{\"@type\":\"ImageObject\",\"inLanguage\":\"fr-FR\",\"@id\":\"https:\/\/appsaf.apieproject.com\/news\/fr\/2023\/05\/09\/restitution-doeuvres-dart-la-decolonisation-est-en-marche-dans-les-musees-europeens\/#primaryimage\",\"url\":\"https:\/\/appsaf.apieproject.com\/news\/wp-content\/uploads\/sites\/29\/2023\/05\/4027839_1683030187645-sipa-01082470-000003-e2599bf475bd1e0dd5f09885001cab1c.jpg\",\"contentUrl\":\"https:\/\/appsaf.apieproject.com\/news\/wp-content\/uploads\/sites\/29\/2023\/05\/4027839_1683030187645-sipa-01082470-000003-e2599bf475bd1e0dd5f09885001cab1c.jpg\",\"width\":800,\"height\":533},{\"@type\":\"BreadcrumbList\",\"@id\":\"https:\/\/appsaf.apieproject.com\/news\/fr\/2023\/05\/09\/restitution-doeuvres-dart-la-decolonisation-est-en-marche-dans-les-musees-europeens\/#breadcrumb\",\"itemListElement\":[{\"@type\":\"ListItem\",\"position\":1,\"name\":\"Home\",\"item\":\"https:\/\/appsaf.apieproject.com\/news\/fr\/home\/\"},{\"@type\":\"ListItem\",\"position\":2,\"name\":\"Restitution d\u2019\u0152uvres d\u2019Art : La D\u00e9colonisation Est En Marche Dans Les Mus\u00e9es Europ\u00e9ens\"}]},{\"@type\":\"WebSite\",\"@id\":\"https:\/\/appsaf.apieproject.com\/news\/#website\",\"url\":\"https:\/\/appsaf.apieproject.com\/news\/\",\"name\":\"APIE NEWS\",\"description\":\"PANAFRICANISM NEWS PORTAL\",\"publisher\":{\"@id\":\"https:\/\/appsaf.apieproject.com\/news\/#organization\"},\"potentialAction\":[{\"@type\":\"SearchAction\",\"target\":{\"@type\":\"EntryPoint\",\"urlTemplate\":\"https:\/\/appsaf.apieproject.com\/news\/?s={search_term_string}\"},\"query-input\":{\"@type\":\"PropertyValueSpecification\",\"valueRequired\":true,\"valueName\":\"search_term_string\"}}],\"inLanguage\":\"fr-FR\"},{\"@type\":\"Organization\",\"@id\":\"https:\/\/appsaf.apieproject.com\/news\/#organization\",\"name\":\"APIE PROJECT\",\"url\":\"https:\/\/appsaf.apieproject.com\/news\/\",\"logo\":{\"@type\":\"ImageObject\",\"inLanguage\":\"fr-FR\",\"@id\":\"https:\/\/appsaf.apieproject.com\/news\/#\/schema\/logo\/image\/\",\"url\":\"https:\/\/appsaf.apieproject.com\/news\/wp-content\/uploads\/sites\/29\/2022\/07\/logo-R-TransparentBackground.png\",\"contentUrl\":\"https:\/\/appsaf.apieproject.com\/news\/wp-content\/uploads\/sites\/29\/2022\/07\/logo-R-TransparentBackground.png\",\"width\":512,\"height\":512,\"caption\":\"APIE PROJECT\"},\"image\":{\"@id\":\"https:\/\/appsaf.apieproject.com\/news\/#\/schema\/logo\/image\/\"},\"sameAs\":[\"https:\/\/facebook.com\/apieproject\",\"https:\/\/x.com\/apieproject\"]},{\"@type\":\"Person\",\"@id\":\"https:\/\/appsaf.apieproject.com\/news\/#\/schema\/person\/399517cac378948cd7b39086f9ddc2a7\",\"name\":\"staff\",\"image\":{\"@type\":\"ImageObject\",\"inLanguage\":\"fr-FR\",\"@id\":\"https:\/\/appsaf.apieproject.com\/news\/#\/schema\/person\/image\/\",\"url\":\"https:\/\/secure.gravatar.com\/avatar\/5386283c5db150efe261184bd59f072a?s=96&d=mm&r=g\",\"contentUrl\":\"https:\/\/secure.gravatar.com\/avatar\/5386283c5db150efe261184bd59f072a?s=96&d=mm&r=g\",\"caption\":\"staff\"},\"url\":\"https:\/\/appsaf.apieproject.com\/news\/fr\/author\/staff\/\"}]}<\/script>\n<!-- \/ Yoast SEO plugin. -->","yoast_head_json":{"title":"Restitution d\u2019\u0152uvres d\u2019Art : La D\u00e9colonisation Est En Marche Dans Les Mus\u00e9es Europ\u00e9ens - APIE NEWS","robots":{"index":"index","follow":"follow","max-snippet":"max-snippet:-1","max-image-preview":"max-image-preview:large","max-video-preview":"max-video-preview:-1"},"canonical":"https:\/\/appsaf.apieproject.com\/news\/fr\/2023\/05\/09\/restitution-doeuvres-dart-la-decolonisation-est-en-marche-dans-les-musees-europeens\/","og_locale":"fr_FR","og_type":"article","og_title":"Restitution d\u2019\u0152uvres d\u2019Art : La D\u00e9colonisation Est En Marche Dans Les Mus\u00e9es Europ\u00e9ens - APIE NEWS","og_description":"Depuis trois ans, nombre d\u2019institutions s\u2019organisent pour rendre les objets africains de leurs collections, mais peu de biens ont regagn\u00e9 leur territoire d\u2019origine.","og_url":"https:\/\/appsaf.apieproject.com\/news\/fr\/2023\/05\/09\/restitution-doeuvres-dart-la-decolonisation-est-en-marche-dans-les-musees-europeens\/","og_site_name":"APIE NEWS","article_publisher":"https:\/\/facebook.com\/apieproject","article_published_time":"2023-05-09T16:54:36+00:00","article_modified_time":"2023-05-09T16:54:38+00:00","og_image":[{"width":800,"height":533,"url":"https:\/\/appsaf.apieproject.com\/news\/wp-content\/uploads\/sites\/29\/2023\/05\/4027839_1683030187645-sipa-01082470-000003-e2599bf475bd1e0dd5f09885001cab1c.jpg","type":"image\/jpeg"}],"author":"staff","twitter_card":"summary_large_image","twitter_creator":"@apieproject","twitter_site":"@apieproject","twitter_misc":{"\u00c9crit par":"staff","Dur\u00e9e de lecture estim\u00e9e":"1 minute"},"schema":{"@context":"https:\/\/schema.org","@graph":[{"@type":"Article","@id":"https:\/\/appsaf.apieproject.com\/news\/fr\/2023\/05\/09\/restitution-doeuvres-dart-la-decolonisation-est-en-marche-dans-les-musees-europeens\/#article","isPartOf":{"@id":"https:\/\/appsaf.apieproject.com\/news\/fr\/2023\/05\/09\/restitution-doeuvres-dart-la-decolonisation-est-en-marche-dans-les-musees-europeens\/"},"author":{"name":"staff","@id":"https:\/\/appsaf.apieproject.com\/news\/#\/schema\/person\/399517cac378948cd7b39086f9ddc2a7"},"headline":"Restitution d\u2019\u0152uvres d\u2019Art : La D\u00e9colonisation Est En Marche Dans Les Mus\u00e9es Europ\u00e9ens","datePublished":"2023-05-09T16:54:36+00:00","dateModified":"2023-05-09T16:54:38+00:00","mainEntityOfPage":{"@id":"https:\/\/appsaf.apieproject.com\/news\/fr\/2023\/05\/09\/restitution-doeuvres-dart-la-decolonisation-est-en-marche-dans-les-musees-europeens\/"},"wordCount":230,"commentCount":0,"publisher":{"@id":"https:\/\/appsaf.apieproject.com\/news\/#organization"},"image":{"@id":"https:\/\/appsaf.apieproject.com\/news\/fr\/2023\/05\/09\/restitution-doeuvres-dart-la-decolonisation-est-en-marche-dans-les-musees-europeens\/#primaryimage"},"thumbnailUrl":"https:\/\/appsaf.apieproject.com\/news\/wp-content\/uploads\/sites\/29\/2023\/05\/4027839_1683030187645-sipa-01082470-000003-e2599bf475bd1e0dd5f09885001cab1c.jpg","keywords":["actualites","apie project","culture"],"articleSection":["Actualit\u00e9s","Culture"],"inLanguage":"fr-FR","potentialAction":[{"@type":"CommentAction","name":"Comment","target":["https:\/\/appsaf.apieproject.com\/news\/fr\/2023\/05\/09\/restitution-doeuvres-dart-la-decolonisation-est-en-marche-dans-les-musees-europeens\/#respond"]}]},{"@type":"WebPage","@id":"https:\/\/appsaf.apieproject.com\/news\/fr\/2023\/05\/09\/restitution-doeuvres-dart-la-decolonisation-est-en-marche-dans-les-musees-europeens\/","url":"https:\/\/appsaf.apieproject.com\/news\/fr\/2023\/05\/09\/restitution-doeuvres-dart-la-decolonisation-est-en-marche-dans-les-musees-europeens\/","name":"Restitution d\u2019\u0152uvres d\u2019Art : La D\u00e9colonisation Est En Marche Dans Les Mus\u00e9es Europ\u00e9ens - APIE NEWS","isPartOf":{"@id":"https:\/\/appsaf.apieproject.com\/news\/#website"},"primaryImageOfPage":{"@id":"https:\/\/appsaf.apieproject.com\/news\/fr\/2023\/05\/09\/restitution-doeuvres-dart-la-decolonisation-est-en-marche-dans-les-musees-europeens\/#primaryimage"},"image":{"@id":"https:\/\/appsaf.apieproject.com\/news\/fr\/2023\/05\/09\/restitution-doeuvres-dart-la-decolonisation-est-en-marche-dans-les-musees-europeens\/#primaryimage"},"thumbnailUrl":"https:\/\/appsaf.apieproject.com\/news\/wp-content\/uploads\/sites\/29\/2023\/05\/4027839_1683030187645-sipa-01082470-000003-e2599bf475bd1e0dd5f09885001cab1c.jpg","datePublished":"2023-05-09T16:54:36+00:00","dateModified":"2023-05-09T16:54:38+00:00","breadcrumb":{"@id":"https:\/\/appsaf.apieproject.com\/news\/fr\/2023\/05\/09\/restitution-doeuvres-dart-la-decolonisation-est-en-marche-dans-les-musees-europeens\/#breadcrumb"},"inLanguage":"fr-FR","potentialAction":[{"@type":"ReadAction","target":["https:\/\/appsaf.apieproject.com\/news\/fr\/2023\/05\/09\/restitution-doeuvres-dart-la-decolonisation-est-en-marche-dans-les-musees-europeens\/"]}]},{"@type":"ImageObject","inLanguage":"fr-FR","@id":"https:\/\/appsaf.apieproject.com\/news\/fr\/2023\/05\/09\/restitution-doeuvres-dart-la-decolonisation-est-en-marche-dans-les-musees-europeens\/#primaryimage","url":"https:\/\/appsaf.apieproject.com\/news\/wp-content\/uploads\/sites\/29\/2023\/05\/4027839_1683030187645-sipa-01082470-000003-e2599bf475bd1e0dd5f09885001cab1c.jpg","contentUrl":"https:\/\/appsaf.apieproject.com\/news\/wp-content\/uploads\/sites\/29\/2023\/05\/4027839_1683030187645-sipa-01082470-000003-e2599bf475bd1e0dd5f09885001cab1c.jpg","width":800,"height":533},{"@type":"BreadcrumbList","@id":"https:\/\/appsaf.apieproject.com\/news\/fr\/2023\/05\/09\/restitution-doeuvres-dart-la-decolonisation-est-en-marche-dans-les-musees-europeens\/#breadcrumb","itemListElement":[{"@type":"ListItem","position":1,"name":"Home","item":"https:\/\/appsaf.apieproject.com\/news\/fr\/home\/"},{"@type":"ListItem","position":2,"name":"Restitution d\u2019\u0152uvres d\u2019Art : La D\u00e9colonisation Est En Marche Dans Les Mus\u00e9es Europ\u00e9ens"}]},{"@type":"WebSite","@id":"https:\/\/appsaf.apieproject.com\/news\/#website","url":"https:\/\/appsaf.apieproject.com\/news\/","name":"APIE NEWS","description":"PANAFRICANISM NEWS PORTAL","publisher":{"@id":"https:\/\/appsaf.apieproject.com\/news\/#organization"},"potentialAction":[{"@type":"SearchAction","target":{"@type":"EntryPoint","urlTemplate":"https:\/\/appsaf.apieproject.com\/news\/?s={search_term_string}"},"query-input":{"@type":"PropertyValueSpecification","valueRequired":true,"valueName":"search_term_string"}}],"inLanguage":"fr-FR"},{"@type":"Organization","@id":"https:\/\/appsaf.apieproject.com\/news\/#organization","name":"APIE PROJECT","url":"https:\/\/appsaf.apieproject.com\/news\/","logo":{"@type":"ImageObject","inLanguage":"fr-FR","@id":"https:\/\/appsaf.apieproject.com\/news\/#\/schema\/logo\/image\/","url":"https:\/\/appsaf.apieproject.com\/news\/wp-content\/uploads\/sites\/29\/2022\/07\/logo-R-TransparentBackground.png","contentUrl":"https:\/\/appsaf.apieproject.com\/news\/wp-content\/uploads\/sites\/29\/2022\/07\/logo-R-TransparentBackground.png","width":512,"height":512,"caption":"APIE PROJECT"},"image":{"@id":"https:\/\/appsaf.apieproject.com\/news\/#\/schema\/logo\/image\/"},"sameAs":["https:\/\/facebook.com\/apieproject","https:\/\/x.com\/apieproject"]},{"@type":"Person","@id":"https:\/\/appsaf.apieproject.com\/news\/#\/schema\/person\/399517cac378948cd7b39086f9ddc2a7","name":"staff","image":{"@type":"ImageObject","inLanguage":"fr-FR","@id":"https:\/\/appsaf.apieproject.com\/news\/#\/schema\/person\/image\/","url":"https:\/\/secure.gravatar.com\/avatar\/5386283c5db150efe261184bd59f072a?s=96&d=mm&r=g","contentUrl":"https:\/\/secure.gravatar.com\/avatar\/5386283c5db150efe261184bd59f072a?s=96&d=mm&r=g","caption":"staff"},"url":"https:\/\/appsaf.apieproject.com\/news\/fr\/author\/staff\/"}]}},"_links":{"self":[{"href":"https:\/\/appsaf.apieproject.com\/news\/fr\/wp-json\/wp\/v2\/posts\/28677","targetHints":{"allow":["GET"]}}],"collection":[{"href":"https:\/\/appsaf.apieproject.com\/news\/fr\/wp-json\/wp\/v2\/posts"}],"about":[{"href":"https:\/\/appsaf.apieproject.com\/news\/fr\/wp-json\/wp\/v2\/types\/post"}],"author":[{"embeddable":true,"href":"https:\/\/appsaf.apieproject.com\/news\/fr\/wp-json\/wp\/v2\/users\/12963"}],"replies":[{"embeddable":true,"href":"https:\/\/appsaf.apieproject.com\/news\/fr\/wp-json\/wp\/v2\/comments?post=28677"}],"version-history":[{"count":1,"href":"https:\/\/appsaf.apieproject.com\/news\/fr\/wp-json\/wp\/v2\/posts\/28677\/revisions"}],"predecessor-version":[{"id":28905,"href":"https:\/\/appsaf.apieproject.com\/news\/fr\/wp-json\/wp\/v2\/posts\/28677\/revisions\/28905"}],"wp:featuredmedia":[{"embeddable":true,"href":"https:\/\/appsaf.apieproject.com\/news\/fr\/wp-json\/wp\/v2\/media\/28674"}],"wp:attachment":[{"href":"https:\/\/appsaf.apieproject.com\/news\/fr\/wp-json\/wp\/v2\/media?parent=28677"}],"wp:term":[{"taxonomy":"category","embeddable":true,"href":"https:\/\/appsaf.apieproject.com\/news\/fr\/wp-json\/wp\/v2\/categories?post=28677"},{"taxonomy":"post_tag","embeddable":true,"href":"https:\/\/appsaf.apieproject.com\/news\/fr\/wp-json\/wp\/v2\/tags?post=28677"}],"curies":[{"name":"wp","href":"https:\/\/api.w.org\/{rel}","templated":true}]}}