{"id":29101,"date":"2023-05-29T17:23:57","date_gmt":"2023-05-29T17:23:57","guid":{"rendered":"https:\/\/appsaf.apieproject.com\/news\/?p=29101"},"modified":"2023-05-29T17:24:01","modified_gmt":"2023-05-29T17:24:01","slug":"auzat-le-groupe-kenkeliba-va-faire-resonner-la-musique-africaine-a-la-mediatheque","status":"publish","type":"post","link":"https:\/\/appsaf.apieproject.com\/news\/fr\/2023\/05\/29\/auzat-le-groupe-kenkeliba-va-faire-resonner-la-musique-africaine-a-la-mediatheque\/","title":{"rendered":"Auzat. Le Groupe Kenkeliba Va Faire R\u00e9sonner La Musique Africaine A La M\u00e9diath\u00e8que"},"content":{"rendered":"<p>Baye Cheikh Mbaye, excellent percussionniste, puise dans la tradition du S\u00e9n\u00e9gal avec le Sabar et les processions mystiques, Prince Diabat\u00e9 chanteur et talentueux joueur de Kora guin\u00e9en a re\u00e7u de nombreux prix et d\u00e9veloppe sa carri\u00e8re principalement aux Etats-Unis depuis les ann\u00e9es 90 et David Clavel est un fabuleux guitariste aux redoutables envol\u00e9es blues. Ensemble ils jouent une musique libre, \u00e9nergique, mall\u00e9able \u00e0 merci et en m\u00eame temps profond\u00e9ment ancr\u00e9e dans le socle commun des traditions africaines et de ses diasporas.<\/p>\n<p>Le chant de griot et la Kora de Prince sont soutenus par une ligne de percussions \u00e9nergiques, passant du djemb\u00e9 au cajon et accompagn\u00e9es par une guitare dont le son granuleux rappelle les esth\u00e9tiques des clubs des ann\u00e9es 1970 dans les villes africaines.<\/p>\n<p>Entr\u00e9e est gratuite, mais uniquement sur inscription. Pour plus d\u2019informations : 05 61 03 13 35 ou www.bibliotheques.cc-hauteariege.fr.<\/p>\n","protected":false},"excerpt":{"rendered":"<p>Dans le cadre de la programmation culturelle annuelle \u00ab\u00a0Par-ci, Par-l\u00e0\u00a0\u00bb, conduite par le conseil d\u00e9partemental et la biblioth\u00e8que d\u00e9partementale, la nouvelle m\u00e9diath\u00e8que intercommunale d\u2019Auzat propose un magnifique concert de musique africaine avec le groupe Kenkeliba, le samedi 3 juin \u00e0 20 h 30. Kenkeliba, est la r\u00e9union de trois musiciens hors pair, bien d\u00e9cid\u00e9s \u00e0 emmener leur \u00e9nergie vers une transe bienvenue.<\/p>\n","protected":false},"author":12963,"featured_media":29098,"comment_status":"open","ping_status":"open","sticky":false,"template":"","format":"standard","meta":{"footnotes":""},"categories":[55,65],"tags":[78,88,91],"class_list":{"0":"post-29101","1":"post","2":"type-post","3":"status-publish","4":"format-standard","5":"has-post-thumbnail","7":"category-divertissement","8":"category-musique","9":"tag-apie-project-2","10":"tag-divertissement","11":"tag-musique"},"yoast_head":"<!-- This site is optimized with the Yoast SEO plugin v24.4 - https:\/\/yoast.com\/wordpress\/plugins\/seo\/ -->\n<title>Auzat. Le Groupe Kenkeliba Va Faire R\u00e9sonner La Musique Africaine A La M\u00e9diath\u00e8que - APIE NEWS<\/title>\n<meta name=\"robots\" content=\"index, follow, max-snippet:-1, max-image-preview:large, max-video-preview:-1\" \/>\n<link rel=\"canonical\" href=\"https:\/\/appsaf.apieproject.com\/news\/fr\/2023\/05\/29\/auzat-le-groupe-kenkeliba-va-faire-resonner-la-musique-africaine-a-la-mediatheque\/\" \/>\n<meta property=\"og:locale\" content=\"fr_FR\" \/>\n<meta property=\"og:type\" content=\"article\" \/>\n<meta property=\"og:title\" content=\"Auzat. Le Groupe Kenkeliba Va Faire R\u00e9sonner La Musique Africaine A La M\u00e9diath\u00e8que - APIE NEWS\" \/>\n<meta property=\"og:description\" content=\"Dans le cadre de la programmation culturelle annuelle &quot;Par-ci, Par-l\u00e0&quot;, conduite par le conseil d\u00e9partemental et la biblioth\u00e8que d\u00e9partementale, la nouvelle m\u00e9diath\u00e8que intercommunale d\u2019Auzat propose un magnifique concert de musique africaine avec le groupe Kenkeliba, le samedi 3 juin \u00e0 20 h 30. Kenkeliba, est la r\u00e9union de trois musiciens hors pair, bien d\u00e9cid\u00e9s \u00e0 emmener leur \u00e9nergie vers une transe bienvenue.\" \/>\n<meta property=\"og:url\" content=\"https:\/\/appsaf.apieproject.com\/news\/fr\/2023\/05\/29\/auzat-le-groupe-kenkeliba-va-faire-resonner-la-musique-africaine-a-la-mediatheque\/\" \/>\n<meta property=\"og:site_name\" content=\"APIE NEWS\" \/>\n<meta property=\"article:publisher\" content=\"https:\/\/facebook.com\/apieproject\" \/>\n<meta property=\"article:published_time\" content=\"2023-05-29T17:23:57+00:00\" \/>\n<meta property=\"article:modified_time\" content=\"2023-05-29T17:24:01+00:00\" \/>\n<meta property=\"og:image\" content=\"https:\/\/appsaf.apieproject.com\/news\/wp-content\/uploads\/sites\/29\/2023\/05\/image-c30c10bc6d44ef4d90ce0d6c88693143.jpg\" \/>\n\t<meta property=\"og:image:width\" content=\"367\" \/>\n\t<meta property=\"og:image:height\" content=\"520\" \/>\n\t<meta property=\"og:image:type\" content=\"image\/jpeg\" \/>\n<meta name=\"author\" content=\"staff\" \/>\n<meta name=\"twitter:card\" content=\"summary_large_image\" \/>\n<meta name=\"twitter:creator\" content=\"@apieproject\" \/>\n<meta name=\"twitter:site\" content=\"@apieproject\" \/>\n<meta name=\"twitter:label1\" content=\"\u00c9crit par\" \/>\n\t<meta name=\"twitter:data1\" content=\"staff\" \/>\n\t<meta name=\"twitter:label2\" content=\"Dur\u00e9e de lecture estim\u00e9e\" \/>\n\t<meta name=\"twitter:data2\" content=\"1 minute\" \/>\n<script type=\"application\/ld+json\" class=\"yoast-schema-graph\">{\"@context\":\"https:\/\/schema.org\",\"@graph\":[{\"@type\":\"Article\",\"@id\":\"https:\/\/appsaf.apieproject.com\/news\/fr\/2023\/05\/29\/auzat-le-groupe-kenkeliba-va-faire-resonner-la-musique-africaine-a-la-mediatheque\/#article\",\"isPartOf\":{\"@id\":\"https:\/\/appsaf.apieproject.com\/news\/fr\/2023\/05\/29\/auzat-le-groupe-kenkeliba-va-faire-resonner-la-musique-africaine-a-la-mediatheque\/\"},\"author\":{\"name\":\"staff\",\"@id\":\"https:\/\/appsaf.apieproject.com\/news\/#\/schema\/person\/399517cac378948cd7b39086f9ddc2a7\"},\"headline\":\"Auzat. Le Groupe Kenkeliba Va Faire R\u00e9sonner La Musique Africaine A La M\u00e9diath\u00e8que\",\"datePublished\":\"2023-05-29T17:23:57+00:00\",\"dateModified\":\"2023-05-29T17:24:01+00:00\",\"mainEntityOfPage\":{\"@id\":\"https:\/\/appsaf.apieproject.com\/news\/fr\/2023\/05\/29\/auzat-le-groupe-kenkeliba-va-faire-resonner-la-musique-africaine-a-la-mediatheque\/\"},\"wordCount\":169,\"commentCount\":0,\"publisher\":{\"@id\":\"https:\/\/appsaf.apieproject.com\/news\/#organization\"},\"image\":{\"@id\":\"https:\/\/appsaf.apieproject.com\/news\/fr\/2023\/05\/29\/auzat-le-groupe-kenkeliba-va-faire-resonner-la-musique-africaine-a-la-mediatheque\/#primaryimage\"},\"thumbnailUrl\":\"https:\/\/appsaf.apieproject.com\/news\/wp-content\/uploads\/sites\/29\/2023\/05\/image-c30c10bc6d44ef4d90ce0d6c88693143.jpg\",\"keywords\":[\"apie project\",\"divertissement\",\"musique\"],\"articleSection\":[\"Divertissement\",\"Musique\"],\"inLanguage\":\"fr-FR\",\"potentialAction\":[{\"@type\":\"CommentAction\",\"name\":\"Comment\",\"target\":[\"https:\/\/appsaf.apieproject.com\/news\/fr\/2023\/05\/29\/auzat-le-groupe-kenkeliba-va-faire-resonner-la-musique-africaine-a-la-mediatheque\/#respond\"]}]},{\"@type\":\"WebPage\",\"@id\":\"https:\/\/appsaf.apieproject.com\/news\/fr\/2023\/05\/29\/auzat-le-groupe-kenkeliba-va-faire-resonner-la-musique-africaine-a-la-mediatheque\/\",\"url\":\"https:\/\/appsaf.apieproject.com\/news\/fr\/2023\/05\/29\/auzat-le-groupe-kenkeliba-va-faire-resonner-la-musique-africaine-a-la-mediatheque\/\",\"name\":\"Auzat. Le Groupe Kenkeliba Va Faire R\u00e9sonner La Musique Africaine A La M\u00e9diath\u00e8que - APIE NEWS\",\"isPartOf\":{\"@id\":\"https:\/\/appsaf.apieproject.com\/news\/#website\"},\"primaryImageOfPage\":{\"@id\":\"https:\/\/appsaf.apieproject.com\/news\/fr\/2023\/05\/29\/auzat-le-groupe-kenkeliba-va-faire-resonner-la-musique-africaine-a-la-mediatheque\/#primaryimage\"},\"image\":{\"@id\":\"https:\/\/appsaf.apieproject.com\/news\/fr\/2023\/05\/29\/auzat-le-groupe-kenkeliba-va-faire-resonner-la-musique-africaine-a-la-mediatheque\/#primaryimage\"},\"thumbnailUrl\":\"https:\/\/appsaf.apieproject.com\/news\/wp-content\/uploads\/sites\/29\/2023\/05\/image-c30c10bc6d44ef4d90ce0d6c88693143.jpg\",\"datePublished\":\"2023-05-29T17:23:57+00:00\",\"dateModified\":\"2023-05-29T17:24:01+00:00\",\"breadcrumb\":{\"@id\":\"https:\/\/appsaf.apieproject.com\/news\/fr\/2023\/05\/29\/auzat-le-groupe-kenkeliba-va-faire-resonner-la-musique-africaine-a-la-mediatheque\/#breadcrumb\"},\"inLanguage\":\"fr-FR\",\"potentialAction\":[{\"@type\":\"ReadAction\",\"target\":[\"https:\/\/appsaf.apieproject.com\/news\/fr\/2023\/05\/29\/auzat-le-groupe-kenkeliba-va-faire-resonner-la-musique-africaine-a-la-mediatheque\/\"]}]},{\"@type\":\"ImageObject\",\"inLanguage\":\"fr-FR\",\"@id\":\"https:\/\/appsaf.apieproject.com\/news\/fr\/2023\/05\/29\/auzat-le-groupe-kenkeliba-va-faire-resonner-la-musique-africaine-a-la-mediatheque\/#primaryimage\",\"url\":\"https:\/\/appsaf.apieproject.com\/news\/wp-content\/uploads\/sites\/29\/2023\/05\/image-c30c10bc6d44ef4d90ce0d6c88693143.jpg\",\"contentUrl\":\"https:\/\/appsaf.apieproject.com\/news\/wp-content\/uploads\/sites\/29\/2023\/05\/image-c30c10bc6d44ef4d90ce0d6c88693143.jpg\",\"width\":367,\"height\":520},{\"@type\":\"BreadcrumbList\",\"@id\":\"https:\/\/appsaf.apieproject.com\/news\/fr\/2023\/05\/29\/auzat-le-groupe-kenkeliba-va-faire-resonner-la-musique-africaine-a-la-mediatheque\/#breadcrumb\",\"itemListElement\":[{\"@type\":\"ListItem\",\"position\":1,\"name\":\"Home\",\"item\":\"https:\/\/appsaf.apieproject.com\/news\/fr\/home\/\"},{\"@type\":\"ListItem\",\"position\":2,\"name\":\"Auzat. Le Groupe Kenkeliba Va Faire R\u00e9sonner La Musique Africaine A La M\u00e9diath\u00e8que\"}]},{\"@type\":\"WebSite\",\"@id\":\"https:\/\/appsaf.apieproject.com\/news\/#website\",\"url\":\"https:\/\/appsaf.apieproject.com\/news\/\",\"name\":\"APIE NEWS\",\"description\":\"PANAFRICANISM NEWS PORTAL\",\"publisher\":{\"@id\":\"https:\/\/appsaf.apieproject.com\/news\/#organization\"},\"potentialAction\":[{\"@type\":\"SearchAction\",\"target\":{\"@type\":\"EntryPoint\",\"urlTemplate\":\"https:\/\/appsaf.apieproject.com\/news\/?s={search_term_string}\"},\"query-input\":{\"@type\":\"PropertyValueSpecification\",\"valueRequired\":true,\"valueName\":\"search_term_string\"}}],\"inLanguage\":\"fr-FR\"},{\"@type\":\"Organization\",\"@id\":\"https:\/\/appsaf.apieproject.com\/news\/#organization\",\"name\":\"APIE PROJECT\",\"url\":\"https:\/\/appsaf.apieproject.com\/news\/\",\"logo\":{\"@type\":\"ImageObject\",\"inLanguage\":\"fr-FR\",\"@id\":\"https:\/\/appsaf.apieproject.com\/news\/#\/schema\/logo\/image\/\",\"url\":\"https:\/\/appsaf.apieproject.com\/news\/wp-content\/uploads\/sites\/29\/2022\/07\/logo-R-TransparentBackground.png\",\"contentUrl\":\"https:\/\/appsaf.apieproject.com\/news\/wp-content\/uploads\/sites\/29\/2022\/07\/logo-R-TransparentBackground.png\",\"width\":512,\"height\":512,\"caption\":\"APIE PROJECT\"},\"image\":{\"@id\":\"https:\/\/appsaf.apieproject.com\/news\/#\/schema\/logo\/image\/\"},\"sameAs\":[\"https:\/\/facebook.com\/apieproject\",\"https:\/\/x.com\/apieproject\"]},{\"@type\":\"Person\",\"@id\":\"https:\/\/appsaf.apieproject.com\/news\/#\/schema\/person\/399517cac378948cd7b39086f9ddc2a7\",\"name\":\"staff\",\"image\":{\"@type\":\"ImageObject\",\"inLanguage\":\"fr-FR\",\"@id\":\"https:\/\/appsaf.apieproject.com\/news\/#\/schema\/person\/image\/\",\"url\":\"https:\/\/secure.gravatar.com\/avatar\/5386283c5db150efe261184bd59f072a?s=96&d=mm&r=g\",\"contentUrl\":\"https:\/\/secure.gravatar.com\/avatar\/5386283c5db150efe261184bd59f072a?s=96&d=mm&r=g\",\"caption\":\"staff\"},\"url\":\"https:\/\/appsaf.apieproject.com\/news\/fr\/author\/staff\/\"}]}<\/script>\n<!-- \/ Yoast SEO plugin. -->","yoast_head_json":{"title":"Auzat. Le Groupe Kenkeliba Va Faire R\u00e9sonner La Musique Africaine A La M\u00e9diath\u00e8que - APIE NEWS","robots":{"index":"index","follow":"follow","max-snippet":"max-snippet:-1","max-image-preview":"max-image-preview:large","max-video-preview":"max-video-preview:-1"},"canonical":"https:\/\/appsaf.apieproject.com\/news\/fr\/2023\/05\/29\/auzat-le-groupe-kenkeliba-va-faire-resonner-la-musique-africaine-a-la-mediatheque\/","og_locale":"fr_FR","og_type":"article","og_title":"Auzat. Le Groupe Kenkeliba Va Faire R\u00e9sonner La Musique Africaine A La M\u00e9diath\u00e8que - APIE NEWS","og_description":"Dans le cadre de la programmation culturelle annuelle \"Par-ci, Par-l\u00e0\", conduite par le conseil d\u00e9partemental et la biblioth\u00e8que d\u00e9partementale, la nouvelle m\u00e9diath\u00e8que intercommunale d\u2019Auzat propose un magnifique concert de musique africaine avec le groupe Kenkeliba, le samedi 3 juin \u00e0 20 h 30. Kenkeliba, est la r\u00e9union de trois musiciens hors pair, bien d\u00e9cid\u00e9s \u00e0 emmener leur \u00e9nergie vers une transe bienvenue.","og_url":"https:\/\/appsaf.apieproject.com\/news\/fr\/2023\/05\/29\/auzat-le-groupe-kenkeliba-va-faire-resonner-la-musique-africaine-a-la-mediatheque\/","og_site_name":"APIE NEWS","article_publisher":"https:\/\/facebook.com\/apieproject","article_published_time":"2023-05-29T17:23:57+00:00","article_modified_time":"2023-05-29T17:24:01+00:00","og_image":[{"width":367,"height":520,"url":"https:\/\/appsaf.apieproject.com\/news\/wp-content\/uploads\/sites\/29\/2023\/05\/image-c30c10bc6d44ef4d90ce0d6c88693143.jpg","type":"image\/jpeg"}],"author":"staff","twitter_card":"summary_large_image","twitter_creator":"@apieproject","twitter_site":"@apieproject","twitter_misc":{"\u00c9crit par":"staff","Dur\u00e9e de lecture estim\u00e9e":"1 minute"},"schema":{"@context":"https:\/\/schema.org","@graph":[{"@type":"Article","@id":"https:\/\/appsaf.apieproject.com\/news\/fr\/2023\/05\/29\/auzat-le-groupe-kenkeliba-va-faire-resonner-la-musique-africaine-a-la-mediatheque\/#article","isPartOf":{"@id":"https:\/\/appsaf.apieproject.com\/news\/fr\/2023\/05\/29\/auzat-le-groupe-kenkeliba-va-faire-resonner-la-musique-africaine-a-la-mediatheque\/"},"author":{"name":"staff","@id":"https:\/\/appsaf.apieproject.com\/news\/#\/schema\/person\/399517cac378948cd7b39086f9ddc2a7"},"headline":"Auzat. Le Groupe Kenkeliba Va Faire R\u00e9sonner La Musique Africaine A La M\u00e9diath\u00e8que","datePublished":"2023-05-29T17:23:57+00:00","dateModified":"2023-05-29T17:24:01+00:00","mainEntityOfPage":{"@id":"https:\/\/appsaf.apieproject.com\/news\/fr\/2023\/05\/29\/auzat-le-groupe-kenkeliba-va-faire-resonner-la-musique-africaine-a-la-mediatheque\/"},"wordCount":169,"commentCount":0,"publisher":{"@id":"https:\/\/appsaf.apieproject.com\/news\/#organization"},"image":{"@id":"https:\/\/appsaf.apieproject.com\/news\/fr\/2023\/05\/29\/auzat-le-groupe-kenkeliba-va-faire-resonner-la-musique-africaine-a-la-mediatheque\/#primaryimage"},"thumbnailUrl":"https:\/\/appsaf.apieproject.com\/news\/wp-content\/uploads\/sites\/29\/2023\/05\/image-c30c10bc6d44ef4d90ce0d6c88693143.jpg","keywords":["apie project","divertissement","musique"],"articleSection":["Divertissement","Musique"],"inLanguage":"fr-FR","potentialAction":[{"@type":"CommentAction","name":"Comment","target":["https:\/\/appsaf.apieproject.com\/news\/fr\/2023\/05\/29\/auzat-le-groupe-kenkeliba-va-faire-resonner-la-musique-africaine-a-la-mediatheque\/#respond"]}]},{"@type":"WebPage","@id":"https:\/\/appsaf.apieproject.com\/news\/fr\/2023\/05\/29\/auzat-le-groupe-kenkeliba-va-faire-resonner-la-musique-africaine-a-la-mediatheque\/","url":"https:\/\/appsaf.apieproject.com\/news\/fr\/2023\/05\/29\/auzat-le-groupe-kenkeliba-va-faire-resonner-la-musique-africaine-a-la-mediatheque\/","name":"Auzat. Le Groupe Kenkeliba Va Faire R\u00e9sonner La Musique Africaine A La M\u00e9diath\u00e8que - APIE NEWS","isPartOf":{"@id":"https:\/\/appsaf.apieproject.com\/news\/#website"},"primaryImageOfPage":{"@id":"https:\/\/appsaf.apieproject.com\/news\/fr\/2023\/05\/29\/auzat-le-groupe-kenkeliba-va-faire-resonner-la-musique-africaine-a-la-mediatheque\/#primaryimage"},"image":{"@id":"https:\/\/appsaf.apieproject.com\/news\/fr\/2023\/05\/29\/auzat-le-groupe-kenkeliba-va-faire-resonner-la-musique-africaine-a-la-mediatheque\/#primaryimage"},"thumbnailUrl":"https:\/\/appsaf.apieproject.com\/news\/wp-content\/uploads\/sites\/29\/2023\/05\/image-c30c10bc6d44ef4d90ce0d6c88693143.jpg","datePublished":"2023-05-29T17:23:57+00:00","dateModified":"2023-05-29T17:24:01+00:00","breadcrumb":{"@id":"https:\/\/appsaf.apieproject.com\/news\/fr\/2023\/05\/29\/auzat-le-groupe-kenkeliba-va-faire-resonner-la-musique-africaine-a-la-mediatheque\/#breadcrumb"},"inLanguage":"fr-FR","potentialAction":[{"@type":"ReadAction","target":["https:\/\/appsaf.apieproject.com\/news\/fr\/2023\/05\/29\/auzat-le-groupe-kenkeliba-va-faire-resonner-la-musique-africaine-a-la-mediatheque\/"]}]},{"@type":"ImageObject","inLanguage":"fr-FR","@id":"https:\/\/appsaf.apieproject.com\/news\/fr\/2023\/05\/29\/auzat-le-groupe-kenkeliba-va-faire-resonner-la-musique-africaine-a-la-mediatheque\/#primaryimage","url":"https:\/\/appsaf.apieproject.com\/news\/wp-content\/uploads\/sites\/29\/2023\/05\/image-c30c10bc6d44ef4d90ce0d6c88693143.jpg","contentUrl":"https:\/\/appsaf.apieproject.com\/news\/wp-content\/uploads\/sites\/29\/2023\/05\/image-c30c10bc6d44ef4d90ce0d6c88693143.jpg","width":367,"height":520},{"@type":"BreadcrumbList","@id":"https:\/\/appsaf.apieproject.com\/news\/fr\/2023\/05\/29\/auzat-le-groupe-kenkeliba-va-faire-resonner-la-musique-africaine-a-la-mediatheque\/#breadcrumb","itemListElement":[{"@type":"ListItem","position":1,"name":"Home","item":"https:\/\/appsaf.apieproject.com\/news\/fr\/home\/"},{"@type":"ListItem","position":2,"name":"Auzat. Le Groupe Kenkeliba Va Faire R\u00e9sonner La Musique Africaine A La M\u00e9diath\u00e8que"}]},{"@type":"WebSite","@id":"https:\/\/appsaf.apieproject.com\/news\/#website","url":"https:\/\/appsaf.apieproject.com\/news\/","name":"APIE NEWS","description":"PANAFRICANISM NEWS PORTAL","publisher":{"@id":"https:\/\/appsaf.apieproject.com\/news\/#organization"},"potentialAction":[{"@type":"SearchAction","target":{"@type":"EntryPoint","urlTemplate":"https:\/\/appsaf.apieproject.com\/news\/?s={search_term_string}"},"query-input":{"@type":"PropertyValueSpecification","valueRequired":true,"valueName":"search_term_string"}}],"inLanguage":"fr-FR"},{"@type":"Organization","@id":"https:\/\/appsaf.apieproject.com\/news\/#organization","name":"APIE PROJECT","url":"https:\/\/appsaf.apieproject.com\/news\/","logo":{"@type":"ImageObject","inLanguage":"fr-FR","@id":"https:\/\/appsaf.apieproject.com\/news\/#\/schema\/logo\/image\/","url":"https:\/\/appsaf.apieproject.com\/news\/wp-content\/uploads\/sites\/29\/2022\/07\/logo-R-TransparentBackground.png","contentUrl":"https:\/\/appsaf.apieproject.com\/news\/wp-content\/uploads\/sites\/29\/2022\/07\/logo-R-TransparentBackground.png","width":512,"height":512,"caption":"APIE PROJECT"},"image":{"@id":"https:\/\/appsaf.apieproject.com\/news\/#\/schema\/logo\/image\/"},"sameAs":["https:\/\/facebook.com\/apieproject","https:\/\/x.com\/apieproject"]},{"@type":"Person","@id":"https:\/\/appsaf.apieproject.com\/news\/#\/schema\/person\/399517cac378948cd7b39086f9ddc2a7","name":"staff","image":{"@type":"ImageObject","inLanguage":"fr-FR","@id":"https:\/\/appsaf.apieproject.com\/news\/#\/schema\/person\/image\/","url":"https:\/\/secure.gravatar.com\/avatar\/5386283c5db150efe261184bd59f072a?s=96&d=mm&r=g","contentUrl":"https:\/\/secure.gravatar.com\/avatar\/5386283c5db150efe261184bd59f072a?s=96&d=mm&r=g","caption":"staff"},"url":"https:\/\/appsaf.apieproject.com\/news\/fr\/author\/staff\/"}]}},"_links":{"self":[{"href":"https:\/\/appsaf.apieproject.com\/news\/fr\/wp-json\/wp\/v2\/posts\/29101","targetHints":{"allow":["GET"]}}],"collection":[{"href":"https:\/\/appsaf.apieproject.com\/news\/fr\/wp-json\/wp\/v2\/posts"}],"about":[{"href":"https:\/\/appsaf.apieproject.com\/news\/fr\/wp-json\/wp\/v2\/types\/post"}],"author":[{"embeddable":true,"href":"https:\/\/appsaf.apieproject.com\/news\/fr\/wp-json\/wp\/v2\/users\/12963"}],"replies":[{"embeddable":true,"href":"https:\/\/appsaf.apieproject.com\/news\/fr\/wp-json\/wp\/v2\/comments?post=29101"}],"version-history":[{"count":1,"href":"https:\/\/appsaf.apieproject.com\/news\/fr\/wp-json\/wp\/v2\/posts\/29101\/revisions"}],"predecessor-version":[{"id":29592,"href":"https:\/\/appsaf.apieproject.com\/news\/fr\/wp-json\/wp\/v2\/posts\/29101\/revisions\/29592"}],"wp:featuredmedia":[{"embeddable":true,"href":"https:\/\/appsaf.apieproject.com\/news\/fr\/wp-json\/wp\/v2\/media\/29098"}],"wp:attachment":[{"href":"https:\/\/appsaf.apieproject.com\/news\/fr\/wp-json\/wp\/v2\/media?parent=29101"}],"wp:term":[{"taxonomy":"category","embeddable":true,"href":"https:\/\/appsaf.apieproject.com\/news\/fr\/wp-json\/wp\/v2\/categories?post=29101"},{"taxonomy":"post_tag","embeddable":true,"href":"https:\/\/appsaf.apieproject.com\/news\/fr\/wp-json\/wp\/v2\/tags?post=29101"}],"curies":[{"name":"wp","href":"https:\/\/api.w.org\/{rel}","templated":true}]}}