{"id":29270,"date":"2023-05-30T04:18:59","date_gmt":"2023-05-30T04:18:59","guid":{"rendered":"https:\/\/appsaf.apieproject.com\/news\/?p=29270"},"modified":"2023-05-30T04:19:01","modified_gmt":"2023-05-30T04:19:01","slug":"journee-de-lafrique-avec-une-economie-prometteuse-lafrique-a-son-destin-en-main","status":"publish","type":"post","link":"https:\/\/appsaf.apieproject.com\/news\/fr\/2023\/05\/30\/journee-de-lafrique-avec-une-economie-prometteuse-lafrique-a-son-destin-en-main\/","title":{"rendered":"Journ\u00e9e de l&rsquo;Afrique : avec une \u00e9conomie prometteuse l&rsquo;Afrique a son destin en main"},"content":{"rendered":"<p>Tous les 25 mai, est c\u00e9l\u00e9br\u00e9e la Journ\u00e9e de l&rsquo;Afrique. Ceci en comm\u00e9moration de la cr\u00e9ation de l&rsquo;Organisation de l&rsquo;Unit\u00e9 Africaine (OUA) qui deviendra plus tard l&rsquo;Union Africaine (UA). Le 25 mai 2023 marque le 60e anniversaire de cette organisation. Pour l&rsquo;occasion, votre journal retrace le parcours, et pr\u00e9sente les opportunit\u00e9s futures qui s&rsquo;offrent \u00e0 l&rsquo;Afrique \u00e0 condition que, l&rsquo;\u00e9conomie soit dirig\u00e9e convenablement.<\/p>\n<p><strong>De l&rsquo;OUA \u00e0 l&rsquo;UA, le chemin de croix<\/strong><\/p>\n<p>La capitale \u00e9thiopienne, Addis-Abeba a servi de cadre le 25 mai 1963 \u00e0 la signature d&rsquo;une charte qui jetait les jalons de la premi\u00e8re institution continentale post-coloniale. C&rsquo;est ainsi que sous la houlette du dirigeant \u00e9thiopien Haile Silassi\u00e9, 32 autres chefs d&rsquo;\u00e9tats africains ont fond\u00e9 l&rsquo;Organisation de l&rsquo;Unit\u00e9 Africaine. C&rsquo;est pourquoi la date du 25 mai a \u00e9t\u00e9 retenue comme la journ\u00e9e de l&rsquo;Afrique. Le d\u00e9veloppement du continent \u00e9tait donc en marche. Les p\u00e8res de l&rsquo;OUA ont d\u00e9clin\u00e9 la vision panafricaniste comme : \u00ab\u00a0un continent unie, libre et ma\u00eetre de son destin\u00a0\u00bb.<\/p>\n<p>L&rsquo;institution \u00e9tait donc une plate-forme d&rsquo;expression et de d\u00e9fense des droits africains sur la sc\u00e8ne internationale. Plusieurs combats \u00e9taient \u00e0 l&rsquo;ordre du jour. Le plus grand \u00e9tait de sortir de l&#8217;emprise occidentale. Mais il fallait aussi, prot\u00e9ger les ressources premi\u00e8res qui foisonnaient en Afrique, qui est d&rsquo;ailleurs consid\u00e9rer jusqu&rsquo;\u00e0 ce jour comme le continent des mati\u00e8res premi\u00e8res. Socle de l&rsquo;\u00e9conomie. Dans les ann\u00e9es 1990, tous les \u00c9tats africains avaient acquis leur ind\u00e9pendance, l&rsquo;apartheid \u00e9tait abolie en Afrique du Sud. L&rsquo;OUA pouvait donc se targuer d&rsquo;avoir men\u00e9 avec succ\u00e8s sa premi\u00e8re mission. Il fallait donc s&rsquo;attaquer \u00e0 la croissance et au d\u00e9veloppement \u00e9conomique. Ceux-ci n&rsquo;\u00e9tant possible qu&rsquo;\u00e0 travers une int\u00e9gration et une coop\u00e9ration inter \u00e9tatiques.<\/p>\n<p>Pour l&rsquo;acc\u00e9l\u00e9ration du processus d&rsquo;int\u00e9gration, l&rsquo;OUA a \u00e9t\u00e9 remplac\u00e9 par l&rsquo;UA. Celle-ci a officiellement vu le jour le 9 juillet 2002 \u00e0 Durban en Afrique du Sud. Bien qu&rsquo;\u00e9maill\u00e9 par des sons discordants qui pensent que l&rsquo;organisation est d\u00e9sormais \u00e0 la solde de l&rsquo;occident, une nette \u00e9volution \u00e9conomique a \u00e9merg\u00e9 depuis l&rsquo;impl\u00e9mentation de la vision de l&rsquo;UA.<\/p>\n<p><strong>Croissance \u00e9conomique, un futur radieux pour l&rsquo;Afrique<\/strong><\/p>\n<p>Les d\u00e9fis \u00e9taient nombreux et colossaux. L&rsquo;occident n&rsquo;a pas arr\u00eat\u00e9 de mettre son grain de sable, cr\u00e9ant des conflits dans les \u00c9tats et entre \u00c9tats. Contr\u00f4lant l&rsquo;\u00e9conomie d&rsquo;une partie de l&rsquo;Afrique avec une monnaie impos\u00e9, le FCFA. Mais l&rsquo;Afrique a r\u00e9ussi \u00e0 faire preuve de r\u00e9silience et \u00e0 chaque fois s&rsquo;est adapt\u00e9 aux difficult\u00e9s pour avancer.<\/p>\n<p>En 2013, pour les 50 ans de l&rsquo;institution, les \u00c9tats membres ont adopt\u00e9 l&rsquo;agenda 2063. Il s&rsquo;agit d&rsquo;un engagement solennel qui stipule que les \u00c9tats vont r\u00e9duire consid\u00e9rablement les conflits et faire du continent une puissance mondiale. Aujourd&rsquo;hui, c&rsquo;est 55 \u00c9tats qui sont membres de l&rsquo;Union Africaine.<\/p>\n<p>Le potentiel \u00e9conomique est \u00e9norme et la base de ressources est colossale. Selon un Rapport de la Fondation Mo Ibrahim, d&rsquo;ici 2027, l&rsquo;Afrique sera l&rsquo;\u00e9conomie \u00e0 la croissance la plus rapide au monde. Et l&rsquo;un des moyens que l&rsquo;Afrique s&rsquo;est donn\u00e9 pour atteindre cet objectif, c&rsquo;est la Zone de libre-\u00e9change continentale africaine (Zlecaf). Il s&rsquo;agit du plus grand accord de libre \u00e9change dans le monde. Que ce soit en terme de pays signataires ou de population. L&rsquo;objectif recherch\u00e9 ici est clair, acc\u00e9l\u00e9rer la croissance \u00e9conomique et l&rsquo;am\u00e9lioration du niveau de vie des Africains.<\/p>\n","protected":false},"excerpt":{"rendered":"<p>Tous les 25 mai, est c\u00e9l\u00e9br\u00e9e la Journ\u00e9e de l&rsquo;Afrique. Ceci en comm\u00e9moration de la cr\u00e9ation de l&rsquo;Organisation de l&rsquo;Unit\u00e9 Africaine (OUA) qui deviendra plus tard l&rsquo;Union Africaine (UA). Le 25 mai 2023 marque le 60e anniversaire de cette organisation. Pour l&rsquo;occasion, votre journal retrace le parcours, et pr\u00e9sente les opportunit\u00e9s futures qui s&rsquo;offrent \u00e0 [&hellip;]<\/p>\n","protected":false},"author":13112,"featured_media":29267,"comment_status":"open","ping_status":"open","sticky":false,"template":"","format":"standard","meta":{"footnotes":""},"categories":[67,69,59],"tags":[81,78,82],"class_list":{"0":"post-29270","1":"post","2":"type-post","3":"status-publish","4":"format-standard","5":"has-post-thumbnail","7":"category-actualites","8":"category-politique","9":"category-speciaux","10":"tag-actualites","11":"tag-apie-project-2","12":"tag-politique"},"yoast_head":"<!-- This site is optimized with the Yoast SEO plugin v24.4 - https:\/\/yoast.com\/wordpress\/plugins\/seo\/ -->\n<title>Journ\u00e9e de l&#039;Afrique : avec une \u00e9conomie prometteuse l&#039;Afrique a son destin en main - APIE NEWS<\/title>\n<meta name=\"robots\" content=\"index, follow, max-snippet:-1, max-image-preview:large, max-video-preview:-1\" \/>\n<link rel=\"canonical\" href=\"https:\/\/appsaf.apieproject.com\/news\/fr\/2023\/05\/30\/journee-de-lafrique-avec-une-economie-prometteuse-lafrique-a-son-destin-en-main\/\" \/>\n<meta property=\"og:locale\" content=\"fr_FR\" \/>\n<meta property=\"og:type\" content=\"article\" \/>\n<meta property=\"og:title\" content=\"Journ\u00e9e de l&#039;Afrique : avec une \u00e9conomie prometteuse l&#039;Afrique a son destin en main - APIE NEWS\" \/>\n<meta property=\"og:description\" content=\"Tous les 25 mai, est c\u00e9l\u00e9br\u00e9e la Journ\u00e9e de l&rsquo;Afrique. Ceci en comm\u00e9moration de la cr\u00e9ation de l&rsquo;Organisation de l&rsquo;Unit\u00e9 Africaine (OUA) qui deviendra plus tard l&rsquo;Union Africaine (UA). Le 25 mai 2023 marque le 60e anniversaire de cette organisation. Pour l&rsquo;occasion, votre journal retrace le parcours, et pr\u00e9sente les opportunit\u00e9s futures qui s&rsquo;offrent \u00e0 [&hellip;]\" \/>\n<meta property=\"og:url\" content=\"https:\/\/appsaf.apieproject.com\/news\/fr\/2023\/05\/30\/journee-de-lafrique-avec-une-economie-prometteuse-lafrique-a-son-destin-en-main\/\" \/>\n<meta property=\"og:site_name\" content=\"APIE NEWS\" \/>\n<meta property=\"article:publisher\" content=\"https:\/\/facebook.com\/apieproject\" \/>\n<meta property=\"article:published_time\" content=\"2023-05-30T04:18:59+00:00\" \/>\n<meta property=\"article:modified_time\" content=\"2023-05-30T04:19:01+00:00\" \/>\n<meta property=\"og:image\" content=\"https:\/\/appsaf.apieproject.com\/news\/wp-content\/uploads\/sites\/29\/2023\/05\/Journee-de-l-Afrique_edit_312370587617437-2823b913cb0e2bc943f2258819619446.jpg\" \/>\n\t<meta property=\"og:image:width\" content=\"1151\" \/>\n\t<meta property=\"og:image:height\" content=\"620\" \/>\n\t<meta property=\"og:image:type\" content=\"image\/jpeg\" \/>\n<meta name=\"author\" content=\"guyetom\" \/>\n<meta name=\"twitter:card\" content=\"summary_large_image\" \/>\n<meta name=\"twitter:creator\" content=\"@apieproject\" \/>\n<meta name=\"twitter:site\" content=\"@apieproject\" \/>\n<meta name=\"twitter:label1\" content=\"\u00c9crit par\" \/>\n\t<meta name=\"twitter:data1\" content=\"guyetom\" \/>\n\t<meta name=\"twitter:label2\" content=\"Dur\u00e9e de lecture estim\u00e9e\" \/>\n\t<meta name=\"twitter:data2\" content=\"3 minutes\" \/>\n<script type=\"application\/ld+json\" class=\"yoast-schema-graph\">{\"@context\":\"https:\/\/schema.org\",\"@graph\":[{\"@type\":\"Article\",\"@id\":\"https:\/\/appsaf.apieproject.com\/news\/fr\/2023\/05\/30\/journee-de-lafrique-avec-une-economie-prometteuse-lafrique-a-son-destin-en-main\/#article\",\"isPartOf\":{\"@id\":\"https:\/\/appsaf.apieproject.com\/news\/fr\/2023\/05\/30\/journee-de-lafrique-avec-une-economie-prometteuse-lafrique-a-son-destin-en-main\/\"},\"author\":{\"name\":\"guyetom\",\"@id\":\"https:\/\/appsaf.apieproject.com\/news\/#\/schema\/person\/94d8f4e561b283d434da551498c8cb39\"},\"headline\":\"Journ\u00e9e de l&rsquo;Afrique : avec une \u00e9conomie prometteuse l&rsquo;Afrique a son destin en main\",\"datePublished\":\"2023-05-30T04:18:59+00:00\",\"dateModified\":\"2023-05-30T04:19:01+00:00\",\"mainEntityOfPage\":{\"@id\":\"https:\/\/appsaf.apieproject.com\/news\/fr\/2023\/05\/30\/journee-de-lafrique-avec-une-economie-prometteuse-lafrique-a-son-destin-en-main\/\"},\"wordCount\":636,\"commentCount\":0,\"publisher\":{\"@id\":\"https:\/\/appsaf.apieproject.com\/news\/#organization\"},\"image\":{\"@id\":\"https:\/\/appsaf.apieproject.com\/news\/fr\/2023\/05\/30\/journee-de-lafrique-avec-une-economie-prometteuse-lafrique-a-son-destin-en-main\/#primaryimage\"},\"thumbnailUrl\":\"https:\/\/appsaf.apieproject.com\/news\/wp-content\/uploads\/sites\/29\/2023\/05\/Journee-de-l-Afrique_edit_312370587617437-2823b913cb0e2bc943f2258819619446.jpg\",\"keywords\":[\"actualites\",\"apie project\",\"politique\"],\"articleSection\":[\"Actualit\u00e9s\",\"Politique\",\"Sp\u00e9ciaux\"],\"inLanguage\":\"fr-FR\",\"potentialAction\":[{\"@type\":\"CommentAction\",\"name\":\"Comment\",\"target\":[\"https:\/\/appsaf.apieproject.com\/news\/fr\/2023\/05\/30\/journee-de-lafrique-avec-une-economie-prometteuse-lafrique-a-son-destin-en-main\/#respond\"]}]},{\"@type\":\"WebPage\",\"@id\":\"https:\/\/appsaf.apieproject.com\/news\/fr\/2023\/05\/30\/journee-de-lafrique-avec-une-economie-prometteuse-lafrique-a-son-destin-en-main\/\",\"url\":\"https:\/\/appsaf.apieproject.com\/news\/fr\/2023\/05\/30\/journee-de-lafrique-avec-une-economie-prometteuse-lafrique-a-son-destin-en-main\/\",\"name\":\"Journ\u00e9e de l'Afrique : avec une \u00e9conomie prometteuse l'Afrique a son destin en main - APIE NEWS\",\"isPartOf\":{\"@id\":\"https:\/\/appsaf.apieproject.com\/news\/#website\"},\"primaryImageOfPage\":{\"@id\":\"https:\/\/appsaf.apieproject.com\/news\/fr\/2023\/05\/30\/journee-de-lafrique-avec-une-economie-prometteuse-lafrique-a-son-destin-en-main\/#primaryimage\"},\"image\":{\"@id\":\"https:\/\/appsaf.apieproject.com\/news\/fr\/2023\/05\/30\/journee-de-lafrique-avec-une-economie-prometteuse-lafrique-a-son-destin-en-main\/#primaryimage\"},\"thumbnailUrl\":\"https:\/\/appsaf.apieproject.com\/news\/wp-content\/uploads\/sites\/29\/2023\/05\/Journee-de-l-Afrique_edit_312370587617437-2823b913cb0e2bc943f2258819619446.jpg\",\"datePublished\":\"2023-05-30T04:18:59+00:00\",\"dateModified\":\"2023-05-30T04:19:01+00:00\",\"breadcrumb\":{\"@id\":\"https:\/\/appsaf.apieproject.com\/news\/fr\/2023\/05\/30\/journee-de-lafrique-avec-une-economie-prometteuse-lafrique-a-son-destin-en-main\/#breadcrumb\"},\"inLanguage\":\"fr-FR\",\"potentialAction\":[{\"@type\":\"ReadAction\",\"target\":[\"https:\/\/appsaf.apieproject.com\/news\/fr\/2023\/05\/30\/journee-de-lafrique-avec-une-economie-prometteuse-lafrique-a-son-destin-en-main\/\"]}]},{\"@type\":\"ImageObject\",\"inLanguage\":\"fr-FR\",\"@id\":\"https:\/\/appsaf.apieproject.com\/news\/fr\/2023\/05\/30\/journee-de-lafrique-avec-une-economie-prometteuse-lafrique-a-son-destin-en-main\/#primaryimage\",\"url\":\"https:\/\/appsaf.apieproject.com\/news\/wp-content\/uploads\/sites\/29\/2023\/05\/Journee-de-l-Afrique_edit_312370587617437-2823b913cb0e2bc943f2258819619446.jpg\",\"contentUrl\":\"https:\/\/appsaf.apieproject.com\/news\/wp-content\/uploads\/sites\/29\/2023\/05\/Journee-de-l-Afrique_edit_312370587617437-2823b913cb0e2bc943f2258819619446.jpg\",\"width\":1151,\"height\":620},{\"@type\":\"BreadcrumbList\",\"@id\":\"https:\/\/appsaf.apieproject.com\/news\/fr\/2023\/05\/30\/journee-de-lafrique-avec-une-economie-prometteuse-lafrique-a-son-destin-en-main\/#breadcrumb\",\"itemListElement\":[{\"@type\":\"ListItem\",\"position\":1,\"name\":\"Home\",\"item\":\"https:\/\/appsaf.apieproject.com\/news\/fr\/home\/\"},{\"@type\":\"ListItem\",\"position\":2,\"name\":\"Journ\u00e9e de l&#8217;Afrique : avec une \u00e9conomie prometteuse l&#8217;Afrique a son destin en main\"}]},{\"@type\":\"WebSite\",\"@id\":\"https:\/\/appsaf.apieproject.com\/news\/#website\",\"url\":\"https:\/\/appsaf.apieproject.com\/news\/\",\"name\":\"APIE NEWS\",\"description\":\"PANAFRICANISM NEWS PORTAL\",\"publisher\":{\"@id\":\"https:\/\/appsaf.apieproject.com\/news\/#organization\"},\"potentialAction\":[{\"@type\":\"SearchAction\",\"target\":{\"@type\":\"EntryPoint\",\"urlTemplate\":\"https:\/\/appsaf.apieproject.com\/news\/?s={search_term_string}\"},\"query-input\":{\"@type\":\"PropertyValueSpecification\",\"valueRequired\":true,\"valueName\":\"search_term_string\"}}],\"inLanguage\":\"fr-FR\"},{\"@type\":\"Organization\",\"@id\":\"https:\/\/appsaf.apieproject.com\/news\/#organization\",\"name\":\"APIE PROJECT\",\"url\":\"https:\/\/appsaf.apieproject.com\/news\/\",\"logo\":{\"@type\":\"ImageObject\",\"inLanguage\":\"fr-FR\",\"@id\":\"https:\/\/appsaf.apieproject.com\/news\/#\/schema\/logo\/image\/\",\"url\":\"https:\/\/appsaf.apieproject.com\/news\/wp-content\/uploads\/sites\/29\/2022\/07\/logo-R-TransparentBackground.png\",\"contentUrl\":\"https:\/\/appsaf.apieproject.com\/news\/wp-content\/uploads\/sites\/29\/2022\/07\/logo-R-TransparentBackground.png\",\"width\":512,\"height\":512,\"caption\":\"APIE PROJECT\"},\"image\":{\"@id\":\"https:\/\/appsaf.apieproject.com\/news\/#\/schema\/logo\/image\/\"},\"sameAs\":[\"https:\/\/facebook.com\/apieproject\",\"https:\/\/x.com\/apieproject\"]},{\"@type\":\"Person\",\"@id\":\"https:\/\/appsaf.apieproject.com\/news\/#\/schema\/person\/94d8f4e561b283d434da551498c8cb39\",\"name\":\"guyetom\",\"image\":{\"@type\":\"ImageObject\",\"inLanguage\":\"fr-FR\",\"@id\":\"https:\/\/appsaf.apieproject.com\/news\/#\/schema\/person\/image\/\",\"url\":\"https:\/\/secure.gravatar.com\/avatar\/f36d884530ee45302c1f7eadb3f86562?s=96&d=mm&r=g\",\"contentUrl\":\"https:\/\/secure.gravatar.com\/avatar\/f36d884530ee45302c1f7eadb3f86562?s=96&d=mm&r=g\",\"caption\":\"guyetom\"},\"url\":\"https:\/\/appsaf.apieproject.com\/news\/fr\/author\/guyetom\/\"}]}<\/script>\n<!-- \/ Yoast SEO plugin. -->","yoast_head_json":{"title":"Journ\u00e9e de l'Afrique : avec une \u00e9conomie prometteuse l'Afrique a son destin en main - APIE NEWS","robots":{"index":"index","follow":"follow","max-snippet":"max-snippet:-1","max-image-preview":"max-image-preview:large","max-video-preview":"max-video-preview:-1"},"canonical":"https:\/\/appsaf.apieproject.com\/news\/fr\/2023\/05\/30\/journee-de-lafrique-avec-une-economie-prometteuse-lafrique-a-son-destin-en-main\/","og_locale":"fr_FR","og_type":"article","og_title":"Journ\u00e9e de l'Afrique : avec une \u00e9conomie prometteuse l'Afrique a son destin en main - APIE NEWS","og_description":"Tous les 25 mai, est c\u00e9l\u00e9br\u00e9e la Journ\u00e9e de l&rsquo;Afrique. Ceci en comm\u00e9moration de la cr\u00e9ation de l&rsquo;Organisation de l&rsquo;Unit\u00e9 Africaine (OUA) qui deviendra plus tard l&rsquo;Union Africaine (UA). Le 25 mai 2023 marque le 60e anniversaire de cette organisation. Pour l&rsquo;occasion, votre journal retrace le parcours, et pr\u00e9sente les opportunit\u00e9s futures qui s&rsquo;offrent \u00e0 [&hellip;]","og_url":"https:\/\/appsaf.apieproject.com\/news\/fr\/2023\/05\/30\/journee-de-lafrique-avec-une-economie-prometteuse-lafrique-a-son-destin-en-main\/","og_site_name":"APIE NEWS","article_publisher":"https:\/\/facebook.com\/apieproject","article_published_time":"2023-05-30T04:18:59+00:00","article_modified_time":"2023-05-30T04:19:01+00:00","og_image":[{"width":1151,"height":620,"url":"https:\/\/appsaf.apieproject.com\/news\/wp-content\/uploads\/sites\/29\/2023\/05\/Journee-de-l-Afrique_edit_312370587617437-2823b913cb0e2bc943f2258819619446.jpg","type":"image\/jpeg"}],"author":"guyetom","twitter_card":"summary_large_image","twitter_creator":"@apieproject","twitter_site":"@apieproject","twitter_misc":{"\u00c9crit par":"guyetom","Dur\u00e9e de lecture estim\u00e9e":"3 minutes"},"schema":{"@context":"https:\/\/schema.org","@graph":[{"@type":"Article","@id":"https:\/\/appsaf.apieproject.com\/news\/fr\/2023\/05\/30\/journee-de-lafrique-avec-une-economie-prometteuse-lafrique-a-son-destin-en-main\/#article","isPartOf":{"@id":"https:\/\/appsaf.apieproject.com\/news\/fr\/2023\/05\/30\/journee-de-lafrique-avec-une-economie-prometteuse-lafrique-a-son-destin-en-main\/"},"author":{"name":"guyetom","@id":"https:\/\/appsaf.apieproject.com\/news\/#\/schema\/person\/94d8f4e561b283d434da551498c8cb39"},"headline":"Journ\u00e9e de l&rsquo;Afrique : avec une \u00e9conomie prometteuse l&rsquo;Afrique a son destin en main","datePublished":"2023-05-30T04:18:59+00:00","dateModified":"2023-05-30T04:19:01+00:00","mainEntityOfPage":{"@id":"https:\/\/appsaf.apieproject.com\/news\/fr\/2023\/05\/30\/journee-de-lafrique-avec-une-economie-prometteuse-lafrique-a-son-destin-en-main\/"},"wordCount":636,"commentCount":0,"publisher":{"@id":"https:\/\/appsaf.apieproject.com\/news\/#organization"},"image":{"@id":"https:\/\/appsaf.apieproject.com\/news\/fr\/2023\/05\/30\/journee-de-lafrique-avec-une-economie-prometteuse-lafrique-a-son-destin-en-main\/#primaryimage"},"thumbnailUrl":"https:\/\/appsaf.apieproject.com\/news\/wp-content\/uploads\/sites\/29\/2023\/05\/Journee-de-l-Afrique_edit_312370587617437-2823b913cb0e2bc943f2258819619446.jpg","keywords":["actualites","apie project","politique"],"articleSection":["Actualit\u00e9s","Politique","Sp\u00e9ciaux"],"inLanguage":"fr-FR","potentialAction":[{"@type":"CommentAction","name":"Comment","target":["https:\/\/appsaf.apieproject.com\/news\/fr\/2023\/05\/30\/journee-de-lafrique-avec-une-economie-prometteuse-lafrique-a-son-destin-en-main\/#respond"]}]},{"@type":"WebPage","@id":"https:\/\/appsaf.apieproject.com\/news\/fr\/2023\/05\/30\/journee-de-lafrique-avec-une-economie-prometteuse-lafrique-a-son-destin-en-main\/","url":"https:\/\/appsaf.apieproject.com\/news\/fr\/2023\/05\/30\/journee-de-lafrique-avec-une-economie-prometteuse-lafrique-a-son-destin-en-main\/","name":"Journ\u00e9e de l'Afrique : avec une \u00e9conomie prometteuse l'Afrique a son destin en main - APIE NEWS","isPartOf":{"@id":"https:\/\/appsaf.apieproject.com\/news\/#website"},"primaryImageOfPage":{"@id":"https:\/\/appsaf.apieproject.com\/news\/fr\/2023\/05\/30\/journee-de-lafrique-avec-une-economie-prometteuse-lafrique-a-son-destin-en-main\/#primaryimage"},"image":{"@id":"https:\/\/appsaf.apieproject.com\/news\/fr\/2023\/05\/30\/journee-de-lafrique-avec-une-economie-prometteuse-lafrique-a-son-destin-en-main\/#primaryimage"},"thumbnailUrl":"https:\/\/appsaf.apieproject.com\/news\/wp-content\/uploads\/sites\/29\/2023\/05\/Journee-de-l-Afrique_edit_312370587617437-2823b913cb0e2bc943f2258819619446.jpg","datePublished":"2023-05-30T04:18:59+00:00","dateModified":"2023-05-30T04:19:01+00:00","breadcrumb":{"@id":"https:\/\/appsaf.apieproject.com\/news\/fr\/2023\/05\/30\/journee-de-lafrique-avec-une-economie-prometteuse-lafrique-a-son-destin-en-main\/#breadcrumb"},"inLanguage":"fr-FR","potentialAction":[{"@type":"ReadAction","target":["https:\/\/appsaf.apieproject.com\/news\/fr\/2023\/05\/30\/journee-de-lafrique-avec-une-economie-prometteuse-lafrique-a-son-destin-en-main\/"]}]},{"@type":"ImageObject","inLanguage":"fr-FR","@id":"https:\/\/appsaf.apieproject.com\/news\/fr\/2023\/05\/30\/journee-de-lafrique-avec-une-economie-prometteuse-lafrique-a-son-destin-en-main\/#primaryimage","url":"https:\/\/appsaf.apieproject.com\/news\/wp-content\/uploads\/sites\/29\/2023\/05\/Journee-de-l-Afrique_edit_312370587617437-2823b913cb0e2bc943f2258819619446.jpg","contentUrl":"https:\/\/appsaf.apieproject.com\/news\/wp-content\/uploads\/sites\/29\/2023\/05\/Journee-de-l-Afrique_edit_312370587617437-2823b913cb0e2bc943f2258819619446.jpg","width":1151,"height":620},{"@type":"BreadcrumbList","@id":"https:\/\/appsaf.apieproject.com\/news\/fr\/2023\/05\/30\/journee-de-lafrique-avec-une-economie-prometteuse-lafrique-a-son-destin-en-main\/#breadcrumb","itemListElement":[{"@type":"ListItem","position":1,"name":"Home","item":"https:\/\/appsaf.apieproject.com\/news\/fr\/home\/"},{"@type":"ListItem","position":2,"name":"Journ\u00e9e de l&#8217;Afrique : avec une \u00e9conomie prometteuse l&#8217;Afrique a son destin en main"}]},{"@type":"WebSite","@id":"https:\/\/appsaf.apieproject.com\/news\/#website","url":"https:\/\/appsaf.apieproject.com\/news\/","name":"APIE NEWS","description":"PANAFRICANISM NEWS PORTAL","publisher":{"@id":"https:\/\/appsaf.apieproject.com\/news\/#organization"},"potentialAction":[{"@type":"SearchAction","target":{"@type":"EntryPoint","urlTemplate":"https:\/\/appsaf.apieproject.com\/news\/?s={search_term_string}"},"query-input":{"@type":"PropertyValueSpecification","valueRequired":true,"valueName":"search_term_string"}}],"inLanguage":"fr-FR"},{"@type":"Organization","@id":"https:\/\/appsaf.apieproject.com\/news\/#organization","name":"APIE PROJECT","url":"https:\/\/appsaf.apieproject.com\/news\/","logo":{"@type":"ImageObject","inLanguage":"fr-FR","@id":"https:\/\/appsaf.apieproject.com\/news\/#\/schema\/logo\/image\/","url":"https:\/\/appsaf.apieproject.com\/news\/wp-content\/uploads\/sites\/29\/2022\/07\/logo-R-TransparentBackground.png","contentUrl":"https:\/\/appsaf.apieproject.com\/news\/wp-content\/uploads\/sites\/29\/2022\/07\/logo-R-TransparentBackground.png","width":512,"height":512,"caption":"APIE PROJECT"},"image":{"@id":"https:\/\/appsaf.apieproject.com\/news\/#\/schema\/logo\/image\/"},"sameAs":["https:\/\/facebook.com\/apieproject","https:\/\/x.com\/apieproject"]},{"@type":"Person","@id":"https:\/\/appsaf.apieproject.com\/news\/#\/schema\/person\/94d8f4e561b283d434da551498c8cb39","name":"guyetom","image":{"@type":"ImageObject","inLanguage":"fr-FR","@id":"https:\/\/appsaf.apieproject.com\/news\/#\/schema\/person\/image\/","url":"https:\/\/secure.gravatar.com\/avatar\/f36d884530ee45302c1f7eadb3f86562?s=96&d=mm&r=g","contentUrl":"https:\/\/secure.gravatar.com\/avatar\/f36d884530ee45302c1f7eadb3f86562?s=96&d=mm&r=g","caption":"guyetom"},"url":"https:\/\/appsaf.apieproject.com\/news\/fr\/author\/guyetom\/"}]}},"_links":{"self":[{"href":"https:\/\/appsaf.apieproject.com\/news\/fr\/wp-json\/wp\/v2\/posts\/29270","targetHints":{"allow":["GET"]}}],"collection":[{"href":"https:\/\/appsaf.apieproject.com\/news\/fr\/wp-json\/wp\/v2\/posts"}],"about":[{"href":"https:\/\/appsaf.apieproject.com\/news\/fr\/wp-json\/wp\/v2\/types\/post"}],"author":[{"embeddable":true,"href":"https:\/\/appsaf.apieproject.com\/news\/fr\/wp-json\/wp\/v2\/users\/13112"}],"replies":[{"embeddable":true,"href":"https:\/\/appsaf.apieproject.com\/news\/fr\/wp-json\/wp\/v2\/comments?post=29270"}],"version-history":[{"count":1,"href":"https:\/\/appsaf.apieproject.com\/news\/fr\/wp-json\/wp\/v2\/posts\/29270\/revisions"}],"predecessor-version":[{"id":29649,"href":"https:\/\/appsaf.apieproject.com\/news\/fr\/wp-json\/wp\/v2\/posts\/29270\/revisions\/29649"}],"wp:featuredmedia":[{"embeddable":true,"href":"https:\/\/appsaf.apieproject.com\/news\/fr\/wp-json\/wp\/v2\/media\/29267"}],"wp:attachment":[{"href":"https:\/\/appsaf.apieproject.com\/news\/fr\/wp-json\/wp\/v2\/media?parent=29270"}],"wp:term":[{"taxonomy":"category","embeddable":true,"href":"https:\/\/appsaf.apieproject.com\/news\/fr\/wp-json\/wp\/v2\/categories?post=29270"},{"taxonomy":"post_tag","embeddable":true,"href":"https:\/\/appsaf.apieproject.com\/news\/fr\/wp-json\/wp\/v2\/tags?post=29270"}],"curies":[{"name":"wp","href":"https:\/\/api.w.org\/{rel}","templated":true}]}}