{"id":29740,"date":"2023-07-14T15:05:36","date_gmt":"2023-07-14T15:05:36","guid":{"rendered":"https:\/\/appsaf.apieproject.com\/news\/?p=29740"},"modified":"2023-07-14T15:18:11","modified_gmt":"2023-07-14T15:18:11","slug":"la-zlecaf-une-aubaine-pour-la-croissance-economique-en-afrique","status":"publish","type":"post","link":"https:\/\/appsaf.apieproject.com\/news\/fr\/2023\/07\/14\/la-zlecaf-une-aubaine-pour-la-croissance-economique-en-afrique\/","title":{"rendered":"La Zlecaf, une aubaine pour la croissance \u00e9conomique en Afrique"},"content":{"rendered":"<p>La r\u00e9cente mise en place de la Zone de libre \u00e9change continentale africaine (Zlecaf) est, \u00e0 en croire les experts de l&rsquo;\u00e9conomie mondiale, une porte royale vers le d\u00e9veloppement exponentiel \u00e9conomique de l&rsquo;Afrique. En outre, elle pourra consolider les relations entre les nations africaines. Ce qui permettra \u00e0 celles-ci de mieux faire front face aux puissances occidentales. Pour faire simple, la Zlecaf stipule que les \u00e9changes commerciaux entre \u00c9tats africains ne soient plus soumis aux contraintes douani\u00e8res.<\/p>\n<p><strong>Une hausse de 50% sur les \u00e9changes commerciaux annonc\u00e9e<\/strong><\/p>\n<p>Dans un rapport publi\u00e9 il y a quelques temps, le Fonds Mon\u00e9taire International (FMI) annon\u00e7ait que la mise en place effective de la Zlecaf aura des r\u00e9percussions \u00e9conomiques tr\u00e8s positives sur le continent. Notamment une augmentation de 50% sur les \u00e9changes commerciaux dans l&rsquo;Afrique.<\/p>\n<p>Au rang des avanc\u00e9es que pourrait avoir cette initiative, il y a l&rsquo;impact sur les \u00e9changes commerciaux entre les pays d&rsquo;Afrique et le reste du monde. Avec une baisse drastique des importations \u00e0 hauteur de 7% et l&rsquo;augmentation des exportations de 29%. Avec une implication directe sur le PIB m\u00e9dian par habitant. Ce PIB devrait passer \u00e0 10%.<\/p>\n<p>La mise en \u0153uvre de cette zone de libre-\u00e9change pr\u00e9voit la suppression totale des droits de douanes sur 5 ans des pays les plus d\u00e9velopp\u00e9s du continent, et sur 10 ans des autres pays. 53 des 54 pays du continent ont sign\u00e9 cet accord. \u00c0 l&rsquo;exception de l&rsquo;Erythr\u00e9e. La Zlecaf est entr\u00e9e en vigueur sur le continent en janvier 2021 au lieu de juillet 2020 comme initialement pr\u00e9vue, \u00e0 cause de la Covid 19.<\/p>\n<p><strong>Les craintes du FMI<\/strong><\/p>\n<p>Cependant, le FMI \u00e9met des r\u00e9serves quant aux r\u00e9sultats escompt\u00e9s de ce processus. Pour l&rsquo;institution de Breton Wood, la Zlecaf n&rsquo;aura un impact significatif que si les mesures d\u00e9j\u00e0 prises s&rsquo;accompagnent de l&rsquo;assainissement du climat des affaires \u00e0 travers le continent. Le FMI conseille \u00e9galement aux Pays africains de moderniser le dispositif de protection sociale afin de soutenir les plus vuln\u00e9rables pendant la phase de transition.<\/p>\n","protected":false},"excerpt":{"rendered":"<p>La r\u00e9cente mise en place de la Zone de libre \u00e9change continentale africaine (Zlecaf) est, \u00e0 en croire les experts de l&rsquo;\u00e9conomie mondiale, une porte royale vers le d\u00e9veloppement exponentiel \u00e9conomique de l&rsquo;Afrique. En outre, elle pourra consolider les relations entre les nations africaines. Ce qui permettra \u00e0 celles-ci de mieux faire front face aux [&hellip;]<\/p>\n","protected":false},"author":13112,"featured_media":30873,"comment_status":"open","ping_status":"open","sticky":false,"template":"","format":"standard","meta":{"footnotes":""},"categories":[67,69,59],"tags":[81,78,82],"class_list":{"0":"post-29740","1":"post","2":"type-post","3":"status-publish","4":"format-standard","5":"has-post-thumbnail","7":"category-actualites","8":"category-politique","9":"category-speciaux","10":"tag-actualites","11":"tag-apie-project-2","12":"tag-politique"},"yoast_head":"<!-- This site is optimized with the Yoast SEO plugin v24.4 - https:\/\/yoast.com\/wordpress\/plugins\/seo\/ -->\n<title>La Zlecaf, une aubaine pour la croissance \u00e9conomique en Afrique - APIE NEWS<\/title>\n<meta name=\"robots\" content=\"index, follow, max-snippet:-1, max-image-preview:large, max-video-preview:-1\" \/>\n<link rel=\"canonical\" href=\"https:\/\/appsaf.apieproject.com\/news\/fr\/2023\/07\/14\/la-zlecaf-une-aubaine-pour-la-croissance-economique-en-afrique\/\" \/>\n<meta property=\"og:locale\" content=\"fr_FR\" \/>\n<meta property=\"og:type\" content=\"article\" \/>\n<meta property=\"og:title\" content=\"La Zlecaf, une aubaine pour la croissance \u00e9conomique en Afrique - APIE NEWS\" \/>\n<meta property=\"og:description\" content=\"La r\u00e9cente mise en place de la Zone de libre \u00e9change continentale africaine (Zlecaf) est, \u00e0 en croire les experts de l&rsquo;\u00e9conomie mondiale, une porte royale vers le d\u00e9veloppement exponentiel \u00e9conomique de l&rsquo;Afrique. En outre, elle pourra consolider les relations entre les nations africaines. Ce qui permettra \u00e0 celles-ci de mieux faire front face aux [&hellip;]\" \/>\n<meta property=\"og:url\" content=\"https:\/\/appsaf.apieproject.com\/news\/fr\/2023\/07\/14\/la-zlecaf-une-aubaine-pour-la-croissance-economique-en-afrique\/\" \/>\n<meta property=\"og:site_name\" content=\"APIE NEWS\" \/>\n<meta property=\"article:publisher\" content=\"https:\/\/facebook.com\/apieproject\" \/>\n<meta property=\"article:published_time\" content=\"2023-07-14T15:05:36+00:00\" \/>\n<meta property=\"article:modified_time\" content=\"2023-07-14T15:18:11+00:00\" \/>\n<meta property=\"og:image\" content=\"https:\/\/appsaf.apieproject.com\/news\/wp-content\/uploads\/sites\/29\/2023\/07\/zlecaf.jpg\" \/>\n\t<meta property=\"og:image:width\" content=\"863\" \/>\n\t<meta property=\"og:image:height\" content=\"485\" \/>\n\t<meta property=\"og:image:type\" content=\"image\/jpeg\" \/>\n<meta name=\"author\" content=\"guyetom\" \/>\n<meta name=\"twitter:card\" content=\"summary_large_image\" \/>\n<meta name=\"twitter:creator\" content=\"@apieproject\" \/>\n<meta name=\"twitter:site\" content=\"@apieproject\" \/>\n<meta name=\"twitter:label1\" content=\"\u00c9crit par\" \/>\n\t<meta name=\"twitter:data1\" content=\"guyetom\" \/>\n\t<meta name=\"twitter:label2\" content=\"Dur\u00e9e de lecture estim\u00e9e\" \/>\n\t<meta name=\"twitter:data2\" content=\"2 minutes\" \/>\n<script type=\"application\/ld+json\" class=\"yoast-schema-graph\">{\"@context\":\"https:\/\/schema.org\",\"@graph\":[{\"@type\":\"Article\",\"@id\":\"https:\/\/appsaf.apieproject.com\/news\/fr\/2023\/07\/14\/la-zlecaf-une-aubaine-pour-la-croissance-economique-en-afrique\/#article\",\"isPartOf\":{\"@id\":\"https:\/\/appsaf.apieproject.com\/news\/fr\/2023\/07\/14\/la-zlecaf-une-aubaine-pour-la-croissance-economique-en-afrique\/\"},\"author\":{\"name\":\"guyetom\",\"@id\":\"https:\/\/appsaf.apieproject.com\/news\/#\/schema\/person\/94d8f4e561b283d434da551498c8cb39\"},\"headline\":\"La Zlecaf, une aubaine pour la croissance \u00e9conomique en Afrique\",\"datePublished\":\"2023-07-14T15:05:36+00:00\",\"dateModified\":\"2023-07-14T15:18:11+00:00\",\"mainEntityOfPage\":{\"@id\":\"https:\/\/appsaf.apieproject.com\/news\/fr\/2023\/07\/14\/la-zlecaf-une-aubaine-pour-la-croissance-economique-en-afrique\/\"},\"wordCount\":357,\"commentCount\":0,\"publisher\":{\"@id\":\"https:\/\/appsaf.apieproject.com\/news\/#organization\"},\"image\":{\"@id\":\"https:\/\/appsaf.apieproject.com\/news\/fr\/2023\/07\/14\/la-zlecaf-une-aubaine-pour-la-croissance-economique-en-afrique\/#primaryimage\"},\"thumbnailUrl\":\"https:\/\/appsaf.apieproject.com\/news\/wp-content\/uploads\/sites\/29\/2023\/07\/zlecaf.jpg\",\"keywords\":[\"actualites\",\"apie project\",\"politique\"],\"articleSection\":[\"Actualit\u00e9s\",\"Politique\",\"Sp\u00e9ciaux\"],\"inLanguage\":\"fr-FR\",\"potentialAction\":[{\"@type\":\"CommentAction\",\"name\":\"Comment\",\"target\":[\"https:\/\/appsaf.apieproject.com\/news\/fr\/2023\/07\/14\/la-zlecaf-une-aubaine-pour-la-croissance-economique-en-afrique\/#respond\"]}]},{\"@type\":\"WebPage\",\"@id\":\"https:\/\/appsaf.apieproject.com\/news\/fr\/2023\/07\/14\/la-zlecaf-une-aubaine-pour-la-croissance-economique-en-afrique\/\",\"url\":\"https:\/\/appsaf.apieproject.com\/news\/fr\/2023\/07\/14\/la-zlecaf-une-aubaine-pour-la-croissance-economique-en-afrique\/\",\"name\":\"La Zlecaf, une aubaine pour la croissance \u00e9conomique en Afrique - APIE NEWS\",\"isPartOf\":{\"@id\":\"https:\/\/appsaf.apieproject.com\/news\/#website\"},\"primaryImageOfPage\":{\"@id\":\"https:\/\/appsaf.apieproject.com\/news\/fr\/2023\/07\/14\/la-zlecaf-une-aubaine-pour-la-croissance-economique-en-afrique\/#primaryimage\"},\"image\":{\"@id\":\"https:\/\/appsaf.apieproject.com\/news\/fr\/2023\/07\/14\/la-zlecaf-une-aubaine-pour-la-croissance-economique-en-afrique\/#primaryimage\"},\"thumbnailUrl\":\"https:\/\/appsaf.apieproject.com\/news\/wp-content\/uploads\/sites\/29\/2023\/07\/zlecaf.jpg\",\"datePublished\":\"2023-07-14T15:05:36+00:00\",\"dateModified\":\"2023-07-14T15:18:11+00:00\",\"breadcrumb\":{\"@id\":\"https:\/\/appsaf.apieproject.com\/news\/fr\/2023\/07\/14\/la-zlecaf-une-aubaine-pour-la-croissance-economique-en-afrique\/#breadcrumb\"},\"inLanguage\":\"fr-FR\",\"potentialAction\":[{\"@type\":\"ReadAction\",\"target\":[\"https:\/\/appsaf.apieproject.com\/news\/fr\/2023\/07\/14\/la-zlecaf-une-aubaine-pour-la-croissance-economique-en-afrique\/\"]}]},{\"@type\":\"ImageObject\",\"inLanguage\":\"fr-FR\",\"@id\":\"https:\/\/appsaf.apieproject.com\/news\/fr\/2023\/07\/14\/la-zlecaf-une-aubaine-pour-la-croissance-economique-en-afrique\/#primaryimage\",\"url\":\"https:\/\/appsaf.apieproject.com\/news\/wp-content\/uploads\/sites\/29\/2023\/07\/zlecaf.jpg\",\"contentUrl\":\"https:\/\/appsaf.apieproject.com\/news\/wp-content\/uploads\/sites\/29\/2023\/07\/zlecaf.jpg\",\"width\":863,\"height\":485},{\"@type\":\"BreadcrumbList\",\"@id\":\"https:\/\/appsaf.apieproject.com\/news\/fr\/2023\/07\/14\/la-zlecaf-une-aubaine-pour-la-croissance-economique-en-afrique\/#breadcrumb\",\"itemListElement\":[{\"@type\":\"ListItem\",\"position\":1,\"name\":\"Home\",\"item\":\"https:\/\/appsaf.apieproject.com\/news\/fr\/home\/\"},{\"@type\":\"ListItem\",\"position\":2,\"name\":\"La Zlecaf, une aubaine pour la croissance \u00e9conomique en Afrique\"}]},{\"@type\":\"WebSite\",\"@id\":\"https:\/\/appsaf.apieproject.com\/news\/#website\",\"url\":\"https:\/\/appsaf.apieproject.com\/news\/\",\"name\":\"APIE NEWS\",\"description\":\"PANAFRICANISM NEWS PORTAL\",\"publisher\":{\"@id\":\"https:\/\/appsaf.apieproject.com\/news\/#organization\"},\"potentialAction\":[{\"@type\":\"SearchAction\",\"target\":{\"@type\":\"EntryPoint\",\"urlTemplate\":\"https:\/\/appsaf.apieproject.com\/news\/?s={search_term_string}\"},\"query-input\":{\"@type\":\"PropertyValueSpecification\",\"valueRequired\":true,\"valueName\":\"search_term_string\"}}],\"inLanguage\":\"fr-FR\"},{\"@type\":\"Organization\",\"@id\":\"https:\/\/appsaf.apieproject.com\/news\/#organization\",\"name\":\"APIE PROJECT\",\"url\":\"https:\/\/appsaf.apieproject.com\/news\/\",\"logo\":{\"@type\":\"ImageObject\",\"inLanguage\":\"fr-FR\",\"@id\":\"https:\/\/appsaf.apieproject.com\/news\/#\/schema\/logo\/image\/\",\"url\":\"https:\/\/appsaf.apieproject.com\/news\/wp-content\/uploads\/sites\/29\/2022\/07\/logo-R-TransparentBackground.png\",\"contentUrl\":\"https:\/\/appsaf.apieproject.com\/news\/wp-content\/uploads\/sites\/29\/2022\/07\/logo-R-TransparentBackground.png\",\"width\":512,\"height\":512,\"caption\":\"APIE PROJECT\"},\"image\":{\"@id\":\"https:\/\/appsaf.apieproject.com\/news\/#\/schema\/logo\/image\/\"},\"sameAs\":[\"https:\/\/facebook.com\/apieproject\",\"https:\/\/x.com\/apieproject\"]},{\"@type\":\"Person\",\"@id\":\"https:\/\/appsaf.apieproject.com\/news\/#\/schema\/person\/94d8f4e561b283d434da551498c8cb39\",\"name\":\"guyetom\",\"image\":{\"@type\":\"ImageObject\",\"inLanguage\":\"fr-FR\",\"@id\":\"https:\/\/appsaf.apieproject.com\/news\/#\/schema\/person\/image\/\",\"url\":\"https:\/\/secure.gravatar.com\/avatar\/f36d884530ee45302c1f7eadb3f86562?s=96&d=mm&r=g\",\"contentUrl\":\"https:\/\/secure.gravatar.com\/avatar\/f36d884530ee45302c1f7eadb3f86562?s=96&d=mm&r=g\",\"caption\":\"guyetom\"},\"url\":\"https:\/\/appsaf.apieproject.com\/news\/fr\/author\/guyetom\/\"}]}<\/script>\n<!-- \/ Yoast SEO plugin. -->","yoast_head_json":{"title":"La Zlecaf, une aubaine pour la croissance \u00e9conomique en Afrique - APIE NEWS","robots":{"index":"index","follow":"follow","max-snippet":"max-snippet:-1","max-image-preview":"max-image-preview:large","max-video-preview":"max-video-preview:-1"},"canonical":"https:\/\/appsaf.apieproject.com\/news\/fr\/2023\/07\/14\/la-zlecaf-une-aubaine-pour-la-croissance-economique-en-afrique\/","og_locale":"fr_FR","og_type":"article","og_title":"La Zlecaf, une aubaine pour la croissance \u00e9conomique en Afrique - APIE NEWS","og_description":"La r\u00e9cente mise en place de la Zone de libre \u00e9change continentale africaine (Zlecaf) est, \u00e0 en croire les experts de l&rsquo;\u00e9conomie mondiale, une porte royale vers le d\u00e9veloppement exponentiel \u00e9conomique de l&rsquo;Afrique. En outre, elle pourra consolider les relations entre les nations africaines. Ce qui permettra \u00e0 celles-ci de mieux faire front face aux [&hellip;]","og_url":"https:\/\/appsaf.apieproject.com\/news\/fr\/2023\/07\/14\/la-zlecaf-une-aubaine-pour-la-croissance-economique-en-afrique\/","og_site_name":"APIE NEWS","article_publisher":"https:\/\/facebook.com\/apieproject","article_published_time":"2023-07-14T15:05:36+00:00","article_modified_time":"2023-07-14T15:18:11+00:00","og_image":[{"width":863,"height":485,"url":"https:\/\/appsaf.apieproject.com\/news\/wp-content\/uploads\/sites\/29\/2023\/07\/zlecaf.jpg","type":"image\/jpeg"}],"author":"guyetom","twitter_card":"summary_large_image","twitter_creator":"@apieproject","twitter_site":"@apieproject","twitter_misc":{"\u00c9crit par":"guyetom","Dur\u00e9e de lecture estim\u00e9e":"2 minutes"},"schema":{"@context":"https:\/\/schema.org","@graph":[{"@type":"Article","@id":"https:\/\/appsaf.apieproject.com\/news\/fr\/2023\/07\/14\/la-zlecaf-une-aubaine-pour-la-croissance-economique-en-afrique\/#article","isPartOf":{"@id":"https:\/\/appsaf.apieproject.com\/news\/fr\/2023\/07\/14\/la-zlecaf-une-aubaine-pour-la-croissance-economique-en-afrique\/"},"author":{"name":"guyetom","@id":"https:\/\/appsaf.apieproject.com\/news\/#\/schema\/person\/94d8f4e561b283d434da551498c8cb39"},"headline":"La Zlecaf, une aubaine pour la croissance \u00e9conomique en Afrique","datePublished":"2023-07-14T15:05:36+00:00","dateModified":"2023-07-14T15:18:11+00:00","mainEntityOfPage":{"@id":"https:\/\/appsaf.apieproject.com\/news\/fr\/2023\/07\/14\/la-zlecaf-une-aubaine-pour-la-croissance-economique-en-afrique\/"},"wordCount":357,"commentCount":0,"publisher":{"@id":"https:\/\/appsaf.apieproject.com\/news\/#organization"},"image":{"@id":"https:\/\/appsaf.apieproject.com\/news\/fr\/2023\/07\/14\/la-zlecaf-une-aubaine-pour-la-croissance-economique-en-afrique\/#primaryimage"},"thumbnailUrl":"https:\/\/appsaf.apieproject.com\/news\/wp-content\/uploads\/sites\/29\/2023\/07\/zlecaf.jpg","keywords":["actualites","apie project","politique"],"articleSection":["Actualit\u00e9s","Politique","Sp\u00e9ciaux"],"inLanguage":"fr-FR","potentialAction":[{"@type":"CommentAction","name":"Comment","target":["https:\/\/appsaf.apieproject.com\/news\/fr\/2023\/07\/14\/la-zlecaf-une-aubaine-pour-la-croissance-economique-en-afrique\/#respond"]}]},{"@type":"WebPage","@id":"https:\/\/appsaf.apieproject.com\/news\/fr\/2023\/07\/14\/la-zlecaf-une-aubaine-pour-la-croissance-economique-en-afrique\/","url":"https:\/\/appsaf.apieproject.com\/news\/fr\/2023\/07\/14\/la-zlecaf-une-aubaine-pour-la-croissance-economique-en-afrique\/","name":"La Zlecaf, une aubaine pour la croissance \u00e9conomique en Afrique - APIE NEWS","isPartOf":{"@id":"https:\/\/appsaf.apieproject.com\/news\/#website"},"primaryImageOfPage":{"@id":"https:\/\/appsaf.apieproject.com\/news\/fr\/2023\/07\/14\/la-zlecaf-une-aubaine-pour-la-croissance-economique-en-afrique\/#primaryimage"},"image":{"@id":"https:\/\/appsaf.apieproject.com\/news\/fr\/2023\/07\/14\/la-zlecaf-une-aubaine-pour-la-croissance-economique-en-afrique\/#primaryimage"},"thumbnailUrl":"https:\/\/appsaf.apieproject.com\/news\/wp-content\/uploads\/sites\/29\/2023\/07\/zlecaf.jpg","datePublished":"2023-07-14T15:05:36+00:00","dateModified":"2023-07-14T15:18:11+00:00","breadcrumb":{"@id":"https:\/\/appsaf.apieproject.com\/news\/fr\/2023\/07\/14\/la-zlecaf-une-aubaine-pour-la-croissance-economique-en-afrique\/#breadcrumb"},"inLanguage":"fr-FR","potentialAction":[{"@type":"ReadAction","target":["https:\/\/appsaf.apieproject.com\/news\/fr\/2023\/07\/14\/la-zlecaf-une-aubaine-pour-la-croissance-economique-en-afrique\/"]}]},{"@type":"ImageObject","inLanguage":"fr-FR","@id":"https:\/\/appsaf.apieproject.com\/news\/fr\/2023\/07\/14\/la-zlecaf-une-aubaine-pour-la-croissance-economique-en-afrique\/#primaryimage","url":"https:\/\/appsaf.apieproject.com\/news\/wp-content\/uploads\/sites\/29\/2023\/07\/zlecaf.jpg","contentUrl":"https:\/\/appsaf.apieproject.com\/news\/wp-content\/uploads\/sites\/29\/2023\/07\/zlecaf.jpg","width":863,"height":485},{"@type":"BreadcrumbList","@id":"https:\/\/appsaf.apieproject.com\/news\/fr\/2023\/07\/14\/la-zlecaf-une-aubaine-pour-la-croissance-economique-en-afrique\/#breadcrumb","itemListElement":[{"@type":"ListItem","position":1,"name":"Home","item":"https:\/\/appsaf.apieproject.com\/news\/fr\/home\/"},{"@type":"ListItem","position":2,"name":"La Zlecaf, une aubaine pour la croissance \u00e9conomique en Afrique"}]},{"@type":"WebSite","@id":"https:\/\/appsaf.apieproject.com\/news\/#website","url":"https:\/\/appsaf.apieproject.com\/news\/","name":"APIE NEWS","description":"PANAFRICANISM NEWS PORTAL","publisher":{"@id":"https:\/\/appsaf.apieproject.com\/news\/#organization"},"potentialAction":[{"@type":"SearchAction","target":{"@type":"EntryPoint","urlTemplate":"https:\/\/appsaf.apieproject.com\/news\/?s={search_term_string}"},"query-input":{"@type":"PropertyValueSpecification","valueRequired":true,"valueName":"search_term_string"}}],"inLanguage":"fr-FR"},{"@type":"Organization","@id":"https:\/\/appsaf.apieproject.com\/news\/#organization","name":"APIE PROJECT","url":"https:\/\/appsaf.apieproject.com\/news\/","logo":{"@type":"ImageObject","inLanguage":"fr-FR","@id":"https:\/\/appsaf.apieproject.com\/news\/#\/schema\/logo\/image\/","url":"https:\/\/appsaf.apieproject.com\/news\/wp-content\/uploads\/sites\/29\/2022\/07\/logo-R-TransparentBackground.png","contentUrl":"https:\/\/appsaf.apieproject.com\/news\/wp-content\/uploads\/sites\/29\/2022\/07\/logo-R-TransparentBackground.png","width":512,"height":512,"caption":"APIE PROJECT"},"image":{"@id":"https:\/\/appsaf.apieproject.com\/news\/#\/schema\/logo\/image\/"},"sameAs":["https:\/\/facebook.com\/apieproject","https:\/\/x.com\/apieproject"]},{"@type":"Person","@id":"https:\/\/appsaf.apieproject.com\/news\/#\/schema\/person\/94d8f4e561b283d434da551498c8cb39","name":"guyetom","image":{"@type":"ImageObject","inLanguage":"fr-FR","@id":"https:\/\/appsaf.apieproject.com\/news\/#\/schema\/person\/image\/","url":"https:\/\/secure.gravatar.com\/avatar\/f36d884530ee45302c1f7eadb3f86562?s=96&d=mm&r=g","contentUrl":"https:\/\/secure.gravatar.com\/avatar\/f36d884530ee45302c1f7eadb3f86562?s=96&d=mm&r=g","caption":"guyetom"},"url":"https:\/\/appsaf.apieproject.com\/news\/fr\/author\/guyetom\/"}]}},"_links":{"self":[{"href":"https:\/\/appsaf.apieproject.com\/news\/fr\/wp-json\/wp\/v2\/posts\/29740","targetHints":{"allow":["GET"]}}],"collection":[{"href":"https:\/\/appsaf.apieproject.com\/news\/fr\/wp-json\/wp\/v2\/posts"}],"about":[{"href":"https:\/\/appsaf.apieproject.com\/news\/fr\/wp-json\/wp\/v2\/types\/post"}],"author":[{"embeddable":true,"href":"https:\/\/appsaf.apieproject.com\/news\/fr\/wp-json\/wp\/v2\/users\/13112"}],"replies":[{"embeddable":true,"href":"https:\/\/appsaf.apieproject.com\/news\/fr\/wp-json\/wp\/v2\/comments?post=29740"}],"version-history":[{"count":1,"href":"https:\/\/appsaf.apieproject.com\/news\/fr\/wp-json\/wp\/v2\/posts\/29740\/revisions"}],"predecessor-version":[{"id":30871,"href":"https:\/\/appsaf.apieproject.com\/news\/fr\/wp-json\/wp\/v2\/posts\/29740\/revisions\/30871"}],"wp:featuredmedia":[{"embeddable":true,"href":"https:\/\/appsaf.apieproject.com\/news\/fr\/wp-json\/wp\/v2\/media\/30873"}],"wp:attachment":[{"href":"https:\/\/appsaf.apieproject.com\/news\/fr\/wp-json\/wp\/v2\/media?parent=29740"}],"wp:term":[{"taxonomy":"category","embeddable":true,"href":"https:\/\/appsaf.apieproject.com\/news\/fr\/wp-json\/wp\/v2\/categories?post=29740"},{"taxonomy":"post_tag","embeddable":true,"href":"https:\/\/appsaf.apieproject.com\/news\/fr\/wp-json\/wp\/v2\/tags?post=29740"}],"curies":[{"name":"wp","href":"https:\/\/api.w.org\/{rel}","templated":true}]}}