{"id":30078,"date":"2023-07-14T14:58:46","date_gmt":"2023-07-14T14:58:46","guid":{"rendered":"https:\/\/appsaf.apieproject.com\/news\/?p=30078"},"modified":"2023-07-14T14:58:48","modified_gmt":"2023-07-14T14:58:48","slug":"tunisie-scenes-de-violence-entre-tunisiens-et-noirs-africains-a-sfax","status":"publish","type":"post","link":"https:\/\/appsaf.apieproject.com\/news\/fr\/2023\/07\/14\/tunisie-scenes-de-violence-entre-tunisiens-et-noirs-africains-a-sfax\/","title":{"rendered":"Tunisie : Sc\u00e8nes De Violence Entre Tunisiens Et Noirs Africains \u00c0 Sfax"},"content":{"rendered":"<p>Depuis quelques jours la deuxi\u00e8me plus grande ville de Tunisie derri\u00e8re la capitale Tunis, Sfax vit au rythme des heurts entre Tunisiens et ressortissants de l&rsquo;Afrique subsaharienne. Avec en cause, le meurtre d&rsquo;un jeune Tunisien, poignard\u00e9 semblerait-il par un ressortissant de l&rsquo;Afrique subsaharienne. Le plus curieux dans cette situation est le silence de l&rsquo;\u00e9tat Tunisien. Une certaine opinion pense que l&rsquo;Europe est tout aussi responsable de cette situation \u00e0 cause de sa politique migratoire catastrophique.<\/p>\n<p><strong>Sentiment de haine favoris\u00e9 par l&rsquo;\u00c9tat<\/strong><\/p>\n<p>Les migrants pr\u00e9sents par milliers \u00e0 Sfax sont de moins en moins en s\u00e9curit\u00e9. Et pour cause, la mort d&rsquo;un Tunisien. Poignard\u00e9 \u00e0 mort par un ressortissant subsaharien dans la nuit du 4 juillet \u00e0 Sakiet Eddayer, sur la route de Mahdia. Si cette mort est le pr\u00e9texte, la tension est vive dans toute la Tunisie, et \u00e0 Sfax pr\u00e9cis\u00e9ment, principal point de d\u00e9part des migrants, depuis les d\u00e9clarations faites par le pr\u00e9sident de la R\u00e9publique Ka\u00efs Sa\u00efed.<\/p>\n<p>En effet, en f\u00e9vrier dernier, celui-ci avait demand\u00e9 que la loi sur les conditions de s\u00e9jour en Tunisie soit strictement appliqu\u00e9e. Il estimait par ailleurs qu\u2019il y avait, \u00e0 travers le ph\u00e9nom\u00e8ne migratoire, une tentative de modifier la composition d\u00e9mographique du pays avec pour objectif \u00ab de consid\u00e9rer la Tunisie comme un \u00c9tat africain n\u2019ayant aucune appartenance arabe et islamique \u00bb. Des propos qui avaient choqu\u00e9 le monde entier. Plusieurs pays de l&rsquo;Afrique subsaharienne ont fait rapatrier leurs ressortissants. Mais le ph\u00e9nom\u00e8ne migratoire est r\u00e9el et plusieurs autres migrants continuent \u00e0 converger vers Sfax, avec l&rsquo;espoir de rejoindre l&rsquo;Europe.<\/p>\n<p>Pire encore, apr\u00e8s ces propos, les unit\u00e9s s\u00e9curitaires ont transport\u00e9 des migrants aux fronti\u00e8res libyennes, parmi lesquels des femmes enceintes, des mineurs et des personnes b\u00e9n\u00e9ficiant de protection internationale, au m\u00e9pris des conventions qu\u2019a sign\u00e9es l\u2019\u00c9tat tunisien. Depuis lors, la classe politique utilise les discours de haine pour se positionner politiquement.<\/p>\n<p><strong>Le jeu trouble de l&rsquo;Europe<\/strong><\/p>\n<p>Un accord entre la Tunisie et l&rsquo;Union europ\u00e9enne(UE) subsiste. Les pays europ\u00e9ens \u00e0 l&rsquo;instar de la Belgique veulent faire de la Tunisie un partenaire dans la politique de migration. Sauf que, l&rsquo;UE a fait des promesses d&rsquo;appuis budg\u00e9taires et de financements pour g\u00e9rer le flux migratoire. Des promesses rest\u00e9es vaines jusqu&rsquo;ici.<\/p>\n<p>Olivier V\u00e1rhelyi, Commissaire europ\u00e9en \u00e0 la Politique de Voisinage et \u00e0 l\u2019\u00c9largissement, \u00e9tait annonc\u00e9 du c\u00f4t\u00e9 de Tunis depuis le 12 juin. Mais par deux fois, il a ajourn\u00e9 son voyage. La pr\u00e9sidente de la Commission europ\u00e9enne, Ursula Von Der Leyen a elle aussi, annul\u00e9 son voyage en Tunisie pr\u00e9vu le 6 juillet dernier. Ceci, parce que l&rsquo;Europe rechigne \u00e0 d\u00e9dommager de mani\u00e8re cons\u00e9quente l&rsquo;Etat tunisien qui a accueilli des migrants renvoy\u00e9s sur son sol, alors qu&rsquo;ils \u00e9taient sens\u00e9s \u00eatre accueillis en Italie. Une situation qui expliquerait le laxisme tunisien, qui laisse prosp\u00e9rer la violence sur son sol.<\/p>\n","protected":false},"excerpt":{"rendered":"<p>Depuis quelques jours la deuxi\u00e8me plus grande ville de Tunisie derri\u00e8re la capitale Tunis, Sfax vit au rythme des heurts entre Tunisiens et ressortissants de l&rsquo;Afrique subsaharienne. Avec en cause, le meurtre d&rsquo;un jeune Tunisien, poignard\u00e9 semblerait-il par un ressortissant de l&rsquo;Afrique subsaharienne. Le plus curieux dans cette situation est le silence de l&rsquo;\u00e9tat Tunisien. [&hellip;]<\/p>\n","protected":false},"author":13112,"featured_media":30075,"comment_status":"open","ping_status":"open","sticky":false,"template":"","format":"standard","meta":{"footnotes":""},"categories":[67,69,59],"tags":[81,78,82],"class_list":{"0":"post-30078","1":"post","2":"type-post","3":"status-publish","4":"format-standard","5":"has-post-thumbnail","7":"category-actualites","8":"category-politique","9":"category-speciaux","10":"tag-actualites","11":"tag-apie-project-2","12":"tag-politique"},"yoast_head":"<!-- This site is optimized with the Yoast SEO plugin v24.4 - https:\/\/yoast.com\/wordpress\/plugins\/seo\/ -->\n<title>Tunisie : Sc\u00e8nes De Violence Entre Tunisiens Et Noirs Africains \u00c0 Sfax - APIE NEWS<\/title>\n<meta name=\"robots\" content=\"index, follow, max-snippet:-1, max-image-preview:large, max-video-preview:-1\" \/>\n<link rel=\"canonical\" href=\"https:\/\/appsaf.apieproject.com\/news\/fr\/2023\/07\/14\/tunisie-scenes-de-violence-entre-tunisiens-et-noirs-africains-a-sfax\/\" \/>\n<meta property=\"og:locale\" content=\"fr_FR\" \/>\n<meta property=\"og:type\" content=\"article\" \/>\n<meta property=\"og:title\" content=\"Tunisie : Sc\u00e8nes De Violence Entre Tunisiens Et Noirs Africains \u00c0 Sfax - APIE NEWS\" \/>\n<meta property=\"og:description\" content=\"Depuis quelques jours la deuxi\u00e8me plus grande ville de Tunisie derri\u00e8re la capitale Tunis, Sfax vit au rythme des heurts entre Tunisiens et ressortissants de l&rsquo;Afrique subsaharienne. Avec en cause, le meurtre d&rsquo;un jeune Tunisien, poignard\u00e9 semblerait-il par un ressortissant de l&rsquo;Afrique subsaharienne. Le plus curieux dans cette situation est le silence de l&rsquo;\u00e9tat Tunisien. [&hellip;]\" \/>\n<meta property=\"og:url\" content=\"https:\/\/appsaf.apieproject.com\/news\/fr\/2023\/07\/14\/tunisie-scenes-de-violence-entre-tunisiens-et-noirs-africains-a-sfax\/\" \/>\n<meta property=\"og:site_name\" content=\"APIE NEWS\" \/>\n<meta property=\"article:publisher\" content=\"https:\/\/facebook.com\/apieproject\" \/>\n<meta property=\"article:published_time\" content=\"2023-07-14T14:58:46+00:00\" \/>\n<meta property=\"article:modified_time\" content=\"2023-07-14T14:58:48+00:00\" \/>\n<meta property=\"og:image\" content=\"https:\/\/appsaf.apieproject.com\/news\/wp-content\/uploads\/sites\/29\/2023\/07\/jad20230707-mmo-tunisie-sfax-migrants-1256x628-1688729842-80a91ccc55b25617b9c41e2484290360.jpg\" \/>\n\t<meta property=\"og:image:width\" content=\"1256\" \/>\n\t<meta property=\"og:image:height\" content=\"628\" \/>\n\t<meta property=\"og:image:type\" content=\"image\/jpeg\" \/>\n<meta name=\"author\" content=\"guyetom\" \/>\n<meta name=\"twitter:card\" content=\"summary_large_image\" \/>\n<meta name=\"twitter:creator\" content=\"@apieproject\" \/>\n<meta name=\"twitter:site\" content=\"@apieproject\" \/>\n<meta name=\"twitter:label1\" content=\"\u00c9crit par\" \/>\n\t<meta name=\"twitter:data1\" content=\"guyetom\" \/>\n\t<meta name=\"twitter:label2\" content=\"Dur\u00e9e de lecture estim\u00e9e\" \/>\n\t<meta name=\"twitter:data2\" content=\"3 minutes\" \/>\n<script type=\"application\/ld+json\" class=\"yoast-schema-graph\">{\"@context\":\"https:\/\/schema.org\",\"@graph\":[{\"@type\":\"Article\",\"@id\":\"https:\/\/appsaf.apieproject.com\/news\/fr\/2023\/07\/14\/tunisie-scenes-de-violence-entre-tunisiens-et-noirs-africains-a-sfax\/#article\",\"isPartOf\":{\"@id\":\"https:\/\/appsaf.apieproject.com\/news\/fr\/2023\/07\/14\/tunisie-scenes-de-violence-entre-tunisiens-et-noirs-africains-a-sfax\/\"},\"author\":{\"name\":\"guyetom\",\"@id\":\"https:\/\/appsaf.apieproject.com\/news\/#\/schema\/person\/94d8f4e561b283d434da551498c8cb39\"},\"headline\":\"Tunisie : Sc\u00e8nes De Violence Entre Tunisiens Et Noirs Africains \u00c0 Sfax\",\"datePublished\":\"2023-07-14T14:58:46+00:00\",\"dateModified\":\"2023-07-14T14:58:48+00:00\",\"mainEntityOfPage\":{\"@id\":\"https:\/\/appsaf.apieproject.com\/news\/fr\/2023\/07\/14\/tunisie-scenes-de-violence-entre-tunisiens-et-noirs-africains-a-sfax\/\"},\"wordCount\":531,\"commentCount\":0,\"publisher\":{\"@id\":\"https:\/\/appsaf.apieproject.com\/news\/#organization\"},\"image\":{\"@id\":\"https:\/\/appsaf.apieproject.com\/news\/fr\/2023\/07\/14\/tunisie-scenes-de-violence-entre-tunisiens-et-noirs-africains-a-sfax\/#primaryimage\"},\"thumbnailUrl\":\"https:\/\/appsaf.apieproject.com\/news\/wp-content\/uploads\/sites\/29\/2023\/07\/jad20230707-mmo-tunisie-sfax-migrants-1256x628-1688729842-80a91ccc55b25617b9c41e2484290360.jpg\",\"keywords\":[\"actualites\",\"apie project\",\"politique\"],\"articleSection\":[\"Actualit\u00e9s\",\"Politique\",\"Sp\u00e9ciaux\"],\"inLanguage\":\"fr-FR\",\"potentialAction\":[{\"@type\":\"CommentAction\",\"name\":\"Comment\",\"target\":[\"https:\/\/appsaf.apieproject.com\/news\/fr\/2023\/07\/14\/tunisie-scenes-de-violence-entre-tunisiens-et-noirs-africains-a-sfax\/#respond\"]}]},{\"@type\":\"WebPage\",\"@id\":\"https:\/\/appsaf.apieproject.com\/news\/fr\/2023\/07\/14\/tunisie-scenes-de-violence-entre-tunisiens-et-noirs-africains-a-sfax\/\",\"url\":\"https:\/\/appsaf.apieproject.com\/news\/fr\/2023\/07\/14\/tunisie-scenes-de-violence-entre-tunisiens-et-noirs-africains-a-sfax\/\",\"name\":\"Tunisie : Sc\u00e8nes De Violence Entre Tunisiens Et Noirs Africains \u00c0 Sfax - APIE NEWS\",\"isPartOf\":{\"@id\":\"https:\/\/appsaf.apieproject.com\/news\/#website\"},\"primaryImageOfPage\":{\"@id\":\"https:\/\/appsaf.apieproject.com\/news\/fr\/2023\/07\/14\/tunisie-scenes-de-violence-entre-tunisiens-et-noirs-africains-a-sfax\/#primaryimage\"},\"image\":{\"@id\":\"https:\/\/appsaf.apieproject.com\/news\/fr\/2023\/07\/14\/tunisie-scenes-de-violence-entre-tunisiens-et-noirs-africains-a-sfax\/#primaryimage\"},\"thumbnailUrl\":\"https:\/\/appsaf.apieproject.com\/news\/wp-content\/uploads\/sites\/29\/2023\/07\/jad20230707-mmo-tunisie-sfax-migrants-1256x628-1688729842-80a91ccc55b25617b9c41e2484290360.jpg\",\"datePublished\":\"2023-07-14T14:58:46+00:00\",\"dateModified\":\"2023-07-14T14:58:48+00:00\",\"breadcrumb\":{\"@id\":\"https:\/\/appsaf.apieproject.com\/news\/fr\/2023\/07\/14\/tunisie-scenes-de-violence-entre-tunisiens-et-noirs-africains-a-sfax\/#breadcrumb\"},\"inLanguage\":\"fr-FR\",\"potentialAction\":[{\"@type\":\"ReadAction\",\"target\":[\"https:\/\/appsaf.apieproject.com\/news\/fr\/2023\/07\/14\/tunisie-scenes-de-violence-entre-tunisiens-et-noirs-africains-a-sfax\/\"]}]},{\"@type\":\"ImageObject\",\"inLanguage\":\"fr-FR\",\"@id\":\"https:\/\/appsaf.apieproject.com\/news\/fr\/2023\/07\/14\/tunisie-scenes-de-violence-entre-tunisiens-et-noirs-africains-a-sfax\/#primaryimage\",\"url\":\"https:\/\/appsaf.apieproject.com\/news\/wp-content\/uploads\/sites\/29\/2023\/07\/jad20230707-mmo-tunisie-sfax-migrants-1256x628-1688729842-80a91ccc55b25617b9c41e2484290360.jpg\",\"contentUrl\":\"https:\/\/appsaf.apieproject.com\/news\/wp-content\/uploads\/sites\/29\/2023\/07\/jad20230707-mmo-tunisie-sfax-migrants-1256x628-1688729842-80a91ccc55b25617b9c41e2484290360.jpg\",\"width\":1256,\"height\":628},{\"@type\":\"BreadcrumbList\",\"@id\":\"https:\/\/appsaf.apieproject.com\/news\/fr\/2023\/07\/14\/tunisie-scenes-de-violence-entre-tunisiens-et-noirs-africains-a-sfax\/#breadcrumb\",\"itemListElement\":[{\"@type\":\"ListItem\",\"position\":1,\"name\":\"Home\",\"item\":\"https:\/\/appsaf.apieproject.com\/news\/fr\/home\/\"},{\"@type\":\"ListItem\",\"position\":2,\"name\":\"Tunisie : Sc\u00e8nes De Violence Entre Tunisiens Et Noirs Africains \u00c0 Sfax\"}]},{\"@type\":\"WebSite\",\"@id\":\"https:\/\/appsaf.apieproject.com\/news\/#website\",\"url\":\"https:\/\/appsaf.apieproject.com\/news\/\",\"name\":\"APIE NEWS\",\"description\":\"PANAFRICANISM NEWS PORTAL\",\"publisher\":{\"@id\":\"https:\/\/appsaf.apieproject.com\/news\/#organization\"},\"potentialAction\":[{\"@type\":\"SearchAction\",\"target\":{\"@type\":\"EntryPoint\",\"urlTemplate\":\"https:\/\/appsaf.apieproject.com\/news\/?s={search_term_string}\"},\"query-input\":{\"@type\":\"PropertyValueSpecification\",\"valueRequired\":true,\"valueName\":\"search_term_string\"}}],\"inLanguage\":\"fr-FR\"},{\"@type\":\"Organization\",\"@id\":\"https:\/\/appsaf.apieproject.com\/news\/#organization\",\"name\":\"APIE PROJECT\",\"url\":\"https:\/\/appsaf.apieproject.com\/news\/\",\"logo\":{\"@type\":\"ImageObject\",\"inLanguage\":\"fr-FR\",\"@id\":\"https:\/\/appsaf.apieproject.com\/news\/#\/schema\/logo\/image\/\",\"url\":\"https:\/\/appsaf.apieproject.com\/news\/wp-content\/uploads\/sites\/29\/2022\/07\/logo-R-TransparentBackground.png\",\"contentUrl\":\"https:\/\/appsaf.apieproject.com\/news\/wp-content\/uploads\/sites\/29\/2022\/07\/logo-R-TransparentBackground.png\",\"width\":512,\"height\":512,\"caption\":\"APIE PROJECT\"},\"image\":{\"@id\":\"https:\/\/appsaf.apieproject.com\/news\/#\/schema\/logo\/image\/\"},\"sameAs\":[\"https:\/\/facebook.com\/apieproject\",\"https:\/\/x.com\/apieproject\"]},{\"@type\":\"Person\",\"@id\":\"https:\/\/appsaf.apieproject.com\/news\/#\/schema\/person\/94d8f4e561b283d434da551498c8cb39\",\"name\":\"guyetom\",\"image\":{\"@type\":\"ImageObject\",\"inLanguage\":\"fr-FR\",\"@id\":\"https:\/\/appsaf.apieproject.com\/news\/#\/schema\/person\/image\/\",\"url\":\"https:\/\/secure.gravatar.com\/avatar\/f36d884530ee45302c1f7eadb3f86562?s=96&d=mm&r=g\",\"contentUrl\":\"https:\/\/secure.gravatar.com\/avatar\/f36d884530ee45302c1f7eadb3f86562?s=96&d=mm&r=g\",\"caption\":\"guyetom\"},\"url\":\"https:\/\/appsaf.apieproject.com\/news\/fr\/author\/guyetom\/\"}]}<\/script>\n<!-- \/ Yoast SEO plugin. -->","yoast_head_json":{"title":"Tunisie : Sc\u00e8nes De Violence Entre Tunisiens Et Noirs Africains \u00c0 Sfax - APIE NEWS","robots":{"index":"index","follow":"follow","max-snippet":"max-snippet:-1","max-image-preview":"max-image-preview:large","max-video-preview":"max-video-preview:-1"},"canonical":"https:\/\/appsaf.apieproject.com\/news\/fr\/2023\/07\/14\/tunisie-scenes-de-violence-entre-tunisiens-et-noirs-africains-a-sfax\/","og_locale":"fr_FR","og_type":"article","og_title":"Tunisie : Sc\u00e8nes De Violence Entre Tunisiens Et Noirs Africains \u00c0 Sfax - APIE NEWS","og_description":"Depuis quelques jours la deuxi\u00e8me plus grande ville de Tunisie derri\u00e8re la capitale Tunis, Sfax vit au rythme des heurts entre Tunisiens et ressortissants de l&rsquo;Afrique subsaharienne. Avec en cause, le meurtre d&rsquo;un jeune Tunisien, poignard\u00e9 semblerait-il par un ressortissant de l&rsquo;Afrique subsaharienne. Le plus curieux dans cette situation est le silence de l&rsquo;\u00e9tat Tunisien. [&hellip;]","og_url":"https:\/\/appsaf.apieproject.com\/news\/fr\/2023\/07\/14\/tunisie-scenes-de-violence-entre-tunisiens-et-noirs-africains-a-sfax\/","og_site_name":"APIE NEWS","article_publisher":"https:\/\/facebook.com\/apieproject","article_published_time":"2023-07-14T14:58:46+00:00","article_modified_time":"2023-07-14T14:58:48+00:00","og_image":[{"width":1256,"height":628,"url":"https:\/\/appsaf.apieproject.com\/news\/wp-content\/uploads\/sites\/29\/2023\/07\/jad20230707-mmo-tunisie-sfax-migrants-1256x628-1688729842-80a91ccc55b25617b9c41e2484290360.jpg","type":"image\/jpeg"}],"author":"guyetom","twitter_card":"summary_large_image","twitter_creator":"@apieproject","twitter_site":"@apieproject","twitter_misc":{"\u00c9crit par":"guyetom","Dur\u00e9e de lecture estim\u00e9e":"3 minutes"},"schema":{"@context":"https:\/\/schema.org","@graph":[{"@type":"Article","@id":"https:\/\/appsaf.apieproject.com\/news\/fr\/2023\/07\/14\/tunisie-scenes-de-violence-entre-tunisiens-et-noirs-africains-a-sfax\/#article","isPartOf":{"@id":"https:\/\/appsaf.apieproject.com\/news\/fr\/2023\/07\/14\/tunisie-scenes-de-violence-entre-tunisiens-et-noirs-africains-a-sfax\/"},"author":{"name":"guyetom","@id":"https:\/\/appsaf.apieproject.com\/news\/#\/schema\/person\/94d8f4e561b283d434da551498c8cb39"},"headline":"Tunisie : Sc\u00e8nes De Violence Entre Tunisiens Et Noirs Africains \u00c0 Sfax","datePublished":"2023-07-14T14:58:46+00:00","dateModified":"2023-07-14T14:58:48+00:00","mainEntityOfPage":{"@id":"https:\/\/appsaf.apieproject.com\/news\/fr\/2023\/07\/14\/tunisie-scenes-de-violence-entre-tunisiens-et-noirs-africains-a-sfax\/"},"wordCount":531,"commentCount":0,"publisher":{"@id":"https:\/\/appsaf.apieproject.com\/news\/#organization"},"image":{"@id":"https:\/\/appsaf.apieproject.com\/news\/fr\/2023\/07\/14\/tunisie-scenes-de-violence-entre-tunisiens-et-noirs-africains-a-sfax\/#primaryimage"},"thumbnailUrl":"https:\/\/appsaf.apieproject.com\/news\/wp-content\/uploads\/sites\/29\/2023\/07\/jad20230707-mmo-tunisie-sfax-migrants-1256x628-1688729842-80a91ccc55b25617b9c41e2484290360.jpg","keywords":["actualites","apie project","politique"],"articleSection":["Actualit\u00e9s","Politique","Sp\u00e9ciaux"],"inLanguage":"fr-FR","potentialAction":[{"@type":"CommentAction","name":"Comment","target":["https:\/\/appsaf.apieproject.com\/news\/fr\/2023\/07\/14\/tunisie-scenes-de-violence-entre-tunisiens-et-noirs-africains-a-sfax\/#respond"]}]},{"@type":"WebPage","@id":"https:\/\/appsaf.apieproject.com\/news\/fr\/2023\/07\/14\/tunisie-scenes-de-violence-entre-tunisiens-et-noirs-africains-a-sfax\/","url":"https:\/\/appsaf.apieproject.com\/news\/fr\/2023\/07\/14\/tunisie-scenes-de-violence-entre-tunisiens-et-noirs-africains-a-sfax\/","name":"Tunisie : Sc\u00e8nes De Violence Entre Tunisiens Et Noirs Africains \u00c0 Sfax - APIE NEWS","isPartOf":{"@id":"https:\/\/appsaf.apieproject.com\/news\/#website"},"primaryImageOfPage":{"@id":"https:\/\/appsaf.apieproject.com\/news\/fr\/2023\/07\/14\/tunisie-scenes-de-violence-entre-tunisiens-et-noirs-africains-a-sfax\/#primaryimage"},"image":{"@id":"https:\/\/appsaf.apieproject.com\/news\/fr\/2023\/07\/14\/tunisie-scenes-de-violence-entre-tunisiens-et-noirs-africains-a-sfax\/#primaryimage"},"thumbnailUrl":"https:\/\/appsaf.apieproject.com\/news\/wp-content\/uploads\/sites\/29\/2023\/07\/jad20230707-mmo-tunisie-sfax-migrants-1256x628-1688729842-80a91ccc55b25617b9c41e2484290360.jpg","datePublished":"2023-07-14T14:58:46+00:00","dateModified":"2023-07-14T14:58:48+00:00","breadcrumb":{"@id":"https:\/\/appsaf.apieproject.com\/news\/fr\/2023\/07\/14\/tunisie-scenes-de-violence-entre-tunisiens-et-noirs-africains-a-sfax\/#breadcrumb"},"inLanguage":"fr-FR","potentialAction":[{"@type":"ReadAction","target":["https:\/\/appsaf.apieproject.com\/news\/fr\/2023\/07\/14\/tunisie-scenes-de-violence-entre-tunisiens-et-noirs-africains-a-sfax\/"]}]},{"@type":"ImageObject","inLanguage":"fr-FR","@id":"https:\/\/appsaf.apieproject.com\/news\/fr\/2023\/07\/14\/tunisie-scenes-de-violence-entre-tunisiens-et-noirs-africains-a-sfax\/#primaryimage","url":"https:\/\/appsaf.apieproject.com\/news\/wp-content\/uploads\/sites\/29\/2023\/07\/jad20230707-mmo-tunisie-sfax-migrants-1256x628-1688729842-80a91ccc55b25617b9c41e2484290360.jpg","contentUrl":"https:\/\/appsaf.apieproject.com\/news\/wp-content\/uploads\/sites\/29\/2023\/07\/jad20230707-mmo-tunisie-sfax-migrants-1256x628-1688729842-80a91ccc55b25617b9c41e2484290360.jpg","width":1256,"height":628},{"@type":"BreadcrumbList","@id":"https:\/\/appsaf.apieproject.com\/news\/fr\/2023\/07\/14\/tunisie-scenes-de-violence-entre-tunisiens-et-noirs-africains-a-sfax\/#breadcrumb","itemListElement":[{"@type":"ListItem","position":1,"name":"Home","item":"https:\/\/appsaf.apieproject.com\/news\/fr\/home\/"},{"@type":"ListItem","position":2,"name":"Tunisie : Sc\u00e8nes De Violence Entre Tunisiens Et Noirs Africains \u00c0 Sfax"}]},{"@type":"WebSite","@id":"https:\/\/appsaf.apieproject.com\/news\/#website","url":"https:\/\/appsaf.apieproject.com\/news\/","name":"APIE NEWS","description":"PANAFRICANISM NEWS PORTAL","publisher":{"@id":"https:\/\/appsaf.apieproject.com\/news\/#organization"},"potentialAction":[{"@type":"SearchAction","target":{"@type":"EntryPoint","urlTemplate":"https:\/\/appsaf.apieproject.com\/news\/?s={search_term_string}"},"query-input":{"@type":"PropertyValueSpecification","valueRequired":true,"valueName":"search_term_string"}}],"inLanguage":"fr-FR"},{"@type":"Organization","@id":"https:\/\/appsaf.apieproject.com\/news\/#organization","name":"APIE PROJECT","url":"https:\/\/appsaf.apieproject.com\/news\/","logo":{"@type":"ImageObject","inLanguage":"fr-FR","@id":"https:\/\/appsaf.apieproject.com\/news\/#\/schema\/logo\/image\/","url":"https:\/\/appsaf.apieproject.com\/news\/wp-content\/uploads\/sites\/29\/2022\/07\/logo-R-TransparentBackground.png","contentUrl":"https:\/\/appsaf.apieproject.com\/news\/wp-content\/uploads\/sites\/29\/2022\/07\/logo-R-TransparentBackground.png","width":512,"height":512,"caption":"APIE PROJECT"},"image":{"@id":"https:\/\/appsaf.apieproject.com\/news\/#\/schema\/logo\/image\/"},"sameAs":["https:\/\/facebook.com\/apieproject","https:\/\/x.com\/apieproject"]},{"@type":"Person","@id":"https:\/\/appsaf.apieproject.com\/news\/#\/schema\/person\/94d8f4e561b283d434da551498c8cb39","name":"guyetom","image":{"@type":"ImageObject","inLanguage":"fr-FR","@id":"https:\/\/appsaf.apieproject.com\/news\/#\/schema\/person\/image\/","url":"https:\/\/secure.gravatar.com\/avatar\/f36d884530ee45302c1f7eadb3f86562?s=96&d=mm&r=g","contentUrl":"https:\/\/secure.gravatar.com\/avatar\/f36d884530ee45302c1f7eadb3f86562?s=96&d=mm&r=g","caption":"guyetom"},"url":"https:\/\/appsaf.apieproject.com\/news\/fr\/author\/guyetom\/"}]}},"_links":{"self":[{"href":"https:\/\/appsaf.apieproject.com\/news\/fr\/wp-json\/wp\/v2\/posts\/30078","targetHints":{"allow":["GET"]}}],"collection":[{"href":"https:\/\/appsaf.apieproject.com\/news\/fr\/wp-json\/wp\/v2\/posts"}],"about":[{"href":"https:\/\/appsaf.apieproject.com\/news\/fr\/wp-json\/wp\/v2\/types\/post"}],"author":[{"embeddable":true,"href":"https:\/\/appsaf.apieproject.com\/news\/fr\/wp-json\/wp\/v2\/users\/13112"}],"replies":[{"embeddable":true,"href":"https:\/\/appsaf.apieproject.com\/news\/fr\/wp-json\/wp\/v2\/comments?post=30078"}],"version-history":[{"count":1,"href":"https:\/\/appsaf.apieproject.com\/news\/fr\/wp-json\/wp\/v2\/posts\/30078\/revisions"}],"predecessor-version":[{"id":30869,"href":"https:\/\/appsaf.apieproject.com\/news\/fr\/wp-json\/wp\/v2\/posts\/30078\/revisions\/30869"}],"wp:featuredmedia":[{"embeddable":true,"href":"https:\/\/appsaf.apieproject.com\/news\/fr\/wp-json\/wp\/v2\/media\/30075"}],"wp:attachment":[{"href":"https:\/\/appsaf.apieproject.com\/news\/fr\/wp-json\/wp\/v2\/media?parent=30078"}],"wp:term":[{"taxonomy":"category","embeddable":true,"href":"https:\/\/appsaf.apieproject.com\/news\/fr\/wp-json\/wp\/v2\/categories?post=30078"},{"taxonomy":"post_tag","embeddable":true,"href":"https:\/\/appsaf.apieproject.com\/news\/fr\/wp-json\/wp\/v2\/tags?post=30078"}],"curies":[{"name":"wp","href":"https:\/\/api.w.org\/{rel}","templated":true}]}}