{"id":30238,"date":"2023-07-13T20:08:43","date_gmt":"2023-07-13T20:08:43","guid":{"rendered":"https:\/\/appsaf.apieproject.com\/news\/?p=30238"},"modified":"2023-07-13T20:08:45","modified_gmt":"2023-07-13T20:08:45","slug":"rd-congo-fally-ipupa-vs-ferre-gola-la-bataille-des-concerts-au-stade-des-martyrs","status":"publish","type":"post","link":"https:\/\/appsaf.apieproject.com\/news\/fr\/2023\/07\/13\/rd-congo-fally-ipupa-vs-ferre-gola-la-bataille-des-concerts-au-stade-des-martyrs\/","title":{"rendered":"RD Congo \u2013 Fally Ipupa Vs Ferre Gola : La Bataille Des Concerts Au Stade Des Martyrs"},"content":{"rendered":"<p>Une question br\u00fblante fait l\u2019objet de d\u00e9bats passionn\u00e9s : qui a attir\u00e9 le plus de spectateurs entre Fally Ipupa et Ferre Gola au stade des Martyrs ? Les fans des deux artistes sont divis\u00e9s. Les Warriors d\u00e9fendent avec ardeur que Fally Ipupa a rempli le Grand Libulu comme jamais auparavant, tandis que les Golois soutiennent que c\u2019est Jesus de Nuance qui a conquis le c\u0153ur du public.<\/p>\n<p>Pour le confr\u00e8re congolais Mbote, c\u2019est un quasi match nul entre les deux stars de la musique \u00e0 Kinshasa. Pour cela, le site d\u2019information donne des d\u00e9tails sur le remplissage du stade des Martyrs lors des deux concerts.<\/p>\n<p>\u00abEn examinant de pr\u00e8s ces deux concerts, nous constatons que la pelouse du Stade des Martyrs \u00e9tait remplie \u00e0 100% lors du concert de Ferre Gola, mais le dos de la sc\u00e8ne \u00e9tait vide. De leur c\u00f4t\u00e9, toutes les autres tribunes \u00e9taient remplies de spectateurs. En revanche, lors du concert de Dicap la Merveille, le dos de la sc\u00e8ne \u00e9tait occup\u00e9 par les fans, mais seulement une partie de la pelouse \u00e9tait remplie. Les autres sections du stade \u00e9taient \u00e9galement pleines.\u00bb, indique mbote.cd<\/p>\n<p>\u00abEn termes de chiffres, la police a estim\u00e9 \u00e0 plus de 120 000 le nombre de personnes pr\u00e9sentes lors du concert de Fally Ipupa (le 29 octobre 2022, ndlr). En revanche, pour le concert de Ferre Gola, les chiffres varient entre sp\u00e9culations et opinions. La chanteuse k\u00e9nyane Victoria Kimani, \u00e9mue, affirme avoir jou\u00e9 devant plus de 200 000 personnes. D\u2019autres fans \u00e9voquent le chiffre de 100 000 personnes, voire plus, mais aucun chiffre officiel n\u2019a encore \u00e9t\u00e9 d\u00e9voil\u00e9.\u00bb, pr\u00e9cise le m\u00e9dia congolais.<\/p>\n<p>Le concert de Ferre Gola fait toutefois vibrer l\u2019actualit\u00e9 musicale et suscite encore de vifs d\u00e9bats et discussions sur les r\u00e9seaux sociaux congolais. Les fans s\u2019engagent passionn\u00e9ment pour d\u00e9fendre leur artiste favori et revendiquer la supr\u00e9matie de leur idole dans cette bataille des concerts au Stade des Martyrs.<\/p>\n<p>Quoi qu\u2019il en soit, ces deux spectacles resteront ancr\u00e9s dans la m\u00e9moire des fans congolais, t\u00e9moignant de la richesse de la sc\u00e8ne musicale du pays. Les artistes continuent de captiver le public avec leur talent et leur \u00e9nergie, contribuant ainsi \u00e0 faire de la musique congolaise un v\u00e9ritable ph\u00e9nom\u00e8ne social.<\/p>\n","protected":false},"excerpt":{"rendered":"<p>Suite au concert de Ferre Gola au Stade des Martyrs le 24 juin 2023 en RD Congo, les fans sont entr\u00e9s dans une phase de comparaison entre Fally Ipupa et Ferre Gola.<\/p>\n","protected":false},"author":12963,"featured_media":30235,"comment_status":"open","ping_status":"open","sticky":false,"template":"","format":"standard","meta":{"footnotes":""},"categories":[55,65],"tags":[78,88,91],"class_list":{"0":"post-30238","1":"post","2":"type-post","3":"status-publish","4":"format-standard","5":"has-post-thumbnail","7":"category-divertissement","8":"category-musique","9":"tag-apie-project-2","10":"tag-divertissement","11":"tag-musique"},"yoast_head":"<!-- This site is optimized with the Yoast SEO plugin v24.4 - https:\/\/yoast.com\/wordpress\/plugins\/seo\/ -->\n<title>RD Congo \u2013 Fally Ipupa Vs Ferre Gola : La Bataille Des Concerts Au Stade Des Martyrs - APIE NEWS<\/title>\n<meta name=\"robots\" content=\"index, follow, max-snippet:-1, max-image-preview:large, max-video-preview:-1\" \/>\n<link rel=\"canonical\" href=\"https:\/\/appsaf.apieproject.com\/news\/fr\/2023\/07\/13\/rd-congo-fally-ipupa-vs-ferre-gola-la-bataille-des-concerts-au-stade-des-martyrs\/\" \/>\n<meta property=\"og:locale\" content=\"fr_FR\" \/>\n<meta property=\"og:type\" content=\"article\" \/>\n<meta property=\"og:title\" content=\"RD Congo \u2013 Fally Ipupa Vs Ferre Gola : La Bataille Des Concerts Au Stade Des Martyrs - APIE NEWS\" \/>\n<meta property=\"og:description\" content=\"Suite au concert de Ferre Gola au Stade des Martyrs le 24 juin 2023 en RD Congo, les fans sont entr\u00e9s dans une phase de comparaison entre Fally Ipupa et Ferre Gola.\" \/>\n<meta property=\"og:url\" content=\"https:\/\/appsaf.apieproject.com\/news\/fr\/2023\/07\/13\/rd-congo-fally-ipupa-vs-ferre-gola-la-bataille-des-concerts-au-stade-des-martyrs\/\" \/>\n<meta property=\"og:site_name\" content=\"APIE NEWS\" \/>\n<meta property=\"article:publisher\" content=\"https:\/\/facebook.com\/apieproject\" \/>\n<meta property=\"article:published_time\" content=\"2023-07-13T20:08:43+00:00\" \/>\n<meta property=\"article:modified_time\" content=\"2023-07-13T20:08:45+00:00\" \/>\n<meta property=\"og:image\" content=\"https:\/\/appsaf.apieproject.com\/news\/wp-content\/uploads\/sites\/29\/2023\/07\/Screenshot_20230710-015125_Adobe-Express-4587d7b85afdf03a4e5f58677f1db807.jpg\" \/>\n\t<meta property=\"og:image:width\" content=\"714\" \/>\n\t<meta property=\"og:image:height\" content=\"497\" \/>\n\t<meta property=\"og:image:type\" content=\"image\/jpeg\" \/>\n<meta name=\"author\" content=\"staff\" \/>\n<meta name=\"twitter:card\" content=\"summary_large_image\" \/>\n<meta name=\"twitter:creator\" content=\"@apieproject\" \/>\n<meta name=\"twitter:site\" content=\"@apieproject\" \/>\n<meta name=\"twitter:label1\" content=\"\u00c9crit par\" \/>\n\t<meta name=\"twitter:data1\" content=\"staff\" \/>\n\t<meta name=\"twitter:label2\" content=\"Dur\u00e9e de lecture estim\u00e9e\" \/>\n\t<meta name=\"twitter:data2\" content=\"2 minutes\" \/>\n<script type=\"application\/ld+json\" class=\"yoast-schema-graph\">{\"@context\":\"https:\/\/schema.org\",\"@graph\":[{\"@type\":\"Article\",\"@id\":\"https:\/\/appsaf.apieproject.com\/news\/fr\/2023\/07\/13\/rd-congo-fally-ipupa-vs-ferre-gola-la-bataille-des-concerts-au-stade-des-martyrs\/#article\",\"isPartOf\":{\"@id\":\"https:\/\/appsaf.apieproject.com\/news\/fr\/2023\/07\/13\/rd-congo-fally-ipupa-vs-ferre-gola-la-bataille-des-concerts-au-stade-des-martyrs\/\"},\"author\":{\"name\":\"staff\",\"@id\":\"https:\/\/appsaf.apieproject.com\/news\/#\/schema\/person\/399517cac378948cd7b39086f9ddc2a7\"},\"headline\":\"RD Congo \u2013 Fally Ipupa Vs Ferre Gola : La Bataille Des Concerts Au Stade Des Martyrs\",\"datePublished\":\"2023-07-13T20:08:43+00:00\",\"dateModified\":\"2023-07-13T20:08:45+00:00\",\"mainEntityOfPage\":{\"@id\":\"https:\/\/appsaf.apieproject.com\/news\/fr\/2023\/07\/13\/rd-congo-fally-ipupa-vs-ferre-gola-la-bataille-des-concerts-au-stade-des-martyrs\/\"},\"wordCount\":408,\"commentCount\":0,\"publisher\":{\"@id\":\"https:\/\/appsaf.apieproject.com\/news\/#organization\"},\"image\":{\"@id\":\"https:\/\/appsaf.apieproject.com\/news\/fr\/2023\/07\/13\/rd-congo-fally-ipupa-vs-ferre-gola-la-bataille-des-concerts-au-stade-des-martyrs\/#primaryimage\"},\"thumbnailUrl\":\"https:\/\/appsaf.apieproject.com\/news\/wp-content\/uploads\/sites\/29\/2023\/07\/Screenshot_20230710-015125_Adobe-Express-4587d7b85afdf03a4e5f58677f1db807.jpg\",\"keywords\":[\"apie project\",\"divertissement\",\"musique\"],\"articleSection\":[\"Divertissement\",\"Musique\"],\"inLanguage\":\"fr-FR\",\"potentialAction\":[{\"@type\":\"CommentAction\",\"name\":\"Comment\",\"target\":[\"https:\/\/appsaf.apieproject.com\/news\/fr\/2023\/07\/13\/rd-congo-fally-ipupa-vs-ferre-gola-la-bataille-des-concerts-au-stade-des-martyrs\/#respond\"]}]},{\"@type\":\"WebPage\",\"@id\":\"https:\/\/appsaf.apieproject.com\/news\/fr\/2023\/07\/13\/rd-congo-fally-ipupa-vs-ferre-gola-la-bataille-des-concerts-au-stade-des-martyrs\/\",\"url\":\"https:\/\/appsaf.apieproject.com\/news\/fr\/2023\/07\/13\/rd-congo-fally-ipupa-vs-ferre-gola-la-bataille-des-concerts-au-stade-des-martyrs\/\",\"name\":\"RD Congo \u2013 Fally Ipupa Vs Ferre Gola : La Bataille Des Concerts Au Stade Des Martyrs - APIE NEWS\",\"isPartOf\":{\"@id\":\"https:\/\/appsaf.apieproject.com\/news\/#website\"},\"primaryImageOfPage\":{\"@id\":\"https:\/\/appsaf.apieproject.com\/news\/fr\/2023\/07\/13\/rd-congo-fally-ipupa-vs-ferre-gola-la-bataille-des-concerts-au-stade-des-martyrs\/#primaryimage\"},\"image\":{\"@id\":\"https:\/\/appsaf.apieproject.com\/news\/fr\/2023\/07\/13\/rd-congo-fally-ipupa-vs-ferre-gola-la-bataille-des-concerts-au-stade-des-martyrs\/#primaryimage\"},\"thumbnailUrl\":\"https:\/\/appsaf.apieproject.com\/news\/wp-content\/uploads\/sites\/29\/2023\/07\/Screenshot_20230710-015125_Adobe-Express-4587d7b85afdf03a4e5f58677f1db807.jpg\",\"datePublished\":\"2023-07-13T20:08:43+00:00\",\"dateModified\":\"2023-07-13T20:08:45+00:00\",\"breadcrumb\":{\"@id\":\"https:\/\/appsaf.apieproject.com\/news\/fr\/2023\/07\/13\/rd-congo-fally-ipupa-vs-ferre-gola-la-bataille-des-concerts-au-stade-des-martyrs\/#breadcrumb\"},\"inLanguage\":\"fr-FR\",\"potentialAction\":[{\"@type\":\"ReadAction\",\"target\":[\"https:\/\/appsaf.apieproject.com\/news\/fr\/2023\/07\/13\/rd-congo-fally-ipupa-vs-ferre-gola-la-bataille-des-concerts-au-stade-des-martyrs\/\"]}]},{\"@type\":\"ImageObject\",\"inLanguage\":\"fr-FR\",\"@id\":\"https:\/\/appsaf.apieproject.com\/news\/fr\/2023\/07\/13\/rd-congo-fally-ipupa-vs-ferre-gola-la-bataille-des-concerts-au-stade-des-martyrs\/#primaryimage\",\"url\":\"https:\/\/appsaf.apieproject.com\/news\/wp-content\/uploads\/sites\/29\/2023\/07\/Screenshot_20230710-015125_Adobe-Express-4587d7b85afdf03a4e5f58677f1db807.jpg\",\"contentUrl\":\"https:\/\/appsaf.apieproject.com\/news\/wp-content\/uploads\/sites\/29\/2023\/07\/Screenshot_20230710-015125_Adobe-Express-4587d7b85afdf03a4e5f58677f1db807.jpg\",\"width\":714,\"height\":497},{\"@type\":\"BreadcrumbList\",\"@id\":\"https:\/\/appsaf.apieproject.com\/news\/fr\/2023\/07\/13\/rd-congo-fally-ipupa-vs-ferre-gola-la-bataille-des-concerts-au-stade-des-martyrs\/#breadcrumb\",\"itemListElement\":[{\"@type\":\"ListItem\",\"position\":1,\"name\":\"Home\",\"item\":\"https:\/\/appsaf.apieproject.com\/news\/fr\/home\/\"},{\"@type\":\"ListItem\",\"position\":2,\"name\":\"RD Congo \u2013 Fally Ipupa Vs Ferre Gola : La Bataille Des Concerts Au Stade Des Martyrs\"}]},{\"@type\":\"WebSite\",\"@id\":\"https:\/\/appsaf.apieproject.com\/news\/#website\",\"url\":\"https:\/\/appsaf.apieproject.com\/news\/\",\"name\":\"APIE NEWS\",\"description\":\"PANAFRICANISM NEWS PORTAL\",\"publisher\":{\"@id\":\"https:\/\/appsaf.apieproject.com\/news\/#organization\"},\"potentialAction\":[{\"@type\":\"SearchAction\",\"target\":{\"@type\":\"EntryPoint\",\"urlTemplate\":\"https:\/\/appsaf.apieproject.com\/news\/?s={search_term_string}\"},\"query-input\":{\"@type\":\"PropertyValueSpecification\",\"valueRequired\":true,\"valueName\":\"search_term_string\"}}],\"inLanguage\":\"fr-FR\"},{\"@type\":\"Organization\",\"@id\":\"https:\/\/appsaf.apieproject.com\/news\/#organization\",\"name\":\"APIE PROJECT\",\"url\":\"https:\/\/appsaf.apieproject.com\/news\/\",\"logo\":{\"@type\":\"ImageObject\",\"inLanguage\":\"fr-FR\",\"@id\":\"https:\/\/appsaf.apieproject.com\/news\/#\/schema\/logo\/image\/\",\"url\":\"https:\/\/appsaf.apieproject.com\/news\/wp-content\/uploads\/sites\/29\/2022\/07\/logo-R-TransparentBackground.png\",\"contentUrl\":\"https:\/\/appsaf.apieproject.com\/news\/wp-content\/uploads\/sites\/29\/2022\/07\/logo-R-TransparentBackground.png\",\"width\":512,\"height\":512,\"caption\":\"APIE PROJECT\"},\"image\":{\"@id\":\"https:\/\/appsaf.apieproject.com\/news\/#\/schema\/logo\/image\/\"},\"sameAs\":[\"https:\/\/facebook.com\/apieproject\",\"https:\/\/x.com\/apieproject\"]},{\"@type\":\"Person\",\"@id\":\"https:\/\/appsaf.apieproject.com\/news\/#\/schema\/person\/399517cac378948cd7b39086f9ddc2a7\",\"name\":\"staff\",\"image\":{\"@type\":\"ImageObject\",\"inLanguage\":\"fr-FR\",\"@id\":\"https:\/\/appsaf.apieproject.com\/news\/#\/schema\/person\/image\/\",\"url\":\"https:\/\/secure.gravatar.com\/avatar\/5386283c5db150efe261184bd59f072a?s=96&d=mm&r=g\",\"contentUrl\":\"https:\/\/secure.gravatar.com\/avatar\/5386283c5db150efe261184bd59f072a?s=96&d=mm&r=g\",\"caption\":\"staff\"},\"url\":\"https:\/\/appsaf.apieproject.com\/news\/fr\/author\/staff\/\"}]}<\/script>\n<!-- \/ Yoast SEO plugin. -->","yoast_head_json":{"title":"RD Congo \u2013 Fally Ipupa Vs Ferre Gola : La Bataille Des Concerts Au Stade Des Martyrs - APIE NEWS","robots":{"index":"index","follow":"follow","max-snippet":"max-snippet:-1","max-image-preview":"max-image-preview:large","max-video-preview":"max-video-preview:-1"},"canonical":"https:\/\/appsaf.apieproject.com\/news\/fr\/2023\/07\/13\/rd-congo-fally-ipupa-vs-ferre-gola-la-bataille-des-concerts-au-stade-des-martyrs\/","og_locale":"fr_FR","og_type":"article","og_title":"RD Congo \u2013 Fally Ipupa Vs Ferre Gola : La Bataille Des Concerts Au Stade Des Martyrs - APIE NEWS","og_description":"Suite au concert de Ferre Gola au Stade des Martyrs le 24 juin 2023 en RD Congo, les fans sont entr\u00e9s dans une phase de comparaison entre Fally Ipupa et Ferre Gola.","og_url":"https:\/\/appsaf.apieproject.com\/news\/fr\/2023\/07\/13\/rd-congo-fally-ipupa-vs-ferre-gola-la-bataille-des-concerts-au-stade-des-martyrs\/","og_site_name":"APIE NEWS","article_publisher":"https:\/\/facebook.com\/apieproject","article_published_time":"2023-07-13T20:08:43+00:00","article_modified_time":"2023-07-13T20:08:45+00:00","og_image":[{"width":714,"height":497,"url":"https:\/\/appsaf.apieproject.com\/news\/wp-content\/uploads\/sites\/29\/2023\/07\/Screenshot_20230710-015125_Adobe-Express-4587d7b85afdf03a4e5f58677f1db807.jpg","type":"image\/jpeg"}],"author":"staff","twitter_card":"summary_large_image","twitter_creator":"@apieproject","twitter_site":"@apieproject","twitter_misc":{"\u00c9crit par":"staff","Dur\u00e9e de lecture estim\u00e9e":"2 minutes"},"schema":{"@context":"https:\/\/schema.org","@graph":[{"@type":"Article","@id":"https:\/\/appsaf.apieproject.com\/news\/fr\/2023\/07\/13\/rd-congo-fally-ipupa-vs-ferre-gola-la-bataille-des-concerts-au-stade-des-martyrs\/#article","isPartOf":{"@id":"https:\/\/appsaf.apieproject.com\/news\/fr\/2023\/07\/13\/rd-congo-fally-ipupa-vs-ferre-gola-la-bataille-des-concerts-au-stade-des-martyrs\/"},"author":{"name":"staff","@id":"https:\/\/appsaf.apieproject.com\/news\/#\/schema\/person\/399517cac378948cd7b39086f9ddc2a7"},"headline":"RD Congo \u2013 Fally Ipupa Vs Ferre Gola : La Bataille Des Concerts Au Stade Des Martyrs","datePublished":"2023-07-13T20:08:43+00:00","dateModified":"2023-07-13T20:08:45+00:00","mainEntityOfPage":{"@id":"https:\/\/appsaf.apieproject.com\/news\/fr\/2023\/07\/13\/rd-congo-fally-ipupa-vs-ferre-gola-la-bataille-des-concerts-au-stade-des-martyrs\/"},"wordCount":408,"commentCount":0,"publisher":{"@id":"https:\/\/appsaf.apieproject.com\/news\/#organization"},"image":{"@id":"https:\/\/appsaf.apieproject.com\/news\/fr\/2023\/07\/13\/rd-congo-fally-ipupa-vs-ferre-gola-la-bataille-des-concerts-au-stade-des-martyrs\/#primaryimage"},"thumbnailUrl":"https:\/\/appsaf.apieproject.com\/news\/wp-content\/uploads\/sites\/29\/2023\/07\/Screenshot_20230710-015125_Adobe-Express-4587d7b85afdf03a4e5f58677f1db807.jpg","keywords":["apie project","divertissement","musique"],"articleSection":["Divertissement","Musique"],"inLanguage":"fr-FR","potentialAction":[{"@type":"CommentAction","name":"Comment","target":["https:\/\/appsaf.apieproject.com\/news\/fr\/2023\/07\/13\/rd-congo-fally-ipupa-vs-ferre-gola-la-bataille-des-concerts-au-stade-des-martyrs\/#respond"]}]},{"@type":"WebPage","@id":"https:\/\/appsaf.apieproject.com\/news\/fr\/2023\/07\/13\/rd-congo-fally-ipupa-vs-ferre-gola-la-bataille-des-concerts-au-stade-des-martyrs\/","url":"https:\/\/appsaf.apieproject.com\/news\/fr\/2023\/07\/13\/rd-congo-fally-ipupa-vs-ferre-gola-la-bataille-des-concerts-au-stade-des-martyrs\/","name":"RD Congo \u2013 Fally Ipupa Vs Ferre Gola : La Bataille Des Concerts Au Stade Des Martyrs - APIE NEWS","isPartOf":{"@id":"https:\/\/appsaf.apieproject.com\/news\/#website"},"primaryImageOfPage":{"@id":"https:\/\/appsaf.apieproject.com\/news\/fr\/2023\/07\/13\/rd-congo-fally-ipupa-vs-ferre-gola-la-bataille-des-concerts-au-stade-des-martyrs\/#primaryimage"},"image":{"@id":"https:\/\/appsaf.apieproject.com\/news\/fr\/2023\/07\/13\/rd-congo-fally-ipupa-vs-ferre-gola-la-bataille-des-concerts-au-stade-des-martyrs\/#primaryimage"},"thumbnailUrl":"https:\/\/appsaf.apieproject.com\/news\/wp-content\/uploads\/sites\/29\/2023\/07\/Screenshot_20230710-015125_Adobe-Express-4587d7b85afdf03a4e5f58677f1db807.jpg","datePublished":"2023-07-13T20:08:43+00:00","dateModified":"2023-07-13T20:08:45+00:00","breadcrumb":{"@id":"https:\/\/appsaf.apieproject.com\/news\/fr\/2023\/07\/13\/rd-congo-fally-ipupa-vs-ferre-gola-la-bataille-des-concerts-au-stade-des-martyrs\/#breadcrumb"},"inLanguage":"fr-FR","potentialAction":[{"@type":"ReadAction","target":["https:\/\/appsaf.apieproject.com\/news\/fr\/2023\/07\/13\/rd-congo-fally-ipupa-vs-ferre-gola-la-bataille-des-concerts-au-stade-des-martyrs\/"]}]},{"@type":"ImageObject","inLanguage":"fr-FR","@id":"https:\/\/appsaf.apieproject.com\/news\/fr\/2023\/07\/13\/rd-congo-fally-ipupa-vs-ferre-gola-la-bataille-des-concerts-au-stade-des-martyrs\/#primaryimage","url":"https:\/\/appsaf.apieproject.com\/news\/wp-content\/uploads\/sites\/29\/2023\/07\/Screenshot_20230710-015125_Adobe-Express-4587d7b85afdf03a4e5f58677f1db807.jpg","contentUrl":"https:\/\/appsaf.apieproject.com\/news\/wp-content\/uploads\/sites\/29\/2023\/07\/Screenshot_20230710-015125_Adobe-Express-4587d7b85afdf03a4e5f58677f1db807.jpg","width":714,"height":497},{"@type":"BreadcrumbList","@id":"https:\/\/appsaf.apieproject.com\/news\/fr\/2023\/07\/13\/rd-congo-fally-ipupa-vs-ferre-gola-la-bataille-des-concerts-au-stade-des-martyrs\/#breadcrumb","itemListElement":[{"@type":"ListItem","position":1,"name":"Home","item":"https:\/\/appsaf.apieproject.com\/news\/fr\/home\/"},{"@type":"ListItem","position":2,"name":"RD Congo \u2013 Fally Ipupa Vs Ferre Gola : La Bataille Des Concerts Au Stade Des Martyrs"}]},{"@type":"WebSite","@id":"https:\/\/appsaf.apieproject.com\/news\/#website","url":"https:\/\/appsaf.apieproject.com\/news\/","name":"APIE NEWS","description":"PANAFRICANISM NEWS PORTAL","publisher":{"@id":"https:\/\/appsaf.apieproject.com\/news\/#organization"},"potentialAction":[{"@type":"SearchAction","target":{"@type":"EntryPoint","urlTemplate":"https:\/\/appsaf.apieproject.com\/news\/?s={search_term_string}"},"query-input":{"@type":"PropertyValueSpecification","valueRequired":true,"valueName":"search_term_string"}}],"inLanguage":"fr-FR"},{"@type":"Organization","@id":"https:\/\/appsaf.apieproject.com\/news\/#organization","name":"APIE PROJECT","url":"https:\/\/appsaf.apieproject.com\/news\/","logo":{"@type":"ImageObject","inLanguage":"fr-FR","@id":"https:\/\/appsaf.apieproject.com\/news\/#\/schema\/logo\/image\/","url":"https:\/\/appsaf.apieproject.com\/news\/wp-content\/uploads\/sites\/29\/2022\/07\/logo-R-TransparentBackground.png","contentUrl":"https:\/\/appsaf.apieproject.com\/news\/wp-content\/uploads\/sites\/29\/2022\/07\/logo-R-TransparentBackground.png","width":512,"height":512,"caption":"APIE PROJECT"},"image":{"@id":"https:\/\/appsaf.apieproject.com\/news\/#\/schema\/logo\/image\/"},"sameAs":["https:\/\/facebook.com\/apieproject","https:\/\/x.com\/apieproject"]},{"@type":"Person","@id":"https:\/\/appsaf.apieproject.com\/news\/#\/schema\/person\/399517cac378948cd7b39086f9ddc2a7","name":"staff","image":{"@type":"ImageObject","inLanguage":"fr-FR","@id":"https:\/\/appsaf.apieproject.com\/news\/#\/schema\/person\/image\/","url":"https:\/\/secure.gravatar.com\/avatar\/5386283c5db150efe261184bd59f072a?s=96&d=mm&r=g","contentUrl":"https:\/\/secure.gravatar.com\/avatar\/5386283c5db150efe261184bd59f072a?s=96&d=mm&r=g","caption":"staff"},"url":"https:\/\/appsaf.apieproject.com\/news\/fr\/author\/staff\/"}]}},"_links":{"self":[{"href":"https:\/\/appsaf.apieproject.com\/news\/fr\/wp-json\/wp\/v2\/posts\/30238","targetHints":{"allow":["GET"]}}],"collection":[{"href":"https:\/\/appsaf.apieproject.com\/news\/fr\/wp-json\/wp\/v2\/posts"}],"about":[{"href":"https:\/\/appsaf.apieproject.com\/news\/fr\/wp-json\/wp\/v2\/types\/post"}],"author":[{"embeddable":true,"href":"https:\/\/appsaf.apieproject.com\/news\/fr\/wp-json\/wp\/v2\/users\/12963"}],"replies":[{"embeddable":true,"href":"https:\/\/appsaf.apieproject.com\/news\/fr\/wp-json\/wp\/v2\/comments?post=30238"}],"version-history":[{"count":1,"href":"https:\/\/appsaf.apieproject.com\/news\/fr\/wp-json\/wp\/v2\/posts\/30238\/revisions"}],"predecessor-version":[{"id":30452,"href":"https:\/\/appsaf.apieproject.com\/news\/fr\/wp-json\/wp\/v2\/posts\/30238\/revisions\/30452"}],"wp:featuredmedia":[{"embeddable":true,"href":"https:\/\/appsaf.apieproject.com\/news\/fr\/wp-json\/wp\/v2\/media\/30235"}],"wp:attachment":[{"href":"https:\/\/appsaf.apieproject.com\/news\/fr\/wp-json\/wp\/v2\/media?parent=30238"}],"wp:term":[{"taxonomy":"category","embeddable":true,"href":"https:\/\/appsaf.apieproject.com\/news\/fr\/wp-json\/wp\/v2\/categories?post=30238"},{"taxonomy":"post_tag","embeddable":true,"href":"https:\/\/appsaf.apieproject.com\/news\/fr\/wp-json\/wp\/v2\/tags?post=30238"}],"curies":[{"name":"wp","href":"https:\/\/api.w.org\/{rel}","templated":true}]}}