{"id":30246,"date":"2023-07-13T20:34:46","date_gmt":"2023-07-13T20:34:46","guid":{"rendered":"https:\/\/appsaf.apieproject.com\/news\/?p=30246"},"modified":"2023-07-14T15:30:55","modified_gmt":"2023-07-14T15:30:55","slug":"jessaie-toujours-de-montrer-le-savoir-faire-du-continent-africain-le-camerounais-imane-ayissi-associe-des-artisans-a-la-mode-occidentale-pour-sa-haute-couture","status":"publish","type":"post","link":"https:\/\/appsaf.apieproject.com\/news\/fr\/2023\/07\/13\/jessaie-toujours-de-montrer-le-savoir-faire-du-continent-africain-le-camerounais-imane-ayissi-associe-des-artisans-a-la-mode-occidentale-pour-sa-haute-couture\/","title":{"rendered":"Le Camerounais Imane Ayissi Associe Des Artisans \u00c0 La Mode Occidentale Pour Sa Haute Couture"},"content":{"rendered":"<p>Imane Ayissi est le premier repr\u00e9sentant d&rsquo;Afrique subsaharienne \u00e0 avoir int\u00e9gr\u00e9 le calendrier de la haute couture parisienne. N\u00e9 au Cameroun d&rsquo;une famille d&rsquo;artistes et de sportifs, ex-danseur \u2013 il a fait partie du Ballet national du Cameroun \u2013 et mannequin, il s&rsquo;est int\u00e9ress\u00e9 \u00e0 la mode d\u00e8s son enfance. Il a r\u00e9alis\u00e9 ses premiers v\u00eatements pour sa m\u00e8re puis pour l&rsquo;un des plus grands ateliers du pays avant de s&rsquo;installer \u00e0 Paris, o\u00f9 il cr\u00e9e des collections vendues \u00e0 la demande \u00e0 des clients priv\u00e9s et sur mesure. Depuis 2010, il pr\u00e9sente ses collections pendant la semaine de la haute couture et, depuis 2020, dans le calendrier officiel en tant que membre invit\u00e9.<\/p>\n<p>Ses v\u00eatements associent les traditions et les r\u00e9alit\u00e9s africaines \u00e0 la mode occidentale. Ses collections, qui portent souvent des noms \u00e9vocateurs en ewondo, sa langue maternelle, combinent artisanat africain, mat\u00e9riaux et tissus de son patrimoine avec l&rsquo;utilisation d&rsquo;un design innovant, contemporain et haute couture.<\/p>\n<p>Rencontre passionnante avec un couturier accroch\u00e9 \u00e0 ses racines mais tourn\u00e9 vers le futur, car engag\u00e9 dans une production \u00e9thique et durable avec l&rsquo;utilisation de mat\u00e9riaux naturels.<\/p>\n<p>Franceinfo culture : On conna\u00eet votre int\u00e9r\u00eat pour l&rsquo;artisanat et le savoir-faire africain. En quoi votre marque de luxe est-elle slow fashion ?<\/p>\n<p>Imane Ayissi : Dans mes cr\u00e9ations, j&rsquo;essaie toujours de montrer le savoir-faire du continent africain et de ses artisans. Je travaille avec le Ghana pour les Kent\u00e9s \u2013 des tissages \u00e0 la main \u00e0 l&rsquo;ancienne \u2013 et avec le Burkina Faso pour les Faso Dan Fani \u2013 des tissus traditionnels en fil de coton r\u00e9alis\u00e9s sur des m\u00e9tiers \u00e0 l&rsquo;ancienne. Fabriqu\u00e9s sous forme de bandes de 10 \u00e0 15 centim\u00e8tres, il faut les monter \u00e0 la main pour en faire un v\u00eatement.<\/p>\n<p>J&rsquo;utilise des mati\u00e8res que le monde conna\u00eet peu : quand on parle de mode africaine ou de la mati\u00e8re provenant du continent noir, on met en avant les tissus aux imprim\u00e9s tr\u00e8s color\u00e9s, mais l&rsquo;Afrique a son propre patrimoine textile et j&rsquo;ai envie de montrer notre identit\u00e9 ! Pour la promouvoir, je m\u00e9lange les tissus traditionnels avec beaucoup d&rsquo;autres mati\u00e8res tr\u00e8s couture comme des soies lourdes, des dentelles de Calais&#8230; Dans ma collection automne-hiver 2023-24, j&rsquo;utilise essentiellement des fibres naturelles, en association avec de la soie ou de la viscose de bambou, dont la fabrication a un faible impact \u00e9cologique et qui est biod\u00e9gradable. L&rsquo;Afrique a besoin de cette vitrine-l\u00e0 pour que les gens d\u00e9couvrent notre patrimoine textile.<\/p>\n<p>Vous pr\u00e9servez les savoir-faire traditionnels et l\u2019artisanat africain. Quels mat\u00e9riaux pr\u00e9f\u00e9rez-vous ?<\/p>\n<p>Je suis un fou des mati\u00e8res, comme tous les designers. Concernant les mati\u00e8res du continent noir, j&rsquo;aime bien tout ce qui est brut, m\u00eame si parfois on ne sait pas quoi faire avec ! J&rsquo;aime me lancer et voir ce que cela va donner. Il existe des choses tr\u00e8s brutes comme l&rsquo;obom, une \u00e9corce d&rsquo;arbre. Je n&rsquo;assomme pas le poumon vert de l&rsquo;Afrique que sont les for\u00eats car c\u2019est un arbre que l&rsquo;on d\u00e9p\u00e8ce mais dont la peau se r\u00e9g\u00e9n\u00e8re. Autrefois, les anciens s&rsquo;habillaient avec. J&rsquo;aime bien la manipuler, la travailler, la toucher et lui parler. Quand elle arrive brute, je d\u00e9coupe l&rsquo;\u00e9corce pour en faire des fleurs, pour un corsage constitu\u00e9 de rondelles reli\u00e9es les unes aux autres et brod\u00e9es de petites perles. C&rsquo;est un travail minutieux r\u00e9alis\u00e9 \u00e0 la main. J&rsquo;utilise aussi des teintures naturelles achet\u00e9es chez les artisans que je connais.<\/p>\n<p>Il y a aussi le raphia, avec lequel je fais des vestes, des manteaux, des tailleurs, et qui borde parfois mes robes. Il arrive, lui aussi, \u00e0 l&rsquo;\u00e9tat brut : on peut le colorer, apr\u00e8s, il faut le peigner, le lisser, c&rsquo;est compliqu\u00e9 \u00e0 travailler, il est t\u00eatu ! C&rsquo;est assez incroyable la mani\u00e8re dont il bouge selon les courbes ou l&rsquo;allure du mod\u00e8le. Sur le podium, cela fait une musique, j&rsquo;adore \u00e7a. Je me dis qu&rsquo;un jour, je ferai une collection totalement en raphia et quand les filles marcheront, il fera la musique.<\/p>\n<p>Sans oublier les dupions, les dentelles, cela d\u00e9pend des collections. Je fais les salons et je vais chez les fournisseurs de tissus o\u00f9 je passe beaucoup de temps \u00e0 toucher, regarder de tr\u00e8s beaux tissus qui ont servi \u00e0 certaines grandes maisons comme ceux utilis\u00e9s, hier, par Alber Elbaz. Les mati\u00e8res me parlent, avec leur grammage, leurs couleurs qui captent la lumi\u00e8re.<\/p>\n<p>Mais aujourd&rsquo;hui en Afrique, il est difficile d&rsquo;avoir du coton de bonne qualit\u00e9 car il peut \u00eatre m\u00e9lang\u00e9 avec du polyester. Il vient alors de Chine, alors que le coton est un produit typiquement africain ! Il y a eu des usines qui tournaient tr\u00e8s bien dans les ann\u00e9es 1950-60 jusqu&rsquo;aux ann\u00e9es 1980, mais beaucoup n&rsquo;ont pas \u00e9t\u00e9 renouvel\u00e9es de fa\u00e7on moderne. Les Etats africains doivent se pencher sur ce probl\u00e8me.<\/p>\n<p>Vous \u00eates le premier designer subsaharien invit\u00e9 au calendrier de la haute couture. D\u00e9plorez-vous que d&rsquo;autres cr\u00e9ateurs africains ne se fassent pas une place \u00e0 Paris ?<\/p>\n<p>J&rsquo;avoue, c&rsquo;est une messe assez restreinte. Que je sois le premier, c&rsquo;est mieux que rien, je repr\u00e9sente toute l&rsquo;Afrique [il sourit] mais s&rsquo;il y en avait d&rsquo;autres, ce serait bien. La haute couture est une excellence avec beaucoup de cases \u00e0 remplir pour y acc\u00e9der, comme la prise de conscience de son histoire et des richesses de son continent, la mise en valeur de son savoir-faire.<\/p>\n<p>C\u2019est un peu compliqu\u00e9, cette prise en compte de la culture africaine : on a toujours eu du mal \u00e0 associer les cr\u00e9ateurs africains au luxe. Mais qui les ach\u00e8te ? Les premiers qui doivent s&rsquo;en soucier, ce sont pourtant eux ! Ils doivent avoir confiance en leurs designers. Il ne faut pas attendre que ce soit les \u00e9trangers qui les ach\u00e8tent. Dans les pays africains, les gens sont habitu\u00e9s \u00e0 consommer le luxe des autres, mais le luxe, c&rsquo;est aussi soi-m\u00eame. C&rsquo;est une dignit\u00e9 ! Ce n&rsquo;est pas forc\u00e9ment l&rsquo;argent, ce sont aussi des id\u00e9es, des valeurs, la culture du pays.<\/p>\n<p>Vous \u00eates impliqu\u00e9 dans des formations et le d\u00e9veloppement d&rsquo;une industrie textile destin\u00e9e \u00e0 favoriser la croissance \u00e9conomique en Afrique. Pourquoi encourager la jeune g\u00e9n\u00e9ration \u00e0 se faire une place en Afrique plut\u00f4t qu\u2019\u00e0 Paris ?<\/p>\n<p>Je pense que Paris est satur\u00e9 et qu&rsquo;il y a encore beaucoup de choses \u00e0 faire en Afrique, y compris, d\u00e9j\u00e0, l&rsquo;\u00e9ducation \u00e0 la mode, la prise de conscience, tout en redonnant confiance aux jeunes g\u00e9n\u00e9rations qui sont un peu perdues. La plupart veulent prendre la route pour aller chercher l&rsquo;eldorado ailleurs, mais souvent la course se termine dans les d\u00e9serts et les oc\u00e9ans. C&rsquo;est catastrophique ! Il faut dire aux jeunes g\u00e9n\u00e9rations que l&rsquo;eldorado, il est sur place. Moi, j&rsquo;ai beaucoup souffert pour \u00eatre ici [\u00e0 Paris] et ce que j&rsquo;ai v\u00e9cu, je ne peux pas le conseiller aux autres !<\/p>\n<p>Alors depuis 11 ans, je travaille avec le CCMC (centre culturel de mode camerounaise) qui propose des formations, des master classes et un concours avec diff\u00e9rentes ambassades : aujourd&rsquo;hui, les gens font la queue pour y participer, mais la premi\u00e8re ann\u00e9e, il fallait aller les chercher chez eux : les choses changent petit \u00e0 petit.<\/p>\n<p>Apr\u00e8s le Victoria &amp; Albert Museum \u00e0 Londres, le Brooklyn Museum \u00e0 New York accueille vos cr\u00e9ations au sein de l\u2019exposition \u00ab\u00a0Africa Fashion\u00a0\u00bb, qui c\u00e9l\u00e8bre l&rsquo;ing\u00e9niosit\u00e9 et l&rsquo;impact mondial de la mode africaine des ann\u00e9es 1950 \u00e0 aujourd&rsquo;hui.<\/p>\n<p>Cette exposition est importante pour montrer aux gens qui ne connaissent pas l&rsquo;Afrique, ou qui ne la d\u00e9couvrent que par les m\u00e9dias, que ce continent est bond\u00e9 de cr\u00e9ativit\u00e9 et que plein de choses se passent avec les nouvelles g\u00e9n\u00e9rations. Il n&rsquo;y a pas que la mis\u00e8re ! L&rsquo;exposition montre l&rsquo;\u00e9l\u00e9gance, la cr\u00e9ativit\u00e9, mais il n&rsquo;y a pas que le v\u00eatement. La mode, c&rsquo;est tout ce qui nous accompagne dans notre vie : architecture, ameublement, art de la table, maroquinerie, coiffure&#8230; Tout le monde a une petite partie de l&rsquo;Afrique en soi, m\u00eame si l&rsquo;on ne veut pas le reconna\u00eetre : ne dit-on pas que la vie a commenc\u00e9 en Afrique ?<\/p>\n<p>Que faut-il retenir de votre collection automne-hiver 2023-24 ?<\/p>\n<p>Cette collection s&rsquo;intitule \u00ab\u00a0Mguilguidigueu &#8211; Mteun\u00a0\u00bb, ce qui signifie, en langue ewondo du Cameroun, un trait et un cercle. Partout dans le monde, le d\u00e9but d&rsquo;une \u0153uvre graphique est toujours un ensemble de lignes et de courbes. J&rsquo;ai d\u00e9couvert Paul Chmaroff, un peintre russe qui utilise des couleurs et des formes floues \u00e0 tel point que l&rsquo;on dirait que ses personnages sont en mouvement et vont danser. Comme j&rsquo;ai fait de la danse, le c\u00f4t\u00e9 un peu a\u00e9rien m&rsquo;a interpell\u00e9 et j&rsquo;ai voulu saluer son travail, que j&rsquo;ai trouv\u00e9 magnifique. Cette collection est donc, avant tout, une pure recherche de lignes, de formes, de volumes, de mouvements, de couleurs et de textures.<\/p>\n<p>Les formes rondes sont pr\u00e9sentes, par exemple, avec ces rondelles en obom mont\u00e9es \u00e0 la main. On a des id\u00e9es, on les dessine, apr\u00e8s, il faut les r\u00e9aliser, en trouvant les bonnes mati\u00e8res qui r\u00e9pondent aux formes et volumes que l&rsquo;on a envie d&rsquo;obtenir pour qu\u2019un corps puisse bouger dedans.<\/p>\n","protected":false},"excerpt":{"rendered":"<p>Le couturier a pr\u00e9sent\u00e9 sa collection automne-hiver 2023-24, con\u00e7ue \u00e0 partir d&rsquo;un m\u00e9lange de mati\u00e8res europ\u00e9ennes et africaines, le 6 juillet, au dernier jour de la semaine de la haute couture parisienne.<\/p>\n","protected":false},"author":12963,"featured_media":30243,"comment_status":"open","ping_status":"open","sticky":false,"template":"","format":"standard","meta":{"footnotes":""},"categories":[57,63],"tags":[78,95,94],"class_list":{"0":"post-30246","1":"post","2":"type-post","3":"status-publish","4":"format-standard","5":"has-post-thumbnail","7":"category-mode","8":"category-mode-de-vie","9":"tag-apie-project-2","10":"tag-mode","11":"tag-mode-de-vie"},"yoast_head":"<!-- This site is optimized with the Yoast SEO plugin v24.4 - https:\/\/yoast.com\/wordpress\/plugins\/seo\/ -->\n<title>Le Camerounais Imane Ayissi Associe Des Artisans \u00c0 La Mode Occidentale Pour Sa Haute Couture - APIE NEWS<\/title>\n<meta name=\"robots\" content=\"index, follow, max-snippet:-1, max-image-preview:large, max-video-preview:-1\" \/>\n<link rel=\"canonical\" href=\"https:\/\/appsaf.apieproject.com\/news\/fr\/2023\/07\/13\/jessaie-toujours-de-montrer-le-savoir-faire-du-continent-africain-le-camerounais-imane-ayissi-associe-des-artisans-a-la-mode-occidentale-pour-sa-haute-couture\/\" \/>\n<meta property=\"og:locale\" content=\"fr_FR\" \/>\n<meta property=\"og:type\" content=\"article\" \/>\n<meta property=\"og:title\" content=\"Le Camerounais Imane Ayissi Associe Des Artisans \u00c0 La Mode Occidentale Pour Sa Haute Couture - APIE NEWS\" \/>\n<meta property=\"og:description\" content=\"Le couturier a pr\u00e9sent\u00e9 sa collection automne-hiver 2023-24, con\u00e7ue \u00e0 partir d&#039;un m\u00e9lange de mati\u00e8res europ\u00e9ennes et africaines, le 6 juillet, au dernier jour de la semaine de la haute couture parisienne.\" \/>\n<meta property=\"og:url\" content=\"https:\/\/appsaf.apieproject.com\/news\/fr\/2023\/07\/13\/jessaie-toujours-de-montrer-le-savoir-faire-du-continent-africain-le-camerounais-imane-ayissi-associe-des-artisans-a-la-mode-occidentale-pour-sa-haute-couture\/\" \/>\n<meta property=\"og:site_name\" content=\"APIE NEWS\" \/>\n<meta property=\"article:publisher\" content=\"https:\/\/facebook.com\/apieproject\" \/>\n<meta property=\"article:published_time\" content=\"2023-07-13T20:34:46+00:00\" \/>\n<meta property=\"article:modified_time\" content=\"2023-07-14T15:30:55+00:00\" \/>\n<meta property=\"og:image\" content=\"https:\/\/appsaf.apieproject.com\/news\/wp-content\/uploads\/sites\/29\/2023\/07\/Screenshot_20230712_221741_com.android.chrome_edit_73393942458591-459095239a72f754a2effb8ef559b232.jpg\" \/>\n\t<meta property=\"og:image:width\" content=\"812\" \/>\n\t<meta property=\"og:image:height\" content=\"508\" \/>\n\t<meta property=\"og:image:type\" content=\"image\/jpeg\" \/>\n<meta name=\"author\" content=\"staff\" \/>\n<meta name=\"twitter:card\" content=\"summary_large_image\" \/>\n<meta name=\"twitter:creator\" content=\"@apieproject\" \/>\n<meta name=\"twitter:site\" content=\"@apieproject\" \/>\n<meta name=\"twitter:label1\" content=\"\u00c9crit par\" \/>\n\t<meta name=\"twitter:data1\" content=\"staff\" \/>\n\t<meta name=\"twitter:label2\" content=\"Dur\u00e9e de lecture estim\u00e9e\" \/>\n\t<meta name=\"twitter:data2\" content=\"8 minutes\" \/>\n<script type=\"application\/ld+json\" class=\"yoast-schema-graph\">{\"@context\":\"https:\/\/schema.org\",\"@graph\":[{\"@type\":\"Article\",\"@id\":\"https:\/\/appsaf.apieproject.com\/news\/fr\/2023\/07\/13\/jessaie-toujours-de-montrer-le-savoir-faire-du-continent-africain-le-camerounais-imane-ayissi-associe-des-artisans-a-la-mode-occidentale-pour-sa-haute-couture\/#article\",\"isPartOf\":{\"@id\":\"https:\/\/appsaf.apieproject.com\/news\/fr\/2023\/07\/13\/jessaie-toujours-de-montrer-le-savoir-faire-du-continent-africain-le-camerounais-imane-ayissi-associe-des-artisans-a-la-mode-occidentale-pour-sa-haute-couture\/\"},\"author\":{\"name\":\"staff\",\"@id\":\"https:\/\/appsaf.apieproject.com\/news\/#\/schema\/person\/399517cac378948cd7b39086f9ddc2a7\"},\"headline\":\"Le Camerounais Imane Ayissi Associe Des Artisans \u00c0 La Mode Occidentale Pour Sa Haute Couture\",\"datePublished\":\"2023-07-13T20:34:46+00:00\",\"dateModified\":\"2023-07-14T15:30:55+00:00\",\"mainEntityOfPage\":{\"@id\":\"https:\/\/appsaf.apieproject.com\/news\/fr\/2023\/07\/13\/jessaie-toujours-de-montrer-le-savoir-faire-du-continent-africain-le-camerounais-imane-ayissi-associe-des-artisans-a-la-mode-occidentale-pour-sa-haute-couture\/\"},\"wordCount\":1660,\"commentCount\":0,\"publisher\":{\"@id\":\"https:\/\/appsaf.apieproject.com\/news\/#organization\"},\"image\":{\"@id\":\"https:\/\/appsaf.apieproject.com\/news\/fr\/2023\/07\/13\/jessaie-toujours-de-montrer-le-savoir-faire-du-continent-africain-le-camerounais-imane-ayissi-associe-des-artisans-a-la-mode-occidentale-pour-sa-haute-couture\/#primaryimage\"},\"thumbnailUrl\":\"https:\/\/appsaf.apieproject.com\/news\/wp-content\/uploads\/sites\/29\/2023\/07\/Screenshot_20230712_221741_com.android.chrome_edit_73393942458591-459095239a72f754a2effb8ef559b232.jpg\",\"keywords\":[\"apie project\",\"mode\",\"mode de vie\"],\"articleSection\":[\"Mode\",\"Mode de Vie\"],\"inLanguage\":\"fr-FR\",\"potentialAction\":[{\"@type\":\"CommentAction\",\"name\":\"Comment\",\"target\":[\"https:\/\/appsaf.apieproject.com\/news\/fr\/2023\/07\/13\/jessaie-toujours-de-montrer-le-savoir-faire-du-continent-africain-le-camerounais-imane-ayissi-associe-des-artisans-a-la-mode-occidentale-pour-sa-haute-couture\/#respond\"]}]},{\"@type\":\"WebPage\",\"@id\":\"https:\/\/appsaf.apieproject.com\/news\/fr\/2023\/07\/13\/jessaie-toujours-de-montrer-le-savoir-faire-du-continent-africain-le-camerounais-imane-ayissi-associe-des-artisans-a-la-mode-occidentale-pour-sa-haute-couture\/\",\"url\":\"https:\/\/appsaf.apieproject.com\/news\/fr\/2023\/07\/13\/jessaie-toujours-de-montrer-le-savoir-faire-du-continent-africain-le-camerounais-imane-ayissi-associe-des-artisans-a-la-mode-occidentale-pour-sa-haute-couture\/\",\"name\":\"Le Camerounais Imane Ayissi Associe Des Artisans \u00c0 La Mode Occidentale Pour Sa Haute Couture - APIE NEWS\",\"isPartOf\":{\"@id\":\"https:\/\/appsaf.apieproject.com\/news\/#website\"},\"primaryImageOfPage\":{\"@id\":\"https:\/\/appsaf.apieproject.com\/news\/fr\/2023\/07\/13\/jessaie-toujours-de-montrer-le-savoir-faire-du-continent-africain-le-camerounais-imane-ayissi-associe-des-artisans-a-la-mode-occidentale-pour-sa-haute-couture\/#primaryimage\"},\"image\":{\"@id\":\"https:\/\/appsaf.apieproject.com\/news\/fr\/2023\/07\/13\/jessaie-toujours-de-montrer-le-savoir-faire-du-continent-africain-le-camerounais-imane-ayissi-associe-des-artisans-a-la-mode-occidentale-pour-sa-haute-couture\/#primaryimage\"},\"thumbnailUrl\":\"https:\/\/appsaf.apieproject.com\/news\/wp-content\/uploads\/sites\/29\/2023\/07\/Screenshot_20230712_221741_com.android.chrome_edit_73393942458591-459095239a72f754a2effb8ef559b232.jpg\",\"datePublished\":\"2023-07-13T20:34:46+00:00\",\"dateModified\":\"2023-07-14T15:30:55+00:00\",\"breadcrumb\":{\"@id\":\"https:\/\/appsaf.apieproject.com\/news\/fr\/2023\/07\/13\/jessaie-toujours-de-montrer-le-savoir-faire-du-continent-africain-le-camerounais-imane-ayissi-associe-des-artisans-a-la-mode-occidentale-pour-sa-haute-couture\/#breadcrumb\"},\"inLanguage\":\"fr-FR\",\"potentialAction\":[{\"@type\":\"ReadAction\",\"target\":[\"https:\/\/appsaf.apieproject.com\/news\/fr\/2023\/07\/13\/jessaie-toujours-de-montrer-le-savoir-faire-du-continent-africain-le-camerounais-imane-ayissi-associe-des-artisans-a-la-mode-occidentale-pour-sa-haute-couture\/\"]}]},{\"@type\":\"ImageObject\",\"inLanguage\":\"fr-FR\",\"@id\":\"https:\/\/appsaf.apieproject.com\/news\/fr\/2023\/07\/13\/jessaie-toujours-de-montrer-le-savoir-faire-du-continent-africain-le-camerounais-imane-ayissi-associe-des-artisans-a-la-mode-occidentale-pour-sa-haute-couture\/#primaryimage\",\"url\":\"https:\/\/appsaf.apieproject.com\/news\/wp-content\/uploads\/sites\/29\/2023\/07\/Screenshot_20230712_221741_com.android.chrome_edit_73393942458591-459095239a72f754a2effb8ef559b232.jpg\",\"contentUrl\":\"https:\/\/appsaf.apieproject.com\/news\/wp-content\/uploads\/sites\/29\/2023\/07\/Screenshot_20230712_221741_com.android.chrome_edit_73393942458591-459095239a72f754a2effb8ef559b232.jpg\",\"width\":812,\"height\":508},{\"@type\":\"BreadcrumbList\",\"@id\":\"https:\/\/appsaf.apieproject.com\/news\/fr\/2023\/07\/13\/jessaie-toujours-de-montrer-le-savoir-faire-du-continent-africain-le-camerounais-imane-ayissi-associe-des-artisans-a-la-mode-occidentale-pour-sa-haute-couture\/#breadcrumb\",\"itemListElement\":[{\"@type\":\"ListItem\",\"position\":1,\"name\":\"Home\",\"item\":\"https:\/\/appsaf.apieproject.com\/news\/fr\/home\/\"},{\"@type\":\"ListItem\",\"position\":2,\"name\":\"Le Camerounais Imane Ayissi Associe Des Artisans \u00c0 La Mode Occidentale Pour Sa Haute Couture\"}]},{\"@type\":\"WebSite\",\"@id\":\"https:\/\/appsaf.apieproject.com\/news\/#website\",\"url\":\"https:\/\/appsaf.apieproject.com\/news\/\",\"name\":\"APIE NEWS\",\"description\":\"PANAFRICANISM NEWS PORTAL\",\"publisher\":{\"@id\":\"https:\/\/appsaf.apieproject.com\/news\/#organization\"},\"potentialAction\":[{\"@type\":\"SearchAction\",\"target\":{\"@type\":\"EntryPoint\",\"urlTemplate\":\"https:\/\/appsaf.apieproject.com\/news\/?s={search_term_string}\"},\"query-input\":{\"@type\":\"PropertyValueSpecification\",\"valueRequired\":true,\"valueName\":\"search_term_string\"}}],\"inLanguage\":\"fr-FR\"},{\"@type\":\"Organization\",\"@id\":\"https:\/\/appsaf.apieproject.com\/news\/#organization\",\"name\":\"APIE PROJECT\",\"url\":\"https:\/\/appsaf.apieproject.com\/news\/\",\"logo\":{\"@type\":\"ImageObject\",\"inLanguage\":\"fr-FR\",\"@id\":\"https:\/\/appsaf.apieproject.com\/news\/#\/schema\/logo\/image\/\",\"url\":\"https:\/\/appsaf.apieproject.com\/news\/wp-content\/uploads\/sites\/29\/2022\/07\/logo-R-TransparentBackground.png\",\"contentUrl\":\"https:\/\/appsaf.apieproject.com\/news\/wp-content\/uploads\/sites\/29\/2022\/07\/logo-R-TransparentBackground.png\",\"width\":512,\"height\":512,\"caption\":\"APIE PROJECT\"},\"image\":{\"@id\":\"https:\/\/appsaf.apieproject.com\/news\/#\/schema\/logo\/image\/\"},\"sameAs\":[\"https:\/\/facebook.com\/apieproject\",\"https:\/\/x.com\/apieproject\"]},{\"@type\":\"Person\",\"@id\":\"https:\/\/appsaf.apieproject.com\/news\/#\/schema\/person\/399517cac378948cd7b39086f9ddc2a7\",\"name\":\"staff\",\"image\":{\"@type\":\"ImageObject\",\"inLanguage\":\"fr-FR\",\"@id\":\"https:\/\/appsaf.apieproject.com\/news\/#\/schema\/person\/image\/\",\"url\":\"https:\/\/secure.gravatar.com\/avatar\/5386283c5db150efe261184bd59f072a?s=96&d=mm&r=g\",\"contentUrl\":\"https:\/\/secure.gravatar.com\/avatar\/5386283c5db150efe261184bd59f072a?s=96&d=mm&r=g\",\"caption\":\"staff\"},\"url\":\"https:\/\/appsaf.apieproject.com\/news\/fr\/author\/staff\/\"}]}<\/script>\n<!-- \/ Yoast SEO plugin. -->","yoast_head_json":{"title":"Le Camerounais Imane Ayissi Associe Des Artisans \u00c0 La Mode Occidentale Pour Sa Haute Couture - APIE NEWS","robots":{"index":"index","follow":"follow","max-snippet":"max-snippet:-1","max-image-preview":"max-image-preview:large","max-video-preview":"max-video-preview:-1"},"canonical":"https:\/\/appsaf.apieproject.com\/news\/fr\/2023\/07\/13\/jessaie-toujours-de-montrer-le-savoir-faire-du-continent-africain-le-camerounais-imane-ayissi-associe-des-artisans-a-la-mode-occidentale-pour-sa-haute-couture\/","og_locale":"fr_FR","og_type":"article","og_title":"Le Camerounais Imane Ayissi Associe Des Artisans \u00c0 La Mode Occidentale Pour Sa Haute Couture - APIE NEWS","og_description":"Le couturier a pr\u00e9sent\u00e9 sa collection automne-hiver 2023-24, con\u00e7ue \u00e0 partir d'un m\u00e9lange de mati\u00e8res europ\u00e9ennes et africaines, le 6 juillet, au dernier jour de la semaine de la haute couture parisienne.","og_url":"https:\/\/appsaf.apieproject.com\/news\/fr\/2023\/07\/13\/jessaie-toujours-de-montrer-le-savoir-faire-du-continent-africain-le-camerounais-imane-ayissi-associe-des-artisans-a-la-mode-occidentale-pour-sa-haute-couture\/","og_site_name":"APIE NEWS","article_publisher":"https:\/\/facebook.com\/apieproject","article_published_time":"2023-07-13T20:34:46+00:00","article_modified_time":"2023-07-14T15:30:55+00:00","og_image":[{"width":812,"height":508,"url":"https:\/\/appsaf.apieproject.com\/news\/wp-content\/uploads\/sites\/29\/2023\/07\/Screenshot_20230712_221741_com.android.chrome_edit_73393942458591-459095239a72f754a2effb8ef559b232.jpg","type":"image\/jpeg"}],"author":"staff","twitter_card":"summary_large_image","twitter_creator":"@apieproject","twitter_site":"@apieproject","twitter_misc":{"\u00c9crit par":"staff","Dur\u00e9e de lecture estim\u00e9e":"8 minutes"},"schema":{"@context":"https:\/\/schema.org","@graph":[{"@type":"Article","@id":"https:\/\/appsaf.apieproject.com\/news\/fr\/2023\/07\/13\/jessaie-toujours-de-montrer-le-savoir-faire-du-continent-africain-le-camerounais-imane-ayissi-associe-des-artisans-a-la-mode-occidentale-pour-sa-haute-couture\/#article","isPartOf":{"@id":"https:\/\/appsaf.apieproject.com\/news\/fr\/2023\/07\/13\/jessaie-toujours-de-montrer-le-savoir-faire-du-continent-africain-le-camerounais-imane-ayissi-associe-des-artisans-a-la-mode-occidentale-pour-sa-haute-couture\/"},"author":{"name":"staff","@id":"https:\/\/appsaf.apieproject.com\/news\/#\/schema\/person\/399517cac378948cd7b39086f9ddc2a7"},"headline":"Le Camerounais Imane Ayissi Associe Des Artisans \u00c0 La Mode Occidentale Pour Sa Haute Couture","datePublished":"2023-07-13T20:34:46+00:00","dateModified":"2023-07-14T15:30:55+00:00","mainEntityOfPage":{"@id":"https:\/\/appsaf.apieproject.com\/news\/fr\/2023\/07\/13\/jessaie-toujours-de-montrer-le-savoir-faire-du-continent-africain-le-camerounais-imane-ayissi-associe-des-artisans-a-la-mode-occidentale-pour-sa-haute-couture\/"},"wordCount":1660,"commentCount":0,"publisher":{"@id":"https:\/\/appsaf.apieproject.com\/news\/#organization"},"image":{"@id":"https:\/\/appsaf.apieproject.com\/news\/fr\/2023\/07\/13\/jessaie-toujours-de-montrer-le-savoir-faire-du-continent-africain-le-camerounais-imane-ayissi-associe-des-artisans-a-la-mode-occidentale-pour-sa-haute-couture\/#primaryimage"},"thumbnailUrl":"https:\/\/appsaf.apieproject.com\/news\/wp-content\/uploads\/sites\/29\/2023\/07\/Screenshot_20230712_221741_com.android.chrome_edit_73393942458591-459095239a72f754a2effb8ef559b232.jpg","keywords":["apie project","mode","mode de vie"],"articleSection":["Mode","Mode de Vie"],"inLanguage":"fr-FR","potentialAction":[{"@type":"CommentAction","name":"Comment","target":["https:\/\/appsaf.apieproject.com\/news\/fr\/2023\/07\/13\/jessaie-toujours-de-montrer-le-savoir-faire-du-continent-africain-le-camerounais-imane-ayissi-associe-des-artisans-a-la-mode-occidentale-pour-sa-haute-couture\/#respond"]}]},{"@type":"WebPage","@id":"https:\/\/appsaf.apieproject.com\/news\/fr\/2023\/07\/13\/jessaie-toujours-de-montrer-le-savoir-faire-du-continent-africain-le-camerounais-imane-ayissi-associe-des-artisans-a-la-mode-occidentale-pour-sa-haute-couture\/","url":"https:\/\/appsaf.apieproject.com\/news\/fr\/2023\/07\/13\/jessaie-toujours-de-montrer-le-savoir-faire-du-continent-africain-le-camerounais-imane-ayissi-associe-des-artisans-a-la-mode-occidentale-pour-sa-haute-couture\/","name":"Le Camerounais Imane Ayissi Associe Des Artisans \u00c0 La Mode Occidentale Pour Sa Haute Couture - APIE NEWS","isPartOf":{"@id":"https:\/\/appsaf.apieproject.com\/news\/#website"},"primaryImageOfPage":{"@id":"https:\/\/appsaf.apieproject.com\/news\/fr\/2023\/07\/13\/jessaie-toujours-de-montrer-le-savoir-faire-du-continent-africain-le-camerounais-imane-ayissi-associe-des-artisans-a-la-mode-occidentale-pour-sa-haute-couture\/#primaryimage"},"image":{"@id":"https:\/\/appsaf.apieproject.com\/news\/fr\/2023\/07\/13\/jessaie-toujours-de-montrer-le-savoir-faire-du-continent-africain-le-camerounais-imane-ayissi-associe-des-artisans-a-la-mode-occidentale-pour-sa-haute-couture\/#primaryimage"},"thumbnailUrl":"https:\/\/appsaf.apieproject.com\/news\/wp-content\/uploads\/sites\/29\/2023\/07\/Screenshot_20230712_221741_com.android.chrome_edit_73393942458591-459095239a72f754a2effb8ef559b232.jpg","datePublished":"2023-07-13T20:34:46+00:00","dateModified":"2023-07-14T15:30:55+00:00","breadcrumb":{"@id":"https:\/\/appsaf.apieproject.com\/news\/fr\/2023\/07\/13\/jessaie-toujours-de-montrer-le-savoir-faire-du-continent-africain-le-camerounais-imane-ayissi-associe-des-artisans-a-la-mode-occidentale-pour-sa-haute-couture\/#breadcrumb"},"inLanguage":"fr-FR","potentialAction":[{"@type":"ReadAction","target":["https:\/\/appsaf.apieproject.com\/news\/fr\/2023\/07\/13\/jessaie-toujours-de-montrer-le-savoir-faire-du-continent-africain-le-camerounais-imane-ayissi-associe-des-artisans-a-la-mode-occidentale-pour-sa-haute-couture\/"]}]},{"@type":"ImageObject","inLanguage":"fr-FR","@id":"https:\/\/appsaf.apieproject.com\/news\/fr\/2023\/07\/13\/jessaie-toujours-de-montrer-le-savoir-faire-du-continent-africain-le-camerounais-imane-ayissi-associe-des-artisans-a-la-mode-occidentale-pour-sa-haute-couture\/#primaryimage","url":"https:\/\/appsaf.apieproject.com\/news\/wp-content\/uploads\/sites\/29\/2023\/07\/Screenshot_20230712_221741_com.android.chrome_edit_73393942458591-459095239a72f754a2effb8ef559b232.jpg","contentUrl":"https:\/\/appsaf.apieproject.com\/news\/wp-content\/uploads\/sites\/29\/2023\/07\/Screenshot_20230712_221741_com.android.chrome_edit_73393942458591-459095239a72f754a2effb8ef559b232.jpg","width":812,"height":508},{"@type":"BreadcrumbList","@id":"https:\/\/appsaf.apieproject.com\/news\/fr\/2023\/07\/13\/jessaie-toujours-de-montrer-le-savoir-faire-du-continent-africain-le-camerounais-imane-ayissi-associe-des-artisans-a-la-mode-occidentale-pour-sa-haute-couture\/#breadcrumb","itemListElement":[{"@type":"ListItem","position":1,"name":"Home","item":"https:\/\/appsaf.apieproject.com\/news\/fr\/home\/"},{"@type":"ListItem","position":2,"name":"Le Camerounais Imane Ayissi Associe Des Artisans \u00c0 La Mode Occidentale Pour Sa Haute Couture"}]},{"@type":"WebSite","@id":"https:\/\/appsaf.apieproject.com\/news\/#website","url":"https:\/\/appsaf.apieproject.com\/news\/","name":"APIE NEWS","description":"PANAFRICANISM NEWS PORTAL","publisher":{"@id":"https:\/\/appsaf.apieproject.com\/news\/#organization"},"potentialAction":[{"@type":"SearchAction","target":{"@type":"EntryPoint","urlTemplate":"https:\/\/appsaf.apieproject.com\/news\/?s={search_term_string}"},"query-input":{"@type":"PropertyValueSpecification","valueRequired":true,"valueName":"search_term_string"}}],"inLanguage":"fr-FR"},{"@type":"Organization","@id":"https:\/\/appsaf.apieproject.com\/news\/#organization","name":"APIE PROJECT","url":"https:\/\/appsaf.apieproject.com\/news\/","logo":{"@type":"ImageObject","inLanguage":"fr-FR","@id":"https:\/\/appsaf.apieproject.com\/news\/#\/schema\/logo\/image\/","url":"https:\/\/appsaf.apieproject.com\/news\/wp-content\/uploads\/sites\/29\/2022\/07\/logo-R-TransparentBackground.png","contentUrl":"https:\/\/appsaf.apieproject.com\/news\/wp-content\/uploads\/sites\/29\/2022\/07\/logo-R-TransparentBackground.png","width":512,"height":512,"caption":"APIE PROJECT"},"image":{"@id":"https:\/\/appsaf.apieproject.com\/news\/#\/schema\/logo\/image\/"},"sameAs":["https:\/\/facebook.com\/apieproject","https:\/\/x.com\/apieproject"]},{"@type":"Person","@id":"https:\/\/appsaf.apieproject.com\/news\/#\/schema\/person\/399517cac378948cd7b39086f9ddc2a7","name":"staff","image":{"@type":"ImageObject","inLanguage":"fr-FR","@id":"https:\/\/appsaf.apieproject.com\/news\/#\/schema\/person\/image\/","url":"https:\/\/secure.gravatar.com\/avatar\/5386283c5db150efe261184bd59f072a?s=96&d=mm&r=g","contentUrl":"https:\/\/secure.gravatar.com\/avatar\/5386283c5db150efe261184bd59f072a?s=96&d=mm&r=g","caption":"staff"},"url":"https:\/\/appsaf.apieproject.com\/news\/fr\/author\/staff\/"}]}},"_links":{"self":[{"href":"https:\/\/appsaf.apieproject.com\/news\/fr\/wp-json\/wp\/v2\/posts\/30246","targetHints":{"allow":["GET"]}}],"collection":[{"href":"https:\/\/appsaf.apieproject.com\/news\/fr\/wp-json\/wp\/v2\/posts"}],"about":[{"href":"https:\/\/appsaf.apieproject.com\/news\/fr\/wp-json\/wp\/v2\/types\/post"}],"author":[{"embeddable":true,"href":"https:\/\/appsaf.apieproject.com\/news\/fr\/wp-json\/wp\/v2\/users\/12963"}],"replies":[{"embeddable":true,"href":"https:\/\/appsaf.apieproject.com\/news\/fr\/wp-json\/wp\/v2\/comments?post=30246"}],"version-history":[{"count":2,"href":"https:\/\/appsaf.apieproject.com\/news\/fr\/wp-json\/wp\/v2\/posts\/30246\/revisions"}],"predecessor-version":[{"id":30878,"href":"https:\/\/appsaf.apieproject.com\/news\/fr\/wp-json\/wp\/v2\/posts\/30246\/revisions\/30878"}],"wp:featuredmedia":[{"embeddable":true,"href":"https:\/\/appsaf.apieproject.com\/news\/fr\/wp-json\/wp\/v2\/media\/30243"}],"wp:attachment":[{"href":"https:\/\/appsaf.apieproject.com\/news\/fr\/wp-json\/wp\/v2\/media?parent=30246"}],"wp:term":[{"taxonomy":"category","embeddable":true,"href":"https:\/\/appsaf.apieproject.com\/news\/fr\/wp-json\/wp\/v2\/categories?post=30246"},{"taxonomy":"post_tag","embeddable":true,"href":"https:\/\/appsaf.apieproject.com\/news\/fr\/wp-json\/wp\/v2\/tags?post=30246"}],"curies":[{"name":"wp","href":"https:\/\/api.w.org\/{rel}","templated":true}]}}