{"id":30496,"date":"2023-07-16T14:34:07","date_gmt":"2023-07-16T14:34:07","guid":{"rendered":"https:\/\/appsaf.apieproject.com\/news\/?p=30496"},"modified":"2023-07-16T14:34:09","modified_gmt":"2023-07-16T14:34:09","slug":"angelique-kidjo-recoit-le-prix-nuits-dafrique-pour-la-francophonie","status":"publish","type":"post","link":"https:\/\/appsaf.apieproject.com\/news\/fr\/2023\/07\/16\/angelique-kidjo-recoit-le-prix-nuits-dafrique-pour-la-francophonie\/","title":{"rendered":"Ang\u00e9lique Kidjo Re\u00e7oit Le Prix Nuits d\u2019Afrique Pour La Francophonie"},"content":{"rendered":"<p>Fi\u00e8re repr\u00e9sentante du continent africain depuis 40 ans, Ang\u00e9lique Kidjo s\u2019est d\u00e9marqu\u00e9e avec sa voix puissante, sa production prolifique, ses prestations enflamm\u00e9es et ses nombreuses collaborations avec d\u2019autres artistes, de Bono \u00e0 John Legend en passant par Peter Gabriel et Alicia Keys.<\/p>\n<p>Je suis vraiment \u00e9mue de recevoir ce prix de la Francophonie qui est ch\u00e8re \u00e0 mon c\u0153ur \u00e0 Montr\u00e9al, cette ville o\u00f9 je me sens si bien, comme \u00e0 la maison, a affirm\u00e9 Ang\u00e9lique Kidjo dans un communiqu\u00e9.<\/p>\n<p>Celle qui compte 16 albums solo a remport\u00e9 de nombreux prix et r\u00e9compenses, dont cinq prix Grammy. Compositrice et interpr\u00e8te, elle est reconnue \u00e0 la fois pour ses multiples hymnes, tels que Adouma, Batonga et We We, et pour ses albums comme Oyo et Djin Djin.<\/p>\n<p>Le prix Nuits d\u2019Afrique pour la francophonie a \u00e9t\u00e9 cr\u00e9\u00e9 en 2016 \u00e0 l\u2019occasion du 30e anniversaire du festival. Il est d\u00e9cern\u00e9 \u00e0 un ou une artiste au rayonnement international, qui incarne une vision rassembleuse de la Francophonie et de la diversit\u00e9 des expressions culturelles de l\u2019espace francophone international, d\u00e9taille Nuits d\u2019Afrique,<\/p>\n<p>Depuis sa cr\u00e9ation, il a \u00e9t\u00e9 remis \u00e0 Manu Dibango (2016), \u00e0 Amadou et Mariam (2017), \u00e0 S\u00e9kouba Bambino (2018), \u00e0 Salif Keita (2019) et \u00e0 Tiken Jah Fakoly (2022), apr\u00e8s deux ann\u00e9es d\u2019interruption en raison de la pand\u00e9mie.<\/p>\n","protected":false},"excerpt":{"rendered":"<p>Au lendemain de sa prestation au Festival Nuits d\u2019Afrique, la chanteuse franco-b\u00e9ninoise Ang\u00e9lique Kidjo se verra remettre jeudi le prix Nuits d\u2019Afrique pour la francophonie lors d\u2019une c\u00e9r\u00e9monie protocolaire \u00e0 l\u2019h\u00f4tel de ville de Montr\u00e9al.<\/p>\n","protected":false},"author":12963,"featured_media":30493,"comment_status":"open","ping_status":"open","sticky":false,"template":"","format":"standard","meta":{"footnotes":""},"categories":[55,65],"tags":[78,88,91],"class_list":{"0":"post-30496","1":"post","2":"type-post","3":"status-publish","4":"format-standard","5":"has-post-thumbnail","7":"category-divertissement","8":"category-musique","9":"tag-apie-project-2","10":"tag-divertissement","11":"tag-musique"},"yoast_head":"<!-- This site is optimized with the Yoast SEO plugin v24.4 - https:\/\/yoast.com\/wordpress\/plugins\/seo\/ -->\n<title>Ang\u00e9lique Kidjo Re\u00e7oit Le Prix Nuits d\u2019Afrique Pour La Francophonie - APIE NEWS<\/title>\n<meta name=\"robots\" content=\"index, follow, max-snippet:-1, max-image-preview:large, max-video-preview:-1\" \/>\n<link rel=\"canonical\" href=\"https:\/\/appsaf.apieproject.com\/news\/fr\/2023\/07\/16\/angelique-kidjo-recoit-le-prix-nuits-dafrique-pour-la-francophonie\/\" \/>\n<meta property=\"og:locale\" content=\"fr_FR\" \/>\n<meta property=\"og:type\" content=\"article\" \/>\n<meta property=\"og:title\" content=\"Ang\u00e9lique Kidjo Re\u00e7oit Le Prix Nuits d\u2019Afrique Pour La Francophonie - APIE NEWS\" \/>\n<meta property=\"og:description\" content=\"Au lendemain de sa prestation au Festival Nuits d\u2019Afrique, la chanteuse franco-b\u00e9ninoise Ang\u00e9lique Kidjo se verra remettre jeudi le prix Nuits d\u2019Afrique pour la francophonie lors d\u2019une c\u00e9r\u00e9monie protocolaire \u00e0 l\u2019h\u00f4tel de ville de Montr\u00e9al.\" \/>\n<meta property=\"og:url\" content=\"https:\/\/appsaf.apieproject.com\/news\/fr\/2023\/07\/16\/angelique-kidjo-recoit-le-prix-nuits-dafrique-pour-la-francophonie\/\" \/>\n<meta property=\"og:site_name\" content=\"APIE NEWS\" \/>\n<meta property=\"article:publisher\" content=\"https:\/\/facebook.com\/apieproject\" \/>\n<meta property=\"article:published_time\" content=\"2023-07-16T14:34:07+00:00\" \/>\n<meta property=\"article:modified_time\" content=\"2023-07-16T14:34:09+00:00\" \/>\n<meta property=\"og:image\" content=\"https:\/\/appsaf.apieproject.com\/news\/wp-content\/uploads\/sites\/29\/2023\/07\/angelique-kidjo-bbonsoir_edit_158879282483047-71907d54231577b48d188730191edfba.jpg\" \/>\n\t<meta property=\"og:image:width\" content=\"1032\" \/>\n\t<meta property=\"og:image:height\" content=\"664\" \/>\n\t<meta property=\"og:image:type\" content=\"image\/jpeg\" \/>\n<meta name=\"author\" content=\"staff\" \/>\n<meta name=\"twitter:card\" content=\"summary_large_image\" \/>\n<meta name=\"twitter:creator\" content=\"@apieproject\" \/>\n<meta name=\"twitter:site\" content=\"@apieproject\" \/>\n<meta name=\"twitter:label1\" content=\"\u00c9crit par\" \/>\n\t<meta name=\"twitter:data1\" content=\"staff\" \/>\n\t<meta name=\"twitter:label2\" content=\"Dur\u00e9e de lecture estim\u00e9e\" \/>\n\t<meta name=\"twitter:data2\" content=\"1 minute\" \/>\n<script type=\"application\/ld+json\" class=\"yoast-schema-graph\">{\"@context\":\"https:\/\/schema.org\",\"@graph\":[{\"@type\":\"Article\",\"@id\":\"https:\/\/appsaf.apieproject.com\/news\/fr\/2023\/07\/16\/angelique-kidjo-recoit-le-prix-nuits-dafrique-pour-la-francophonie\/#article\",\"isPartOf\":{\"@id\":\"https:\/\/appsaf.apieproject.com\/news\/fr\/2023\/07\/16\/angelique-kidjo-recoit-le-prix-nuits-dafrique-pour-la-francophonie\/\"},\"author\":{\"name\":\"staff\",\"@id\":\"https:\/\/appsaf.apieproject.com\/news\/#\/schema\/person\/399517cac378948cd7b39086f9ddc2a7\"},\"headline\":\"Ang\u00e9lique Kidjo Re\u00e7oit Le Prix Nuits d\u2019Afrique Pour La Francophonie\",\"datePublished\":\"2023-07-16T14:34:07+00:00\",\"dateModified\":\"2023-07-16T14:34:09+00:00\",\"mainEntityOfPage\":{\"@id\":\"https:\/\/appsaf.apieproject.com\/news\/fr\/2023\/07\/16\/angelique-kidjo-recoit-le-prix-nuits-dafrique-pour-la-francophonie\/\"},\"wordCount\":236,\"commentCount\":0,\"publisher\":{\"@id\":\"https:\/\/appsaf.apieproject.com\/news\/#organization\"},\"image\":{\"@id\":\"https:\/\/appsaf.apieproject.com\/news\/fr\/2023\/07\/16\/angelique-kidjo-recoit-le-prix-nuits-dafrique-pour-la-francophonie\/#primaryimage\"},\"thumbnailUrl\":\"https:\/\/appsaf.apieproject.com\/news\/wp-content\/uploads\/sites\/29\/2023\/07\/angelique-kidjo-bbonsoir_edit_158879282483047-71907d54231577b48d188730191edfba.jpg\",\"keywords\":[\"apie project\",\"divertissement\",\"musique\"],\"articleSection\":[\"Divertissement\",\"Musique\"],\"inLanguage\":\"fr-FR\",\"potentialAction\":[{\"@type\":\"CommentAction\",\"name\":\"Comment\",\"target\":[\"https:\/\/appsaf.apieproject.com\/news\/fr\/2023\/07\/16\/angelique-kidjo-recoit-le-prix-nuits-dafrique-pour-la-francophonie\/#respond\"]}]},{\"@type\":\"WebPage\",\"@id\":\"https:\/\/appsaf.apieproject.com\/news\/fr\/2023\/07\/16\/angelique-kidjo-recoit-le-prix-nuits-dafrique-pour-la-francophonie\/\",\"url\":\"https:\/\/appsaf.apieproject.com\/news\/fr\/2023\/07\/16\/angelique-kidjo-recoit-le-prix-nuits-dafrique-pour-la-francophonie\/\",\"name\":\"Ang\u00e9lique Kidjo Re\u00e7oit Le Prix Nuits d\u2019Afrique Pour La Francophonie - APIE NEWS\",\"isPartOf\":{\"@id\":\"https:\/\/appsaf.apieproject.com\/news\/#website\"},\"primaryImageOfPage\":{\"@id\":\"https:\/\/appsaf.apieproject.com\/news\/fr\/2023\/07\/16\/angelique-kidjo-recoit-le-prix-nuits-dafrique-pour-la-francophonie\/#primaryimage\"},\"image\":{\"@id\":\"https:\/\/appsaf.apieproject.com\/news\/fr\/2023\/07\/16\/angelique-kidjo-recoit-le-prix-nuits-dafrique-pour-la-francophonie\/#primaryimage\"},\"thumbnailUrl\":\"https:\/\/appsaf.apieproject.com\/news\/wp-content\/uploads\/sites\/29\/2023\/07\/angelique-kidjo-bbonsoir_edit_158879282483047-71907d54231577b48d188730191edfba.jpg\",\"datePublished\":\"2023-07-16T14:34:07+00:00\",\"dateModified\":\"2023-07-16T14:34:09+00:00\",\"breadcrumb\":{\"@id\":\"https:\/\/appsaf.apieproject.com\/news\/fr\/2023\/07\/16\/angelique-kidjo-recoit-le-prix-nuits-dafrique-pour-la-francophonie\/#breadcrumb\"},\"inLanguage\":\"fr-FR\",\"potentialAction\":[{\"@type\":\"ReadAction\",\"target\":[\"https:\/\/appsaf.apieproject.com\/news\/fr\/2023\/07\/16\/angelique-kidjo-recoit-le-prix-nuits-dafrique-pour-la-francophonie\/\"]}]},{\"@type\":\"ImageObject\",\"inLanguage\":\"fr-FR\",\"@id\":\"https:\/\/appsaf.apieproject.com\/news\/fr\/2023\/07\/16\/angelique-kidjo-recoit-le-prix-nuits-dafrique-pour-la-francophonie\/#primaryimage\",\"url\":\"https:\/\/appsaf.apieproject.com\/news\/wp-content\/uploads\/sites\/29\/2023\/07\/angelique-kidjo-bbonsoir_edit_158879282483047-71907d54231577b48d188730191edfba.jpg\",\"contentUrl\":\"https:\/\/appsaf.apieproject.com\/news\/wp-content\/uploads\/sites\/29\/2023\/07\/angelique-kidjo-bbonsoir_edit_158879282483047-71907d54231577b48d188730191edfba.jpg\",\"width\":1032,\"height\":664},{\"@type\":\"BreadcrumbList\",\"@id\":\"https:\/\/appsaf.apieproject.com\/news\/fr\/2023\/07\/16\/angelique-kidjo-recoit-le-prix-nuits-dafrique-pour-la-francophonie\/#breadcrumb\",\"itemListElement\":[{\"@type\":\"ListItem\",\"position\":1,\"name\":\"Home\",\"item\":\"https:\/\/appsaf.apieproject.com\/news\/fr\/home\/\"},{\"@type\":\"ListItem\",\"position\":2,\"name\":\"Ang\u00e9lique Kidjo Re\u00e7oit Le Prix Nuits d\u2019Afrique Pour La Francophonie\"}]},{\"@type\":\"WebSite\",\"@id\":\"https:\/\/appsaf.apieproject.com\/news\/#website\",\"url\":\"https:\/\/appsaf.apieproject.com\/news\/\",\"name\":\"APIE NEWS\",\"description\":\"PANAFRICANISM NEWS PORTAL\",\"publisher\":{\"@id\":\"https:\/\/appsaf.apieproject.com\/news\/#organization\"},\"potentialAction\":[{\"@type\":\"SearchAction\",\"target\":{\"@type\":\"EntryPoint\",\"urlTemplate\":\"https:\/\/appsaf.apieproject.com\/news\/?s={search_term_string}\"},\"query-input\":{\"@type\":\"PropertyValueSpecification\",\"valueRequired\":true,\"valueName\":\"search_term_string\"}}],\"inLanguage\":\"fr-FR\"},{\"@type\":\"Organization\",\"@id\":\"https:\/\/appsaf.apieproject.com\/news\/#organization\",\"name\":\"APIE PROJECT\",\"url\":\"https:\/\/appsaf.apieproject.com\/news\/\",\"logo\":{\"@type\":\"ImageObject\",\"inLanguage\":\"fr-FR\",\"@id\":\"https:\/\/appsaf.apieproject.com\/news\/#\/schema\/logo\/image\/\",\"url\":\"https:\/\/appsaf.apieproject.com\/news\/wp-content\/uploads\/sites\/29\/2022\/07\/logo-R-TransparentBackground.png\",\"contentUrl\":\"https:\/\/appsaf.apieproject.com\/news\/wp-content\/uploads\/sites\/29\/2022\/07\/logo-R-TransparentBackground.png\",\"width\":512,\"height\":512,\"caption\":\"APIE PROJECT\"},\"image\":{\"@id\":\"https:\/\/appsaf.apieproject.com\/news\/#\/schema\/logo\/image\/\"},\"sameAs\":[\"https:\/\/facebook.com\/apieproject\",\"https:\/\/x.com\/apieproject\"]},{\"@type\":\"Person\",\"@id\":\"https:\/\/appsaf.apieproject.com\/news\/#\/schema\/person\/399517cac378948cd7b39086f9ddc2a7\",\"name\":\"staff\",\"image\":{\"@type\":\"ImageObject\",\"inLanguage\":\"fr-FR\",\"@id\":\"https:\/\/appsaf.apieproject.com\/news\/#\/schema\/person\/image\/\",\"url\":\"https:\/\/secure.gravatar.com\/avatar\/5386283c5db150efe261184bd59f072a?s=96&d=mm&r=g\",\"contentUrl\":\"https:\/\/secure.gravatar.com\/avatar\/5386283c5db150efe261184bd59f072a?s=96&d=mm&r=g\",\"caption\":\"staff\"},\"url\":\"https:\/\/appsaf.apieproject.com\/news\/fr\/author\/staff\/\"}]}<\/script>\n<!-- \/ Yoast SEO plugin. -->","yoast_head_json":{"title":"Ang\u00e9lique Kidjo Re\u00e7oit Le Prix Nuits d\u2019Afrique Pour La Francophonie - APIE NEWS","robots":{"index":"index","follow":"follow","max-snippet":"max-snippet:-1","max-image-preview":"max-image-preview:large","max-video-preview":"max-video-preview:-1"},"canonical":"https:\/\/appsaf.apieproject.com\/news\/fr\/2023\/07\/16\/angelique-kidjo-recoit-le-prix-nuits-dafrique-pour-la-francophonie\/","og_locale":"fr_FR","og_type":"article","og_title":"Ang\u00e9lique Kidjo Re\u00e7oit Le Prix Nuits d\u2019Afrique Pour La Francophonie - APIE NEWS","og_description":"Au lendemain de sa prestation au Festival Nuits d\u2019Afrique, la chanteuse franco-b\u00e9ninoise Ang\u00e9lique Kidjo se verra remettre jeudi le prix Nuits d\u2019Afrique pour la francophonie lors d\u2019une c\u00e9r\u00e9monie protocolaire \u00e0 l\u2019h\u00f4tel de ville de Montr\u00e9al.","og_url":"https:\/\/appsaf.apieproject.com\/news\/fr\/2023\/07\/16\/angelique-kidjo-recoit-le-prix-nuits-dafrique-pour-la-francophonie\/","og_site_name":"APIE NEWS","article_publisher":"https:\/\/facebook.com\/apieproject","article_published_time":"2023-07-16T14:34:07+00:00","article_modified_time":"2023-07-16T14:34:09+00:00","og_image":[{"width":1032,"height":664,"url":"https:\/\/appsaf.apieproject.com\/news\/wp-content\/uploads\/sites\/29\/2023\/07\/angelique-kidjo-bbonsoir_edit_158879282483047-71907d54231577b48d188730191edfba.jpg","type":"image\/jpeg"}],"author":"staff","twitter_card":"summary_large_image","twitter_creator":"@apieproject","twitter_site":"@apieproject","twitter_misc":{"\u00c9crit par":"staff","Dur\u00e9e de lecture estim\u00e9e":"1 minute"},"schema":{"@context":"https:\/\/schema.org","@graph":[{"@type":"Article","@id":"https:\/\/appsaf.apieproject.com\/news\/fr\/2023\/07\/16\/angelique-kidjo-recoit-le-prix-nuits-dafrique-pour-la-francophonie\/#article","isPartOf":{"@id":"https:\/\/appsaf.apieproject.com\/news\/fr\/2023\/07\/16\/angelique-kidjo-recoit-le-prix-nuits-dafrique-pour-la-francophonie\/"},"author":{"name":"staff","@id":"https:\/\/appsaf.apieproject.com\/news\/#\/schema\/person\/399517cac378948cd7b39086f9ddc2a7"},"headline":"Ang\u00e9lique Kidjo Re\u00e7oit Le Prix Nuits d\u2019Afrique Pour La Francophonie","datePublished":"2023-07-16T14:34:07+00:00","dateModified":"2023-07-16T14:34:09+00:00","mainEntityOfPage":{"@id":"https:\/\/appsaf.apieproject.com\/news\/fr\/2023\/07\/16\/angelique-kidjo-recoit-le-prix-nuits-dafrique-pour-la-francophonie\/"},"wordCount":236,"commentCount":0,"publisher":{"@id":"https:\/\/appsaf.apieproject.com\/news\/#organization"},"image":{"@id":"https:\/\/appsaf.apieproject.com\/news\/fr\/2023\/07\/16\/angelique-kidjo-recoit-le-prix-nuits-dafrique-pour-la-francophonie\/#primaryimage"},"thumbnailUrl":"https:\/\/appsaf.apieproject.com\/news\/wp-content\/uploads\/sites\/29\/2023\/07\/angelique-kidjo-bbonsoir_edit_158879282483047-71907d54231577b48d188730191edfba.jpg","keywords":["apie project","divertissement","musique"],"articleSection":["Divertissement","Musique"],"inLanguage":"fr-FR","potentialAction":[{"@type":"CommentAction","name":"Comment","target":["https:\/\/appsaf.apieproject.com\/news\/fr\/2023\/07\/16\/angelique-kidjo-recoit-le-prix-nuits-dafrique-pour-la-francophonie\/#respond"]}]},{"@type":"WebPage","@id":"https:\/\/appsaf.apieproject.com\/news\/fr\/2023\/07\/16\/angelique-kidjo-recoit-le-prix-nuits-dafrique-pour-la-francophonie\/","url":"https:\/\/appsaf.apieproject.com\/news\/fr\/2023\/07\/16\/angelique-kidjo-recoit-le-prix-nuits-dafrique-pour-la-francophonie\/","name":"Ang\u00e9lique Kidjo Re\u00e7oit Le Prix Nuits d\u2019Afrique Pour La Francophonie - APIE NEWS","isPartOf":{"@id":"https:\/\/appsaf.apieproject.com\/news\/#website"},"primaryImageOfPage":{"@id":"https:\/\/appsaf.apieproject.com\/news\/fr\/2023\/07\/16\/angelique-kidjo-recoit-le-prix-nuits-dafrique-pour-la-francophonie\/#primaryimage"},"image":{"@id":"https:\/\/appsaf.apieproject.com\/news\/fr\/2023\/07\/16\/angelique-kidjo-recoit-le-prix-nuits-dafrique-pour-la-francophonie\/#primaryimage"},"thumbnailUrl":"https:\/\/appsaf.apieproject.com\/news\/wp-content\/uploads\/sites\/29\/2023\/07\/angelique-kidjo-bbonsoir_edit_158879282483047-71907d54231577b48d188730191edfba.jpg","datePublished":"2023-07-16T14:34:07+00:00","dateModified":"2023-07-16T14:34:09+00:00","breadcrumb":{"@id":"https:\/\/appsaf.apieproject.com\/news\/fr\/2023\/07\/16\/angelique-kidjo-recoit-le-prix-nuits-dafrique-pour-la-francophonie\/#breadcrumb"},"inLanguage":"fr-FR","potentialAction":[{"@type":"ReadAction","target":["https:\/\/appsaf.apieproject.com\/news\/fr\/2023\/07\/16\/angelique-kidjo-recoit-le-prix-nuits-dafrique-pour-la-francophonie\/"]}]},{"@type":"ImageObject","inLanguage":"fr-FR","@id":"https:\/\/appsaf.apieproject.com\/news\/fr\/2023\/07\/16\/angelique-kidjo-recoit-le-prix-nuits-dafrique-pour-la-francophonie\/#primaryimage","url":"https:\/\/appsaf.apieproject.com\/news\/wp-content\/uploads\/sites\/29\/2023\/07\/angelique-kidjo-bbonsoir_edit_158879282483047-71907d54231577b48d188730191edfba.jpg","contentUrl":"https:\/\/appsaf.apieproject.com\/news\/wp-content\/uploads\/sites\/29\/2023\/07\/angelique-kidjo-bbonsoir_edit_158879282483047-71907d54231577b48d188730191edfba.jpg","width":1032,"height":664},{"@type":"BreadcrumbList","@id":"https:\/\/appsaf.apieproject.com\/news\/fr\/2023\/07\/16\/angelique-kidjo-recoit-le-prix-nuits-dafrique-pour-la-francophonie\/#breadcrumb","itemListElement":[{"@type":"ListItem","position":1,"name":"Home","item":"https:\/\/appsaf.apieproject.com\/news\/fr\/home\/"},{"@type":"ListItem","position":2,"name":"Ang\u00e9lique Kidjo Re\u00e7oit Le Prix Nuits d\u2019Afrique Pour La Francophonie"}]},{"@type":"WebSite","@id":"https:\/\/appsaf.apieproject.com\/news\/#website","url":"https:\/\/appsaf.apieproject.com\/news\/","name":"APIE NEWS","description":"PANAFRICANISM NEWS PORTAL","publisher":{"@id":"https:\/\/appsaf.apieproject.com\/news\/#organization"},"potentialAction":[{"@type":"SearchAction","target":{"@type":"EntryPoint","urlTemplate":"https:\/\/appsaf.apieproject.com\/news\/?s={search_term_string}"},"query-input":{"@type":"PropertyValueSpecification","valueRequired":true,"valueName":"search_term_string"}}],"inLanguage":"fr-FR"},{"@type":"Organization","@id":"https:\/\/appsaf.apieproject.com\/news\/#organization","name":"APIE PROJECT","url":"https:\/\/appsaf.apieproject.com\/news\/","logo":{"@type":"ImageObject","inLanguage":"fr-FR","@id":"https:\/\/appsaf.apieproject.com\/news\/#\/schema\/logo\/image\/","url":"https:\/\/appsaf.apieproject.com\/news\/wp-content\/uploads\/sites\/29\/2022\/07\/logo-R-TransparentBackground.png","contentUrl":"https:\/\/appsaf.apieproject.com\/news\/wp-content\/uploads\/sites\/29\/2022\/07\/logo-R-TransparentBackground.png","width":512,"height":512,"caption":"APIE PROJECT"},"image":{"@id":"https:\/\/appsaf.apieproject.com\/news\/#\/schema\/logo\/image\/"},"sameAs":["https:\/\/facebook.com\/apieproject","https:\/\/x.com\/apieproject"]},{"@type":"Person","@id":"https:\/\/appsaf.apieproject.com\/news\/#\/schema\/person\/399517cac378948cd7b39086f9ddc2a7","name":"staff","image":{"@type":"ImageObject","inLanguage":"fr-FR","@id":"https:\/\/appsaf.apieproject.com\/news\/#\/schema\/person\/image\/","url":"https:\/\/secure.gravatar.com\/avatar\/5386283c5db150efe261184bd59f072a?s=96&d=mm&r=g","contentUrl":"https:\/\/secure.gravatar.com\/avatar\/5386283c5db150efe261184bd59f072a?s=96&d=mm&r=g","caption":"staff"},"url":"https:\/\/appsaf.apieproject.com\/news\/fr\/author\/staff\/"}]}},"_links":{"self":[{"href":"https:\/\/appsaf.apieproject.com\/news\/fr\/wp-json\/wp\/v2\/posts\/30496","targetHints":{"allow":["GET"]}}],"collection":[{"href":"https:\/\/appsaf.apieproject.com\/news\/fr\/wp-json\/wp\/v2\/posts"}],"about":[{"href":"https:\/\/appsaf.apieproject.com\/news\/fr\/wp-json\/wp\/v2\/types\/post"}],"author":[{"embeddable":true,"href":"https:\/\/appsaf.apieproject.com\/news\/fr\/wp-json\/wp\/v2\/users\/12963"}],"replies":[{"embeddable":true,"href":"https:\/\/appsaf.apieproject.com\/news\/fr\/wp-json\/wp\/v2\/comments?post=30496"}],"version-history":[{"count":1,"href":"https:\/\/appsaf.apieproject.com\/news\/fr\/wp-json\/wp\/v2\/posts\/30496\/revisions"}],"predecessor-version":[{"id":31093,"href":"https:\/\/appsaf.apieproject.com\/news\/fr\/wp-json\/wp\/v2\/posts\/30496\/revisions\/31093"}],"wp:featuredmedia":[{"embeddable":true,"href":"https:\/\/appsaf.apieproject.com\/news\/fr\/wp-json\/wp\/v2\/media\/30493"}],"wp:attachment":[{"href":"https:\/\/appsaf.apieproject.com\/news\/fr\/wp-json\/wp\/v2\/media?parent=30496"}],"wp:term":[{"taxonomy":"category","embeddable":true,"href":"https:\/\/appsaf.apieproject.com\/news\/fr\/wp-json\/wp\/v2\/categories?post=30496"},{"taxonomy":"post_tag","embeddable":true,"href":"https:\/\/appsaf.apieproject.com\/news\/fr\/wp-json\/wp\/v2\/tags?post=30496"}],"curies":[{"name":"wp","href":"https:\/\/api.w.org\/{rel}","templated":true}]}}