{"id":31389,"date":"2023-07-20T18:43:33","date_gmt":"2023-07-20T18:43:33","guid":{"rendered":"https:\/\/appsaf.apieproject.com\/news\/?p=31389"},"modified":"2023-07-20T18:43:35","modified_gmt":"2023-07-20T18:43:35","slug":"des-ateliers-de-derniere-generation-mis-a-la-disposition-des-couturiers-ivoiriens","status":"publish","type":"post","link":"https:\/\/appsaf.apieproject.com\/news\/fr\/2023\/07\/20\/des-ateliers-de-derniere-generation-mis-a-la-disposition-des-couturiers-ivoiriens\/","title":{"rendered":"Des Ateliers De Derni\u00e8re G\u00e9n\u00e9ration Mis \u00c0 La Disposition Des Couturiers Ivoiriens"},"content":{"rendered":"<p>C\u2019est l\u2019essentiel des informations \u00e9manant de la conf\u00e9rence de presse doubl\u00e9e de la pr\u00e9sentation des activit\u00e9s de l\u2019\u00ab Atelier de mon atelier \u00bb (Ama), organis\u00e9e le 15 juillet 2023 \u00e0 Cocody-Ambassades, non loin du lyc\u00e9e classique d\u2019Abidjan.<\/p>\n<p>Selon la styliste-mod\u00e9liste Nina K\u00e9i Attieban, initiatrice de l\u2019\u00ab Atelier de mon atelier \u00bb, il suffit pour tout tailleur qui n\u2019a pas encore d\u2019espace o\u00f9 exercer ou qui exerce d\u00e9j\u00e0 mais envisage d\u2019\u00e9tendre son activit\u00e9, de prendre attache avec \u00ab Atelier de mon atelier \u00bb.<\/p>\n<p>\u00ab Nous mettons \u00e0 la disposition des tailleurs qui n\u2019ont pas encore d\u2019atelier ou qui exercent d\u00e9j\u00e0 mais ambitionnent de d\u00e9velopper leur business, des ateliers climatis\u00e9s, \u00e9quip\u00e9s de douze machines industrielles capables d\u2019effectuer toutes sortes de coupes. Cela est un avantage parce que le tailleur n\u2019a plus besoin de s\u2019inqui\u00e9ter du loyer mensuel ou de la caution \u00e0 payer avant d\u2019avoir acc\u00e8s \u00e0 un magasin. En plus, il peut d\u00e9velopper sa propre structure pendant qu\u2019il travaille \u00e0 \u2018\u2019Atelier de mon atelier\u2019\u2019. Ce service fonctionne comme un parrainage \u00bb, a expliqu\u00e9 la styliste-mod\u00e9liste gradu\u00e9e des grandes institutions am\u00e9ricaines de haute couture. Mme K\u00e9i a indiqu\u00e9 que l\u2019\u00ab Atelier de mon atelier \u00bb offre trois services.<\/p>\n<p>Outre les locaux aux standards internationaux qu\u2019elle met \u00e0 la disposition des tailleurs ivoiriens, en vue de les aider \u00e0 se professionnaliser et s\u2019exporter ais\u00e9ment, Ama est \u00e9galement sp\u00e9cialis\u00e9 dans la confection du sur-mesure et dans les finitions.<\/p>\n<p>Pour l\u2019ancienne \u00e9l\u00e8ve de Gilles Tour\u00e9, professionnaliser le m\u00e9tier de couturier revient \u00e0 prendre en compte les aspirations du client, reproduire \u00e0 la perfection la tenue selon la conception du client et mieux, respecter scrupuleusement les rendez-vous des clients. Trois valeurs qu\u2019incarne sa structure et enseign\u00e9es aux b\u00e9n\u00e9ficiaires du projet Ama.<\/p>\n<p>La mise en place de l\u2019\u00ab Atelier de mon atelier \u00bb s\u2019inscrit, selon elle, dans la dynamique de l\u2019ann\u00e9e de la jeunesse enclench\u00e9e par le Chef de l\u2019Etat, afin de contribuer \u00e0 formater les jeunes couturiers aux normes internationales.<\/p>\n<p>La conf\u00e9rence de presse s\u2019est achev\u00e9e par une visite des cr\u00e9ations de l\u2019ambassadrice de la mode ivoirienne aux Etats-Unis.<\/p>\n","protected":false},"excerpt":{"rendered":"<p>Bonne nouvelle pour les couturiers qui cherchent encore un espace appropri\u00e9 pour exercer leur m\u00e9tier ou \u00e9tendre leur march\u00e9. Des ateliers climatis\u00e9s et \u00e9quip\u00e9s de toutes les commodit\u00e9s, notamment de douze machines industrielles de derni\u00e8re g\u00e9n\u00e9ration sont mis \u00e0 leur disposition dans la commune de Koumassi.<\/p>\n","protected":false},"author":12963,"featured_media":31386,"comment_status":"open","ping_status":"open","sticky":false,"template":"","format":"standard","meta":{"footnotes":""},"categories":[57,63],"tags":[78,95,94],"class_list":{"0":"post-31389","1":"post","2":"type-post","3":"status-publish","4":"format-standard","5":"has-post-thumbnail","7":"category-mode","8":"category-mode-de-vie","9":"tag-apie-project-2","10":"tag-mode","11":"tag-mode-de-vie"},"yoast_head":"<!-- This site is optimized with the Yoast SEO plugin v24.4 - https:\/\/yoast.com\/wordpress\/plugins\/seo\/ -->\n<title>Des Ateliers De Derni\u00e8re G\u00e9n\u00e9ration Mis \u00c0 La Disposition Des Couturiers Ivoiriens - APIE NEWS<\/title>\n<meta name=\"robots\" content=\"index, follow, max-snippet:-1, max-image-preview:large, max-video-preview:-1\" \/>\n<link rel=\"canonical\" href=\"https:\/\/appsaf.apieproject.com\/news\/fr\/2023\/07\/20\/des-ateliers-de-derniere-generation-mis-a-la-disposition-des-couturiers-ivoiriens\/\" \/>\n<meta property=\"og:locale\" content=\"fr_FR\" \/>\n<meta property=\"og:type\" content=\"article\" \/>\n<meta property=\"og:title\" content=\"Des Ateliers De Derni\u00e8re G\u00e9n\u00e9ration Mis \u00c0 La Disposition Des Couturiers Ivoiriens - APIE NEWS\" \/>\n<meta property=\"og:description\" content=\"Bonne nouvelle pour les couturiers qui cherchent encore un espace appropri\u00e9 pour exercer leur m\u00e9tier ou \u00e9tendre leur march\u00e9. Des ateliers climatis\u00e9s et \u00e9quip\u00e9s de toutes les commodit\u00e9s, notamment de douze machines industrielles de derni\u00e8re g\u00e9n\u00e9ration sont mis \u00e0 leur disposition dans la commune de Koumassi.\" \/>\n<meta property=\"og:url\" content=\"https:\/\/appsaf.apieproject.com\/news\/fr\/2023\/07\/20\/des-ateliers-de-derniere-generation-mis-a-la-disposition-des-couturiers-ivoiriens\/\" \/>\n<meta property=\"og:site_name\" content=\"APIE NEWS\" \/>\n<meta property=\"article:publisher\" content=\"https:\/\/facebook.com\/apieproject\" \/>\n<meta property=\"article:published_time\" content=\"2023-07-20T18:43:33+00:00\" \/>\n<meta property=\"article:modified_time\" content=\"2023-07-20T18:43:35+00:00\" \/>\n<meta property=\"og:image\" content=\"https:\/\/appsaf.apieproject.com\/news\/wp-content\/uploads\/sites\/29\/2023\/07\/telechargement-1ae5e4b776ae3d192d115805816c9f0d.jpeg\" \/>\n\t<meta property=\"og:image:width\" content=\"400\" \/>\n\t<meta property=\"og:image:height\" content=\"258\" \/>\n\t<meta property=\"og:image:type\" content=\"image\/jpeg\" \/>\n<meta name=\"author\" content=\"staff\" \/>\n<meta name=\"twitter:card\" content=\"summary_large_image\" \/>\n<meta name=\"twitter:creator\" content=\"@apieproject\" \/>\n<meta name=\"twitter:site\" content=\"@apieproject\" \/>\n<meta name=\"twitter:label1\" content=\"\u00c9crit par\" \/>\n\t<meta name=\"twitter:data1\" content=\"staff\" \/>\n\t<meta name=\"twitter:label2\" content=\"Dur\u00e9e de lecture estim\u00e9e\" \/>\n\t<meta name=\"twitter:data2\" content=\"2 minutes\" \/>\n<script type=\"application\/ld+json\" class=\"yoast-schema-graph\">{\"@context\":\"https:\/\/schema.org\",\"@graph\":[{\"@type\":\"Article\",\"@id\":\"https:\/\/appsaf.apieproject.com\/news\/fr\/2023\/07\/20\/des-ateliers-de-derniere-generation-mis-a-la-disposition-des-couturiers-ivoiriens\/#article\",\"isPartOf\":{\"@id\":\"https:\/\/appsaf.apieproject.com\/news\/fr\/2023\/07\/20\/des-ateliers-de-derniere-generation-mis-a-la-disposition-des-couturiers-ivoiriens\/\"},\"author\":{\"name\":\"staff\",\"@id\":\"https:\/\/appsaf.apieproject.com\/news\/#\/schema\/person\/399517cac378948cd7b39086f9ddc2a7\"},\"headline\":\"Des Ateliers De Derni\u00e8re G\u00e9n\u00e9ration Mis \u00c0 La Disposition Des Couturiers Ivoiriens\",\"datePublished\":\"2023-07-20T18:43:33+00:00\",\"dateModified\":\"2023-07-20T18:43:35+00:00\",\"mainEntityOfPage\":{\"@id\":\"https:\/\/appsaf.apieproject.com\/news\/fr\/2023\/07\/20\/des-ateliers-de-derniere-generation-mis-a-la-disposition-des-couturiers-ivoiriens\/\"},\"wordCount\":391,\"commentCount\":0,\"publisher\":{\"@id\":\"https:\/\/appsaf.apieproject.com\/news\/#organization\"},\"image\":{\"@id\":\"https:\/\/appsaf.apieproject.com\/news\/fr\/2023\/07\/20\/des-ateliers-de-derniere-generation-mis-a-la-disposition-des-couturiers-ivoiriens\/#primaryimage\"},\"thumbnailUrl\":\"https:\/\/appsaf.apieproject.com\/news\/wp-content\/uploads\/sites\/29\/2023\/07\/telechargement-1ae5e4b776ae3d192d115805816c9f0d.jpeg\",\"keywords\":[\"apie project\",\"mode\",\"mode de vie\"],\"articleSection\":[\"Mode\",\"Mode de Vie\"],\"inLanguage\":\"fr-FR\",\"potentialAction\":[{\"@type\":\"CommentAction\",\"name\":\"Comment\",\"target\":[\"https:\/\/appsaf.apieproject.com\/news\/fr\/2023\/07\/20\/des-ateliers-de-derniere-generation-mis-a-la-disposition-des-couturiers-ivoiriens\/#respond\"]}]},{\"@type\":\"WebPage\",\"@id\":\"https:\/\/appsaf.apieproject.com\/news\/fr\/2023\/07\/20\/des-ateliers-de-derniere-generation-mis-a-la-disposition-des-couturiers-ivoiriens\/\",\"url\":\"https:\/\/appsaf.apieproject.com\/news\/fr\/2023\/07\/20\/des-ateliers-de-derniere-generation-mis-a-la-disposition-des-couturiers-ivoiriens\/\",\"name\":\"Des Ateliers De Derni\u00e8re G\u00e9n\u00e9ration Mis \u00c0 La Disposition Des Couturiers Ivoiriens - APIE NEWS\",\"isPartOf\":{\"@id\":\"https:\/\/appsaf.apieproject.com\/news\/#website\"},\"primaryImageOfPage\":{\"@id\":\"https:\/\/appsaf.apieproject.com\/news\/fr\/2023\/07\/20\/des-ateliers-de-derniere-generation-mis-a-la-disposition-des-couturiers-ivoiriens\/#primaryimage\"},\"image\":{\"@id\":\"https:\/\/appsaf.apieproject.com\/news\/fr\/2023\/07\/20\/des-ateliers-de-derniere-generation-mis-a-la-disposition-des-couturiers-ivoiriens\/#primaryimage\"},\"thumbnailUrl\":\"https:\/\/appsaf.apieproject.com\/news\/wp-content\/uploads\/sites\/29\/2023\/07\/telechargement-1ae5e4b776ae3d192d115805816c9f0d.jpeg\",\"datePublished\":\"2023-07-20T18:43:33+00:00\",\"dateModified\":\"2023-07-20T18:43:35+00:00\",\"breadcrumb\":{\"@id\":\"https:\/\/appsaf.apieproject.com\/news\/fr\/2023\/07\/20\/des-ateliers-de-derniere-generation-mis-a-la-disposition-des-couturiers-ivoiriens\/#breadcrumb\"},\"inLanguage\":\"fr-FR\",\"potentialAction\":[{\"@type\":\"ReadAction\",\"target\":[\"https:\/\/appsaf.apieproject.com\/news\/fr\/2023\/07\/20\/des-ateliers-de-derniere-generation-mis-a-la-disposition-des-couturiers-ivoiriens\/\"]}]},{\"@type\":\"ImageObject\",\"inLanguage\":\"fr-FR\",\"@id\":\"https:\/\/appsaf.apieproject.com\/news\/fr\/2023\/07\/20\/des-ateliers-de-derniere-generation-mis-a-la-disposition-des-couturiers-ivoiriens\/#primaryimage\",\"url\":\"https:\/\/appsaf.apieproject.com\/news\/wp-content\/uploads\/sites\/29\/2023\/07\/telechargement-1ae5e4b776ae3d192d115805816c9f0d.jpeg\",\"contentUrl\":\"https:\/\/appsaf.apieproject.com\/news\/wp-content\/uploads\/sites\/29\/2023\/07\/telechargement-1ae5e4b776ae3d192d115805816c9f0d.jpeg\",\"width\":400,\"height\":258},{\"@type\":\"BreadcrumbList\",\"@id\":\"https:\/\/appsaf.apieproject.com\/news\/fr\/2023\/07\/20\/des-ateliers-de-derniere-generation-mis-a-la-disposition-des-couturiers-ivoiriens\/#breadcrumb\",\"itemListElement\":[{\"@type\":\"ListItem\",\"position\":1,\"name\":\"Home\",\"item\":\"https:\/\/appsaf.apieproject.com\/news\/fr\/home\/\"},{\"@type\":\"ListItem\",\"position\":2,\"name\":\"Des Ateliers De Derni\u00e8re G\u00e9n\u00e9ration Mis \u00c0 La Disposition Des Couturiers Ivoiriens\"}]},{\"@type\":\"WebSite\",\"@id\":\"https:\/\/appsaf.apieproject.com\/news\/#website\",\"url\":\"https:\/\/appsaf.apieproject.com\/news\/\",\"name\":\"APIE NEWS\",\"description\":\"PANAFRICANISM NEWS PORTAL\",\"publisher\":{\"@id\":\"https:\/\/appsaf.apieproject.com\/news\/#organization\"},\"potentialAction\":[{\"@type\":\"SearchAction\",\"target\":{\"@type\":\"EntryPoint\",\"urlTemplate\":\"https:\/\/appsaf.apieproject.com\/news\/?s={search_term_string}\"},\"query-input\":{\"@type\":\"PropertyValueSpecification\",\"valueRequired\":true,\"valueName\":\"search_term_string\"}}],\"inLanguage\":\"fr-FR\"},{\"@type\":\"Organization\",\"@id\":\"https:\/\/appsaf.apieproject.com\/news\/#organization\",\"name\":\"APIE PROJECT\",\"url\":\"https:\/\/appsaf.apieproject.com\/news\/\",\"logo\":{\"@type\":\"ImageObject\",\"inLanguage\":\"fr-FR\",\"@id\":\"https:\/\/appsaf.apieproject.com\/news\/#\/schema\/logo\/image\/\",\"url\":\"https:\/\/appsaf.apieproject.com\/news\/wp-content\/uploads\/sites\/29\/2022\/07\/logo-R-TransparentBackground.png\",\"contentUrl\":\"https:\/\/appsaf.apieproject.com\/news\/wp-content\/uploads\/sites\/29\/2022\/07\/logo-R-TransparentBackground.png\",\"width\":512,\"height\":512,\"caption\":\"APIE PROJECT\"},\"image\":{\"@id\":\"https:\/\/appsaf.apieproject.com\/news\/#\/schema\/logo\/image\/\"},\"sameAs\":[\"https:\/\/facebook.com\/apieproject\",\"https:\/\/x.com\/apieproject\"]},{\"@type\":\"Person\",\"@id\":\"https:\/\/appsaf.apieproject.com\/news\/#\/schema\/person\/399517cac378948cd7b39086f9ddc2a7\",\"name\":\"staff\",\"image\":{\"@type\":\"ImageObject\",\"inLanguage\":\"fr-FR\",\"@id\":\"https:\/\/appsaf.apieproject.com\/news\/#\/schema\/person\/image\/\",\"url\":\"https:\/\/secure.gravatar.com\/avatar\/5386283c5db150efe261184bd59f072a?s=96&d=mm&r=g\",\"contentUrl\":\"https:\/\/secure.gravatar.com\/avatar\/5386283c5db150efe261184bd59f072a?s=96&d=mm&r=g\",\"caption\":\"staff\"},\"url\":\"https:\/\/appsaf.apieproject.com\/news\/fr\/author\/staff\/\"}]}<\/script>\n<!-- \/ Yoast SEO plugin. -->","yoast_head_json":{"title":"Des Ateliers De Derni\u00e8re G\u00e9n\u00e9ration Mis \u00c0 La Disposition Des Couturiers Ivoiriens - APIE NEWS","robots":{"index":"index","follow":"follow","max-snippet":"max-snippet:-1","max-image-preview":"max-image-preview:large","max-video-preview":"max-video-preview:-1"},"canonical":"https:\/\/appsaf.apieproject.com\/news\/fr\/2023\/07\/20\/des-ateliers-de-derniere-generation-mis-a-la-disposition-des-couturiers-ivoiriens\/","og_locale":"fr_FR","og_type":"article","og_title":"Des Ateliers De Derni\u00e8re G\u00e9n\u00e9ration Mis \u00c0 La Disposition Des Couturiers Ivoiriens - APIE NEWS","og_description":"Bonne nouvelle pour les couturiers qui cherchent encore un espace appropri\u00e9 pour exercer leur m\u00e9tier ou \u00e9tendre leur march\u00e9. Des ateliers climatis\u00e9s et \u00e9quip\u00e9s de toutes les commodit\u00e9s, notamment de douze machines industrielles de derni\u00e8re g\u00e9n\u00e9ration sont mis \u00e0 leur disposition dans la commune de Koumassi.","og_url":"https:\/\/appsaf.apieproject.com\/news\/fr\/2023\/07\/20\/des-ateliers-de-derniere-generation-mis-a-la-disposition-des-couturiers-ivoiriens\/","og_site_name":"APIE NEWS","article_publisher":"https:\/\/facebook.com\/apieproject","article_published_time":"2023-07-20T18:43:33+00:00","article_modified_time":"2023-07-20T18:43:35+00:00","og_image":[{"width":400,"height":258,"url":"https:\/\/appsaf.apieproject.com\/news\/wp-content\/uploads\/sites\/29\/2023\/07\/telechargement-1ae5e4b776ae3d192d115805816c9f0d.jpeg","type":"image\/jpeg"}],"author":"staff","twitter_card":"summary_large_image","twitter_creator":"@apieproject","twitter_site":"@apieproject","twitter_misc":{"\u00c9crit par":"staff","Dur\u00e9e de lecture estim\u00e9e":"2 minutes"},"schema":{"@context":"https:\/\/schema.org","@graph":[{"@type":"Article","@id":"https:\/\/appsaf.apieproject.com\/news\/fr\/2023\/07\/20\/des-ateliers-de-derniere-generation-mis-a-la-disposition-des-couturiers-ivoiriens\/#article","isPartOf":{"@id":"https:\/\/appsaf.apieproject.com\/news\/fr\/2023\/07\/20\/des-ateliers-de-derniere-generation-mis-a-la-disposition-des-couturiers-ivoiriens\/"},"author":{"name":"staff","@id":"https:\/\/appsaf.apieproject.com\/news\/#\/schema\/person\/399517cac378948cd7b39086f9ddc2a7"},"headline":"Des Ateliers De Derni\u00e8re G\u00e9n\u00e9ration Mis \u00c0 La Disposition Des Couturiers Ivoiriens","datePublished":"2023-07-20T18:43:33+00:00","dateModified":"2023-07-20T18:43:35+00:00","mainEntityOfPage":{"@id":"https:\/\/appsaf.apieproject.com\/news\/fr\/2023\/07\/20\/des-ateliers-de-derniere-generation-mis-a-la-disposition-des-couturiers-ivoiriens\/"},"wordCount":391,"commentCount":0,"publisher":{"@id":"https:\/\/appsaf.apieproject.com\/news\/#organization"},"image":{"@id":"https:\/\/appsaf.apieproject.com\/news\/fr\/2023\/07\/20\/des-ateliers-de-derniere-generation-mis-a-la-disposition-des-couturiers-ivoiriens\/#primaryimage"},"thumbnailUrl":"https:\/\/appsaf.apieproject.com\/news\/wp-content\/uploads\/sites\/29\/2023\/07\/telechargement-1ae5e4b776ae3d192d115805816c9f0d.jpeg","keywords":["apie project","mode","mode de vie"],"articleSection":["Mode","Mode de Vie"],"inLanguage":"fr-FR","potentialAction":[{"@type":"CommentAction","name":"Comment","target":["https:\/\/appsaf.apieproject.com\/news\/fr\/2023\/07\/20\/des-ateliers-de-derniere-generation-mis-a-la-disposition-des-couturiers-ivoiriens\/#respond"]}]},{"@type":"WebPage","@id":"https:\/\/appsaf.apieproject.com\/news\/fr\/2023\/07\/20\/des-ateliers-de-derniere-generation-mis-a-la-disposition-des-couturiers-ivoiriens\/","url":"https:\/\/appsaf.apieproject.com\/news\/fr\/2023\/07\/20\/des-ateliers-de-derniere-generation-mis-a-la-disposition-des-couturiers-ivoiriens\/","name":"Des Ateliers De Derni\u00e8re G\u00e9n\u00e9ration Mis \u00c0 La Disposition Des Couturiers Ivoiriens - APIE NEWS","isPartOf":{"@id":"https:\/\/appsaf.apieproject.com\/news\/#website"},"primaryImageOfPage":{"@id":"https:\/\/appsaf.apieproject.com\/news\/fr\/2023\/07\/20\/des-ateliers-de-derniere-generation-mis-a-la-disposition-des-couturiers-ivoiriens\/#primaryimage"},"image":{"@id":"https:\/\/appsaf.apieproject.com\/news\/fr\/2023\/07\/20\/des-ateliers-de-derniere-generation-mis-a-la-disposition-des-couturiers-ivoiriens\/#primaryimage"},"thumbnailUrl":"https:\/\/appsaf.apieproject.com\/news\/wp-content\/uploads\/sites\/29\/2023\/07\/telechargement-1ae5e4b776ae3d192d115805816c9f0d.jpeg","datePublished":"2023-07-20T18:43:33+00:00","dateModified":"2023-07-20T18:43:35+00:00","breadcrumb":{"@id":"https:\/\/appsaf.apieproject.com\/news\/fr\/2023\/07\/20\/des-ateliers-de-derniere-generation-mis-a-la-disposition-des-couturiers-ivoiriens\/#breadcrumb"},"inLanguage":"fr-FR","potentialAction":[{"@type":"ReadAction","target":["https:\/\/appsaf.apieproject.com\/news\/fr\/2023\/07\/20\/des-ateliers-de-derniere-generation-mis-a-la-disposition-des-couturiers-ivoiriens\/"]}]},{"@type":"ImageObject","inLanguage":"fr-FR","@id":"https:\/\/appsaf.apieproject.com\/news\/fr\/2023\/07\/20\/des-ateliers-de-derniere-generation-mis-a-la-disposition-des-couturiers-ivoiriens\/#primaryimage","url":"https:\/\/appsaf.apieproject.com\/news\/wp-content\/uploads\/sites\/29\/2023\/07\/telechargement-1ae5e4b776ae3d192d115805816c9f0d.jpeg","contentUrl":"https:\/\/appsaf.apieproject.com\/news\/wp-content\/uploads\/sites\/29\/2023\/07\/telechargement-1ae5e4b776ae3d192d115805816c9f0d.jpeg","width":400,"height":258},{"@type":"BreadcrumbList","@id":"https:\/\/appsaf.apieproject.com\/news\/fr\/2023\/07\/20\/des-ateliers-de-derniere-generation-mis-a-la-disposition-des-couturiers-ivoiriens\/#breadcrumb","itemListElement":[{"@type":"ListItem","position":1,"name":"Home","item":"https:\/\/appsaf.apieproject.com\/news\/fr\/home\/"},{"@type":"ListItem","position":2,"name":"Des Ateliers De Derni\u00e8re G\u00e9n\u00e9ration Mis \u00c0 La Disposition Des Couturiers Ivoiriens"}]},{"@type":"WebSite","@id":"https:\/\/appsaf.apieproject.com\/news\/#website","url":"https:\/\/appsaf.apieproject.com\/news\/","name":"APIE NEWS","description":"PANAFRICANISM NEWS PORTAL","publisher":{"@id":"https:\/\/appsaf.apieproject.com\/news\/#organization"},"potentialAction":[{"@type":"SearchAction","target":{"@type":"EntryPoint","urlTemplate":"https:\/\/appsaf.apieproject.com\/news\/?s={search_term_string}"},"query-input":{"@type":"PropertyValueSpecification","valueRequired":true,"valueName":"search_term_string"}}],"inLanguage":"fr-FR"},{"@type":"Organization","@id":"https:\/\/appsaf.apieproject.com\/news\/#organization","name":"APIE PROJECT","url":"https:\/\/appsaf.apieproject.com\/news\/","logo":{"@type":"ImageObject","inLanguage":"fr-FR","@id":"https:\/\/appsaf.apieproject.com\/news\/#\/schema\/logo\/image\/","url":"https:\/\/appsaf.apieproject.com\/news\/wp-content\/uploads\/sites\/29\/2022\/07\/logo-R-TransparentBackground.png","contentUrl":"https:\/\/appsaf.apieproject.com\/news\/wp-content\/uploads\/sites\/29\/2022\/07\/logo-R-TransparentBackground.png","width":512,"height":512,"caption":"APIE PROJECT"},"image":{"@id":"https:\/\/appsaf.apieproject.com\/news\/#\/schema\/logo\/image\/"},"sameAs":["https:\/\/facebook.com\/apieproject","https:\/\/x.com\/apieproject"]},{"@type":"Person","@id":"https:\/\/appsaf.apieproject.com\/news\/#\/schema\/person\/399517cac378948cd7b39086f9ddc2a7","name":"staff","image":{"@type":"ImageObject","inLanguage":"fr-FR","@id":"https:\/\/appsaf.apieproject.com\/news\/#\/schema\/person\/image\/","url":"https:\/\/secure.gravatar.com\/avatar\/5386283c5db150efe261184bd59f072a?s=96&d=mm&r=g","contentUrl":"https:\/\/secure.gravatar.com\/avatar\/5386283c5db150efe261184bd59f072a?s=96&d=mm&r=g","caption":"staff"},"url":"https:\/\/appsaf.apieproject.com\/news\/fr\/author\/staff\/"}]}},"_links":{"self":[{"href":"https:\/\/appsaf.apieproject.com\/news\/fr\/wp-json\/wp\/v2\/posts\/31389","targetHints":{"allow":["GET"]}}],"collection":[{"href":"https:\/\/appsaf.apieproject.com\/news\/fr\/wp-json\/wp\/v2\/posts"}],"about":[{"href":"https:\/\/appsaf.apieproject.com\/news\/fr\/wp-json\/wp\/v2\/types\/post"}],"author":[{"embeddable":true,"href":"https:\/\/appsaf.apieproject.com\/news\/fr\/wp-json\/wp\/v2\/users\/12963"}],"replies":[{"embeddable":true,"href":"https:\/\/appsaf.apieproject.com\/news\/fr\/wp-json\/wp\/v2\/comments?post=31389"}],"version-history":[{"count":1,"href":"https:\/\/appsaf.apieproject.com\/news\/fr\/wp-json\/wp\/v2\/posts\/31389\/revisions"}],"predecessor-version":[{"id":31576,"href":"https:\/\/appsaf.apieproject.com\/news\/fr\/wp-json\/wp\/v2\/posts\/31389\/revisions\/31576"}],"wp:featuredmedia":[{"embeddable":true,"href":"https:\/\/appsaf.apieproject.com\/news\/fr\/wp-json\/wp\/v2\/media\/31386"}],"wp:attachment":[{"href":"https:\/\/appsaf.apieproject.com\/news\/fr\/wp-json\/wp\/v2\/media?parent=31389"}],"wp:term":[{"taxonomy":"category","embeddable":true,"href":"https:\/\/appsaf.apieproject.com\/news\/fr\/wp-json\/wp\/v2\/categories?post=31389"},{"taxonomy":"post_tag","embeddable":true,"href":"https:\/\/appsaf.apieproject.com\/news\/fr\/wp-json\/wp\/v2\/tags?post=31389"}],"curies":[{"name":"wp","href":"https:\/\/api.w.org\/{rel}","templated":true}]}}