{"id":31678,"date":"2023-07-23T20:44:38","date_gmt":"2023-07-23T20:44:38","guid":{"rendered":"https:\/\/appsaf.apieproject.com\/news\/?p=31678"},"modified":"2023-07-23T20:44:40","modified_gmt":"2023-07-23T20:44:40","slug":"aboulaye-nderguet-la-voix-de-la-musique-tchadienne-a-cajarc","status":"publish","type":"post","link":"https:\/\/appsaf.apieproject.com\/news\/fr\/2023\/07\/23\/aboulaye-nderguet-la-voix-de-la-musique-tchadienne-a-cajarc\/","title":{"rendered":"Aboulaye Nderguet, La Voix De La Musique Tchadienne \u00c0 Cajarc"},"content":{"rendered":"<p>Africajarc met \u00e0 l\u2019honneur votre pays cette ann\u00e9e. Qu\u2019est-ce que vous ressentez ?<\/p>\n<p>Tout le Tchad est au courant et va suivre le festival. Les gens savent que les artistes sont d\u00e9j\u00e0 arriv\u00e9s \u00e0 Cajarc. C\u2019est un grand honneur qu\u2019on offre \u00e0 mon pays, tr\u00e8s endeuill\u00e9, \u00e7a permet de mettre en lumi\u00e8re nos artistes et le monde de la culture. Depuis 3-4 ans, on voit une bonne progression de certains artistes qui \u00e9mergent \u00e0 l\u2019international comme Afrotonix, \u00e9lu meilleur artiste africain au Hollywood African Prestigious Awards en 2022. \u00c7a fait r\u00eaver la population.<\/p>\n<p>Justement, il y aura plein de jeunes artistes tchadiens dans des genres musicaux diff\u00e9rents, et vous semblez repr\u00e9senter une musique plus traditionnelle ?<\/p>\n<p>Je m\u2019inspire de diff\u00e9rents chants traditionnels du Tchad qui offrent une large palette de timbres de voix et d\u2019accents diff\u00e9rents. Au Tchad, les styles du nord et du sud sont tr\u00e8s vari\u00e9s en fonction des ethnies. De par ma m\u00e8re du nord et mon p\u00e8re du sud, j\u2019appartiens aux deux communaut\u00e9s, je m\u00e9lange la musique Sar \u00e0 celle arabe et saharienne. J\u2019ai travaill\u00e9 en \u00e9coutant les chants traditionnels pour d\u00e9velopper mes techniques de chant.<\/p>\n<p>Mais je fais de la World music, je m\u2019inspire de l\u2019afrobeat, du jazz, du blues, mes six musiciens sont fran\u00e7ais. Il va y avoir de grosses surprises \u00e0 Africajarc. Je vais jouer des musiques in\u00e9dites con\u00e7ues pour le public d\u2019Africajarc dans l\u2019esprit du spectacle de festival et qui seront sur mon nouvel album. Je ne suis pas tr\u00e8s connu, j\u2019ai beaucoup travaill\u00e9 pour arriver sur ce genre de plateau, c\u2019est une belle opportunit\u00e9 de me faire conna\u00eetre gr\u00e2ce au festival.<\/p>\n<p>Comment \u00eates-vous devenu musicien ?<\/p>\n<p>Mon p\u00e8re \u00e9tait militaire, il me ramenait de ses d\u00e9placements des disques 33 tours, de la chanson africaine, fran\u00e7aise et am\u00e9ricaine. Je les \u00e9coutais avec un tourne-disque \u00e0 piles et j\u2019ai attrap\u00e9 le virus de la musique. Je suis autodidacte. Pendant la guerre au Tchad en 1979, il n\u2019y avait pas d\u2019\u00e9cole, alors on allait tous les soirs au cin\u00e9ma. C\u2019\u00e9tait des films hindous de Bollywood qu\u2019on pouvait voir 20 ou 30 fois d\u2019affil\u00e9e car il n\u2019y avait pas beaucoup de rotations. On les connaissait par c\u0153ur, j\u2019adorais, je reprenais les chansons en boucle.<\/p>\n<p>Votre dernier album s\u2019intitule \u00ab\u00a0L\u2019\u00e2me du blues\u00a0\u00bb, parlez-nous de ce projet ?<\/p>\n<p>En 2019, j\u2019ai rencontr\u00e9 le groupe fran\u00e7ais Bex\u2019Tet \u00e0 N\u2019Djamena, Emmanuel Bex est un pianiste et organiste fran\u00e7ais. Ensemble on a cr\u00e9\u00e9 cet album au blues universel, le blues est am\u00e9ricain mais son origine est africaine.<\/p>\n","protected":false},"excerpt":{"rendered":"<p>Abdoulaye Nderguet ouvre la sc\u00e8ne du th\u00e9\u00e2tre de Verdure.<\/p>\n","protected":false},"author":12963,"featured_media":31675,"comment_status":"open","ping_status":"open","sticky":false,"template":"","format":"standard","meta":{"footnotes":""},"categories":[55,65],"tags":[78,88,91],"class_list":{"0":"post-31678","1":"post","2":"type-post","3":"status-publish","4":"format-standard","5":"has-post-thumbnail","7":"category-divertissement","8":"category-musique","9":"tag-apie-project-2","10":"tag-divertissement","11":"tag-musique"},"yoast_head":"<!-- This site is optimized with the Yoast SEO plugin v24.4 - https:\/\/yoast.com\/wordpress\/plugins\/seo\/ -->\n<title>Aboulaye Nderguet, La Voix De La Musique Tchadienne \u00c0 Cajarc - APIE NEWS<\/title>\n<meta name=\"robots\" content=\"index, follow, max-snippet:-1, max-image-preview:large, max-video-preview:-1\" \/>\n<link rel=\"canonical\" href=\"https:\/\/appsaf.apieproject.com\/news\/fr\/2023\/07\/23\/aboulaye-nderguet-la-voix-de-la-musique-tchadienne-a-cajarc\/\" \/>\n<meta property=\"og:locale\" content=\"fr_FR\" \/>\n<meta property=\"og:type\" content=\"article\" \/>\n<meta property=\"og:title\" content=\"Aboulaye Nderguet, La Voix De La Musique Tchadienne \u00c0 Cajarc - APIE NEWS\" \/>\n<meta property=\"og:description\" content=\"Abdoulaye Nderguet ouvre la sc\u00e8ne du th\u00e9\u00e2tre de Verdure.\" \/>\n<meta property=\"og:url\" content=\"https:\/\/appsaf.apieproject.com\/news\/fr\/2023\/07\/23\/aboulaye-nderguet-la-voix-de-la-musique-tchadienne-a-cajarc\/\" \/>\n<meta property=\"og:site_name\" content=\"APIE NEWS\" \/>\n<meta property=\"article:publisher\" content=\"https:\/\/facebook.com\/apieproject\" \/>\n<meta property=\"article:published_time\" content=\"2023-07-23T20:44:38+00:00\" \/>\n<meta property=\"article:modified_time\" content=\"2023-07-23T20:44:40+00:00\" \/>\n<meta property=\"og:image\" content=\"https:\/\/appsaf.apieproject.com\/news\/wp-content\/uploads\/sites\/29\/2023\/07\/image-1-f09ec584eb1113237bc157c5db0a8dc3.jpg\" \/>\n\t<meta property=\"og:image:width\" content=\"435\" \/>\n\t<meta property=\"og:image:height\" content=\"325\" \/>\n\t<meta property=\"og:image:type\" content=\"image\/jpeg\" \/>\n<meta name=\"author\" content=\"staff\" \/>\n<meta name=\"twitter:card\" content=\"summary_large_image\" \/>\n<meta name=\"twitter:creator\" content=\"@apieproject\" \/>\n<meta name=\"twitter:site\" content=\"@apieproject\" \/>\n<meta name=\"twitter:label1\" content=\"\u00c9crit par\" \/>\n\t<meta name=\"twitter:data1\" content=\"staff\" \/>\n\t<meta name=\"twitter:label2\" content=\"Dur\u00e9e de lecture estim\u00e9e\" \/>\n\t<meta name=\"twitter:data2\" content=\"2 minutes\" \/>\n<script type=\"application\/ld+json\" class=\"yoast-schema-graph\">{\"@context\":\"https:\/\/schema.org\",\"@graph\":[{\"@type\":\"Article\",\"@id\":\"https:\/\/appsaf.apieproject.com\/news\/fr\/2023\/07\/23\/aboulaye-nderguet-la-voix-de-la-musique-tchadienne-a-cajarc\/#article\",\"isPartOf\":{\"@id\":\"https:\/\/appsaf.apieproject.com\/news\/fr\/2023\/07\/23\/aboulaye-nderguet-la-voix-de-la-musique-tchadienne-a-cajarc\/\"},\"author\":{\"name\":\"staff\",\"@id\":\"https:\/\/appsaf.apieproject.com\/news\/#\/schema\/person\/399517cac378948cd7b39086f9ddc2a7\"},\"headline\":\"Aboulaye Nderguet, La Voix De La Musique Tchadienne \u00c0 Cajarc\",\"datePublished\":\"2023-07-23T20:44:38+00:00\",\"dateModified\":\"2023-07-23T20:44:40+00:00\",\"mainEntityOfPage\":{\"@id\":\"https:\/\/appsaf.apieproject.com\/news\/fr\/2023\/07\/23\/aboulaye-nderguet-la-voix-de-la-musique-tchadienne-a-cajarc\/\"},\"wordCount\":469,\"commentCount\":0,\"publisher\":{\"@id\":\"https:\/\/appsaf.apieproject.com\/news\/#organization\"},\"image\":{\"@id\":\"https:\/\/appsaf.apieproject.com\/news\/fr\/2023\/07\/23\/aboulaye-nderguet-la-voix-de-la-musique-tchadienne-a-cajarc\/#primaryimage\"},\"thumbnailUrl\":\"https:\/\/appsaf.apieproject.com\/news\/wp-content\/uploads\/sites\/29\/2023\/07\/image-1-f09ec584eb1113237bc157c5db0a8dc3.jpg\",\"keywords\":[\"apie project\",\"divertissement\",\"musique\"],\"articleSection\":[\"Divertissement\",\"Musique\"],\"inLanguage\":\"fr-FR\",\"potentialAction\":[{\"@type\":\"CommentAction\",\"name\":\"Comment\",\"target\":[\"https:\/\/appsaf.apieproject.com\/news\/fr\/2023\/07\/23\/aboulaye-nderguet-la-voix-de-la-musique-tchadienne-a-cajarc\/#respond\"]}]},{\"@type\":\"WebPage\",\"@id\":\"https:\/\/appsaf.apieproject.com\/news\/fr\/2023\/07\/23\/aboulaye-nderguet-la-voix-de-la-musique-tchadienne-a-cajarc\/\",\"url\":\"https:\/\/appsaf.apieproject.com\/news\/fr\/2023\/07\/23\/aboulaye-nderguet-la-voix-de-la-musique-tchadienne-a-cajarc\/\",\"name\":\"Aboulaye Nderguet, La Voix De La Musique Tchadienne \u00c0 Cajarc - APIE NEWS\",\"isPartOf\":{\"@id\":\"https:\/\/appsaf.apieproject.com\/news\/#website\"},\"primaryImageOfPage\":{\"@id\":\"https:\/\/appsaf.apieproject.com\/news\/fr\/2023\/07\/23\/aboulaye-nderguet-la-voix-de-la-musique-tchadienne-a-cajarc\/#primaryimage\"},\"image\":{\"@id\":\"https:\/\/appsaf.apieproject.com\/news\/fr\/2023\/07\/23\/aboulaye-nderguet-la-voix-de-la-musique-tchadienne-a-cajarc\/#primaryimage\"},\"thumbnailUrl\":\"https:\/\/appsaf.apieproject.com\/news\/wp-content\/uploads\/sites\/29\/2023\/07\/image-1-f09ec584eb1113237bc157c5db0a8dc3.jpg\",\"datePublished\":\"2023-07-23T20:44:38+00:00\",\"dateModified\":\"2023-07-23T20:44:40+00:00\",\"breadcrumb\":{\"@id\":\"https:\/\/appsaf.apieproject.com\/news\/fr\/2023\/07\/23\/aboulaye-nderguet-la-voix-de-la-musique-tchadienne-a-cajarc\/#breadcrumb\"},\"inLanguage\":\"fr-FR\",\"potentialAction\":[{\"@type\":\"ReadAction\",\"target\":[\"https:\/\/appsaf.apieproject.com\/news\/fr\/2023\/07\/23\/aboulaye-nderguet-la-voix-de-la-musique-tchadienne-a-cajarc\/\"]}]},{\"@type\":\"ImageObject\",\"inLanguage\":\"fr-FR\",\"@id\":\"https:\/\/appsaf.apieproject.com\/news\/fr\/2023\/07\/23\/aboulaye-nderguet-la-voix-de-la-musique-tchadienne-a-cajarc\/#primaryimage\",\"url\":\"https:\/\/appsaf.apieproject.com\/news\/wp-content\/uploads\/sites\/29\/2023\/07\/image-1-f09ec584eb1113237bc157c5db0a8dc3.jpg\",\"contentUrl\":\"https:\/\/appsaf.apieproject.com\/news\/wp-content\/uploads\/sites\/29\/2023\/07\/image-1-f09ec584eb1113237bc157c5db0a8dc3.jpg\",\"width\":435,\"height\":325},{\"@type\":\"BreadcrumbList\",\"@id\":\"https:\/\/appsaf.apieproject.com\/news\/fr\/2023\/07\/23\/aboulaye-nderguet-la-voix-de-la-musique-tchadienne-a-cajarc\/#breadcrumb\",\"itemListElement\":[{\"@type\":\"ListItem\",\"position\":1,\"name\":\"Home\",\"item\":\"https:\/\/appsaf.apieproject.com\/news\/fr\/home\/\"},{\"@type\":\"ListItem\",\"position\":2,\"name\":\"Aboulaye Nderguet, La Voix De La Musique Tchadienne \u00c0 Cajarc\"}]},{\"@type\":\"WebSite\",\"@id\":\"https:\/\/appsaf.apieproject.com\/news\/#website\",\"url\":\"https:\/\/appsaf.apieproject.com\/news\/\",\"name\":\"APIE NEWS\",\"description\":\"PANAFRICANISM NEWS PORTAL\",\"publisher\":{\"@id\":\"https:\/\/appsaf.apieproject.com\/news\/#organization\"},\"potentialAction\":[{\"@type\":\"SearchAction\",\"target\":{\"@type\":\"EntryPoint\",\"urlTemplate\":\"https:\/\/appsaf.apieproject.com\/news\/?s={search_term_string}\"},\"query-input\":{\"@type\":\"PropertyValueSpecification\",\"valueRequired\":true,\"valueName\":\"search_term_string\"}}],\"inLanguage\":\"fr-FR\"},{\"@type\":\"Organization\",\"@id\":\"https:\/\/appsaf.apieproject.com\/news\/#organization\",\"name\":\"APIE PROJECT\",\"url\":\"https:\/\/appsaf.apieproject.com\/news\/\",\"logo\":{\"@type\":\"ImageObject\",\"inLanguage\":\"fr-FR\",\"@id\":\"https:\/\/appsaf.apieproject.com\/news\/#\/schema\/logo\/image\/\",\"url\":\"https:\/\/appsaf.apieproject.com\/news\/wp-content\/uploads\/sites\/29\/2022\/07\/logo-R-TransparentBackground.png\",\"contentUrl\":\"https:\/\/appsaf.apieproject.com\/news\/wp-content\/uploads\/sites\/29\/2022\/07\/logo-R-TransparentBackground.png\",\"width\":512,\"height\":512,\"caption\":\"APIE PROJECT\"},\"image\":{\"@id\":\"https:\/\/appsaf.apieproject.com\/news\/#\/schema\/logo\/image\/\"},\"sameAs\":[\"https:\/\/facebook.com\/apieproject\",\"https:\/\/x.com\/apieproject\"]},{\"@type\":\"Person\",\"@id\":\"https:\/\/appsaf.apieproject.com\/news\/#\/schema\/person\/399517cac378948cd7b39086f9ddc2a7\",\"name\":\"staff\",\"image\":{\"@type\":\"ImageObject\",\"inLanguage\":\"fr-FR\",\"@id\":\"https:\/\/appsaf.apieproject.com\/news\/#\/schema\/person\/image\/\",\"url\":\"https:\/\/secure.gravatar.com\/avatar\/5386283c5db150efe261184bd59f072a?s=96&d=mm&r=g\",\"contentUrl\":\"https:\/\/secure.gravatar.com\/avatar\/5386283c5db150efe261184bd59f072a?s=96&d=mm&r=g\",\"caption\":\"staff\"},\"url\":\"https:\/\/appsaf.apieproject.com\/news\/fr\/author\/staff\/\"}]}<\/script>\n<!-- \/ Yoast SEO plugin. -->","yoast_head_json":{"title":"Aboulaye Nderguet, La Voix De La Musique Tchadienne \u00c0 Cajarc - APIE NEWS","robots":{"index":"index","follow":"follow","max-snippet":"max-snippet:-1","max-image-preview":"max-image-preview:large","max-video-preview":"max-video-preview:-1"},"canonical":"https:\/\/appsaf.apieproject.com\/news\/fr\/2023\/07\/23\/aboulaye-nderguet-la-voix-de-la-musique-tchadienne-a-cajarc\/","og_locale":"fr_FR","og_type":"article","og_title":"Aboulaye Nderguet, La Voix De La Musique Tchadienne \u00c0 Cajarc - APIE NEWS","og_description":"Abdoulaye Nderguet ouvre la sc\u00e8ne du th\u00e9\u00e2tre de Verdure.","og_url":"https:\/\/appsaf.apieproject.com\/news\/fr\/2023\/07\/23\/aboulaye-nderguet-la-voix-de-la-musique-tchadienne-a-cajarc\/","og_site_name":"APIE NEWS","article_publisher":"https:\/\/facebook.com\/apieproject","article_published_time":"2023-07-23T20:44:38+00:00","article_modified_time":"2023-07-23T20:44:40+00:00","og_image":[{"width":435,"height":325,"url":"https:\/\/appsaf.apieproject.com\/news\/wp-content\/uploads\/sites\/29\/2023\/07\/image-1-f09ec584eb1113237bc157c5db0a8dc3.jpg","type":"image\/jpeg"}],"author":"staff","twitter_card":"summary_large_image","twitter_creator":"@apieproject","twitter_site":"@apieproject","twitter_misc":{"\u00c9crit par":"staff","Dur\u00e9e de lecture estim\u00e9e":"2 minutes"},"schema":{"@context":"https:\/\/schema.org","@graph":[{"@type":"Article","@id":"https:\/\/appsaf.apieproject.com\/news\/fr\/2023\/07\/23\/aboulaye-nderguet-la-voix-de-la-musique-tchadienne-a-cajarc\/#article","isPartOf":{"@id":"https:\/\/appsaf.apieproject.com\/news\/fr\/2023\/07\/23\/aboulaye-nderguet-la-voix-de-la-musique-tchadienne-a-cajarc\/"},"author":{"name":"staff","@id":"https:\/\/appsaf.apieproject.com\/news\/#\/schema\/person\/399517cac378948cd7b39086f9ddc2a7"},"headline":"Aboulaye Nderguet, La Voix De La Musique Tchadienne \u00c0 Cajarc","datePublished":"2023-07-23T20:44:38+00:00","dateModified":"2023-07-23T20:44:40+00:00","mainEntityOfPage":{"@id":"https:\/\/appsaf.apieproject.com\/news\/fr\/2023\/07\/23\/aboulaye-nderguet-la-voix-de-la-musique-tchadienne-a-cajarc\/"},"wordCount":469,"commentCount":0,"publisher":{"@id":"https:\/\/appsaf.apieproject.com\/news\/#organization"},"image":{"@id":"https:\/\/appsaf.apieproject.com\/news\/fr\/2023\/07\/23\/aboulaye-nderguet-la-voix-de-la-musique-tchadienne-a-cajarc\/#primaryimage"},"thumbnailUrl":"https:\/\/appsaf.apieproject.com\/news\/wp-content\/uploads\/sites\/29\/2023\/07\/image-1-f09ec584eb1113237bc157c5db0a8dc3.jpg","keywords":["apie project","divertissement","musique"],"articleSection":["Divertissement","Musique"],"inLanguage":"fr-FR","potentialAction":[{"@type":"CommentAction","name":"Comment","target":["https:\/\/appsaf.apieproject.com\/news\/fr\/2023\/07\/23\/aboulaye-nderguet-la-voix-de-la-musique-tchadienne-a-cajarc\/#respond"]}]},{"@type":"WebPage","@id":"https:\/\/appsaf.apieproject.com\/news\/fr\/2023\/07\/23\/aboulaye-nderguet-la-voix-de-la-musique-tchadienne-a-cajarc\/","url":"https:\/\/appsaf.apieproject.com\/news\/fr\/2023\/07\/23\/aboulaye-nderguet-la-voix-de-la-musique-tchadienne-a-cajarc\/","name":"Aboulaye Nderguet, La Voix De La Musique Tchadienne \u00c0 Cajarc - APIE NEWS","isPartOf":{"@id":"https:\/\/appsaf.apieproject.com\/news\/#website"},"primaryImageOfPage":{"@id":"https:\/\/appsaf.apieproject.com\/news\/fr\/2023\/07\/23\/aboulaye-nderguet-la-voix-de-la-musique-tchadienne-a-cajarc\/#primaryimage"},"image":{"@id":"https:\/\/appsaf.apieproject.com\/news\/fr\/2023\/07\/23\/aboulaye-nderguet-la-voix-de-la-musique-tchadienne-a-cajarc\/#primaryimage"},"thumbnailUrl":"https:\/\/appsaf.apieproject.com\/news\/wp-content\/uploads\/sites\/29\/2023\/07\/image-1-f09ec584eb1113237bc157c5db0a8dc3.jpg","datePublished":"2023-07-23T20:44:38+00:00","dateModified":"2023-07-23T20:44:40+00:00","breadcrumb":{"@id":"https:\/\/appsaf.apieproject.com\/news\/fr\/2023\/07\/23\/aboulaye-nderguet-la-voix-de-la-musique-tchadienne-a-cajarc\/#breadcrumb"},"inLanguage":"fr-FR","potentialAction":[{"@type":"ReadAction","target":["https:\/\/appsaf.apieproject.com\/news\/fr\/2023\/07\/23\/aboulaye-nderguet-la-voix-de-la-musique-tchadienne-a-cajarc\/"]}]},{"@type":"ImageObject","inLanguage":"fr-FR","@id":"https:\/\/appsaf.apieproject.com\/news\/fr\/2023\/07\/23\/aboulaye-nderguet-la-voix-de-la-musique-tchadienne-a-cajarc\/#primaryimage","url":"https:\/\/appsaf.apieproject.com\/news\/wp-content\/uploads\/sites\/29\/2023\/07\/image-1-f09ec584eb1113237bc157c5db0a8dc3.jpg","contentUrl":"https:\/\/appsaf.apieproject.com\/news\/wp-content\/uploads\/sites\/29\/2023\/07\/image-1-f09ec584eb1113237bc157c5db0a8dc3.jpg","width":435,"height":325},{"@type":"BreadcrumbList","@id":"https:\/\/appsaf.apieproject.com\/news\/fr\/2023\/07\/23\/aboulaye-nderguet-la-voix-de-la-musique-tchadienne-a-cajarc\/#breadcrumb","itemListElement":[{"@type":"ListItem","position":1,"name":"Home","item":"https:\/\/appsaf.apieproject.com\/news\/fr\/home\/"},{"@type":"ListItem","position":2,"name":"Aboulaye Nderguet, La Voix De La Musique Tchadienne \u00c0 Cajarc"}]},{"@type":"WebSite","@id":"https:\/\/appsaf.apieproject.com\/news\/#website","url":"https:\/\/appsaf.apieproject.com\/news\/","name":"APIE NEWS","description":"PANAFRICANISM NEWS PORTAL","publisher":{"@id":"https:\/\/appsaf.apieproject.com\/news\/#organization"},"potentialAction":[{"@type":"SearchAction","target":{"@type":"EntryPoint","urlTemplate":"https:\/\/appsaf.apieproject.com\/news\/?s={search_term_string}"},"query-input":{"@type":"PropertyValueSpecification","valueRequired":true,"valueName":"search_term_string"}}],"inLanguage":"fr-FR"},{"@type":"Organization","@id":"https:\/\/appsaf.apieproject.com\/news\/#organization","name":"APIE PROJECT","url":"https:\/\/appsaf.apieproject.com\/news\/","logo":{"@type":"ImageObject","inLanguage":"fr-FR","@id":"https:\/\/appsaf.apieproject.com\/news\/#\/schema\/logo\/image\/","url":"https:\/\/appsaf.apieproject.com\/news\/wp-content\/uploads\/sites\/29\/2022\/07\/logo-R-TransparentBackground.png","contentUrl":"https:\/\/appsaf.apieproject.com\/news\/wp-content\/uploads\/sites\/29\/2022\/07\/logo-R-TransparentBackground.png","width":512,"height":512,"caption":"APIE PROJECT"},"image":{"@id":"https:\/\/appsaf.apieproject.com\/news\/#\/schema\/logo\/image\/"},"sameAs":["https:\/\/facebook.com\/apieproject","https:\/\/x.com\/apieproject"]},{"@type":"Person","@id":"https:\/\/appsaf.apieproject.com\/news\/#\/schema\/person\/399517cac378948cd7b39086f9ddc2a7","name":"staff","image":{"@type":"ImageObject","inLanguage":"fr-FR","@id":"https:\/\/appsaf.apieproject.com\/news\/#\/schema\/person\/image\/","url":"https:\/\/secure.gravatar.com\/avatar\/5386283c5db150efe261184bd59f072a?s=96&d=mm&r=g","contentUrl":"https:\/\/secure.gravatar.com\/avatar\/5386283c5db150efe261184bd59f072a?s=96&d=mm&r=g","caption":"staff"},"url":"https:\/\/appsaf.apieproject.com\/news\/fr\/author\/staff\/"}]}},"_links":{"self":[{"href":"https:\/\/appsaf.apieproject.com\/news\/fr\/wp-json\/wp\/v2\/posts\/31678","targetHints":{"allow":["GET"]}}],"collection":[{"href":"https:\/\/appsaf.apieproject.com\/news\/fr\/wp-json\/wp\/v2\/posts"}],"about":[{"href":"https:\/\/appsaf.apieproject.com\/news\/fr\/wp-json\/wp\/v2\/types\/post"}],"author":[{"embeddable":true,"href":"https:\/\/appsaf.apieproject.com\/news\/fr\/wp-json\/wp\/v2\/users\/12963"}],"replies":[{"embeddable":true,"href":"https:\/\/appsaf.apieproject.com\/news\/fr\/wp-json\/wp\/v2\/comments?post=31678"}],"version-history":[{"count":1,"href":"https:\/\/appsaf.apieproject.com\/news\/fr\/wp-json\/wp\/v2\/posts\/31678\/revisions"}],"predecessor-version":[{"id":32022,"href":"https:\/\/appsaf.apieproject.com\/news\/fr\/wp-json\/wp\/v2\/posts\/31678\/revisions\/32022"}],"wp:featuredmedia":[{"embeddable":true,"href":"https:\/\/appsaf.apieproject.com\/news\/fr\/wp-json\/wp\/v2\/media\/31675"}],"wp:attachment":[{"href":"https:\/\/appsaf.apieproject.com\/news\/fr\/wp-json\/wp\/v2\/media?parent=31678"}],"wp:term":[{"taxonomy":"category","embeddable":true,"href":"https:\/\/appsaf.apieproject.com\/news\/fr\/wp-json\/wp\/v2\/categories?post=31678"},{"taxonomy":"post_tag","embeddable":true,"href":"https:\/\/appsaf.apieproject.com\/news\/fr\/wp-json\/wp\/v2\/tags?post=31678"}],"curies":[{"name":"wp","href":"https:\/\/api.w.org\/{rel}","templated":true}]}}