{"id":32516,"date":"2023-07-30T20:05:23","date_gmt":"2023-07-30T20:05:23","guid":{"rendered":"https:\/\/appsaf.apieproject.com\/news\/?p=32516"},"modified":"2023-07-30T20:05:25","modified_gmt":"2023-07-30T20:05:25","slug":"la-maison-des-mondes-africains-rebaptisee-mansa-se-profile-a-bas-bruit-a-paris","status":"publish","type":"post","link":"https:\/\/appsaf.apieproject.com\/news\/fr\/2023\/07\/30\/la-maison-des-mondes-africains-rebaptisee-mansa-se-profile-a-bas-bruit-a-paris\/","title":{"rendered":"La Maison Des Mondes Africains, Rebaptis\u00e9e MansA, Se Profile \u00c0 Bas Bruit \u00c0 Paris"},"content":{"rendered":"<p>Le politologue et historien camerounais Achille Mbembe avait fait de la cr\u00e9ation d\u2019une maison des mondes africains l\u2019une des treize pr\u00e9conisations du rapport remis, en octobre 2021, \u00e0 Emmanuel Macron pour faire \u00e9voluer les relations entre la France et l\u2019Afrique. Une recommandation qui, aux yeux de l\u2019intellectuel, avait \u00ab recueilli l\u2019adh\u00e9sion la plus massive, \u00e0 la fois c\u00f4t\u00e9 africain et c\u00f4t\u00e9 fran\u00e7ais \u00bb.<\/p>\n<p>Deux ans apr\u00e8s, pourtant, rien n\u2019a filtr\u00e9 du projet. Si bien que, avec une once de fatalisme, bon nombre d\u2019acteurs culturels impliqu\u00e9s en Afrique le jugent au point mort. En coulisses, assure l\u2019Elys\u00e9e, le dossier avance. Mais \u00e0 bas bruit et \u00e0 petits pas.<\/p>\n<p>\u00ab Ce type de projet politiquement fort s\u2019inscrit forc\u00e9ment dans du temps long \u00bb, justifie l\u2019entourage du pr\u00e9sident de la R\u00e9publique, faisant valoir l\u2019implication des minist\u00e8res de la culture et des affaires \u00e9trang\u00e8res. Un triple portage qui a pour cons\u00e9quence de \u00ab ralentir le processus en diluant les responsabilit\u00e9s \u00bb, regrette toutefois un ancien cadre du Quai d\u2019Orsay.<\/p>\n","protected":false},"excerpt":{"rendered":"<p>Un avant-go\u00fbt de cette structure, visant \u00e0 soigner les relations entre l\u2019Afrique et la France, sera donn\u00e9 lors du forum Cr\u00e9ation Africa, en octobre, \u00e0 Paris.<\/p>\n","protected":false},"author":12963,"featured_media":32513,"comment_status":"open","ping_status":"open","sticky":false,"template":"","format":"standard","meta":{"footnotes":""},"categories":[67,53],"tags":[81,78,87],"class_list":{"0":"post-32516","1":"post","2":"type-post","3":"status-publish","4":"format-standard","5":"has-post-thumbnail","7":"category-actualites","8":"category-culture-fr","9":"tag-actualites","10":"tag-apie-project-2","11":"tag-culture-2"},"yoast_head":"<!-- This site is optimized with the Yoast SEO plugin v24.4 - https:\/\/yoast.com\/wordpress\/plugins\/seo\/ -->\n<title>La Maison Des Mondes Africains, Rebaptis\u00e9e MansA, Se Profile \u00c0 Bas Bruit \u00c0 Paris - APIE NEWS<\/title>\n<meta name=\"robots\" content=\"index, follow, max-snippet:-1, max-image-preview:large, max-video-preview:-1\" \/>\n<link rel=\"canonical\" href=\"https:\/\/appsaf.apieproject.com\/news\/fr\/2023\/07\/30\/la-maison-des-mondes-africains-rebaptisee-mansa-se-profile-a-bas-bruit-a-paris\/\" \/>\n<meta property=\"og:locale\" content=\"fr_FR\" \/>\n<meta property=\"og:type\" content=\"article\" \/>\n<meta property=\"og:title\" content=\"La Maison Des Mondes Africains, Rebaptis\u00e9e MansA, Se Profile \u00c0 Bas Bruit \u00c0 Paris - APIE NEWS\" \/>\n<meta property=\"og:description\" content=\"Un avant-go\u00fbt de cette structure, visant \u00e0 soigner les relations entre l\u2019Afrique et la France, sera donn\u00e9 lors du forum Cr\u00e9ation Africa, en octobre, \u00e0 Paris.\" \/>\n<meta property=\"og:url\" content=\"https:\/\/appsaf.apieproject.com\/news\/fr\/2023\/07\/30\/la-maison-des-mondes-africains-rebaptisee-mansa-se-profile-a-bas-bruit-a-paris\/\" \/>\n<meta property=\"og:site_name\" content=\"APIE NEWS\" \/>\n<meta property=\"article:publisher\" content=\"https:\/\/facebook.com\/apieproject\" \/>\n<meta property=\"article:published_time\" content=\"2023-07-30T20:05:23+00:00\" \/>\n<meta property=\"article:modified_time\" content=\"2023-07-30T20:05:25+00:00\" \/>\n<meta property=\"og:image\" content=\"https:\/\/appsaf.apieproject.com\/news\/wp-content\/uploads\/sites\/29\/2023\/07\/a1497c5_1690373175874-image002-073a103c87fcfc2d8e53ec42f8430fac.png\" \/>\n\t<meta property=\"og:image:width\" content=\"800\" \/>\n\t<meta property=\"og:image:height\" content=\"451\" \/>\n\t<meta property=\"og:image:type\" content=\"image\/png\" \/>\n<meta name=\"author\" content=\"staff\" \/>\n<meta name=\"twitter:card\" content=\"summary_large_image\" \/>\n<meta name=\"twitter:creator\" content=\"@apieproject\" \/>\n<meta name=\"twitter:site\" content=\"@apieproject\" \/>\n<meta name=\"twitter:label1\" content=\"\u00c9crit par\" \/>\n\t<meta name=\"twitter:data1\" content=\"staff\" \/>\n\t<meta name=\"twitter:label2\" content=\"Dur\u00e9e de lecture estim\u00e9e\" \/>\n\t<meta name=\"twitter:data2\" content=\"1 minute\" \/>\n<script type=\"application\/ld+json\" class=\"yoast-schema-graph\">{\"@context\":\"https:\/\/schema.org\",\"@graph\":[{\"@type\":\"Article\",\"@id\":\"https:\/\/appsaf.apieproject.com\/news\/fr\/2023\/07\/30\/la-maison-des-mondes-africains-rebaptisee-mansa-se-profile-a-bas-bruit-a-paris\/#article\",\"isPartOf\":{\"@id\":\"https:\/\/appsaf.apieproject.com\/news\/fr\/2023\/07\/30\/la-maison-des-mondes-africains-rebaptisee-mansa-se-profile-a-bas-bruit-a-paris\/\"},\"author\":{\"name\":\"staff\",\"@id\":\"https:\/\/appsaf.apieproject.com\/news\/#\/schema\/person\/399517cac378948cd7b39086f9ddc2a7\"},\"headline\":\"La Maison Des Mondes Africains, Rebaptis\u00e9e MansA, Se Profile \u00c0 Bas Bruit \u00c0 Paris\",\"datePublished\":\"2023-07-30T20:05:23+00:00\",\"dateModified\":\"2023-07-30T20:05:25+00:00\",\"mainEntityOfPage\":{\"@id\":\"https:\/\/appsaf.apieproject.com\/news\/fr\/2023\/07\/30\/la-maison-des-mondes-africains-rebaptisee-mansa-se-profile-a-bas-bruit-a-paris\/\"},\"wordCount\":195,\"commentCount\":0,\"publisher\":{\"@id\":\"https:\/\/appsaf.apieproject.com\/news\/#organization\"},\"image\":{\"@id\":\"https:\/\/appsaf.apieproject.com\/news\/fr\/2023\/07\/30\/la-maison-des-mondes-africains-rebaptisee-mansa-se-profile-a-bas-bruit-a-paris\/#primaryimage\"},\"thumbnailUrl\":\"https:\/\/appsaf.apieproject.com\/news\/wp-content\/uploads\/sites\/29\/2023\/07\/a1497c5_1690373175874-image002-073a103c87fcfc2d8e53ec42f8430fac.png\",\"keywords\":[\"actualites\",\"apie project\",\"culture\"],\"articleSection\":[\"Actualit\u00e9s\",\"Culture\"],\"inLanguage\":\"fr-FR\",\"potentialAction\":[{\"@type\":\"CommentAction\",\"name\":\"Comment\",\"target\":[\"https:\/\/appsaf.apieproject.com\/news\/fr\/2023\/07\/30\/la-maison-des-mondes-africains-rebaptisee-mansa-se-profile-a-bas-bruit-a-paris\/#respond\"]}]},{\"@type\":\"WebPage\",\"@id\":\"https:\/\/appsaf.apieproject.com\/news\/fr\/2023\/07\/30\/la-maison-des-mondes-africains-rebaptisee-mansa-se-profile-a-bas-bruit-a-paris\/\",\"url\":\"https:\/\/appsaf.apieproject.com\/news\/fr\/2023\/07\/30\/la-maison-des-mondes-africains-rebaptisee-mansa-se-profile-a-bas-bruit-a-paris\/\",\"name\":\"La Maison Des Mondes Africains, Rebaptis\u00e9e MansA, Se Profile \u00c0 Bas Bruit \u00c0 Paris - APIE NEWS\",\"isPartOf\":{\"@id\":\"https:\/\/appsaf.apieproject.com\/news\/#website\"},\"primaryImageOfPage\":{\"@id\":\"https:\/\/appsaf.apieproject.com\/news\/fr\/2023\/07\/30\/la-maison-des-mondes-africains-rebaptisee-mansa-se-profile-a-bas-bruit-a-paris\/#primaryimage\"},\"image\":{\"@id\":\"https:\/\/appsaf.apieproject.com\/news\/fr\/2023\/07\/30\/la-maison-des-mondes-africains-rebaptisee-mansa-se-profile-a-bas-bruit-a-paris\/#primaryimage\"},\"thumbnailUrl\":\"https:\/\/appsaf.apieproject.com\/news\/wp-content\/uploads\/sites\/29\/2023\/07\/a1497c5_1690373175874-image002-073a103c87fcfc2d8e53ec42f8430fac.png\",\"datePublished\":\"2023-07-30T20:05:23+00:00\",\"dateModified\":\"2023-07-30T20:05:25+00:00\",\"breadcrumb\":{\"@id\":\"https:\/\/appsaf.apieproject.com\/news\/fr\/2023\/07\/30\/la-maison-des-mondes-africains-rebaptisee-mansa-se-profile-a-bas-bruit-a-paris\/#breadcrumb\"},\"inLanguage\":\"fr-FR\",\"potentialAction\":[{\"@type\":\"ReadAction\",\"target\":[\"https:\/\/appsaf.apieproject.com\/news\/fr\/2023\/07\/30\/la-maison-des-mondes-africains-rebaptisee-mansa-se-profile-a-bas-bruit-a-paris\/\"]}]},{\"@type\":\"ImageObject\",\"inLanguage\":\"fr-FR\",\"@id\":\"https:\/\/appsaf.apieproject.com\/news\/fr\/2023\/07\/30\/la-maison-des-mondes-africains-rebaptisee-mansa-se-profile-a-bas-bruit-a-paris\/#primaryimage\",\"url\":\"https:\/\/appsaf.apieproject.com\/news\/wp-content\/uploads\/sites\/29\/2023\/07\/a1497c5_1690373175874-image002-073a103c87fcfc2d8e53ec42f8430fac.png\",\"contentUrl\":\"https:\/\/appsaf.apieproject.com\/news\/wp-content\/uploads\/sites\/29\/2023\/07\/a1497c5_1690373175874-image002-073a103c87fcfc2d8e53ec42f8430fac.png\",\"width\":800,\"height\":451},{\"@type\":\"BreadcrumbList\",\"@id\":\"https:\/\/appsaf.apieproject.com\/news\/fr\/2023\/07\/30\/la-maison-des-mondes-africains-rebaptisee-mansa-se-profile-a-bas-bruit-a-paris\/#breadcrumb\",\"itemListElement\":[{\"@type\":\"ListItem\",\"position\":1,\"name\":\"Home\",\"item\":\"https:\/\/appsaf.apieproject.com\/news\/fr\/home\/\"},{\"@type\":\"ListItem\",\"position\":2,\"name\":\"La Maison Des Mondes Africains, Rebaptis\u00e9e MansA, Se Profile \u00c0 Bas Bruit \u00c0 Paris\"}]},{\"@type\":\"WebSite\",\"@id\":\"https:\/\/appsaf.apieproject.com\/news\/#website\",\"url\":\"https:\/\/appsaf.apieproject.com\/news\/\",\"name\":\"APIE NEWS\",\"description\":\"PANAFRICANISM NEWS PORTAL\",\"publisher\":{\"@id\":\"https:\/\/appsaf.apieproject.com\/news\/#organization\"},\"potentialAction\":[{\"@type\":\"SearchAction\",\"target\":{\"@type\":\"EntryPoint\",\"urlTemplate\":\"https:\/\/appsaf.apieproject.com\/news\/?s={search_term_string}\"},\"query-input\":{\"@type\":\"PropertyValueSpecification\",\"valueRequired\":true,\"valueName\":\"search_term_string\"}}],\"inLanguage\":\"fr-FR\"},{\"@type\":\"Organization\",\"@id\":\"https:\/\/appsaf.apieproject.com\/news\/#organization\",\"name\":\"APIE PROJECT\",\"url\":\"https:\/\/appsaf.apieproject.com\/news\/\",\"logo\":{\"@type\":\"ImageObject\",\"inLanguage\":\"fr-FR\",\"@id\":\"https:\/\/appsaf.apieproject.com\/news\/#\/schema\/logo\/image\/\",\"url\":\"https:\/\/appsaf.apieproject.com\/news\/wp-content\/uploads\/sites\/29\/2022\/07\/logo-R-TransparentBackground.png\",\"contentUrl\":\"https:\/\/appsaf.apieproject.com\/news\/wp-content\/uploads\/sites\/29\/2022\/07\/logo-R-TransparentBackground.png\",\"width\":512,\"height\":512,\"caption\":\"APIE PROJECT\"},\"image\":{\"@id\":\"https:\/\/appsaf.apieproject.com\/news\/#\/schema\/logo\/image\/\"},\"sameAs\":[\"https:\/\/facebook.com\/apieproject\",\"https:\/\/x.com\/apieproject\"]},{\"@type\":\"Person\",\"@id\":\"https:\/\/appsaf.apieproject.com\/news\/#\/schema\/person\/399517cac378948cd7b39086f9ddc2a7\",\"name\":\"staff\",\"image\":{\"@type\":\"ImageObject\",\"inLanguage\":\"fr-FR\",\"@id\":\"https:\/\/appsaf.apieproject.com\/news\/#\/schema\/person\/image\/\",\"url\":\"https:\/\/secure.gravatar.com\/avatar\/5386283c5db150efe261184bd59f072a?s=96&d=mm&r=g\",\"contentUrl\":\"https:\/\/secure.gravatar.com\/avatar\/5386283c5db150efe261184bd59f072a?s=96&d=mm&r=g\",\"caption\":\"staff\"},\"url\":\"https:\/\/appsaf.apieproject.com\/news\/fr\/author\/staff\/\"}]}<\/script>\n<!-- \/ Yoast SEO plugin. -->","yoast_head_json":{"title":"La Maison Des Mondes Africains, Rebaptis\u00e9e MansA, Se Profile \u00c0 Bas Bruit \u00c0 Paris - APIE NEWS","robots":{"index":"index","follow":"follow","max-snippet":"max-snippet:-1","max-image-preview":"max-image-preview:large","max-video-preview":"max-video-preview:-1"},"canonical":"https:\/\/appsaf.apieproject.com\/news\/fr\/2023\/07\/30\/la-maison-des-mondes-africains-rebaptisee-mansa-se-profile-a-bas-bruit-a-paris\/","og_locale":"fr_FR","og_type":"article","og_title":"La Maison Des Mondes Africains, Rebaptis\u00e9e MansA, Se Profile \u00c0 Bas Bruit \u00c0 Paris - APIE NEWS","og_description":"Un avant-go\u00fbt de cette structure, visant \u00e0 soigner les relations entre l\u2019Afrique et la France, sera donn\u00e9 lors du forum Cr\u00e9ation Africa, en octobre, \u00e0 Paris.","og_url":"https:\/\/appsaf.apieproject.com\/news\/fr\/2023\/07\/30\/la-maison-des-mondes-africains-rebaptisee-mansa-se-profile-a-bas-bruit-a-paris\/","og_site_name":"APIE NEWS","article_publisher":"https:\/\/facebook.com\/apieproject","article_published_time":"2023-07-30T20:05:23+00:00","article_modified_time":"2023-07-30T20:05:25+00:00","og_image":[{"width":800,"height":451,"url":"https:\/\/appsaf.apieproject.com\/news\/wp-content\/uploads\/sites\/29\/2023\/07\/a1497c5_1690373175874-image002-073a103c87fcfc2d8e53ec42f8430fac.png","type":"image\/png"}],"author":"staff","twitter_card":"summary_large_image","twitter_creator":"@apieproject","twitter_site":"@apieproject","twitter_misc":{"\u00c9crit par":"staff","Dur\u00e9e de lecture estim\u00e9e":"1 minute"},"schema":{"@context":"https:\/\/schema.org","@graph":[{"@type":"Article","@id":"https:\/\/appsaf.apieproject.com\/news\/fr\/2023\/07\/30\/la-maison-des-mondes-africains-rebaptisee-mansa-se-profile-a-bas-bruit-a-paris\/#article","isPartOf":{"@id":"https:\/\/appsaf.apieproject.com\/news\/fr\/2023\/07\/30\/la-maison-des-mondes-africains-rebaptisee-mansa-se-profile-a-bas-bruit-a-paris\/"},"author":{"name":"staff","@id":"https:\/\/appsaf.apieproject.com\/news\/#\/schema\/person\/399517cac378948cd7b39086f9ddc2a7"},"headline":"La Maison Des Mondes Africains, Rebaptis\u00e9e MansA, Se Profile \u00c0 Bas Bruit \u00c0 Paris","datePublished":"2023-07-30T20:05:23+00:00","dateModified":"2023-07-30T20:05:25+00:00","mainEntityOfPage":{"@id":"https:\/\/appsaf.apieproject.com\/news\/fr\/2023\/07\/30\/la-maison-des-mondes-africains-rebaptisee-mansa-se-profile-a-bas-bruit-a-paris\/"},"wordCount":195,"commentCount":0,"publisher":{"@id":"https:\/\/appsaf.apieproject.com\/news\/#organization"},"image":{"@id":"https:\/\/appsaf.apieproject.com\/news\/fr\/2023\/07\/30\/la-maison-des-mondes-africains-rebaptisee-mansa-se-profile-a-bas-bruit-a-paris\/#primaryimage"},"thumbnailUrl":"https:\/\/appsaf.apieproject.com\/news\/wp-content\/uploads\/sites\/29\/2023\/07\/a1497c5_1690373175874-image002-073a103c87fcfc2d8e53ec42f8430fac.png","keywords":["actualites","apie project","culture"],"articleSection":["Actualit\u00e9s","Culture"],"inLanguage":"fr-FR","potentialAction":[{"@type":"CommentAction","name":"Comment","target":["https:\/\/appsaf.apieproject.com\/news\/fr\/2023\/07\/30\/la-maison-des-mondes-africains-rebaptisee-mansa-se-profile-a-bas-bruit-a-paris\/#respond"]}]},{"@type":"WebPage","@id":"https:\/\/appsaf.apieproject.com\/news\/fr\/2023\/07\/30\/la-maison-des-mondes-africains-rebaptisee-mansa-se-profile-a-bas-bruit-a-paris\/","url":"https:\/\/appsaf.apieproject.com\/news\/fr\/2023\/07\/30\/la-maison-des-mondes-africains-rebaptisee-mansa-se-profile-a-bas-bruit-a-paris\/","name":"La Maison Des Mondes Africains, Rebaptis\u00e9e MansA, Se Profile \u00c0 Bas Bruit \u00c0 Paris - APIE NEWS","isPartOf":{"@id":"https:\/\/appsaf.apieproject.com\/news\/#website"},"primaryImageOfPage":{"@id":"https:\/\/appsaf.apieproject.com\/news\/fr\/2023\/07\/30\/la-maison-des-mondes-africains-rebaptisee-mansa-se-profile-a-bas-bruit-a-paris\/#primaryimage"},"image":{"@id":"https:\/\/appsaf.apieproject.com\/news\/fr\/2023\/07\/30\/la-maison-des-mondes-africains-rebaptisee-mansa-se-profile-a-bas-bruit-a-paris\/#primaryimage"},"thumbnailUrl":"https:\/\/appsaf.apieproject.com\/news\/wp-content\/uploads\/sites\/29\/2023\/07\/a1497c5_1690373175874-image002-073a103c87fcfc2d8e53ec42f8430fac.png","datePublished":"2023-07-30T20:05:23+00:00","dateModified":"2023-07-30T20:05:25+00:00","breadcrumb":{"@id":"https:\/\/appsaf.apieproject.com\/news\/fr\/2023\/07\/30\/la-maison-des-mondes-africains-rebaptisee-mansa-se-profile-a-bas-bruit-a-paris\/#breadcrumb"},"inLanguage":"fr-FR","potentialAction":[{"@type":"ReadAction","target":["https:\/\/appsaf.apieproject.com\/news\/fr\/2023\/07\/30\/la-maison-des-mondes-africains-rebaptisee-mansa-se-profile-a-bas-bruit-a-paris\/"]}]},{"@type":"ImageObject","inLanguage":"fr-FR","@id":"https:\/\/appsaf.apieproject.com\/news\/fr\/2023\/07\/30\/la-maison-des-mondes-africains-rebaptisee-mansa-se-profile-a-bas-bruit-a-paris\/#primaryimage","url":"https:\/\/appsaf.apieproject.com\/news\/wp-content\/uploads\/sites\/29\/2023\/07\/a1497c5_1690373175874-image002-073a103c87fcfc2d8e53ec42f8430fac.png","contentUrl":"https:\/\/appsaf.apieproject.com\/news\/wp-content\/uploads\/sites\/29\/2023\/07\/a1497c5_1690373175874-image002-073a103c87fcfc2d8e53ec42f8430fac.png","width":800,"height":451},{"@type":"BreadcrumbList","@id":"https:\/\/appsaf.apieproject.com\/news\/fr\/2023\/07\/30\/la-maison-des-mondes-africains-rebaptisee-mansa-se-profile-a-bas-bruit-a-paris\/#breadcrumb","itemListElement":[{"@type":"ListItem","position":1,"name":"Home","item":"https:\/\/appsaf.apieproject.com\/news\/fr\/home\/"},{"@type":"ListItem","position":2,"name":"La Maison Des Mondes Africains, Rebaptis\u00e9e MansA, Se Profile \u00c0 Bas Bruit \u00c0 Paris"}]},{"@type":"WebSite","@id":"https:\/\/appsaf.apieproject.com\/news\/#website","url":"https:\/\/appsaf.apieproject.com\/news\/","name":"APIE NEWS","description":"PANAFRICANISM NEWS PORTAL","publisher":{"@id":"https:\/\/appsaf.apieproject.com\/news\/#organization"},"potentialAction":[{"@type":"SearchAction","target":{"@type":"EntryPoint","urlTemplate":"https:\/\/appsaf.apieproject.com\/news\/?s={search_term_string}"},"query-input":{"@type":"PropertyValueSpecification","valueRequired":true,"valueName":"search_term_string"}}],"inLanguage":"fr-FR"},{"@type":"Organization","@id":"https:\/\/appsaf.apieproject.com\/news\/#organization","name":"APIE PROJECT","url":"https:\/\/appsaf.apieproject.com\/news\/","logo":{"@type":"ImageObject","inLanguage":"fr-FR","@id":"https:\/\/appsaf.apieproject.com\/news\/#\/schema\/logo\/image\/","url":"https:\/\/appsaf.apieproject.com\/news\/wp-content\/uploads\/sites\/29\/2022\/07\/logo-R-TransparentBackground.png","contentUrl":"https:\/\/appsaf.apieproject.com\/news\/wp-content\/uploads\/sites\/29\/2022\/07\/logo-R-TransparentBackground.png","width":512,"height":512,"caption":"APIE PROJECT"},"image":{"@id":"https:\/\/appsaf.apieproject.com\/news\/#\/schema\/logo\/image\/"},"sameAs":["https:\/\/facebook.com\/apieproject","https:\/\/x.com\/apieproject"]},{"@type":"Person","@id":"https:\/\/appsaf.apieproject.com\/news\/#\/schema\/person\/399517cac378948cd7b39086f9ddc2a7","name":"staff","image":{"@type":"ImageObject","inLanguage":"fr-FR","@id":"https:\/\/appsaf.apieproject.com\/news\/#\/schema\/person\/image\/","url":"https:\/\/secure.gravatar.com\/avatar\/5386283c5db150efe261184bd59f072a?s=96&d=mm&r=g","contentUrl":"https:\/\/secure.gravatar.com\/avatar\/5386283c5db150efe261184bd59f072a?s=96&d=mm&r=g","caption":"staff"},"url":"https:\/\/appsaf.apieproject.com\/news\/fr\/author\/staff\/"}]}},"_links":{"self":[{"href":"https:\/\/appsaf.apieproject.com\/news\/fr\/wp-json\/wp\/v2\/posts\/32516","targetHints":{"allow":["GET"]}}],"collection":[{"href":"https:\/\/appsaf.apieproject.com\/news\/fr\/wp-json\/wp\/v2\/posts"}],"about":[{"href":"https:\/\/appsaf.apieproject.com\/news\/fr\/wp-json\/wp\/v2\/types\/post"}],"author":[{"embeddable":true,"href":"https:\/\/appsaf.apieproject.com\/news\/fr\/wp-json\/wp\/v2\/users\/12963"}],"replies":[{"embeddable":true,"href":"https:\/\/appsaf.apieproject.com\/news\/fr\/wp-json\/wp\/v2\/comments?post=32516"}],"version-history":[{"count":2,"href":"https:\/\/appsaf.apieproject.com\/news\/fr\/wp-json\/wp\/v2\/posts\/32516\/revisions"}],"predecessor-version":[{"id":32734,"href":"https:\/\/appsaf.apieproject.com\/news\/fr\/wp-json\/wp\/v2\/posts\/32516\/revisions\/32734"}],"wp:featuredmedia":[{"embeddable":true,"href":"https:\/\/appsaf.apieproject.com\/news\/fr\/wp-json\/wp\/v2\/media\/32513"}],"wp:attachment":[{"href":"https:\/\/appsaf.apieproject.com\/news\/fr\/wp-json\/wp\/v2\/media?parent=32516"}],"wp:term":[{"taxonomy":"category","embeddable":true,"href":"https:\/\/appsaf.apieproject.com\/news\/fr\/wp-json\/wp\/v2\/categories?post=32516"},{"taxonomy":"post_tag","embeddable":true,"href":"https:\/\/appsaf.apieproject.com\/news\/fr\/wp-json\/wp\/v2\/tags?post=32516"}],"curies":[{"name":"wp","href":"https:\/\/api.w.org\/{rel}","templated":true}]}}